{"id":1455321,"date":"2024-10-23T14:03:42","date_gmt":"2024-10-23T21:03:42","guid":{"rendered":"https:\/\/noticiasya.com\/2024\/10\/23\/arrestan-presuntos-lideres-tiguerones-ecuador-orix\/"},"modified":"2024-10-23T14:03:42","modified_gmt":"2024-10-23T21:03:42","slug":"arrestan-presuntos-lideres-tiguerones-ecuador-orix","status":"publish","type":"post","link":"https:\/\/noticiasya.com\/midland-odessa\/2024\/10\/23\/arrestan-presuntos-lideres-tiguerones-ecuador-orix\/","title":{"rendered":"Arrestan a los dos presuntos l\u00edderes de grupo criminal Los Tiguerones en operaci\u00f3n conjunta entre Ecuador y Espa\u00f1a"},"content":{"rendered":"<p>(CNN Espa\u00f1ol) &#8212; La Polic\u00eda de Ecuador inform\u00f3 este mi\u00e9rcoles que en una operaci\u00f3n conjunta con la Guardia Civil de Espa\u00f1a se logr\u00f3 la captura en ese pa\u00eds de William Alc\u00edvar, alias &#171;Comandante Willy&#187;, se\u00f1alado por las autoridades ecuatorianas como el \u201cl\u00edder\u201d de la organizaci\u00f3n criminal Los Tiguerones, catalogada como \u201cterrorista\u201d en enero por el Gobierno.<\/p>\n<p>Durante el operativo tambi\u00e9n fue capturado su hermano Alex Alc\u00edvar, alias &#171;Ronco&#187;; seg\u00fan inform\u00f3 la polic\u00eda ecuatoriana, se trata del segundo al mando de la agrupaci\u00f3n delictiva.<\/p>\n<p>&#171;Estar\u00edan implicados en la colocaci\u00f3n de coches bombas, sicariatos, extorsiones, atentado al canal de TC Televisi\u00f3n, asesinato de un fiscal ecuatoriano que investigaba sus cr\u00edmenes y otros actos terroristas&#187;, precis\u00f3 la instituci\u00f3n en su cuenta de X.<\/p>\n<p>La captura se produjo en Segur de Calafell, una localidad cercana a Barcelona, donde resid\u00edan de manera clandestina y con documentaci\u00f3n falsa, seg\u00fan dijo la Polic\u00eda de Ecuador a CNN.<\/p>\n<p>Agreg\u00f3 que los detenidos ten\u00edan \u00f3rdenes de captura internacionales por varios delitos, entre ellos terrorismo, delincuencia organizada y secuestro.<\/p>\n<p>&#171;Los aprehendidos van a ser trasladados a ser puestos a \u00f3rdenes de las autoridades judiciales espa\u00f1olas, para resolver su situaci\u00f3n jur\u00eddica&#187;, puntualiz\u00f3 la Polic\u00eda.<\/p>\n<p>La Fiscal\u00eda se\u00f1al\u00f3 a alias &#171;Comandante Willy&#187; como autor intelectual de la violenta toma del canal TC Televisi\u00f3n en enero pasado que oblig\u00f3 al Gobierno a decretar un estado de conflicto interno armado en el pa\u00eds. &#171;Willy&#187; era un exagente penitenciario que se uni\u00f3 a las filas de la agrupaci\u00f3n criminal a\u00f1os atr\u00e1s, seg\u00fan la Polic\u00eda.<\/p>\n<p>El Ministerio del Interior de Espa\u00f1a tambi\u00e9n se refiri\u00f3 a la captura indicando que se detuvo a \u201cun l\u00edder\u201d de una agrupaci\u00f3n delictiva ecuatoriana y a su hermano.<\/p>\n<p>\u201cLa investigaci\u00f3n se inici\u00f3 tras la obtenci\u00f3n de informaciones que indicar\u00edan que este l\u00edder llevar\u00eda a\u00f1os viviendo en Catalu\u00f1a, bajo el amparo que le proporcionaba el uso de documentaci\u00f3n falsa, y sustray\u00e9ndose de la acci\u00f3n de la justicia a la vez que segu\u00eda coordinando y dirigiendo la realizaci\u00f3n de actividades terroristas por parte de su organizaci\u00f3n en Ecuador\u201d, precis\u00f3 en un comunicado.<\/p>\n<p>La Polic\u00eda de Ecuador indic\u00f3 a CNN que en las pr\u00f3ximas horas se dar\u00e1n m\u00e1s detalles de esta operaci\u00f3n a trav\u00e9s de una rueda de prensa en conjunto con la Guardia Civil de Espa\u00f1a.<\/p>\n<p>The-CNN-Wire<br \/>&trade; &amp; &copy; 2024 Cable News Network, Inc., a Warner Bros. Discovery Company. All rights reserved.<\/p>\n","protected":false},"excerpt":{"rendered":"<p>(CNN Espa\u00f1ol) &#8212; La Polic\u00eda de Ecuador inform\u00f3 este mi\u00e9rcoles que en una operaci\u00f3n conjunta con la Guardia Civil de Espa\u00f1a se logr\u00f3 la captura en ese pa\u00eds de William Alc\u00edvar, alias &#171;Comandante Willy&#187;, se\u00f1alado por las autoridades ecuatorianas como el \u201cl\u00edder\u201d de la organizaci\u00f3n criminal Los Tiguerones, catalogada como \u201cterrorista\u201d en enero por el [&hellip;]<\/p>\n","protected":false},"author":0,"featured_media":0,"comment_status":"open","ping_status":"open","sticky":false,"template":"","format":"standard","meta":{"_jetpack_memberships_contains_paid_content":false,"footnotes":""},"categories":[10],"tags":[],"class_list":["post-1455321","post","type-post","status-publish","format-standard","hentry","category-noticias-nacionales","market-global"],"yoast_head":"<!-- This site is optimized with the Yoast SEO plugin v24.4 - https:\/\/yoast.com\/wordpress\/plugins\/seo\/ -->\n<title>Arrestan a los dos presuntos l\u00edderes de grupo criminal Los Tiguerones en operaci\u00f3n conjunta entre Ecuador y Espa\u00f1a - Noticias<\/title>\n<meta name=\"robots\" content=\"index, follow, max-snippet:-1, max-image-preview:large, max-video-preview:-1\" \/>\n<link rel=\"canonical\" href=\"https:\/\/noticiasya.com\/2024\/10\/23\/arrestan-presuntos-lideres-tiguerones-ecuador-orix\/\" \/>\n<meta property=\"og:locale\" content=\"es_ES\" \/>\n<meta property=\"og:type\" content=\"article\" \/>\n<meta property=\"og:title\" content=\"Arrestan a los dos presuntos l\u00edderes de grupo criminal Los Tiguerones en operaci\u00f3n conjunta entre Ecuador y Espa\u00f1a - Noticias\" \/>\n<meta property=\"og:description\" content=\"(CNN Espa\u00f1ol) &#8212; La Polic\u00eda de Ecuador inform\u00f3 este mi\u00e9rcoles que en una operaci\u00f3n conjunta con la Guardia Civil de Espa\u00f1a se logr\u00f3 la captura en ese pa\u00eds de William Alc\u00edvar, alias &#171;Comandante Willy&#187;, se\u00f1alado por las autoridades ecuatorianas como el \u201cl\u00edder\u201d de la organizaci\u00f3n criminal Los Tiguerones, catalogada como \u201cterrorista\u201d en enero por el [&hellip;]\" \/>\n<meta property=\"og:url\" content=\"https:\/\/noticiasya.com\/2024\/10\/23\/arrestan-presuntos-lideres-tiguerones-ecuador-orix\/\" \/>\n<meta property=\"og:site_name\" content=\"Noticias\" \/>\n<meta property=\"article:published_time\" content=\"2024-10-23T21:03:42+00:00\" \/>\n<meta name=\"twitter:card\" content=\"summary_large_image\" \/>\n<meta name=\"twitter:label1\" content=\"Est. reading time\" \/>\n\t<meta name=\"twitter:data1\" content=\"2 minutos\" \/>\n<script type=\"application\/ld+json\" class=\"yoast-schema-graph\">{\"@context\":\"https:\/\/schema.org\",\"@graph\":[{\"@type\":\"Article\",\"@id\":\"https:\/\/noticiasya.com\/2024\/10\/23\/arrestan-presuntos-lideres-tiguerones-ecuador-orix\/#article\",\"isPartOf\":{\"@id\":\"https:\/\/noticiasya.com\/2024\/10\/23\/arrestan-presuntos-lideres-tiguerones-ecuador-orix\/\"},\"author\":{\"name\":\"\",\"@id\":\"\"},\"headline\":\"Arrestan a los dos presuntos l\u00edderes de grupo criminal Los Tiguerones en operaci\u00f3n conjunta entre Ecuador y Espa\u00f1a\",\"datePublished\":\"2024-10-23T21:03:42+00:00\",\"mainEntityOfPage\":{\"@id\":\"https:\/\/noticiasya.com\/2024\/10\/23\/arrestan-presuntos-lideres-tiguerones-ecuador-orix\/\"},\"wordCount\":472,\"commentCount\":0,\"publisher\":{\"@id\":\"https:\/\/noticiasya.com\/#organization\"},\"articleSection\":[\"Noticias Nacionales\"],\"inLanguage\":\"es\",\"potentialAction\":[{\"@type\":\"CommentAction\",\"name\":\"Comment\",\"target\":[\"https:\/\/noticiasya.com\/2024\/10\/23\/arrestan-presuntos-lideres-tiguerones-ecuador-orix\/#respond\"]}]},{\"@type\":\"WebPage\",\"@id\":\"https:\/\/noticiasya.com\/2024\/10\/23\/arrestan-presuntos-lideres-tiguerones-ecuador-orix\/\",\"url\":\"https:\/\/noticiasya.com\/2024\/10\/23\/arrestan-presuntos-lideres-tiguerones-ecuador-orix\/\",\"name\":\"Arrestan a los dos presuntos l\u00edderes de grupo criminal Los Tiguerones en operaci\u00f3n conjunta entre Ecuador y Espa\u00f1a - Noticias\",\"isPartOf\":{\"@id\":\"https:\/\/noticiasya.com\/#website\"},\"datePublished\":\"2024-10-23T21:03:42+00:00\",\"breadcrumb\":{\"@id\":\"https:\/\/noticiasya.com\/2024\/10\/23\/arrestan-presuntos-lideres-tiguerones-ecuador-orix\/#breadcrumb\"},\"inLanguage\":\"es\",\"potentialAction\":[{\"@type\":\"ReadAction\",\"target\":[\"https:\/\/noticiasya.com\/2024\/10\/23\/arrestan-presuntos-lideres-tiguerones-ecuador-orix\/\"]}]},{\"@type\":\"BreadcrumbList\",\"@id\":\"https:\/\/noticiasya.com\/2024\/10\/23\/arrestan-presuntos-lideres-tiguerones-ecuador-orix\/#breadcrumb\",\"itemListElement\":[{\"@type\":\"ListItem\",\"position\":1,\"name\":\"Home\",\"item\":\"https:\/\/noticiasya.com\/\"},{\"@type\":\"ListItem\",\"position\":2,\"name\":\"Arrestan a los dos presuntos l\u00edderes de grupo criminal Los Tiguerones en operaci\u00f3n conjunta entre Ecuador y Espa\u00f1a\"}]},{\"@type\":\"WebSite\",\"@id\":\"https:\/\/noticiasya.com\/#website\",\"url\":\"https:\/\/noticiasya.com\/\",\"name\":\"Noticias\",\"description\":\"Lo que importa\",\"publisher\":{\"@id\":\"https:\/\/noticiasya.com\/#organization\"},\"potentialAction\":[{\"@type\":\"SearchAction\",\"target\":{\"@type\":\"EntryPoint\",\"urlTemplate\":\"https:\/\/noticiasya.com\/?s={search_term_string}\"},\"query-input\":{\"@type\":\"PropertyValueSpecification\",\"valueRequired\":true,\"valueName\":\"search_term_string\"}}],\"inLanguage\":\"es\"},{\"@type\":\"Organization\",\"@id\":\"https:\/\/noticiasya.com\/#organization\",\"name\":\"Noticias\",\"url\":\"https:\/\/noticiasya.com\/\",\"logo\":{\"@type\":\"ImageObject\",\"inLanguage\":\"es\",\"@id\":\"https:\/\/noticiasya.com\/#\/schema\/logo\/image\/\",\"url\":\"https:\/\/noticiasya.com\/wp-content\/uploads\/sites\/22\/2023\/12\/logo-nacional.png\",\"contentUrl\":\"https:\/\/noticiasya.com\/wp-content\/uploads\/sites\/22\/2023\/12\/logo-nacional.png\",\"width\":1801,\"height\":691,\"caption\":\"Noticias\"},\"image\":{\"@id\":\"https:\/\/noticiasya.com\/#\/schema\/logo\/image\/\"}}]}<\/script>\n<!-- \/ Yoast SEO plugin. -->","yoast_head_json":{"title":"Arrestan a los dos presuntos l\u00edderes de grupo criminal Los Tiguerones en operaci\u00f3n conjunta entre Ecuador y Espa\u00f1a - Noticias","robots":{"index":"index","follow":"follow","max-snippet":"max-snippet:-1","max-image-preview":"max-image-preview:large","max-video-preview":"max-video-preview:-1"},"canonical":"https:\/\/noticiasya.com\/2024\/10\/23\/arrestan-presuntos-lideres-tiguerones-ecuador-orix\/","og_locale":"es_ES","og_type":"article","og_title":"Arrestan a los dos presuntos l\u00edderes de grupo criminal Los Tiguerones en operaci\u00f3n conjunta entre Ecuador y Espa\u00f1a - Noticias","og_description":"(CNN Espa\u00f1ol) &#8212; La Polic\u00eda de Ecuador inform\u00f3 este mi\u00e9rcoles que en una operaci\u00f3n conjunta con la Guardia Civil de Espa\u00f1a se logr\u00f3 la captura en ese pa\u00eds de William Alc\u00edvar, alias &#171;Comandante Willy&#187;, se\u00f1alado por las autoridades ecuatorianas como el \u201cl\u00edder\u201d de la organizaci\u00f3n criminal Los Tiguerones, catalogada como \u201cterrorista\u201d en enero por el [&hellip;]","og_url":"https:\/\/noticiasya.com\/2024\/10\/23\/arrestan-presuntos-lideres-tiguerones-ecuador-orix\/","og_site_name":"Noticias","article_published_time":"2024-10-23T21:03:42+00:00","twitter_card":"summary_large_image","twitter_misc":{"Est. reading time":"2 minutos"},"schema":{"@context":"https:\/\/schema.org","@graph":[{"@type":"Article","@id":"https:\/\/noticiasya.com\/2024\/10\/23\/arrestan-presuntos-lideres-tiguerones-ecuador-orix\/#article","isPartOf":{"@id":"https:\/\/noticiasya.com\/2024\/10\/23\/arrestan-presuntos-lideres-tiguerones-ecuador-orix\/"},"author":{"name":"","@id":""},"headline":"Arrestan a los dos presuntos l\u00edderes de grupo criminal Los Tiguerones en operaci\u00f3n conjunta entre Ecuador y Espa\u00f1a","datePublished":"2024-10-23T21:03:42+00:00","mainEntityOfPage":{"@id":"https:\/\/noticiasya.com\/2024\/10\/23\/arrestan-presuntos-lideres-tiguerones-ecuador-orix\/"},"wordCount":472,"commentCount":0,"publisher":{"@id":"https:\/\/noticiasya.com\/#organization"},"articleSection":["Noticias Nacionales"],"inLanguage":"es","potentialAction":[{"@type":"CommentAction","name":"Comment","target":["https:\/\/noticiasya.com\/2024\/10\/23\/arrestan-presuntos-lideres-tiguerones-ecuador-orix\/#respond"]}]},{"@type":"WebPage","@id":"https:\/\/noticiasya.com\/2024\/10\/23\/arrestan-presuntos-lideres-tiguerones-ecuador-orix\/","url":"https:\/\/noticiasya.com\/2024\/10\/23\/arrestan-presuntos-lideres-tiguerones-ecuador-orix\/","name":"Arrestan a los dos presuntos l\u00edderes de grupo criminal Los Tiguerones en operaci\u00f3n conjunta entre Ecuador y Espa\u00f1a - Noticias","isPartOf":{"@id":"https:\/\/noticiasya.com\/#website"},"datePublished":"2024-10-23T21:03:42+00:00","breadcrumb":{"@id":"https:\/\/noticiasya.com\/2024\/10\/23\/arrestan-presuntos-lideres-tiguerones-ecuador-orix\/#breadcrumb"},"inLanguage":"es","potentialAction":[{"@type":"ReadAction","target":["https:\/\/noticiasya.com\/2024\/10\/23\/arrestan-presuntos-lideres-tiguerones-ecuador-orix\/"]}]},{"@type":"BreadcrumbList","@id":"https:\/\/noticiasya.com\/2024\/10\/23\/arrestan-presuntos-lideres-tiguerones-ecuador-orix\/#breadcrumb","itemListElement":[{"@type":"ListItem","position":1,"name":"Home","item":"https:\/\/noticiasya.com\/"},{"@type":"ListItem","position":2,"name":"Arrestan a los dos presuntos l\u00edderes de grupo criminal Los Tiguerones en operaci\u00f3n conjunta entre Ecuador y Espa\u00f1a"}]},{"@type":"WebSite","@id":"https:\/\/noticiasya.com\/#website","url":"https:\/\/noticiasya.com\/","name":"Noticias","description":"Lo que importa","publisher":{"@id":"https:\/\/noticiasya.com\/#organization"},"potentialAction":[{"@type":"SearchAction","target":{"@type":"EntryPoint","urlTemplate":"https:\/\/noticiasya.com\/?s={search_term_string}"},"query-input":{"@type":"PropertyValueSpecification","valueRequired":true,"valueName":"search_term_string"}}],"inLanguage":"es"},{"@type":"Organization","@id":"https:\/\/noticiasya.com\/#organization","name":"Noticias","url":"https:\/\/noticiasya.com\/","logo":{"@type":"ImageObject","inLanguage":"es","@id":"https:\/\/noticiasya.com\/#\/schema\/logo\/image\/","url":"https:\/\/noticiasya.com\/wp-content\/uploads\/sites\/22\/2023\/12\/logo-nacional.png","contentUrl":"https:\/\/noticiasya.com\/wp-content\/uploads\/sites\/22\/2023\/12\/logo-nacional.png","width":1801,"height":691,"caption":"Noticias"},"image":{"@id":"https:\/\/noticiasya.com\/#\/schema\/logo\/image\/"}}]}},"parsely":{"version":"1.1.0","canonical_url":"https:\/\/noticiasya.com\/midland-odessa\/2024\/10\/23\/arrestan-presuntos-lideres-tiguerones-ecuador-orix\/","smart_links":{"inbound":0,"outbound":0},"traffic_boost_suggestions_count":0,"meta":{"@context":"https:\/\/schema.org","@type":"NewsArticle","headline":"Arrestan a los dos presuntos l\u00edderes de grupo criminal Los Tiguerones en operaci\u00f3n conjunta entre Ecuador y Espa\u00f1a","url":"http:\/\/noticiasya.com\/midland-odessa\/2024\/10\/23\/arrestan-presuntos-lideres-tiguerones-ecuador-orix\/","mainEntityOfPage":{"@type":"WebPage","@id":"http:\/\/noticiasya.com\/midland-odessa\/2024\/10\/23\/arrestan-presuntos-lideres-tiguerones-ecuador-orix\/"},"thumbnailUrl":"","image":{"@type":"ImageObject","url":""},"articleSection":"Noticias Nacionales","author":[],"creator":[],"publisher":{"@type":"Organization","name":"Noticias","logo":""},"keywords":[],"dateCreated":"2024-10-23T21:03:42Z","datePublished":"2024-10-23T21:03:42Z","dateModified":"2024-10-23T21:03:42Z"},"rendered":"<script type=\"application\/ld+json\" class=\"wp-parsely-metadata\">{\"@context\":\"https:\\\/\\\/schema.org\",\"@type\":\"NewsArticle\",\"headline\":\"Arrestan a los dos presuntos l\\u00edderes de grupo criminal Los Tiguerones en operaci\\u00f3n conjunta entre Ecuador y Espa\\u00f1a\",\"url\":\"http:\\\/\\\/noticiasya.com\\\/midland-odessa\\\/2024\\\/10\\\/23\\\/arrestan-presuntos-lideres-tiguerones-ecuador-orix\\\/\",\"mainEntityOfPage\":{\"@type\":\"WebPage\",\"@id\":\"http:\\\/\\\/noticiasya.com\\\/midland-odessa\\\/2024\\\/10\\\/23\\\/arrestan-presuntos-lideres-tiguerones-ecuador-orix\\\/\"},\"thumbnailUrl\":\"\",\"image\":{\"@type\":\"ImageObject\",\"url\":\"\"},\"articleSection\":\"Noticias Nacionales\",\"author\":[],\"creator\":[],\"publisher\":{\"@type\":\"Organization\",\"name\":\"Noticias\",\"logo\":\"\"},\"keywords\":[],\"dateCreated\":\"2024-10-23T21:03:42Z\",\"datePublished\":\"2024-10-23T21:03:42Z\",\"dateModified\":\"2024-10-23T21:03:42Z\"}<\/script>","tracker_url":"https:\/\/cdn.parsely.com\/keys\/noticiasya.com\/p.js"},"jetpack_featured_media_url":"","jetpack-related-posts":[{"id":1472472,"url":"https:\/\/noticiasya.com\/midland-odessa\/2026\/03\/23\/ecuador-espana-entrega-lider-tiguerones-alcivar-efe\/","url_meta":{"origin":1455321,"position":0},"title":"Ecuador exhorta a Espa\u00f1a a facilitar entrega del presunto l\u00edder de Los Tiguerones","author":"","date":"marzo 23, 2026","format":false,"excerpt":"El ministro del Interior de Ecuador, John Reimberg, exhort\u00f3 este lunes a Espa\u00f1a a entregar a William Alc\u00edvar (alias \u2018Willy\u2019 o \u2018Negro Willy\u2019), presunto m\u00e1ximo l\u00edder de la banda criminal ecuatoriana Los Tiguerones, tras haber sido liberado en diciembre por la Justicia espa\u00f1ola al considerar que Ecuador no hab\u00eda ofrecido\u2026","rel":"","context":"In &quot;Noticias Nacionales&quot;","block_context":{"text":"Noticias Nacionales","link":"https:\/\/noticiasya.com\/midland-odessa\/categoria\/noticias-nacionales"},"img":{"alt_text":"","src":"","width":0,"height":0},"classes":[]},{"id":1468394,"url":"https:\/\/noticiasya.com\/midland-odessa\/2025\/11\/16\/detienen-espana-pipo-lider-organizacion-criminal-los-lobos-ecuador-orix\/","url_meta":{"origin":1455321,"position":1},"title":"Detienen en Espa\u00f1a a &#171;Pipo&#187;, l\u00edder de la organizaci\u00f3n criminal Los Lobos de Ecuador","author":"","date":"noviembre 16, 2025","format":false,"excerpt":"Wilmer Chavarr\u00eda, alias \u201cPipo\u201d, supuesto l\u00edder de Los Lobos, la banda criminal m\u00e1s grande y poderosa de Ecuador, fue detenido este domingo, seg\u00fan inform\u00f3 el presidente Daniel Noboa. El anuncio ocurre el mismo d\u00eda en que los ecuatorianos votan en un refer\u00e9ndum que incluye medidas que el Gobierno considera clave\u2026","rel":"","context":"In &quot;Noticias Nacionales&quot;","block_context":{"text":"Noticias Nacionales","link":"https:\/\/noticiasya.com\/midland-odessa\/categoria\/noticias-nacionales"},"img":{"alt_text":"","src":"","width":0,"height":0},"classes":[]},{"id":1460668,"url":"https:\/\/noticiasya.com\/midland-odessa\/2025\/03\/31\/policia-ecuador-detiene-sospechosos-crimen-cuatro-menores-calcinados-guayas-orix\/","url_meta":{"origin":1455321,"position":2},"title":"La Polic\u00eda de Ecuador detiene a otros dos sospechosos en el crimen de cuatro menores que quedaron calcinados en Guayas","author":"","date":"marzo 31, 2025","format":false,"excerpt":"La Polic\u00eda de Ecuador inform\u00f3 este lunes que detuvo a Bryan Vicente A., alias \u201cMomo\u201d, y a Jonathan Jos\u00e9 T., alias \u201cTaure\u00f1o\u201d, a quienes considera \u201cposibles sospechosos\u201d del homicidio de los cuatro menores de entre 11 y 15 a\u00f1os reportados desaparecidos en diciembre pasado y hallados posteriormente calcinados en el\u2026","rel":"","context":"In &quot;Noticias Nacionales&quot;","block_context":{"text":"Noticias Nacionales","link":"https:\/\/noticiasya.com\/midland-odessa\/categoria\/noticias-nacionales"},"img":{"alt_text":"","src":"","width":0,"height":0},"classes":[]},{"id":1472338,"url":"https:\/\/noticiasya.com\/midland-odessa\/2026\/03\/19\/colombia-mexico-captura-alias-lobo-menor-asesinato-fernando-villavicencio-ecuador-orix\/","url_meta":{"origin":1455321,"position":3},"title":"C\u00f3mo M\u00e9xico y Colombia detuvieron a un pr\u00f3fugo por el crimen de Fernando Villavicencio, excandidato presidencial de Ecuador","author":"","date":"marzo 19, 2026","format":false,"excerpt":"Una operaci\u00f3n de seguridad conjunta entre M\u00e9xico y Colombia logr\u00f3 la captura en Ciudad de M\u00e9xico de \u00c1ngel Esteban Aguilar Morales, alias \u201cLobo Menor\u201d, procesado como uno de los presuntos autores intelectuales en el caso del asesinato del excandidato presidencial de Ecuador, Fernando Villavicencio, seg\u00fan se\u00f1alaron este mi\u00e9rcoles los gobiernos\u2026","rel":"","context":"In &quot;Noticias Nacionales&quot;","block_context":{"text":"Noticias Nacionales","link":"https:\/\/noticiasya.com\/midland-odessa\/categoria\/noticias-nacionales"},"img":{"alt_text":"","src":"","width":0,"height":0},"classes":[]},{"id":1443321,"url":"https:\/\/noticiasya.com\/midland-odessa\/2024\/01\/07\/operacion-en-ecuador-y-colombia-desarticulo-una-organizacion-vinculada-al-narcotrafico-en-ambos-paises\/","url_meta":{"origin":1455321,"position":4},"title":"Operaci\u00f3n en Ecuador y Colombia desarticul\u00f3 una organizaci\u00f3n vinculada al narcotr\u00e1fico en ambos pa\u00edses","author":"","date":"enero 7, 2024","format":false,"excerpt":"(CNN Espa\u00f1ol) -- Ecuador y Colombia afirman haber desarticulado una banda trasnacional dedicada al tr\u00e1fico internacional de drogas que operaba en la costa ecuatoriana, en las provincias de Esmeraldas y Manab\u00ed, anunciaron altos mandos militares de ambos pa\u00edses en una rueda de prensa conjunta.En total, en el operativo fueron detenidos\u2026","rel":"","context":"In &quot;Noticias Nacionales&quot;","block_context":{"text":"Noticias Nacionales","link":"https:\/\/noticiasya.com\/midland-odessa\/categoria\/noticias-nacionales"},"img":{"alt_text":"","src":"","width":0,"height":0},"classes":[]},{"id":1466822,"url":"https:\/\/noticiasya.com\/midland-odessa\/2025\/09\/25\/muertos-enfrentamiento-carcel-ecuador-orix\/","url_meta":{"origin":1455321,"position":5},"title":"Al menos 17 muertos tras enfrentamiento en una c\u00e1rcel de Ecuador","author":"","date":"septiembre 25, 2025","format":false,"excerpt":"Un enfrentamiento entre bandas rivales en la c\u00e1rcel de la ciudad costera de Esmeraldas en Ecuador dej\u00f3 al menos 17 muertos, seg\u00fan inform\u00f3 la Polic\u00eda Nacional a trav\u00e9s de un comunicado compartido a la prensa.\u201cLa situaci\u00f3n se da por una orden externa del grupo de delincuencia organizada Tiguerones para que\u2026","rel":"","context":"In &quot;Noticias Nacionales&quot;","block_context":{"text":"Noticias Nacionales","link":"https:\/\/noticiasya.com\/midland-odessa\/categoria\/noticias-nacionales"},"img":{"alt_text":"","src":"","width":0,"height":0},"classes":[]}],"jetpack_sharing_enabled":true,"_links":{"self":[{"href":"https:\/\/noticiasya.com\/midland-odessa\/wp-json\/wp\/v2\/posts\/1455321","targetHints":{"allow":["GET"]}}],"collection":[{"href":"https:\/\/noticiasya.com\/midland-odessa\/wp-json\/wp\/v2\/posts"}],"about":[{"href":"https:\/\/noticiasya.com\/midland-odessa\/wp-json\/wp\/v2\/types\/post"}],"replies":[{"embeddable":true,"href":"https:\/\/noticiasya.com\/midland-odessa\/wp-json\/wp\/v2\/comments?post=1455321"}],"version-history":[{"count":0,"href":"https:\/\/noticiasya.com\/midland-odessa\/wp-json\/wp\/v2\/posts\/1455321\/revisions"}],"wp:attachment":[{"href":"https:\/\/noticiasya.com\/midland-odessa\/wp-json\/wp\/v2\/media?parent=1455321"}],"wp:term":[{"taxonomy":"category","embeddable":true,"href":"https:\/\/noticiasya.com\/midland-odessa\/wp-json\/wp\/v2\/categories?post=1455321"},{"taxonomy":"post_tag","embeddable":true,"href":"https:\/\/noticiasya.com\/midland-odessa\/wp-json\/wp\/v2\/tags?post=1455321"}],"curies":[{"name":"wp","href":"https:\/\/api.w.org\/{rel}","templated":true}]}}