{"id":1455323,"date":"2024-10-23T17:03:58","date_gmt":"2024-10-24T00:03:58","guid":{"rendered":"https:\/\/noticiasya.com\/2024\/10\/23\/trump-vanessa-guillen-enterrar-mexicano-trax\/"},"modified":"2024-10-23T17:03:58","modified_gmt":"2024-10-24T00:03:58","slug":"trump-vanessa-guillen-enterrar-mexicano-trax","status":"publish","type":"post","link":"https:\/\/noticiasya.com\/midland-odessa\/2024\/10\/23\/trump-vanessa-guillen-enterrar-mexicano-trax\/","title":{"rendered":"Trump sobre la soldado Vanessa Guillen: &#171;\u00a1No cuesta US$ 60.000 enterrar a un j**ida mexicana!&#187;"},"content":{"rendered":"<p>(CNN) &#8212;\u00a0Un art\u00edculo de The Atlantic publicado esta semana, en donde se citan afirmaciones del general retirado de los Marines John Kelly, ex secretario general de la Casa Blanca, ha causado un revuelo cuando faltan menos de dos semanas para el d\u00eda de las elecciones en EE.UU.<\/p>\n<p>Kelly dijo que el expresidente encaja &#171;en la definici\u00f3n general de fascista&#187; y que quer\u00eda el &#171;tipo de generales que ten\u00eda Hitler&#187;, aunque tambi\u00e9n cont\u00f3 la reacci\u00f3n de Trump ante la muerte la soldado Vanessa Guillen, lo que pas\u00f3 bastante m\u00e1s desapercibido.<\/p>\n<p>Aparentemente, y siempre de acuerdo con el mismo reporte, Trump se enfureci\u00f3 cuando le dijeron cu\u00e1nto costaba el funeral de un militar ca\u00eddo despu\u00e9s de que \u00e9l se hubiera ofrecido voluntario para pagarlo.<\/p>\n<p>El ex secretario general de Trump dice que encaja en la definici\u00f3n de &#171;fascista&#187; y prefiere el &#171;enfoque dictador&#187;<\/p>\n<p>The Atlantic dijo que Trump dijo a la familia de la soldado Vanessa Guillen, de Fort Hood, quien muri\u00f3 apaleada con un martillo en la sala de armas donde trabajaba, que pagar\u00eda los gastos del funeral, pero que nunca lo hizo.<\/p>\n<p>Cuando recibi\u00f3 la factura de US$ 60.000, seg\u00fan inform\u00f3 The Atlantic \u2014citando a dos personas presentes en la reuni\u00f3n y las notas de alguien que asisti\u00f3 a la misma\u2014, Trump dijo: &#171;\u00a1No cuesta US$ 60.000 enterrar a una j**ida mexicana!&#187;.<\/p>\n<p>Trump se lo habr\u00eda dicho a su entonces secretario general, Mark Meadows, y le orden\u00f3 que no pagara la factura del funeral. M\u00e1s tarde ese mismo d\u00eda, Trump habr\u00eda dicho: &#171;Maldita gente, tratando de estafarme&#187;.<\/p>\n<p>&#171;El presidente Donald Trump nunca dijo eso. Esta es una mentira escandalosa del Atl\u00e1ntico dos semanas antes de las elecciones&#187;, dijo Pfeiffer.<\/p>\n<p>Adem\u00e1s de los comentarios fascistas y racistas sobre los mexicanos, Kelly \u2014que fue secretario general de Trump entre 2017 y 2019\u2014 dijo a The New York Times que el expresidente &#171;ciertamente prefiere el enfoque dictatorial del gobierno&#187;.<\/p>\n<p>Tambi\u00e9n confirm\u00f3 a The Atlantic que Trump hab\u00eda dicho que le gustar\u00eda que su personal militar le mostrara la misma deferencia que los generales nazis de Adolf Hitler mostraron al dictador alem\u00e1n durante la Segunda Guerra Mundial, y relat\u00f3 el momento.<\/p>\n<p>\u201d\u2019\u00bfTe refieres a los generales de Bismarck?\u201d. Kelly cont\u00f3 a The Atlantic que le hab\u00eda preguntado a Trump. Y a\u00f1adi\u00f3: \u201cQuiero decir, yo sab\u00eda que \u00e9l no sab\u00eda qui\u00e9n era Bismarck, o sobre la Guerra Franco-Prusiana. Le dije: \u2018\u00bfTe refieres a los generales del Kaiser? Seguro que no te refieres a los generales de Hitler\u2019. Y \u00e9l respondi\u00f3: \u2018S\u00ed, s\u00ed, los generales de Hitler\u2019. Le expliqu\u00e9 que Rommel tuvo que suicidarse tras participar en un complot contra Hitler\u201d.<\/p>\n<p>Este art\u00edculo cont\u00f3 con informaci\u00f3n de Eric Bradner y\u00a0Kate Sullivan de CNN.<\/p>\n<p>The-CNN-Wire<br \/>&trade; &amp; &copy; 2024 Cable News Network, Inc., a Warner Bros. Discovery Company. All rights reserved.<\/p>\n","protected":false},"excerpt":{"rendered":"<p>(CNN) &#8212;\u00a0Un art\u00edculo de The Atlantic publicado esta semana, en donde se citan afirmaciones del general retirado de los Marines John Kelly, ex secretario general de la Casa Blanca, ha causado un revuelo cuando faltan menos de dos semanas para el d\u00eda de las elecciones en EE.UU. Kelly dijo que el expresidente encaja &#171;en la [&hellip;]<\/p>\n","protected":false},"author":0,"featured_media":0,"comment_status":"open","ping_status":"open","sticky":false,"template":"","format":"standard","meta":{"_jetpack_memberships_contains_paid_content":false,"footnotes":""},"categories":[10],"tags":[],"class_list":["post-1455323","post","type-post","status-publish","format-standard","hentry","category-noticias-nacionales","market-global"],"yoast_head":"<!-- This site is optimized with the Yoast SEO plugin v24.4 - https:\/\/yoast.com\/wordpress\/plugins\/seo\/ -->\n<title>Trump sobre la soldado Vanessa Guillen: &quot;\u00a1No cuesta US$ 60.000 enterrar a un j**ida mexicana!&quot; - Noticias<\/title>\n<meta name=\"robots\" content=\"index, follow, max-snippet:-1, max-image-preview:large, max-video-preview:-1\" \/>\n<link rel=\"canonical\" href=\"https:\/\/noticiasya.com\/2024\/10\/23\/trump-vanessa-guillen-enterrar-mexicano-trax\/\" \/>\n<meta property=\"og:locale\" content=\"es_ES\" \/>\n<meta property=\"og:type\" content=\"article\" \/>\n<meta property=\"og:title\" content=\"Trump sobre la soldado Vanessa Guillen: &quot;\u00a1No cuesta US$ 60.000 enterrar a un j**ida mexicana!&quot; - Noticias\" \/>\n<meta property=\"og:description\" content=\"(CNN) &#8212;\u00a0Un art\u00edculo de The Atlantic publicado esta semana, en donde se citan afirmaciones del general retirado de los Marines John Kelly, ex secretario general de la Casa Blanca, ha causado un revuelo cuando faltan menos de dos semanas para el d\u00eda de las elecciones en EE.UU. Kelly dijo que el expresidente encaja &#171;en la [&hellip;]\" \/>\n<meta property=\"og:url\" content=\"https:\/\/noticiasya.com\/2024\/10\/23\/trump-vanessa-guillen-enterrar-mexicano-trax\/\" \/>\n<meta property=\"og:site_name\" content=\"Noticias\" \/>\n<meta property=\"article:published_time\" content=\"2024-10-24T00:03:58+00:00\" \/>\n<meta name=\"twitter:card\" content=\"summary_large_image\" \/>\n<meta name=\"twitter:label1\" content=\"Est. reading time\" \/>\n\t<meta name=\"twitter:data1\" content=\"2 minutos\" \/>\n<script type=\"application\/ld+json\" class=\"yoast-schema-graph\">{\"@context\":\"https:\/\/schema.org\",\"@graph\":[{\"@type\":\"Article\",\"@id\":\"https:\/\/noticiasya.com\/2024\/10\/23\/trump-vanessa-guillen-enterrar-mexicano-trax\/#article\",\"isPartOf\":{\"@id\":\"https:\/\/noticiasya.com\/2024\/10\/23\/trump-vanessa-guillen-enterrar-mexicano-trax\/\"},\"author\":{\"name\":\"\",\"@id\":\"\"},\"headline\":\"Trump sobre la soldado Vanessa Guillen: &#171;\u00a1No cuesta US$ 60.000 enterrar a un j**ida mexicana!&#187;\",\"datePublished\":\"2024-10-24T00:03:58+00:00\",\"mainEntityOfPage\":{\"@id\":\"https:\/\/noticiasya.com\/2024\/10\/23\/trump-vanessa-guillen-enterrar-mexicano-trax\/\"},\"wordCount\":510,\"commentCount\":0,\"publisher\":{\"@id\":\"https:\/\/noticiasya.com\/#organization\"},\"articleSection\":[\"Noticias Nacionales\"],\"inLanguage\":\"es\",\"potentialAction\":[{\"@type\":\"CommentAction\",\"name\":\"Comment\",\"target\":[\"https:\/\/noticiasya.com\/2024\/10\/23\/trump-vanessa-guillen-enterrar-mexicano-trax\/#respond\"]}]},{\"@type\":\"WebPage\",\"@id\":\"https:\/\/noticiasya.com\/2024\/10\/23\/trump-vanessa-guillen-enterrar-mexicano-trax\/\",\"url\":\"https:\/\/noticiasya.com\/2024\/10\/23\/trump-vanessa-guillen-enterrar-mexicano-trax\/\",\"name\":\"Trump sobre la soldado Vanessa Guillen: \\\"\u00a1No cuesta US$ 60.000 enterrar a un j**ida mexicana!\\\" - Noticias\",\"isPartOf\":{\"@id\":\"https:\/\/noticiasya.com\/#website\"},\"datePublished\":\"2024-10-24T00:03:58+00:00\",\"breadcrumb\":{\"@id\":\"https:\/\/noticiasya.com\/2024\/10\/23\/trump-vanessa-guillen-enterrar-mexicano-trax\/#breadcrumb\"},\"inLanguage\":\"es\",\"potentialAction\":[{\"@type\":\"ReadAction\",\"target\":[\"https:\/\/noticiasya.com\/2024\/10\/23\/trump-vanessa-guillen-enterrar-mexicano-trax\/\"]}]},{\"@type\":\"BreadcrumbList\",\"@id\":\"https:\/\/noticiasya.com\/2024\/10\/23\/trump-vanessa-guillen-enterrar-mexicano-trax\/#breadcrumb\",\"itemListElement\":[{\"@type\":\"ListItem\",\"position\":1,\"name\":\"Home\",\"item\":\"https:\/\/noticiasya.com\/\"},{\"@type\":\"ListItem\",\"position\":2,\"name\":\"Trump sobre la soldado Vanessa Guillen: &#171;\u00a1No cuesta US$ 60.000 enterrar a un j**ida mexicana!&#187;\"}]},{\"@type\":\"WebSite\",\"@id\":\"https:\/\/noticiasya.com\/#website\",\"url\":\"https:\/\/noticiasya.com\/\",\"name\":\"Noticias\",\"description\":\"Lo que importa\",\"publisher\":{\"@id\":\"https:\/\/noticiasya.com\/#organization\"},\"potentialAction\":[{\"@type\":\"SearchAction\",\"target\":{\"@type\":\"EntryPoint\",\"urlTemplate\":\"https:\/\/noticiasya.com\/?s={search_term_string}\"},\"query-input\":{\"@type\":\"PropertyValueSpecification\",\"valueRequired\":true,\"valueName\":\"search_term_string\"}}],\"inLanguage\":\"es\"},{\"@type\":\"Organization\",\"@id\":\"https:\/\/noticiasya.com\/#organization\",\"name\":\"Noticias\",\"url\":\"https:\/\/noticiasya.com\/\",\"logo\":{\"@type\":\"ImageObject\",\"inLanguage\":\"es\",\"@id\":\"https:\/\/noticiasya.com\/#\/schema\/logo\/image\/\",\"url\":\"https:\/\/noticiasya.com\/wp-content\/uploads\/sites\/22\/2023\/12\/logo-nacional.png\",\"contentUrl\":\"https:\/\/noticiasya.com\/wp-content\/uploads\/sites\/22\/2023\/12\/logo-nacional.png\",\"width\":1801,\"height\":691,\"caption\":\"Noticias\"},\"image\":{\"@id\":\"https:\/\/noticiasya.com\/#\/schema\/logo\/image\/\"}}]}<\/script>\n<!-- \/ Yoast SEO plugin. -->","yoast_head_json":{"title":"Trump sobre la soldado Vanessa Guillen: \"\u00a1No cuesta US$ 60.000 enterrar a un j**ida mexicana!\" - Noticias","robots":{"index":"index","follow":"follow","max-snippet":"max-snippet:-1","max-image-preview":"max-image-preview:large","max-video-preview":"max-video-preview:-1"},"canonical":"https:\/\/noticiasya.com\/2024\/10\/23\/trump-vanessa-guillen-enterrar-mexicano-trax\/","og_locale":"es_ES","og_type":"article","og_title":"Trump sobre la soldado Vanessa Guillen: \"\u00a1No cuesta US$ 60.000 enterrar a un j**ida mexicana!\" - Noticias","og_description":"(CNN) &#8212;\u00a0Un art\u00edculo de The Atlantic publicado esta semana, en donde se citan afirmaciones del general retirado de los Marines John Kelly, ex secretario general de la Casa Blanca, ha causado un revuelo cuando faltan menos de dos semanas para el d\u00eda de las elecciones en EE.UU. Kelly dijo que el expresidente encaja &#171;en la [&hellip;]","og_url":"https:\/\/noticiasya.com\/2024\/10\/23\/trump-vanessa-guillen-enterrar-mexicano-trax\/","og_site_name":"Noticias","article_published_time":"2024-10-24T00:03:58+00:00","twitter_card":"summary_large_image","twitter_misc":{"Est. reading time":"2 minutos"},"schema":{"@context":"https:\/\/schema.org","@graph":[{"@type":"Article","@id":"https:\/\/noticiasya.com\/2024\/10\/23\/trump-vanessa-guillen-enterrar-mexicano-trax\/#article","isPartOf":{"@id":"https:\/\/noticiasya.com\/2024\/10\/23\/trump-vanessa-guillen-enterrar-mexicano-trax\/"},"author":{"name":"","@id":""},"headline":"Trump sobre la soldado Vanessa Guillen: &#171;\u00a1No cuesta US$ 60.000 enterrar a un j**ida mexicana!&#187;","datePublished":"2024-10-24T00:03:58+00:00","mainEntityOfPage":{"@id":"https:\/\/noticiasya.com\/2024\/10\/23\/trump-vanessa-guillen-enterrar-mexicano-trax\/"},"wordCount":510,"commentCount":0,"publisher":{"@id":"https:\/\/noticiasya.com\/#organization"},"articleSection":["Noticias Nacionales"],"inLanguage":"es","potentialAction":[{"@type":"CommentAction","name":"Comment","target":["https:\/\/noticiasya.com\/2024\/10\/23\/trump-vanessa-guillen-enterrar-mexicano-trax\/#respond"]}]},{"@type":"WebPage","@id":"https:\/\/noticiasya.com\/2024\/10\/23\/trump-vanessa-guillen-enterrar-mexicano-trax\/","url":"https:\/\/noticiasya.com\/2024\/10\/23\/trump-vanessa-guillen-enterrar-mexicano-trax\/","name":"Trump sobre la soldado Vanessa Guillen: \"\u00a1No cuesta US$ 60.000 enterrar a un j**ida mexicana!\" - Noticias","isPartOf":{"@id":"https:\/\/noticiasya.com\/#website"},"datePublished":"2024-10-24T00:03:58+00:00","breadcrumb":{"@id":"https:\/\/noticiasya.com\/2024\/10\/23\/trump-vanessa-guillen-enterrar-mexicano-trax\/#breadcrumb"},"inLanguage":"es","potentialAction":[{"@type":"ReadAction","target":["https:\/\/noticiasya.com\/2024\/10\/23\/trump-vanessa-guillen-enterrar-mexicano-trax\/"]}]},{"@type":"BreadcrumbList","@id":"https:\/\/noticiasya.com\/2024\/10\/23\/trump-vanessa-guillen-enterrar-mexicano-trax\/#breadcrumb","itemListElement":[{"@type":"ListItem","position":1,"name":"Home","item":"https:\/\/noticiasya.com\/"},{"@type":"ListItem","position":2,"name":"Trump sobre la soldado Vanessa Guillen: &#171;\u00a1No cuesta US$ 60.000 enterrar a un j**ida mexicana!&#187;"}]},{"@type":"WebSite","@id":"https:\/\/noticiasya.com\/#website","url":"https:\/\/noticiasya.com\/","name":"Noticias","description":"Lo que importa","publisher":{"@id":"https:\/\/noticiasya.com\/#organization"},"potentialAction":[{"@type":"SearchAction","target":{"@type":"EntryPoint","urlTemplate":"https:\/\/noticiasya.com\/?s={search_term_string}"},"query-input":{"@type":"PropertyValueSpecification","valueRequired":true,"valueName":"search_term_string"}}],"inLanguage":"es"},{"@type":"Organization","@id":"https:\/\/noticiasya.com\/#organization","name":"Noticias","url":"https:\/\/noticiasya.com\/","logo":{"@type":"ImageObject","inLanguage":"es","@id":"https:\/\/noticiasya.com\/#\/schema\/logo\/image\/","url":"https:\/\/noticiasya.com\/wp-content\/uploads\/sites\/22\/2023\/12\/logo-nacional.png","contentUrl":"https:\/\/noticiasya.com\/wp-content\/uploads\/sites\/22\/2023\/12\/logo-nacional.png","width":1801,"height":691,"caption":"Noticias"},"image":{"@id":"https:\/\/noticiasya.com\/#\/schema\/logo\/image\/"}}]}},"parsely":{"version":"1.1.0","canonical_url":"https:\/\/noticiasya.com\/midland-odessa\/2024\/10\/23\/trump-vanessa-guillen-enterrar-mexicano-trax\/","smart_links":{"inbound":0,"outbound":0},"traffic_boost_suggestions_count":0,"meta":{"@context":"https:\/\/schema.org","@type":"NewsArticle","headline":"Trump sobre la soldado Vanessa Guillen: &#171;\u00a1No cuesta US$ 60.000 enterrar a un j**ida mexicana!&#187;","url":"http:\/\/noticiasya.com\/midland-odessa\/2024\/10\/23\/trump-vanessa-guillen-enterrar-mexicano-trax\/","mainEntityOfPage":{"@type":"WebPage","@id":"http:\/\/noticiasya.com\/midland-odessa\/2024\/10\/23\/trump-vanessa-guillen-enterrar-mexicano-trax\/"},"thumbnailUrl":"","image":{"@type":"ImageObject","url":""},"articleSection":"Noticias Nacionales","author":[],"creator":[],"publisher":{"@type":"Organization","name":"Noticias","logo":""},"keywords":[],"dateCreated":"2024-10-24T00:03:58Z","datePublished":"2024-10-24T00:03:58Z","dateModified":"2024-10-24T00:03:58Z"},"rendered":"<script type=\"application\/ld+json\" class=\"wp-parsely-metadata\">{\"@context\":\"https:\\\/\\\/schema.org\",\"@type\":\"NewsArticle\",\"headline\":\"Trump sobre la soldado Vanessa Guillen: &#171;\\u00a1No cuesta US$ 60.000 enterrar a un j**ida mexicana!&#187;\",\"url\":\"http:\\\/\\\/noticiasya.com\\\/midland-odessa\\\/2024\\\/10\\\/23\\\/trump-vanessa-guillen-enterrar-mexicano-trax\\\/\",\"mainEntityOfPage\":{\"@type\":\"WebPage\",\"@id\":\"http:\\\/\\\/noticiasya.com\\\/midland-odessa\\\/2024\\\/10\\\/23\\\/trump-vanessa-guillen-enterrar-mexicano-trax\\\/\"},\"thumbnailUrl\":\"\",\"image\":{\"@type\":\"ImageObject\",\"url\":\"\"},\"articleSection\":\"Noticias Nacionales\",\"author\":[],\"creator\":[],\"publisher\":{\"@type\":\"Organization\",\"name\":\"Noticias\",\"logo\":\"\"},\"keywords\":[],\"dateCreated\":\"2024-10-24T00:03:58Z\",\"datePublished\":\"2024-10-24T00:03:58Z\",\"dateModified\":\"2024-10-24T00:03:58Z\"}<\/script>","tracker_url":"https:\/\/cdn.parsely.com\/keys\/noticiasya.com\/p.js"},"jetpack_featured_media_url":"","jetpack-related-posts":[{"id":1455305,"url":"https:\/\/noticiasya.com\/midland-odessa\/2024\/10\/22\/trump-fascista-john-kelly-trax\/","url_meta":{"origin":1455323,"position":0},"title":"El exjefe de gabinete de Trump dice que encaja en la definici\u00f3n de &#171;fascista&#187; y prefiere el &#171;enfoque dictador&#187;","author":"","date":"octubre 22, 2024","format":false,"excerpt":"(CNN) -- John Kelly, el general retirado de los Marines que fue jefe de gabinete de Donald Trump en la Casa Blanca, entr\u00f3 en la contienda de 2024 de manera sorprendente, diciendo que el expresidente encaja \"en la definici\u00f3n general de fascista\" y que quer\u00eda el \"tipo de generales que\u2026","rel":"","context":"In &quot;Noticias Nacionales&quot;","block_context":{"text":"Noticias Nacionales","link":"https:\/\/noticiasya.com\/midland-odessa\/categoria\/noticias-nacionales"},"img":{"alt_text":"","src":"","width":0,"height":0},"classes":[]},{"id":1460724,"url":"https:\/\/noticiasya.com\/midland-odessa\/2025\/04\/01\/eeuu-cancela-visa-expresidente-costa-rica-oscar-arias-orix\/","url_meta":{"origin":1455323,"position":1},"title":"EE.UU. cancela la visa al expresidente de Costa Rica \u00d3scar Arias, anuncia el Partido Liberaci\u00f3n Nacional","author":"","date":"abril 1, 2025","format":false,"excerpt":"El Gobierno de Estados Unidos cancel\u00f3 la visa de \u00d3scar Arias, expresidente de Costa Rica y Premio Nobel de la Paz en 1987, inform\u00f3 Miguel Guill\u00e9n, secretario general del Partido Liberaci\u00f3n Nacional (PLN).Guill\u00e9n dijo que al exmandatario le lleg\u00f3 un correo electr\u00f3nico en el que le notificaron la medida y\u2026","rel":"","context":"In &quot;Noticias Nacionales&quot;","block_context":{"text":"Noticias Nacionales","link":"https:\/\/noticiasya.com\/midland-odessa\/categoria\/noticias-nacionales"},"img":{"alt_text":"","src":"","width":0,"height":0},"classes":[]},{"id":1473473,"url":"https:\/\/noticiasya.com\/midland-odessa\/2026\/04\/24\/trump-soldado-apuesta-maduro-polymarket-trax\/","url_meta":{"origin":1455323,"position":2},"title":"La defensa desafortunada de Trump a un soldado acusado de apostar por la ca\u00edda de Maduro en Polymarket","author":"","date":"abril 24, 2026","format":false,"excerpt":"Por primera vez, vemos que se exige responsabilidad legal por la oleada de operaciones especulativas sospechosamente oportunas en mercados de predicci\u00f3n, justo antes de importantes decisiones de la administraci\u00f3n Trump.El Departamento de Justicia ha imputado a un soldado de las fuerzas especiales estadounidenses que presuntamente utiliz\u00f3 informaci\u00f3n clasificada para ganar\u2026","rel":"","context":"In &quot;Noticias Nacionales&quot;","block_context":{"text":"Noticias Nacionales","link":"https:\/\/noticiasya.com\/midland-odessa\/categoria\/noticias-nacionales"},"img":{"alt_text":"","src":"","width":0,"height":0},"classes":[]},{"id":1455686,"url":"https:\/\/noticiasya.com\/midland-odessa\/2024\/11\/08\/funcionarios-pentagono-trump-ordenes-controvertidas-trax\/","url_meta":{"origin":1455323,"position":3},"title":"Funcionarios del Pent\u00e1gono discuten c\u00f3mo responder si Trump emite \u00f3rdenes controvertidas","author":"","date":"noviembre 8, 2024","format":false,"excerpt":"(CNN) -- Funcionarios del Pent\u00e1gono est\u00e1n llevando a cabo discusiones informales sobre c\u00f3mo responder\u00eda el Departamento de Defensa si Donald Trump emite \u00f3rdenes para desplegar efectivos en servicio activo en el pa\u00eds y despedir a grandes franjas de personal que no pertenece a ning\u00fan partido pol\u00edtico, seg\u00fan dijeron funcionarios de\u2026","rel":"","context":"In &quot;Noticias Nacionales&quot;","block_context":{"text":"Noticias Nacionales","link":"https:\/\/noticiasya.com\/midland-odessa\/categoria\/noticias-nacionales"},"img":{"alt_text":"","src":"","width":0,"height":0},"classes":[]},{"id":1463413,"url":"https:\/\/noticiasya.com\/midland-odessa\/2025\/06\/10\/paramount-hogar-latinos-100-anios-protesta-campana-inmigracion-trump-orix\/","url_meta":{"origin":1455323,"position":4},"title":"Paramount, el hogar de latinos por m\u00e1s de 100 a\u00f1os que ahora protesta contra la ofensiva  inmigratoria de Trump","author":"","date":"junio 10, 2025","format":false,"excerpt":"Paramount es una peque\u00f1a ciudad al sur del centro de la zona metropolitana de Los \u00c1ngeles, California. Su poblaci\u00f3n, seg\u00fan estimaciones de 2024, llega a las 51.169 personas. La gran mayor\u00eda de estos habitantes (poco m\u00e1s del 82 %) se identifica como hispano o latino. En otras palabras, Paramount es\u2026","rel":"","context":"In &quot;Noticias Nacionales&quot;","block_context":{"text":"Noticias Nacionales","link":"https:\/\/noticiasya.com\/midland-odessa\/categoria\/noticias-nacionales"},"img":{"alt_text":"","src":"","width":0,"height":0},"classes":[]},{"id":1455957,"url":"https:\/\/noticiasya.com\/midland-odessa\/2024\/11\/20\/trump-anuncia-matthew-whitaker-embajador-otan-trax\/","url_meta":{"origin":1455323,"position":5},"title":"Trump anuncia que Matthew Whitaker ser\u00e1 su candidato para ser embajador de Estados Unidos ante la OTAN","author":"","date":"noviembre 20, 2024","format":false,"excerpt":"(CNN) -- El presidente electo Donald Trump eligi\u00f3 a Matthew Whitaker, quien se desempe\u00f1\u00f3 como secretario de Justicia interino durante el primer mandato de Trump, como su candidato para ser embajador de Estados Unidos ante la OTAN.\"Matt es un guerrero fuerte y un patriota leal, que garantizar\u00e1 que se promuevan\u2026","rel":"","context":"In &quot;Noticias Nacionales&quot;","block_context":{"text":"Noticias Nacionales","link":"https:\/\/noticiasya.com\/midland-odessa\/categoria\/noticias-nacionales"},"img":{"alt_text":"","src":"","width":0,"height":0},"classes":[]}],"jetpack_sharing_enabled":true,"_links":{"self":[{"href":"https:\/\/noticiasya.com\/midland-odessa\/wp-json\/wp\/v2\/posts\/1455323","targetHints":{"allow":["GET"]}}],"collection":[{"href":"https:\/\/noticiasya.com\/midland-odessa\/wp-json\/wp\/v2\/posts"}],"about":[{"href":"https:\/\/noticiasya.com\/midland-odessa\/wp-json\/wp\/v2\/types\/post"}],"replies":[{"embeddable":true,"href":"https:\/\/noticiasya.com\/midland-odessa\/wp-json\/wp\/v2\/comments?post=1455323"}],"version-history":[{"count":0,"href":"https:\/\/noticiasya.com\/midland-odessa\/wp-json\/wp\/v2\/posts\/1455323\/revisions"}],"wp:attachment":[{"href":"https:\/\/noticiasya.com\/midland-odessa\/wp-json\/wp\/v2\/media?parent=1455323"}],"wp:term":[{"taxonomy":"category","embeddable":true,"href":"https:\/\/noticiasya.com\/midland-odessa\/wp-json\/wp\/v2\/categories?post=1455323"},{"taxonomy":"post_tag","embeddable":true,"href":"https:\/\/noticiasya.com\/midland-odessa\/wp-json\/wp\/v2\/tags?post=1455323"}],"curies":[{"name":"wp","href":"https:\/\/api.w.org\/{rel}","templated":true}]}}