{"id":1455326,"date":"2024-10-23T17:03:59","date_gmt":"2024-10-24T00:03:59","guid":{"rendered":"https:\/\/noticiasya.com\/2024\/10\/23\/quien-estaria-detras-ataque-terrorista-ankara-turquia-trax\/"},"modified":"2024-10-23T17:03:59","modified_gmt":"2024-10-24T00:03:59","slug":"quien-estaria-detras-ataque-terrorista-ankara-turquia-trax","status":"publish","type":"post","link":"https:\/\/noticiasya.com\/midland-odessa\/2024\/10\/23\/quien-estaria-detras-ataque-terrorista-ankara-turquia-trax\/","title":{"rendered":"\u00bfQui\u00e9n estar\u00eda detr\u00e1s del ataque terrorista en Ankara, Turqu\u00eda, que dej\u00f3 al menos 5 muertos?"},"content":{"rendered":"<p>(CNN) &#8212; Los ministros del Interior y Defensa de Turqu\u00eda sugirieron que el Partido de los Trabajadores del Kurdist\u00e1n (PKK) estaba detr\u00e1s del ataque del mi\u00e9rcoles en la sede de la compa\u00f1\u00eda nacional de aeroespacial de Turqu\u00eda cerca de la capital, Ankara. El PKK est\u00e1 clasificado como una organizaci\u00f3n terrorista por Turqu\u00eda, la Uni\u00f3n Europea y Estados Unidos.<\/p>\n<p>Posteriormente, funcionarios kurdos aseguraron que varias \u00e1reas en Siria e Iraq fueron bombardeadas por Turqu\u00eda.<\/p>\n<p>El Ministerio de Defensa turco dijo que atac\u00f3 objetivos del PKK en el norte de Iraq y Siria, seg\u00fan una traducci\u00f3n de Reuters de un comunicado del ministerio.<\/p>\n<p>Ataque terrorista contra empresa aeroespacial de Turqu\u00eda deja cinco muertos y 22 heridos<\/p>\n<p>Las Fuerzas Democr\u00e1ticas Sirias (SDF, por sus siglas en ingl\u00e9s) lideradas por kurdos, que operan en el noreste de Siria, dijeron que el ej\u00e9rcito turco bombarde\u00f3 la ciudad de Kobani y la ciudad de Tal Rifa&#8217;at, al norte de Alepo. Farhad Shami, jefe de medios de las SDF, dijo en un comunicado la noche del mi\u00e9rcoles, hora local, que el bombardeo mat\u00f3 a dos civiles e hiri\u00f3 a otros seis.<\/p>\n<p>&#171;Adem\u00e1s, el campo occidental de Tal Abyad fue sometido a otra ronda de bombardeos brutales&#187;, dijo Shami.<\/p>\n<p>Estados Unidos mantiene una distinci\u00f3n entre las SDF y el PKK. Pero Turqu\u00eda considera a las SDF y sus Unidades de Protecci\u00f3n Popular (YPG), la milicia kurda respaldada por EE.UU. que luch\u00f3 contra ISIS, como parte del PKK.<\/p>\n<p>Mientras tanto, en Ira1, Kamiran Hassan, alcalde del distrito de Mawat en la provincia de Sulaymaniyah de la regi\u00f3n del Kurdist\u00e1n iraqu\u00ed, dijo a CNN que el Monte Asos fue atacado dos veces por ataques a\u00e9reos turcos esta noche.<\/p>\n<p>El presidente turco Recep Tayyip Erdogan ha adoptado una actitud firme contra el PKK. Ha dicho que su objetivo final es eliminar a la organizaci\u00f3n extremista y pol\u00edtica kurda de extrema izquierda con base en Turqu\u00eda e Iraq que ha luchado contra el estado turco durante m\u00e1s de tres d\u00e9cadas.<\/p>\n<p>Turqu\u00eda tambi\u00e9n ha estado descontenta durante mucho tiempo con la fuerte presencia kurda en el noreste de Siria cerca de la frontera turca. En 2019, Turqu\u00eda comenz\u00f3 una ofensiva militar planificada en el noreste de Siria con el objetivo de alejar a las fuerzas kurdas de la frontera turca.<\/p>\n<p>Abel Alvarez, Eyad Kourdi y Hamdi Alkhshali de CNN contribuyeron con el reportaje.<\/p>\n<p>The-CNN-Wire<br \/>&trade; &amp; &copy; 2024 Cable News Network, Inc., a Warner Bros. Discovery Company. All rights reserved.<\/p>\n","protected":false},"excerpt":{"rendered":"<p>(CNN) &#8212; Los ministros del Interior y Defensa de Turqu\u00eda sugirieron que el Partido de los Trabajadores del Kurdist\u00e1n (PKK) estaba detr\u00e1s del ataque del mi\u00e9rcoles en la sede de la compa\u00f1\u00eda nacional de aeroespacial de Turqu\u00eda cerca de la capital, Ankara. El PKK est\u00e1 clasificado como una organizaci\u00f3n terrorista por Turqu\u00eda, la Uni\u00f3n Europea [&hellip;]<\/p>\n","protected":false},"author":0,"featured_media":0,"comment_status":"open","ping_status":"open","sticky":false,"template":"","format":"standard","meta":{"_jetpack_memberships_contains_paid_content":false,"footnotes":""},"categories":[10],"tags":[],"class_list":["post-1455326","post","type-post","status-publish","format-standard","hentry","category-noticias-nacionales","market-global"],"yoast_head":"<!-- This site is optimized with the Yoast SEO plugin v24.4 - https:\/\/yoast.com\/wordpress\/plugins\/seo\/ -->\n<title>\u00bfQui\u00e9n estar\u00eda detr\u00e1s del ataque terrorista en Ankara, Turqu\u00eda, que dej\u00f3 al menos 5 muertos? - Noticias<\/title>\n<meta name=\"robots\" content=\"index, follow, max-snippet:-1, max-image-preview:large, max-video-preview:-1\" \/>\n<link rel=\"canonical\" href=\"https:\/\/noticiasya.com\/2024\/10\/23\/quien-estaria-detras-ataque-terrorista-ankara-turquia-trax\/\" \/>\n<meta property=\"og:locale\" content=\"es_ES\" \/>\n<meta property=\"og:type\" content=\"article\" \/>\n<meta property=\"og:title\" content=\"\u00bfQui\u00e9n estar\u00eda detr\u00e1s del ataque terrorista en Ankara, Turqu\u00eda, que dej\u00f3 al menos 5 muertos? - Noticias\" \/>\n<meta property=\"og:description\" content=\"(CNN) &#8212; Los ministros del Interior y Defensa de Turqu\u00eda sugirieron que el Partido de los Trabajadores del Kurdist\u00e1n (PKK) estaba detr\u00e1s del ataque del mi\u00e9rcoles en la sede de la compa\u00f1\u00eda nacional de aeroespacial de Turqu\u00eda cerca de la capital, Ankara. El PKK est\u00e1 clasificado como una organizaci\u00f3n terrorista por Turqu\u00eda, la Uni\u00f3n Europea [&hellip;]\" \/>\n<meta property=\"og:url\" content=\"https:\/\/noticiasya.com\/2024\/10\/23\/quien-estaria-detras-ataque-terrorista-ankara-turquia-trax\/\" \/>\n<meta property=\"og:site_name\" content=\"Noticias\" \/>\n<meta property=\"article:published_time\" content=\"2024-10-24T00:03:59+00:00\" \/>\n<meta name=\"twitter:card\" content=\"summary_large_image\" \/>\n<meta name=\"twitter:label1\" content=\"Est. reading time\" \/>\n\t<meta name=\"twitter:data1\" content=\"2 minutos\" \/>\n<script type=\"application\/ld+json\" class=\"yoast-schema-graph\">{\"@context\":\"https:\/\/schema.org\",\"@graph\":[{\"@type\":\"Article\",\"@id\":\"https:\/\/noticiasya.com\/2024\/10\/23\/quien-estaria-detras-ataque-terrorista-ankara-turquia-trax\/#article\",\"isPartOf\":{\"@id\":\"https:\/\/noticiasya.com\/2024\/10\/23\/quien-estaria-detras-ataque-terrorista-ankara-turquia-trax\/\"},\"author\":{\"name\":\"\",\"@id\":\"\"},\"headline\":\"\u00bfQui\u00e9n estar\u00eda detr\u00e1s del ataque terrorista en Ankara, Turqu\u00eda, que dej\u00f3 al menos 5 muertos?\",\"datePublished\":\"2024-10-24T00:03:59+00:00\",\"mainEntityOfPage\":{\"@id\":\"https:\/\/noticiasya.com\/2024\/10\/23\/quien-estaria-detras-ataque-terrorista-ankara-turquia-trax\/\"},\"wordCount\":456,\"commentCount\":0,\"publisher\":{\"@id\":\"https:\/\/noticiasya.com\/#organization\"},\"articleSection\":[\"Noticias Nacionales\"],\"inLanguage\":\"es\",\"potentialAction\":[{\"@type\":\"CommentAction\",\"name\":\"Comment\",\"target\":[\"https:\/\/noticiasya.com\/2024\/10\/23\/quien-estaria-detras-ataque-terrorista-ankara-turquia-trax\/#respond\"]}]},{\"@type\":\"WebPage\",\"@id\":\"https:\/\/noticiasya.com\/2024\/10\/23\/quien-estaria-detras-ataque-terrorista-ankara-turquia-trax\/\",\"url\":\"https:\/\/noticiasya.com\/2024\/10\/23\/quien-estaria-detras-ataque-terrorista-ankara-turquia-trax\/\",\"name\":\"\u00bfQui\u00e9n estar\u00eda detr\u00e1s del ataque terrorista en Ankara, Turqu\u00eda, que dej\u00f3 al menos 5 muertos? - Noticias\",\"isPartOf\":{\"@id\":\"https:\/\/noticiasya.com\/#website\"},\"datePublished\":\"2024-10-24T00:03:59+00:00\",\"breadcrumb\":{\"@id\":\"https:\/\/noticiasya.com\/2024\/10\/23\/quien-estaria-detras-ataque-terrorista-ankara-turquia-trax\/#breadcrumb\"},\"inLanguage\":\"es\",\"potentialAction\":[{\"@type\":\"ReadAction\",\"target\":[\"https:\/\/noticiasya.com\/2024\/10\/23\/quien-estaria-detras-ataque-terrorista-ankara-turquia-trax\/\"]}]},{\"@type\":\"BreadcrumbList\",\"@id\":\"https:\/\/noticiasya.com\/2024\/10\/23\/quien-estaria-detras-ataque-terrorista-ankara-turquia-trax\/#breadcrumb\",\"itemListElement\":[{\"@type\":\"ListItem\",\"position\":1,\"name\":\"Home\",\"item\":\"https:\/\/noticiasya.com\/\"},{\"@type\":\"ListItem\",\"position\":2,\"name\":\"\u00bfQui\u00e9n estar\u00eda detr\u00e1s del ataque terrorista en Ankara, Turqu\u00eda, que dej\u00f3 al menos 5 muertos?\"}]},{\"@type\":\"WebSite\",\"@id\":\"https:\/\/noticiasya.com\/#website\",\"url\":\"https:\/\/noticiasya.com\/\",\"name\":\"Noticias\",\"description\":\"Lo que importa\",\"publisher\":{\"@id\":\"https:\/\/noticiasya.com\/#organization\"},\"potentialAction\":[{\"@type\":\"SearchAction\",\"target\":{\"@type\":\"EntryPoint\",\"urlTemplate\":\"https:\/\/noticiasya.com\/?s={search_term_string}\"},\"query-input\":{\"@type\":\"PropertyValueSpecification\",\"valueRequired\":true,\"valueName\":\"search_term_string\"}}],\"inLanguage\":\"es\"},{\"@type\":\"Organization\",\"@id\":\"https:\/\/noticiasya.com\/#organization\",\"name\":\"Noticias\",\"url\":\"https:\/\/noticiasya.com\/\",\"logo\":{\"@type\":\"ImageObject\",\"inLanguage\":\"es\",\"@id\":\"https:\/\/noticiasya.com\/#\/schema\/logo\/image\/\",\"url\":\"https:\/\/noticiasya.com\/wp-content\/uploads\/sites\/22\/2023\/12\/logo-nacional.png\",\"contentUrl\":\"https:\/\/noticiasya.com\/wp-content\/uploads\/sites\/22\/2023\/12\/logo-nacional.png\",\"width\":1801,\"height\":691,\"caption\":\"Noticias\"},\"image\":{\"@id\":\"https:\/\/noticiasya.com\/#\/schema\/logo\/image\/\"}}]}<\/script>\n<!-- \/ Yoast SEO plugin. -->","yoast_head_json":{"title":"\u00bfQui\u00e9n estar\u00eda detr\u00e1s del ataque terrorista en Ankara, Turqu\u00eda, que dej\u00f3 al menos 5 muertos? - Noticias","robots":{"index":"index","follow":"follow","max-snippet":"max-snippet:-1","max-image-preview":"max-image-preview:large","max-video-preview":"max-video-preview:-1"},"canonical":"https:\/\/noticiasya.com\/2024\/10\/23\/quien-estaria-detras-ataque-terrorista-ankara-turquia-trax\/","og_locale":"es_ES","og_type":"article","og_title":"\u00bfQui\u00e9n estar\u00eda detr\u00e1s del ataque terrorista en Ankara, Turqu\u00eda, que dej\u00f3 al menos 5 muertos? - Noticias","og_description":"(CNN) &#8212; Los ministros del Interior y Defensa de Turqu\u00eda sugirieron que el Partido de los Trabajadores del Kurdist\u00e1n (PKK) estaba detr\u00e1s del ataque del mi\u00e9rcoles en la sede de la compa\u00f1\u00eda nacional de aeroespacial de Turqu\u00eda cerca de la capital, Ankara. El PKK est\u00e1 clasificado como una organizaci\u00f3n terrorista por Turqu\u00eda, la Uni\u00f3n Europea [&hellip;]","og_url":"https:\/\/noticiasya.com\/2024\/10\/23\/quien-estaria-detras-ataque-terrorista-ankara-turquia-trax\/","og_site_name":"Noticias","article_published_time":"2024-10-24T00:03:59+00:00","twitter_card":"summary_large_image","twitter_misc":{"Est. reading time":"2 minutos"},"schema":{"@context":"https:\/\/schema.org","@graph":[{"@type":"Article","@id":"https:\/\/noticiasya.com\/2024\/10\/23\/quien-estaria-detras-ataque-terrorista-ankara-turquia-trax\/#article","isPartOf":{"@id":"https:\/\/noticiasya.com\/2024\/10\/23\/quien-estaria-detras-ataque-terrorista-ankara-turquia-trax\/"},"author":{"name":"","@id":""},"headline":"\u00bfQui\u00e9n estar\u00eda detr\u00e1s del ataque terrorista en Ankara, Turqu\u00eda, que dej\u00f3 al menos 5 muertos?","datePublished":"2024-10-24T00:03:59+00:00","mainEntityOfPage":{"@id":"https:\/\/noticiasya.com\/2024\/10\/23\/quien-estaria-detras-ataque-terrorista-ankara-turquia-trax\/"},"wordCount":456,"commentCount":0,"publisher":{"@id":"https:\/\/noticiasya.com\/#organization"},"articleSection":["Noticias Nacionales"],"inLanguage":"es","potentialAction":[{"@type":"CommentAction","name":"Comment","target":["https:\/\/noticiasya.com\/2024\/10\/23\/quien-estaria-detras-ataque-terrorista-ankara-turquia-trax\/#respond"]}]},{"@type":"WebPage","@id":"https:\/\/noticiasya.com\/2024\/10\/23\/quien-estaria-detras-ataque-terrorista-ankara-turquia-trax\/","url":"https:\/\/noticiasya.com\/2024\/10\/23\/quien-estaria-detras-ataque-terrorista-ankara-turquia-trax\/","name":"\u00bfQui\u00e9n estar\u00eda detr\u00e1s del ataque terrorista en Ankara, Turqu\u00eda, que dej\u00f3 al menos 5 muertos? - Noticias","isPartOf":{"@id":"https:\/\/noticiasya.com\/#website"},"datePublished":"2024-10-24T00:03:59+00:00","breadcrumb":{"@id":"https:\/\/noticiasya.com\/2024\/10\/23\/quien-estaria-detras-ataque-terrorista-ankara-turquia-trax\/#breadcrumb"},"inLanguage":"es","potentialAction":[{"@type":"ReadAction","target":["https:\/\/noticiasya.com\/2024\/10\/23\/quien-estaria-detras-ataque-terrorista-ankara-turquia-trax\/"]}]},{"@type":"BreadcrumbList","@id":"https:\/\/noticiasya.com\/2024\/10\/23\/quien-estaria-detras-ataque-terrorista-ankara-turquia-trax\/#breadcrumb","itemListElement":[{"@type":"ListItem","position":1,"name":"Home","item":"https:\/\/noticiasya.com\/"},{"@type":"ListItem","position":2,"name":"\u00bfQui\u00e9n estar\u00eda detr\u00e1s del ataque terrorista en Ankara, Turqu\u00eda, que dej\u00f3 al menos 5 muertos?"}]},{"@type":"WebSite","@id":"https:\/\/noticiasya.com\/#website","url":"https:\/\/noticiasya.com\/","name":"Noticias","description":"Lo que importa","publisher":{"@id":"https:\/\/noticiasya.com\/#organization"},"potentialAction":[{"@type":"SearchAction","target":{"@type":"EntryPoint","urlTemplate":"https:\/\/noticiasya.com\/?s={search_term_string}"},"query-input":{"@type":"PropertyValueSpecification","valueRequired":true,"valueName":"search_term_string"}}],"inLanguage":"es"},{"@type":"Organization","@id":"https:\/\/noticiasya.com\/#organization","name":"Noticias","url":"https:\/\/noticiasya.com\/","logo":{"@type":"ImageObject","inLanguage":"es","@id":"https:\/\/noticiasya.com\/#\/schema\/logo\/image\/","url":"https:\/\/noticiasya.com\/wp-content\/uploads\/sites\/22\/2023\/12\/logo-nacional.png","contentUrl":"https:\/\/noticiasya.com\/wp-content\/uploads\/sites\/22\/2023\/12\/logo-nacional.png","width":1801,"height":691,"caption":"Noticias"},"image":{"@id":"https:\/\/noticiasya.com\/#\/schema\/logo\/image\/"}}]}},"parsely":{"version":"1.1.0","canonical_url":"https:\/\/noticiasya.com\/midland-odessa\/2024\/10\/23\/quien-estaria-detras-ataque-terrorista-ankara-turquia-trax\/","smart_links":{"inbound":0,"outbound":0},"traffic_boost_suggestions_count":0,"meta":{"@context":"https:\/\/schema.org","@type":"NewsArticle","headline":"\u00bfQui\u00e9n estar\u00eda detr\u00e1s del ataque terrorista en Ankara, Turqu\u00eda, que dej\u00f3 al menos 5 muertos?","url":"http:\/\/noticiasya.com\/midland-odessa\/2024\/10\/23\/quien-estaria-detras-ataque-terrorista-ankara-turquia-trax\/","mainEntityOfPage":{"@type":"WebPage","@id":"http:\/\/noticiasya.com\/midland-odessa\/2024\/10\/23\/quien-estaria-detras-ataque-terrorista-ankara-turquia-trax\/"},"thumbnailUrl":"","image":{"@type":"ImageObject","url":""},"articleSection":"Noticias Nacionales","author":[],"creator":[],"publisher":{"@type":"Organization","name":"Noticias","logo":""},"keywords":[],"dateCreated":"2024-10-24T00:03:59Z","datePublished":"2024-10-24T00:03:59Z","dateModified":"2024-10-24T00:03:59Z"},"rendered":"<script type=\"application\/ld+json\" class=\"wp-parsely-metadata\">{\"@context\":\"https:\\\/\\\/schema.org\",\"@type\":\"NewsArticle\",\"headline\":\"\\u00bfQui\\u00e9n estar\\u00eda detr\\u00e1s del ataque terrorista en Ankara, Turqu\\u00eda, que dej\\u00f3 al menos 5 muertos?\",\"url\":\"http:\\\/\\\/noticiasya.com\\\/midland-odessa\\\/2024\\\/10\\\/23\\\/quien-estaria-detras-ataque-terrorista-ankara-turquia-trax\\\/\",\"mainEntityOfPage\":{\"@type\":\"WebPage\",\"@id\":\"http:\\\/\\\/noticiasya.com\\\/midland-odessa\\\/2024\\\/10\\\/23\\\/quien-estaria-detras-ataque-terrorista-ankara-turquia-trax\\\/\"},\"thumbnailUrl\":\"\",\"image\":{\"@type\":\"ImageObject\",\"url\":\"\"},\"articleSection\":\"Noticias Nacionales\",\"author\":[],\"creator\":[],\"publisher\":{\"@type\":\"Organization\",\"name\":\"Noticias\",\"logo\":\"\"},\"keywords\":[],\"dateCreated\":\"2024-10-24T00:03:59Z\",\"datePublished\":\"2024-10-24T00:03:59Z\",\"dateModified\":\"2024-10-24T00:03:59Z\"}<\/script>","tracker_url":"https:\/\/cdn.parsely.com\/keys\/noticiasya.com\/p.js"},"jetpack_featured_media_url":"","jetpack-related-posts":[{"id":1456717,"url":"https:\/\/noticiasya.com\/midland-odessa\/2024\/12\/18\/por-que-otros-paises-atacan-siria-assad-isis-trax\/","url_meta":{"origin":1455326,"position":0},"title":"Por qu\u00e9 las potencias extranjeras siguen apuntando a Siria tras la ca\u00edda del r\u00e9gimen de Assad","author":"","date":"diciembre 18, 2024","format":false,"excerpt":"Pese a que Bashar al-Assad y su r\u00e9gimen de a\u00f1os de duraci\u00f3n cay\u00f3 en Siria, el pa\u00eds sigue siendo un campo de batalla para una serie de actores que buscan asegurar sus intereses en lo que puede convertirse en un peligroso vac\u00edo de poder.Mientras el Hayat Tahrir al-Sham (HTS) asume\u2026","rel":"","context":"In &quot;Noticias Nacionales&quot;","block_context":{"text":"Noticias Nacionales","link":"https:\/\/noticiasya.com\/midland-odessa\/categoria\/noticias-nacionales"},"img":{"alt_text":"","src":"","width":0,"height":0},"classes":[]},{"id":1459354,"url":"https:\/\/noticiasya.com\/midland-odessa\/2025\/03\/01\/kurdos-turquia-pkk-alto-el-fuego-trax\/","url_meta":{"origin":1455326,"position":1},"title":"La milicia kurda declara un alto el fuego tras el llamado de su l\u00edder a poner fin a cinco d\u00e9cadas de insurgencia con Turqu\u00eda","author":"","date":"marzo 1, 2025","format":false,"excerpt":"La milicia del Partido de los Trabajadores del Kurdist\u00e1n (PKK, por sus siglas) declar\u00f3 este s\u00e1bado un alto el fuego inmediato, dos d\u00edas despu\u00e9s de que su l\u00edder encarcelado, Abdullah Ocalan, pidiera a los combatientes que depusieran las armas y disolvieran el grupo.Si Turqu\u00eda lo acepta, podr\u00eda poner fin a\u2026","rel":"","context":"In &quot;Noticias Nacionales&quot;","block_context":{"text":"Noticias Nacionales","link":"https:\/\/noticiasya.com\/midland-odessa\/categoria\/noticias-nacionales"},"img":{"alt_text":"","src":"","width":0,"height":0},"classes":[]},{"id":1462233,"url":"https:\/\/noticiasya.com\/midland-odessa\/2025\/05\/12\/militantes-kurdos-disuelven-turquia-trax\/","url_meta":{"origin":1455326,"position":2},"title":"Militantes kurdos del PKK anuncian su decisi\u00f3n de disolverse tras d\u00e9cadas de conflicto con Turqu\u00eda","author":"","date":"mayo 12, 2025","format":false,"excerpt":"El Partido de los Trabajadores del Kurdist\u00e1n (PKK) dijo el lunes que se disolver\u00eda, seg\u00fan medios cercanos al grupo separatista militante, en lo que ser\u00eda un movimiento hist\u00f3rico despu\u00e9s de d\u00e9cadas de conflicto con Turqu\u00eda que han matado a decenas de miles de personas.\u201cEl 12\u00ba Congreso del PKK decidi\u00f3 disolver\u2026","rel":"","context":"In &quot;Noticias Nacionales&quot;","block_context":{"text":"Noticias Nacionales","link":"https:\/\/noticiasya.com\/midland-odessa\/categoria\/noticias-nacionales"},"img":{"alt_text":"","src":"","width":0,"height":0},"classes":[]},{"id":1451392,"url":"https:\/\/noticiasya.com\/midland-odessa\/2024\/07\/24\/erdogan-corteja-terrorista-assad-resolver-problema-sirio-turquia-trax\/","url_meta":{"origin":1455326,"position":3},"title":"Erdogan corteja al &#171;terrorista&#187; Bashar Al-Assad entre presiones para resolver el &#171;problema sirio&#187; de Turqu\u00eda","author":"","date":"julio 24, 2024","format":false,"excerpt":"(CNN) -- Hace m\u00e1s de una d\u00e9cada que millones de sirios inundaron Turqu\u00eda en masa, buscando refugio de la guerra civil en su pa\u00eds. Pero hoy en d\u00eda, hay cada vez m\u00e1s indicios de que los refugiados pueden haber agotado su acogida.Este mes se han producido disturbios antisirios en varias\u2026","rel":"","context":"In &quot;Noticias Nacionales&quot;","block_context":{"text":"Noticias Nacionales","link":"https:\/\/noticiasya.com\/midland-odessa\/categoria\/noticias-nacionales"},"img":{"alt_text":"","src":"","width":0,"height":0},"classes":[]},{"id":1455457,"url":"https:\/\/noticiasya.com\/midland-odessa\/2024\/10\/30\/hasta-35-operativos-isis-murieron-siria-ejercito-eeuu-trax\/","url_meta":{"origin":1455326,"position":4},"title":"Hasta 35 agentes de ISIS murieron en ataques estadounidenses en Siria, seg\u00fan el ej\u00e9rcito de EE.UU.","author":"","date":"octubre 30, 2024","format":false,"excerpt":"(CNN) -- Hasta 35 agentes de ISIS murieron en ataques estadounidenses contra m\u00faltiples campamentos de ISIS en Siria el lunes por la noche, anunci\u00f3 el mi\u00e9rcoles el ej\u00e9rcito de Estados Unidos.\"Las fuerzas del Comando Central de EE.UU. llevaron a cabo una serie de ataques contra varios campamentos conocidos de ISIS\u2026","rel":"","context":"In &quot;Noticias Nacionales&quot;","block_context":{"text":"Noticias Nacionales","link":"https:\/\/noticiasya.com\/midland-odessa\/categoria\/noticias-nacionales"},"img":{"alt_text":"","src":"","width":0,"height":0},"classes":[]},{"id":1456868,"url":"https:\/\/noticiasya.com\/midland-odessa\/2024\/12\/22\/armas-siria-control-estado-trax\/","url_meta":{"origin":1455326,"position":5},"title":"El nuevo l\u00edder de Siria dice que todas las armas en el pa\u00eds estar\u00e1n bajo el control del Estado","author":"","date":"diciembre 22, 2024","format":false,"excerpt":"El l\u00edder de facto de Siria, Ahmed al-Sharaa, m\u00e1s conocido por su nombre de guerra Abu Mohammad al-Jolani, dijo el domingo que todas las armas en el pa\u00eds estar\u00e1n bajo el control del Estado.En una conferencia de prensa con el ministro de Asuntos Exteriores de Turqu\u00eda, Hakan Fidan, en Damasco,\u2026","rel":"","context":"In &quot;Noticias Nacionales&quot;","block_context":{"text":"Noticias Nacionales","link":"https:\/\/noticiasya.com\/midland-odessa\/categoria\/noticias-nacionales"},"img":{"alt_text":"","src":"","width":0,"height":0},"classes":[]}],"jetpack_sharing_enabled":true,"_links":{"self":[{"href":"https:\/\/noticiasya.com\/midland-odessa\/wp-json\/wp\/v2\/posts\/1455326","targetHints":{"allow":["GET"]}}],"collection":[{"href":"https:\/\/noticiasya.com\/midland-odessa\/wp-json\/wp\/v2\/posts"}],"about":[{"href":"https:\/\/noticiasya.com\/midland-odessa\/wp-json\/wp\/v2\/types\/post"}],"replies":[{"embeddable":true,"href":"https:\/\/noticiasya.com\/midland-odessa\/wp-json\/wp\/v2\/comments?post=1455326"}],"version-history":[{"count":0,"href":"https:\/\/noticiasya.com\/midland-odessa\/wp-json\/wp\/v2\/posts\/1455326\/revisions"}],"wp:attachment":[{"href":"https:\/\/noticiasya.com\/midland-odessa\/wp-json\/wp\/v2\/media?parent=1455326"}],"wp:term":[{"taxonomy":"category","embeddable":true,"href":"https:\/\/noticiasya.com\/midland-odessa\/wp-json\/wp\/v2\/categories?post=1455326"},{"taxonomy":"post_tag","embeddable":true,"href":"https:\/\/noticiasya.com\/midland-odessa\/wp-json\/wp\/v2\/tags?post=1455326"}],"curies":[{"name":"wp","href":"https:\/\/api.w.org\/{rel}","templated":true}]}}