{"id":1455331,"date":"2024-10-24T02:03:51","date_gmt":"2024-10-24T09:03:51","guid":{"rendered":"https:\/\/noticiasya.com\/2024\/10\/24\/colombia-enviara-a-venezuela-nota-diplomatica-informacion-sobre-guerrillero-ivan-marquez-orix\/"},"modified":"2024-10-24T02:03:51","modified_gmt":"2024-10-24T09:03:51","slug":"colombia-enviara-a-venezuela-nota-diplomatica-informacion-sobre-guerrillero-ivan-marquez-orix","status":"publish","type":"post","link":"https:\/\/noticiasya.com\/midland-odessa\/2024\/10\/24\/colombia-enviara-a-venezuela-nota-diplomatica-informacion-sobre-guerrillero-ivan-marquez-orix\/","title":{"rendered":"Colombia enviar\u00e1 a Venezuela una nota diplom\u00e1tica para pedir informaci\u00f3n sobre el l\u00edder guerrillero Iv\u00e1n M\u00e1rquez"},"content":{"rendered":"<p>(CNN) &#8212;\u00a0 El Gobierno de Colombia enviar\u00e1 al Gobierno de Venezuela una nota diplom\u00e1tica para pedir informaci\u00f3n sobre el l\u00edder guerrillero colombiano Iv\u00e1n M\u00e1rquez, luego de que algunos medios han difundido reportes sobre su supuesta muerte en ese pa\u00eds, inform\u00f3 este mi\u00e9rcoles el canciller colombiano Luis Gilberto Murillo.<\/p>\n<p>Durante un encuentro con periodistas, Murillo dijo que las autoridades de su pa\u00eds no saben d\u00f3nde se encuentra M\u00e1rquez y est\u00e1n investigando su paradero.<\/p>\n<p>\u201cYo le he dado instrucci\u00f3n a nuestro vicecanciller (Jorge Rojas) para que env\u00ede una nota diplom\u00e1tica pidiendo informaci\u00f3n concreta que confirme o no lo que acabamos de escuchar en medios\u201d, se\u00f1al\u00f3.<\/p>\n<p>La declaraci\u00f3n del canciller se da despu\u00e9s de que esta semana algunos medios locales han publicado reportes sobre la supuesta muerte de M\u00e1rquez.<\/p>\n<p>M\u00e1rquez es l\u00edder de la Segunda Marquetalia, una facci\u00f3n de las disidencias de la desmovilizada guerrilla de las Fuerzas Armadas Revolucionarias de Colombia (FARC). En 2022, el Gobierno de Colombia, entonces encabezado por Iv\u00e1n Duque, dijo que M\u00e1rquez se hab\u00eda ido a Venezuela y era protegido por ese pa\u00eds.<\/p>\n<p>El actual Gobierno de Colombia, presidido por Gustavo Petro, busca dialogar con los grupos guerrilleros para avanzar en su proceso de paz.<\/p>\n<p>Murillo dijo este mi\u00e9rcoles que las autoridades de Colombia esperan que la incertidumbre sobre el paradero de M\u00e1rquez no afecte los acercamientos con la Segunda Marquetalia.<\/p>\n<p>The-CNN-Wire<br \/>&trade; &amp; &copy; 2024 Cable News Network, Inc., a Warner Bros. Discovery Company. All rights reserved.<\/p>\n","protected":false},"excerpt":{"rendered":"<p>(CNN) &#8212;\u00a0 El Gobierno de Colombia enviar\u00e1 al Gobierno de Venezuela una nota diplom\u00e1tica para pedir informaci\u00f3n sobre el l\u00edder guerrillero colombiano Iv\u00e1n M\u00e1rquez, luego de que algunos medios han difundido reportes sobre su supuesta muerte en ese pa\u00eds, inform\u00f3 este mi\u00e9rcoles el canciller colombiano Luis Gilberto Murillo. Durante un encuentro con periodistas, Murillo dijo [&hellip;]<\/p>\n","protected":false},"author":0,"featured_media":0,"comment_status":"open","ping_status":"open","sticky":false,"template":"","format":"standard","meta":{"_jetpack_memberships_contains_paid_content":false,"footnotes":""},"categories":[10],"tags":[],"class_list":["post-1455331","post","type-post","status-publish","format-standard","hentry","category-noticias-nacionales","market-global"],"yoast_head":"<!-- This site is optimized with the Yoast SEO plugin v24.4 - https:\/\/yoast.com\/wordpress\/plugins\/seo\/ -->\n<title>Colombia enviar\u00e1 a Venezuela una nota diplom\u00e1tica para pedir informaci\u00f3n sobre el l\u00edder guerrillero Iv\u00e1n M\u00e1rquez - Noticias<\/title>\n<meta name=\"robots\" content=\"index, follow, max-snippet:-1, max-image-preview:large, max-video-preview:-1\" \/>\n<link rel=\"canonical\" href=\"https:\/\/noticiasya.com\/2024\/10\/24\/colombia-enviara-a-venezuela-nota-diplomatica-informacion-sobre-guerrillero-ivan-marquez-orix\/\" \/>\n<meta property=\"og:locale\" content=\"es_ES\" \/>\n<meta property=\"og:type\" content=\"article\" \/>\n<meta property=\"og:title\" content=\"Colombia enviar\u00e1 a Venezuela una nota diplom\u00e1tica para pedir informaci\u00f3n sobre el l\u00edder guerrillero Iv\u00e1n M\u00e1rquez - Noticias\" \/>\n<meta property=\"og:description\" content=\"(CNN) &#8212;\u00a0 El Gobierno de Colombia enviar\u00e1 al Gobierno de Venezuela una nota diplom\u00e1tica para pedir informaci\u00f3n sobre el l\u00edder guerrillero colombiano Iv\u00e1n M\u00e1rquez, luego de que algunos medios han difundido reportes sobre su supuesta muerte en ese pa\u00eds, inform\u00f3 este mi\u00e9rcoles el canciller colombiano Luis Gilberto Murillo. Durante un encuentro con periodistas, Murillo dijo [&hellip;]\" \/>\n<meta property=\"og:url\" content=\"https:\/\/noticiasya.com\/2024\/10\/24\/colombia-enviara-a-venezuela-nota-diplomatica-informacion-sobre-guerrillero-ivan-marquez-orix\/\" \/>\n<meta property=\"og:site_name\" content=\"Noticias\" \/>\n<meta property=\"article:published_time\" content=\"2024-10-24T09:03:51+00:00\" \/>\n<meta name=\"twitter:card\" content=\"summary_large_image\" \/>\n<meta name=\"twitter:label1\" content=\"Est. reading time\" \/>\n\t<meta name=\"twitter:data1\" content=\"1 minuto\" \/>\n<script type=\"application\/ld+json\" class=\"yoast-schema-graph\">{\"@context\":\"https:\/\/schema.org\",\"@graph\":[{\"@type\":\"Article\",\"@id\":\"https:\/\/noticiasya.com\/2024\/10\/24\/colombia-enviara-a-venezuela-nota-diplomatica-informacion-sobre-guerrillero-ivan-marquez-orix\/#article\",\"isPartOf\":{\"@id\":\"https:\/\/noticiasya.com\/2024\/10\/24\/colombia-enviara-a-venezuela-nota-diplomatica-informacion-sobre-guerrillero-ivan-marquez-orix\/\"},\"author\":{\"name\":\"\",\"@id\":\"\"},\"headline\":\"Colombia enviar\u00e1 a Venezuela una nota diplom\u00e1tica para pedir informaci\u00f3n sobre el l\u00edder guerrillero Iv\u00e1n M\u00e1rquez\",\"datePublished\":\"2024-10-24T09:03:51+00:00\",\"mainEntityOfPage\":{\"@id\":\"https:\/\/noticiasya.com\/2024\/10\/24\/colombia-enviara-a-venezuela-nota-diplomatica-informacion-sobre-guerrillero-ivan-marquez-orix\/\"},\"wordCount\":287,\"commentCount\":0,\"publisher\":{\"@id\":\"https:\/\/noticiasya.com\/#organization\"},\"articleSection\":[\"Noticias Nacionales\"],\"inLanguage\":\"es\",\"potentialAction\":[{\"@type\":\"CommentAction\",\"name\":\"Comment\",\"target\":[\"https:\/\/noticiasya.com\/2024\/10\/24\/colombia-enviara-a-venezuela-nota-diplomatica-informacion-sobre-guerrillero-ivan-marquez-orix\/#respond\"]}]},{\"@type\":\"WebPage\",\"@id\":\"https:\/\/noticiasya.com\/2024\/10\/24\/colombia-enviara-a-venezuela-nota-diplomatica-informacion-sobre-guerrillero-ivan-marquez-orix\/\",\"url\":\"https:\/\/noticiasya.com\/2024\/10\/24\/colombia-enviara-a-venezuela-nota-diplomatica-informacion-sobre-guerrillero-ivan-marquez-orix\/\",\"name\":\"Colombia enviar\u00e1 a Venezuela una nota diplom\u00e1tica para pedir informaci\u00f3n sobre el l\u00edder guerrillero Iv\u00e1n M\u00e1rquez - Noticias\",\"isPartOf\":{\"@id\":\"https:\/\/noticiasya.com\/#website\"},\"datePublished\":\"2024-10-24T09:03:51+00:00\",\"breadcrumb\":{\"@id\":\"https:\/\/noticiasya.com\/2024\/10\/24\/colombia-enviara-a-venezuela-nota-diplomatica-informacion-sobre-guerrillero-ivan-marquez-orix\/#breadcrumb\"},\"inLanguage\":\"es\",\"potentialAction\":[{\"@type\":\"ReadAction\",\"target\":[\"https:\/\/noticiasya.com\/2024\/10\/24\/colombia-enviara-a-venezuela-nota-diplomatica-informacion-sobre-guerrillero-ivan-marquez-orix\/\"]}]},{\"@type\":\"BreadcrumbList\",\"@id\":\"https:\/\/noticiasya.com\/2024\/10\/24\/colombia-enviara-a-venezuela-nota-diplomatica-informacion-sobre-guerrillero-ivan-marquez-orix\/#breadcrumb\",\"itemListElement\":[{\"@type\":\"ListItem\",\"position\":1,\"name\":\"Home\",\"item\":\"https:\/\/noticiasya.com\/\"},{\"@type\":\"ListItem\",\"position\":2,\"name\":\"Colombia enviar\u00e1 a Venezuela una nota diplom\u00e1tica para pedir informaci\u00f3n sobre el l\u00edder guerrillero Iv\u00e1n M\u00e1rquez\"}]},{\"@type\":\"WebSite\",\"@id\":\"https:\/\/noticiasya.com\/#website\",\"url\":\"https:\/\/noticiasya.com\/\",\"name\":\"Noticias\",\"description\":\"Lo que importa\",\"publisher\":{\"@id\":\"https:\/\/noticiasya.com\/#organization\"},\"potentialAction\":[{\"@type\":\"SearchAction\",\"target\":{\"@type\":\"EntryPoint\",\"urlTemplate\":\"https:\/\/noticiasya.com\/?s={search_term_string}\"},\"query-input\":{\"@type\":\"PropertyValueSpecification\",\"valueRequired\":true,\"valueName\":\"search_term_string\"}}],\"inLanguage\":\"es\"},{\"@type\":\"Organization\",\"@id\":\"https:\/\/noticiasya.com\/#organization\",\"name\":\"Noticias\",\"url\":\"https:\/\/noticiasya.com\/\",\"logo\":{\"@type\":\"ImageObject\",\"inLanguage\":\"es\",\"@id\":\"https:\/\/noticiasya.com\/#\/schema\/logo\/image\/\",\"url\":\"https:\/\/noticiasya.com\/wp-content\/uploads\/sites\/22\/2023\/12\/logo-nacional.png\",\"contentUrl\":\"https:\/\/noticiasya.com\/wp-content\/uploads\/sites\/22\/2023\/12\/logo-nacional.png\",\"width\":1801,\"height\":691,\"caption\":\"Noticias\"},\"image\":{\"@id\":\"https:\/\/noticiasya.com\/#\/schema\/logo\/image\/\"}}]}<\/script>\n<!-- \/ Yoast SEO plugin. -->","yoast_head_json":{"title":"Colombia enviar\u00e1 a Venezuela una nota diplom\u00e1tica para pedir informaci\u00f3n sobre el l\u00edder guerrillero Iv\u00e1n M\u00e1rquez - Noticias","robots":{"index":"index","follow":"follow","max-snippet":"max-snippet:-1","max-image-preview":"max-image-preview:large","max-video-preview":"max-video-preview:-1"},"canonical":"https:\/\/noticiasya.com\/2024\/10\/24\/colombia-enviara-a-venezuela-nota-diplomatica-informacion-sobre-guerrillero-ivan-marquez-orix\/","og_locale":"es_ES","og_type":"article","og_title":"Colombia enviar\u00e1 a Venezuela una nota diplom\u00e1tica para pedir informaci\u00f3n sobre el l\u00edder guerrillero Iv\u00e1n M\u00e1rquez - Noticias","og_description":"(CNN) &#8212;\u00a0 El Gobierno de Colombia enviar\u00e1 al Gobierno de Venezuela una nota diplom\u00e1tica para pedir informaci\u00f3n sobre el l\u00edder guerrillero colombiano Iv\u00e1n M\u00e1rquez, luego de que algunos medios han difundido reportes sobre su supuesta muerte en ese pa\u00eds, inform\u00f3 este mi\u00e9rcoles el canciller colombiano Luis Gilberto Murillo. Durante un encuentro con periodistas, Murillo dijo [&hellip;]","og_url":"https:\/\/noticiasya.com\/2024\/10\/24\/colombia-enviara-a-venezuela-nota-diplomatica-informacion-sobre-guerrillero-ivan-marquez-orix\/","og_site_name":"Noticias","article_published_time":"2024-10-24T09:03:51+00:00","twitter_card":"summary_large_image","twitter_misc":{"Est. reading time":"1 minuto"},"schema":{"@context":"https:\/\/schema.org","@graph":[{"@type":"Article","@id":"https:\/\/noticiasya.com\/2024\/10\/24\/colombia-enviara-a-venezuela-nota-diplomatica-informacion-sobre-guerrillero-ivan-marquez-orix\/#article","isPartOf":{"@id":"https:\/\/noticiasya.com\/2024\/10\/24\/colombia-enviara-a-venezuela-nota-diplomatica-informacion-sobre-guerrillero-ivan-marquez-orix\/"},"author":{"name":"","@id":""},"headline":"Colombia enviar\u00e1 a Venezuela una nota diplom\u00e1tica para pedir informaci\u00f3n sobre el l\u00edder guerrillero Iv\u00e1n M\u00e1rquez","datePublished":"2024-10-24T09:03:51+00:00","mainEntityOfPage":{"@id":"https:\/\/noticiasya.com\/2024\/10\/24\/colombia-enviara-a-venezuela-nota-diplomatica-informacion-sobre-guerrillero-ivan-marquez-orix\/"},"wordCount":287,"commentCount":0,"publisher":{"@id":"https:\/\/noticiasya.com\/#organization"},"articleSection":["Noticias Nacionales"],"inLanguage":"es","potentialAction":[{"@type":"CommentAction","name":"Comment","target":["https:\/\/noticiasya.com\/2024\/10\/24\/colombia-enviara-a-venezuela-nota-diplomatica-informacion-sobre-guerrillero-ivan-marquez-orix\/#respond"]}]},{"@type":"WebPage","@id":"https:\/\/noticiasya.com\/2024\/10\/24\/colombia-enviara-a-venezuela-nota-diplomatica-informacion-sobre-guerrillero-ivan-marquez-orix\/","url":"https:\/\/noticiasya.com\/2024\/10\/24\/colombia-enviara-a-venezuela-nota-diplomatica-informacion-sobre-guerrillero-ivan-marquez-orix\/","name":"Colombia enviar\u00e1 a Venezuela una nota diplom\u00e1tica para pedir informaci\u00f3n sobre el l\u00edder guerrillero Iv\u00e1n M\u00e1rquez - Noticias","isPartOf":{"@id":"https:\/\/noticiasya.com\/#website"},"datePublished":"2024-10-24T09:03:51+00:00","breadcrumb":{"@id":"https:\/\/noticiasya.com\/2024\/10\/24\/colombia-enviara-a-venezuela-nota-diplomatica-informacion-sobre-guerrillero-ivan-marquez-orix\/#breadcrumb"},"inLanguage":"es","potentialAction":[{"@type":"ReadAction","target":["https:\/\/noticiasya.com\/2024\/10\/24\/colombia-enviara-a-venezuela-nota-diplomatica-informacion-sobre-guerrillero-ivan-marquez-orix\/"]}]},{"@type":"BreadcrumbList","@id":"https:\/\/noticiasya.com\/2024\/10\/24\/colombia-enviara-a-venezuela-nota-diplomatica-informacion-sobre-guerrillero-ivan-marquez-orix\/#breadcrumb","itemListElement":[{"@type":"ListItem","position":1,"name":"Home","item":"https:\/\/noticiasya.com\/"},{"@type":"ListItem","position":2,"name":"Colombia enviar\u00e1 a Venezuela una nota diplom\u00e1tica para pedir informaci\u00f3n sobre el l\u00edder guerrillero Iv\u00e1n M\u00e1rquez"}]},{"@type":"WebSite","@id":"https:\/\/noticiasya.com\/#website","url":"https:\/\/noticiasya.com\/","name":"Noticias","description":"Lo que importa","publisher":{"@id":"https:\/\/noticiasya.com\/#organization"},"potentialAction":[{"@type":"SearchAction","target":{"@type":"EntryPoint","urlTemplate":"https:\/\/noticiasya.com\/?s={search_term_string}"},"query-input":{"@type":"PropertyValueSpecification","valueRequired":true,"valueName":"search_term_string"}}],"inLanguage":"es"},{"@type":"Organization","@id":"https:\/\/noticiasya.com\/#organization","name":"Noticias","url":"https:\/\/noticiasya.com\/","logo":{"@type":"ImageObject","inLanguage":"es","@id":"https:\/\/noticiasya.com\/#\/schema\/logo\/image\/","url":"https:\/\/noticiasya.com\/wp-content\/uploads\/sites\/22\/2023\/12\/logo-nacional.png","contentUrl":"https:\/\/noticiasya.com\/wp-content\/uploads\/sites\/22\/2023\/12\/logo-nacional.png","width":1801,"height":691,"caption":"Noticias"},"image":{"@id":"https:\/\/noticiasya.com\/#\/schema\/logo\/image\/"}}]}},"parsely":{"version":"1.1.0","canonical_url":"https:\/\/noticiasya.com\/midland-odessa\/2024\/10\/24\/colombia-enviara-a-venezuela-nota-diplomatica-informacion-sobre-guerrillero-ivan-marquez-orix\/","smart_links":{"inbound":0,"outbound":0},"traffic_boost_suggestions_count":0,"meta":{"@context":"https:\/\/schema.org","@type":"NewsArticle","headline":"Colombia enviar\u00e1 a Venezuela una nota diplom\u00e1tica para pedir informaci\u00f3n sobre el l\u00edder guerrillero Iv\u00e1n M\u00e1rquez","url":"http:\/\/noticiasya.com\/midland-odessa\/2024\/10\/24\/colombia-enviara-a-venezuela-nota-diplomatica-informacion-sobre-guerrillero-ivan-marquez-orix\/","mainEntityOfPage":{"@type":"WebPage","@id":"http:\/\/noticiasya.com\/midland-odessa\/2024\/10\/24\/colombia-enviara-a-venezuela-nota-diplomatica-informacion-sobre-guerrillero-ivan-marquez-orix\/"},"thumbnailUrl":"","image":{"@type":"ImageObject","url":""},"articleSection":"Noticias Nacionales","author":[],"creator":[],"publisher":{"@type":"Organization","name":"Noticias","logo":""},"keywords":[],"dateCreated":"2024-10-24T09:03:51Z","datePublished":"2024-10-24T09:03:51Z","dateModified":"2024-10-24T09:03:51Z"},"rendered":"<script type=\"application\/ld+json\" class=\"wp-parsely-metadata\">{\"@context\":\"https:\\\/\\\/schema.org\",\"@type\":\"NewsArticle\",\"headline\":\"Colombia enviar\\u00e1 a Venezuela una nota diplom\\u00e1tica para pedir informaci\\u00f3n sobre el l\\u00edder guerrillero Iv\\u00e1n M\\u00e1rquez\",\"url\":\"http:\\\/\\\/noticiasya.com\\\/midland-odessa\\\/2024\\\/10\\\/24\\\/colombia-enviara-a-venezuela-nota-diplomatica-informacion-sobre-guerrillero-ivan-marquez-orix\\\/\",\"mainEntityOfPage\":{\"@type\":\"WebPage\",\"@id\":\"http:\\\/\\\/noticiasya.com\\\/midland-odessa\\\/2024\\\/10\\\/24\\\/colombia-enviara-a-venezuela-nota-diplomatica-informacion-sobre-guerrillero-ivan-marquez-orix\\\/\"},\"thumbnailUrl\":\"\",\"image\":{\"@type\":\"ImageObject\",\"url\":\"\"},\"articleSection\":\"Noticias Nacionales\",\"author\":[],\"creator\":[],\"publisher\":{\"@type\":\"Organization\",\"name\":\"Noticias\",\"logo\":\"\"},\"keywords\":[],\"dateCreated\":\"2024-10-24T09:03:51Z\",\"datePublished\":\"2024-10-24T09:03:51Z\",\"dateModified\":\"2024-10-24T09:03:51Z\"}<\/script>","tracker_url":"https:\/\/cdn.parsely.com\/keys\/noticiasya.com\/p.js"},"jetpack_featured_media_url":"","jetpack-related-posts":[{"id":1455341,"url":"https:\/\/noticiasya.com\/midland-odessa\/2024\/10\/24\/quien-es-ivan-marquez-disidente-farc-orix\/","url_meta":{"origin":1455331,"position":0},"title":"\u00bfQui\u00e9n es Iv\u00e1n M\u00e1rquez, el l\u00edder de las disidencias de las FARC?","author":"","date":"octubre 24, 2024","format":false,"excerpt":"(CNN Espa\u00f1ol) -- Las autoridades colombianas investigan la supuesta muerte de Luciano Mar\u00edn Arango, alias \u201cIv\u00e1n M\u00e1rquez\u201d, un l\u00edder de la desmovilizada guerrilla de las Fuerzas Armadas Revolucionarias de Colombia (FARC), que en 2019 retom\u00f3 las armas y el liderazgo de las disidencias de ese grupo armado\u00a0y se refugi\u00f3 en\u2026","rel":"","context":"In &quot;Noticias Nacionales&quot;","block_context":{"text":"Noticias Nacionales","link":"https:\/\/noticiasya.com\/midland-odessa\/categoria\/noticias-nacionales"},"img":{"alt_text":"","src":"","width":0,"height":0},"classes":[]},{"id":1459311,"url":"https:\/\/noticiasya.com\/midland-odessa\/2025\/02\/27\/francia-marquez-denuncia-amenazas-corrupcion-petro-orix\/","url_meta":{"origin":1455331,"position":1},"title":"La vicepresidenta de Colombia denuncia amenazas contra su vida por se\u00f1alar posible corrupci\u00f3n en el Gobierno de Gustavo Petro","author":"","date":"febrero 27, 2025","format":false,"excerpt":"La vicepresidenta de Colombia, Francia M\u00e1rquez, denunci\u00f3 este jueves amenazas contra su vida y la de su familia luego de haber se\u00f1alado en una carta publicada en su cuenta de X posibles actos de corrupci\u00f3n en el Gobierno que encabeza el presidente Gustavo Petro.M\u00e1rquez afirm\u00f3 en la misiva que no\u2026","rel":"","context":"In &quot;Noticias Nacionales&quot;","block_context":{"text":"Noticias Nacionales","link":"https:\/\/noticiasya.com\/midland-odessa\/categoria\/noticias-nacionales"},"img":{"alt_text":"","src":"","width":0,"height":0},"classes":[]},{"id":1468539,"url":"https:\/\/noticiasya.com\/midland-odessa\/2025\/11\/20\/colombia-venezuela-salida-negociada-maduro-canciller-orix\/","url_meta":{"origin":1455331,"position":2},"title":"Colombia niega que apoye una salida negociada de Maduro tras declaraciones de su canciller","author":"","date":"noviembre 20, 2025","format":false,"excerpt":"El Gobierno de Colombia neg\u00f3 que apoye un plan para una salida negociada del poder del presidente de Venezuela, Nicol\u00e1s Maduro, luego de una entrevista de la canciller de Colombia, publicada el mi\u00e9rcoles, en la que habl\u00f3 de esa posibilidad y se mostr\u00f3 a favor de un eventual plan para\u2026","rel":"","context":"In &quot;Noticias Nacionales&quot;","block_context":{"text":"Noticias Nacionales","link":"https:\/\/noticiasya.com\/midland-odessa\/categoria\/noticias-nacionales"},"img":{"alt_text":"","src":"","width":0,"height":0},"classes":[]},{"id":1464314,"url":"https:\/\/noticiasya.com\/midland-odessa\/2025\/07\/08\/petro-carta-trump-tension-marco-rubio-orix\/","url_meta":{"origin":1455331,"position":3},"title":"Petro le envi\u00f3 una carta Trump para intentar aliviar tensiones tras acusaciones contra Marco Rubio","author":"","date":"julio 8, 2025","format":false,"excerpt":"El presidente de Colombia, Gustavo Petro, envi\u00f3 una carta fechada el 23 de junio a su hom\u00f3logo de Estados Unidos, Donald Trump, donde explica sus acusaciones contra el secretario de Estado Marco Rubio en un supuesto complot para perpetrar un golpe de Estado en Colombia.La nota fue publicada este lunes\u2026","rel":"","context":"In &quot;Noticias Nacionales&quot;","block_context":{"text":"Noticias Nacionales","link":"https:\/\/noticiasya.com\/midland-odessa\/categoria\/noticias-nacionales"},"img":{"alt_text":"","src":"","width":0,"height":0},"classes":[]},{"id":1457394,"url":"https:\/\/noticiasya.com\/midland-odessa\/2025\/01\/09\/diosdado-cabello-acusa-enrique-marquez-intento-golpe-orix\/","url_meta":{"origin":1455331,"position":4},"title":"Diosdado Cabello acusa a Enrique M\u00e1rquez de estar involucrado en un intento de golpe de Estado en Venezuela","author":"","date":"enero 9, 2025","format":false,"excerpt":"El ministro del Interior de Venezuela, Diosdado Cabello, acus\u00f3 este mi\u00e9rcoles al excandidato presidencial Enrique M\u00e1rquez de estar involucrado en un intento de golpe de Estado en el pa\u00eds. El funcionario dijo que M\u00e1rquez fue detenido.Cabello hizo los se\u00f1alamientos durante su programa televisivo semanal, \u201cCon el mazo dando\u201d, un d\u00eda\u2026","rel":"","context":"In &quot;Noticias Nacionales&quot;","block_context":{"text":"Noticias Nacionales","link":"https:\/\/noticiasya.com\/midland-odessa\/categoria\/noticias-nacionales"},"img":{"alt_text":"","src":"","width":0,"height":0},"classes":[]},{"id":1464394,"url":"https:\/\/noticiasya.com\/midland-odessa\/2025\/07\/10\/relacion-petro-trump-eeuu-tension-diplomatica-orix\/","url_meta":{"origin":1455331,"position":5},"title":"\u00bfC\u00f3mo quedan las relaciones diplom\u00e1ticas entre Colombia y EE.UU. tras la \u00faltima crisis de Petro y Trump?","author":"","date":"julio 10, 2025","format":false,"excerpt":"Las relaciones diplom\u00e1ticas entre Colombia y Estados Unidos atraviesan uno de sus momentos m\u00e1s fr\u00e1giles en a\u00f1os, marcadas por acusaciones de complot, declaraciones cruzadas y el llamado a consultas de los representantes diplom\u00e1ticos. \u00bfEs irreversible el distanciamiento en lo que queda de mandato de Gustavo Petro?Tras declaraciones del presidente de\u2026","rel":"","context":"In &quot;Noticias Nacionales&quot;","block_context":{"text":"Noticias Nacionales","link":"https:\/\/noticiasya.com\/midland-odessa\/categoria\/noticias-nacionales"},"img":{"alt_text":"","src":"","width":0,"height":0},"classes":[]}],"jetpack_sharing_enabled":true,"_links":{"self":[{"href":"https:\/\/noticiasya.com\/midland-odessa\/wp-json\/wp\/v2\/posts\/1455331","targetHints":{"allow":["GET"]}}],"collection":[{"href":"https:\/\/noticiasya.com\/midland-odessa\/wp-json\/wp\/v2\/posts"}],"about":[{"href":"https:\/\/noticiasya.com\/midland-odessa\/wp-json\/wp\/v2\/types\/post"}],"replies":[{"embeddable":true,"href":"https:\/\/noticiasya.com\/midland-odessa\/wp-json\/wp\/v2\/comments?post=1455331"}],"version-history":[{"count":0,"href":"https:\/\/noticiasya.com\/midland-odessa\/wp-json\/wp\/v2\/posts\/1455331\/revisions"}],"wp:attachment":[{"href":"https:\/\/noticiasya.com\/midland-odessa\/wp-json\/wp\/v2\/media?parent=1455331"}],"wp:term":[{"taxonomy":"category","embeddable":true,"href":"https:\/\/noticiasya.com\/midland-odessa\/wp-json\/wp\/v2\/categories?post=1455331"},{"taxonomy":"post_tag","embeddable":true,"href":"https:\/\/noticiasya.com\/midland-odessa\/wp-json\/wp\/v2\/tags?post=1455331"}],"curies":[{"name":"wp","href":"https:\/\/api.w.org\/{rel}","templated":true}]}}