{"id":1455332,"date":"2024-10-24T13:03:53","date_gmt":"2024-10-24T20:03:53","guid":{"rendered":"https:\/\/noticiasya.com\/2024\/10\/24\/venecia-aumenta-dias-de-pago-visitar-la-ciudad-orix\/"},"modified":"2024-10-24T13:03:53","modified_gmt":"2024-10-24T20:03:53","slug":"venecia-aumenta-dias-de-pago-visitar-la-ciudad-orix","status":"publish","type":"post","link":"https:\/\/noticiasya.com\/midland-odessa\/2024\/10\/24\/venecia-aumenta-dias-de-pago-visitar-la-ciudad-orix\/","title":{"rendered":"Venecia aumenta el n\u00famero de d\u00edas de pago por visitar la ciudad"},"content":{"rendered":"<p>(CNN Espa\u00f1ol) &#8212; Los turistas de \u00faltima hora deber\u00e1n pagar el doble. Esta ha sido la decisi\u00f3n del ayuntamiento de Venecia para poner freno al exceso de visitantes por el d\u00eda.<\/p>\n<p>Quienes decidan ir a la ciudad de la laguna italiana con solo cuatro d\u00edas de antelaci\u00f3n deber\u00e1n pagar US$ 10,81. El resto, la mitad. Para poder realizar el pago primero habr\u00e1 que completar el formulario que se encuentra disponible en la web o en la app del municipio, disponible en varios idiomas. A cambio, el turista recibir\u00e1 un c\u00f3digo QR que servir\u00e1 para entrar en la ciudad, donde los puntos de ingreso estar\u00e1n custodiadas por personal de seguridad. Las multas por entrar sin haber pagado oscilan entre los US$ 54,12 y US$ 324,72.<\/p>\n<p>Protestan en Venecia por el cobro de entrada a visitantes<\/p>\n<p>Venecia introduce un impuesto para los turistas. (Cr\u00e9dito: Remo Casilli\/Reuters)<\/p>\n<p>La tarifa se aplicar\u00e1 en 54 d\u00edas del a\u00f1o 2025: los fines de semana y fiestas locales que van del 18 de abril al 27 de julio. No se incluyen, por tanto, los carnavales, que se celebran a principios de marzo, ni los meses del oto\u00f1o e invierno europeos, cuando el tiempo no suele ser tan bueno. Quedan exentos del pago aquellos turistas que pasen al menos una noche en Venecia, ya que el impuesto por noche ya est\u00e1 a\u00f1adido a sus facturas de alojamiento.<\/p>\n<p>De este modo el alcalde de la ciudad, Luigi Brugnaro, extiende a 2025 el experimento que realiz\u00f3 durante el mismo per\u00edodo en 2024, elevando los precios y los d\u00edas, puesto que este a\u00f1o la tarifa se aplic\u00f3 en 29 jornadas.<\/p>\n<p>\u201cEn Venecia queremos encontrar soluciones a los problemas que son una realidad en muchas otras ciudades de Italia y del mundo\u201d, se\u00f1al\u00f3 en sus redes sociales. La ciudad se convirti\u00f3 en la primera del mundo en cobrar una tarifa de entrada a los visitantes. Y desde un punto de vista econ\u00f3mico esta medida dio resultado, puesto que recaudaron m\u00e1s de US$ 2,5 millones.<\/p>\n<p>Al igual que este a\u00f1o, las medidas que se adoptar\u00e1n en 2025 para gestionar mejor el flujo tur\u00edstico no incluyen el establecimiento de un n\u00famero m\u00e1ximo de visitantes por d\u00eda. Este es uno de los puntos m\u00e1s criticados por algunos grupos de oposici\u00f3n como \u201cTutta la citt\u00e0 insieme\u201d donde se\u00f1alaron que este pago por entrar en Venecia no sirvi\u00f3 para reducir el n\u00famero de turistas sino todo lo contrario.<\/p>\n<p>La ciudad de la laguna lleva tiempo buscando soluciones a los problemas generados por el exceso de turismo y el cambio clim\u00e1tico. Tanto es as\u00ed que hasta la UNESCO lleg\u00f3 a recomendar que la ciudad se incluyera en su \u201clista negra\u201d, la de aquellos lugares patrimonio de la Humanidad que est\u00e1n en peligro.<\/p>\n<p>The-CNN-Wire<br \/>&trade; &amp; &copy; 2024 Cable News Network, Inc., a Warner Bros. Discovery Company. All rights reserved.<\/p>\n","protected":false},"excerpt":{"rendered":"<p>(CNN Espa\u00f1ol) &#8212; Los turistas de \u00faltima hora deber\u00e1n pagar el doble. Esta ha sido la decisi\u00f3n del ayuntamiento de Venecia para poner freno al exceso de visitantes por el d\u00eda. Quienes decidan ir a la ciudad de la laguna italiana con solo cuatro d\u00edas de antelaci\u00f3n deber\u00e1n pagar US$ 10,81. El resto, la mitad. [&hellip;]<\/p>\n","protected":false},"author":0,"featured_media":0,"comment_status":"open","ping_status":"open","sticky":false,"template":"","format":"standard","meta":{"_jetpack_memberships_contains_paid_content":false,"footnotes":""},"categories":[10],"tags":[],"class_list":["post-1455332","post","type-post","status-publish","format-standard","hentry","category-noticias-nacionales","market-global"],"yoast_head":"<!-- This site is optimized with the Yoast SEO plugin v24.4 - https:\/\/yoast.com\/wordpress\/plugins\/seo\/ -->\n<title>Venecia aumenta el n\u00famero de d\u00edas de pago por visitar la ciudad - Noticias<\/title>\n<meta name=\"robots\" content=\"index, follow, max-snippet:-1, max-image-preview:large, max-video-preview:-1\" \/>\n<link rel=\"canonical\" href=\"https:\/\/noticiasya.com\/2024\/10\/24\/venecia-aumenta-dias-de-pago-visitar-la-ciudad-orix\/\" \/>\n<meta property=\"og:locale\" content=\"es_ES\" \/>\n<meta property=\"og:type\" content=\"article\" \/>\n<meta property=\"og:title\" content=\"Venecia aumenta el n\u00famero de d\u00edas de pago por visitar la ciudad - Noticias\" \/>\n<meta property=\"og:description\" content=\"(CNN Espa\u00f1ol) &#8212; Los turistas de \u00faltima hora deber\u00e1n pagar el doble. Esta ha sido la decisi\u00f3n del ayuntamiento de Venecia para poner freno al exceso de visitantes por el d\u00eda. Quienes decidan ir a la ciudad de la laguna italiana con solo cuatro d\u00edas de antelaci\u00f3n deber\u00e1n pagar US$ 10,81. El resto, la mitad. [&hellip;]\" \/>\n<meta property=\"og:url\" content=\"https:\/\/noticiasya.com\/2024\/10\/24\/venecia-aumenta-dias-de-pago-visitar-la-ciudad-orix\/\" \/>\n<meta property=\"og:site_name\" content=\"Noticias\" \/>\n<meta property=\"article:published_time\" content=\"2024-10-24T20:03:53+00:00\" \/>\n<meta name=\"twitter:card\" content=\"summary_large_image\" \/>\n<meta name=\"twitter:label1\" content=\"Est. reading time\" \/>\n\t<meta name=\"twitter:data1\" content=\"2 minutos\" \/>\n<script type=\"application\/ld+json\" class=\"yoast-schema-graph\">{\"@context\":\"https:\/\/schema.org\",\"@graph\":[{\"@type\":\"Article\",\"@id\":\"https:\/\/noticiasya.com\/2024\/10\/24\/venecia-aumenta-dias-de-pago-visitar-la-ciudad-orix\/#article\",\"isPartOf\":{\"@id\":\"https:\/\/noticiasya.com\/2024\/10\/24\/venecia-aumenta-dias-de-pago-visitar-la-ciudad-orix\/\"},\"author\":{\"name\":\"\",\"@id\":\"\"},\"headline\":\"Venecia aumenta el n\u00famero de d\u00edas de pago por visitar la ciudad\",\"datePublished\":\"2024-10-24T20:03:53+00:00\",\"mainEntityOfPage\":{\"@id\":\"https:\/\/noticiasya.com\/2024\/10\/24\/venecia-aumenta-dias-de-pago-visitar-la-ciudad-orix\/\"},\"wordCount\":505,\"commentCount\":0,\"publisher\":{\"@id\":\"https:\/\/noticiasya.com\/#organization\"},\"articleSection\":[\"Noticias Nacionales\"],\"inLanguage\":\"es\",\"potentialAction\":[{\"@type\":\"CommentAction\",\"name\":\"Comment\",\"target\":[\"https:\/\/noticiasya.com\/2024\/10\/24\/venecia-aumenta-dias-de-pago-visitar-la-ciudad-orix\/#respond\"]}]},{\"@type\":\"WebPage\",\"@id\":\"https:\/\/noticiasya.com\/2024\/10\/24\/venecia-aumenta-dias-de-pago-visitar-la-ciudad-orix\/\",\"url\":\"https:\/\/noticiasya.com\/2024\/10\/24\/venecia-aumenta-dias-de-pago-visitar-la-ciudad-orix\/\",\"name\":\"Venecia aumenta el n\u00famero de d\u00edas de pago por visitar la ciudad - Noticias\",\"isPartOf\":{\"@id\":\"https:\/\/noticiasya.com\/#website\"},\"datePublished\":\"2024-10-24T20:03:53+00:00\",\"breadcrumb\":{\"@id\":\"https:\/\/noticiasya.com\/2024\/10\/24\/venecia-aumenta-dias-de-pago-visitar-la-ciudad-orix\/#breadcrumb\"},\"inLanguage\":\"es\",\"potentialAction\":[{\"@type\":\"ReadAction\",\"target\":[\"https:\/\/noticiasya.com\/2024\/10\/24\/venecia-aumenta-dias-de-pago-visitar-la-ciudad-orix\/\"]}]},{\"@type\":\"BreadcrumbList\",\"@id\":\"https:\/\/noticiasya.com\/2024\/10\/24\/venecia-aumenta-dias-de-pago-visitar-la-ciudad-orix\/#breadcrumb\",\"itemListElement\":[{\"@type\":\"ListItem\",\"position\":1,\"name\":\"Home\",\"item\":\"https:\/\/noticiasya.com\/\"},{\"@type\":\"ListItem\",\"position\":2,\"name\":\"Venecia aumenta el n\u00famero de d\u00edas de pago por visitar la ciudad\"}]},{\"@type\":\"WebSite\",\"@id\":\"https:\/\/noticiasya.com\/#website\",\"url\":\"https:\/\/noticiasya.com\/\",\"name\":\"Noticias\",\"description\":\"Lo que importa\",\"publisher\":{\"@id\":\"https:\/\/noticiasya.com\/#organization\"},\"potentialAction\":[{\"@type\":\"SearchAction\",\"target\":{\"@type\":\"EntryPoint\",\"urlTemplate\":\"https:\/\/noticiasya.com\/?s={search_term_string}\"},\"query-input\":{\"@type\":\"PropertyValueSpecification\",\"valueRequired\":true,\"valueName\":\"search_term_string\"}}],\"inLanguage\":\"es\"},{\"@type\":\"Organization\",\"@id\":\"https:\/\/noticiasya.com\/#organization\",\"name\":\"Noticias\",\"url\":\"https:\/\/noticiasya.com\/\",\"logo\":{\"@type\":\"ImageObject\",\"inLanguage\":\"es\",\"@id\":\"https:\/\/noticiasya.com\/#\/schema\/logo\/image\/\",\"url\":\"https:\/\/noticiasya.com\/wp-content\/uploads\/sites\/22\/2023\/12\/logo-nacional.png\",\"contentUrl\":\"https:\/\/noticiasya.com\/wp-content\/uploads\/sites\/22\/2023\/12\/logo-nacional.png\",\"width\":1801,\"height\":691,\"caption\":\"Noticias\"},\"image\":{\"@id\":\"https:\/\/noticiasya.com\/#\/schema\/logo\/image\/\"}}]}<\/script>\n<!-- \/ Yoast SEO plugin. -->","yoast_head_json":{"title":"Venecia aumenta el n\u00famero de d\u00edas de pago por visitar la ciudad - Noticias","robots":{"index":"index","follow":"follow","max-snippet":"max-snippet:-1","max-image-preview":"max-image-preview:large","max-video-preview":"max-video-preview:-1"},"canonical":"https:\/\/noticiasya.com\/2024\/10\/24\/venecia-aumenta-dias-de-pago-visitar-la-ciudad-orix\/","og_locale":"es_ES","og_type":"article","og_title":"Venecia aumenta el n\u00famero de d\u00edas de pago por visitar la ciudad - Noticias","og_description":"(CNN Espa\u00f1ol) &#8212; Los turistas de \u00faltima hora deber\u00e1n pagar el doble. Esta ha sido la decisi\u00f3n del ayuntamiento de Venecia para poner freno al exceso de visitantes por el d\u00eda. Quienes decidan ir a la ciudad de la laguna italiana con solo cuatro d\u00edas de antelaci\u00f3n deber\u00e1n pagar US$ 10,81. El resto, la mitad. [&hellip;]","og_url":"https:\/\/noticiasya.com\/2024\/10\/24\/venecia-aumenta-dias-de-pago-visitar-la-ciudad-orix\/","og_site_name":"Noticias","article_published_time":"2024-10-24T20:03:53+00:00","twitter_card":"summary_large_image","twitter_misc":{"Est. reading time":"2 minutos"},"schema":{"@context":"https:\/\/schema.org","@graph":[{"@type":"Article","@id":"https:\/\/noticiasya.com\/2024\/10\/24\/venecia-aumenta-dias-de-pago-visitar-la-ciudad-orix\/#article","isPartOf":{"@id":"https:\/\/noticiasya.com\/2024\/10\/24\/venecia-aumenta-dias-de-pago-visitar-la-ciudad-orix\/"},"author":{"name":"","@id":""},"headline":"Venecia aumenta el n\u00famero de d\u00edas de pago por visitar la ciudad","datePublished":"2024-10-24T20:03:53+00:00","mainEntityOfPage":{"@id":"https:\/\/noticiasya.com\/2024\/10\/24\/venecia-aumenta-dias-de-pago-visitar-la-ciudad-orix\/"},"wordCount":505,"commentCount":0,"publisher":{"@id":"https:\/\/noticiasya.com\/#organization"},"articleSection":["Noticias Nacionales"],"inLanguage":"es","potentialAction":[{"@type":"CommentAction","name":"Comment","target":["https:\/\/noticiasya.com\/2024\/10\/24\/venecia-aumenta-dias-de-pago-visitar-la-ciudad-orix\/#respond"]}]},{"@type":"WebPage","@id":"https:\/\/noticiasya.com\/2024\/10\/24\/venecia-aumenta-dias-de-pago-visitar-la-ciudad-orix\/","url":"https:\/\/noticiasya.com\/2024\/10\/24\/venecia-aumenta-dias-de-pago-visitar-la-ciudad-orix\/","name":"Venecia aumenta el n\u00famero de d\u00edas de pago por visitar la ciudad - Noticias","isPartOf":{"@id":"https:\/\/noticiasya.com\/#website"},"datePublished":"2024-10-24T20:03:53+00:00","breadcrumb":{"@id":"https:\/\/noticiasya.com\/2024\/10\/24\/venecia-aumenta-dias-de-pago-visitar-la-ciudad-orix\/#breadcrumb"},"inLanguage":"es","potentialAction":[{"@type":"ReadAction","target":["https:\/\/noticiasya.com\/2024\/10\/24\/venecia-aumenta-dias-de-pago-visitar-la-ciudad-orix\/"]}]},{"@type":"BreadcrumbList","@id":"https:\/\/noticiasya.com\/2024\/10\/24\/venecia-aumenta-dias-de-pago-visitar-la-ciudad-orix\/#breadcrumb","itemListElement":[{"@type":"ListItem","position":1,"name":"Home","item":"https:\/\/noticiasya.com\/"},{"@type":"ListItem","position":2,"name":"Venecia aumenta el n\u00famero de d\u00edas de pago por visitar la ciudad"}]},{"@type":"WebSite","@id":"https:\/\/noticiasya.com\/#website","url":"https:\/\/noticiasya.com\/","name":"Noticias","description":"Lo que importa","publisher":{"@id":"https:\/\/noticiasya.com\/#organization"},"potentialAction":[{"@type":"SearchAction","target":{"@type":"EntryPoint","urlTemplate":"https:\/\/noticiasya.com\/?s={search_term_string}"},"query-input":{"@type":"PropertyValueSpecification","valueRequired":true,"valueName":"search_term_string"}}],"inLanguage":"es"},{"@type":"Organization","@id":"https:\/\/noticiasya.com\/#organization","name":"Noticias","url":"https:\/\/noticiasya.com\/","logo":{"@type":"ImageObject","inLanguage":"es","@id":"https:\/\/noticiasya.com\/#\/schema\/logo\/image\/","url":"https:\/\/noticiasya.com\/wp-content\/uploads\/sites\/22\/2023\/12\/logo-nacional.png","contentUrl":"https:\/\/noticiasya.com\/wp-content\/uploads\/sites\/22\/2023\/12\/logo-nacional.png","width":1801,"height":691,"caption":"Noticias"},"image":{"@id":"https:\/\/noticiasya.com\/#\/schema\/logo\/image\/"}}]}},"parsely":{"version":"1.1.0","canonical_url":"https:\/\/noticiasya.com\/midland-odessa\/2024\/10\/24\/venecia-aumenta-dias-de-pago-visitar-la-ciudad-orix\/","smart_links":{"inbound":0,"outbound":0},"traffic_boost_suggestions_count":0,"meta":{"@context":"https:\/\/schema.org","@type":"NewsArticle","headline":"Venecia aumenta el n\u00famero de d\u00edas de pago por visitar la ciudad","url":"http:\/\/noticiasya.com\/midland-odessa\/2024\/10\/24\/venecia-aumenta-dias-de-pago-visitar-la-ciudad-orix\/","mainEntityOfPage":{"@type":"WebPage","@id":"http:\/\/noticiasya.com\/midland-odessa\/2024\/10\/24\/venecia-aumenta-dias-de-pago-visitar-la-ciudad-orix\/"},"thumbnailUrl":"","image":{"@type":"ImageObject","url":""},"articleSection":"Noticias Nacionales","author":[],"creator":[],"publisher":{"@type":"Organization","name":"Noticias","logo":""},"keywords":[],"dateCreated":"2024-10-24T20:03:53Z","datePublished":"2024-10-24T20:03:53Z","dateModified":"2024-10-24T20:03:53Z"},"rendered":"<script type=\"application\/ld+json\" class=\"wp-parsely-metadata\">{\"@context\":\"https:\\\/\\\/schema.org\",\"@type\":\"NewsArticle\",\"headline\":\"Venecia aumenta el n\\u00famero de d\\u00edas de pago por visitar la ciudad\",\"url\":\"http:\\\/\\\/noticiasya.com\\\/midland-odessa\\\/2024\\\/10\\\/24\\\/venecia-aumenta-dias-de-pago-visitar-la-ciudad-orix\\\/\",\"mainEntityOfPage\":{\"@type\":\"WebPage\",\"@id\":\"http:\\\/\\\/noticiasya.com\\\/midland-odessa\\\/2024\\\/10\\\/24\\\/venecia-aumenta-dias-de-pago-visitar-la-ciudad-orix\\\/\"},\"thumbnailUrl\":\"\",\"image\":{\"@type\":\"ImageObject\",\"url\":\"\"},\"articleSection\":\"Noticias Nacionales\",\"author\":[],\"creator\":[],\"publisher\":{\"@type\":\"Organization\",\"name\":\"Noticias\",\"logo\":\"\"},\"keywords\":[],\"dateCreated\":\"2024-10-24T20:03:53Z\",\"datePublished\":\"2024-10-24T20:03:53Z\",\"dateModified\":\"2024-10-24T20:03:53Z\"}<\/script>","tracker_url":"https:\/\/cdn.parsely.com\/keys\/noticiasya.com\/p.js"},"jetpack_featured_media_url":"","jetpack-related-posts":[{"id":1448518,"url":"https:\/\/noticiasya.com\/midland-odessa\/2024\/04\/25\/protestas-venecia-cobro-de-entrada-visitantes-trax\/","url_meta":{"origin":1455332,"position":0},"title":"Protestan en Venecia por el cobro de entrada a visitantes","author":"","date":"abril 25, 2024","format":false,"excerpt":"Venecia, Italia (CNN) -- El 25 de abril fue durante mucho tiempo un d\u00eda hist\u00f3rico en Venecia: la fecha no es solo el d\u00eda de la Liberaci\u00f3n de Italia, sino tambi\u00e9n la fiesta del santo patr\u00f3n de la ciudad, San Marcos.Pero ahora Venecia obtendr\u00e1 otra dosis de historia para conmemorar\u2026","rel":"","context":"In &quot;Noticias Nacionales&quot;","block_context":{"text":"Noticias Nacionales","link":"https:\/\/noticiasya.com\/midland-odessa\/categoria\/noticias-nacionales"},"img":{"alt_text":"","src":"","width":0,"height":0},"classes":[]},{"id":1458533,"url":"https:\/\/noticiasya.com\/midland-odessa\/2025\/02\/10\/venecia-duplica-tarifas-entrada-excursionistas-2025-trax\/","url_meta":{"origin":1455332,"position":1},"title":"Venecia duplica las tarifas de entrada para visitantes en 2025","author":"","date":"febrero 10, 2025","format":false,"excerpt":"La tarifa de entrada a Venecia regres\u00f3, lo que supone un inconveniente para los excursionistas de \u00faltima hora a la ciudad, que ver\u00e1n que la tarifa de entrada se duplica de los 5 euros del a\u00f1o pasado a 10 euros. El monto tambi\u00e9n se aplicar\u00e1 en casi el doble de\u2026","rel":"","context":"In &quot;Noticias Nacionales&quot;","block_context":{"text":"Noticias Nacionales","link":"https:\/\/noticiasya.com\/midland-odessa\/categoria\/noticias-nacionales"},"img":{"alt_text":"","src":"","width":0,"height":0},"classes":[]},{"id":1442950,"url":"https:\/\/noticiasya.com\/midland-odessa\/2023\/12\/31\/estos-fueron-algunos-de-los-peores-destinos-de-2023-por-el-exceso-de-turistas-como-evitar-las-multitudes-el-ano-que-viene\/","url_meta":{"origin":1455332,"position":2},"title":"Estos fueron algunos de los peores destinos de 2023 por el exceso de turistas. C\u00f3mo evitar las multitudes el a\u00f1o que viene","author":"","date":"diciembre 31, 2023","format":false,"excerpt":"(CNN) -- Tras varios a\u00f1os de declive inducido por la pandemia, el sector de los viajes no solo est\u00e1 de vuelta, sino en pleno auge. Seg\u00fan el Consejo Mundial de Viajes y Turismo, se espera que el sector recaude unos US$ 9,5 billones en 2023, un 95% m\u00e1s que antes\u2026","rel":"","context":"In &quot;Noticias Nacionales&quot;","block_context":{"text":"Noticias Nacionales","link":"https:\/\/noticiasya.com\/midland-odessa\/categoria\/noticias-nacionales"},"img":{"alt_text":"","src":"","width":0,"height":0},"classes":[]},{"id":1450528,"url":"https:\/\/noticiasya.com\/midland-odessa\/2024\/06\/19\/turistas-parkour-edificio-historico-italia-trax\/","url_meta":{"origin":1455332,"position":3},"title":"Turistas da\u00f1an edificio hist\u00f3rico en Italia al hacer parkour","author":"","date":"junio 19, 2024","format":false,"excerpt":"(CNN) -- Saltar de un edificio a otro en una ciudad antigua puede parecer un sue\u00f1o para quienes practican parkour, un deporte que implica superar obst\u00e1culos, pero puede causar da\u00f1os a edificios hist\u00f3ricos.Un grupo de parkour con sede en Londres, Team Phat, visit\u00f3 la antigua ciudad italiana de Matera, para\u2026","rel":"","context":"In &quot;Noticias Nacionales&quot;","block_context":{"text":"Noticias Nacionales","link":"https:\/\/noticiasya.com\/midland-odessa\/categoria\/noticias-nacionales"},"img":{"alt_text":"","src":"","width":0,"height":0},"classes":[]},{"id":1463906,"url":"https:\/\/noticiasya.com\/midland-odessa\/2025\/06\/24\/manifestantes-venecia-cambio-boda-bezos-sanchez-trax\/","url_meta":{"origin":1455332,"position":4},"title":"Manifestantes en Venecia se adjudican victoria tras cambio de lugar de la boda de Jeff Bezos y Lauren S\u00e1nchez","author":"","date":"junio 24, 2025","format":false,"excerpt":"Manifestantes en Venecia que se oponen a la inminente boda del multimillonario fundador de Amazon, Jeff Bezos, y la periodista Lauren S\u00e1nchez se han adjudicado una victoria, luego de que sus amenazas de protesta supuestamente motivaran un cambio en el lugar de celebraci\u00f3n.El grupo \u201cNo space for Bezos\u201d (No hay\u2026","rel":"","context":"In &quot;Noticias Nacionales&quot;","block_context":{"text":"Noticias Nacionales","link":"https:\/\/noticiasya.com\/midland-odessa\/categoria\/noticias-nacionales"},"img":{"alt_text":"","src":"","width":0,"height":0},"classes":[]},{"id":1451471,"url":"https:\/\/noticiasya.com\/midland-odessa\/2024\/07\/28\/por-que-europa-se-ha-convertido-en-el-epicentro-protestas-antiturismo-trax\/","url_meta":{"origin":1455332,"position":5},"title":"&#8216;Un punto de no retorno&#8217;: por qu\u00e9 Europa se ha convertido en el epicentro de las protestas antiturismo este verano","author":"","date":"julio 28, 2024","format":false,"excerpt":"(CNN) -- Las protestas contra el turismo se han extendido por toda Europa este verano, con manifestaciones en los Pa\u00edses Bajos, Grecia y, por supuesto, Espa\u00f1a.A principios de julio, los manifestantes marcharon por zonas tur\u00edsticas populares de la ciudad espa\u00f1ola de Barcelona rociando con pistolas de agua a los visitantes\u2026","rel":"","context":"In &quot;Noticias Nacionales&quot;","block_context":{"text":"Noticias Nacionales","link":"https:\/\/noticiasya.com\/midland-odessa\/categoria\/noticias-nacionales"},"img":{"alt_text":"","src":"","width":0,"height":0},"classes":[]}],"jetpack_sharing_enabled":true,"_links":{"self":[{"href":"https:\/\/noticiasya.com\/midland-odessa\/wp-json\/wp\/v2\/posts\/1455332","targetHints":{"allow":["GET"]}}],"collection":[{"href":"https:\/\/noticiasya.com\/midland-odessa\/wp-json\/wp\/v2\/posts"}],"about":[{"href":"https:\/\/noticiasya.com\/midland-odessa\/wp-json\/wp\/v2\/types\/post"}],"replies":[{"embeddable":true,"href":"https:\/\/noticiasya.com\/midland-odessa\/wp-json\/wp\/v2\/comments?post=1455332"}],"version-history":[{"count":0,"href":"https:\/\/noticiasya.com\/midland-odessa\/wp-json\/wp\/v2\/posts\/1455332\/revisions"}],"wp:attachment":[{"href":"https:\/\/noticiasya.com\/midland-odessa\/wp-json\/wp\/v2\/media?parent=1455332"}],"wp:term":[{"taxonomy":"category","embeddable":true,"href":"https:\/\/noticiasya.com\/midland-odessa\/wp-json\/wp\/v2\/categories?post=1455332"},{"taxonomy":"post_tag","embeddable":true,"href":"https:\/\/noticiasya.com\/midland-odessa\/wp-json\/wp\/v2\/tags?post=1455332"}],"curies":[{"name":"wp","href":"https:\/\/api.w.org\/{rel}","templated":true}]}}