{"id":1455334,"date":"2024-10-24T13:03:53","date_gmt":"2024-10-24T20:03:53","guid":{"rendered":"https:\/\/noticiasya.com\/2024\/10\/24\/brasil-salvoconducto-opositores-embajada-argentina-caracas-orix\/"},"modified":"2024-10-24T13:03:53","modified_gmt":"2024-10-24T20:03:53","slug":"brasil-salvoconducto-opositores-embajada-argentina-caracas-orix","status":"publish","type":"post","link":"https:\/\/noticiasya.com\/midland-odessa\/2024\/10\/24\/brasil-salvoconducto-opositores-embajada-argentina-caracas-orix\/","title":{"rendered":"Brasil espera un salvoconducto para los opositores refugiados en la embajada argentina en Caracas, reporta CNN Brasil"},"content":{"rendered":"<p>(CNN Espa\u00f1ol) &#8212;\u00a0El ministro de Relaciones Exteriores de Brasil, Mauro Vieira, dijo este mi\u00e9rcoles en Kazan, donde se celebra la cumbre de los BRICS, que espera que\u00a0el gobierno de Nicol\u00e1s Maduro\u00a0facilite un salvoconducto para los seis opositores asilados en la embajada argentina en Caracas, de acuerdo con un reporte de CNN Brasil, afiliada de CNN.<\/p>\n<p>Los seis refugiados \u2014Claudia Macero, Pedro Urruchurtu, Magalli Meda, Humberto Villalobos, Omar Gonz\u00e1lez y Fernando Mart\u00ednez Mottola\u2014 son parte del equipo de la l\u00edder de la mayor\u00eda opositora Mar\u00eda Corina Machado y est\u00e1n en la sede diplom\u00e1tica de Argentina desde marzo, cuando decidieron buscar la protecci\u00f3n de ese pa\u00eds porque la Fiscal\u00eda General de Venezuela hab\u00eda pedido su captura acus\u00e1ndoles de estar involucrados en una trama para derrocar a Maduro.<\/p>\n<p>Maduro se re\u00fane con Putin durante cumbre de los BRICS en Rusia; a\u00fan no se define la integraci\u00f3n de Venezuela al bloque<\/p>\n<p>La sede diplom\u00e1tica argentina est\u00e1 a cargo de Brasil desde que Caracas rompi\u00f3 relaciones con la administraci\u00f3n\u00a0de Javier Milei\u00a0luego de los pol\u00e9micos resultados de las elecciones presidenciales del 28 de julio.<\/p>\n<p>Cr\u00e9dito: Getty Images\/Getty Images South America\/Getty Images<\/p>\n<p>CNN ha solicitado m\u00e1s detalles al Ministerio de Exteriores de Brasil y a la canciller\u00eda de Venezuela y est\u00e1 a la espera de una respuesta.<\/p>\n<p>La cumbre de los BRICS, que este a\u00f1o se celebra en Kaz\u00e1n, Rusia, concluye este jueves 24 de octubre. El bloque, fundado por Brasil, Rusia, India y China, incluy\u00f3 como miembros a Egipto, Etiop\u00eda, Ir\u00e1n, Arabia Saudita y Emiratos \u00c1rabes Unidos desde el 1 de enero de 2024.<\/p>\n<p>La intenci\u00f3n de Venezuela de unirse al bloque de los BRICS qued\u00f3 manifiesta por la visita de Maduro a la cumbre. Sin embargo, el presidente de Venezuela se mantuvo en los m\u00e1rgenes del encuentro sosteniendo reuniones con el presidente de Turqu\u00eda, Recep Tayip Erdogan, y con su hom\u00f3logo de Rusia, Vladimir Putin, documentadas en sus redes sociales y en los medios estatales del pa\u00eds sudamericano.<\/p>\n<p>El Gobierno de Maduro ha manifestado el inter\u00e9s de unirse al bloque, pero se ha encontrado con la negativa de Brasil. En ese sentido, Vieira dijo que no se opone al ingreso de Venezuela, pero que el ingreso de ese pa\u00eds y de otros al grupo se toma por consenso.<\/p>\n<p>El gobierno brasile\u00f1o\u00a0ha ejercido como mediador\u00a0en la profunda crisis pol\u00edtica que atraviesa Venezuela a ra\u00edz de las elecciones presidenciales del 28 de julio.<\/p>\n<p>The-CNN-Wire<br \/>&trade; &amp; &copy; 2024 Cable News Network, Inc., a Warner Bros. Discovery Company. All rights reserved.<\/p>\n","protected":false},"excerpt":{"rendered":"<p>(CNN Espa\u00f1ol) &#8212;\u00a0El ministro de Relaciones Exteriores de Brasil, Mauro Vieira, dijo este mi\u00e9rcoles en Kazan, donde se celebra la cumbre de los BRICS, que espera que\u00a0el gobierno de Nicol\u00e1s Maduro\u00a0facilite un salvoconducto para los seis opositores asilados en la embajada argentina en Caracas, de acuerdo con un reporte de CNN Brasil, afiliada de CNN. [&hellip;]<\/p>\n","protected":false},"author":0,"featured_media":0,"comment_status":"open","ping_status":"open","sticky":false,"template":"","format":"standard","meta":{"_jetpack_memberships_contains_paid_content":false,"footnotes":""},"categories":[10],"tags":[],"class_list":["post-1455334","post","type-post","status-publish","format-standard","hentry","category-noticias-nacionales","market-global"],"yoast_head":"<!-- This site is optimized with the Yoast SEO plugin v24.4 - https:\/\/yoast.com\/wordpress\/plugins\/seo\/ -->\n<title>Brasil espera un salvoconducto para los opositores refugiados en la embajada argentina en Caracas, reporta CNN Brasil - Noticias<\/title>\n<meta name=\"robots\" content=\"index, follow, max-snippet:-1, max-image-preview:large, max-video-preview:-1\" \/>\n<link rel=\"canonical\" href=\"https:\/\/noticiasya.com\/2024\/10\/24\/brasil-salvoconducto-opositores-embajada-argentina-caracas-orix\/\" \/>\n<meta property=\"og:locale\" content=\"es_ES\" \/>\n<meta property=\"og:type\" content=\"article\" \/>\n<meta property=\"og:title\" content=\"Brasil espera un salvoconducto para los opositores refugiados en la embajada argentina en Caracas, reporta CNN Brasil - Noticias\" \/>\n<meta property=\"og:description\" content=\"(CNN Espa\u00f1ol) &#8212;\u00a0El ministro de Relaciones Exteriores de Brasil, Mauro Vieira, dijo este mi\u00e9rcoles en Kazan, donde se celebra la cumbre de los BRICS, que espera que\u00a0el gobierno de Nicol\u00e1s Maduro\u00a0facilite un salvoconducto para los seis opositores asilados en la embajada argentina en Caracas, de acuerdo con un reporte de CNN Brasil, afiliada de CNN. [&hellip;]\" \/>\n<meta property=\"og:url\" content=\"https:\/\/noticiasya.com\/2024\/10\/24\/brasil-salvoconducto-opositores-embajada-argentina-caracas-orix\/\" \/>\n<meta property=\"og:site_name\" content=\"Noticias\" \/>\n<meta property=\"article:published_time\" content=\"2024-10-24T20:03:53+00:00\" \/>\n<meta name=\"twitter:card\" content=\"summary_large_image\" \/>\n<meta name=\"twitter:label1\" content=\"Est. reading time\" \/>\n\t<meta name=\"twitter:data1\" content=\"2 minutos\" \/>\n<script type=\"application\/ld+json\" class=\"yoast-schema-graph\">{\"@context\":\"https:\/\/schema.org\",\"@graph\":[{\"@type\":\"Article\",\"@id\":\"https:\/\/noticiasya.com\/2024\/10\/24\/brasil-salvoconducto-opositores-embajada-argentina-caracas-orix\/#article\",\"isPartOf\":{\"@id\":\"https:\/\/noticiasya.com\/2024\/10\/24\/brasil-salvoconducto-opositores-embajada-argentina-caracas-orix\/\"},\"author\":{\"name\":\"\",\"@id\":\"\"},\"headline\":\"Brasil espera un salvoconducto para los opositores refugiados en la embajada argentina en Caracas, reporta CNN Brasil\",\"datePublished\":\"2024-10-24T20:03:53+00:00\",\"mainEntityOfPage\":{\"@id\":\"https:\/\/noticiasya.com\/2024\/10\/24\/brasil-salvoconducto-opositores-embajada-argentina-caracas-orix\/\"},\"wordCount\":471,\"commentCount\":0,\"publisher\":{\"@id\":\"https:\/\/noticiasya.com\/#organization\"},\"articleSection\":[\"Noticias Nacionales\"],\"inLanguage\":\"es\",\"potentialAction\":[{\"@type\":\"CommentAction\",\"name\":\"Comment\",\"target\":[\"https:\/\/noticiasya.com\/2024\/10\/24\/brasil-salvoconducto-opositores-embajada-argentina-caracas-orix\/#respond\"]}]},{\"@type\":\"WebPage\",\"@id\":\"https:\/\/noticiasya.com\/2024\/10\/24\/brasil-salvoconducto-opositores-embajada-argentina-caracas-orix\/\",\"url\":\"https:\/\/noticiasya.com\/2024\/10\/24\/brasil-salvoconducto-opositores-embajada-argentina-caracas-orix\/\",\"name\":\"Brasil espera un salvoconducto para los opositores refugiados en la embajada argentina en Caracas, reporta CNN Brasil - Noticias\",\"isPartOf\":{\"@id\":\"https:\/\/noticiasya.com\/#website\"},\"datePublished\":\"2024-10-24T20:03:53+00:00\",\"breadcrumb\":{\"@id\":\"https:\/\/noticiasya.com\/2024\/10\/24\/brasil-salvoconducto-opositores-embajada-argentina-caracas-orix\/#breadcrumb\"},\"inLanguage\":\"es\",\"potentialAction\":[{\"@type\":\"ReadAction\",\"target\":[\"https:\/\/noticiasya.com\/2024\/10\/24\/brasil-salvoconducto-opositores-embajada-argentina-caracas-orix\/\"]}]},{\"@type\":\"BreadcrumbList\",\"@id\":\"https:\/\/noticiasya.com\/2024\/10\/24\/brasil-salvoconducto-opositores-embajada-argentina-caracas-orix\/#breadcrumb\",\"itemListElement\":[{\"@type\":\"ListItem\",\"position\":1,\"name\":\"Home\",\"item\":\"https:\/\/noticiasya.com\/\"},{\"@type\":\"ListItem\",\"position\":2,\"name\":\"Brasil espera un salvoconducto para los opositores refugiados en la embajada argentina en Caracas, reporta CNN Brasil\"}]},{\"@type\":\"WebSite\",\"@id\":\"https:\/\/noticiasya.com\/#website\",\"url\":\"https:\/\/noticiasya.com\/\",\"name\":\"Noticias\",\"description\":\"Lo que importa\",\"publisher\":{\"@id\":\"https:\/\/noticiasya.com\/#organization\"},\"potentialAction\":[{\"@type\":\"SearchAction\",\"target\":{\"@type\":\"EntryPoint\",\"urlTemplate\":\"https:\/\/noticiasya.com\/?s={search_term_string}\"},\"query-input\":{\"@type\":\"PropertyValueSpecification\",\"valueRequired\":true,\"valueName\":\"search_term_string\"}}],\"inLanguage\":\"es\"},{\"@type\":\"Organization\",\"@id\":\"https:\/\/noticiasya.com\/#organization\",\"name\":\"Noticias\",\"url\":\"https:\/\/noticiasya.com\/\",\"logo\":{\"@type\":\"ImageObject\",\"inLanguage\":\"es\",\"@id\":\"https:\/\/noticiasya.com\/#\/schema\/logo\/image\/\",\"url\":\"https:\/\/noticiasya.com\/wp-content\/uploads\/sites\/22\/2023\/12\/logo-nacional.png\",\"contentUrl\":\"https:\/\/noticiasya.com\/wp-content\/uploads\/sites\/22\/2023\/12\/logo-nacional.png\",\"width\":1801,\"height\":691,\"caption\":\"Noticias\"},\"image\":{\"@id\":\"https:\/\/noticiasya.com\/#\/schema\/logo\/image\/\"}}]}<\/script>\n<!-- \/ Yoast SEO plugin. -->","yoast_head_json":{"title":"Brasil espera un salvoconducto para los opositores refugiados en la embajada argentina en Caracas, reporta CNN Brasil - Noticias","robots":{"index":"index","follow":"follow","max-snippet":"max-snippet:-1","max-image-preview":"max-image-preview:large","max-video-preview":"max-video-preview:-1"},"canonical":"https:\/\/noticiasya.com\/2024\/10\/24\/brasil-salvoconducto-opositores-embajada-argentina-caracas-orix\/","og_locale":"es_ES","og_type":"article","og_title":"Brasil espera un salvoconducto para los opositores refugiados en la embajada argentina en Caracas, reporta CNN Brasil - Noticias","og_description":"(CNN Espa\u00f1ol) &#8212;\u00a0El ministro de Relaciones Exteriores de Brasil, Mauro Vieira, dijo este mi\u00e9rcoles en Kazan, donde se celebra la cumbre de los BRICS, que espera que\u00a0el gobierno de Nicol\u00e1s Maduro\u00a0facilite un salvoconducto para los seis opositores asilados en la embajada argentina en Caracas, de acuerdo con un reporte de CNN Brasil, afiliada de CNN. [&hellip;]","og_url":"https:\/\/noticiasya.com\/2024\/10\/24\/brasil-salvoconducto-opositores-embajada-argentina-caracas-orix\/","og_site_name":"Noticias","article_published_time":"2024-10-24T20:03:53+00:00","twitter_card":"summary_large_image","twitter_misc":{"Est. reading time":"2 minutos"},"schema":{"@context":"https:\/\/schema.org","@graph":[{"@type":"Article","@id":"https:\/\/noticiasya.com\/2024\/10\/24\/brasil-salvoconducto-opositores-embajada-argentina-caracas-orix\/#article","isPartOf":{"@id":"https:\/\/noticiasya.com\/2024\/10\/24\/brasil-salvoconducto-opositores-embajada-argentina-caracas-orix\/"},"author":{"name":"","@id":""},"headline":"Brasil espera un salvoconducto para los opositores refugiados en la embajada argentina en Caracas, reporta CNN Brasil","datePublished":"2024-10-24T20:03:53+00:00","mainEntityOfPage":{"@id":"https:\/\/noticiasya.com\/2024\/10\/24\/brasil-salvoconducto-opositores-embajada-argentina-caracas-orix\/"},"wordCount":471,"commentCount":0,"publisher":{"@id":"https:\/\/noticiasya.com\/#organization"},"articleSection":["Noticias Nacionales"],"inLanguage":"es","potentialAction":[{"@type":"CommentAction","name":"Comment","target":["https:\/\/noticiasya.com\/2024\/10\/24\/brasil-salvoconducto-opositores-embajada-argentina-caracas-orix\/#respond"]}]},{"@type":"WebPage","@id":"https:\/\/noticiasya.com\/2024\/10\/24\/brasil-salvoconducto-opositores-embajada-argentina-caracas-orix\/","url":"https:\/\/noticiasya.com\/2024\/10\/24\/brasil-salvoconducto-opositores-embajada-argentina-caracas-orix\/","name":"Brasil espera un salvoconducto para los opositores refugiados en la embajada argentina en Caracas, reporta CNN Brasil - Noticias","isPartOf":{"@id":"https:\/\/noticiasya.com\/#website"},"datePublished":"2024-10-24T20:03:53+00:00","breadcrumb":{"@id":"https:\/\/noticiasya.com\/2024\/10\/24\/brasil-salvoconducto-opositores-embajada-argentina-caracas-orix\/#breadcrumb"},"inLanguage":"es","potentialAction":[{"@type":"ReadAction","target":["https:\/\/noticiasya.com\/2024\/10\/24\/brasil-salvoconducto-opositores-embajada-argentina-caracas-orix\/"]}]},{"@type":"BreadcrumbList","@id":"https:\/\/noticiasya.com\/2024\/10\/24\/brasil-salvoconducto-opositores-embajada-argentina-caracas-orix\/#breadcrumb","itemListElement":[{"@type":"ListItem","position":1,"name":"Home","item":"https:\/\/noticiasya.com\/"},{"@type":"ListItem","position":2,"name":"Brasil espera un salvoconducto para los opositores refugiados en la embajada argentina en Caracas, reporta CNN Brasil"}]},{"@type":"WebSite","@id":"https:\/\/noticiasya.com\/#website","url":"https:\/\/noticiasya.com\/","name":"Noticias","description":"Lo que importa","publisher":{"@id":"https:\/\/noticiasya.com\/#organization"},"potentialAction":[{"@type":"SearchAction","target":{"@type":"EntryPoint","urlTemplate":"https:\/\/noticiasya.com\/?s={search_term_string}"},"query-input":{"@type":"PropertyValueSpecification","valueRequired":true,"valueName":"search_term_string"}}],"inLanguage":"es"},{"@type":"Organization","@id":"https:\/\/noticiasya.com\/#organization","name":"Noticias","url":"https:\/\/noticiasya.com\/","logo":{"@type":"ImageObject","inLanguage":"es","@id":"https:\/\/noticiasya.com\/#\/schema\/logo\/image\/","url":"https:\/\/noticiasya.com\/wp-content\/uploads\/sites\/22\/2023\/12\/logo-nacional.png","contentUrl":"https:\/\/noticiasya.com\/wp-content\/uploads\/sites\/22\/2023\/12\/logo-nacional.png","width":1801,"height":691,"caption":"Noticias"},"image":{"@id":"https:\/\/noticiasya.com\/#\/schema\/logo\/image\/"}}]}},"parsely":{"version":"1.1.0","canonical_url":"https:\/\/noticiasya.com\/midland-odessa\/2024\/10\/24\/brasil-salvoconducto-opositores-embajada-argentina-caracas-orix\/","smart_links":{"inbound":0,"outbound":0},"traffic_boost_suggestions_count":0,"meta":{"@context":"https:\/\/schema.org","@type":"NewsArticle","headline":"Brasil espera un salvoconducto para los opositores refugiados en la embajada argentina en Caracas, reporta CNN Brasil","url":"http:\/\/noticiasya.com\/midland-odessa\/2024\/10\/24\/brasil-salvoconducto-opositores-embajada-argentina-caracas-orix\/","mainEntityOfPage":{"@type":"WebPage","@id":"http:\/\/noticiasya.com\/midland-odessa\/2024\/10\/24\/brasil-salvoconducto-opositores-embajada-argentina-caracas-orix\/"},"thumbnailUrl":"","image":{"@type":"ImageObject","url":""},"articleSection":"Noticias Nacionales","author":[],"creator":[],"publisher":{"@type":"Organization","name":"Noticias","logo":""},"keywords":[],"dateCreated":"2024-10-24T20:03:53Z","datePublished":"2024-10-24T20:03:53Z","dateModified":"2024-10-24T20:03:53Z"},"rendered":"<script type=\"application\/ld+json\" class=\"wp-parsely-metadata\">{\"@context\":\"https:\\\/\\\/schema.org\",\"@type\":\"NewsArticle\",\"headline\":\"Brasil espera un salvoconducto para los opositores refugiados en la embajada argentina en Caracas, reporta CNN Brasil\",\"url\":\"http:\\\/\\\/noticiasya.com\\\/midland-odessa\\\/2024\\\/10\\\/24\\\/brasil-salvoconducto-opositores-embajada-argentina-caracas-orix\\\/\",\"mainEntityOfPage\":{\"@type\":\"WebPage\",\"@id\":\"http:\\\/\\\/noticiasya.com\\\/midland-odessa\\\/2024\\\/10\\\/24\\\/brasil-salvoconducto-opositores-embajada-argentina-caracas-orix\\\/\"},\"thumbnailUrl\":\"\",\"image\":{\"@type\":\"ImageObject\",\"url\":\"\"},\"articleSection\":\"Noticias Nacionales\",\"author\":[],\"creator\":[],\"publisher\":{\"@type\":\"Organization\",\"name\":\"Noticias\",\"logo\":\"\"},\"keywords\":[],\"dateCreated\":\"2024-10-24T20:03:53Z\",\"datePublished\":\"2024-10-24T20:03:53Z\",\"dateModified\":\"2024-10-24T20:03:53Z\"}<\/script>","tracker_url":"https:\/\/cdn.parsely.com\/keys\/noticiasya.com\/p.js"},"jetpack_featured_media_url":"","jetpack-related-posts":[{"id":1456712,"url":"https:\/\/noticiasya.com\/midland-odessa\/2024\/12\/18\/colombia-salvoconductos-refugiados-embajada-argentina-caracas-orix\/","url_meta":{"origin":1455334,"position":0},"title":"Colombia gestiona salvoconductos para asilados en la embajada argentina en Caracas","author":"","date":"diciembre 18, 2024","format":false,"excerpt":"El Gobierno colombiano lleva a cabo gestiones ante el Gobierno de Venezuela para que otorgue salvoconductos a los seis venezolanos asilados desde marzo en la embajada de Argentina en Caracas, custodiada por Brasil, dijo el canciller de Colombia, Luis Gilberto Murillo.Durante la Cumbre de Pueblos Afrodescendientes del Caribe Occidental, el\u2026","rel":"","context":"In &quot;Noticias Nacionales&quot;","block_context":{"text":"Noticias Nacionales","link":"https:\/\/noticiasya.com\/midland-odessa\/categoria\/noticias-nacionales"},"img":{"alt_text":"","src":"","width":0,"height":0},"classes":[]},{"id":1460722,"url":"https:\/\/noticiasya.com\/midland-odessa\/2025\/04\/01\/opositores-venezolanos-embajada-argentina-caracas-policia-agua-potable-orix\/","url_meta":{"origin":1455334,"position":1},"title":"Opositores venezolanos refugiados en embajada argentina en Caracas denuncian que la Polic\u00eda impidi\u00f3 ingreso de agua potable","author":"","date":"abril 1, 2025","format":false,"excerpt":"Dos de los cinco integrantes del equipo pol\u00edtico de la l\u00edder opositora de Venezuela, Mar\u00eda Corina Machado, denunciaron este martes que las autoridades policiales del pa\u00eds sudamericano impiden el ingreso de agua embotellada a la embajada de Argentina en Caracas, donde se encuentran refugiados desde marzo de 2024.En un mensaje\u2026","rel":"","context":"In &quot;Noticias Nacionales&quot;","block_context":{"text":"Noticias Nacionales","link":"https:\/\/noticiasya.com\/midland-odessa\/categoria\/noticias-nacionales"},"img":{"alt_text":"","src":"","width":0,"height":0},"classes":[]},{"id":1456622,"url":"https:\/\/noticiasya.com\/midland-odessa\/2024\/12\/15\/asilados-embajada-argentina-caracas-situacion-riesgo-orix\/","url_meta":{"origin":1455334,"position":2},"title":"Asilados en embajada de Argentina en Caracas denuncian situaci\u00f3n de &#171;alto riesgo&#187; debido al &#171;asedio&#187; del Gobierno venezolano","author":"","date":"diciembre 15, 2024","format":false,"excerpt":"Pedro Urruchurtu, Magalli Meda y Omar Gonz\u00e1lez, tres de los seis opositores venezolanos asilados en la Embajada de Argentina en Caracas \u2013actualmente bajo protecci\u00f3n de Brasil\u2013, aseguraron este s\u00e1bado en conferencia de prensa que est\u00e1n en riesgo una debido al \u201casedio\u201d que sufre la sede diplom\u00e1tica de parte del Gobierno\u2026","rel":"","context":"In &quot;Noticias Nacionales&quot;","block_context":{"text":"Noticias Nacionales","link":"https:\/\/noticiasya.com\/midland-odessa\/categoria\/noticias-nacionales"},"img":{"alt_text":"","src":"","width":0,"height":0},"classes":[]},{"id":1456574,"url":"https:\/\/noticiasya.com\/midland-odessa\/2024\/12\/13\/oea-embajada-argentina-caracas-orix\/","url_meta":{"origin":1455334,"position":3},"title":"OEA reitera su rechazo al asedio de la Embajada de Argentina en Caracas","author":"","date":"diciembre 13, 2024","format":false,"excerpt":"La Organizaci\u00f3n de los Estados Americanos (OEA) reiter\u00f3 este viernes su condena al asedio denunciado por seis miembros de la oposici\u00f3n venezolana asilados en la Embajada de Argentina en Caracas llevado a cabo por las fuerzas de seguridad del Gobierno de Nicol\u00e1s Maduro.\u201cLa presencia intimidatoria de personal armado, los cortes\u2026","rel":"","context":"In &quot;Noticias Nacionales&quot;","block_context":{"text":"Noticias Nacionales","link":"https:\/\/noticiasya.com\/midland-odessa\/categoria\/noticias-nacionales"},"img":{"alt_text":"","src":"","width":0,"height":0},"classes":[]},{"id":1456110,"url":"https:\/\/noticiasya.com\/midland-odessa\/2024\/11\/26\/oposicion-venezuela-presunto-robo-fusibles-embajada-argentina-orix\/","url_meta":{"origin":1455334,"position":4},"title":"La oposici\u00f3n de Venezuela denuncia el presunto robo de fusibles el\u00e9ctricos de la Embajada de Argentina en Caracas, que asila a seis opositores al Gobierno de Maduro","author":"","date":"noviembre 26, 2024","format":false,"excerpt":"(CNN Espa\u00f1ol) -- El Comando Nacional de Campa\u00f1a del candidato presidencial venezolano Edmundo Gonz\u00e1lez Urrutia y de la l\u00edder opositora Mar\u00eda Corina Machado denunci\u00f3 este martes el presunto robo de los fusibles el\u00e9ctricos de la Embajada de Argentina en Caracas, que desde hace meses da asilo a seis opositores al\u2026","rel":"","context":"In &quot;Noticias Nacionales&quot;","block_context":{"text":"Noticias Nacionales","link":"https:\/\/noticiasya.com\/midland-odessa\/categoria\/noticias-nacionales"},"img":{"alt_text":"","src":"","width":0,"height":0},"classes":[]},{"id":1456649,"url":"https:\/\/noticiasya.com\/midland-odessa\/2024\/12\/16\/gobiernos-condenan-asedio-embajada-argentina-caracas-orix\/","url_meta":{"origin":1455334,"position":5},"title":"Cinco gobiernos latinoamericanos condenan el asedio a la Embajada de Argentina en Caracas","author":"","date":"diciembre 16, 2024","format":false,"excerpt":"Colombia y la Alianza para el Desarrollo en Democracia, que integran Ecuador, Panam\u00e1, Costa Rica y Rep\u00fablica Dominicana, condenaron la situaci\u00f3n que viven seis opositores asilados desde marzo en la embajada de Argentina en Caracas, seg\u00fan comunicados oficiales.El Gobierno de Gustavo Petro inst\u00f3 a las autoridades venezolanas \u201ca que se\u2026","rel":"","context":"In &quot;Noticias Nacionales&quot;","block_context":{"text":"Noticias Nacionales","link":"https:\/\/noticiasya.com\/midland-odessa\/categoria\/noticias-nacionales"},"img":{"alt_text":"","src":"","width":0,"height":0},"classes":[]}],"jetpack_sharing_enabled":true,"_links":{"self":[{"href":"https:\/\/noticiasya.com\/midland-odessa\/wp-json\/wp\/v2\/posts\/1455334","targetHints":{"allow":["GET"]}}],"collection":[{"href":"https:\/\/noticiasya.com\/midland-odessa\/wp-json\/wp\/v2\/posts"}],"about":[{"href":"https:\/\/noticiasya.com\/midland-odessa\/wp-json\/wp\/v2\/types\/post"}],"replies":[{"embeddable":true,"href":"https:\/\/noticiasya.com\/midland-odessa\/wp-json\/wp\/v2\/comments?post=1455334"}],"version-history":[{"count":0,"href":"https:\/\/noticiasya.com\/midland-odessa\/wp-json\/wp\/v2\/posts\/1455334\/revisions"}],"wp:attachment":[{"href":"https:\/\/noticiasya.com\/midland-odessa\/wp-json\/wp\/v2\/media?parent=1455334"}],"wp:term":[{"taxonomy":"category","embeddable":true,"href":"https:\/\/noticiasya.com\/midland-odessa\/wp-json\/wp\/v2\/categories?post=1455334"},{"taxonomy":"post_tag","embeddable":true,"href":"https:\/\/noticiasya.com\/midland-odessa\/wp-json\/wp\/v2\/tags?post=1455334"}],"curies":[{"name":"wp","href":"https:\/\/api.w.org\/{rel}","templated":true}]}}