{"id":1455337,"date":"2024-10-24T15:03:46","date_gmt":"2024-10-24T22:03:46","guid":{"rendered":"https:\/\/noticiasya.com\/2024\/10\/24\/acapulco-huracan-otis-un-ano-despues-orix\/"},"modified":"2024-10-24T15:03:46","modified_gmt":"2024-10-24T22:03:46","slug":"acapulco-huracan-otis-un-ano-despues-orix","status":"publish","type":"post","link":"https:\/\/noticiasya.com\/midland-odessa\/2024\/10\/24\/acapulco-huracan-otis-un-ano-despues-orix\/","title":{"rendered":"Acapulco, entre la devastaci\u00f3n y la esperanza un a\u00f1o despu\u00e9s del hurac\u00e1n Otis"},"content":{"rendered":"<p>(CNN) &#8212; Se cumple un a\u00f1o desde que el poderoso hurac\u00e1n Otis de categor\u00eda 5 azot\u00f3 la costa de Acapulco, en el estado de Guerrero, en lo que supo ser uno de los destinos tur\u00edsticos m\u00e1s importantes de M\u00e9xico y del mundo.<\/p>\n<p>El tiempo ha pasado, pero no del todo la devastaci\u00f3n que dej\u00f3 esa noche traum\u00e1tica que marc\u00f3 la vida cientos de miles de guerrerenses.<\/p>\n<p>Durante la madrugada del 25 de octubre de 2023, Otis toc\u00f3 tierra con vientos sostenidos de 265 kil\u00f3metros por hora. El cicl\u00f3n pas\u00f3 de tormenta tropical a hurac\u00e1n de categor\u00eda 5 en apenas 21 horas, cobrando la vida de al menos 52 personas mientras otras 32 siguen desaparecidas, seg\u00fan los datos que entreg\u00f3 en diciembre de 2023 el Gobierno de M\u00e9xico.<\/p>\n<p>Una vista a\u00e9rea de los da\u00f1os causados por el paso del hurac\u00e1n Otis en Puerto Marqu\u00e9s, estado de Guerrero, M\u00e9xico, el 28 de octubre de 2023. (Rodrigo Oropeza\/AFP\/Getty Images)<\/p>\n<p>Casi un a\u00f1o despu\u00e9s, cuando los signos de recuperaci\u00f3n apenas se hac\u00edan visibles, lleg\u00f3 John, un cicl\u00f3n tropical que cobr\u00f3 fuerza en el Pac\u00edfico mexicano hasta convertirse en un hurac\u00e1n de categor\u00eda 3, que golpe\u00f3 las costas de Guerrero y Oaxaca con vientos sostenidos de 195 kil\u00f3metros por hora.<\/p>\n<p>John perdi\u00f3 fuerza y se degrad\u00f3 a tormenta tropical, pero, dos d\u00edas despu\u00e9s, recobr\u00f3 fuerza y golpe\u00f3 las costas nuevamente como hurac\u00e1n de categor\u00eda 1, dejando a su paso al menos 20 muertos, inundaciones y m\u00e1s devastaci\u00f3n en Guerrero.<\/p>\n<p>Michel Rosengaus, excoordinador del Servicio Meteorol\u00f3gico de M\u00e9xico, le dijo a CNN que es probable que el cambio clim\u00e1tico est\u00e9 favoreciendo las condiciones que hacen m\u00e1s frecuentes la intensificaci\u00f3n de estos fen\u00f3menos.<\/p>\n<p>El especial de CNN \u201cAcapulco, un a\u00f1o despu\u00e9s de Otis\u201d presenta lecciones de esperanza<\/p>\n<p>&#171;Estas intensificaciones pueden estarse convirtiendo en un fen\u00f3meno m\u00e1s frecuente. Lo que los indicios nos muestran es que posiblemente tengamos que adaptarnos a tomar decisiones con base en hip\u00f3tesis de que podr\u00edan darse estas intensificaciones&#187;, dijo Rosengaus.<\/p>\n<p>Empresarios se\u00f1alan falta de apoyo del Gobierno<\/p>\n<p>El tiempo no ha sido suficiente para que los residentes de Guerrero se recuperen por completo del impacto de Otis, que devast\u00f3 gran parte de la infraestructura de Acapulco en unas cuantas horas, con da\u00f1os estimados entre US$ 15.000 y US$ 16.000 millones, de acuerdo con estimaciones de c\u00e1maras empresariales compartidas con CNN.<\/p>\n<p>Estos montos, que equivalen a entre 262.500 y 280.000 millones de pesos mexicanos, incluyen las afectaciones los da\u00f1os que dej\u00f3 Otis en el 80% de las unidades econ\u00f3micas del sector tur\u00edstico, comercial y de servicios, en hogares e infraestructura el\u00e9ctrica, vial y de telecomunicaciones, seg\u00fan el Consejo Coordinador Empresarial (CCE).<\/p>\n<p>\u201cCuando yo voy entrando por Diamante\u2026 devastador. No hab\u00eda forma de caminar. \u00c1rboles, palmeras, basura por todas partes\u201d, record\u00f3 Esmeralda Pacheco, propietaria del hotel Casa Yalma Kaan, ubicado en Barra Vieja.<\/p>\n<p>Pacheco manifest\u00f3 que es dif\u00edcil explicar lo que se vivi\u00f3 en ese momento. Lo que s\u00ed pudo explicar fueron las p\u00e9rdidas materiales que sufri\u00f3 su negocio y su cr\u00edtica abierta a la ayuda del Gobierno nacional: \u201cYo siento que se equivocaron, porque nos trataron a todos igual. A la gente le dieron 60.000 pesos y a nosotros lo m\u00e1ximo que nos dieron fue 100.000 pesos. \u00bfC\u00f3mo es posible?\u201d.<\/p>\n<p>Los autom\u00f3viles quedaron parcialmente bajo el agua despu\u00e9s del hurac\u00e1n Otis en la &#171;Zona Diamante&#187; en Acapulco, Guerrero, el 27 de octubre de 2023. (RODRIGO OROPEZA\/AFP via Getty Images)<\/p>\n<p>Pacheco se\u00f1al\u00f3 que ese monto le result\u00f3 insuficiente para realizar las reparaciones en el hotel, y agrega que con los apoyos mensuales que el Gobierno le entrega a la gente, le cuesta conseguir personas que quieran trabajar\u201d.<\/p>\n<p>Andr\u00e9s Manuel L\u00f3pez Obrador, presidente de M\u00e9xico al momento del impacto del hurac\u00e1n, afirm\u00f3 que no hab\u00eda l\u00edmite en la inversi\u00f3n para ayudar a la poblaci\u00f3n y a los empresarios.<br \/>\nEl Gobierno dijo en junio de este a\u00f1o que otorg\u00f3 12.408 \u201cCr\u00e9ditos a la Palabra\u201d a hoteles, restaurantes, prestadores de servicios tur\u00edsticos, locales en mercados, tortiller\u00edas y peque\u00f1os y medianos comercios.<\/p>\n<p>Sin embargo, algunos de los grandes hoteles y restaurantes de la costa que sufrieron p\u00e9rdidas millonarias le dijeron a CNN en agosto que no hab\u00edan recibido apoyos econ\u00f3micos. Uno de estos casos es el del emblem\u00e1tico Hotel Presidente, cuyo director, Roberto V\u00e1zquez, dijo que a un a\u00f1o de la tragedia no han podido llegar al 50% de recuperaci\u00f3n: \u201cEsper\u00e1bamos tener por lo menos el 50%. Esa era la ilusi\u00f3n. Tener un elevador, porque con un elevador puedo producir. T\u00fa vienes de vacaciones y no vas a subir seis pisos, esa es nuestra realidad\u201d.<\/p>\n<p>Algunos prestadores de servicios del \u00e1rea de entretenimiento tambi\u00e9n le dijeron a CNN no haber recibido apoyo del Gobierno.<\/p>\n<p>CNN solicit\u00f3 comentarios a la Secretar\u00eda del Bienestar sobre los dichos de estos empresarios que aseguraron no haber recibido apoyos, y a\u00fan espera respuesta. En junio, el Gobierno de M\u00e9xico dijo que invirti\u00f3 US$ 1.700 millones para reactivar el turismo.<\/p>\n<p>\u201cTristeza, impotencia y rabia de que un destino tan maravilloso, que es la cuna de la hoteler\u00eda a nivel nacional, lo tengan as\u00ed abandonado y tirado. Esa es la \u00fanica verdad\u201d, lament\u00f3 V\u00e1zquez.<\/p>\n<p>Hurac\u00e1n Otis ocasion\u00f3 el tercer siniestro m\u00e1s costoso en la historia de M\u00e9xico, seg\u00fan aseguradoras<\/p>\n<p>Oportunidad en medio de la crisis<\/p>\n<p>\u201cPuede ser que para muchos sea un desecho, pero s\u00ed tiene reparaci\u00f3n\u201d, dijo Alberto Lara, un abogado de profesi\u00f3n que decidi\u00f3, desde hace d\u00e9cadas, dedicarse a la reparaci\u00f3n de embarcaciones en Acapulco para seguir el legado de su padre.<\/p>\n<p>Lara perdi\u00f3 varias de sus embarcaciones durante el paso de Otis y ahora se encarga de reparar los yates y barcos que el hurac\u00e1n dej\u00f3 en Plaza Manzanilla, que antes era un astillero. El ayuntamiento le dio permiso para reparar todas las embarcaciones de esa playa por un plazo de hasta seis meses: \u201cPara muchos es su \u00fanico patrimonio, su \u00fanica fuente de ingresos y, lamentablemente, los materiales de fibra de vidrio son muy caros\u201d.<\/p>\n<p>Lara dijo que nunca pens\u00f3 que Otis ser\u00eda un hurac\u00e1n de categor\u00eda 5 y que, cuando recibieron el aviso, muchos due\u00f1os de barcos se fueron a sus embarcaciones. \u201cYo ten\u00eda dos yates y se acostumbra que los capitanes de los barcos en tiempo de lluvias fuertes o huracanes se suban a los barcos, porque empieza a entrar el viento, y ellos encienden los motores porque ayudan al barco a sostenerse\u201d.<\/p>\n<p>Decenas de embarcaciones esperan a ser reparadas por Lara, quien teme que seis meses no sean suficientes para completar el trabajo: \u201cCuanto antes comiencen a trabajar, ya los due\u00f1os de los barcos pueden seguir teniendo ingresos\u201d.<\/p>\n<p>La calma regres\u00f3 tras la tragedia al hogar de Agustina y Rosa, ubicado en una de las intrincadas colonias que cubren los cerros que rodean al afamado puerto.<\/p>\n<p>\u201cEl gobierno nos regal\u00f3 esto, no tuvimos que pagar nada\u201d, dijo Rosa a CNN, mostrando su casa ahora equipada con estufa, licuadora, colch\u00f3n, ventilador, techo reforzado y ba\u00f1o. Cuenta que recibi\u00f3 mucho apoyo y que su casa est\u00e1 m\u00e1s equipada y reforzada para futuros desastres naturales. CNN se comunic\u00f3 con ella tras el paso del hurac\u00e1n John, y manifest\u00f3 que tanto su familia como su hogar se encontraban bien.<\/p>\n<p>Sin embargo, el trauma que dej\u00f3 Otis en esta familia, dif\u00edcilmente se ir\u00e1 pronto. \u201cAhora que empieza a llover corre aire y ya est\u00e1. Me asusto porque qui\u00e9n sabe qu\u00e9 vaya a pasar. Ahora no ha llovido tanto pero s\u00ed me da miedo todav\u00eda\u201d, dijo Rosa.<\/p>\n<p>\u201cNecesitamos el turismo\u201d<\/p>\n<p>Un a\u00f1o despu\u00e9s de Otis, el turismo a\u00fan no regresa, llevando consecuencias graves para la econom\u00eda y la poblaci\u00f3n.<\/p>\n<p>\u201cNunca se pierde el miedo, se aprende a trabajar con \u00e9l de diferentes maneras\u201d, dijo Alejandro Balanzar, un clavadista de la Quebrada desde hace 14 a\u00f1os que dice haber pasado por muchos retos, pero ninguno como el de Otis: \u201cLamentablemente Otis lleg\u00f3 con toda la fuerza. Primero fue todo el estr\u00e9s. Toda la ansiedad que se vivi\u00f3. Recibimos muchos apoyos por parte de la gente que estuvo haciendo donaciones, tambi\u00e9n apoyo por parte de los sistemas de gobierno\u201d.<\/p>\n<p>Los clavados de La Quebrada son una de las atracciones m\u00e1s ic\u00f3nicas de Acapulco. Su nacimiento va de la mano con la actividad tur\u00edstica, que se vio mermada tras el paso de Otis. Sin turistas no hay espect\u00e1culo. Algo grave para muchas familias que viven de estos clavados, que desde 2022 son considerados patrimonio cultural del estado de Guerrero.<\/p>\n<p>\u201cTal vez no perdamos lo del espect\u00e1culo, pero necesitamos p\u00fablico, somos 100% tur\u00edsticos. Necesitamos el turismo\u201d, dijo Balanzar.<\/p>\n<p>La tarea, seg\u00fan activistas y expertos consultados, es de todos. \u201cAcapulco tiene esperanza, s\u00ed, Acapulco puede y se recuperar\u00e1 de este tema. Pero, en efecto, necesitamos de la quiescencia de casi todos los actores\u201d, dijo el activista David Aguilar a CNN.<\/p>\n<p>Rosa, damnificada por el hurac\u00e1n, dice que a\u00fan sobrevive con la ayuda que le entreg\u00f3 el Gobierno. Cont\u00f3 que sol\u00eda hacer trenzas a los turistas en la costa, y que en un buen d\u00eda de trabajo generaba hasta el equivalente a US$ 100.<\/p>\n<p>\u201cEn Semana Santa hice US$ 10 o, a veces, nada. El turismo\u2026 m\u00e1s que nada, que vengan, que no dejen de venir, aqu\u00ed todos vivimos del turismo\u201d, pidi\u00f3 Ana.<\/p>\n<p>Esmeralda Pacheco dice que Acapulco necesita m\u00e1s oferta para atraer al turismo, algo complicado por lo que, seg\u00fan ella, es una falta de apoyo para los empresarios: \u201cLa gente ama Acapulco y sigue viniendo, pero va a llegar un momento en el que ya no van a venir, porque no hay oferta. La isla est\u00e1 muerta\u201d.<\/p>\n<p>Sin embargo, Pacheco decidi\u00f3 seguir apostando a Acapulco: &#171;Acapulco tiene algo que la gente vuelve. O sea, la gente vuelve y te pregunta c\u00f3mo est\u00e1s, y le hemos echado muchas ganas a las redes sociales para que vean que s\u00ed estamos de pie\u201d.<\/p>\n<p>Acapulco fue el balneario m\u00e1s importante de M\u00e9xico durante buena parte del siglo XX. Un destino obligado para las estrellas de Hollywood, as\u00ed como tambi\u00e9n las discotecas exclusivas, las inversiones; las mansiones de famosos y, por supuesto, los mexicanos.<\/p>\n<p>\u201cAcapulco nos ha regalado a todo el pa\u00eds y a una buena parte del mundo experiencias espectaculares&#187;, dijo el activista David Aguilar. &#171;Entonces, tambi\u00e9n parte de un poquito del trabajo que tenemos todos, es momento de regresar a Acapulco y decirle \u2018Acapulco te quiero\u2019\u201d.<\/p>\n<p>The-CNN-Wire<br \/>&trade; &amp; &copy; 2024 Cable News Network, Inc., a Warner Bros. Discovery Company. All rights reserved.<\/p>\n","protected":false},"excerpt":{"rendered":"<p>(CNN) &#8212; Se cumple un a\u00f1o desde que el poderoso hurac\u00e1n Otis de categor\u00eda 5 azot\u00f3 la costa de Acapulco, en el estado de Guerrero, en lo que supo ser uno de los destinos tur\u00edsticos m\u00e1s importantes de M\u00e9xico y del mundo. El tiempo ha pasado, pero no del todo la devastaci\u00f3n que dej\u00f3 esa [&hellip;]<\/p>\n","protected":false},"author":0,"featured_media":0,"comment_status":"open","ping_status":"open","sticky":false,"template":"","format":"standard","meta":{"_jetpack_memberships_contains_paid_content":false,"footnotes":""},"categories":[10],"tags":[],"class_list":["post-1455337","post","type-post","status-publish","format-standard","hentry","category-noticias-nacionales","market-global"],"yoast_head":"<!-- This site is optimized with the Yoast SEO plugin v24.4 - https:\/\/yoast.com\/wordpress\/plugins\/seo\/ -->\n<title>Acapulco, entre la devastaci\u00f3n y la esperanza un a\u00f1o despu\u00e9s del hurac\u00e1n Otis - Noticias<\/title>\n<meta name=\"robots\" content=\"index, follow, max-snippet:-1, max-image-preview:large, max-video-preview:-1\" \/>\n<link rel=\"canonical\" href=\"https:\/\/noticiasya.com\/2024\/10\/24\/acapulco-huracan-otis-un-ano-despues-orix\/\" \/>\n<meta property=\"og:locale\" content=\"es_ES\" \/>\n<meta property=\"og:type\" content=\"article\" \/>\n<meta property=\"og:title\" content=\"Acapulco, entre la devastaci\u00f3n y la esperanza un a\u00f1o despu\u00e9s del hurac\u00e1n Otis - Noticias\" \/>\n<meta property=\"og:description\" content=\"(CNN) &#8212; Se cumple un a\u00f1o desde que el poderoso hurac\u00e1n Otis de categor\u00eda 5 azot\u00f3 la costa de Acapulco, en el estado de Guerrero, en lo que supo ser uno de los destinos tur\u00edsticos m\u00e1s importantes de M\u00e9xico y del mundo. El tiempo ha pasado, pero no del todo la devastaci\u00f3n que dej\u00f3 esa [&hellip;]\" \/>\n<meta property=\"og:url\" content=\"https:\/\/noticiasya.com\/2024\/10\/24\/acapulco-huracan-otis-un-ano-despues-orix\/\" \/>\n<meta property=\"og:site_name\" content=\"Noticias\" \/>\n<meta property=\"article:published_time\" content=\"2024-10-24T22:03:46+00:00\" \/>\n<meta name=\"twitter:card\" content=\"summary_large_image\" \/>\n<meta name=\"twitter:label1\" content=\"Est. reading time\" \/>\n\t<meta name=\"twitter:data1\" content=\"9 minutos\" \/>\n<script type=\"application\/ld+json\" class=\"yoast-schema-graph\">{\"@context\":\"https:\/\/schema.org\",\"@graph\":[{\"@type\":\"Article\",\"@id\":\"https:\/\/noticiasya.com\/2024\/10\/24\/acapulco-huracan-otis-un-ano-despues-orix\/#article\",\"isPartOf\":{\"@id\":\"https:\/\/noticiasya.com\/2024\/10\/24\/acapulco-huracan-otis-un-ano-despues-orix\/\"},\"author\":{\"name\":\"\",\"@id\":\"\"},\"headline\":\"Acapulco, entre la devastaci\u00f3n y la esperanza un a\u00f1o despu\u00e9s del hurac\u00e1n Otis\",\"datePublished\":\"2024-10-24T22:03:46+00:00\",\"mainEntityOfPage\":{\"@id\":\"https:\/\/noticiasya.com\/2024\/10\/24\/acapulco-huracan-otis-un-ano-despues-orix\/\"},\"wordCount\":1850,\"commentCount\":0,\"publisher\":{\"@id\":\"https:\/\/noticiasya.com\/#organization\"},\"articleSection\":[\"Noticias Nacionales\"],\"inLanguage\":\"es\",\"potentialAction\":[{\"@type\":\"CommentAction\",\"name\":\"Comment\",\"target\":[\"https:\/\/noticiasya.com\/2024\/10\/24\/acapulco-huracan-otis-un-ano-despues-orix\/#respond\"]}]},{\"@type\":\"WebPage\",\"@id\":\"https:\/\/noticiasya.com\/2024\/10\/24\/acapulco-huracan-otis-un-ano-despues-orix\/\",\"url\":\"https:\/\/noticiasya.com\/2024\/10\/24\/acapulco-huracan-otis-un-ano-despues-orix\/\",\"name\":\"Acapulco, entre la devastaci\u00f3n y la esperanza un a\u00f1o despu\u00e9s del hurac\u00e1n Otis - Noticias\",\"isPartOf\":{\"@id\":\"https:\/\/noticiasya.com\/#website\"},\"datePublished\":\"2024-10-24T22:03:46+00:00\",\"breadcrumb\":{\"@id\":\"https:\/\/noticiasya.com\/2024\/10\/24\/acapulco-huracan-otis-un-ano-despues-orix\/#breadcrumb\"},\"inLanguage\":\"es\",\"potentialAction\":[{\"@type\":\"ReadAction\",\"target\":[\"https:\/\/noticiasya.com\/2024\/10\/24\/acapulco-huracan-otis-un-ano-despues-orix\/\"]}]},{\"@type\":\"BreadcrumbList\",\"@id\":\"https:\/\/noticiasya.com\/2024\/10\/24\/acapulco-huracan-otis-un-ano-despues-orix\/#breadcrumb\",\"itemListElement\":[{\"@type\":\"ListItem\",\"position\":1,\"name\":\"Home\",\"item\":\"https:\/\/noticiasya.com\/\"},{\"@type\":\"ListItem\",\"position\":2,\"name\":\"Acapulco, entre la devastaci\u00f3n y la esperanza un a\u00f1o despu\u00e9s del hurac\u00e1n Otis\"}]},{\"@type\":\"WebSite\",\"@id\":\"https:\/\/noticiasya.com\/#website\",\"url\":\"https:\/\/noticiasya.com\/\",\"name\":\"Noticias\",\"description\":\"Lo que importa\",\"publisher\":{\"@id\":\"https:\/\/noticiasya.com\/#organization\"},\"potentialAction\":[{\"@type\":\"SearchAction\",\"target\":{\"@type\":\"EntryPoint\",\"urlTemplate\":\"https:\/\/noticiasya.com\/?s={search_term_string}\"},\"query-input\":{\"@type\":\"PropertyValueSpecification\",\"valueRequired\":true,\"valueName\":\"search_term_string\"}}],\"inLanguage\":\"es\"},{\"@type\":\"Organization\",\"@id\":\"https:\/\/noticiasya.com\/#organization\",\"name\":\"Noticias\",\"url\":\"https:\/\/noticiasya.com\/\",\"logo\":{\"@type\":\"ImageObject\",\"inLanguage\":\"es\",\"@id\":\"https:\/\/noticiasya.com\/#\/schema\/logo\/image\/\",\"url\":\"https:\/\/noticiasya.com\/wp-content\/uploads\/sites\/22\/2023\/12\/logo-nacional.png\",\"contentUrl\":\"https:\/\/noticiasya.com\/wp-content\/uploads\/sites\/22\/2023\/12\/logo-nacional.png\",\"width\":1801,\"height\":691,\"caption\":\"Noticias\"},\"image\":{\"@id\":\"https:\/\/noticiasya.com\/#\/schema\/logo\/image\/\"}}]}<\/script>\n<!-- \/ Yoast SEO plugin. -->","yoast_head_json":{"title":"Acapulco, entre la devastaci\u00f3n y la esperanza un a\u00f1o despu\u00e9s del hurac\u00e1n Otis - Noticias","robots":{"index":"index","follow":"follow","max-snippet":"max-snippet:-1","max-image-preview":"max-image-preview:large","max-video-preview":"max-video-preview:-1"},"canonical":"https:\/\/noticiasya.com\/2024\/10\/24\/acapulco-huracan-otis-un-ano-despues-orix\/","og_locale":"es_ES","og_type":"article","og_title":"Acapulco, entre la devastaci\u00f3n y la esperanza un a\u00f1o despu\u00e9s del hurac\u00e1n Otis - Noticias","og_description":"(CNN) &#8212; Se cumple un a\u00f1o desde que el poderoso hurac\u00e1n Otis de categor\u00eda 5 azot\u00f3 la costa de Acapulco, en el estado de Guerrero, en lo que supo ser uno de los destinos tur\u00edsticos m\u00e1s importantes de M\u00e9xico y del mundo. El tiempo ha pasado, pero no del todo la devastaci\u00f3n que dej\u00f3 esa [&hellip;]","og_url":"https:\/\/noticiasya.com\/2024\/10\/24\/acapulco-huracan-otis-un-ano-despues-orix\/","og_site_name":"Noticias","article_published_time":"2024-10-24T22:03:46+00:00","twitter_card":"summary_large_image","twitter_misc":{"Est. reading time":"9 minutos"},"schema":{"@context":"https:\/\/schema.org","@graph":[{"@type":"Article","@id":"https:\/\/noticiasya.com\/2024\/10\/24\/acapulco-huracan-otis-un-ano-despues-orix\/#article","isPartOf":{"@id":"https:\/\/noticiasya.com\/2024\/10\/24\/acapulco-huracan-otis-un-ano-despues-orix\/"},"author":{"name":"","@id":""},"headline":"Acapulco, entre la devastaci\u00f3n y la esperanza un a\u00f1o despu\u00e9s del hurac\u00e1n Otis","datePublished":"2024-10-24T22:03:46+00:00","mainEntityOfPage":{"@id":"https:\/\/noticiasya.com\/2024\/10\/24\/acapulco-huracan-otis-un-ano-despues-orix\/"},"wordCount":1850,"commentCount":0,"publisher":{"@id":"https:\/\/noticiasya.com\/#organization"},"articleSection":["Noticias Nacionales"],"inLanguage":"es","potentialAction":[{"@type":"CommentAction","name":"Comment","target":["https:\/\/noticiasya.com\/2024\/10\/24\/acapulco-huracan-otis-un-ano-despues-orix\/#respond"]}]},{"@type":"WebPage","@id":"https:\/\/noticiasya.com\/2024\/10\/24\/acapulco-huracan-otis-un-ano-despues-orix\/","url":"https:\/\/noticiasya.com\/2024\/10\/24\/acapulco-huracan-otis-un-ano-despues-orix\/","name":"Acapulco, entre la devastaci\u00f3n y la esperanza un a\u00f1o despu\u00e9s del hurac\u00e1n Otis - Noticias","isPartOf":{"@id":"https:\/\/noticiasya.com\/#website"},"datePublished":"2024-10-24T22:03:46+00:00","breadcrumb":{"@id":"https:\/\/noticiasya.com\/2024\/10\/24\/acapulco-huracan-otis-un-ano-despues-orix\/#breadcrumb"},"inLanguage":"es","potentialAction":[{"@type":"ReadAction","target":["https:\/\/noticiasya.com\/2024\/10\/24\/acapulco-huracan-otis-un-ano-despues-orix\/"]}]},{"@type":"BreadcrumbList","@id":"https:\/\/noticiasya.com\/2024\/10\/24\/acapulco-huracan-otis-un-ano-despues-orix\/#breadcrumb","itemListElement":[{"@type":"ListItem","position":1,"name":"Home","item":"https:\/\/noticiasya.com\/"},{"@type":"ListItem","position":2,"name":"Acapulco, entre la devastaci\u00f3n y la esperanza un a\u00f1o despu\u00e9s del hurac\u00e1n Otis"}]},{"@type":"WebSite","@id":"https:\/\/noticiasya.com\/#website","url":"https:\/\/noticiasya.com\/","name":"Noticias","description":"Lo que importa","publisher":{"@id":"https:\/\/noticiasya.com\/#organization"},"potentialAction":[{"@type":"SearchAction","target":{"@type":"EntryPoint","urlTemplate":"https:\/\/noticiasya.com\/?s={search_term_string}"},"query-input":{"@type":"PropertyValueSpecification","valueRequired":true,"valueName":"search_term_string"}}],"inLanguage":"es"},{"@type":"Organization","@id":"https:\/\/noticiasya.com\/#organization","name":"Noticias","url":"https:\/\/noticiasya.com\/","logo":{"@type":"ImageObject","inLanguage":"es","@id":"https:\/\/noticiasya.com\/#\/schema\/logo\/image\/","url":"https:\/\/noticiasya.com\/wp-content\/uploads\/sites\/22\/2023\/12\/logo-nacional.png","contentUrl":"https:\/\/noticiasya.com\/wp-content\/uploads\/sites\/22\/2023\/12\/logo-nacional.png","width":1801,"height":691,"caption":"Noticias"},"image":{"@id":"https:\/\/noticiasya.com\/#\/schema\/logo\/image\/"}}]}},"parsely":{"version":"1.1.0","canonical_url":"https:\/\/noticiasya.com\/midland-odessa\/2024\/10\/24\/acapulco-huracan-otis-un-ano-despues-orix\/","smart_links":{"inbound":0,"outbound":0},"traffic_boost_suggestions_count":0,"meta":{"@context":"https:\/\/schema.org","@type":"NewsArticle","headline":"Acapulco, entre la devastaci\u00f3n y la esperanza un a\u00f1o despu\u00e9s del hurac\u00e1n Otis","url":"http:\/\/noticiasya.com\/midland-odessa\/2024\/10\/24\/acapulco-huracan-otis-un-ano-despues-orix\/","mainEntityOfPage":{"@type":"WebPage","@id":"http:\/\/noticiasya.com\/midland-odessa\/2024\/10\/24\/acapulco-huracan-otis-un-ano-despues-orix\/"},"thumbnailUrl":"","image":{"@type":"ImageObject","url":""},"articleSection":"Noticias Nacionales","author":[],"creator":[],"publisher":{"@type":"Organization","name":"Noticias","logo":""},"keywords":[],"dateCreated":"2024-10-24T22:03:46Z","datePublished":"2024-10-24T22:03:46Z","dateModified":"2024-10-24T22:03:46Z"},"rendered":"<script type=\"application\/ld+json\" class=\"wp-parsely-metadata\">{\"@context\":\"https:\\\/\\\/schema.org\",\"@type\":\"NewsArticle\",\"headline\":\"Acapulco, entre la devastaci\\u00f3n y la esperanza un a\\u00f1o despu\\u00e9s del hurac\\u00e1n Otis\",\"url\":\"http:\\\/\\\/noticiasya.com\\\/midland-odessa\\\/2024\\\/10\\\/24\\\/acapulco-huracan-otis-un-ano-despues-orix\\\/\",\"mainEntityOfPage\":{\"@type\":\"WebPage\",\"@id\":\"http:\\\/\\\/noticiasya.com\\\/midland-odessa\\\/2024\\\/10\\\/24\\\/acapulco-huracan-otis-un-ano-despues-orix\\\/\"},\"thumbnailUrl\":\"\",\"image\":{\"@type\":\"ImageObject\",\"url\":\"\"},\"articleSection\":\"Noticias Nacionales\",\"author\":[],\"creator\":[],\"publisher\":{\"@type\":\"Organization\",\"name\":\"Noticias\",\"logo\":\"\"},\"keywords\":[],\"dateCreated\":\"2024-10-24T22:03:46Z\",\"datePublished\":\"2024-10-24T22:03:46Z\",\"dateModified\":\"2024-10-24T22:03:46Z\"}<\/script>","tracker_url":"https:\/\/cdn.parsely.com\/keys\/noticiasya.com\/p.js"},"jetpack_featured_media_url":"","jetpack-related-posts":[{"id":1453115,"url":"https:\/\/noticiasya.com\/midland-odessa\/2024\/09\/26\/trayectoria-huracan-john-mexico-pacifico-trax\/","url_meta":{"origin":1455337,"position":0},"title":"John, un hurac\u00e1n &#171;zombi&#187;, recupera fuerza en el Pac\u00edfico cerca de M\u00e9xico: d\u00f3nde est\u00e1 y a d\u00f3nde se dirige","author":"","date":"septiembre 26, 2024","format":false,"excerpt":"(CNN) -- Las ciudades a lo largo de la costa suroeste de M\u00e9xico lidian con lluvias torrenciales, inundaciones y deslizamientos de tierra despu\u00e9s de que la tormenta tropical John se fortaleciera nuevamente hasta convertirse en un hurac\u00e1n de categor\u00eda 1 el jueves, seg\u00fan el Centro Nacional de Huracanes de EE.UU.John\u2026","rel":"","context":"In &quot;Noticias Nacionales&quot;","block_context":{"text":"Noticias Nacionales","link":"https:\/\/noticiasya.com\/midland-odessa\/categoria\/noticias-nacionales"},"img":{"alt_text":"","src":"","width":0,"height":0},"classes":[]},{"id":1450906,"url":"https:\/\/noticiasya.com\/midland-odessa\/2024\/07\/05\/amlo-rosa-icela-rodriguez-secretaria-de-gobernacion-orix\/","url_meta":{"origin":1455337,"position":1},"title":"AMLO destaca el nombramiento de Rosa Icela Rodr\u00edguez como secretaria de Gobernaci\u00f3n","author":"","date":"julio 5, 2024","format":false,"excerpt":"(CNN Espa\u00f1ol) --\u00a0 El presidente de M\u00e9xico, Andr\u00e9s Manuel L\u00f3pez Obrador, destac\u00f3 este viernes durante su conferencia de prensa el nombramiento de Rosa Icela Rodr\u00edguez, actual secretaria de Seguridad, como la titular de la Secretar\u00eda de Gobernaci\u00f3n en el gabinete de la presidenta electa, Claudia Sheinbaum.El mandatario dijo que Rodr\u00edguez\u2026","rel":"","context":"In &quot;Noticias Nacionales&quot;","block_context":{"text":"Noticias Nacionales","link":"https:\/\/noticiasya.com\/midland-odessa\/categoria\/noticias-nacionales"},"img":{"alt_text":"","src":"","width":0,"height":0},"classes":[]},{"id":1463659,"url":"https:\/\/noticiasya.com\/midland-odessa\/2025\/06\/17\/lluvias-mexico-tormenta-tropical-erick-orix\/","url_meta":{"origin":1455337,"position":2},"title":"Emiten advertencia de hurac\u00e1n al este de Acapulco ante el r\u00e1pido fortalecimiento de la tormenta tropical Erick","author":"","date":"junio 17, 2025","format":false,"excerpt":"La tormenta tropical Erick, la quinta tormenta con nombre de la temporada de huracanes del Pac\u00edfico oriental, se form\u00f3 la madrugada del martes a unos 480 kil\u00f3metros al sur de la costa mexicana.Actualmente, Erick es una tormenta tropical d\u00e9bil, pero se espera que se intensifique r\u00e1pidamente en hurac\u00e1n para la\u2026","rel":"","context":"In &quot;Noticias Nacionales&quot;","block_context":{"text":"Noticias Nacionales","link":"https:\/\/noticiasya.com\/midland-odessa\/categoria\/noticias-nacionales"},"img":{"alt_text":"","src":"","width":0,"height":0},"classes":[]},{"id":1453205,"url":"https:\/\/noticiasya.com\/midland-odessa\/2024\/09\/29\/muertos-huracan-john-costas-mexico-oaxaca-guerrero-orix\/","url_meta":{"origin":1455337,"position":3},"title":"Al menos 20 personas muertas tras el paso del hurac\u00e1n John en costas de M\u00e9xico, seg\u00fan las autoridades","author":"","date":"septiembre 29, 2024","format":false,"excerpt":"(CNN Espa\u00f1ol ) -- Al menos son 20 personas han muerto tras el paso del hurac\u00e1n John en las costas del Pac\u00edfico mexicano, informaron este domingo las autoridades.El presidente de M\u00e9xico, Andr\u00e9s Manuel L\u00f3pez Obrador, inform\u00f3 que en Guerrero se tiene el reporte de al menos 15 personas fallecidas en\u2026","rel":"","context":"In &quot;Noticias Nacionales&quot;","block_context":{"text":"Noticias Nacionales","link":"https:\/\/noticiasya.com\/midland-odessa\/categoria\/noticias-nacionales"},"img":{"alt_text":"","src":"","width":0,"height":0},"classes":[]},{"id":1463660,"url":"https:\/\/noticiasya.com\/midland-odessa\/2025\/06\/17\/cuando-huracan-tormenta-tropical-erick-categoria-orix\/","url_meta":{"origin":1455337,"position":4},"title":"\u00bfCu\u00e1ndo se convertir\u00e1 en hurac\u00e1n la tormenta tropical Erick y qu\u00e9 categor\u00eda alcanzar\u00e1?","author":"","date":"junio 17, 2025","format":false,"excerpt":"La tormenta tropical Erick, que se mueve frente a las costas del Pac\u00edfico mexicano, podr\u00eda fortalecerse hasta convertirse en hurac\u00e1n, seg\u00fan el Centro Nacional de Huracanes de EE.UU. y el Servicio Meteorol\u00f3gico Nacional de M\u00e9xico.Seg\u00fan el pron\u00f3stico del SMN, la tormenta tropical Erick podr\u00eda volverse hurac\u00e1n categor\u00eda 1 el mi\u00e9rcoles\u2026","rel":"","context":"In &quot;Noticias Nacionales&quot;","block_context":{"text":"Noticias Nacionales","link":"https:\/\/noticiasya.com\/midland-odessa\/categoria\/noticias-nacionales"},"img":{"alt_text":"","src":"","width":0,"height":0},"classes":[]},{"id":1463705,"url":"https:\/\/noticiasya.com\/midland-odessa\/2025\/06\/18\/trayectoria-huracan-erick-donde-esta-orix\/","url_meta":{"origin":1455337,"position":5},"title":"Trayectoria del hurac\u00e1n Erick: d\u00f3nde est\u00e1 y hacia d\u00f3nde se dirige","author":"","date":"junio 18, 2025","format":false,"excerpt":"Erick contin\u00faa fortaleci\u00e9ndose en su paso por el Pac\u00edfico y es ahora en un hurac\u00e1n categor\u00eda 2, inform\u00f3 este mi\u00e9rcoles por la tarde el Centro Nacional de Huracanes de EE.UU. (NHC, por sus siglas en ingl\u00e9s).Este mi\u00e9rcoles por la tarde, seg\u00fan el NHC, Erick se encontraba a 155 km de\u2026","rel":"","context":"In &quot;Noticias Nacionales&quot;","block_context":{"text":"Noticias Nacionales","link":"https:\/\/noticiasya.com\/midland-odessa\/categoria\/noticias-nacionales"},"img":{"alt_text":"","src":"","width":0,"height":0},"classes":[]}],"jetpack_sharing_enabled":true,"_links":{"self":[{"href":"https:\/\/noticiasya.com\/midland-odessa\/wp-json\/wp\/v2\/posts\/1455337","targetHints":{"allow":["GET"]}}],"collection":[{"href":"https:\/\/noticiasya.com\/midland-odessa\/wp-json\/wp\/v2\/posts"}],"about":[{"href":"https:\/\/noticiasya.com\/midland-odessa\/wp-json\/wp\/v2\/types\/post"}],"replies":[{"embeddable":true,"href":"https:\/\/noticiasya.com\/midland-odessa\/wp-json\/wp\/v2\/comments?post=1455337"}],"version-history":[{"count":0,"href":"https:\/\/noticiasya.com\/midland-odessa\/wp-json\/wp\/v2\/posts\/1455337\/revisions"}],"wp:attachment":[{"href":"https:\/\/noticiasya.com\/midland-odessa\/wp-json\/wp\/v2\/media?parent=1455337"}],"wp:term":[{"taxonomy":"category","embeddable":true,"href":"https:\/\/noticiasya.com\/midland-odessa\/wp-json\/wp\/v2\/categories?post=1455337"},{"taxonomy":"post_tag","embeddable":true,"href":"https:\/\/noticiasya.com\/midland-odessa\/wp-json\/wp\/v2\/tags?post=1455337"}],"curies":[{"name":"wp","href":"https:\/\/api.w.org\/{rel}","templated":true}]}}