{"id":1455345,"date":"2024-10-24T20:03:37","date_gmt":"2024-10-25T03:03:37","guid":{"rendered":"https:\/\/noticiasya.com\/2024\/10\/24\/tecpan-guerrero-ejercito-abate-14-personas-hechos-violentos-orix\/"},"modified":"2024-10-24T20:03:37","modified_gmt":"2024-10-25T03:03:37","slug":"tecpan-guerrero-ejercito-abate-14-personas-hechos-violentos-orix","status":"publish","type":"post","link":"https:\/\/noticiasya.com\/midland-odessa\/2024\/10\/24\/tecpan-guerrero-ejercito-abate-14-personas-hechos-violentos-orix\/","title":{"rendered":"Ej\u00e9rcito mexicano abate a 14 personas tras registrarse hechos violentos en Tecpan, Guerrero"},"content":{"rendered":"<p>(CNN Espa\u00f1ol) &#8212; La Secretar\u00eda de la Defensa Nacional (Sedena) de M\u00e9xico inform\u00f3 este jueves que 14 personas resultaron muertas por efectivos militares que fueron atacados, luego de los choques registrados entre dos grupos de civiles armados en el municipio de Tecpan de Galeana, en el estado sure\u00f1o de Guerrero.<\/p>\n<p>La Sedena explic\u00f3 en un comunicado que luego de un enfrentamiento entre dos grupos delictivos antag\u00f3nicos en una zona rural del municipio, de la que resultaron dos polic\u00edas municipales muertos y cuatro m\u00e1s heridos,\u00a0personal militar y de la Guardia Nacional fueron agredidos en una base militar y otro grupo que acud\u00eda en apoyo fue atacado de igual forma.<\/p>\n<p>Gobierno de Guerrero pide a la poblaci\u00f3n &#171;mantener la calma&#187; ante reportes de violencia<\/p>\n<p>Agreg\u00f3 que los efectivos de las fuerzas armadas repelieron las agresiones, por lo que resultaron muertas 14 personas, se detuvieron a 11 civiles m\u00e1s y se aseguraron veh\u00edculos, armas y artefactos explosivos.<\/p>\n<p>Entre los hechos de violencia hay reportes de enfrentamientos entre miembros de las fuerzas de seguridad y civiles armados, as\u00ed como bloqueos en algunas de las carreteras del estado, de acuerdo con el informe del medio local El Sur de Guerrero.<\/p>\n<p>The-CNN-Wire<br \/>&trade; &amp; &copy; 2024 Cable News Network, Inc., a Warner Bros. Discovery Company. All rights reserved.<\/p>\n","protected":false},"excerpt":{"rendered":"<p>(CNN Espa\u00f1ol) &#8212; La Secretar\u00eda de la Defensa Nacional (Sedena) de M\u00e9xico inform\u00f3 este jueves que 14 personas resultaron muertas por efectivos militares que fueron atacados, luego de los choques registrados entre dos grupos de civiles armados en el municipio de Tecpan de Galeana, en el estado sure\u00f1o de Guerrero. La Sedena explic\u00f3 en un [&hellip;]<\/p>\n","protected":false},"author":0,"featured_media":0,"comment_status":"open","ping_status":"open","sticky":false,"template":"","format":"standard","meta":{"_jetpack_memberships_contains_paid_content":false,"footnotes":""},"categories":[10],"tags":[],"class_list":["post-1455345","post","type-post","status-publish","format-standard","hentry","category-noticias-nacionales","market-global"],"yoast_head":"<!-- This site is optimized with the Yoast SEO plugin v24.4 - https:\/\/yoast.com\/wordpress\/plugins\/seo\/ -->\n<title>Ej\u00e9rcito mexicano abate a 14 personas tras registrarse hechos violentos en Tecpan, Guerrero - Noticias<\/title>\n<meta name=\"robots\" content=\"index, follow, max-snippet:-1, max-image-preview:large, max-video-preview:-1\" \/>\n<link rel=\"canonical\" href=\"https:\/\/noticiasya.com\/2024\/10\/24\/tecpan-guerrero-ejercito-abate-14-personas-hechos-violentos-orix\/\" \/>\n<meta property=\"og:locale\" content=\"es_ES\" \/>\n<meta property=\"og:type\" content=\"article\" \/>\n<meta property=\"og:title\" content=\"Ej\u00e9rcito mexicano abate a 14 personas tras registrarse hechos violentos en Tecpan, Guerrero - Noticias\" \/>\n<meta property=\"og:description\" content=\"(CNN Espa\u00f1ol) &#8212; La Secretar\u00eda de la Defensa Nacional (Sedena) de M\u00e9xico inform\u00f3 este jueves que 14 personas resultaron muertas por efectivos militares que fueron atacados, luego de los choques registrados entre dos grupos de civiles armados en el municipio de Tecpan de Galeana, en el estado sure\u00f1o de Guerrero. La Sedena explic\u00f3 en un [&hellip;]\" \/>\n<meta property=\"og:url\" content=\"https:\/\/noticiasya.com\/2024\/10\/24\/tecpan-guerrero-ejercito-abate-14-personas-hechos-violentos-orix\/\" \/>\n<meta property=\"og:site_name\" content=\"Noticias\" \/>\n<meta property=\"article:published_time\" content=\"2024-10-25T03:03:37+00:00\" \/>\n<meta name=\"twitter:card\" content=\"summary_large_image\" \/>\n<meta name=\"twitter:label1\" content=\"Est. reading time\" \/>\n\t<meta name=\"twitter:data1\" content=\"1 minuto\" \/>\n<script type=\"application\/ld+json\" class=\"yoast-schema-graph\">{\"@context\":\"https:\/\/schema.org\",\"@graph\":[{\"@type\":\"Article\",\"@id\":\"https:\/\/noticiasya.com\/2024\/10\/24\/tecpan-guerrero-ejercito-abate-14-personas-hechos-violentos-orix\/#article\",\"isPartOf\":{\"@id\":\"https:\/\/noticiasya.com\/2024\/10\/24\/tecpan-guerrero-ejercito-abate-14-personas-hechos-violentos-orix\/\"},\"author\":{\"name\":\"\",\"@id\":\"\"},\"headline\":\"Ej\u00e9rcito mexicano abate a 14 personas tras registrarse hechos violentos en Tecpan, Guerrero\",\"datePublished\":\"2024-10-25T03:03:37+00:00\",\"mainEntityOfPage\":{\"@id\":\"https:\/\/noticiasya.com\/2024\/10\/24\/tecpan-guerrero-ejercito-abate-14-personas-hechos-violentos-orix\/\"},\"wordCount\":233,\"commentCount\":0,\"publisher\":{\"@id\":\"https:\/\/noticiasya.com\/#organization\"},\"articleSection\":[\"Noticias Nacionales\"],\"inLanguage\":\"es\",\"potentialAction\":[{\"@type\":\"CommentAction\",\"name\":\"Comment\",\"target\":[\"https:\/\/noticiasya.com\/2024\/10\/24\/tecpan-guerrero-ejercito-abate-14-personas-hechos-violentos-orix\/#respond\"]}]},{\"@type\":\"WebPage\",\"@id\":\"https:\/\/noticiasya.com\/2024\/10\/24\/tecpan-guerrero-ejercito-abate-14-personas-hechos-violentos-orix\/\",\"url\":\"https:\/\/noticiasya.com\/2024\/10\/24\/tecpan-guerrero-ejercito-abate-14-personas-hechos-violentos-orix\/\",\"name\":\"Ej\u00e9rcito mexicano abate a 14 personas tras registrarse hechos violentos en Tecpan, Guerrero - Noticias\",\"isPartOf\":{\"@id\":\"https:\/\/noticiasya.com\/#website\"},\"datePublished\":\"2024-10-25T03:03:37+00:00\",\"breadcrumb\":{\"@id\":\"https:\/\/noticiasya.com\/2024\/10\/24\/tecpan-guerrero-ejercito-abate-14-personas-hechos-violentos-orix\/#breadcrumb\"},\"inLanguage\":\"es\",\"potentialAction\":[{\"@type\":\"ReadAction\",\"target\":[\"https:\/\/noticiasya.com\/2024\/10\/24\/tecpan-guerrero-ejercito-abate-14-personas-hechos-violentos-orix\/\"]}]},{\"@type\":\"BreadcrumbList\",\"@id\":\"https:\/\/noticiasya.com\/2024\/10\/24\/tecpan-guerrero-ejercito-abate-14-personas-hechos-violentos-orix\/#breadcrumb\",\"itemListElement\":[{\"@type\":\"ListItem\",\"position\":1,\"name\":\"Home\",\"item\":\"https:\/\/noticiasya.com\/\"},{\"@type\":\"ListItem\",\"position\":2,\"name\":\"Ej\u00e9rcito mexicano abate a 14 personas tras registrarse hechos violentos en Tecpan, Guerrero\"}]},{\"@type\":\"WebSite\",\"@id\":\"https:\/\/noticiasya.com\/#website\",\"url\":\"https:\/\/noticiasya.com\/\",\"name\":\"Noticias\",\"description\":\"Lo que importa\",\"publisher\":{\"@id\":\"https:\/\/noticiasya.com\/#organization\"},\"potentialAction\":[{\"@type\":\"SearchAction\",\"target\":{\"@type\":\"EntryPoint\",\"urlTemplate\":\"https:\/\/noticiasya.com\/?s={search_term_string}\"},\"query-input\":{\"@type\":\"PropertyValueSpecification\",\"valueRequired\":true,\"valueName\":\"search_term_string\"}}],\"inLanguage\":\"es\"},{\"@type\":\"Organization\",\"@id\":\"https:\/\/noticiasya.com\/#organization\",\"name\":\"Noticias\",\"url\":\"https:\/\/noticiasya.com\/\",\"logo\":{\"@type\":\"ImageObject\",\"inLanguage\":\"es\",\"@id\":\"https:\/\/noticiasya.com\/#\/schema\/logo\/image\/\",\"url\":\"https:\/\/noticiasya.com\/wp-content\/uploads\/sites\/22\/2023\/12\/logo-nacional.png\",\"contentUrl\":\"https:\/\/noticiasya.com\/wp-content\/uploads\/sites\/22\/2023\/12\/logo-nacional.png\",\"width\":1801,\"height\":691,\"caption\":\"Noticias\"},\"image\":{\"@id\":\"https:\/\/noticiasya.com\/#\/schema\/logo\/image\/\"}}]}<\/script>\n<!-- \/ Yoast SEO plugin. -->","yoast_head_json":{"title":"Ej\u00e9rcito mexicano abate a 14 personas tras registrarse hechos violentos en Tecpan, Guerrero - Noticias","robots":{"index":"index","follow":"follow","max-snippet":"max-snippet:-1","max-image-preview":"max-image-preview:large","max-video-preview":"max-video-preview:-1"},"canonical":"https:\/\/noticiasya.com\/2024\/10\/24\/tecpan-guerrero-ejercito-abate-14-personas-hechos-violentos-orix\/","og_locale":"es_ES","og_type":"article","og_title":"Ej\u00e9rcito mexicano abate a 14 personas tras registrarse hechos violentos en Tecpan, Guerrero - Noticias","og_description":"(CNN Espa\u00f1ol) &#8212; La Secretar\u00eda de la Defensa Nacional (Sedena) de M\u00e9xico inform\u00f3 este jueves que 14 personas resultaron muertas por efectivos militares que fueron atacados, luego de los choques registrados entre dos grupos de civiles armados en el municipio de Tecpan de Galeana, en el estado sure\u00f1o de Guerrero. La Sedena explic\u00f3 en un [&hellip;]","og_url":"https:\/\/noticiasya.com\/2024\/10\/24\/tecpan-guerrero-ejercito-abate-14-personas-hechos-violentos-orix\/","og_site_name":"Noticias","article_published_time":"2024-10-25T03:03:37+00:00","twitter_card":"summary_large_image","twitter_misc":{"Est. reading time":"1 minuto"},"schema":{"@context":"https:\/\/schema.org","@graph":[{"@type":"Article","@id":"https:\/\/noticiasya.com\/2024\/10\/24\/tecpan-guerrero-ejercito-abate-14-personas-hechos-violentos-orix\/#article","isPartOf":{"@id":"https:\/\/noticiasya.com\/2024\/10\/24\/tecpan-guerrero-ejercito-abate-14-personas-hechos-violentos-orix\/"},"author":{"name":"","@id":""},"headline":"Ej\u00e9rcito mexicano abate a 14 personas tras registrarse hechos violentos en Tecpan, Guerrero","datePublished":"2024-10-25T03:03:37+00:00","mainEntityOfPage":{"@id":"https:\/\/noticiasya.com\/2024\/10\/24\/tecpan-guerrero-ejercito-abate-14-personas-hechos-violentos-orix\/"},"wordCount":233,"commentCount":0,"publisher":{"@id":"https:\/\/noticiasya.com\/#organization"},"articleSection":["Noticias Nacionales"],"inLanguage":"es","potentialAction":[{"@type":"CommentAction","name":"Comment","target":["https:\/\/noticiasya.com\/2024\/10\/24\/tecpan-guerrero-ejercito-abate-14-personas-hechos-violentos-orix\/#respond"]}]},{"@type":"WebPage","@id":"https:\/\/noticiasya.com\/2024\/10\/24\/tecpan-guerrero-ejercito-abate-14-personas-hechos-violentos-orix\/","url":"https:\/\/noticiasya.com\/2024\/10\/24\/tecpan-guerrero-ejercito-abate-14-personas-hechos-violentos-orix\/","name":"Ej\u00e9rcito mexicano abate a 14 personas tras registrarse hechos violentos en Tecpan, Guerrero - Noticias","isPartOf":{"@id":"https:\/\/noticiasya.com\/#website"},"datePublished":"2024-10-25T03:03:37+00:00","breadcrumb":{"@id":"https:\/\/noticiasya.com\/2024\/10\/24\/tecpan-guerrero-ejercito-abate-14-personas-hechos-violentos-orix\/#breadcrumb"},"inLanguage":"es","potentialAction":[{"@type":"ReadAction","target":["https:\/\/noticiasya.com\/2024\/10\/24\/tecpan-guerrero-ejercito-abate-14-personas-hechos-violentos-orix\/"]}]},{"@type":"BreadcrumbList","@id":"https:\/\/noticiasya.com\/2024\/10\/24\/tecpan-guerrero-ejercito-abate-14-personas-hechos-violentos-orix\/#breadcrumb","itemListElement":[{"@type":"ListItem","position":1,"name":"Home","item":"https:\/\/noticiasya.com\/"},{"@type":"ListItem","position":2,"name":"Ej\u00e9rcito mexicano abate a 14 personas tras registrarse hechos violentos en Tecpan, Guerrero"}]},{"@type":"WebSite","@id":"https:\/\/noticiasya.com\/#website","url":"https:\/\/noticiasya.com\/","name":"Noticias","description":"Lo que importa","publisher":{"@id":"https:\/\/noticiasya.com\/#organization"},"potentialAction":[{"@type":"SearchAction","target":{"@type":"EntryPoint","urlTemplate":"https:\/\/noticiasya.com\/?s={search_term_string}"},"query-input":{"@type":"PropertyValueSpecification","valueRequired":true,"valueName":"search_term_string"}}],"inLanguage":"es"},{"@type":"Organization","@id":"https:\/\/noticiasya.com\/#organization","name":"Noticias","url":"https:\/\/noticiasya.com\/","logo":{"@type":"ImageObject","inLanguage":"es","@id":"https:\/\/noticiasya.com\/#\/schema\/logo\/image\/","url":"https:\/\/noticiasya.com\/wp-content\/uploads\/sites\/22\/2023\/12\/logo-nacional.png","contentUrl":"https:\/\/noticiasya.com\/wp-content\/uploads\/sites\/22\/2023\/12\/logo-nacional.png","width":1801,"height":691,"caption":"Noticias"},"image":{"@id":"https:\/\/noticiasya.com\/#\/schema\/logo\/image\/"}}]}},"parsely":{"version":"1.1.0","canonical_url":"https:\/\/noticiasya.com\/midland-odessa\/2024\/10\/24\/tecpan-guerrero-ejercito-abate-14-personas-hechos-violentos-orix\/","smart_links":{"inbound":0,"outbound":0},"traffic_boost_suggestions_count":0,"meta":{"@context":"https:\/\/schema.org","@type":"NewsArticle","headline":"Ej\u00e9rcito mexicano abate a 14 personas tras registrarse hechos violentos en Tecpan, Guerrero","url":"http:\/\/noticiasya.com\/midland-odessa\/2024\/10\/24\/tecpan-guerrero-ejercito-abate-14-personas-hechos-violentos-orix\/","mainEntityOfPage":{"@type":"WebPage","@id":"http:\/\/noticiasya.com\/midland-odessa\/2024\/10\/24\/tecpan-guerrero-ejercito-abate-14-personas-hechos-violentos-orix\/"},"thumbnailUrl":"","image":{"@type":"ImageObject","url":""},"articleSection":"Noticias Nacionales","author":[],"creator":[],"publisher":{"@type":"Organization","name":"Noticias","logo":""},"keywords":[],"dateCreated":"2024-10-25T03:03:37Z","datePublished":"2024-10-25T03:03:37Z","dateModified":"2024-10-25T03:03:37Z"},"rendered":"<script type=\"application\/ld+json\" class=\"wp-parsely-metadata\">{\"@context\":\"https:\\\/\\\/schema.org\",\"@type\":\"NewsArticle\",\"headline\":\"Ej\\u00e9rcito mexicano abate a 14 personas tras registrarse hechos violentos en Tecpan, Guerrero\",\"url\":\"http:\\\/\\\/noticiasya.com\\\/midland-odessa\\\/2024\\\/10\\\/24\\\/tecpan-guerrero-ejercito-abate-14-personas-hechos-violentos-orix\\\/\",\"mainEntityOfPage\":{\"@type\":\"WebPage\",\"@id\":\"http:\\\/\\\/noticiasya.com\\\/midland-odessa\\\/2024\\\/10\\\/24\\\/tecpan-guerrero-ejercito-abate-14-personas-hechos-violentos-orix\\\/\"},\"thumbnailUrl\":\"\",\"image\":{\"@type\":\"ImageObject\",\"url\":\"\"},\"articleSection\":\"Noticias Nacionales\",\"author\":[],\"creator\":[],\"publisher\":{\"@type\":\"Organization\",\"name\":\"Noticias\",\"logo\":\"\"},\"keywords\":[],\"dateCreated\":\"2024-10-25T03:03:37Z\",\"datePublished\":\"2024-10-25T03:03:37Z\",\"dateModified\":\"2024-10-25T03:03:37Z\"}<\/script>","tracker_url":"https:\/\/cdn.parsely.com\/keys\/noticiasya.com\/p.js"},"jetpack_featured_media_url":"","jetpack-related-posts":[{"id":1455359,"url":"https:\/\/noticiasya.com\/midland-odessa\/2024\/10\/25\/17-muertos-hechos-violentos-tecpan-galeana-guerrero-mexico-orix\/","url_meta":{"origin":1455345,"position":0},"title":"Aumenta a 17 la cifra de personas fallecidas tras registrarse hechos violentos en Tecpan de Galeana, Guerrero; dos oficiales fueron abatidos","author":"","date":"octubre 25, 2024","format":false,"excerpt":"(CNN Espa\u00f1ol) -- . El titular de la Secretar\u00eda de Seguridad y Protecci\u00f3n Ciudadana de M\u00e9xico, Omar Garc\u00eda Harfuch, actualiz\u00f3 este viernes a 17 la cifra de personas que fueron abatidas por efectivos militares, que hab\u00edan sido atacados luego de choques registrados entre dos grupos civiles armados en el municipio\u2026","rel":"","context":"In &quot;Noticias Nacionales&quot;","block_context":{"text":"Noticias Nacionales","link":"https:\/\/noticiasya.com\/midland-odessa\/categoria\/noticias-nacionales"},"img":{"alt_text":"","src":"","width":0,"height":0},"classes":[]},{"id":1470635,"url":"https:\/\/noticiasya.com\/midland-odessa\/2026\/01\/29\/soldados-sinaloa-aumento-violencia-orix\/","url_meta":{"origin":1455345,"position":1},"title":"Gobierno de M\u00e9xico env\u00eda 1.600 soldados adicionales a Sinaloa tras el aumento de los hechos de violencia","author":"","date":"enero 29, 2026","format":false,"excerpt":"Un grupo de 1.600 soldados lleg\u00f3 este jueves a Sinaloa luego del aumento en los hechos de violencia en ese estado del noroeste de M\u00e9xico, inform\u00f3 la Secretar\u00eda de la Defensa Nacional (Sedena) en su cuenta de X.Los militares se trasladaron por aire a las ciudades de Culiac\u00e1n y Mazatl\u00e1n,\u2026","rel":"","context":"In &quot;Noticias Nacionales&quot;","block_context":{"text":"Noticias Nacionales","link":"https:\/\/noticiasya.com\/midland-odessa\/categoria\/noticias-nacionales"},"img":{"alt_text":"","src":"","width":0,"height":0},"classes":[]},{"id":1456867,"url":"https:\/\/noticiasya.com\/midland-odessa\/2024\/12\/22\/muertos-accidente-avioneta-jalisco-orix\/","url_meta":{"origin":1455345,"position":2},"title":"Al menos siete muertos al estrellarse avioneta en Jalisco","author":"","date":"diciembre 22, 2024","format":false,"excerpt":"Al menos siete personas murieron este domingo luego de que la avioneta en la que viajaban se estrellara en una zona boscosa del municipio de Quitupan, Jalisco, en el occidente mexicano, inform\u00f3 en X la Unidad Estatal de Protecci\u00f3n Civil y Bomberos.Seg\u00fan la entidad, la aeronave, una avioneta tipo Cessna\u2026","rel":"","context":"In &quot;Noticias Nacionales&quot;","block_context":{"text":"Noticias Nacionales","link":"https:\/\/noticiasya.com\/midland-odessa\/categoria\/noticias-nacionales"},"img":{"alt_text":"","src":"","width":0,"height":0},"classes":[]},{"id":1452927,"url":"https:\/\/noticiasya.com\/midland-odessa\/2024\/09\/21\/ejercito-mexico-soldados-sinaloa-inseguridad-orix\/","url_meta":{"origin":1455345,"position":3},"title":"El Ej\u00e9rcito de M\u00e9xico env\u00eda a Sinaloa otros 600 militares para combatir la inseguridad","author":"","date":"septiembre 21, 2024","format":false,"excerpt":"(CNN Espa\u00f1ol) --\u00a0El Ej\u00e9rcito de M\u00e9xico envi\u00f3 a Sinaloa este s\u00e1bado otros 600 militares para que realicen tareas de seguridad luego de los hechos de violencia registrados a lo largo de este mes en el estado del noroeste del pa\u00eds, inform\u00f3 la Secretar\u00eda de la Defensa Nacional (Sedena) en un\u2026","rel":"","context":"In &quot;Noticias Nacionales&quot;","block_context":{"text":"Noticias Nacionales","link":"https:\/\/noticiasya.com\/midland-odessa\/categoria\/noticias-nacionales"},"img":{"alt_text":"","src":"","width":0,"height":0},"classes":[]},{"id":1456062,"url":"https:\/\/noticiasya.com\/midland-odessa\/2024\/11\/25\/brote-violencia-tabasco-drogas-orix\/","url_meta":{"origin":1455345,"position":4},"title":"Brote de violencia en Tabasco est\u00e1 relacionado con adicciones y venta de drogas, seg\u00fan el gobernador de ese estado mexicano","author":"","date":"noviembre 25, 2024","format":false,"excerpt":"(CNN Espa\u00f1ol) -- El brote de violencia registrado en Tabasco obedece a la disputa que dos grupos del crimen organizado mantienen para controlar la venta de drogas, afirm\u00f3 Javier May Rodr\u00edguez, gobernador de ese estado del sureste de M\u00e9xico.En el primer mensaje que ofreci\u00f3 el mandatario tabasque\u00f1o luego del ataque\u2026","rel":"","context":"In &quot;Noticias Nacionales&quot;","block_context":{"text":"Noticias Nacionales","link":"https:\/\/noticiasya.com\/midland-odessa\/categoria\/noticias-nacionales"},"img":{"alt_text":"","src":"","width":0,"height":0},"classes":[]},{"id":1473145,"url":"https:\/\/noticiasya.com\/midland-odessa\/2026\/04\/14\/familia-michoacana-desaparicion-alcalde-taxco-padre-orix\/","url_meta":{"origin":1455345,"position":5},"title":"Autoridades de M\u00e9xico se\u00f1alan a La Familia Michoacana como el grupo detr\u00e1s de la desaparici\u00f3n del alcalde de Taxco y su padre","author":"","date":"abril 14, 2026","format":false,"excerpt":"Autoridades de M\u00e9xico se\u00f1alaron este martes a La Familia Michoacana como el grupo criminal que presuntamente estuvo detr\u00e1s de la desaparici\u00f3n del alcalde de Taxco, Juan Andr\u00e9s Vega Carranza, y de su padre, Juan Vega Arredondo, ocurrida durante el fin de semana en el estado de Guerrero, al sur del\u2026","rel":"","context":"In &quot;Noticias Nacionales&quot;","block_context":{"text":"Noticias Nacionales","link":"https:\/\/noticiasya.com\/midland-odessa\/categoria\/noticias-nacionales"},"img":{"alt_text":"","src":"","width":0,"height":0},"classes":[]}],"jetpack_sharing_enabled":true,"_links":{"self":[{"href":"https:\/\/noticiasya.com\/midland-odessa\/wp-json\/wp\/v2\/posts\/1455345","targetHints":{"allow":["GET"]}}],"collection":[{"href":"https:\/\/noticiasya.com\/midland-odessa\/wp-json\/wp\/v2\/posts"}],"about":[{"href":"https:\/\/noticiasya.com\/midland-odessa\/wp-json\/wp\/v2\/types\/post"}],"replies":[{"embeddable":true,"href":"https:\/\/noticiasya.com\/midland-odessa\/wp-json\/wp\/v2\/comments?post=1455345"}],"version-history":[{"count":0,"href":"https:\/\/noticiasya.com\/midland-odessa\/wp-json\/wp\/v2\/posts\/1455345\/revisions"}],"wp:attachment":[{"href":"https:\/\/noticiasya.com\/midland-odessa\/wp-json\/wp\/v2\/media?parent=1455345"}],"wp:term":[{"taxonomy":"category","embeddable":true,"href":"https:\/\/noticiasya.com\/midland-odessa\/wp-json\/wp\/v2\/categories?post=1455345"},{"taxonomy":"post_tag","embeddable":true,"href":"https:\/\/noticiasya.com\/midland-odessa\/wp-json\/wp\/v2\/tags?post=1455345"}],"curies":[{"name":"wp","href":"https:\/\/api.w.org\/{rel}","templated":true}]}}