{"id":1455346,"date":"2024-10-24T20:03:38","date_gmt":"2024-10-25T03:03:38","guid":{"rendered":"https:\/\/noticiasya.com\/2024\/10\/24\/trayectoria-tormenta-tropical-kristy-orix\/"},"modified":"2024-10-24T20:03:38","modified_gmt":"2024-10-25T03:03:38","slug":"trayectoria-tormenta-tropical-kristy-orix","status":"publish","type":"post","link":"https:\/\/noticiasya.com\/midland-odessa\/2024\/10\/24\/trayectoria-tormenta-tropical-kristy-orix\/","title":{"rendered":"Trayectoria del hurac\u00e1n Kristy: d\u00f3nde est\u00e1 y hacia d\u00f3nde se dirige"},"content":{"rendered":"<p>(CNN Espa\u00f1ol) &#8212; El hurac\u00e1n Kristy, actualmente de categor\u00eda 5, avanza sobre el oc\u00e9ano Pac\u00edfico en direcci\u00f3n oeste, alej\u00e1ndose de la costa de M\u00e9xico, de acuerdo con el aviso m\u00e1s reciente del Centro Nacional de Huracanes (NHC, por sus siglas en ingl\u00e9s) de este jueves.<\/p>\n<p>Kristy se form\u00f3 el lunes en el oc\u00e9ano Pac\u00edfico y se encontraba este jueves a las 5:00 pm ET a 1.565 km al suroeste del extremo sur de Baja California, seg\u00fan el NHC. Avanza hacia el oeste\u00a0 (275\u00b0) a 26 km\/h y con vientos sostenidos de 260 km\/h.<\/p>\n<p>El NHC inform\u00f3 que no hay advertencias ni alertas de hurac\u00e1n en efecto para ninguna costa.<\/p>\n<p>Tormenta tropical \u00d3scar deja da\u00f1os materiales y miles de evacuados tras su paso por Cuba<\/p>\n<p>Posible trayectoria de Kristy<\/p>\n<p>Cr\u00e9dito: NHC<\/p>\n<p>Kristy seguir\u00e1 avanzando en direcci\u00f3n oeste (275\u00b0) a 26 km\/h, seg\u00fan la trayectoria prevista por el NHC.\u00a0 No obstante, ese fortalecimiento coincidir\u00e1 con un mayor alejamiento de las costas mexicanas.<\/p>\n<p>Nota del editor: esta noticia fue actualizada con desarrollos de la informaci\u00f3n.<\/p>\n<p>The-CNN-Wire<br \/>&trade; &amp; &copy; 2024 Cable News Network, Inc., a Warner Bros. Discovery Company. All rights reserved.<\/p>\n","protected":false},"excerpt":{"rendered":"<p>(CNN Espa\u00f1ol) &#8212; El hurac\u00e1n Kristy, actualmente de categor\u00eda 5, avanza sobre el oc\u00e9ano Pac\u00edfico en direcci\u00f3n oeste, alej\u00e1ndose de la costa de M\u00e9xico, de acuerdo con el aviso m\u00e1s reciente del Centro Nacional de Huracanes (NHC, por sus siglas en ingl\u00e9s) de este jueves. Kristy se form\u00f3 el lunes en el oc\u00e9ano Pac\u00edfico y [&hellip;]<\/p>\n","protected":false},"author":0,"featured_media":0,"comment_status":"open","ping_status":"open","sticky":false,"template":"","format":"standard","meta":{"_jetpack_memberships_contains_paid_content":false,"footnotes":""},"categories":[10],"tags":[],"class_list":["post-1455346","post","type-post","status-publish","format-standard","hentry","category-noticias-nacionales","market-global"],"yoast_head":"<!-- This site is optimized with the Yoast SEO plugin v24.4 - https:\/\/yoast.com\/wordpress\/plugins\/seo\/ -->\n<title>Trayectoria del hurac\u00e1n Kristy: d\u00f3nde est\u00e1 y hacia d\u00f3nde se dirige - Noticias<\/title>\n<meta name=\"robots\" content=\"index, follow, max-snippet:-1, max-image-preview:large, max-video-preview:-1\" \/>\n<link rel=\"canonical\" href=\"https:\/\/noticiasya.com\/2024\/10\/24\/trayectoria-tormenta-tropical-kristy-orix\/\" \/>\n<meta property=\"og:locale\" content=\"es_ES\" \/>\n<meta property=\"og:type\" content=\"article\" \/>\n<meta property=\"og:title\" content=\"Trayectoria del hurac\u00e1n Kristy: d\u00f3nde est\u00e1 y hacia d\u00f3nde se dirige - Noticias\" \/>\n<meta property=\"og:description\" content=\"(CNN Espa\u00f1ol) &#8212; El hurac\u00e1n Kristy, actualmente de categor\u00eda 5, avanza sobre el oc\u00e9ano Pac\u00edfico en direcci\u00f3n oeste, alej\u00e1ndose de la costa de M\u00e9xico, de acuerdo con el aviso m\u00e1s reciente del Centro Nacional de Huracanes (NHC, por sus siglas en ingl\u00e9s) de este jueves. Kristy se form\u00f3 el lunes en el oc\u00e9ano Pac\u00edfico y [&hellip;]\" \/>\n<meta property=\"og:url\" content=\"https:\/\/noticiasya.com\/2024\/10\/24\/trayectoria-tormenta-tropical-kristy-orix\/\" \/>\n<meta property=\"og:site_name\" content=\"Noticias\" \/>\n<meta property=\"article:published_time\" content=\"2024-10-25T03:03:38+00:00\" \/>\n<meta name=\"twitter:card\" content=\"summary_large_image\" \/>\n<meta name=\"twitter:label1\" content=\"Est. reading time\" \/>\n\t<meta name=\"twitter:data1\" content=\"1 minuto\" \/>\n<script type=\"application\/ld+json\" class=\"yoast-schema-graph\">{\"@context\":\"https:\/\/schema.org\",\"@graph\":[{\"@type\":\"Article\",\"@id\":\"https:\/\/noticiasya.com\/2024\/10\/24\/trayectoria-tormenta-tropical-kristy-orix\/#article\",\"isPartOf\":{\"@id\":\"https:\/\/noticiasya.com\/2024\/10\/24\/trayectoria-tormenta-tropical-kristy-orix\/\"},\"author\":{\"name\":\"\",\"@id\":\"\"},\"headline\":\"Trayectoria del hurac\u00e1n Kristy: d\u00f3nde est\u00e1 y hacia d\u00f3nde se dirige\",\"datePublished\":\"2024-10-25T03:03:38+00:00\",\"mainEntityOfPage\":{\"@id\":\"https:\/\/noticiasya.com\/2024\/10\/24\/trayectoria-tormenta-tropical-kristy-orix\/\"},\"wordCount\":216,\"commentCount\":0,\"publisher\":{\"@id\":\"https:\/\/noticiasya.com\/#organization\"},\"articleSection\":[\"Noticias Nacionales\"],\"inLanguage\":\"es\",\"potentialAction\":[{\"@type\":\"CommentAction\",\"name\":\"Comment\",\"target\":[\"https:\/\/noticiasya.com\/2024\/10\/24\/trayectoria-tormenta-tropical-kristy-orix\/#respond\"]}]},{\"@type\":\"WebPage\",\"@id\":\"https:\/\/noticiasya.com\/2024\/10\/24\/trayectoria-tormenta-tropical-kristy-orix\/\",\"url\":\"https:\/\/noticiasya.com\/2024\/10\/24\/trayectoria-tormenta-tropical-kristy-orix\/\",\"name\":\"Trayectoria del hurac\u00e1n Kristy: d\u00f3nde est\u00e1 y hacia d\u00f3nde se dirige - Noticias\",\"isPartOf\":{\"@id\":\"https:\/\/noticiasya.com\/#website\"},\"datePublished\":\"2024-10-25T03:03:38+00:00\",\"breadcrumb\":{\"@id\":\"https:\/\/noticiasya.com\/2024\/10\/24\/trayectoria-tormenta-tropical-kristy-orix\/#breadcrumb\"},\"inLanguage\":\"es\",\"potentialAction\":[{\"@type\":\"ReadAction\",\"target\":[\"https:\/\/noticiasya.com\/2024\/10\/24\/trayectoria-tormenta-tropical-kristy-orix\/\"]}]},{\"@type\":\"BreadcrumbList\",\"@id\":\"https:\/\/noticiasya.com\/2024\/10\/24\/trayectoria-tormenta-tropical-kristy-orix\/#breadcrumb\",\"itemListElement\":[{\"@type\":\"ListItem\",\"position\":1,\"name\":\"Home\",\"item\":\"https:\/\/noticiasya.com\/\"},{\"@type\":\"ListItem\",\"position\":2,\"name\":\"Trayectoria del hurac\u00e1n Kristy: d\u00f3nde est\u00e1 y hacia d\u00f3nde se dirige\"}]},{\"@type\":\"WebSite\",\"@id\":\"https:\/\/noticiasya.com\/#website\",\"url\":\"https:\/\/noticiasya.com\/\",\"name\":\"Noticias\",\"description\":\"Lo que importa\",\"publisher\":{\"@id\":\"https:\/\/noticiasya.com\/#organization\"},\"potentialAction\":[{\"@type\":\"SearchAction\",\"target\":{\"@type\":\"EntryPoint\",\"urlTemplate\":\"https:\/\/noticiasya.com\/?s={search_term_string}\"},\"query-input\":{\"@type\":\"PropertyValueSpecification\",\"valueRequired\":true,\"valueName\":\"search_term_string\"}}],\"inLanguage\":\"es\"},{\"@type\":\"Organization\",\"@id\":\"https:\/\/noticiasya.com\/#organization\",\"name\":\"Noticias\",\"url\":\"https:\/\/noticiasya.com\/\",\"logo\":{\"@type\":\"ImageObject\",\"inLanguage\":\"es\",\"@id\":\"https:\/\/noticiasya.com\/#\/schema\/logo\/image\/\",\"url\":\"https:\/\/noticiasya.com\/wp-content\/uploads\/sites\/22\/2023\/12\/logo-nacional.png\",\"contentUrl\":\"https:\/\/noticiasya.com\/wp-content\/uploads\/sites\/22\/2023\/12\/logo-nacional.png\",\"width\":1801,\"height\":691,\"caption\":\"Noticias\"},\"image\":{\"@id\":\"https:\/\/noticiasya.com\/#\/schema\/logo\/image\/\"}}]}<\/script>\n<!-- \/ Yoast SEO plugin. -->","yoast_head_json":{"title":"Trayectoria del hurac\u00e1n Kristy: d\u00f3nde est\u00e1 y hacia d\u00f3nde se dirige - Noticias","robots":{"index":"index","follow":"follow","max-snippet":"max-snippet:-1","max-image-preview":"max-image-preview:large","max-video-preview":"max-video-preview:-1"},"canonical":"https:\/\/noticiasya.com\/2024\/10\/24\/trayectoria-tormenta-tropical-kristy-orix\/","og_locale":"es_ES","og_type":"article","og_title":"Trayectoria del hurac\u00e1n Kristy: d\u00f3nde est\u00e1 y hacia d\u00f3nde se dirige - Noticias","og_description":"(CNN Espa\u00f1ol) &#8212; El hurac\u00e1n Kristy, actualmente de categor\u00eda 5, avanza sobre el oc\u00e9ano Pac\u00edfico en direcci\u00f3n oeste, alej\u00e1ndose de la costa de M\u00e9xico, de acuerdo con el aviso m\u00e1s reciente del Centro Nacional de Huracanes (NHC, por sus siglas en ingl\u00e9s) de este jueves. Kristy se form\u00f3 el lunes en el oc\u00e9ano Pac\u00edfico y [&hellip;]","og_url":"https:\/\/noticiasya.com\/2024\/10\/24\/trayectoria-tormenta-tropical-kristy-orix\/","og_site_name":"Noticias","article_published_time":"2024-10-25T03:03:38+00:00","twitter_card":"summary_large_image","twitter_misc":{"Est. reading time":"1 minuto"},"schema":{"@context":"https:\/\/schema.org","@graph":[{"@type":"Article","@id":"https:\/\/noticiasya.com\/2024\/10\/24\/trayectoria-tormenta-tropical-kristy-orix\/#article","isPartOf":{"@id":"https:\/\/noticiasya.com\/2024\/10\/24\/trayectoria-tormenta-tropical-kristy-orix\/"},"author":{"name":"","@id":""},"headline":"Trayectoria del hurac\u00e1n Kristy: d\u00f3nde est\u00e1 y hacia d\u00f3nde se dirige","datePublished":"2024-10-25T03:03:38+00:00","mainEntityOfPage":{"@id":"https:\/\/noticiasya.com\/2024\/10\/24\/trayectoria-tormenta-tropical-kristy-orix\/"},"wordCount":216,"commentCount":0,"publisher":{"@id":"https:\/\/noticiasya.com\/#organization"},"articleSection":["Noticias Nacionales"],"inLanguage":"es","potentialAction":[{"@type":"CommentAction","name":"Comment","target":["https:\/\/noticiasya.com\/2024\/10\/24\/trayectoria-tormenta-tropical-kristy-orix\/#respond"]}]},{"@type":"WebPage","@id":"https:\/\/noticiasya.com\/2024\/10\/24\/trayectoria-tormenta-tropical-kristy-orix\/","url":"https:\/\/noticiasya.com\/2024\/10\/24\/trayectoria-tormenta-tropical-kristy-orix\/","name":"Trayectoria del hurac\u00e1n Kristy: d\u00f3nde est\u00e1 y hacia d\u00f3nde se dirige - Noticias","isPartOf":{"@id":"https:\/\/noticiasya.com\/#website"},"datePublished":"2024-10-25T03:03:38+00:00","breadcrumb":{"@id":"https:\/\/noticiasya.com\/2024\/10\/24\/trayectoria-tormenta-tropical-kristy-orix\/#breadcrumb"},"inLanguage":"es","potentialAction":[{"@type":"ReadAction","target":["https:\/\/noticiasya.com\/2024\/10\/24\/trayectoria-tormenta-tropical-kristy-orix\/"]}]},{"@type":"BreadcrumbList","@id":"https:\/\/noticiasya.com\/2024\/10\/24\/trayectoria-tormenta-tropical-kristy-orix\/#breadcrumb","itemListElement":[{"@type":"ListItem","position":1,"name":"Home","item":"https:\/\/noticiasya.com\/"},{"@type":"ListItem","position":2,"name":"Trayectoria del hurac\u00e1n Kristy: d\u00f3nde est\u00e1 y hacia d\u00f3nde se dirige"}]},{"@type":"WebSite","@id":"https:\/\/noticiasya.com\/#website","url":"https:\/\/noticiasya.com\/","name":"Noticias","description":"Lo que importa","publisher":{"@id":"https:\/\/noticiasya.com\/#organization"},"potentialAction":[{"@type":"SearchAction","target":{"@type":"EntryPoint","urlTemplate":"https:\/\/noticiasya.com\/?s={search_term_string}"},"query-input":{"@type":"PropertyValueSpecification","valueRequired":true,"valueName":"search_term_string"}}],"inLanguage":"es"},{"@type":"Organization","@id":"https:\/\/noticiasya.com\/#organization","name":"Noticias","url":"https:\/\/noticiasya.com\/","logo":{"@type":"ImageObject","inLanguage":"es","@id":"https:\/\/noticiasya.com\/#\/schema\/logo\/image\/","url":"https:\/\/noticiasya.com\/wp-content\/uploads\/sites\/22\/2023\/12\/logo-nacional.png","contentUrl":"https:\/\/noticiasya.com\/wp-content\/uploads\/sites\/22\/2023\/12\/logo-nacional.png","width":1801,"height":691,"caption":"Noticias"},"image":{"@id":"https:\/\/noticiasya.com\/#\/schema\/logo\/image\/"}}]}},"parsely":{"version":"1.1.0","canonical_url":"https:\/\/noticiasya.com\/midland-odessa\/2024\/10\/24\/trayectoria-tormenta-tropical-kristy-orix\/","smart_links":{"inbound":0,"outbound":0},"traffic_boost_suggestions_count":0,"meta":{"@context":"https:\/\/schema.org","@type":"NewsArticle","headline":"Trayectoria del hurac\u00e1n Kristy: d\u00f3nde est\u00e1 y hacia d\u00f3nde se dirige","url":"http:\/\/noticiasya.com\/midland-odessa\/2024\/10\/24\/trayectoria-tormenta-tropical-kristy-orix\/","mainEntityOfPage":{"@type":"WebPage","@id":"http:\/\/noticiasya.com\/midland-odessa\/2024\/10\/24\/trayectoria-tormenta-tropical-kristy-orix\/"},"thumbnailUrl":"","image":{"@type":"ImageObject","url":""},"articleSection":"Noticias Nacionales","author":[],"creator":[],"publisher":{"@type":"Organization","name":"Noticias","logo":""},"keywords":[],"dateCreated":"2024-10-25T03:03:38Z","datePublished":"2024-10-25T03:03:38Z","dateModified":"2024-10-25T03:03:38Z"},"rendered":"<script type=\"application\/ld+json\" class=\"wp-parsely-metadata\">{\"@context\":\"https:\\\/\\\/schema.org\",\"@type\":\"NewsArticle\",\"headline\":\"Trayectoria del hurac\\u00e1n Kristy: d\\u00f3nde est\\u00e1 y hacia d\\u00f3nde se dirige\",\"url\":\"http:\\\/\\\/noticiasya.com\\\/midland-odessa\\\/2024\\\/10\\\/24\\\/trayectoria-tormenta-tropical-kristy-orix\\\/\",\"mainEntityOfPage\":{\"@type\":\"WebPage\",\"@id\":\"http:\\\/\\\/noticiasya.com\\\/midland-odessa\\\/2024\\\/10\\\/24\\\/trayectoria-tormenta-tropical-kristy-orix\\\/\"},\"thumbnailUrl\":\"\",\"image\":{\"@type\":\"ImageObject\",\"url\":\"\"},\"articleSection\":\"Noticias Nacionales\",\"author\":[],\"creator\":[],\"publisher\":{\"@type\":\"Organization\",\"name\":\"Noticias\",\"logo\":\"\"},\"keywords\":[],\"dateCreated\":\"2024-10-25T03:03:38Z\",\"datePublished\":\"2024-10-25T03:03:38Z\",\"dateModified\":\"2024-10-25T03:03:38Z\"}<\/script>","tracker_url":"https:\/\/cdn.parsely.com\/keys\/noticiasya.com\/p.js"},"jetpack_featured_media_url":"","jetpack-related-posts":[{"id":1464914,"url":"https:\/\/noticiasya.com\/midland-odessa\/2025\/07\/28\/trayectoria-tormenta-tropical-iona-orix\/","url_meta":{"origin":1455346,"position":0},"title":"Trayectoria de la tormenta tropical Iona: d\u00f3nde est\u00e1 y hacia d\u00f3nde se dirige","author":"","date":"julio 28, 2025","format":false,"excerpt":"La tormenta tropical Iona se ha fortalecido en el oc\u00e9ano Pac\u00edfico, donde avanza a m\u00e1s de 1.000 km de distancia de Hawai, seg\u00fan el Centro Nacional de Huracanes de EE.UU. (NHC), que pronostica que se convertir\u00e1 en hurac\u00e1n este lunes a la noche.Iona se encuentra la ma\u00f1ana de este lunes\u2026","rel":"","context":"In &quot;Noticias Nacionales&quot;","block_context":{"text":"Noticias Nacionales","link":"https:\/\/noticiasya.com\/midland-odessa\/categoria\/noticias-nacionales"},"img":{"alt_text":"","src":"","width":0,"height":0},"classes":[]},{"id":1465833,"url":"https:\/\/noticiasya.com\/midland-odessa\/2025\/08\/25\/trayectoria-tormenta-tropical-juliette-donde-esta-dirige-orix\/","url_meta":{"origin":1455346,"position":1},"title":"Trayectoria de la tormenta tropical Juliette: d\u00f3nde est\u00e1 y hacia d\u00f3nde se dirige","author":"","date":"agosto 25, 2025","format":false,"excerpt":"La tormenta tropical Juliette, que se form\u00f3 este lunes en el oc\u00e9ano Pac\u00edfico, est\u00e1 ubicada a unos 705 km al sur-suroeste del extremo inferior de Baja California y avanza en direcci\u00f3n oeste-noroeste, seg\u00fan el reporte m\u00e1s reciente del Centro Nacional de Huracanes (NHC, por sus siglas en ingl\u00e9s).Juliette, la d\u00e9cima\u2026","rel":"","context":"In &quot;Noticias Nacionales&quot;","block_context":{"text":"Noticias Nacionales","link":"https:\/\/noticiasya.com\/midland-odessa\/categoria\/noticias-nacionales"},"img":{"alt_text":"","src":"","width":0,"height":0},"classes":[]},{"id":1466091,"url":"https:\/\/noticiasya.com\/midland-odessa\/2025\/09\/02\/trayectoria-tormenta-tropical-lorena-donde-esta-direccion-orix\/","url_meta":{"origin":1455346,"position":2},"title":"Trayectoria de la tormenta tropical Lorena: d\u00f3nde est\u00e1 y hacia d\u00f3nde se dirige","author":"","date":"septiembre 2, 2025","format":false,"excerpt":"La tormenta tropical Lorena, que se form\u00f3 este martes en el oc\u00e9ano Pac\u00edfico, avanza frente a la costa de M\u00e9xico en direcci\u00f3n noroeste, llevando la amenaza de lluvias fuertes a varios estados desde Colima a Sinaloa.La ma\u00f1ana del martes, Lorena se encontraba a unos 385 km al oeste de Manzanillo\u2026","rel":"","context":"In &quot;Noticias Nacionales&quot;","block_context":{"text":"Noticias Nacionales","link":"https:\/\/noticiasya.com\/midland-odessa\/categoria\/noticias-nacionales"},"img":{"alt_text":"","src":"","width":0,"height":0},"classes":[]},{"id":1466051,"url":"https:\/\/noticiasya.com\/midland-odessa\/2025\/09\/01\/trayectoria-tormenta-tropical-kiko-donde-esta-direccion-orix\/","url_meta":{"origin":1455346,"position":3},"title":"Trayectoria de la tormenta tropical Kiko: d\u00f3nde est\u00e1 y hacia d\u00f3nde se dirige","author":"","date":"septiembre 1, 2025","format":false,"excerpt":"La tormenta tropical Kiko, formada el domingo, se localiza este lunes a unos 1.990 km al oeste-sureste del extremo sur de Baja California, con vientos m\u00e1ximos sostenidos de 95 km\/h, seg\u00fan el \u00faltimo reporte del Centro Nacional de Huracanes de EE.UU. (NHC).Kiko, la und\u00e9cima tormenta tropical con nombre de la\u2026","rel":"","context":"In &quot;Noticias Nacionales&quot;","block_context":{"text":"Noticias Nacionales","link":"https:\/\/noticiasya.com\/midland-odessa\/categoria\/noticias-nacionales"},"img":{"alt_text":"","src":"","width":0,"height":0},"classes":[]},{"id":1450793,"url":"https:\/\/noticiasya.com\/midland-odessa\/2024\/06\/29\/trayectoria-tormenta-tropical-beryl-cuando-se-forma-orix\/","url_meta":{"origin":1455346,"position":4},"title":"Esta ser\u00e1 la trayectoria de la tormenta tropical Beryl, que podr\u00eda convertirse en el primer hurac\u00e1n de la temporada","author":"","date":"junio 29, 2024","format":false,"excerpt":"(CNN Espa\u00f1ol) -- El segundo cicl\u00f3n de la temporada de huracanes del Atl\u00e1ntico se ha desarrollado y podr\u00eda representar una rara amenaza en el comienzo de la temporada para partes del Caribe a lo largo de su trayectoria que avanza hacia el oeste, que se fortaleci\u00f3 r\u00e1pidamente hasta convertirse en\u2026","rel":"","context":"In &quot;Noticias Nacionales&quot;","block_context":{"text":"Noticias Nacionales","link":"https:\/\/noticiasya.com\/midland-odessa\/categoria\/noticias-nacionales"},"img":{"alt_text":"","src":"","width":0,"height":0},"classes":[]},{"id":1467356,"url":"https:\/\/noticiasya.com\/midland-odessa\/2025\/10\/14\/trayectoria-tormenta-tropical-lorenzo-orix\/","url_meta":{"origin":1455346,"position":5},"title":"Trayectoria de la tormenta tropical Lorenzo: d\u00f3nde est\u00e1 y hacia d\u00f3nde se dirige","author":"","date":"octubre 14, 2025","format":false,"excerpt":"La tormenta tropical Lorenzo se encuentra en la ma\u00f1ana de este martes a unos 2.150 km al oeste de las islas de Cabo Verde y avanza en direcci\u00f3n noroeste, seg\u00fan el informe m\u00e1s reciente del Centro Nacional de Huracanes de Estados Unidos (NHC, por sus siglas en ingl\u00e9s).Lorenzo se mueve\u2026","rel":"","context":"In &quot;Noticias Nacionales&quot;","block_context":{"text":"Noticias Nacionales","link":"https:\/\/noticiasya.com\/midland-odessa\/categoria\/noticias-nacionales"},"img":{"alt_text":"","src":"","width":0,"height":0},"classes":[]}],"jetpack_sharing_enabled":true,"_links":{"self":[{"href":"https:\/\/noticiasya.com\/midland-odessa\/wp-json\/wp\/v2\/posts\/1455346","targetHints":{"allow":["GET"]}}],"collection":[{"href":"https:\/\/noticiasya.com\/midland-odessa\/wp-json\/wp\/v2\/posts"}],"about":[{"href":"https:\/\/noticiasya.com\/midland-odessa\/wp-json\/wp\/v2\/types\/post"}],"replies":[{"embeddable":true,"href":"https:\/\/noticiasya.com\/midland-odessa\/wp-json\/wp\/v2\/comments?post=1455346"}],"version-history":[{"count":0,"href":"https:\/\/noticiasya.com\/midland-odessa\/wp-json\/wp\/v2\/posts\/1455346\/revisions"}],"wp:attachment":[{"href":"https:\/\/noticiasya.com\/midland-odessa\/wp-json\/wp\/v2\/media?parent=1455346"}],"wp:term":[{"taxonomy":"category","embeddable":true,"href":"https:\/\/noticiasya.com\/midland-odessa\/wp-json\/wp\/v2\/categories?post=1455346"},{"taxonomy":"post_tag","embeddable":true,"href":"https:\/\/noticiasya.com\/midland-odessa\/wp-json\/wp\/v2\/tags?post=1455346"}],"curies":[{"name":"wp","href":"https:\/\/api.w.org\/{rel}","templated":true}]}}