{"id":1455352,"date":"2024-10-25T02:03:48","date_gmt":"2024-10-25T09:03:48","guid":{"rendered":"https:\/\/noticiasya.com\/2024\/10\/25\/ecuador-aumento-cortes-de-energia-crisis-orix\/"},"modified":"2024-10-25T02:03:48","modified_gmt":"2024-10-25T09:03:48","slug":"ecuador-aumento-cortes-de-energia-crisis-orix","status":"publish","type":"post","link":"https:\/\/noticiasya.com\/midland-odessa\/2024\/10\/25\/ecuador-aumento-cortes-de-energia-crisis-orix\/","title":{"rendered":"Gobierno de Ecuador incrementa de 8 a 14 horas diarias los cortes de energ\u00eda y se agrava la crisis"},"content":{"rendered":"<p>(CNN Espa\u00f1ol) &#8212; Se agrava la situaci\u00f3n energ\u00e9tica en Ecuador y la ministra encargada de Energ\u00eda y Minas, In\u00e9s Manzano, anunci\u00f3 la noche de este jueves que los cortes del servicio de electricidad se incrementar\u00e1n de 8 a 14 horas diarias pese a que el 17 de octubre el presidente Daniel Noboa ofreci\u00f3 en un mensaje al pa\u00eds que se reducir\u00edan a 8, 6 y 4 horas diarias paulatinamente.<\/p>\n<p>\u201cHemos tomado la dolorosa pero responsable decisi\u00f3n de modificar el plan de racionamientos aumentando de 8 a 14 horas diarias y que tendr\u00e1 una evaluaci\u00f3n el d\u00eda domingo\u201d, precis\u00f3 la ministra en un mensaje en la cuenta oficial de X del Ministerio de Energ\u00eda.<\/p>\n<p>Manzano dijo que uno de los problemas son los caudales deprimidos en dos de las principales centrales hidroel\u00e9ctricas del pa\u00eds, Mazar y Coca Codo-Sinclair. Reiter\u00f3 que el Gobierno est\u00e1 intentando recuperar el parque generador del pa\u00eds y adquirir nuevas fuentes de energ\u00eda.<\/p>\n<p>La crisis energ\u00e9tica golpea a Am\u00e9rica Latina, que vive apagones y sequ\u00edas sin precedentes<\/p>\n<p>\u201cComprendemos la molestia que este anuncio pueda causar en su vida personal y los efectos en su vida profesional\u201d, agreg\u00f3 Manzano.<\/p>\n<p>El anuncio de la ministra Manzano se dio horas despu\u00e9s de una reuni\u00f3n del Comit\u00e9 Asesor Permanente en materia de energ\u00eda el\u00e9ctrica conformado por representantes de los sectores p\u00fablico y privado.<\/p>\n<p>El Gobierno de Daniel Noboa enfrenta la crisis energ\u00e9tica en medio del descontento ciudadano, las cr\u00edticas del sector empresarial, cambios en las jornadas educativas y laborales, p\u00e9rdidas econ\u00f3micas e impacto en grupos vulnerables.<\/p>\n<p>Varios afectados han indicado a CNN que el presidente Noboa deb\u00eda haber tomado medidas efectivas y r\u00e1pidas en cuanto asumi\u00f3 el poder en noviembre de 2023, pues era p\u00fablica la dif\u00edcil situaci\u00f3n de generaci\u00f3n el\u00e9ctrica que reportaba el pa\u00eds y a que el Instituto Nacional de Meteorolog\u00eda e Hidrolog\u00eda (INAMHI) preve\u00eda una fuerte sequ\u00eda en 2024 por el fen\u00f3meno de El Ni\u00f1o.<\/p>\n<p>Renuncia el ministro de Energ\u00eda y Minas de Ecuador en medio de grave crisis por apagones<\/p>\n<p>El 7 de septiembre recrudeci\u00f3 la compleja situaci\u00f3n energ\u00e9tica en Ecuador luego de que el pa\u00eds enfrent\u00f3 un nuevo apag\u00f3n sorpresivo que dej\u00f3 sin servicio el\u00e9ctrico a una buena parte de las provincias del pa\u00eds. El hecho fue atribuido por el Ministerio de Energ\u00eda a una falla en una subestaci\u00f3n.<\/p>\n<p>Sin embargo, pocos d\u00edas despu\u00e9s el Gobierno dispuso nuevas jornadas de apagones programados desde el 18 de septiembre para realizar mantenimientos al sistema. La situaci\u00f3n se agrav\u00f3 posteriormente y el Gobierno anunci\u00f3 que los apagones se extender\u00edan durante las pr\u00f3ximas semanas debido a la sequ\u00eda, la disminuci\u00f3n de los embalses de las hidroel\u00e9ctricas y el deterioro de varias centrales el\u00e9ctricas, entre otros aspectos. A eso se sum\u00f3 que Colombia dej\u00f3 de vender energ\u00eda a Ecuador.<\/p>\n<p>Hace un mes y medio empezaron los cortes de energ\u00eda en el pa\u00eds sudamericano y las autoridades de energ\u00eda han indicado que continuar\u00e1n sin determinar una fecha oficial de finalizaci\u00f3n.<\/p>\n<p>Los apagones empezaron con 8 horas diarias, y poco tiempo despu\u00e9s se incrementaron hasta 12 horas al d\u00eda, dependiendo de las ciudades y barrios. Luego, el Gobierno estandariz\u00f3 los apagones hasta 10 horas diarias, mientras que la semana pasada, el presidente Noboa ofreci\u00f3 una reducci\u00f3n semanal de 8, 6 y 4 horas diarias paulatinamente. Ofrecimiento que no pudo cumplirse tras el anuncio de este jueves de aumentar los apagones a 14 horas diarias.<\/p>\n<p>The-CNN-Wire<br \/>&trade; &amp; &copy; 2024 Cable News Network, Inc., a Warner Bros. Discovery Company. All rights reserved.<\/p>\n","protected":false},"excerpt":{"rendered":"<p>(CNN Espa\u00f1ol) &#8212; Se agrava la situaci\u00f3n energ\u00e9tica en Ecuador y la ministra encargada de Energ\u00eda y Minas, In\u00e9s Manzano, anunci\u00f3 la noche de este jueves que los cortes del servicio de electricidad se incrementar\u00e1n de 8 a 14 horas diarias pese a que el 17 de octubre el presidente Daniel Noboa ofreci\u00f3 en un [&hellip;]<\/p>\n","protected":false},"author":0,"featured_media":0,"comment_status":"open","ping_status":"open","sticky":false,"template":"","format":"standard","meta":{"_jetpack_memberships_contains_paid_content":false,"footnotes":""},"categories":[10],"tags":[],"class_list":["post-1455352","post","type-post","status-publish","format-standard","hentry","category-noticias-nacionales","market-global"],"yoast_head":"<!-- This site is optimized with the Yoast SEO plugin v24.4 - https:\/\/yoast.com\/wordpress\/plugins\/seo\/ -->\n<title>Gobierno de Ecuador incrementa de 8 a 14 horas diarias los cortes de energ\u00eda y se agrava la crisis - Noticias<\/title>\n<meta name=\"robots\" content=\"index, follow, max-snippet:-1, max-image-preview:large, max-video-preview:-1\" \/>\n<link rel=\"canonical\" href=\"https:\/\/noticiasya.com\/2024\/10\/25\/ecuador-aumento-cortes-de-energia-crisis-orix\/\" \/>\n<meta property=\"og:locale\" content=\"es_ES\" \/>\n<meta property=\"og:type\" content=\"article\" \/>\n<meta property=\"og:title\" content=\"Gobierno de Ecuador incrementa de 8 a 14 horas diarias los cortes de energ\u00eda y se agrava la crisis - Noticias\" \/>\n<meta property=\"og:description\" content=\"(CNN Espa\u00f1ol) &#8212; Se agrava la situaci\u00f3n energ\u00e9tica en Ecuador y la ministra encargada de Energ\u00eda y Minas, In\u00e9s Manzano, anunci\u00f3 la noche de este jueves que los cortes del servicio de electricidad se incrementar\u00e1n de 8 a 14 horas diarias pese a que el 17 de octubre el presidente Daniel Noboa ofreci\u00f3 en un [&hellip;]\" \/>\n<meta property=\"og:url\" content=\"https:\/\/noticiasya.com\/2024\/10\/25\/ecuador-aumento-cortes-de-energia-crisis-orix\/\" \/>\n<meta property=\"og:site_name\" content=\"Noticias\" \/>\n<meta property=\"article:published_time\" content=\"2024-10-25T09:03:48+00:00\" \/>\n<meta name=\"twitter:card\" content=\"summary_large_image\" \/>\n<meta name=\"twitter:label1\" content=\"Est. reading time\" \/>\n\t<meta name=\"twitter:data1\" content=\"3 minutos\" \/>\n<script type=\"application\/ld+json\" class=\"yoast-schema-graph\">{\"@context\":\"https:\/\/schema.org\",\"@graph\":[{\"@type\":\"Article\",\"@id\":\"https:\/\/noticiasya.com\/2024\/10\/25\/ecuador-aumento-cortes-de-energia-crisis-orix\/#article\",\"isPartOf\":{\"@id\":\"https:\/\/noticiasya.com\/2024\/10\/25\/ecuador-aumento-cortes-de-energia-crisis-orix\/\"},\"author\":{\"name\":\"\",\"@id\":\"\"},\"headline\":\"Gobierno de Ecuador incrementa de 8 a 14 horas diarias los cortes de energ\u00eda y se agrava la crisis\",\"datePublished\":\"2024-10-25T09:03:48+00:00\",\"mainEntityOfPage\":{\"@id\":\"https:\/\/noticiasya.com\/2024\/10\/25\/ecuador-aumento-cortes-de-energia-crisis-orix\/\"},\"wordCount\":644,\"commentCount\":0,\"publisher\":{\"@id\":\"https:\/\/noticiasya.com\/#organization\"},\"articleSection\":[\"Noticias Nacionales\"],\"inLanguage\":\"es\",\"potentialAction\":[{\"@type\":\"CommentAction\",\"name\":\"Comment\",\"target\":[\"https:\/\/noticiasya.com\/2024\/10\/25\/ecuador-aumento-cortes-de-energia-crisis-orix\/#respond\"]}]},{\"@type\":\"WebPage\",\"@id\":\"https:\/\/noticiasya.com\/2024\/10\/25\/ecuador-aumento-cortes-de-energia-crisis-orix\/\",\"url\":\"https:\/\/noticiasya.com\/2024\/10\/25\/ecuador-aumento-cortes-de-energia-crisis-orix\/\",\"name\":\"Gobierno de Ecuador incrementa de 8 a 14 horas diarias los cortes de energ\u00eda y se agrava la crisis - Noticias\",\"isPartOf\":{\"@id\":\"https:\/\/noticiasya.com\/#website\"},\"datePublished\":\"2024-10-25T09:03:48+00:00\",\"breadcrumb\":{\"@id\":\"https:\/\/noticiasya.com\/2024\/10\/25\/ecuador-aumento-cortes-de-energia-crisis-orix\/#breadcrumb\"},\"inLanguage\":\"es\",\"potentialAction\":[{\"@type\":\"ReadAction\",\"target\":[\"https:\/\/noticiasya.com\/2024\/10\/25\/ecuador-aumento-cortes-de-energia-crisis-orix\/\"]}]},{\"@type\":\"BreadcrumbList\",\"@id\":\"https:\/\/noticiasya.com\/2024\/10\/25\/ecuador-aumento-cortes-de-energia-crisis-orix\/#breadcrumb\",\"itemListElement\":[{\"@type\":\"ListItem\",\"position\":1,\"name\":\"Home\",\"item\":\"https:\/\/noticiasya.com\/\"},{\"@type\":\"ListItem\",\"position\":2,\"name\":\"Gobierno de Ecuador incrementa de 8 a 14 horas diarias los cortes de energ\u00eda y se agrava la crisis\"}]},{\"@type\":\"WebSite\",\"@id\":\"https:\/\/noticiasya.com\/#website\",\"url\":\"https:\/\/noticiasya.com\/\",\"name\":\"Noticias\",\"description\":\"Lo que importa\",\"publisher\":{\"@id\":\"https:\/\/noticiasya.com\/#organization\"},\"potentialAction\":[{\"@type\":\"SearchAction\",\"target\":{\"@type\":\"EntryPoint\",\"urlTemplate\":\"https:\/\/noticiasya.com\/?s={search_term_string}\"},\"query-input\":{\"@type\":\"PropertyValueSpecification\",\"valueRequired\":true,\"valueName\":\"search_term_string\"}}],\"inLanguage\":\"es\"},{\"@type\":\"Organization\",\"@id\":\"https:\/\/noticiasya.com\/#organization\",\"name\":\"Noticias\",\"url\":\"https:\/\/noticiasya.com\/\",\"logo\":{\"@type\":\"ImageObject\",\"inLanguage\":\"es\",\"@id\":\"https:\/\/noticiasya.com\/#\/schema\/logo\/image\/\",\"url\":\"https:\/\/noticiasya.com\/wp-content\/uploads\/sites\/22\/2023\/12\/logo-nacional.png\",\"contentUrl\":\"https:\/\/noticiasya.com\/wp-content\/uploads\/sites\/22\/2023\/12\/logo-nacional.png\",\"width\":1801,\"height\":691,\"caption\":\"Noticias\"},\"image\":{\"@id\":\"https:\/\/noticiasya.com\/#\/schema\/logo\/image\/\"}}]}<\/script>\n<!-- \/ Yoast SEO plugin. -->","yoast_head_json":{"title":"Gobierno de Ecuador incrementa de 8 a 14 horas diarias los cortes de energ\u00eda y se agrava la crisis - Noticias","robots":{"index":"index","follow":"follow","max-snippet":"max-snippet:-1","max-image-preview":"max-image-preview:large","max-video-preview":"max-video-preview:-1"},"canonical":"https:\/\/noticiasya.com\/2024\/10\/25\/ecuador-aumento-cortes-de-energia-crisis-orix\/","og_locale":"es_ES","og_type":"article","og_title":"Gobierno de Ecuador incrementa de 8 a 14 horas diarias los cortes de energ\u00eda y se agrava la crisis - Noticias","og_description":"(CNN Espa\u00f1ol) &#8212; Se agrava la situaci\u00f3n energ\u00e9tica en Ecuador y la ministra encargada de Energ\u00eda y Minas, In\u00e9s Manzano, anunci\u00f3 la noche de este jueves que los cortes del servicio de electricidad se incrementar\u00e1n de 8 a 14 horas diarias pese a que el 17 de octubre el presidente Daniel Noboa ofreci\u00f3 en un [&hellip;]","og_url":"https:\/\/noticiasya.com\/2024\/10\/25\/ecuador-aumento-cortes-de-energia-crisis-orix\/","og_site_name":"Noticias","article_published_time":"2024-10-25T09:03:48+00:00","twitter_card":"summary_large_image","twitter_misc":{"Est. reading time":"3 minutos"},"schema":{"@context":"https:\/\/schema.org","@graph":[{"@type":"Article","@id":"https:\/\/noticiasya.com\/2024\/10\/25\/ecuador-aumento-cortes-de-energia-crisis-orix\/#article","isPartOf":{"@id":"https:\/\/noticiasya.com\/2024\/10\/25\/ecuador-aumento-cortes-de-energia-crisis-orix\/"},"author":{"name":"","@id":""},"headline":"Gobierno de Ecuador incrementa de 8 a 14 horas diarias los cortes de energ\u00eda y se agrava la crisis","datePublished":"2024-10-25T09:03:48+00:00","mainEntityOfPage":{"@id":"https:\/\/noticiasya.com\/2024\/10\/25\/ecuador-aumento-cortes-de-energia-crisis-orix\/"},"wordCount":644,"commentCount":0,"publisher":{"@id":"https:\/\/noticiasya.com\/#organization"},"articleSection":["Noticias Nacionales"],"inLanguage":"es","potentialAction":[{"@type":"CommentAction","name":"Comment","target":["https:\/\/noticiasya.com\/2024\/10\/25\/ecuador-aumento-cortes-de-energia-crisis-orix\/#respond"]}]},{"@type":"WebPage","@id":"https:\/\/noticiasya.com\/2024\/10\/25\/ecuador-aumento-cortes-de-energia-crisis-orix\/","url":"https:\/\/noticiasya.com\/2024\/10\/25\/ecuador-aumento-cortes-de-energia-crisis-orix\/","name":"Gobierno de Ecuador incrementa de 8 a 14 horas diarias los cortes de energ\u00eda y se agrava la crisis - Noticias","isPartOf":{"@id":"https:\/\/noticiasya.com\/#website"},"datePublished":"2024-10-25T09:03:48+00:00","breadcrumb":{"@id":"https:\/\/noticiasya.com\/2024\/10\/25\/ecuador-aumento-cortes-de-energia-crisis-orix\/#breadcrumb"},"inLanguage":"es","potentialAction":[{"@type":"ReadAction","target":["https:\/\/noticiasya.com\/2024\/10\/25\/ecuador-aumento-cortes-de-energia-crisis-orix\/"]}]},{"@type":"BreadcrumbList","@id":"https:\/\/noticiasya.com\/2024\/10\/25\/ecuador-aumento-cortes-de-energia-crisis-orix\/#breadcrumb","itemListElement":[{"@type":"ListItem","position":1,"name":"Home","item":"https:\/\/noticiasya.com\/"},{"@type":"ListItem","position":2,"name":"Gobierno de Ecuador incrementa de 8 a 14 horas diarias los cortes de energ\u00eda y se agrava la crisis"}]},{"@type":"WebSite","@id":"https:\/\/noticiasya.com\/#website","url":"https:\/\/noticiasya.com\/","name":"Noticias","description":"Lo que importa","publisher":{"@id":"https:\/\/noticiasya.com\/#organization"},"potentialAction":[{"@type":"SearchAction","target":{"@type":"EntryPoint","urlTemplate":"https:\/\/noticiasya.com\/?s={search_term_string}"},"query-input":{"@type":"PropertyValueSpecification","valueRequired":true,"valueName":"search_term_string"}}],"inLanguage":"es"},{"@type":"Organization","@id":"https:\/\/noticiasya.com\/#organization","name":"Noticias","url":"https:\/\/noticiasya.com\/","logo":{"@type":"ImageObject","inLanguage":"es","@id":"https:\/\/noticiasya.com\/#\/schema\/logo\/image\/","url":"https:\/\/noticiasya.com\/wp-content\/uploads\/sites\/22\/2023\/12\/logo-nacional.png","contentUrl":"https:\/\/noticiasya.com\/wp-content\/uploads\/sites\/22\/2023\/12\/logo-nacional.png","width":1801,"height":691,"caption":"Noticias"},"image":{"@id":"https:\/\/noticiasya.com\/#\/schema\/logo\/image\/"}}]}},"parsely":{"version":"1.1.0","canonical_url":"https:\/\/noticiasya.com\/midland-odessa\/2024\/10\/25\/ecuador-aumento-cortes-de-energia-crisis-orix\/","smart_links":{"inbound":0,"outbound":0},"traffic_boost_suggestions_count":0,"meta":{"@context":"https:\/\/schema.org","@type":"NewsArticle","headline":"Gobierno de Ecuador incrementa de 8 a 14 horas diarias los cortes de energ\u00eda y se agrava la crisis","url":"http:\/\/noticiasya.com\/midland-odessa\/2024\/10\/25\/ecuador-aumento-cortes-de-energia-crisis-orix\/","mainEntityOfPage":{"@type":"WebPage","@id":"http:\/\/noticiasya.com\/midland-odessa\/2024\/10\/25\/ecuador-aumento-cortes-de-energia-crisis-orix\/"},"thumbnailUrl":"","image":{"@type":"ImageObject","url":""},"articleSection":"Noticias Nacionales","author":[],"creator":[],"publisher":{"@type":"Organization","name":"Noticias","logo":""},"keywords":[],"dateCreated":"2024-10-25T09:03:48Z","datePublished":"2024-10-25T09:03:48Z","dateModified":"2024-10-25T09:03:48Z"},"rendered":"<script type=\"application\/ld+json\" class=\"wp-parsely-metadata\">{\"@context\":\"https:\\\/\\\/schema.org\",\"@type\":\"NewsArticle\",\"headline\":\"Gobierno de Ecuador incrementa de 8 a 14 horas diarias los cortes de energ\\u00eda y se agrava la crisis\",\"url\":\"http:\\\/\\\/noticiasya.com\\\/midland-odessa\\\/2024\\\/10\\\/25\\\/ecuador-aumento-cortes-de-energia-crisis-orix\\\/\",\"mainEntityOfPage\":{\"@type\":\"WebPage\",\"@id\":\"http:\\\/\\\/noticiasya.com\\\/midland-odessa\\\/2024\\\/10\\\/25\\\/ecuador-aumento-cortes-de-energia-crisis-orix\\\/\"},\"thumbnailUrl\":\"\",\"image\":{\"@type\":\"ImageObject\",\"url\":\"\"},\"articleSection\":\"Noticias Nacionales\",\"author\":[],\"creator\":[],\"publisher\":{\"@type\":\"Organization\",\"name\":\"Noticias\",\"logo\":\"\"},\"keywords\":[],\"dateCreated\":\"2024-10-25T09:03:48Z\",\"datePublished\":\"2024-10-25T09:03:48Z\",\"dateModified\":\"2024-10-25T09:03:48Z\"}<\/script>","tracker_url":"https:\/\/cdn.parsely.com\/keys\/noticiasya.com\/p.js"},"jetpack_featured_media_url":"","jetpack-related-posts":[{"id":1455704,"url":"https:\/\/noticiasya.com\/midland-odessa\/2024\/11\/09\/ecuador-aumentar-cortes-luz-12-horas-diarias-orix\/","url_meta":{"origin":1455352,"position":0},"title":"Gobierno de Ecuador vuelve a aumentar los cortes de luz a hasta 12 horas diarias","author":"","date":"noviembre 9, 2024","format":false,"excerpt":"(CNN Espa\u00f1ol) -- El Gobierno de Ecuador anunci\u00f3 este s\u00e1bado que aumentar\u00e1 de nuevo la duraci\u00f3n de los cortes de luz a hasta 12 horas diarias durante este fin de semana, de acuerdo con un comunicado del Ministerio de Energ\u00eda y Minas.\"Los racionamientos estar\u00e1n vigentes desde el s\u00e1bado 9 de\u2026","rel":"","context":"In &quot;Noticias Nacionales&quot;","block_context":{"text":"Noticias Nacionales","link":"https:\/\/noticiasya.com\/midland-odessa\/categoria\/noticias-nacionales"},"img":{"alt_text":"","src":"","width":0,"height":0},"classes":[]},{"id":1455402,"url":"https:\/\/noticiasya.com\/midland-odessa\/2024\/10\/28\/noboa-crisis-energetica-ecuador-petro-apagones-orix\/","url_meta":{"origin":1455352,"position":1},"title":"Noboa habla de la crisis energ\u00e9tica en Ecuador: plantea pedir apoyo a Petro y poner fin a los apagones en diciembre","author":"","date":"octubre 28, 2024","format":false,"excerpt":"(CNN Espa\u00f1ol) \u2013\u2013 El presidente de Ecuador, Daniel Noboa, afirm\u00f3 durante una entrevista este domingo que su hom\u00f3logo colombiano, Gustavo Petro, deber\u00eda reanudar la venta de energ\u00eda a su pa\u00eds y asegur\u00f3 que abordar\u00e1 esa petici\u00f3n el martes que visite Cali para participar en la Conferencia de las Naciones Unidas\u2026","rel":"","context":"In &quot;Noticias Nacionales&quot;","block_context":{"text":"Noticias Nacionales","link":"https:\/\/noticiasya.com\/midland-odessa\/categoria\/noticias-nacionales"},"img":{"alt_text":"","src":"","width":0,"height":0},"classes":[]},{"id":1455007,"url":"https:\/\/noticiasya.com\/midland-odessa\/2024\/10\/09\/extienden-apagones-10-horas-ecuador-situacion-energetica-orix\/","url_meta":{"origin":1455352,"position":2},"title":"Extienden los horarios de los apagones por hasta 10 horas en Ecuador ante la cr\u00edtica situaci\u00f3n energ\u00e9tica","author":"","date":"octubre 9, 2024","format":false,"excerpt":"(CNN Espa\u00f1ol) --\u00a0 El ministro de Energ\u00eda de Ecuador, Antonio Goncalves, admiti\u00f3 este mi\u00e9rcoles en cadena nacional que la situaci\u00f3n energ\u00e9tica en el pa\u00eds se ha complicado m\u00e1s a casi un mes del inicio de nuevos apagones, y explic\u00f3 que, a partir del mediod\u00eda, se reprogramar\u00e1n los apagones por hasta\u2026","rel":"","context":"In &quot;Noticias Nacionales&quot;","block_context":{"text":"Noticias Nacionales","link":"https:\/\/noticiasya.com\/midland-odessa\/categoria\/noticias-nacionales"},"img":{"alt_text":"","src":"","width":0,"height":0},"classes":[]},{"id":1455729,"url":"https:\/\/noticiasya.com\/midland-odessa\/2024\/11\/10\/malestar-ecuador-cortes-energia-apagones-orix\/","url_meta":{"origin":1455352,"position":3},"title":"Crece el malestar en Ecuador debido a los cortes de energ\u00eda y el incumplimiento en los horarios de apagones","author":"","date":"noviembre 10, 2024","format":false,"excerpt":"(CNN Espa\u00f1ol) \u2013\u2013 Tras el anuncio gubernamental de un nuevo aumento de cortes de energ\u00eda en Ecuador a 12 horas diarias realizado este s\u00e1bado por el Ministerio de Energ\u00eda se desat\u00f3 una serie de reacciones de rechazo, indignaci\u00f3n y malestar entre la poblaci\u00f3n y los sectores sociales y econ\u00f3micos del\u2026","rel":"","context":"In &quot;Noticias Nacionales&quot;","block_context":{"text":"Noticias Nacionales","link":"https:\/\/noticiasya.com\/midland-odessa\/categoria\/noticias-nacionales"},"img":{"alt_text":"","src":"","width":0,"height":0},"classes":[]},{"id":1455319,"url":"https:\/\/noticiasya.com\/midland-odessa\/2024\/10\/23\/por-emergencia-sector-electrico-gobierno-ecuador-permitira-modificar-jornada-laboral-orix\/","url_meta":{"origin":1455352,"position":4},"title":"Por la emergencia en el sector el\u00e9ctrico, el Gobierno de Ecuador permitir\u00e1 modificar la jornada laboral","author":"","date":"octubre 23, 2024","format":false,"excerpt":"(CNN) -- El Gobierno de Ecuador public\u00f3 este martes un acuerdo que permite a patrones y trabajadores modificar las jornadas laborales mientras el pa\u00eds hace frente a la emergencia que afecta al sector el\u00e9ctrico.Firmado por la ministra de Trabajo, Ivonne N\u00fa\u00f1ez, el documento se\u00f1ala que patr\u00f3n y trabajador podr\u00e1n acordar\u2026","rel":"","context":"In &quot;Noticias Nacionales&quot;","block_context":{"text":"Noticias Nacionales","link":"https:\/\/noticiasya.com\/midland-odessa\/categoria\/noticias-nacionales"},"img":{"alt_text":"","src":"","width":0,"height":0},"classes":[]},{"id":1448684,"url":"https:\/\/noticiasya.com\/midland-odessa\/2024\/04\/29\/reduccion-cortes-electricidad-ecuador-acuerdo-colombia-orix\/","url_meta":{"origin":1455352,"position":5},"title":"Prev\u00e9n reducci\u00f3n de cortes de electricidad en Ecuador tras acuerdo para compra de energ\u00eda a Colombia","author":"","date":"abril 29, 2024","format":false,"excerpt":"(CNN Espa\u00f1ol) -- El encargado del Ministerio de Energ\u00eda de Ecuador, Roberto Luque, dijo que prev\u00e9n que se reducir\u00e1n los cortes el\u00e9ctricos en el pa\u00eds, debido al restablecimiento de la interconexi\u00f3n con Colombia que permitir\u00e1 retomar la compra de electricidad al pa\u00eds vecino, misma que se hab\u00eda suspendido a mediados\u2026","rel":"","context":"In &quot;Noticias Nacionales&quot;","block_context":{"text":"Noticias Nacionales","link":"https:\/\/noticiasya.com\/midland-odessa\/categoria\/noticias-nacionales"},"img":{"alt_text":"","src":"","width":0,"height":0},"classes":[]}],"jetpack_sharing_enabled":true,"_links":{"self":[{"href":"https:\/\/noticiasya.com\/midland-odessa\/wp-json\/wp\/v2\/posts\/1455352","targetHints":{"allow":["GET"]}}],"collection":[{"href":"https:\/\/noticiasya.com\/midland-odessa\/wp-json\/wp\/v2\/posts"}],"about":[{"href":"https:\/\/noticiasya.com\/midland-odessa\/wp-json\/wp\/v2\/types\/post"}],"replies":[{"embeddable":true,"href":"https:\/\/noticiasya.com\/midland-odessa\/wp-json\/wp\/v2\/comments?post=1455352"}],"version-history":[{"count":0,"href":"https:\/\/noticiasya.com\/midland-odessa\/wp-json\/wp\/v2\/posts\/1455352\/revisions"}],"wp:attachment":[{"href":"https:\/\/noticiasya.com\/midland-odessa\/wp-json\/wp\/v2\/media?parent=1455352"}],"wp:term":[{"taxonomy":"category","embeddable":true,"href":"https:\/\/noticiasya.com\/midland-odessa\/wp-json\/wp\/v2\/categories?post=1455352"},{"taxonomy":"post_tag","embeddable":true,"href":"https:\/\/noticiasya.com\/midland-odessa\/wp-json\/wp\/v2\/tags?post=1455352"}],"curies":[{"name":"wp","href":"https:\/\/api.w.org\/{rel}","templated":true}]}}