{"id":1455359,"date":"2024-10-25T11:03:53","date_gmt":"2024-10-25T18:03:53","guid":{"rendered":"https:\/\/noticiasya.com\/2024\/10\/25\/17-muertos-hechos-violentos-tecpan-galeana-guerrero-mexico-orix\/"},"modified":"2024-10-25T11:03:53","modified_gmt":"2024-10-25T18:03:53","slug":"17-muertos-hechos-violentos-tecpan-galeana-guerrero-mexico-orix","status":"publish","type":"post","link":"https:\/\/noticiasya.com\/midland-odessa\/2024\/10\/25\/17-muertos-hechos-violentos-tecpan-galeana-guerrero-mexico-orix\/","title":{"rendered":"Aumenta a 17 la cifra de personas fallecidas tras registrarse hechos violentos en Tecpan de Galeana, Guerrero; dos oficiales fueron abatidos"},"content":{"rendered":"<p>(CNN Espa\u00f1ol) &#8212; . El titular de la Secretar\u00eda de Seguridad y Protecci\u00f3n Ciudadana de M\u00e9xico, Omar Garc\u00eda Harfuch, actualiz\u00f3 este viernes a 17 la cifra de personas que fueron abatidas por efectivos militares, que hab\u00edan sido atacados luego de choques registrados entre dos grupos civiles armados en el municipio de Tecpan de Galeana, en el estado sure\u00f1o de Guerrero. El funcionario confirm\u00f3 adem\u00e1s en conferencia de prensa la muerte de dos polic\u00edas municipales, que ya hab\u00eda informado la Secretar\u00eda de Defensa Nacional (Sedena) este jueves.<\/p>\n<p>Durante la conferencia matutina diaria de la presidenta Claudia Sheinbaum, Harfuch asegur\u00f3 que se est\u00e1 llevando a cabo una investigaci\u00f3n sobre los hechos y que todos los veh\u00edculos que participaron est\u00e1n bajo resguardo. Sum\u00f3 que los veh\u00edculos estaban marcados con las iniciales &#171;GNG&#187; lo cual atribuy\u00f3 al grupo &#171;Gente Nueva&#187; y destac\u00f3 que no ten\u00edan intenci\u00f3n de atacar al Ej\u00e9rcito, sino a otro grupo delictivo.<\/p>\n<p>Al menos dos oficiales murieron en los enfrentamientos entre grupos armados en Tecp\u00e1n de Galeana, en el estado de Guerrero, en el sureste del pa\u00eds.<\/p>\n<p>El gobierno municipal de la localidad, de 65.000 habitantes, inform\u00f3 de la muerte de los agentes Cecilio Olea Cruz y Johnny Mart\u00ednez Lino quienes fallecieron \u201cen cumplimiento de su deber\u201d, de acuerdo con el comunicado firmado por la alcaldesa Alba Soberanis Hern\u00e1ndez.<\/p>\n<p>Horas antes, las autoridades del estado de Guerrero, en M\u00e9xico, pidieron este jueves a los ciudadanos de Tecp\u00e1n de Galeana \u201cmantener la calma\u201d ante los m\u00faltiples reportes de hechos violentos registrados en \u201cdiversos municipios\u201d de la regi\u00f3n conocida como Costa Grande, que bordea el oc\u00e9ano Pac\u00edfico.<\/p>\n<p>Gobierno de Guerrero pide a la poblaci\u00f3n &#171;mantener la calma&#187; ante reportes de violencia<\/p>\n<p>Entre los presuntos hechos de violencia hay reportes de enfrentamientos entre elementos de las fuerzas de seguridad y civiles armados, as\u00ed como bloqueos en algunas de las carreteras del estado, de acuerdo con el informe del medio local El Sur de Guerrero.<\/p>\n<p>La gobernadora de Guerrero, Evelyn Salgado, inform\u00f3 en una publicaci\u00f3n de X que ante los hechos registrados en el municipio de Tecp\u00e1n de Galeana hay en el lugar \u201cpresencia de fuerzas estatales y federales, quienes mantienen un importante despliegue operativo de seguridad en la regi\u00f3n\u201d. La mandataria no ha dado m\u00e1s detalles.<\/p>\n<p>CNN ha solicitado m\u00e1s informaci\u00f3n a trav\u00e9s de correo electr\u00f3nico y de manera telef\u00f3nica al gobierno de Guerrero para conocer las acciones concretas del despliegue operativo, la cantidad de municipios afectados, si hay m\u00e1s heridos y la situaci\u00f3n de seguridad en la zona. No ha recibido respuesta alguna hasta el momento.<\/p>\n<p>Este texto ha sido actualizado<\/p>\n<p>The-CNN-Wire<br \/>&trade; &amp; &copy; 2024 Cable News Network, Inc., a Warner Bros. Discovery Company. All rights reserved.<\/p>\n","protected":false},"excerpt":{"rendered":"<p>(CNN Espa\u00f1ol) &#8212; . El titular de la Secretar\u00eda de Seguridad y Protecci\u00f3n Ciudadana de M\u00e9xico, Omar Garc\u00eda Harfuch, actualiz\u00f3 este viernes a 17 la cifra de personas que fueron abatidas por efectivos militares, que hab\u00edan sido atacados luego de choques registrados entre dos grupos civiles armados en el municipio de Tecpan de Galeana, en [&hellip;]<\/p>\n","protected":false},"author":0,"featured_media":0,"comment_status":"open","ping_status":"open","sticky":false,"template":"","format":"standard","meta":{"_jetpack_memberships_contains_paid_content":false,"footnotes":""},"categories":[10],"tags":[],"class_list":["post-1455359","post","type-post","status-publish","format-standard","hentry","category-noticias-nacionales","market-global"],"yoast_head":"<!-- This site is optimized with the Yoast SEO plugin v24.4 - https:\/\/yoast.com\/wordpress\/plugins\/seo\/ -->\n<title>Aumenta a 17 la cifra de personas fallecidas tras registrarse hechos violentos en Tecpan de Galeana, Guerrero; dos oficiales fueron abatidos - Noticias<\/title>\n<meta name=\"robots\" content=\"index, follow, max-snippet:-1, max-image-preview:large, max-video-preview:-1\" \/>\n<link rel=\"canonical\" href=\"https:\/\/noticiasya.com\/2024\/10\/25\/17-muertos-hechos-violentos-tecpan-galeana-guerrero-mexico-orix\/\" \/>\n<meta property=\"og:locale\" content=\"es_ES\" \/>\n<meta property=\"og:type\" content=\"article\" \/>\n<meta property=\"og:title\" content=\"Aumenta a 17 la cifra de personas fallecidas tras registrarse hechos violentos en Tecpan de Galeana, Guerrero; dos oficiales fueron abatidos - Noticias\" \/>\n<meta property=\"og:description\" content=\"(CNN Espa\u00f1ol) &#8212; . El titular de la Secretar\u00eda de Seguridad y Protecci\u00f3n Ciudadana de M\u00e9xico, Omar Garc\u00eda Harfuch, actualiz\u00f3 este viernes a 17 la cifra de personas que fueron abatidas por efectivos militares, que hab\u00edan sido atacados luego de choques registrados entre dos grupos civiles armados en el municipio de Tecpan de Galeana, en [&hellip;]\" \/>\n<meta property=\"og:url\" content=\"https:\/\/noticiasya.com\/2024\/10\/25\/17-muertos-hechos-violentos-tecpan-galeana-guerrero-mexico-orix\/\" \/>\n<meta property=\"og:site_name\" content=\"Noticias\" \/>\n<meta property=\"article:published_time\" content=\"2024-10-25T18:03:53+00:00\" \/>\n<meta name=\"twitter:card\" content=\"summary_large_image\" \/>\n<meta name=\"twitter:label1\" content=\"Est. reading time\" \/>\n\t<meta name=\"twitter:data1\" content=\"2 minutos\" \/>\n<script type=\"application\/ld+json\" class=\"yoast-schema-graph\">{\"@context\":\"https:\/\/schema.org\",\"@graph\":[{\"@type\":\"Article\",\"@id\":\"https:\/\/noticiasya.com\/2024\/10\/25\/17-muertos-hechos-violentos-tecpan-galeana-guerrero-mexico-orix\/#article\",\"isPartOf\":{\"@id\":\"https:\/\/noticiasya.com\/2024\/10\/25\/17-muertos-hechos-violentos-tecpan-galeana-guerrero-mexico-orix\/\"},\"author\":{\"name\":\"\",\"@id\":\"\"},\"headline\":\"Aumenta a 17 la cifra de personas fallecidas tras registrarse hechos violentos en Tecpan de Galeana, Guerrero; dos oficiales fueron abatidos\",\"datePublished\":\"2024-10-25T18:03:53+00:00\",\"mainEntityOfPage\":{\"@id\":\"https:\/\/noticiasya.com\/2024\/10\/25\/17-muertos-hechos-violentos-tecpan-galeana-guerrero-mexico-orix\/\"},\"wordCount\":501,\"commentCount\":0,\"publisher\":{\"@id\":\"https:\/\/noticiasya.com\/#organization\"},\"articleSection\":[\"Noticias Nacionales\"],\"inLanguage\":\"es\",\"potentialAction\":[{\"@type\":\"CommentAction\",\"name\":\"Comment\",\"target\":[\"https:\/\/noticiasya.com\/2024\/10\/25\/17-muertos-hechos-violentos-tecpan-galeana-guerrero-mexico-orix\/#respond\"]}]},{\"@type\":\"WebPage\",\"@id\":\"https:\/\/noticiasya.com\/2024\/10\/25\/17-muertos-hechos-violentos-tecpan-galeana-guerrero-mexico-orix\/\",\"url\":\"https:\/\/noticiasya.com\/2024\/10\/25\/17-muertos-hechos-violentos-tecpan-galeana-guerrero-mexico-orix\/\",\"name\":\"Aumenta a 17 la cifra de personas fallecidas tras registrarse hechos violentos en Tecpan de Galeana, Guerrero; dos oficiales fueron abatidos - Noticias\",\"isPartOf\":{\"@id\":\"https:\/\/noticiasya.com\/#website\"},\"datePublished\":\"2024-10-25T18:03:53+00:00\",\"breadcrumb\":{\"@id\":\"https:\/\/noticiasya.com\/2024\/10\/25\/17-muertos-hechos-violentos-tecpan-galeana-guerrero-mexico-orix\/#breadcrumb\"},\"inLanguage\":\"es\",\"potentialAction\":[{\"@type\":\"ReadAction\",\"target\":[\"https:\/\/noticiasya.com\/2024\/10\/25\/17-muertos-hechos-violentos-tecpan-galeana-guerrero-mexico-orix\/\"]}]},{\"@type\":\"BreadcrumbList\",\"@id\":\"https:\/\/noticiasya.com\/2024\/10\/25\/17-muertos-hechos-violentos-tecpan-galeana-guerrero-mexico-orix\/#breadcrumb\",\"itemListElement\":[{\"@type\":\"ListItem\",\"position\":1,\"name\":\"Home\",\"item\":\"https:\/\/noticiasya.com\/\"},{\"@type\":\"ListItem\",\"position\":2,\"name\":\"Aumenta a 17 la cifra de personas fallecidas tras registrarse hechos violentos en Tecpan de Galeana, Guerrero; dos oficiales fueron abatidos\"}]},{\"@type\":\"WebSite\",\"@id\":\"https:\/\/noticiasya.com\/#website\",\"url\":\"https:\/\/noticiasya.com\/\",\"name\":\"Noticias\",\"description\":\"Lo que importa\",\"publisher\":{\"@id\":\"https:\/\/noticiasya.com\/#organization\"},\"potentialAction\":[{\"@type\":\"SearchAction\",\"target\":{\"@type\":\"EntryPoint\",\"urlTemplate\":\"https:\/\/noticiasya.com\/?s={search_term_string}\"},\"query-input\":{\"@type\":\"PropertyValueSpecification\",\"valueRequired\":true,\"valueName\":\"search_term_string\"}}],\"inLanguage\":\"es\"},{\"@type\":\"Organization\",\"@id\":\"https:\/\/noticiasya.com\/#organization\",\"name\":\"Noticias\",\"url\":\"https:\/\/noticiasya.com\/\",\"logo\":{\"@type\":\"ImageObject\",\"inLanguage\":\"es\",\"@id\":\"https:\/\/noticiasya.com\/#\/schema\/logo\/image\/\",\"url\":\"https:\/\/noticiasya.com\/wp-content\/uploads\/sites\/22\/2023\/12\/logo-nacional.png\",\"contentUrl\":\"https:\/\/noticiasya.com\/wp-content\/uploads\/sites\/22\/2023\/12\/logo-nacional.png\",\"width\":1801,\"height\":691,\"caption\":\"Noticias\"},\"image\":{\"@id\":\"https:\/\/noticiasya.com\/#\/schema\/logo\/image\/\"}}]}<\/script>\n<!-- \/ Yoast SEO plugin. -->","yoast_head_json":{"title":"Aumenta a 17 la cifra de personas fallecidas tras registrarse hechos violentos en Tecpan de Galeana, Guerrero; dos oficiales fueron abatidos - Noticias","robots":{"index":"index","follow":"follow","max-snippet":"max-snippet:-1","max-image-preview":"max-image-preview:large","max-video-preview":"max-video-preview:-1"},"canonical":"https:\/\/noticiasya.com\/2024\/10\/25\/17-muertos-hechos-violentos-tecpan-galeana-guerrero-mexico-orix\/","og_locale":"es_ES","og_type":"article","og_title":"Aumenta a 17 la cifra de personas fallecidas tras registrarse hechos violentos en Tecpan de Galeana, Guerrero; dos oficiales fueron abatidos - Noticias","og_description":"(CNN Espa\u00f1ol) &#8212; . El titular de la Secretar\u00eda de Seguridad y Protecci\u00f3n Ciudadana de M\u00e9xico, Omar Garc\u00eda Harfuch, actualiz\u00f3 este viernes a 17 la cifra de personas que fueron abatidas por efectivos militares, que hab\u00edan sido atacados luego de choques registrados entre dos grupos civiles armados en el municipio de Tecpan de Galeana, en [&hellip;]","og_url":"https:\/\/noticiasya.com\/2024\/10\/25\/17-muertos-hechos-violentos-tecpan-galeana-guerrero-mexico-orix\/","og_site_name":"Noticias","article_published_time":"2024-10-25T18:03:53+00:00","twitter_card":"summary_large_image","twitter_misc":{"Est. reading time":"2 minutos"},"schema":{"@context":"https:\/\/schema.org","@graph":[{"@type":"Article","@id":"https:\/\/noticiasya.com\/2024\/10\/25\/17-muertos-hechos-violentos-tecpan-galeana-guerrero-mexico-orix\/#article","isPartOf":{"@id":"https:\/\/noticiasya.com\/2024\/10\/25\/17-muertos-hechos-violentos-tecpan-galeana-guerrero-mexico-orix\/"},"author":{"name":"","@id":""},"headline":"Aumenta a 17 la cifra de personas fallecidas tras registrarse hechos violentos en Tecpan de Galeana, Guerrero; dos oficiales fueron abatidos","datePublished":"2024-10-25T18:03:53+00:00","mainEntityOfPage":{"@id":"https:\/\/noticiasya.com\/2024\/10\/25\/17-muertos-hechos-violentos-tecpan-galeana-guerrero-mexico-orix\/"},"wordCount":501,"commentCount":0,"publisher":{"@id":"https:\/\/noticiasya.com\/#organization"},"articleSection":["Noticias Nacionales"],"inLanguage":"es","potentialAction":[{"@type":"CommentAction","name":"Comment","target":["https:\/\/noticiasya.com\/2024\/10\/25\/17-muertos-hechos-violentos-tecpan-galeana-guerrero-mexico-orix\/#respond"]}]},{"@type":"WebPage","@id":"https:\/\/noticiasya.com\/2024\/10\/25\/17-muertos-hechos-violentos-tecpan-galeana-guerrero-mexico-orix\/","url":"https:\/\/noticiasya.com\/2024\/10\/25\/17-muertos-hechos-violentos-tecpan-galeana-guerrero-mexico-orix\/","name":"Aumenta a 17 la cifra de personas fallecidas tras registrarse hechos violentos en Tecpan de Galeana, Guerrero; dos oficiales fueron abatidos - Noticias","isPartOf":{"@id":"https:\/\/noticiasya.com\/#website"},"datePublished":"2024-10-25T18:03:53+00:00","breadcrumb":{"@id":"https:\/\/noticiasya.com\/2024\/10\/25\/17-muertos-hechos-violentos-tecpan-galeana-guerrero-mexico-orix\/#breadcrumb"},"inLanguage":"es","potentialAction":[{"@type":"ReadAction","target":["https:\/\/noticiasya.com\/2024\/10\/25\/17-muertos-hechos-violentos-tecpan-galeana-guerrero-mexico-orix\/"]}]},{"@type":"BreadcrumbList","@id":"https:\/\/noticiasya.com\/2024\/10\/25\/17-muertos-hechos-violentos-tecpan-galeana-guerrero-mexico-orix\/#breadcrumb","itemListElement":[{"@type":"ListItem","position":1,"name":"Home","item":"https:\/\/noticiasya.com\/"},{"@type":"ListItem","position":2,"name":"Aumenta a 17 la cifra de personas fallecidas tras registrarse hechos violentos en Tecpan de Galeana, Guerrero; dos oficiales fueron abatidos"}]},{"@type":"WebSite","@id":"https:\/\/noticiasya.com\/#website","url":"https:\/\/noticiasya.com\/","name":"Noticias","description":"Lo que importa","publisher":{"@id":"https:\/\/noticiasya.com\/#organization"},"potentialAction":[{"@type":"SearchAction","target":{"@type":"EntryPoint","urlTemplate":"https:\/\/noticiasya.com\/?s={search_term_string}"},"query-input":{"@type":"PropertyValueSpecification","valueRequired":true,"valueName":"search_term_string"}}],"inLanguage":"es"},{"@type":"Organization","@id":"https:\/\/noticiasya.com\/#organization","name":"Noticias","url":"https:\/\/noticiasya.com\/","logo":{"@type":"ImageObject","inLanguage":"es","@id":"https:\/\/noticiasya.com\/#\/schema\/logo\/image\/","url":"https:\/\/noticiasya.com\/wp-content\/uploads\/sites\/22\/2023\/12\/logo-nacional.png","contentUrl":"https:\/\/noticiasya.com\/wp-content\/uploads\/sites\/22\/2023\/12\/logo-nacional.png","width":1801,"height":691,"caption":"Noticias"},"image":{"@id":"https:\/\/noticiasya.com\/#\/schema\/logo\/image\/"}}]}},"parsely":{"version":"1.1.0","canonical_url":"https:\/\/noticiasya.com\/midland-odessa\/2024\/10\/25\/17-muertos-hechos-violentos-tecpan-galeana-guerrero-mexico-orix\/","smart_links":{"inbound":0,"outbound":0},"traffic_boost_suggestions_count":0,"meta":{"@context":"https:\/\/schema.org","@type":"NewsArticle","headline":"Aumenta a 17 la cifra de personas fallecidas tras registrarse hechos violentos en Tecpan de Galeana, Guerrero; dos oficiales fueron abatidos","url":"http:\/\/noticiasya.com\/midland-odessa\/2024\/10\/25\/17-muertos-hechos-violentos-tecpan-galeana-guerrero-mexico-orix\/","mainEntityOfPage":{"@type":"WebPage","@id":"http:\/\/noticiasya.com\/midland-odessa\/2024\/10\/25\/17-muertos-hechos-violentos-tecpan-galeana-guerrero-mexico-orix\/"},"thumbnailUrl":"","image":{"@type":"ImageObject","url":""},"articleSection":"Noticias Nacionales","author":[],"creator":[],"publisher":{"@type":"Organization","name":"Noticias","logo":""},"keywords":[],"dateCreated":"2024-10-25T18:03:53Z","datePublished":"2024-10-25T18:03:53Z","dateModified":"2024-10-25T18:03:53Z"},"rendered":"<script type=\"application\/ld+json\" class=\"wp-parsely-metadata\">{\"@context\":\"https:\\\/\\\/schema.org\",\"@type\":\"NewsArticle\",\"headline\":\"Aumenta a 17 la cifra de personas fallecidas tras registrarse hechos violentos en Tecpan de Galeana, Guerrero; dos oficiales fueron abatidos\",\"url\":\"http:\\\/\\\/noticiasya.com\\\/midland-odessa\\\/2024\\\/10\\\/25\\\/17-muertos-hechos-violentos-tecpan-galeana-guerrero-mexico-orix\\\/\",\"mainEntityOfPage\":{\"@type\":\"WebPage\",\"@id\":\"http:\\\/\\\/noticiasya.com\\\/midland-odessa\\\/2024\\\/10\\\/25\\\/17-muertos-hechos-violentos-tecpan-galeana-guerrero-mexico-orix\\\/\"},\"thumbnailUrl\":\"\",\"image\":{\"@type\":\"ImageObject\",\"url\":\"\"},\"articleSection\":\"Noticias Nacionales\",\"author\":[],\"creator\":[],\"publisher\":{\"@type\":\"Organization\",\"name\":\"Noticias\",\"logo\":\"\"},\"keywords\":[],\"dateCreated\":\"2024-10-25T18:03:53Z\",\"datePublished\":\"2024-10-25T18:03:53Z\",\"dateModified\":\"2024-10-25T18:03:53Z\"}<\/script>","tracker_url":"https:\/\/cdn.parsely.com\/keys\/noticiasya.com\/p.js"},"jetpack_featured_media_url":"","jetpack-related-posts":[{"id":1455345,"url":"https:\/\/noticiasya.com\/midland-odessa\/2024\/10\/24\/tecpan-guerrero-ejercito-abate-14-personas-hechos-violentos-orix\/","url_meta":{"origin":1455359,"position":0},"title":"Ej\u00e9rcito mexicano abate a 14 personas tras registrarse hechos violentos en Tecpan, Guerrero","author":"","date":"octubre 24, 2024","format":false,"excerpt":"(CNN Espa\u00f1ol) -- La Secretar\u00eda de la Defensa Nacional (Sedena) de M\u00e9xico inform\u00f3 este jueves que 14 personas resultaron muertas por efectivos militares que fueron atacados, luego de los choques registrados entre dos grupos de civiles armados en el municipio de Tecpan de Galeana, en el estado sure\u00f1o de Guerrero.La\u2026","rel":"","context":"In &quot;Noticias Nacionales&quot;","block_context":{"text":"Noticias Nacionales","link":"https:\/\/noticiasya.com\/midland-odessa\/categoria\/noticias-nacionales"},"img":{"alt_text":"","src":"","width":0,"height":0},"classes":[]},{"id":1463684,"url":"https:\/\/noticiasya.com\/midland-odessa\/2025\/06\/18\/erick-huracan-pacifico-orix\/","url_meta":{"origin":1455359,"position":1},"title":"Erick se fortalece a hurac\u00e1n en su avance por el Pac\u00edfico","author":"","date":"junio 18, 2025","format":false,"excerpt":"Erick se fortaleci\u00f3 hasta convertirse en hurac\u00e1n este mi\u00e9rcoles, seg\u00fan el reporte del Centro Nacional de Huracanes de EE.UU. (NHC, por sus siglas en ingl\u00e9s), mientras contin\u00faa su avance por el oc\u00e9ano Pac\u00edfico.M\u00e1s temprano, Conagua inform\u00f3 que se prev\u00e9n lluvias intensas en los estados mexicanos de Guerrero, Oaxaca, Chiapas y\u2026","rel":"","context":"In &quot;Noticias Nacionales&quot;","block_context":{"text":"Noticias Nacionales","link":"https:\/\/noticiasya.com\/midland-odessa\/categoria\/noticias-nacionales"},"img":{"alt_text":"","src":"","width":0,"height":0},"classes":[]},{"id":1473145,"url":"https:\/\/noticiasya.com\/midland-odessa\/2026\/04\/14\/familia-michoacana-desaparicion-alcalde-taxco-padre-orix\/","url_meta":{"origin":1455359,"position":2},"title":"Autoridades de M\u00e9xico se\u00f1alan a La Familia Michoacana como el grupo detr\u00e1s de la desaparici\u00f3n del alcalde de Taxco y su padre","author":"","date":"abril 14, 2026","format":false,"excerpt":"Autoridades de M\u00e9xico se\u00f1alaron este martes a La Familia Michoacana como el grupo criminal que presuntamente estuvo detr\u00e1s de la desaparici\u00f3n del alcalde de Taxco, Juan Andr\u00e9s Vega Carranza, y de su padre, Juan Vega Arredondo, ocurrida durante el fin de semana en el estado de Guerrero, al sur del\u2026","rel":"","context":"In &quot;Noticias Nacionales&quot;","block_context":{"text":"Noticias Nacionales","link":"https:\/\/noticiasya.com\/midland-odessa\/categoria\/noticias-nacionales"},"img":{"alt_text":"","src":"","width":0,"height":0},"classes":[]},{"id":1465202,"url":"https:\/\/noticiasya.com\/midland-odessa\/2025\/08\/07\/trayectoria-tormenta-tropical-ivo-donde-esta-orix\/","url_meta":{"origin":1455359,"position":3},"title":"Trayectoria de la tormenta tropical Ivo: d\u00f3nde est\u00e1 y hacia d\u00f3nde se dirige","author":"","date":"agosto 7, 2025","format":false,"excerpt":"La tormenta tropical Ivo contin\u00faa este jueves desplaz\u00e1ndose muy cerca de Guerrero y Michoac\u00e1n, en la costa del Pac\u00edfico de M\u00e9xico, ocasionando lluvias intensas, vientos fuertes y oleaje elevado en el occidente y sur del pa\u00eds, seg\u00fan un reporte de la Comisi\u00f3n Nacional del Agua de M\u00e9xico (Conagua).El parte agrega\u2026","rel":"","context":"In &quot;Noticias Nacionales&quot;","block_context":{"text":"Noticias Nacionales","link":"https:\/\/noticiasya.com\/midland-odessa\/categoria\/noticias-nacionales"},"img":{"alt_text":"","src":"","width":0,"height":0},"classes":[]},{"id":1455747,"url":"https:\/\/noticiasya.com\/midland-odessa\/2024\/11\/11\/que-paso-masacre-bar-los-cantaritos-queretaro-esto-sabemos-orix\/","url_meta":{"origin":1455359,"position":4},"title":"\u00bfQu\u00e9 pas\u00f3 en la masacre en el bar &#171;Los Cantaritos&#187; de Quer\u00e9taro? Esto sabemos","author":"","date":"noviembre 11, 2024","format":false,"excerpt":"(CNN Espa\u00f1ol) --\u00a0Un ataque armado en un bar de la capital del estado de Quer\u00e9taro \u2014en el centro de M\u00e9xico\u2014 dej\u00f3 el s\u00e1bado un saldo de al menos 10 personas muertas y 13 heridas, una masacre que el gobernador de la entidad, Mauricio Kuri, calific\u00f3 como \"un hecho sin precedentes\"\u2026","rel":"","context":"In &quot;Noticias Nacionales&quot;","block_context":{"text":"Noticias Nacionales","link":"https:\/\/noticiasya.com\/midland-odessa\/categoria\/noticias-nacionales"},"img":{"alt_text":"","src":"","width":0,"height":0},"classes":[]},{"id":1456833,"url":"https:\/\/noticiasya.com\/midland-odessa\/2024\/12\/21\/prision-hombres-atentado-harfuch-2020-orix\/","url_meta":{"origin":1455359,"position":5},"title":"Sentencian a 86 a\u00f1os de prisi\u00f3n a dos hombres por participar en el atentado contra Omar Garc\u00eda Harfuch ocurrido en 2020","author":"","date":"diciembre 21, 2024","format":false,"excerpt":"Un tribunal de enjuiciamiento de la Ciudad de M\u00e9xico sentenci\u00f3 a 86 a\u00f1os con ocho meses de prisi\u00f3n a dos hombres que participaron en el atentado cometido en 2020 en contra de Omar Garc\u00eda Harfuch, entonces secretario de Seguridad de la capital mexicana, inform\u00f3 este viernes el coordinador de Investigaci\u00f3n\u2026","rel":"","context":"In &quot;Noticias Nacionales&quot;","block_context":{"text":"Noticias Nacionales","link":"https:\/\/noticiasya.com\/midland-odessa\/categoria\/noticias-nacionales"},"img":{"alt_text":"","src":"","width":0,"height":0},"classes":[]}],"jetpack_sharing_enabled":true,"_links":{"self":[{"href":"https:\/\/noticiasya.com\/midland-odessa\/wp-json\/wp\/v2\/posts\/1455359","targetHints":{"allow":["GET"]}}],"collection":[{"href":"https:\/\/noticiasya.com\/midland-odessa\/wp-json\/wp\/v2\/posts"}],"about":[{"href":"https:\/\/noticiasya.com\/midland-odessa\/wp-json\/wp\/v2\/types\/post"}],"replies":[{"embeddable":true,"href":"https:\/\/noticiasya.com\/midland-odessa\/wp-json\/wp\/v2\/comments?post=1455359"}],"version-history":[{"count":0,"href":"https:\/\/noticiasya.com\/midland-odessa\/wp-json\/wp\/v2\/posts\/1455359\/revisions"}],"wp:attachment":[{"href":"https:\/\/noticiasya.com\/midland-odessa\/wp-json\/wp\/v2\/media?parent=1455359"}],"wp:term":[{"taxonomy":"category","embeddable":true,"href":"https:\/\/noticiasya.com\/midland-odessa\/wp-json\/wp\/v2\/categories?post=1455359"},{"taxonomy":"post_tag","embeddable":true,"href":"https:\/\/noticiasya.com\/midland-odessa\/wp-json\/wp\/v2\/tags?post=1455359"}],"curies":[{"name":"wp","href":"https:\/\/api.w.org\/{rel}","templated":true}]}}