{"id":1455360,"date":"2024-10-25T13:03:37","date_gmt":"2024-10-25T20:03:37","guid":{"rendered":"https:\/\/noticiasya.com\/2024\/10\/25\/mcdonalds-e-coli-primera-demanda-trax\/"},"modified":"2024-10-25T13:03:37","modified_gmt":"2024-10-25T20:03:37","slug":"mcdonalds-e-coli-primera-demanda-trax","status":"publish","type":"post","link":"https:\/\/noticiasya.com\/midland-odessa\/2024\/10\/25\/mcdonalds-e-coli-primera-demanda-trax\/","title":{"rendered":"Presentan la primera demanda contra McDonald\u2019s por su brote de E. coli"},"content":{"rendered":"<p>(CNN) &#8212; Un hombre de Colorado present\u00f3 la primera demanda contra McDonald\u2019s relacionada con su brote de E. coli vinculado a las hamburguesas Cuarto de Libra  que hasta ahora ha provocado al menos 49 enfermedades en 10 estados, incluida una muerte.<\/p>\n<p>La demanda se present\u00f3 un d\u00eda despu\u00e9s de que los Centros para el Control y la Prevenci\u00f3n de Enfermedades (CDC, por sus siglas en ingl\u00e9s) de Estados Unidos emitieran una alerta de seguridad alimentaria advirtiendo que decenas de personas informaron que comieron la hamburguesa Cuarto de Libra en McDonald\u2019s antes de enfermarse.<\/p>\n<p>Eric Stelly compr\u00f3 comida en un local de McDonald\u2019s en Greeley, Colorado, hace tres semanas y comenz\u00f3 a experimentar varios s\u00edntomas gastrointestinales, incluyendo n\u00e1useas, calambres y heces con sangre, que su abogado se\u00f1ala como el &#171;s\u00edntoma m\u00e1s com\u00fan&#187; de E. coli, seg\u00fan un comunicado de prensa de Ron Simon, el abogado del demandante.<\/p>\n<p>\u00bfQu\u00e9 se sabe de la investigaci\u00f3n sobre el brote de E. coli de McDonald&#8217;s?<\/p>\n<p>Despu\u00e9s de unos d\u00edas de dolor continuo, fue a la sala de emergencias de un hospital local y dio positivo para E. coli. Stelly todav\u00eda se est\u00e1 recuperando de la enfermedad, dice el comunicado.<\/p>\n<p>La demanda, de la que Bloomberg Law public\u00f3 una copia en Internet, acusa a McDonald\u2019s de responsabilidad por el producto, negligencia e incumplimiento de las garant\u00edas impl\u00edcitas. La demanda se present\u00f3 el mi\u00e9rcoles en un tribunal del condado de Cook, Illinois, donde McDonald\u2019s tiene su sede.<\/p>\n<p>No se ha confirmado un ingrediente espec\u00edfico como la fuente del brote, pero la Administraci\u00f3n de Alimentos y Medicamentos (FDA, por sus siglas en ingl\u00e9s) de Estados Unidos dice que las cebollas en rodajas o las hamburguesas de Cuarto de Libra son la fuente probable de contaminaci\u00f3n.<\/p>\n<p>McDonald\u2019s no respondi\u00f3 de inmediato a la solicitud de comentarios de CNN sobre la demanda.<\/p>\n<p>El mi\u00e9rcoles, el presidente de McDonald\u2019s USA, Joe Erlinger, dijo en el programa \u201cToday\u201d de NBC que es seguro comer en McDonald\u2019s y que los ingredientes afectados probablemente est\u00e9n fuera de la cadena de suministro de los restaurantes.<\/p>\n<p>\u201cEstamos muy seguros de que puedes ir a McDonald\u2019s y disfrutar de nuestros cl\u00e1sicos\u201d sin enfermarte, dijo.<\/p>\n<p>\u201cSi ha habido un producto contaminado dentro de nuestra cadena de suministro, es muy probable que ya se haya propagado por esa cadena de suministro\u201d, pero reconoci\u00f3 que la cantidad de enfermedades reportadas puede aumentar a medida que el CDC investiga y rastrea los casos.<\/p>\n<p>\u201cServir a los clientes de manera segura en cada restaurante todos los d\u00edas es nuestra m\u00e1xima prioridad\u201d, dijo McDonald\u2019s en un comunicado el martes.<\/p>\n<p>Simon, que describe su oficina como una firma de abogados nacional en materia de seguridad alimentaria, tambi\u00e9n representa al menos a otras 10 \u201cv\u00edctimas del brote\u201d adem\u00e1s de Stelly, seg\u00fan el comunicado.<\/p>\n<p>El presidente de McDonald&#8217;s dice que sus alimentos son seguros despu\u00e9s de un brote de E. coli<\/p>\n<p>\u201cEl brote de E. coli de McDonald\u2019s ser\u00e1 uno de los brotes de intoxicaci\u00f3n alimentaria m\u00e1s importantes de este a\u00f1o\u201d, dijo Simon en un comunicado de prensa. \u201cA trav\u00e9s de esta demanda y otras, nos aseguraremos de que todas las v\u00edctimas sean completamente compensadas por sus p\u00e9rdidas, que sus voces sean escuchadas y que McDonald\u2019s y sus proveedores solucionen de manera permanente las violaciones de salud que causaron que los alimentos se contaminaran con E. coli\u201d.<\/p>\n<p>Este jueves, el mismo abogado present\u00f3 una segunda demanda en nombre de Clarissa DeBock, una residente de Nebraska que comi\u00f3 en un McDonald\u2019s en septiembre y luego fue diagnosticada con E. coli, seg\u00fan una denuncia de la firma de abogados. Ella todav\u00eda se est\u00e1 recuperando de sus s\u00edntomas, seg\u00fan la denuncia<\/p>\n<p>Problemas con las hamburguesas Cuarto de Libra<\/p>\n<p>McDonald\u2019s ha eliminado la opci\u00f3n Cuarto de Libra del men\u00fa en aproximadamente una quinta parte de sus tiendas. La compa\u00f1\u00eda ha dejado de usar las cebollas, as\u00ed como las hamburguesas de carne de un Cuarto de Libra en varios estados, incluidos Colorado, Kansas, Utah y Wyoming, as\u00ed como en partes de Idaho, Iowa, Missouri, Montana, Nebraska, Nevada, Nuevo M\u00e9xico y Oklahoma. La investigaci\u00f3n contin\u00faa, dijeron los CDC.<\/p>\n<p>De acuerdo con los CDC, la carne que se utilizan \u00fanicamente para las hamburguesas de Cuarto de libra y las cebollas en rodajas se usan principalmente para ese tipo de preparaci\u00f3n y no para otros productos. Las cebollas en cubitos y otros tipos de hamburguesas de carne que se utilizan en McDonald&#8217;s no han estado implicadas en este brote, dijo la FDA.<\/p>\n<p>Taylor Farms, proveedor de McDonald\u2019s en Colorado, afirma que est\u00e1 trabajando en estrecha colaboraci\u00f3n con la FDA y los CDC. La empresa afirm\u00f3 el mi\u00e9rcoles que ha retirado las cebollas amarillas del mercado \u201cpor precauci\u00f3n\u201d.<\/p>\n<p>Un portavoz de Taylor Farms dijo que no ha encontrado rastros de E. coli en las pruebas de cebollas crudas o terminadas. \u201cNunca hemos visto E. coli O157:H7 asociada con cebollas en el pasado\u201d, afirma el comunicado.<\/p>\n<p>The-CNN-Wire<br \/>&trade; &amp; &copy; 2024 Cable News Network, Inc., a Warner Bros. Discovery Company. All rights reserved.<\/p>\n","protected":false},"excerpt":{"rendered":"<p>(CNN) &#8212; Un hombre de Colorado present\u00f3 la primera demanda contra McDonald\u2019s relacionada con su brote de E. coli vinculado a las hamburguesas Cuarto de Libra que hasta ahora ha provocado al menos 49 enfermedades en 10 estados, incluida una muerte. La demanda se present\u00f3 un d\u00eda despu\u00e9s de que los Centros para el Control [&hellip;]<\/p>\n","protected":false},"author":0,"featured_media":0,"comment_status":"open","ping_status":"open","sticky":false,"template":"","format":"standard","meta":{"_jetpack_memberships_contains_paid_content":false,"footnotes":""},"categories":[10],"tags":[],"class_list":["post-1455360","post","type-post","status-publish","format-standard","hentry","category-noticias-nacionales","market-global"],"yoast_head":"<!-- This site is optimized with the Yoast SEO plugin v24.4 - https:\/\/yoast.com\/wordpress\/plugins\/seo\/ -->\n<title>Presentan la primera demanda contra McDonald\u2019s por su brote de E. coli - Noticias<\/title>\n<meta name=\"robots\" content=\"index, follow, max-snippet:-1, max-image-preview:large, max-video-preview:-1\" \/>\n<link rel=\"canonical\" href=\"https:\/\/noticiasya.com\/2024\/10\/25\/mcdonalds-e-coli-primera-demanda-trax\/\" \/>\n<meta property=\"og:locale\" content=\"es_ES\" \/>\n<meta property=\"og:type\" content=\"article\" \/>\n<meta property=\"og:title\" content=\"Presentan la primera demanda contra McDonald\u2019s por su brote de E. coli - Noticias\" \/>\n<meta property=\"og:description\" content=\"(CNN) &#8212; Un hombre de Colorado present\u00f3 la primera demanda contra McDonald\u2019s relacionada con su brote de E. coli vinculado a las hamburguesas Cuarto de Libra que hasta ahora ha provocado al menos 49 enfermedades en 10 estados, incluida una muerte. La demanda se present\u00f3 un d\u00eda despu\u00e9s de que los Centros para el Control [&hellip;]\" \/>\n<meta property=\"og:url\" content=\"https:\/\/noticiasya.com\/2024\/10\/25\/mcdonalds-e-coli-primera-demanda-trax\/\" \/>\n<meta property=\"og:site_name\" content=\"Noticias\" \/>\n<meta property=\"article:published_time\" content=\"2024-10-25T20:03:37+00:00\" \/>\n<meta name=\"twitter:card\" content=\"summary_large_image\" \/>\n<meta name=\"twitter:label1\" content=\"Est. reading time\" \/>\n\t<meta name=\"twitter:data1\" content=\"4 minutos\" \/>\n<script type=\"application\/ld+json\" class=\"yoast-schema-graph\">{\"@context\":\"https:\/\/schema.org\",\"@graph\":[{\"@type\":\"Article\",\"@id\":\"https:\/\/noticiasya.com\/2024\/10\/25\/mcdonalds-e-coli-primera-demanda-trax\/#article\",\"isPartOf\":{\"@id\":\"https:\/\/noticiasya.com\/2024\/10\/25\/mcdonalds-e-coli-primera-demanda-trax\/\"},\"author\":{\"name\":\"\",\"@id\":\"\"},\"headline\":\"Presentan la primera demanda contra McDonald\u2019s por su brote de E. coli\",\"datePublished\":\"2024-10-25T20:03:37+00:00\",\"mainEntityOfPage\":{\"@id\":\"https:\/\/noticiasya.com\/2024\/10\/25\/mcdonalds-e-coli-primera-demanda-trax\/\"},\"wordCount\":906,\"commentCount\":0,\"publisher\":{\"@id\":\"https:\/\/noticiasya.com\/#organization\"},\"articleSection\":[\"Noticias Nacionales\"],\"inLanguage\":\"es\",\"potentialAction\":[{\"@type\":\"CommentAction\",\"name\":\"Comment\",\"target\":[\"https:\/\/noticiasya.com\/2024\/10\/25\/mcdonalds-e-coli-primera-demanda-trax\/#respond\"]}]},{\"@type\":\"WebPage\",\"@id\":\"https:\/\/noticiasya.com\/2024\/10\/25\/mcdonalds-e-coli-primera-demanda-trax\/\",\"url\":\"https:\/\/noticiasya.com\/2024\/10\/25\/mcdonalds-e-coli-primera-demanda-trax\/\",\"name\":\"Presentan la primera demanda contra McDonald\u2019s por su brote de E. coli - Noticias\",\"isPartOf\":{\"@id\":\"https:\/\/noticiasya.com\/#website\"},\"datePublished\":\"2024-10-25T20:03:37+00:00\",\"breadcrumb\":{\"@id\":\"https:\/\/noticiasya.com\/2024\/10\/25\/mcdonalds-e-coli-primera-demanda-trax\/#breadcrumb\"},\"inLanguage\":\"es\",\"potentialAction\":[{\"@type\":\"ReadAction\",\"target\":[\"https:\/\/noticiasya.com\/2024\/10\/25\/mcdonalds-e-coli-primera-demanda-trax\/\"]}]},{\"@type\":\"BreadcrumbList\",\"@id\":\"https:\/\/noticiasya.com\/2024\/10\/25\/mcdonalds-e-coli-primera-demanda-trax\/#breadcrumb\",\"itemListElement\":[{\"@type\":\"ListItem\",\"position\":1,\"name\":\"Home\",\"item\":\"https:\/\/noticiasya.com\/\"},{\"@type\":\"ListItem\",\"position\":2,\"name\":\"Presentan la primera demanda contra McDonald\u2019s por su brote de E. coli\"}]},{\"@type\":\"WebSite\",\"@id\":\"https:\/\/noticiasya.com\/#website\",\"url\":\"https:\/\/noticiasya.com\/\",\"name\":\"Noticias\",\"description\":\"Lo que importa\",\"publisher\":{\"@id\":\"https:\/\/noticiasya.com\/#organization\"},\"potentialAction\":[{\"@type\":\"SearchAction\",\"target\":{\"@type\":\"EntryPoint\",\"urlTemplate\":\"https:\/\/noticiasya.com\/?s={search_term_string}\"},\"query-input\":{\"@type\":\"PropertyValueSpecification\",\"valueRequired\":true,\"valueName\":\"search_term_string\"}}],\"inLanguage\":\"es\"},{\"@type\":\"Organization\",\"@id\":\"https:\/\/noticiasya.com\/#organization\",\"name\":\"Noticias\",\"url\":\"https:\/\/noticiasya.com\/\",\"logo\":{\"@type\":\"ImageObject\",\"inLanguage\":\"es\",\"@id\":\"https:\/\/noticiasya.com\/#\/schema\/logo\/image\/\",\"url\":\"https:\/\/noticiasya.com\/wp-content\/uploads\/sites\/22\/2023\/12\/logo-nacional.png\",\"contentUrl\":\"https:\/\/noticiasya.com\/wp-content\/uploads\/sites\/22\/2023\/12\/logo-nacional.png\",\"width\":1801,\"height\":691,\"caption\":\"Noticias\"},\"image\":{\"@id\":\"https:\/\/noticiasya.com\/#\/schema\/logo\/image\/\"}}]}<\/script>\n<!-- \/ Yoast SEO plugin. -->","yoast_head_json":{"title":"Presentan la primera demanda contra McDonald\u2019s por su brote de E. coli - Noticias","robots":{"index":"index","follow":"follow","max-snippet":"max-snippet:-1","max-image-preview":"max-image-preview:large","max-video-preview":"max-video-preview:-1"},"canonical":"https:\/\/noticiasya.com\/2024\/10\/25\/mcdonalds-e-coli-primera-demanda-trax\/","og_locale":"es_ES","og_type":"article","og_title":"Presentan la primera demanda contra McDonald\u2019s por su brote de E. coli - Noticias","og_description":"(CNN) &#8212; Un hombre de Colorado present\u00f3 la primera demanda contra McDonald\u2019s relacionada con su brote de E. coli vinculado a las hamburguesas Cuarto de Libra que hasta ahora ha provocado al menos 49 enfermedades en 10 estados, incluida una muerte. La demanda se present\u00f3 un d\u00eda despu\u00e9s de que los Centros para el Control [&hellip;]","og_url":"https:\/\/noticiasya.com\/2024\/10\/25\/mcdonalds-e-coli-primera-demanda-trax\/","og_site_name":"Noticias","article_published_time":"2024-10-25T20:03:37+00:00","twitter_card":"summary_large_image","twitter_misc":{"Est. reading time":"4 minutos"},"schema":{"@context":"https:\/\/schema.org","@graph":[{"@type":"Article","@id":"https:\/\/noticiasya.com\/2024\/10\/25\/mcdonalds-e-coli-primera-demanda-trax\/#article","isPartOf":{"@id":"https:\/\/noticiasya.com\/2024\/10\/25\/mcdonalds-e-coli-primera-demanda-trax\/"},"author":{"name":"","@id":""},"headline":"Presentan la primera demanda contra McDonald\u2019s por su brote de E. coli","datePublished":"2024-10-25T20:03:37+00:00","mainEntityOfPage":{"@id":"https:\/\/noticiasya.com\/2024\/10\/25\/mcdonalds-e-coli-primera-demanda-trax\/"},"wordCount":906,"commentCount":0,"publisher":{"@id":"https:\/\/noticiasya.com\/#organization"},"articleSection":["Noticias Nacionales"],"inLanguage":"es","potentialAction":[{"@type":"CommentAction","name":"Comment","target":["https:\/\/noticiasya.com\/2024\/10\/25\/mcdonalds-e-coli-primera-demanda-trax\/#respond"]}]},{"@type":"WebPage","@id":"https:\/\/noticiasya.com\/2024\/10\/25\/mcdonalds-e-coli-primera-demanda-trax\/","url":"https:\/\/noticiasya.com\/2024\/10\/25\/mcdonalds-e-coli-primera-demanda-trax\/","name":"Presentan la primera demanda contra McDonald\u2019s por su brote de E. coli - Noticias","isPartOf":{"@id":"https:\/\/noticiasya.com\/#website"},"datePublished":"2024-10-25T20:03:37+00:00","breadcrumb":{"@id":"https:\/\/noticiasya.com\/2024\/10\/25\/mcdonalds-e-coli-primera-demanda-trax\/#breadcrumb"},"inLanguage":"es","potentialAction":[{"@type":"ReadAction","target":["https:\/\/noticiasya.com\/2024\/10\/25\/mcdonalds-e-coli-primera-demanda-trax\/"]}]},{"@type":"BreadcrumbList","@id":"https:\/\/noticiasya.com\/2024\/10\/25\/mcdonalds-e-coli-primera-demanda-trax\/#breadcrumb","itemListElement":[{"@type":"ListItem","position":1,"name":"Home","item":"https:\/\/noticiasya.com\/"},{"@type":"ListItem","position":2,"name":"Presentan la primera demanda contra McDonald\u2019s por su brote de E. coli"}]},{"@type":"WebSite","@id":"https:\/\/noticiasya.com\/#website","url":"https:\/\/noticiasya.com\/","name":"Noticias","description":"Lo que importa","publisher":{"@id":"https:\/\/noticiasya.com\/#organization"},"potentialAction":[{"@type":"SearchAction","target":{"@type":"EntryPoint","urlTemplate":"https:\/\/noticiasya.com\/?s={search_term_string}"},"query-input":{"@type":"PropertyValueSpecification","valueRequired":true,"valueName":"search_term_string"}}],"inLanguage":"es"},{"@type":"Organization","@id":"https:\/\/noticiasya.com\/#organization","name":"Noticias","url":"https:\/\/noticiasya.com\/","logo":{"@type":"ImageObject","inLanguage":"es","@id":"https:\/\/noticiasya.com\/#\/schema\/logo\/image\/","url":"https:\/\/noticiasya.com\/wp-content\/uploads\/sites\/22\/2023\/12\/logo-nacional.png","contentUrl":"https:\/\/noticiasya.com\/wp-content\/uploads\/sites\/22\/2023\/12\/logo-nacional.png","width":1801,"height":691,"caption":"Noticias"},"image":{"@id":"https:\/\/noticiasya.com\/#\/schema\/logo\/image\/"}}]}},"parsely":{"version":"1.1.0","canonical_url":"https:\/\/noticiasya.com\/midland-odessa\/2024\/10\/25\/mcdonalds-e-coli-primera-demanda-trax\/","smart_links":{"inbound":0,"outbound":0},"traffic_boost_suggestions_count":0,"meta":{"@context":"https:\/\/schema.org","@type":"NewsArticle","headline":"Presentan la primera demanda contra McDonald\u2019s por su brote de E. coli","url":"http:\/\/noticiasya.com\/midland-odessa\/2024\/10\/25\/mcdonalds-e-coli-primera-demanda-trax\/","mainEntityOfPage":{"@type":"WebPage","@id":"http:\/\/noticiasya.com\/midland-odessa\/2024\/10\/25\/mcdonalds-e-coli-primera-demanda-trax\/"},"thumbnailUrl":"","image":{"@type":"ImageObject","url":""},"articleSection":"Noticias Nacionales","author":[],"creator":[],"publisher":{"@type":"Organization","name":"Noticias","logo":""},"keywords":[],"dateCreated":"2024-10-25T20:03:37Z","datePublished":"2024-10-25T20:03:37Z","dateModified":"2024-10-25T20:03:37Z"},"rendered":"<script type=\"application\/ld+json\" class=\"wp-parsely-metadata\">{\"@context\":\"https:\\\/\\\/schema.org\",\"@type\":\"NewsArticle\",\"headline\":\"Presentan la primera demanda contra McDonald\\u2019s por su brote de E. coli\",\"url\":\"http:\\\/\\\/noticiasya.com\\\/midland-odessa\\\/2024\\\/10\\\/25\\\/mcdonalds-e-coli-primera-demanda-trax\\\/\",\"mainEntityOfPage\":{\"@type\":\"WebPage\",\"@id\":\"http:\\\/\\\/noticiasya.com\\\/midland-odessa\\\/2024\\\/10\\\/25\\\/mcdonalds-e-coli-primera-demanda-trax\\\/\"},\"thumbnailUrl\":\"\",\"image\":{\"@type\":\"ImageObject\",\"url\":\"\"},\"articleSection\":\"Noticias Nacionales\",\"author\":[],\"creator\":[],\"publisher\":{\"@type\":\"Organization\",\"name\":\"Noticias\",\"logo\":\"\"},\"keywords\":[],\"dateCreated\":\"2024-10-25T20:03:37Z\",\"datePublished\":\"2024-10-25T20:03:37Z\",\"dateModified\":\"2024-10-25T20:03:37Z\"}<\/script>","tracker_url":"https:\/\/cdn.parsely.com\/keys\/noticiasya.com\/p.js"},"jetpack_featured_media_url":"","jetpack-related-posts":[{"id":1455390,"url":"https:\/\/noticiasya.com\/midland-odessa\/2024\/10\/27\/mc-donalds-venta-hamburguesas-negativo-coli-trax\/","url_meta":{"origin":1455360,"position":0},"title":"McDonald&#8217;s reanudar\u00e1 la venta de hamburguesas Quarter Pounders en todos sus restaurantes luego de que las hamburguesas dieran negativo en la prueba de E. coli","author":"","date":"octubre 27, 2024","format":false,"excerpt":"(CNN) \u2013\u2013 McDonald's reanudar\u00e1 la venta de hamburguesas Quarter Pounders en todos sus restaurantes la pr\u00f3xima semana despu\u00e9s de obtener nuevos datos sobre un brote de E. coli vinculado a sus famosas hamburguesas, anunci\u00f3 la compa\u00f1\u00eda este domingo.Los Centros para el Control y la Prevenci\u00f3n de Enfermedades de EE.UU. (CDC,\u2026","rel":"","context":"In &quot;Noticias Nacionales&quot;","block_context":{"text":"Noticias Nacionales","link":"https:\/\/noticiasya.com\/midland-odessa\/categoria\/noticias-nacionales"},"img":{"alt_text":"","src":"","width":0,"height":0},"classes":[]},{"id":1455530,"url":"https:\/\/noticiasya.com\/midland-odessa\/2024\/11\/03\/detectives-rastreo-brote-mortal-de-e-coli-hasta-los-cuarto-de-libra-mcdonalds-trax\/","url_meta":{"origin":1455360,"position":1},"title":"C\u00f3mo el r\u00e1pido trabajo de los detectives de enfermedades rastre\u00f3 el brote mortal de E. coli hasta los Cuarto de Libra de McDonald&#8217;s","author":"","date":"noviembre 3, 2024","format":false,"excerpt":"(CNN) -- Silas Mayes lleg\u00f3 al auto-servicio de su McDonald's local a la hora del almuerzo el lunes 7 de octubre y pidi\u00f3 su pedido habitual: un Quarter Pounder (Cuarto de libra), papas fritas y un Sprite.El jueves por la ma\u00f1ana, ten\u00eda oleadas de calambres estomacales tan intensos que apenas\u2026","rel":"","context":"In &quot;Noticias Nacionales&quot;","block_context":{"text":"Noticias Nacionales","link":"https:\/\/noticiasya.com\/midland-odessa\/categoria\/noticias-nacionales"},"img":{"alt_text":"","src":"","width":0,"height":0},"classes":[]},{"id":1455889,"url":"https:\/\/noticiasya.com\/midland-odessa\/2024\/11\/17\/brote-e-coli-zanahorias-organicas-1-muerto-decenas-enfermos-ee-uu-trax\/","url_meta":{"origin":1455360,"position":2},"title":"Brote de E. coli vinculado a zanahorias org\u00e1nicas deja 1 muerto y decenas de enfermos en EE.UU.","author":"","date":"noviembre 17, 2024","format":false,"excerpt":"(CNN) \u2014 Los Centros para el Control y la Prevenci\u00f3n de Enfermedades (CDC, por sus siglas en ingl\u00e9s) de Estados Unidos investigan un brote de E. coli en al menos 18 estados vinculado a algunas zanahorias org\u00e1nicas, lo que ha causado al menos una muerte.Al menos 39 casos de E.\u2026","rel":"","context":"In &quot;Noticias Nacionales&quot;","block_context":{"text":"Noticias Nacionales","link":"https:\/\/noticiasya.com\/midland-odessa\/categoria\/noticias-nacionales"},"img":{"alt_text":"","src":"","width":0,"height":0},"classes":[]},{"id":1455951,"url":"https:\/\/noticiasya.com\/midland-odessa\/2024\/11\/20\/e-coli-zanahorias-sintomas-propaga-trax\/","url_meta":{"origin":1455360,"position":3},"title":"\u00bfQu\u00e9 es el E. coli, cu\u00e1les son sus causas y s\u00edntomas, c\u00f3mo se propaga y previene?","author":"","date":"noviembre 20, 2024","format":false,"excerpt":"(CNN) \u2013\u2013 Un brote de E. coli relacionado con varias marcas de zanahorias org\u00e1nicas en bolsas que ya fueron retiradas del mercado caus\u00f3 una muerte y m\u00e1s de una decena de hospitalizaciones, seg\u00fan los Centros para el Control y la Prevenci\u00f3n de Enfermedades de EE.UU. (CDC, por sus siglas en\u2026","rel":"","context":"In &quot;Noticias Nacionales&quot;","block_context":{"text":"Noticias Nacionales","link":"https:\/\/noticiasya.com\/midland-odessa\/categoria\/noticias-nacionales"},"img":{"alt_text":"","src":"","width":0,"height":0},"classes":[]},{"id":1457303,"url":"https:\/\/noticiasya.com\/midland-odessa\/2025\/01\/07\/mcdonalds-lanza-cambio-menu-mcvalue-trax\/","url_meta":{"origin":1455360,"position":4},"title":"McDonald&#8217;s lanza el cambio m\u00e1s grande a su men\u00fa en a\u00f1os","author":"","date":"enero 7, 2025","format":false,"excerpt":"McDonald\u2019s lanza este martes en los restaurantes de Estados Unidos su nuevo y esperado men\u00fa econ\u00f3mico, lo que marca el mayor cambio de la cadena en varios a\u00f1os.La opci\u00f3n \u201cMcValue\u201d del men\u00fa es un nuevo intento econ\u00f3mico de atraer a los clientes que se han sentido desanimados por los precios\u2026","rel":"","context":"In &quot;Noticias Nacionales&quot;","block_context":{"text":"Noticias Nacionales","link":"https:\/\/noticiasya.com\/midland-odessa\/categoria\/noticias-nacionales"},"img":{"alt_text":"","src":"","width":0,"height":0},"classes":[]},{"id":1450863,"url":"https:\/\/noticiasya.com\/midland-odessa\/2024\/07\/03\/cuarto-caso-humano-gripe-aviar-estados-unidos-trax\/","url_meta":{"origin":1455360,"position":5},"title":"Identifican un cuarto caso humano de gripe aviar relacionado con un brote en ganado lechero en EE.UU.","author":"","date":"julio 3, 2024","format":false,"excerpt":"(CNN) -- Una cuarta persona en Estados Unidos dio positivo para la gripe aviar H5 en relaci\u00f3n con un brote en curso entre el ganado lechero en todo el pa\u00eds.El Departamento de Salud P\u00fablica y Medio Ambiente de Colorado anunci\u00f3 este mi\u00e9rcoles que identific\u00f3 el primer caso humano de influenza\u2026","rel":"","context":"In &quot;Noticias Nacionales&quot;","block_context":{"text":"Noticias Nacionales","link":"https:\/\/noticiasya.com\/midland-odessa\/categoria\/noticias-nacionales"},"img":{"alt_text":"","src":"","width":0,"height":0},"classes":[]}],"jetpack_sharing_enabled":true,"_links":{"self":[{"href":"https:\/\/noticiasya.com\/midland-odessa\/wp-json\/wp\/v2\/posts\/1455360","targetHints":{"allow":["GET"]}}],"collection":[{"href":"https:\/\/noticiasya.com\/midland-odessa\/wp-json\/wp\/v2\/posts"}],"about":[{"href":"https:\/\/noticiasya.com\/midland-odessa\/wp-json\/wp\/v2\/types\/post"}],"replies":[{"embeddable":true,"href":"https:\/\/noticiasya.com\/midland-odessa\/wp-json\/wp\/v2\/comments?post=1455360"}],"version-history":[{"count":0,"href":"https:\/\/noticiasya.com\/midland-odessa\/wp-json\/wp\/v2\/posts\/1455360\/revisions"}],"wp:attachment":[{"href":"https:\/\/noticiasya.com\/midland-odessa\/wp-json\/wp\/v2\/media?parent=1455360"}],"wp:term":[{"taxonomy":"category","embeddable":true,"href":"https:\/\/noticiasya.com\/midland-odessa\/wp-json\/wp\/v2\/categories?post=1455360"},{"taxonomy":"post_tag","embeddable":true,"href":"https:\/\/noticiasya.com\/midland-odessa\/wp-json\/wp\/v2\/tags?post=1455360"}],"curies":[{"name":"wp","href":"https:\/\/api.w.org\/{rel}","templated":true}]}}