{"id":1455361,"date":"2024-10-25T13:03:37","date_gmt":"2024-10-25T20:03:37","guid":{"rendered":"https:\/\/noticiasya.com\/2024\/10\/25\/yamandu-orsi-candidato-izquierda-presidencia-uruguay-orix\/"},"modified":"2024-10-25T13:03:37","modified_gmt":"2024-10-25T20:03:37","slug":"yamandu-orsi-candidato-izquierda-presidencia-uruguay-orix","status":"publish","type":"post","link":"https:\/\/noticiasya.com\/midland-odessa\/2024\/10\/25\/yamandu-orsi-candidato-izquierda-presidencia-uruguay-orix\/","title":{"rendered":"Yamand\u00fa Orsi, el hijo de almaceneros que le tem\u00eda a la Luna y que quiere ser presidente de Uruguay"},"content":{"rendered":"<p>(CNN Espa\u00f1ol) &#8212; Docente de historia, buen cocinero, amante de la m\u00fasica folcl\u00f3rica y el canto popular, hincha de Pe\u00f1arol y, seg\u00fan dice, &#171;buen jugador de f\u00fatbol&#187;. Yamand\u00fa Ram\u00f3n Orsi Mart\u00ednez, un hijo de trabajadores del campo y almaceneros del departamento de Canelones, quien de ni\u00f1o &#171;le tem\u00eda a la Luna&#187;, quiere ser el pr\u00f3ximo presidente de Uruguay por el izquierdista Frente Amplio.<\/p>\n<p>Naci\u00f3 en el invierno de 1967 en el poblado rural de Santa Rosa, seg\u00fan cuenta, en un d\u00eda helado, de los m\u00e1s fr\u00edos que se recuerden. &#171;Soy de la helada del 67, que todos en el campo recuerdan&#187;, rememor\u00f3 en entrevista con el programa &#171;Protagonistas&#187; de FM del Sol. Su padre trabajaba en el campo, en una vi\u00f1a, y su madre era costurera. Eran en esos tiempos, viviendo en el campo, en los que, seg\u00fan le recordaron en esa entrevista, le ten\u00eda miedo a la Luna.<\/p>\n<p>Las propuestas econ\u00f3micas electorales en Uruguay: mejor inserci\u00f3n y reformas micro<\/p>\n<p>En 1972, una hernia de disco impidi\u00f3 que su pap\u00e1 pudiera seguir trabajando el campo y oblig\u00f3 a la familia a mudarse a la ciudad de Canelones, la capital del Departamento del mismo nombre, en el interior de Uruguay. All\u00ed abri\u00f3 un almac\u00e9n, donde \u00e9l tambi\u00e9n trabaj\u00f3. Cuando le preguntan c\u00f3mo fue que un hijo de almaceneros puede llegar a presidente del pa\u00eds responde: &#171;Eso es Uruguay&#187;.<\/p>\n<p>Asegura que en su hogar paterno &#171;no sobraba nada&#187;, pero que tampoco &#171;le faltaba nada&#187;.<\/p>\n<p>Su primera maestra fue su hermana. &#171;Con cinco a\u00f1os reci\u00e9n cumplidos le\u00eda el diario. Los parroquianos se sorprend\u00edan\u2026 y eso fue mi hermana que me ense\u00f1\u00f3 a escribir y leer&#187;, dijo en la citada entrevista. Se educ\u00f3 en la escuela p\u00fablica y tambi\u00e9n tuvo educaci\u00f3n cat\u00f3lica: fue monaguillo en una capilla; pero hoy se define como agn\u00f3stico.<\/p>\n<p>Como la mayor\u00eda de los ni\u00f1os uruguayos, pas\u00f3 su infancia jugando al f\u00fatbol y dice que &#171;jugaba bien&#187;. &#171;Jugaba descalzo\u2026 no hab\u00eda m\u00e1s luz y segu\u00edamos jugando&#187;.<\/p>\n<p>Yamand\u00fa Orsi, candidato del Frente Amplio (Cr\u00e9dito: STR\/AFP via Getty Images)<\/p>\n<p>Su inter\u00e9s por la pol\u00edtica \u2014ha contado en varias entrevistas\u2014 se debi\u00f3 a su fascinaci\u00f3n con la m\u00fasica popular en los a\u00f1os 70 y 80. Los Olimare\u00f1os, Alfredo Zitarrosa, Larbanois &#038; Carrero, Daniel Viglietti o Abel Garc\u00eda marcaron su adolescencia, pese a que en su familia &#171;no se hablaba de pol\u00edtica&#187;.<\/p>\n<p>Poco despu\u00e9s del retorno a la democracia, tras la dictadura que asol\u00f3 a Uruguay (1973 a 1985) estudi\u00f3 cuatro a\u00f1os para ser profesor de historia. Pero, despu\u00e9s de varios a\u00f1os trabajando como almacenero, docente y adscripto en liceos del departamento de Maldonado, la vida le ten\u00eda deparado otro destino: la pol\u00edtica. A partir de 2005 ingres\u00f3 como secretario general de la Intendencia de Canelones y, a partir de entonces, su vida fue la gesti\u00f3n pol\u00edtica y la administraci\u00f3n p\u00fablica. En 2015 se convirti\u00f3 en intendente de Canelones, el segundo departamento m\u00e1s poblado del pa\u00eds, donde gobern\u00f3 dos per\u00edodos consecutivos. Y en las elecciones internas de 2024 fue elegido como el candidato del centroizquierdista partido Frente Amplio, que busca retomar el poder del pa\u00eds.<\/p>\n<p>Para esa tarea, se vanagloria de su capacidad de di\u00e1logo y de negociaci\u00f3n, y su campa\u00f1a afirma que su intenci\u00f3n es &#171;unir&#187; a los uruguayos. Dos de sus grandes mentores pol\u00edticos han sido el expresidente uruguayo Jos\u00e9 Mujica y su esposa, la exvicepresidenta Luc\u00eda Topolansky; adem\u00e1s de Marcos Car\u00e1mbula, el exintentente de Canelones, con quien trabaj\u00f3.<\/p>\n<p>Est\u00e1 casado con Laura Alonso P\u00e9rez, con quien a los 45 a\u00f1os tuvo dos hijos mellizos: Victorio y Luc\u00eda, quienes aseguraron en el programa &#171;Protagonistas&#187; que les gusta que su padre les cocine.<\/p>\n<p>Cuando los periodistas del programa radial le preguntaron &#171;\u00bfqui\u00e9n es Yamand\u00fa Orsi?&#187;, \u00e9l contest\u00f3: &#171;Un uruguayo optimista, progresista de izquierda, que le gustan mucho los contactos, los afectos y poder transformar para bien una realidad que para muchos es muy dura&#187;.<\/p>\n<p>The-CNN-Wire<br \/>&trade; &amp; &copy; 2024 Cable News Network, Inc., a Warner Bros. Discovery Company. All rights reserved.<\/p>\n","protected":false},"excerpt":{"rendered":"<p>(CNN Espa\u00f1ol) &#8212; Docente de historia, buen cocinero, amante de la m\u00fasica folcl\u00f3rica y el canto popular, hincha de Pe\u00f1arol y, seg\u00fan dice, &#171;buen jugador de f\u00fatbol&#187;. Yamand\u00fa Ram\u00f3n Orsi Mart\u00ednez, un hijo de trabajadores del campo y almaceneros del departamento de Canelones, quien de ni\u00f1o &#171;le tem\u00eda a la Luna&#187;, quiere ser el pr\u00f3ximo [&hellip;]<\/p>\n","protected":false},"author":0,"featured_media":0,"comment_status":"open","ping_status":"open","sticky":false,"template":"","format":"standard","meta":{"_jetpack_memberships_contains_paid_content":false,"footnotes":""},"categories":[10],"tags":[],"class_list":["post-1455361","post","type-post","status-publish","format-standard","hentry","category-noticias-nacionales","market-global"],"yoast_head":"<!-- This site is optimized with the Yoast SEO plugin v24.4 - https:\/\/yoast.com\/wordpress\/plugins\/seo\/ -->\n<title>Yamand\u00fa Orsi, el hijo de almaceneros que le tem\u00eda a la Luna y que quiere ser presidente de Uruguay - Noticias<\/title>\n<meta name=\"robots\" content=\"index, follow, max-snippet:-1, max-image-preview:large, max-video-preview:-1\" \/>\n<link rel=\"canonical\" href=\"https:\/\/noticiasya.com\/2024\/10\/25\/yamandu-orsi-candidato-izquierda-presidencia-uruguay-orix\/\" \/>\n<meta property=\"og:locale\" content=\"es_ES\" \/>\n<meta property=\"og:type\" content=\"article\" \/>\n<meta property=\"og:title\" content=\"Yamand\u00fa Orsi, el hijo de almaceneros que le tem\u00eda a la Luna y que quiere ser presidente de Uruguay - Noticias\" \/>\n<meta property=\"og:description\" content=\"(CNN Espa\u00f1ol) &#8212; Docente de historia, buen cocinero, amante de la m\u00fasica folcl\u00f3rica y el canto popular, hincha de Pe\u00f1arol y, seg\u00fan dice, &#171;buen jugador de f\u00fatbol&#187;. Yamand\u00fa Ram\u00f3n Orsi Mart\u00ednez, un hijo de trabajadores del campo y almaceneros del departamento de Canelones, quien de ni\u00f1o &#171;le tem\u00eda a la Luna&#187;, quiere ser el pr\u00f3ximo [&hellip;]\" \/>\n<meta property=\"og:url\" content=\"https:\/\/noticiasya.com\/2024\/10\/25\/yamandu-orsi-candidato-izquierda-presidencia-uruguay-orix\/\" \/>\n<meta property=\"og:site_name\" content=\"Noticias\" \/>\n<meta property=\"article:published_time\" content=\"2024-10-25T20:03:37+00:00\" \/>\n<meta name=\"twitter:card\" content=\"summary_large_image\" \/>\n<meta name=\"twitter:label1\" content=\"Est. reading time\" \/>\n\t<meta name=\"twitter:data1\" content=\"4 minutos\" \/>\n<script type=\"application\/ld+json\" class=\"yoast-schema-graph\">{\"@context\":\"https:\/\/schema.org\",\"@graph\":[{\"@type\":\"Article\",\"@id\":\"https:\/\/noticiasya.com\/2024\/10\/25\/yamandu-orsi-candidato-izquierda-presidencia-uruguay-orix\/#article\",\"isPartOf\":{\"@id\":\"https:\/\/noticiasya.com\/2024\/10\/25\/yamandu-orsi-candidato-izquierda-presidencia-uruguay-orix\/\"},\"author\":{\"name\":\"\",\"@id\":\"\"},\"headline\":\"Yamand\u00fa Orsi, el hijo de almaceneros que le tem\u00eda a la Luna y que quiere ser presidente de Uruguay\",\"datePublished\":\"2024-10-25T20:03:37+00:00\",\"mainEntityOfPage\":{\"@id\":\"https:\/\/noticiasya.com\/2024\/10\/25\/yamandu-orsi-candidato-izquierda-presidencia-uruguay-orix\/\"},\"wordCount\":740,\"commentCount\":0,\"publisher\":{\"@id\":\"https:\/\/noticiasya.com\/#organization\"},\"articleSection\":[\"Noticias Nacionales\"],\"inLanguage\":\"es\",\"potentialAction\":[{\"@type\":\"CommentAction\",\"name\":\"Comment\",\"target\":[\"https:\/\/noticiasya.com\/2024\/10\/25\/yamandu-orsi-candidato-izquierda-presidencia-uruguay-orix\/#respond\"]}]},{\"@type\":\"WebPage\",\"@id\":\"https:\/\/noticiasya.com\/2024\/10\/25\/yamandu-orsi-candidato-izquierda-presidencia-uruguay-orix\/\",\"url\":\"https:\/\/noticiasya.com\/2024\/10\/25\/yamandu-orsi-candidato-izquierda-presidencia-uruguay-orix\/\",\"name\":\"Yamand\u00fa Orsi, el hijo de almaceneros que le tem\u00eda a la Luna y que quiere ser presidente de Uruguay - Noticias\",\"isPartOf\":{\"@id\":\"https:\/\/noticiasya.com\/#website\"},\"datePublished\":\"2024-10-25T20:03:37+00:00\",\"breadcrumb\":{\"@id\":\"https:\/\/noticiasya.com\/2024\/10\/25\/yamandu-orsi-candidato-izquierda-presidencia-uruguay-orix\/#breadcrumb\"},\"inLanguage\":\"es\",\"potentialAction\":[{\"@type\":\"ReadAction\",\"target\":[\"https:\/\/noticiasya.com\/2024\/10\/25\/yamandu-orsi-candidato-izquierda-presidencia-uruguay-orix\/\"]}]},{\"@type\":\"BreadcrumbList\",\"@id\":\"https:\/\/noticiasya.com\/2024\/10\/25\/yamandu-orsi-candidato-izquierda-presidencia-uruguay-orix\/#breadcrumb\",\"itemListElement\":[{\"@type\":\"ListItem\",\"position\":1,\"name\":\"Home\",\"item\":\"https:\/\/noticiasya.com\/\"},{\"@type\":\"ListItem\",\"position\":2,\"name\":\"Yamand\u00fa Orsi, el hijo de almaceneros que le tem\u00eda a la Luna y que quiere ser presidente de Uruguay\"}]},{\"@type\":\"WebSite\",\"@id\":\"https:\/\/noticiasya.com\/#website\",\"url\":\"https:\/\/noticiasya.com\/\",\"name\":\"Noticias\",\"description\":\"Lo que importa\",\"publisher\":{\"@id\":\"https:\/\/noticiasya.com\/#organization\"},\"potentialAction\":[{\"@type\":\"SearchAction\",\"target\":{\"@type\":\"EntryPoint\",\"urlTemplate\":\"https:\/\/noticiasya.com\/?s={search_term_string}\"},\"query-input\":{\"@type\":\"PropertyValueSpecification\",\"valueRequired\":true,\"valueName\":\"search_term_string\"}}],\"inLanguage\":\"es\"},{\"@type\":\"Organization\",\"@id\":\"https:\/\/noticiasya.com\/#organization\",\"name\":\"Noticias\",\"url\":\"https:\/\/noticiasya.com\/\",\"logo\":{\"@type\":\"ImageObject\",\"inLanguage\":\"es\",\"@id\":\"https:\/\/noticiasya.com\/#\/schema\/logo\/image\/\",\"url\":\"https:\/\/noticiasya.com\/wp-content\/uploads\/sites\/22\/2023\/12\/logo-nacional.png\",\"contentUrl\":\"https:\/\/noticiasya.com\/wp-content\/uploads\/sites\/22\/2023\/12\/logo-nacional.png\",\"width\":1801,\"height\":691,\"caption\":\"Noticias\"},\"image\":{\"@id\":\"https:\/\/noticiasya.com\/#\/schema\/logo\/image\/\"}}]}<\/script>\n<!-- \/ Yoast SEO plugin. -->","yoast_head_json":{"title":"Yamand\u00fa Orsi, el hijo de almaceneros que le tem\u00eda a la Luna y que quiere ser presidente de Uruguay - Noticias","robots":{"index":"index","follow":"follow","max-snippet":"max-snippet:-1","max-image-preview":"max-image-preview:large","max-video-preview":"max-video-preview:-1"},"canonical":"https:\/\/noticiasya.com\/2024\/10\/25\/yamandu-orsi-candidato-izquierda-presidencia-uruguay-orix\/","og_locale":"es_ES","og_type":"article","og_title":"Yamand\u00fa Orsi, el hijo de almaceneros que le tem\u00eda a la Luna y que quiere ser presidente de Uruguay - Noticias","og_description":"(CNN Espa\u00f1ol) &#8212; Docente de historia, buen cocinero, amante de la m\u00fasica folcl\u00f3rica y el canto popular, hincha de Pe\u00f1arol y, seg\u00fan dice, &#171;buen jugador de f\u00fatbol&#187;. Yamand\u00fa Ram\u00f3n Orsi Mart\u00ednez, un hijo de trabajadores del campo y almaceneros del departamento de Canelones, quien de ni\u00f1o &#171;le tem\u00eda a la Luna&#187;, quiere ser el pr\u00f3ximo [&hellip;]","og_url":"https:\/\/noticiasya.com\/2024\/10\/25\/yamandu-orsi-candidato-izquierda-presidencia-uruguay-orix\/","og_site_name":"Noticias","article_published_time":"2024-10-25T20:03:37+00:00","twitter_card":"summary_large_image","twitter_misc":{"Est. reading time":"4 minutos"},"schema":{"@context":"https:\/\/schema.org","@graph":[{"@type":"Article","@id":"https:\/\/noticiasya.com\/2024\/10\/25\/yamandu-orsi-candidato-izquierda-presidencia-uruguay-orix\/#article","isPartOf":{"@id":"https:\/\/noticiasya.com\/2024\/10\/25\/yamandu-orsi-candidato-izquierda-presidencia-uruguay-orix\/"},"author":{"name":"","@id":""},"headline":"Yamand\u00fa Orsi, el hijo de almaceneros que le tem\u00eda a la Luna y que quiere ser presidente de Uruguay","datePublished":"2024-10-25T20:03:37+00:00","mainEntityOfPage":{"@id":"https:\/\/noticiasya.com\/2024\/10\/25\/yamandu-orsi-candidato-izquierda-presidencia-uruguay-orix\/"},"wordCount":740,"commentCount":0,"publisher":{"@id":"https:\/\/noticiasya.com\/#organization"},"articleSection":["Noticias Nacionales"],"inLanguage":"es","potentialAction":[{"@type":"CommentAction","name":"Comment","target":["https:\/\/noticiasya.com\/2024\/10\/25\/yamandu-orsi-candidato-izquierda-presidencia-uruguay-orix\/#respond"]}]},{"@type":"WebPage","@id":"https:\/\/noticiasya.com\/2024\/10\/25\/yamandu-orsi-candidato-izquierda-presidencia-uruguay-orix\/","url":"https:\/\/noticiasya.com\/2024\/10\/25\/yamandu-orsi-candidato-izquierda-presidencia-uruguay-orix\/","name":"Yamand\u00fa Orsi, el hijo de almaceneros que le tem\u00eda a la Luna y que quiere ser presidente de Uruguay - Noticias","isPartOf":{"@id":"https:\/\/noticiasya.com\/#website"},"datePublished":"2024-10-25T20:03:37+00:00","breadcrumb":{"@id":"https:\/\/noticiasya.com\/2024\/10\/25\/yamandu-orsi-candidato-izquierda-presidencia-uruguay-orix\/#breadcrumb"},"inLanguage":"es","potentialAction":[{"@type":"ReadAction","target":["https:\/\/noticiasya.com\/2024\/10\/25\/yamandu-orsi-candidato-izquierda-presidencia-uruguay-orix\/"]}]},{"@type":"BreadcrumbList","@id":"https:\/\/noticiasya.com\/2024\/10\/25\/yamandu-orsi-candidato-izquierda-presidencia-uruguay-orix\/#breadcrumb","itemListElement":[{"@type":"ListItem","position":1,"name":"Home","item":"https:\/\/noticiasya.com\/"},{"@type":"ListItem","position":2,"name":"Yamand\u00fa Orsi, el hijo de almaceneros que le tem\u00eda a la Luna y que quiere ser presidente de Uruguay"}]},{"@type":"WebSite","@id":"https:\/\/noticiasya.com\/#website","url":"https:\/\/noticiasya.com\/","name":"Noticias","description":"Lo que importa","publisher":{"@id":"https:\/\/noticiasya.com\/#organization"},"potentialAction":[{"@type":"SearchAction","target":{"@type":"EntryPoint","urlTemplate":"https:\/\/noticiasya.com\/?s={search_term_string}"},"query-input":{"@type":"PropertyValueSpecification","valueRequired":true,"valueName":"search_term_string"}}],"inLanguage":"es"},{"@type":"Organization","@id":"https:\/\/noticiasya.com\/#organization","name":"Noticias","url":"https:\/\/noticiasya.com\/","logo":{"@type":"ImageObject","inLanguage":"es","@id":"https:\/\/noticiasya.com\/#\/schema\/logo\/image\/","url":"https:\/\/noticiasya.com\/wp-content\/uploads\/sites\/22\/2023\/12\/logo-nacional.png","contentUrl":"https:\/\/noticiasya.com\/wp-content\/uploads\/sites\/22\/2023\/12\/logo-nacional.png","width":1801,"height":691,"caption":"Noticias"},"image":{"@id":"https:\/\/noticiasya.com\/#\/schema\/logo\/image\/"}}]}},"parsely":{"version":"1.1.0","canonical_url":"https:\/\/noticiasya.com\/midland-odessa\/2024\/10\/25\/yamandu-orsi-candidato-izquierda-presidencia-uruguay-orix\/","smart_links":{"inbound":0,"outbound":0},"traffic_boost_suggestions_count":0,"meta":{"@context":"https:\/\/schema.org","@type":"NewsArticle","headline":"Yamand\u00fa Orsi, el hijo de almaceneros que le tem\u00eda a la Luna y que quiere ser presidente de Uruguay","url":"http:\/\/noticiasya.com\/midland-odessa\/2024\/10\/25\/yamandu-orsi-candidato-izquierda-presidencia-uruguay-orix\/","mainEntityOfPage":{"@type":"WebPage","@id":"http:\/\/noticiasya.com\/midland-odessa\/2024\/10\/25\/yamandu-orsi-candidato-izquierda-presidencia-uruguay-orix\/"},"thumbnailUrl":"","image":{"@type":"ImageObject","url":""},"articleSection":"Noticias Nacionales","author":[],"creator":[],"publisher":{"@type":"Organization","name":"Noticias","logo":""},"keywords":[],"dateCreated":"2024-10-25T20:03:37Z","datePublished":"2024-10-25T20:03:37Z","dateModified":"2024-10-25T20:03:37Z"},"rendered":"<script type=\"application\/ld+json\" class=\"wp-parsely-metadata\">{\"@context\":\"https:\\\/\\\/schema.org\",\"@type\":\"NewsArticle\",\"headline\":\"Yamand\\u00fa Orsi, el hijo de almaceneros que le tem\\u00eda a la Luna y que quiere ser presidente de Uruguay\",\"url\":\"http:\\\/\\\/noticiasya.com\\\/midland-odessa\\\/2024\\\/10\\\/25\\\/yamandu-orsi-candidato-izquierda-presidencia-uruguay-orix\\\/\",\"mainEntityOfPage\":{\"@type\":\"WebPage\",\"@id\":\"http:\\\/\\\/noticiasya.com\\\/midland-odessa\\\/2024\\\/10\\\/25\\\/yamandu-orsi-candidato-izquierda-presidencia-uruguay-orix\\\/\"},\"thumbnailUrl\":\"\",\"image\":{\"@type\":\"ImageObject\",\"url\":\"\"},\"articleSection\":\"Noticias Nacionales\",\"author\":[],\"creator\":[],\"publisher\":{\"@type\":\"Organization\",\"name\":\"Noticias\",\"logo\":\"\"},\"keywords\":[],\"dateCreated\":\"2024-10-25T20:03:37Z\",\"datePublished\":\"2024-10-25T20:03:37Z\",\"dateModified\":\"2024-10-25T20:03:37Z\"}<\/script>","tracker_url":"https:\/\/cdn.parsely.com\/keys\/noticiasya.com\/p.js"},"jetpack_featured_media_url":"","jetpack-related-posts":[{"id":1456056,"url":"https:\/\/noticiasya.com\/midland-odessa\/2024\/11\/24\/yamandu-orsi-presidente-electo-izquierda-presidencia-uruguay-orix\/","url_meta":{"origin":1455361,"position":0},"title":"Yamand\u00fa Orsi, el hijo de almaceneros que le tem\u00eda a la Luna y fue electo presidente de Uruguay","author":"","date":"noviembre 24, 2024","format":false,"excerpt":"(CNN Espa\u00f1ol) -- Docente de historia, buen cocinero, amante de la m\u00fasica folcl\u00f3rica y el canto popular, hincha de Pe\u00f1arol y, seg\u00fan dice, \"buen jugador de f\u00fatbol\". Yamand\u00fa Ram\u00f3n Orsi Mart\u00ednez, un hijo de trabajadores del campo y almaceneros del departamento de Canelones, quien de ni\u00f1o \"le tem\u00eda a la\u2026","rel":"","context":"In &quot;Noticias Nacionales&quot;","block_context":{"text":"Noticias Nacionales","link":"https:\/\/noticiasya.com\/midland-odessa\/categoria\/noticias-nacionales"},"img":{"alt_text":"","src":"","width":0,"height":0},"classes":[]},{"id":1456059,"url":"https:\/\/noticiasya.com\/midland-odessa\/2024\/11\/25\/yamandu-orsi-presidente-elegido-izquierda-presidencia-uruguay-orix\/","url_meta":{"origin":1455361,"position":1},"title":"Yamand\u00fa Orsi, el hijo de almaceneros que le tem\u00eda a la Luna y fue elegido presidente de Uruguay","author":"","date":"noviembre 25, 2024","format":false,"excerpt":"(CNN Espa\u00f1ol) -- Docente de historia, buen cocinero, amante de la m\u00fasica folcl\u00f3rica y el canto popular, hincha de Pe\u00f1arol y, seg\u00fan dice, \"buen jugador de f\u00fatbol\". Yamand\u00fa Ram\u00f3n Orsi Mart\u00ednez, un hijo de trabajadores del campo y almaceneros del departamento de Canelones, quien de ni\u00f1o \"le tem\u00eda a la\u2026","rel":"","context":"In &quot;Noticias Nacionales&quot;","block_context":{"text":"Noticias Nacionales","link":"https:\/\/noticiasya.com\/midland-odessa\/categoria\/noticias-nacionales"},"img":{"alt_text":"","src":"","width":0,"height":0},"classes":[]},{"id":1456169,"url":"https:\/\/noticiasya.com\/midland-odessa\/2024\/11\/29\/lula-yamandu-orsi-reunion-brasil-uruguay-orix\/","url_meta":{"origin":1455361,"position":2},"title":"Lula se re\u00fane con Yamand\u00fa Orsi, presidente electo de Uruguay; hablan sobre el desarrollo de la regi\u00f3n","author":"","date":"noviembre 29, 2024","format":false,"excerpt":"(CNN) -- El presidente de Brasil, Luiz In\u00e1cio Lula da Silva, recibi\u00f3 este viernes en su pa\u00eds al presidente electo de Uruguay, Yamand\u00fa Orsi, con quien habl\u00f3 de temas como el desarrollo de la regi\u00f3n, informaron el Gobierno brasile\u00f1o y el futuro mandatario de Uruguay.El Gobierno de Brasil dijo en\u2026","rel":"","context":"In &quot;Noticias Nacionales&quot;","block_context":{"text":"Noticias Nacionales","link":"https:\/\/noticiasya.com\/midland-odessa\/categoria\/noticias-nacionales"},"img":{"alt_text":"","src":"","width":0,"height":0},"classes":[]},{"id":1456032,"url":"https:\/\/noticiasya.com\/midland-odessa\/2024\/11\/22\/jose-pepe-mujica-campana-electoral-uruguay-orix\/","url_meta":{"origin":1455361,"position":3},"title":"El papel de Mujica en las elecciones de Uruguay: &#171;Tenemos que salir de este pozo en el cual nos hemos metido&#187;","author":"","date":"noviembre 22, 2024","format":false,"excerpt":"(CNN Espa\u00f1ol) -- En plena recuperaci\u00f3n de un tratamiento de radioterapia contra un c\u00e1ncer de es\u00f3fago, el expresidente de Uruguay, Jos\u00e9 \"Pepe\" Mujica, privilegi\u00f3 la campa\u00f1a preelectoral, dio entrevistas y particip\u00f3 en varios actos pidiendo el voto para su \"hijo pol\u00edtico\", el candidato de centroizquierda, Yamand\u00fa Orsi, porque, como lo\u2026","rel":"","context":"In &quot;Noticias Nacionales&quot;","block_context":{"text":"Noticias Nacionales","link":"https:\/\/noticiasya.com\/midland-odessa\/categoria\/noticias-nacionales"},"img":{"alt_text":"","src":"","width":0,"height":0},"classes":[]},{"id":1455370,"url":"https:\/\/noticiasya.com\/midland-odessa\/2024\/10\/26\/candidato-elecciones-uruguay-alavaro-delgado-orix\/","url_meta":{"origin":1455361,"position":4},"title":"\u00bfQui\u00e9n es \u00c1lvaro Delgado, el candidato de centroderecha del Partido Nacional a la presidencia de Uruguay?","author":"","date":"octubre 26, 2024","format":false,"excerpt":"(CNN Espa\u00f1ol) -- Sus tres hijos le dicen \u201cgordo\u201d, se define como un rom\u00e1ntico, le gusta Ricardo Arjona, y lo que m\u00e1s disfruta es el campo: andar a caballo con sus perros y el amanecer. Fue secretario de la Presidencia del Gobierno saliente del presidente Luis Lacalle Pou y se\u2026","rel":"","context":"In &quot;Noticias Nacionales&quot;","block_context":{"text":"Noticias Nacionales","link":"https:\/\/noticiasya.com\/midland-odessa\/categoria\/noticias-nacionales"},"img":{"alt_text":"","src":"","width":0,"height":0},"classes":[]},{"id":1450834,"url":"https:\/\/noticiasya.com\/midland-odessa\/2024\/07\/01\/presidencia-yamandu-orsi-alvaro-delgado-elecciones-uruguay-orix\/","url_meta":{"origin":1455361,"position":5},"title":"Uruguay avanza en la carrera electoral: \u00bfqui\u00e9nes competir\u00e1n por la presidencia en octubre?","author":"","date":"julio 1, 2024","format":false,"excerpt":"(CNN Espa\u00f1ol) -- El exintendente del departamento de Canelones, Yamand\u00fa Orsi (57 a\u00f1os), y el exsecretario de Presidencia, \u00c1lvaro Delgado (55 a\u00f1os), ganaron sus respectivas elecciones internas este domingo en Uruguay y ser\u00e1n los candidatos de sus partidos a la Presidencia en las elecciones de octubre, seg\u00fan datos oficiales de\u2026","rel":"","context":"In &quot;Noticias Nacionales&quot;","block_context":{"text":"Noticias Nacionales","link":"https:\/\/noticiasya.com\/midland-odessa\/categoria\/noticias-nacionales"},"img":{"alt_text":"","src":"","width":0,"height":0},"classes":[]}],"jetpack_sharing_enabled":true,"_links":{"self":[{"href":"https:\/\/noticiasya.com\/midland-odessa\/wp-json\/wp\/v2\/posts\/1455361","targetHints":{"allow":["GET"]}}],"collection":[{"href":"https:\/\/noticiasya.com\/midland-odessa\/wp-json\/wp\/v2\/posts"}],"about":[{"href":"https:\/\/noticiasya.com\/midland-odessa\/wp-json\/wp\/v2\/types\/post"}],"replies":[{"embeddable":true,"href":"https:\/\/noticiasya.com\/midland-odessa\/wp-json\/wp\/v2\/comments?post=1455361"}],"version-history":[{"count":0,"href":"https:\/\/noticiasya.com\/midland-odessa\/wp-json\/wp\/v2\/posts\/1455361\/revisions"}],"wp:attachment":[{"href":"https:\/\/noticiasya.com\/midland-odessa\/wp-json\/wp\/v2\/media?parent=1455361"}],"wp:term":[{"taxonomy":"category","embeddable":true,"href":"https:\/\/noticiasya.com\/midland-odessa\/wp-json\/wp\/v2\/categories?post=1455361"},{"taxonomy":"post_tag","embeddable":true,"href":"https:\/\/noticiasya.com\/midland-odessa\/wp-json\/wp\/v2\/tags?post=1455361"}],"curies":[{"name":"wp","href":"https:\/\/api.w.org\/{rel}","templated":true}]}}