{"id":1455377,"date":"2024-10-26T11:03:57","date_gmt":"2024-10-26T18:03:57","guid":{"rendered":"https:\/\/noticiasya.com\/2024\/10\/26\/washington-post-agitacion-bezos-silencio-no-respaldo-candidatura\/"},"modified":"2024-10-26T11:03:57","modified_gmt":"2024-10-26T18:03:57","slug":"washington-post-agitacion-bezos-silencio-no-respaldo-candidatura","status":"publish","type":"post","link":"https:\/\/noticiasya.com\/midland-odessa\/2024\/10\/26\/washington-post-agitacion-bezos-silencio-no-respaldo-candidatura\/","title":{"rendered":"El Washington Post est\u00e1 sumido en una profunda agitaci\u00f3n mientras Bezos guarda silencio sobre el no respaldo a ning\u00fan candidato"},"content":{"rendered":"<p>(CNN) &#8212; Un d\u00eda despu\u00e9s de que The Washington Post anunciara que no respaldar\u00eda a un candidato presidencial en las elecciones de Estados Unidos este a\u00f1o ni en el futuro, su multimillonario propietario permanece en silencio mientras el personal del peri\u00f3dico est\u00e1 convulsionado.<\/p>\n<p>Jeff Bezos hasta ahora ha declinado comentar sobre la situaci\u00f3n, incluso cuando los propios periodistas de su peri\u00f3dico informaron que fue Bezos quien finalmente cancel\u00f3 el respaldo planeado. Una fuente con conocimiento del asunto dijo a CNN el viernes que se hab\u00eda redactado un respaldo a la vicepresidenta Kamala Harris antes de que el mismo fuera descartado.<\/p>\n<p>Encuesta CNN: Harris y Trump se mantienen en una carrera ajustada y est\u00e1n empatados de cara a la recta final<\/p>\n<p>En las \u00faltimas 24 horas, al menos un editor ha renunciado, y miembros destacados del personal del Post han expresado p\u00fablicamente su consternaci\u00f3n, ya que muchos en la secci\u00f3n de Opini\u00f3n del peri\u00f3dico est\u00e1n furiosos por c\u00f3mo se manej\u00f3 la situaci\u00f3n.<\/p>\n<p>Para muchos empleados actuales y anteriores del venerable peri\u00f3dico, el momento del anuncio fue altamente sospechoso y los ha llevado a creer que los intereses comerciales de Bezos influyeron en la decisi\u00f3n.<\/p>\n<p>El ex editor ejecutivo del Post, Marty Baron, quien dirigi\u00f3 el peri\u00f3dico bajo Bezos durante el primer Gobierno de Trump, calific\u00f3 la decisi\u00f3n como un acto de &#171;cobard\u00eda&#187;.<\/p>\n<p>&#171;Declarar un momento de altos principios, solo 11 d\u00edas antes de las elecciones, es simplemente muy sospechoso, simplemente no se puede creer que esto fuera una cuesti\u00f3n de principios en este momento&#187;, dijo Baron a Michael Smerconish de CNN el s\u00e1bado por la ma\u00f1ana.<\/p>\n<p>Trump ha amenazado a Bezos &#171;continuamente&#187;, se\u00f1al\u00f3 Baron. Pero cuando Baron estaba a cargo del peri\u00f3dico, Bezos &#171;resisti\u00f3 esa presi\u00f3n&#187; y estaba &#171;orgulloso&#187; y &#171;agradecido&#187; por ese liderazgo.<\/p>\n<p>&#171;Bezos tiene otros intereses comerciales, una gran participaci\u00f3n en Amazon, tiene una empresa espacial llamada Blue Origin&#187;, dijo Baron. &#171;Trump ha amenazado con perseguir a sus enemigos pol\u00edticos y recompensa a sus amigos y castiga a sus enemigos percibidos, y creo que no hay otra explicaci\u00f3n para lo que est\u00e1 sucediendo ahora&#187;.<\/p>\n<p>Baron dijo que la defensa del editor del Post, Will Lewis, sobre el no respaldo era &#171;risible&#187;, se\u00f1alando que el Post ha respaldado a un candidato en otras votaciones.<\/p>\n<p>&#171;Si su filosof\u00eda es que los lectores pueden tomar sus propias decisiones sobre los grandes problemas que enfrentan en esta democracia, entonces no publiquen editoriales&#187;, dijo Baron. &#171;Pero el hecho es que solo decidieron no publicar un editorial en esta \u00fanica instancia 11 d\u00edas antes de las elecciones&#187;.<\/p>\n<p>En un comunicado a CNN el s\u00e1bado, Lewis rechaz\u00f3 los informes sobre el papel de Bezos en la decisi\u00f3n sobre el respaldo.<\/p>\n<p>&#171;Los informes sobre el papel del propietario de The Washington Post y la decisi\u00f3n de no publicar un respaldo presidencial han sido inexactos&#187;, dijo Lewis. &#171;No se le envi\u00f3, no ley\u00f3 y no opin\u00f3 sobre ning\u00fan borrador. Como editor, no creo en los respaldos presidenciales. Somos un peri\u00f3dico independiente y debemos apoyar la capacidad de nuestros lectores para tomar sus propias decisiones&#187;.<\/p>\n<p>Varios periodistas actuales del Post dijeron a CNN que no tienen problema con que el consejo editorial no respalde en ninguna situaci\u00f3n, y algunos est\u00e1n activamente de acuerdo con la decisi\u00f3n. Pero todos encontraron el momento del anuncio extremadamente problem\u00e1tica.<\/p>\n<p>&#171;Decidir eso ahora, justo antes de una elecci\u00f3n, nos pone en una posici\u00f3n de perder-perder: cobardes por ceder, o quej\u00e1ndonos por no respaldar a Harris, que la campa\u00f1a de Trump ya est\u00e1 tratando de usar para socavarnos&#187;, dijo un periodista del Post a CNN. Otro dijo a CNN que &#171;la gente est\u00e1 enojada y siente que los gerentes s\u00e9nior est\u00e1n socavando el periodismo&#187;.<\/p>\n<p>Otros expresaron una profunda preocupaci\u00f3n de que una ola de lectores que reaccionan a la noticia hayan cancelado sus suscripciones, algo que impactar\u00e1 directamente en la capacidad de funcionamiento de la sala de redacci\u00f3n.<\/p>\n<p>Robert Kagan, columnista del Post y editor de opini\u00f3n general que hab\u00eda estado en el peri\u00f3dico durante 25 a\u00f1os, renunci\u00f3 p\u00fablicamente el viernes como resultado directo del no respaldo.<\/p>\n<p>&#171;Esto es obviamente un esfuerzo de Jeff Bezos para congraciarse con Donald Trump en anticipaci\u00f3n de su posible victoria&#187;, dijo Kagan a Erin Burnett OutFront de CNN el viernes. &#171;Trump ha amenazado con ir tras el negocio de Bezos. Bezos dirige una de las empresas m\u00e1s grandes de Estados Unidos. Tienen relaciones tremendamente intrincadas con el gobierno federal. Dependen del gobierno federal&#187;.<\/p>\n<p>El viernes, Trump se reuni\u00f3 con ejecutivos de Blue Origin, la empresa de exploraci\u00f3n espacial propiedad de Bezos, horas despu\u00e9s de que el Post anunciara su decisi\u00f3n el viernes. La empresa tiene un contrato de US$ 3,400 millones con el gobierno federal para construir una nueva nave espacial para transportar astronautas hacia y desde la superficie de la Luna.<\/p>\n<p>AN\u00c1LISIS | Hay quienes llaman fascista a Trump. \u00bfQu\u00e9 significa eso?<\/p>\n<p>Los asesores y partidarios de Trump han estado alardeando desde que tanto el Post como los propietarios multimillonarios del Los Angeles Times intervinieron para evitar que sus peri\u00f3dicos respaldaran a Harris.<\/p>\n<p>Una publicaci\u00f3n en X de un reportero del Post que se\u00f1alaba que Trump se reuni\u00f3 con ejecutivos de Blue Origin el mismo d\u00eda en que el Post se neg\u00f3 a respaldar a Harris fue republicada por el portavoz de Trump, Steven Cheung, junto con m\u00faltiples emojis de &#171;amor&#187;.<\/p>\n<p>El asesor principal de Trump, Stephen Miller, tambi\u00e9n se abalanz\u00f3 sobre el no respaldo, escribiendo: &#171;Sabes que la campa\u00f1a de Kamala se est\u00e1 hundiendo cuando incluso el Washington Post se niega a respaldar&#187;.<\/p>\n<p>A principios de la semana, la campa\u00f1a de Trump utiliz\u00f3 el no respaldo del Los Angeles Times en un correo electr\u00f3nico de recaudaci\u00f3n de fondos, calific\u00e1ndolo como un &#171;golpe humillante&#187; para Harris.<\/p>\n<p>Otros miembros del personal dijeron que la decisi\u00f3n de no respaldar finalmente da\u00f1ar\u00e1 la democracia estadounidense, aunque Lewis afirm\u00f3 en su nota a los lectores que el movimiento no debe verse como un &#171;respaldo t\u00e1cito de un candidato, o como una condena de otro&#187;.<\/p>\n<p>En una declaraci\u00f3n conjunta, los legendarios periodistas del Post, Bob Woodward y Carl Bernstein, famosos por el caso Watergate, calificaron la decisi\u00f3n de &#171;sorprendente y decepcionante&#187;, se\u00f1alando que el momento del anuncio &#171;ignora la abrumadora evidencia informativa del Washington Post sobre la amenaza que Donald Trump representa para la democracia&#187;.<\/p>\n<p>Un grupo de 17 columnistas de opini\u00f3n del Post tambi\u00e9n public\u00f3 una declaraci\u00f3n el viernes por la noche, criticando la decisi\u00f3n de su propio peri\u00f3dico de no respaldar a un candidato en la elecci\u00f3n presidencial como un &#171;terrible error&#187;.<\/p>\n<p>&#171;La decisi\u00f3n de The Washington Post de no hacer un respaldo en la campa\u00f1a presidencial es un terrible error&#187;, escribieron. &#171;Representa un abandono de las convicciones editoriales fundamentales del peri\u00f3dico que amamos y para el cual hemos trabajado un total combinado de 218 a\u00f1os&#187;.<\/p>\n<p>The-CNN-Wire<br \/>&trade; &amp; &copy; 2024 Cable News Network, Inc., a Warner Bros. Discovery Company. All rights reserved.<\/p>\n","protected":false},"excerpt":{"rendered":"<p>(CNN) &#8212; Un d\u00eda despu\u00e9s de que The Washington Post anunciara que no respaldar\u00eda a un candidato presidencial en las elecciones de Estados Unidos este a\u00f1o ni en el futuro, su multimillonario propietario permanece en silencio mientras el personal del peri\u00f3dico est\u00e1 convulsionado. Jeff Bezos hasta ahora ha declinado comentar sobre la situaci\u00f3n, incluso cuando [&hellip;]<\/p>\n","protected":false},"author":0,"featured_media":0,"comment_status":"open","ping_status":"open","sticky":false,"template":"","format":"standard","meta":{"_jetpack_memberships_contains_paid_content":false,"footnotes":""},"categories":[10],"tags":[],"class_list":["post-1455377","post","type-post","status-publish","format-standard","hentry","category-noticias-nacionales","market-global"],"yoast_head":"<!-- This site is optimized with the Yoast SEO plugin v24.4 - https:\/\/yoast.com\/wordpress\/plugins\/seo\/ -->\n<title>El Washington Post est\u00e1 sumido en una profunda agitaci\u00f3n mientras Bezos guarda silencio sobre el no respaldo a ning\u00fan candidato - Noticias<\/title>\n<meta name=\"robots\" content=\"index, follow, max-snippet:-1, max-image-preview:large, max-video-preview:-1\" \/>\n<link rel=\"canonical\" href=\"https:\/\/noticiasya.com\/2024\/10\/26\/washington-post-agitacion-bezos-silencio-no-respaldo-candidatura\/\" \/>\n<meta property=\"og:locale\" content=\"es_ES\" \/>\n<meta property=\"og:type\" content=\"article\" \/>\n<meta property=\"og:title\" content=\"El Washington Post est\u00e1 sumido en una profunda agitaci\u00f3n mientras Bezos guarda silencio sobre el no respaldo a ning\u00fan candidato - Noticias\" \/>\n<meta property=\"og:description\" content=\"(CNN) &#8212; Un d\u00eda despu\u00e9s de que The Washington Post anunciara que no respaldar\u00eda a un candidato presidencial en las elecciones de Estados Unidos este a\u00f1o ni en el futuro, su multimillonario propietario permanece en silencio mientras el personal del peri\u00f3dico est\u00e1 convulsionado. Jeff Bezos hasta ahora ha declinado comentar sobre la situaci\u00f3n, incluso cuando [&hellip;]\" \/>\n<meta property=\"og:url\" content=\"https:\/\/noticiasya.com\/2024\/10\/26\/washington-post-agitacion-bezos-silencio-no-respaldo-candidatura\/\" \/>\n<meta property=\"og:site_name\" content=\"Noticias\" \/>\n<meta property=\"article:published_time\" content=\"2024-10-26T18:03:57+00:00\" \/>\n<meta name=\"twitter:card\" content=\"summary_large_image\" \/>\n<meta name=\"twitter:label1\" content=\"Est. reading time\" \/>\n\t<meta name=\"twitter:data1\" content=\"6 minutos\" \/>\n<script type=\"application\/ld+json\" class=\"yoast-schema-graph\">{\"@context\":\"https:\/\/schema.org\",\"@graph\":[{\"@type\":\"Article\",\"@id\":\"https:\/\/noticiasya.com\/2024\/10\/26\/washington-post-agitacion-bezos-silencio-no-respaldo-candidatura\/#article\",\"isPartOf\":{\"@id\":\"https:\/\/noticiasya.com\/2024\/10\/26\/washington-post-agitacion-bezos-silencio-no-respaldo-candidatura\/\"},\"author\":{\"name\":\"\",\"@id\":\"\"},\"headline\":\"El Washington Post est\u00e1 sumido en una profunda agitaci\u00f3n mientras Bezos guarda silencio sobre el no respaldo a ning\u00fan candidato\",\"datePublished\":\"2024-10-26T18:03:57+00:00\",\"mainEntityOfPage\":{\"@id\":\"https:\/\/noticiasya.com\/2024\/10\/26\/washington-post-agitacion-bezos-silencio-no-respaldo-candidatura\/\"},\"wordCount\":1245,\"commentCount\":0,\"publisher\":{\"@id\":\"https:\/\/noticiasya.com\/#organization\"},\"articleSection\":[\"Noticias Nacionales\"],\"inLanguage\":\"es\",\"potentialAction\":[{\"@type\":\"CommentAction\",\"name\":\"Comment\",\"target\":[\"https:\/\/noticiasya.com\/2024\/10\/26\/washington-post-agitacion-bezos-silencio-no-respaldo-candidatura\/#respond\"]}]},{\"@type\":\"WebPage\",\"@id\":\"https:\/\/noticiasya.com\/2024\/10\/26\/washington-post-agitacion-bezos-silencio-no-respaldo-candidatura\/\",\"url\":\"https:\/\/noticiasya.com\/2024\/10\/26\/washington-post-agitacion-bezos-silencio-no-respaldo-candidatura\/\",\"name\":\"El Washington Post est\u00e1 sumido en una profunda agitaci\u00f3n mientras Bezos guarda silencio sobre el no respaldo a ning\u00fan candidato - Noticias\",\"isPartOf\":{\"@id\":\"https:\/\/noticiasya.com\/#website\"},\"datePublished\":\"2024-10-26T18:03:57+00:00\",\"breadcrumb\":{\"@id\":\"https:\/\/noticiasya.com\/2024\/10\/26\/washington-post-agitacion-bezos-silencio-no-respaldo-candidatura\/#breadcrumb\"},\"inLanguage\":\"es\",\"potentialAction\":[{\"@type\":\"ReadAction\",\"target\":[\"https:\/\/noticiasya.com\/2024\/10\/26\/washington-post-agitacion-bezos-silencio-no-respaldo-candidatura\/\"]}]},{\"@type\":\"BreadcrumbList\",\"@id\":\"https:\/\/noticiasya.com\/2024\/10\/26\/washington-post-agitacion-bezos-silencio-no-respaldo-candidatura\/#breadcrumb\",\"itemListElement\":[{\"@type\":\"ListItem\",\"position\":1,\"name\":\"Home\",\"item\":\"https:\/\/noticiasya.com\/\"},{\"@type\":\"ListItem\",\"position\":2,\"name\":\"El Washington Post est\u00e1 sumido en una profunda agitaci\u00f3n mientras Bezos guarda silencio sobre el no respaldo a ning\u00fan candidato\"}]},{\"@type\":\"WebSite\",\"@id\":\"https:\/\/noticiasya.com\/#website\",\"url\":\"https:\/\/noticiasya.com\/\",\"name\":\"Noticias\",\"description\":\"Lo que importa\",\"publisher\":{\"@id\":\"https:\/\/noticiasya.com\/#organization\"},\"potentialAction\":[{\"@type\":\"SearchAction\",\"target\":{\"@type\":\"EntryPoint\",\"urlTemplate\":\"https:\/\/noticiasya.com\/?s={search_term_string}\"},\"query-input\":{\"@type\":\"PropertyValueSpecification\",\"valueRequired\":true,\"valueName\":\"search_term_string\"}}],\"inLanguage\":\"es\"},{\"@type\":\"Organization\",\"@id\":\"https:\/\/noticiasya.com\/#organization\",\"name\":\"Noticias\",\"url\":\"https:\/\/noticiasya.com\/\",\"logo\":{\"@type\":\"ImageObject\",\"inLanguage\":\"es\",\"@id\":\"https:\/\/noticiasya.com\/#\/schema\/logo\/image\/\",\"url\":\"https:\/\/noticiasya.com\/wp-content\/uploads\/sites\/22\/2023\/12\/logo-nacional.png\",\"contentUrl\":\"https:\/\/noticiasya.com\/wp-content\/uploads\/sites\/22\/2023\/12\/logo-nacional.png\",\"width\":1801,\"height\":691,\"caption\":\"Noticias\"},\"image\":{\"@id\":\"https:\/\/noticiasya.com\/#\/schema\/logo\/image\/\"}}]}<\/script>\n<!-- \/ Yoast SEO plugin. -->","yoast_head_json":{"title":"El Washington Post est\u00e1 sumido en una profunda agitaci\u00f3n mientras Bezos guarda silencio sobre el no respaldo a ning\u00fan candidato - Noticias","robots":{"index":"index","follow":"follow","max-snippet":"max-snippet:-1","max-image-preview":"max-image-preview:large","max-video-preview":"max-video-preview:-1"},"canonical":"https:\/\/noticiasya.com\/2024\/10\/26\/washington-post-agitacion-bezos-silencio-no-respaldo-candidatura\/","og_locale":"es_ES","og_type":"article","og_title":"El Washington Post est\u00e1 sumido en una profunda agitaci\u00f3n mientras Bezos guarda silencio sobre el no respaldo a ning\u00fan candidato - Noticias","og_description":"(CNN) &#8212; Un d\u00eda despu\u00e9s de que The Washington Post anunciara que no respaldar\u00eda a un candidato presidencial en las elecciones de Estados Unidos este a\u00f1o ni en el futuro, su multimillonario propietario permanece en silencio mientras el personal del peri\u00f3dico est\u00e1 convulsionado. Jeff Bezos hasta ahora ha declinado comentar sobre la situaci\u00f3n, incluso cuando [&hellip;]","og_url":"https:\/\/noticiasya.com\/2024\/10\/26\/washington-post-agitacion-bezos-silencio-no-respaldo-candidatura\/","og_site_name":"Noticias","article_published_time":"2024-10-26T18:03:57+00:00","twitter_card":"summary_large_image","twitter_misc":{"Est. reading time":"6 minutos"},"schema":{"@context":"https:\/\/schema.org","@graph":[{"@type":"Article","@id":"https:\/\/noticiasya.com\/2024\/10\/26\/washington-post-agitacion-bezos-silencio-no-respaldo-candidatura\/#article","isPartOf":{"@id":"https:\/\/noticiasya.com\/2024\/10\/26\/washington-post-agitacion-bezos-silencio-no-respaldo-candidatura\/"},"author":{"name":"","@id":""},"headline":"El Washington Post est\u00e1 sumido en una profunda agitaci\u00f3n mientras Bezos guarda silencio sobre el no respaldo a ning\u00fan candidato","datePublished":"2024-10-26T18:03:57+00:00","mainEntityOfPage":{"@id":"https:\/\/noticiasya.com\/2024\/10\/26\/washington-post-agitacion-bezos-silencio-no-respaldo-candidatura\/"},"wordCount":1245,"commentCount":0,"publisher":{"@id":"https:\/\/noticiasya.com\/#organization"},"articleSection":["Noticias Nacionales"],"inLanguage":"es","potentialAction":[{"@type":"CommentAction","name":"Comment","target":["https:\/\/noticiasya.com\/2024\/10\/26\/washington-post-agitacion-bezos-silencio-no-respaldo-candidatura\/#respond"]}]},{"@type":"WebPage","@id":"https:\/\/noticiasya.com\/2024\/10\/26\/washington-post-agitacion-bezos-silencio-no-respaldo-candidatura\/","url":"https:\/\/noticiasya.com\/2024\/10\/26\/washington-post-agitacion-bezos-silencio-no-respaldo-candidatura\/","name":"El Washington Post est\u00e1 sumido en una profunda agitaci\u00f3n mientras Bezos guarda silencio sobre el no respaldo a ning\u00fan candidato - Noticias","isPartOf":{"@id":"https:\/\/noticiasya.com\/#website"},"datePublished":"2024-10-26T18:03:57+00:00","breadcrumb":{"@id":"https:\/\/noticiasya.com\/2024\/10\/26\/washington-post-agitacion-bezos-silencio-no-respaldo-candidatura\/#breadcrumb"},"inLanguage":"es","potentialAction":[{"@type":"ReadAction","target":["https:\/\/noticiasya.com\/2024\/10\/26\/washington-post-agitacion-bezos-silencio-no-respaldo-candidatura\/"]}]},{"@type":"BreadcrumbList","@id":"https:\/\/noticiasya.com\/2024\/10\/26\/washington-post-agitacion-bezos-silencio-no-respaldo-candidatura\/#breadcrumb","itemListElement":[{"@type":"ListItem","position":1,"name":"Home","item":"https:\/\/noticiasya.com\/"},{"@type":"ListItem","position":2,"name":"El Washington Post est\u00e1 sumido en una profunda agitaci\u00f3n mientras Bezos guarda silencio sobre el no respaldo a ning\u00fan candidato"}]},{"@type":"WebSite","@id":"https:\/\/noticiasya.com\/#website","url":"https:\/\/noticiasya.com\/","name":"Noticias","description":"Lo que importa","publisher":{"@id":"https:\/\/noticiasya.com\/#organization"},"potentialAction":[{"@type":"SearchAction","target":{"@type":"EntryPoint","urlTemplate":"https:\/\/noticiasya.com\/?s={search_term_string}"},"query-input":{"@type":"PropertyValueSpecification","valueRequired":true,"valueName":"search_term_string"}}],"inLanguage":"es"},{"@type":"Organization","@id":"https:\/\/noticiasya.com\/#organization","name":"Noticias","url":"https:\/\/noticiasya.com\/","logo":{"@type":"ImageObject","inLanguage":"es","@id":"https:\/\/noticiasya.com\/#\/schema\/logo\/image\/","url":"https:\/\/noticiasya.com\/wp-content\/uploads\/sites\/22\/2023\/12\/logo-nacional.png","contentUrl":"https:\/\/noticiasya.com\/wp-content\/uploads\/sites\/22\/2023\/12\/logo-nacional.png","width":1801,"height":691,"caption":"Noticias"},"image":{"@id":"https:\/\/noticiasya.com\/#\/schema\/logo\/image\/"}}]}},"parsely":{"version":"1.1.0","canonical_url":"https:\/\/noticiasya.com\/midland-odessa\/2024\/10\/26\/washington-post-agitacion-bezos-silencio-no-respaldo-candidatura\/","smart_links":{"inbound":0,"outbound":0},"traffic_boost_suggestions_count":0,"meta":{"@context":"https:\/\/schema.org","@type":"NewsArticle","headline":"El Washington Post est\u00e1 sumido en una profunda agitaci\u00f3n mientras Bezos guarda silencio sobre el no respaldo a ning\u00fan candidato","url":"http:\/\/noticiasya.com\/midland-odessa\/2024\/10\/26\/washington-post-agitacion-bezos-silencio-no-respaldo-candidatura\/","mainEntityOfPage":{"@type":"WebPage","@id":"http:\/\/noticiasya.com\/midland-odessa\/2024\/10\/26\/washington-post-agitacion-bezos-silencio-no-respaldo-candidatura\/"},"thumbnailUrl":"","image":{"@type":"ImageObject","url":""},"articleSection":"Noticias Nacionales","author":[],"creator":[],"publisher":{"@type":"Organization","name":"Noticias","logo":""},"keywords":[],"dateCreated":"2024-10-26T18:03:57Z","datePublished":"2024-10-26T18:03:57Z","dateModified":"2024-10-26T18:03:57Z"},"rendered":"<script type=\"application\/ld+json\" class=\"wp-parsely-metadata\">{\"@context\":\"https:\\\/\\\/schema.org\",\"@type\":\"NewsArticle\",\"headline\":\"El Washington Post est\\u00e1 sumido en una profunda agitaci\\u00f3n mientras Bezos guarda silencio sobre el no respaldo a ning\\u00fan candidato\",\"url\":\"http:\\\/\\\/noticiasya.com\\\/midland-odessa\\\/2024\\\/10\\\/26\\\/washington-post-agitacion-bezos-silencio-no-respaldo-candidatura\\\/\",\"mainEntityOfPage\":{\"@type\":\"WebPage\",\"@id\":\"http:\\\/\\\/noticiasya.com\\\/midland-odessa\\\/2024\\\/10\\\/26\\\/washington-post-agitacion-bezos-silencio-no-respaldo-candidatura\\\/\"},\"thumbnailUrl\":\"\",\"image\":{\"@type\":\"ImageObject\",\"url\":\"\"},\"articleSection\":\"Noticias Nacionales\",\"author\":[],\"creator\":[],\"publisher\":{\"@type\":\"Organization\",\"name\":\"Noticias\",\"logo\":\"\"},\"keywords\":[],\"dateCreated\":\"2024-10-26T18:03:57Z\",\"datePublished\":\"2024-10-26T18:03:57Z\",\"dateModified\":\"2024-10-26T18:03:57Z\"}<\/script>","tracker_url":"https:\/\/cdn.parsely.com\/keys\/noticiasya.com\/p.js"},"jetpack_featured_media_url":"","jetpack-related-posts":[{"id":1455416,"url":"https:\/\/noticiasya.com\/midland-odessa\/2024\/10\/29\/jeff-bezos-defiende-falta-respaldo-electorial-washington-trax\/","url_meta":{"origin":1455377,"position":0},"title":"Jeff Bezos defiende la falta de respaldo electoral del Washington Post tras la huida de suscriptores y la dimisi\u00f3n de empleados","author":"","date":"octubre 29, 2024","format":false,"excerpt":"(CNN) -- El propietario del peri\u00f3dico The Washington Post, Jeff Bezos, en sus primeros comentarios p\u00fablicos desde que desat\u00f3 el revuelo la semana pasada por su decisi\u00f3n de retener el respaldo del venerable peri\u00f3dico en la carrera presidencial, defendi\u00f3 la medida en un poco com\u00fan art\u00edculo de opini\u00f3n publicado este\u2026","rel":"","context":"In &quot;Noticias Nacionales&quot;","block_context":{"text":"Noticias Nacionales","link":"https:\/\/noticiasya.com\/midland-odessa\/categoria\/noticias-nacionales"},"img":{"alt_text":"","src":"","width":0,"height":0},"classes":[]},{"id":1470855,"url":"https:\/\/noticiasya.com\/midland-odessa\/2026\/02\/04\/the-washington-post-jeff-bezos-despide-trax\/","url_meta":{"origin":1455377,"position":1},"title":"The Washington Post, propiedad de Jeff Bezos, despide a un tercio de su personal","author":"","date":"febrero 4, 2026","format":false,"excerpt":"El diario The Washington Post despidi\u00f3 a aproximadamente uno de cada tres empleados en la ma\u00f1ana de este mi\u00e9rcoles, lo que asest\u00f3 otro duro golpe a una redacci\u00f3n que ya se encuentra al borde del colapso.El propietario de The Post, Jeff Bezos, no hizo comentarios hasta ahora sobre los recortes.Bezos\u2026","rel":"","context":"In &quot;Noticias Nacionales&quot;","block_context":{"text":"Noticias Nacionales","link":"https:\/\/noticiasya.com\/midland-odessa\/categoria\/noticias-nacionales"},"img":{"alt_text":"","src":"","width":0,"height":0},"classes":[]},{"id":1457212,"url":"https:\/\/noticiasya.com\/midland-odessa\/2025\/01\/04\/caricaturista-washington-post-renuncia-trax\/","url_meta":{"origin":1455377,"position":2},"title":"Caricaturista del Washington Post renuncia ante negativa del peri\u00f3dico a publicar una s\u00e1tira de Bezos y Trump","author":"","date":"enero 4, 2025","format":false,"excerpt":"La caricaturista ganadora del premio Pulitzer Ann Telnaes anunci\u00f3 el viernes que hab\u00eda renunciado a The Washington Post despu\u00e9s de que el peri\u00f3dico se negara a publicar una caricatura sat\u00edrica que mostraba al multimillonario propietario del Post, Jeff Bezos, de rodillas frente al presidente electo Donald Trump.Talnaes, que hab\u00eda estado\u2026","rel":"","context":"In &quot;Noticias Nacionales&quot;","block_context":{"text":"Noticias Nacionales","link":"https:\/\/noticiasya.com\/midland-odessa\/categoria\/noticias-nacionales"},"img":{"alt_text":"","src":"","width":0,"height":0},"classes":[]},{"id":1470607,"url":"https:\/\/noticiasya.com\/midland-odessa\/2026\/01\/29\/periodistas-washington-post-piden-bezos-detener-despidos-trax\/","url_meta":{"origin":1455377,"position":3},"title":"Periodistas de pol\u00edtica de The Washington Post instan a Jeff Bezos a detener los recortes masivos esperados en la redacci\u00f3n","author":"","date":"enero 29, 2026","format":false,"excerpt":"Ante los despidos masivos que se esperan en The Washington Post en las pr\u00f3ximas semanas, equipos de periodistas est\u00e1n enviando cartas apasionadas al propietario Jeff Bezos, inst\u00e1ndolo a no reducir la redacci\u00f3n.En una carta obtenida por CNN, los periodistas del peri\u00f3dico que cubren la Casa Blanca se unieron para defender\u2026","rel":"","context":"In &quot;Noticias Nacionales&quot;","block_context":{"text":"Noticias Nacionales","link":"https:\/\/noticiasya.com\/midland-odessa\/categoria\/noticias-nacionales"},"img":{"alt_text":"","src":"","width":0,"height":0},"classes":[]},{"id":1455432,"url":"https:\/\/noticiasya.com\/midland-odessa\/2024\/10\/29\/cadena-periodicos-estados-unidos-no-respaldara-candidato-trax\/","url_meta":{"origin":1455377,"position":4},"title":"La cadena de peri\u00f3dicos m\u00e1s grande de Estados Unidos no respaldar\u00e1 a ning\u00fan candidato en la carrera presidencial de 2024","author":"","date":"octubre 29, 2024","format":false,"excerpt":"Nueva York (CNN) \u2013\u2013 Gannett, la empresa propietaria de la cadena de peri\u00f3dicos m\u00e1s grande de Estados Unidos, anunci\u00f3 que sus m\u00e1s de 200 publicaciones, incluido USA Today, no publicar\u00e1n declaraciones de apoyo presidenciales en el per\u00edodo previo a las elecciones del 5 de noviembre.En una declaraci\u00f3n, Gannett dijo que\u2026","rel":"","context":"In &quot;Noticias Nacionales&quot;","block_context":{"text":"Noticias Nacionales","link":"https:\/\/noticiasya.com\/midland-odessa\/categoria\/noticias-nacionales"},"img":{"alt_text":"","src":"","width":0,"height":0},"classes":[]},{"id":1448054,"url":"https:\/\/noticiasya.com\/midland-odessa\/2024\/04\/13\/empresas-jeff-bezos-orix\/","url_meta":{"origin":1455377,"position":5},"title":"\u00bfCu\u00e1ntas empresas tiene Jeff Bezos?","author":"","date":"abril 13, 2024","format":false,"excerpt":"(CNN Espa\u00f1ol) -- El empresario estadounidense Jeff Bezos\u00a0es la segunda persona m\u00e1s rica del mundo, seg\u00fan los rankings de Forbes y Bloomberg, con m\u00e1s de US$ 200.000 millones, pero \u00bfc\u00f3mo est\u00e1 compuesta esa fortuna?Las empresas de Bezos pueden dividirse en cinco grandes grupos.AmazonBezos fund\u00f3 Amazon en 1994 en Seattle, inicialmente\u2026","rel":"","context":"In &quot;Noticias Nacionales&quot;","block_context":{"text":"Noticias Nacionales","link":"https:\/\/noticiasya.com\/midland-odessa\/categoria\/noticias-nacionales"},"img":{"alt_text":"","src":"","width":0,"height":0},"classes":[]}],"jetpack_sharing_enabled":true,"_links":{"self":[{"href":"https:\/\/noticiasya.com\/midland-odessa\/wp-json\/wp\/v2\/posts\/1455377","targetHints":{"allow":["GET"]}}],"collection":[{"href":"https:\/\/noticiasya.com\/midland-odessa\/wp-json\/wp\/v2\/posts"}],"about":[{"href":"https:\/\/noticiasya.com\/midland-odessa\/wp-json\/wp\/v2\/types\/post"}],"replies":[{"embeddable":true,"href":"https:\/\/noticiasya.com\/midland-odessa\/wp-json\/wp\/v2\/comments?post=1455377"}],"version-history":[{"count":0,"href":"https:\/\/noticiasya.com\/midland-odessa\/wp-json\/wp\/v2\/posts\/1455377\/revisions"}],"wp:attachment":[{"href":"https:\/\/noticiasya.com\/midland-odessa\/wp-json\/wp\/v2\/media?parent=1455377"}],"wp:term":[{"taxonomy":"category","embeddable":true,"href":"https:\/\/noticiasya.com\/midland-odessa\/wp-json\/wp\/v2\/categories?post=1455377"},{"taxonomy":"post_tag","embeddable":true,"href":"https:\/\/noticiasya.com\/midland-odessa\/wp-json\/wp\/v2\/tags?post=1455377"}],"curies":[{"name":"wp","href":"https:\/\/api.w.org\/{rel}","templated":true}]}}