{"id":1455386,"date":"2024-10-27T13:03:41","date_gmt":"2024-10-27T20:03:41","guid":{"rendered":"https:\/\/noticiasya.com\/2024\/10\/27\/adele-celine-dion-emotivo-abrazo-lagrimas-encuentro-concierto-trax\/"},"modified":"2024-10-27T13:03:41","modified_gmt":"2024-10-27T20:03:41","slug":"adele-celine-dion-emotivo-abrazo-lagrimas-encuentro-concierto-trax","status":"publish","type":"post","link":"https:\/\/noticiasya.com\/midland-odessa\/2024\/10\/27\/adele-celine-dion-emotivo-abrazo-lagrimas-encuentro-concierto-trax\/","title":{"rendered":"Adele y Celine Dion comparten un emotivo abrazo entre l\u00e1grimas en un dulce encuentro durante un concierto"},"content":{"rendered":"<p>(CNN) &#8212; El &#171;poder del amor&#187; entre las cantantes Adele y Celine Dion no conoce l\u00edmites.<\/p>\n<p>Esto se mostr\u00f3 plenamente la noche de este s\u00e1bado durante el concierto de Adele en The Colosseum en Caesars Palace en Las Vegas, donde las dos vocalistas se emocionaron hasta las l\u00e1grimas tras una interacci\u00f3n emotiva.<\/p>\n<p>Mientras cantaba su canci\u00f3n &#171;Easy On Me&#187;, Adele se conmovi\u00f3 visiblemente al ver a Dion, a quien se acerc\u00f3 para un abrazo que hizo gritar a la multitud, seg\u00fan im\u00e1genes publicadas en internet.<\/p>\n<p>Celine Dion regresa al escenario para una dram\u00e1tica presentaci\u00f3n en la ceremonia de inauguraci\u00f3n de los Juegos Ol\u00edmpicos de Par\u00eds<\/p>\n<p>Al final del abrazo, Dion se secaba las l\u00e1grimas, pareciendo estar tan emocionada por el momento como Adele.<\/p>\n<p>Adele incluso pidi\u00f3 a la multitud que la ayudara a terminar de cantar la canci\u00f3n.<\/p>\n<p>En un momento, Dion se levant\u00f3 para hacer una reverencia despu\u00e9s de que Adele le dijera a la multitud que Dion era &#171;una de mis personas favoritas de todos los tiempos&#187;.<\/p>\n<p>Adele dice que tiene la intenci\u00f3n de &#171;tomarse un descanso largo&#187; despu\u00e9s del final de su residencia en Las Vegas<\/p>\n<p>El momento tuvo lugar en el mismo lugar que se construy\u00f3 para Dion hace m\u00e1s de dos d\u00e9cadas, cuando lanz\u00f3 su propia residencia en Las Vegas &#171;A New Day&#187;, algo que Adele reconoci\u00f3 durante el concierto de este s\u00e1bado, seg\u00fan otro video del momento publicado en internet.<\/p>\n<p>&#171;Siempre ha sido sobre esta sala&#187;, dijo Adele, al reconocer la importancia de su lugar compartido de residencia. &#171;Este es solo un momento de cerrar el c\u00edrculo para m\u00ed, as\u00ed que es incre\u00edble&#187;.<\/p>\n<p>Adele est\u00e1 en la recta final de su residencia en Las Vegas. &#171;Weekends with Adele&#187;, que comenz\u00f3 en enero de 2022, concluir\u00e1 el 23 de noviembre.<\/p>\n<p>The-CNN-Wire<br \/>&trade; &amp; &copy; 2024 Cable News Network, Inc., a Warner Bros. Discovery Company. All rights reserved.<\/p>\n","protected":false},"excerpt":{"rendered":"<p>(CNN) &#8212; El &#171;poder del amor&#187; entre las cantantes Adele y Celine Dion no conoce l\u00edmites. Esto se mostr\u00f3 plenamente la noche de este s\u00e1bado durante el concierto de Adele en The Colosseum en Caesars Palace en Las Vegas, donde las dos vocalistas se emocionaron hasta las l\u00e1grimas tras una interacci\u00f3n emotiva. Mientras cantaba su [&hellip;]<\/p>\n","protected":false},"author":0,"featured_media":0,"comment_status":"open","ping_status":"open","sticky":false,"template":"","format":"standard","meta":{"_jetpack_memberships_contains_paid_content":false,"footnotes":""},"categories":[10],"tags":[],"class_list":["post-1455386","post","type-post","status-publish","format-standard","hentry","category-noticias-nacionales","market-global"],"yoast_head":"<!-- This site is optimized with the Yoast SEO plugin v24.4 - https:\/\/yoast.com\/wordpress\/plugins\/seo\/ -->\n<title>Adele y Celine Dion comparten un emotivo abrazo entre l\u00e1grimas en un dulce encuentro durante un concierto - Noticias<\/title>\n<meta name=\"robots\" content=\"index, follow, max-snippet:-1, max-image-preview:large, max-video-preview:-1\" \/>\n<link rel=\"canonical\" href=\"https:\/\/noticiasya.com\/2024\/10\/27\/adele-celine-dion-emotivo-abrazo-lagrimas-encuentro-concierto-trax\/\" \/>\n<meta property=\"og:locale\" content=\"es_ES\" \/>\n<meta property=\"og:type\" content=\"article\" \/>\n<meta property=\"og:title\" content=\"Adele y Celine Dion comparten un emotivo abrazo entre l\u00e1grimas en un dulce encuentro durante un concierto - Noticias\" \/>\n<meta property=\"og:description\" content=\"(CNN) &#8212; El &#171;poder del amor&#187; entre las cantantes Adele y Celine Dion no conoce l\u00edmites. Esto se mostr\u00f3 plenamente la noche de este s\u00e1bado durante el concierto de Adele en The Colosseum en Caesars Palace en Las Vegas, donde las dos vocalistas se emocionaron hasta las l\u00e1grimas tras una interacci\u00f3n emotiva. Mientras cantaba su [&hellip;]\" \/>\n<meta property=\"og:url\" content=\"https:\/\/noticiasya.com\/2024\/10\/27\/adele-celine-dion-emotivo-abrazo-lagrimas-encuentro-concierto-trax\/\" \/>\n<meta property=\"og:site_name\" content=\"Noticias\" \/>\n<meta property=\"article:published_time\" content=\"2024-10-27T20:03:41+00:00\" \/>\n<meta name=\"twitter:card\" content=\"summary_large_image\" \/>\n<meta name=\"twitter:label1\" content=\"Est. reading time\" \/>\n\t<meta name=\"twitter:data1\" content=\"2 minutos\" \/>\n<script type=\"application\/ld+json\" class=\"yoast-schema-graph\">{\"@context\":\"https:\/\/schema.org\",\"@graph\":[{\"@type\":\"Article\",\"@id\":\"https:\/\/noticiasya.com\/2024\/10\/27\/adele-celine-dion-emotivo-abrazo-lagrimas-encuentro-concierto-trax\/#article\",\"isPartOf\":{\"@id\":\"https:\/\/noticiasya.com\/2024\/10\/27\/adele-celine-dion-emotivo-abrazo-lagrimas-encuentro-concierto-trax\/\"},\"author\":{\"name\":\"\",\"@id\":\"\"},\"headline\":\"Adele y Celine Dion comparten un emotivo abrazo entre l\u00e1grimas en un dulce encuentro durante un concierto\",\"datePublished\":\"2024-10-27T20:03:41+00:00\",\"mainEntityOfPage\":{\"@id\":\"https:\/\/noticiasya.com\/2024\/10\/27\/adele-celine-dion-emotivo-abrazo-lagrimas-encuentro-concierto-trax\/\"},\"wordCount\":350,\"commentCount\":0,\"publisher\":{\"@id\":\"https:\/\/noticiasya.com\/#organization\"},\"articleSection\":[\"Noticias Nacionales\"],\"inLanguage\":\"es\",\"potentialAction\":[{\"@type\":\"CommentAction\",\"name\":\"Comment\",\"target\":[\"https:\/\/noticiasya.com\/2024\/10\/27\/adele-celine-dion-emotivo-abrazo-lagrimas-encuentro-concierto-trax\/#respond\"]}]},{\"@type\":\"WebPage\",\"@id\":\"https:\/\/noticiasya.com\/2024\/10\/27\/adele-celine-dion-emotivo-abrazo-lagrimas-encuentro-concierto-trax\/\",\"url\":\"https:\/\/noticiasya.com\/2024\/10\/27\/adele-celine-dion-emotivo-abrazo-lagrimas-encuentro-concierto-trax\/\",\"name\":\"Adele y Celine Dion comparten un emotivo abrazo entre l\u00e1grimas en un dulce encuentro durante un concierto - Noticias\",\"isPartOf\":{\"@id\":\"https:\/\/noticiasya.com\/#website\"},\"datePublished\":\"2024-10-27T20:03:41+00:00\",\"breadcrumb\":{\"@id\":\"https:\/\/noticiasya.com\/2024\/10\/27\/adele-celine-dion-emotivo-abrazo-lagrimas-encuentro-concierto-trax\/#breadcrumb\"},\"inLanguage\":\"es\",\"potentialAction\":[{\"@type\":\"ReadAction\",\"target\":[\"https:\/\/noticiasya.com\/2024\/10\/27\/adele-celine-dion-emotivo-abrazo-lagrimas-encuentro-concierto-trax\/\"]}]},{\"@type\":\"BreadcrumbList\",\"@id\":\"https:\/\/noticiasya.com\/2024\/10\/27\/adele-celine-dion-emotivo-abrazo-lagrimas-encuentro-concierto-trax\/#breadcrumb\",\"itemListElement\":[{\"@type\":\"ListItem\",\"position\":1,\"name\":\"Home\",\"item\":\"https:\/\/noticiasya.com\/\"},{\"@type\":\"ListItem\",\"position\":2,\"name\":\"Adele y Celine Dion comparten un emotivo abrazo entre l\u00e1grimas en un dulce encuentro durante un concierto\"}]},{\"@type\":\"WebSite\",\"@id\":\"https:\/\/noticiasya.com\/#website\",\"url\":\"https:\/\/noticiasya.com\/\",\"name\":\"Noticias\",\"description\":\"Lo que importa\",\"publisher\":{\"@id\":\"https:\/\/noticiasya.com\/#organization\"},\"potentialAction\":[{\"@type\":\"SearchAction\",\"target\":{\"@type\":\"EntryPoint\",\"urlTemplate\":\"https:\/\/noticiasya.com\/?s={search_term_string}\"},\"query-input\":{\"@type\":\"PropertyValueSpecification\",\"valueRequired\":true,\"valueName\":\"search_term_string\"}}],\"inLanguage\":\"es\"},{\"@type\":\"Organization\",\"@id\":\"https:\/\/noticiasya.com\/#organization\",\"name\":\"Noticias\",\"url\":\"https:\/\/noticiasya.com\/\",\"logo\":{\"@type\":\"ImageObject\",\"inLanguage\":\"es\",\"@id\":\"https:\/\/noticiasya.com\/#\/schema\/logo\/image\/\",\"url\":\"https:\/\/noticiasya.com\/wp-content\/uploads\/sites\/22\/2023\/12\/logo-nacional.png\",\"contentUrl\":\"https:\/\/noticiasya.com\/wp-content\/uploads\/sites\/22\/2023\/12\/logo-nacional.png\",\"width\":1801,\"height\":691,\"caption\":\"Noticias\"},\"image\":{\"@id\":\"https:\/\/noticiasya.com\/#\/schema\/logo\/image\/\"}}]}<\/script>\n<!-- \/ Yoast SEO plugin. -->","yoast_head_json":{"title":"Adele y Celine Dion comparten un emotivo abrazo entre l\u00e1grimas en un dulce encuentro durante un concierto - Noticias","robots":{"index":"index","follow":"follow","max-snippet":"max-snippet:-1","max-image-preview":"max-image-preview:large","max-video-preview":"max-video-preview:-1"},"canonical":"https:\/\/noticiasya.com\/2024\/10\/27\/adele-celine-dion-emotivo-abrazo-lagrimas-encuentro-concierto-trax\/","og_locale":"es_ES","og_type":"article","og_title":"Adele y Celine Dion comparten un emotivo abrazo entre l\u00e1grimas en un dulce encuentro durante un concierto - Noticias","og_description":"(CNN) &#8212; El &#171;poder del amor&#187; entre las cantantes Adele y Celine Dion no conoce l\u00edmites. Esto se mostr\u00f3 plenamente la noche de este s\u00e1bado durante el concierto de Adele en The Colosseum en Caesars Palace en Las Vegas, donde las dos vocalistas se emocionaron hasta las l\u00e1grimas tras una interacci\u00f3n emotiva. Mientras cantaba su [&hellip;]","og_url":"https:\/\/noticiasya.com\/2024\/10\/27\/adele-celine-dion-emotivo-abrazo-lagrimas-encuentro-concierto-trax\/","og_site_name":"Noticias","article_published_time":"2024-10-27T20:03:41+00:00","twitter_card":"summary_large_image","twitter_misc":{"Est. reading time":"2 minutos"},"schema":{"@context":"https:\/\/schema.org","@graph":[{"@type":"Article","@id":"https:\/\/noticiasya.com\/2024\/10\/27\/adele-celine-dion-emotivo-abrazo-lagrimas-encuentro-concierto-trax\/#article","isPartOf":{"@id":"https:\/\/noticiasya.com\/2024\/10\/27\/adele-celine-dion-emotivo-abrazo-lagrimas-encuentro-concierto-trax\/"},"author":{"name":"","@id":""},"headline":"Adele y Celine Dion comparten un emotivo abrazo entre l\u00e1grimas en un dulce encuentro durante un concierto","datePublished":"2024-10-27T20:03:41+00:00","mainEntityOfPage":{"@id":"https:\/\/noticiasya.com\/2024\/10\/27\/adele-celine-dion-emotivo-abrazo-lagrimas-encuentro-concierto-trax\/"},"wordCount":350,"commentCount":0,"publisher":{"@id":"https:\/\/noticiasya.com\/#organization"},"articleSection":["Noticias Nacionales"],"inLanguage":"es","potentialAction":[{"@type":"CommentAction","name":"Comment","target":["https:\/\/noticiasya.com\/2024\/10\/27\/adele-celine-dion-emotivo-abrazo-lagrimas-encuentro-concierto-trax\/#respond"]}]},{"@type":"WebPage","@id":"https:\/\/noticiasya.com\/2024\/10\/27\/adele-celine-dion-emotivo-abrazo-lagrimas-encuentro-concierto-trax\/","url":"https:\/\/noticiasya.com\/2024\/10\/27\/adele-celine-dion-emotivo-abrazo-lagrimas-encuentro-concierto-trax\/","name":"Adele y Celine Dion comparten un emotivo abrazo entre l\u00e1grimas en un dulce encuentro durante un concierto - Noticias","isPartOf":{"@id":"https:\/\/noticiasya.com\/#website"},"datePublished":"2024-10-27T20:03:41+00:00","breadcrumb":{"@id":"https:\/\/noticiasya.com\/2024\/10\/27\/adele-celine-dion-emotivo-abrazo-lagrimas-encuentro-concierto-trax\/#breadcrumb"},"inLanguage":"es","potentialAction":[{"@type":"ReadAction","target":["https:\/\/noticiasya.com\/2024\/10\/27\/adele-celine-dion-emotivo-abrazo-lagrimas-encuentro-concierto-trax\/"]}]},{"@type":"BreadcrumbList","@id":"https:\/\/noticiasya.com\/2024\/10\/27\/adele-celine-dion-emotivo-abrazo-lagrimas-encuentro-concierto-trax\/#breadcrumb","itemListElement":[{"@type":"ListItem","position":1,"name":"Home","item":"https:\/\/noticiasya.com\/"},{"@type":"ListItem","position":2,"name":"Adele y Celine Dion comparten un emotivo abrazo entre l\u00e1grimas en un dulce encuentro durante un concierto"}]},{"@type":"WebSite","@id":"https:\/\/noticiasya.com\/#website","url":"https:\/\/noticiasya.com\/","name":"Noticias","description":"Lo que importa","publisher":{"@id":"https:\/\/noticiasya.com\/#organization"},"potentialAction":[{"@type":"SearchAction","target":{"@type":"EntryPoint","urlTemplate":"https:\/\/noticiasya.com\/?s={search_term_string}"},"query-input":{"@type":"PropertyValueSpecification","valueRequired":true,"valueName":"search_term_string"}}],"inLanguage":"es"},{"@type":"Organization","@id":"https:\/\/noticiasya.com\/#organization","name":"Noticias","url":"https:\/\/noticiasya.com\/","logo":{"@type":"ImageObject","inLanguage":"es","@id":"https:\/\/noticiasya.com\/#\/schema\/logo\/image\/","url":"https:\/\/noticiasya.com\/wp-content\/uploads\/sites\/22\/2023\/12\/logo-nacional.png","contentUrl":"https:\/\/noticiasya.com\/wp-content\/uploads\/sites\/22\/2023\/12\/logo-nacional.png","width":1801,"height":691,"caption":"Noticias"},"image":{"@id":"https:\/\/noticiasya.com\/#\/schema\/logo\/image\/"}}]}},"parsely":{"version":"1.1.0","canonical_url":"https:\/\/noticiasya.com\/midland-odessa\/2024\/10\/27\/adele-celine-dion-emotivo-abrazo-lagrimas-encuentro-concierto-trax\/","smart_links":{"inbound":0,"outbound":0},"traffic_boost_suggestions_count":0,"meta":{"@context":"https:\/\/schema.org","@type":"NewsArticle","headline":"Adele y Celine Dion comparten un emotivo abrazo entre l\u00e1grimas en un dulce encuentro durante un concierto","url":"http:\/\/noticiasya.com\/midland-odessa\/2024\/10\/27\/adele-celine-dion-emotivo-abrazo-lagrimas-encuentro-concierto-trax\/","mainEntityOfPage":{"@type":"WebPage","@id":"http:\/\/noticiasya.com\/midland-odessa\/2024\/10\/27\/adele-celine-dion-emotivo-abrazo-lagrimas-encuentro-concierto-trax\/"},"thumbnailUrl":"","image":{"@type":"ImageObject","url":""},"articleSection":"Noticias Nacionales","author":[],"creator":[],"publisher":{"@type":"Organization","name":"Noticias","logo":""},"keywords":[],"dateCreated":"2024-10-27T20:03:41Z","datePublished":"2024-10-27T20:03:41Z","dateModified":"2024-10-27T20:03:41Z"},"rendered":"<script type=\"application\/ld+json\" class=\"wp-parsely-metadata\">{\"@context\":\"https:\\\/\\\/schema.org\",\"@type\":\"NewsArticle\",\"headline\":\"Adele y Celine Dion comparten un emotivo abrazo entre l\\u00e1grimas en un dulce encuentro durante un concierto\",\"url\":\"http:\\\/\\\/noticiasya.com\\\/midland-odessa\\\/2024\\\/10\\\/27\\\/adele-celine-dion-emotivo-abrazo-lagrimas-encuentro-concierto-trax\\\/\",\"mainEntityOfPage\":{\"@type\":\"WebPage\",\"@id\":\"http:\\\/\\\/noticiasya.com\\\/midland-odessa\\\/2024\\\/10\\\/27\\\/adele-celine-dion-emotivo-abrazo-lagrimas-encuentro-concierto-trax\\\/\"},\"thumbnailUrl\":\"\",\"image\":{\"@type\":\"ImageObject\",\"url\":\"\"},\"articleSection\":\"Noticias Nacionales\",\"author\":[],\"creator\":[],\"publisher\":{\"@type\":\"Organization\",\"name\":\"Noticias\",\"logo\":\"\"},\"keywords\":[],\"dateCreated\":\"2024-10-27T20:03:41Z\",\"datePublished\":\"2024-10-27T20:03:41Z\",\"dateModified\":\"2024-10-27T20:03:41Z\"}<\/script>","tracker_url":"https:\/\/cdn.parsely.com\/keys\/noticiasya.com\/p.js"},"jetpack_featured_media_url":"","jetpack-related-posts":[{"id":1451456,"url":"https:\/\/noticiasya.com\/midland-odessa\/2024\/07\/26\/celine-dion-dramatica-presentacion-inauguracion-juegos-olimpicos-paris-trax\/","url_meta":{"origin":1455386,"position":0},"title":"Celine Dion regresa al escenario para una dram\u00e1tica presentaci\u00f3n en la ceremonia de inauguraci\u00f3n de los Juegos Ol\u00edmpicos de Par\u00eds","author":"","date":"julio 26, 2024","format":false,"excerpt":"(CNN) -- Celine Dion regres\u00f3 a los escenarios en los Juegos Ol\u00edmpicos de Verano en Par\u00eds de manera verdaderamente grandiosa.La cantante cerr\u00f3 la ceremonia el viernes inmediatamente despu\u00e9s del encendido del pebetero ol\u00edmpico, con una actuaci\u00f3n desde el primer escenario de la Torre Eiffel, cantando un cl\u00e1sico: \u201cL\u2019Hymne \u00e0 l\u2019amour\u201d\u2026","rel":"","context":"In &quot;Noticias Nacionales&quot;","block_context":{"text":"Noticias Nacionales","link":"https:\/\/noticiasya.com\/midland-odessa\/categoria\/noticias-nacionales"},"img":{"alt_text":"","src":"","width":0,"height":0},"classes":[]},{"id":1444978,"url":"https:\/\/noticiasya.com\/midland-odessa\/2024\/02\/06\/ignoro-taylor-swift-a-celine-dion-en-los-grammy-las-fotos-tras-bambalinas-dicen-lo-contrario\/","url_meta":{"origin":1455386,"position":1},"title":"\u00bfIgnor\u00f3 Taylor Swift a Celine Dion en los Grammy? Las fotos tras bambalinas dicen lo contrario","author":"","date":"febrero 6, 2024","format":false,"excerpt":"(CNN) -- Terminar los Grammy 2024 con un tierno momento entre dos divas queridas \u2014Taylor Swift y Celine Dion\u2014 debi\u00f3 haber sido algo f\u00e1cil. Pero los espectadores resultaron divididos al final de la ceremonia.Cuando Dion, presentadora sorpresa, anunci\u00f3 que Swift era la ganadora en la categor\u00eda \u00c1lbum del A\u00f1o, la\u2026","rel":"","context":"In &quot;Noticias Nacionales&quot;","block_context":{"text":"Noticias Nacionales","link":"https:\/\/noticiasya.com\/midland-odessa\/categoria\/noticias-nacionales"},"img":{"alt_text":"","src":"","width":0,"height":0},"classes":[]},{"id":1450139,"url":"https:\/\/noticiasya.com\/midland-odessa\/2024\/06\/07\/celine-dion-fracturado-costillas-cantar-sindrome-persona-rigida-trax\/","url_meta":{"origin":1455386,"position":2},"title":"Celine Dion dice que se ha fracturado costillas y le cuesta cantar a causa del raro s\u00edndrome de la persona r\u00edgida","author":"","date":"junio 7, 2024","format":false,"excerpt":"(CNN) -- Celine Dion comparti\u00f3 detalles sobre lo dif\u00edcil que se ha vuelto su vida debido a que padece el s\u00edndrome de la persona r\u00edgida.En un fragmento de una entrevista con Hoda Kotb de la NBC, la aclamada cantante revel\u00f3 que cuando intenta cantar es \"como si alguien te estuviera\u2026","rel":"","context":"In &quot;Noticias Nacionales&quot;","block_context":{"text":"Noticias Nacionales","link":"https:\/\/noticiasya.com\/midland-odessa\/categoria\/noticias-nacionales"},"img":{"alt_text":"","src":"","width":0,"height":0},"classes":[]},{"id":1448431,"url":"https:\/\/noticiasya.com\/midland-odessa\/2024\/04\/23\/celine-dion-vida-sindrome-persona-rigida-trax\/","url_meta":{"origin":1455386,"position":3},"title":"Celine Dion cuenta c\u00f3mo es su vida con el s\u00edndrome de la persona r\u00edgida: \u201cNada me va a detener\u201d","author":"","date":"abril 23, 2024","format":false,"excerpt":"(CNN) -- Celine Dion se sincer\u00f3 sobre c\u00f3mo es vivir con la rara enfermedad neurol\u00f3gica del S\u00edndrome de la Persona R\u00edgida y dijo: \"Nada me detendr\u00e1\".En una entrevista con Vogue France publicada este lunes, la cantante nacida en Canad\u00e1 dijo que estaba \"bien, pero es mucho trabajo\", y agreg\u00f3: \"Estoy\u2026","rel":"","context":"In &quot;Noticias Nacionales&quot;","block_context":{"text":"Noticias Nacionales","link":"https:\/\/noticiasya.com\/midland-odessa\/categoria\/noticias-nacionales"},"img":{"alt_text":"","src":"","width":0,"height":0},"classes":[]},{"id":1472488,"url":"https:\/\/noticiasya.com\/midland-odessa\/2026\/03\/24\/celine-dion-conciertos-paris-regreso-orix\/","url_meta":{"origin":1455386,"position":4},"title":"Celine Dion regresa a los escenarios con una serie de conciertos en Par\u00eds","author":"","date":"marzo 24, 2026","format":false,"excerpt":"Este 2026 luce como el a\u00f1o del regreso a los escenarios de m\u00fasicos populares. Harry Styles y BTS lanzaron nuevos \u00e1lbumes tras casi cuatro a\u00f1os y ahora, seg\u00fan Variety, la cantante Celine Dion planea su regreso con una serie de conciertos en Par\u00eds.La \u00faltima actuaci\u00f3n de la cantante canadiense fue\u2026","rel":"","context":"In &quot;Noticias Nacionales&quot;","block_context":{"text":"Noticias Nacionales","link":"https:\/\/noticiasya.com\/midland-odessa\/categoria\/noticias-nacionales"},"img":{"alt_text":"","src":"","width":0,"height":0},"classes":[]},{"id":1444952,"url":"https:\/\/noticiasya.com\/midland-odessa\/2024\/02\/05\/celine-dion-padece-el-sindrome-de-la-persona-rigida-que-es-cuales-son-sus-sintomas-y-como-se-trata\/","url_meta":{"origin":1455386,"position":5},"title":"Celine Dion padece el s\u00edndrome de la persona r\u00edgida: \u00bfqu\u00e9 es, cu\u00e1les son sus s\u00edntomas y c\u00f3mo se trata?","author":"","date":"febrero 5, 2024","format":false,"excerpt":"(CNN) --\u00a0Celine Dion sorprendi\u00f3 el domingo con su aparici\u00f3n en los premios Grammy, donde present\u00f3 el premio al Album del a\u00f1o.Dion comparti\u00f3 en 2022 que le hab\u00edan diagnosticado el s\u00edndrome de la persona r\u00edgida (SPS, por sus siglas en ingl\u00e9s), una afecci\u00f3n neurol\u00f3gica rara que puede llevar a\u00f1os diagnosticar.El s\u00edndrome\u2026","rel":"","context":"In &quot;Noticias Nacionales&quot;","block_context":{"text":"Noticias Nacionales","link":"https:\/\/noticiasya.com\/midland-odessa\/categoria\/noticias-nacionales"},"img":{"alt_text":"","src":"","width":0,"height":0},"classes":[]}],"jetpack_sharing_enabled":true,"_links":{"self":[{"href":"https:\/\/noticiasya.com\/midland-odessa\/wp-json\/wp\/v2\/posts\/1455386","targetHints":{"allow":["GET"]}}],"collection":[{"href":"https:\/\/noticiasya.com\/midland-odessa\/wp-json\/wp\/v2\/posts"}],"about":[{"href":"https:\/\/noticiasya.com\/midland-odessa\/wp-json\/wp\/v2\/types\/post"}],"replies":[{"embeddable":true,"href":"https:\/\/noticiasya.com\/midland-odessa\/wp-json\/wp\/v2\/comments?post=1455386"}],"version-history":[{"count":0,"href":"https:\/\/noticiasya.com\/midland-odessa\/wp-json\/wp\/v2\/posts\/1455386\/revisions"}],"wp:attachment":[{"href":"https:\/\/noticiasya.com\/midland-odessa\/wp-json\/wp\/v2\/media?parent=1455386"}],"wp:term":[{"taxonomy":"category","embeddable":true,"href":"https:\/\/noticiasya.com\/midland-odessa\/wp-json\/wp\/v2\/categories?post=1455386"},{"taxonomy":"post_tag","embeddable":true,"href":"https:\/\/noticiasya.com\/midland-odessa\/wp-json\/wp\/v2\/tags?post=1455386"}],"curies":[{"name":"wp","href":"https:\/\/api.w.org\/{rel}","templated":true}]}}