{"id":1455387,"date":"2024-10-27T14:03:51","date_gmt":"2024-10-27T21:03:51","guid":{"rendered":"https:\/\/noticiasya.com\/2024\/10\/27\/fotos-nunca-vistas-principe-william-con-diana-visitando-organizacion-benefica-trax\/"},"modified":"2024-10-27T14:03:51","modified_gmt":"2024-10-27T21:03:51","slug":"fotos-nunca-vistas-principe-william-con-diana-visitando-organizacion-benefica-trax","status":"publish","type":"post","link":"https:\/\/noticiasya.com\/midland-odessa\/2024\/10\/27\/fotos-nunca-vistas-principe-william-con-diana-visitando-organizacion-benefica-trax\/","title":{"rendered":"Se publican fotos in\u00e9ditas del pr\u00edncipe William con su madre Diana visitando una organizaci\u00f3n ben\u00e9fica para personas sin hogar"},"content":{"rendered":"<p>(CNN) &#8212; El pr\u00edncipe William habl\u00f3 abiertamente sobre c\u00f3mo una poderosa experiencia de la infancia con su hermano y su difunta madre ayud\u00f3 a dar forma a su trabajo en la lucha contra las personas sin hogar.<\/p>\n<p>En el pr\u00f3ximo documental del Pr\u00edncipe de Gales, \u201cPrince William: We Can End Homelessness\u201d, el heredero al trono brit\u00e1nico de 42 a\u00f1os recuerda haber visitado The Passage, una organizaci\u00f3n ben\u00e9fica brit\u00e1nica para personas sin hogar, junto con su difunta madre, Diana. William visit\u00f3 la organizaci\u00f3n ben\u00e9fica por primera vez cuando ten\u00eda 11 a\u00f1os.<\/p>\n<p>\u201cMi madre me llev\u00f3 a The Passage; nos llev\u00f3 a Harry y a m\u00ed all\u00ed\u201d, dice William en un clip reci\u00e9n publicado del documental de dos partes.<\/p>\n<p>\u201cNunca hab\u00eda estado en algo as\u00ed antes, y estaba un poco ansioso por saber qu\u00e9 esperar\u201d.<\/p>\n<p>El pr\u00edncipe William, que aparece aqu\u00ed jugando al ajedrez durante una visita a The Passage el 14 de junio de 1993, ha sido el patrocinador real de la organizaci\u00f3n desde 2019. (The Passage v\u00eda Reuters)<\/p>\n<p>William describe c\u00f3mo Diana alivi\u00f3 sus nervios \u201cech\u00e1ndose unas risas y bromeando con todo el mundo\u201d.<\/p>\n<p>\u201cRecuerdo que en aquel momento pens\u00e9: \u2018Bueno, si todo el mundo no tiene un hogar, todos van a estar muy tristes\u2019. Pero era incre\u00edble lo feliz que era el ambiente\u201d, continu\u00f3 William.<\/p>\n<p>OPINI\u00d3N | La influencia de Diana en el pr\u00edncipe William<\/p>\n<p>\u201cRecuerdo haber tenido algunas buenas conversaciones jugando al ajedrez y charlando. Fue entonces cuando me di cuenta de que hay otras personas que no tienen la misma vida que t\u00fa\u201d.<\/p>\n<p>Filmado a lo largo de un a\u00f1o, el documental sigue las etapas iniciales de la iniciativa Homewards de William. Fundado por el pr\u00edncipe y su Fundaci\u00f3n Real en junio de 2023, Homewards es un programa de cinco a\u00f1os en seis lugares emblem\u00e1ticos de todo el Reino Unido que espera que demuestre que es posible acabar con el problema de las personas sin hogar.<\/p>\n<p>La serie dirigida por el ganador del BAFTA Leo Burley, presenta historias de personas que actualmente se enfrentan con esta situaci\u00f3n o que lo han experimentado.<\/p>\n<p>El pr\u00edncipe lleva mucho tiempo haciendo campa\u00f1a contra este problema. En una ceremonia de entrega de premios para la organizaci\u00f3n ben\u00e9fica Centrepoint para personas sin hogar celebrada a principios de este mes, el pr\u00edncipe dijo que la falta de vivienda es \u201cun problema social complejo\u201d, pero que cree \u201ccon pasi\u00f3n\u201d que se puede erradicar.<\/p>\n<p>\u201cPara lograrlo ser\u00e1 necesario un movimiento que genere un cambio sist\u00e9mico. Un cambio que se centre en la prevenci\u00f3n en lugar de en la gesti\u00f3n. Y que garantice que todos los j\u00f3venes tengan opciones verdaderamente asequibles para vivir y prosperar de forma independiente\u201d, dijo el 16 de octubre.<\/p>\n<p>Diana, Princesa de Gales, present\u00f3 a su hijo, retratado aqu\u00ed el 14 de diciembre de 1993, el problema de las personas sin hogar llev\u00e1ndolo a The Passage cuando ten\u00eda 11 a\u00f1os. (The Passage v\u00eda Reuters)<\/p>\n<p>En el pr\u00f3ximo documental tambi\u00e9n aborda las cr\u00edticas sobre si es el hombre adecuado para abordar el problema dada su educaci\u00f3n privilegiada.<\/p>\n<p>&#171;No tengo otro objetivo que intentar desesperadamente ayudar a las personas que lo necesitan, y lo considero parte de mi funci\u00f3n. \u00bfPor qu\u00e9 otra raz\u00f3n estar\u00eda aqu\u00ed si no uso este papel adecuadamente para influir y ayudar a las personas donde pueda?&#187;, dijo en otro clip del documental publicado la semana pasada.<\/p>\n<p>La Fundaci\u00f3n Real del Pr\u00edncipe y la Princesa de Gales dice que Homewards &#171;ofrecer\u00e1 y demostrar\u00e1 soluciones innovadoras que prevengan y pongan fin a la falta de vivienda, creando modelos probados y comprobados que se puedan ampliar&#187;.<\/p>\n<p>El primer episodio del documental se emitir\u00e1 en ITV a las 9 p.m. hora local el mi\u00e9rcoles 30 de octubre. El segundo episodio se emitir\u00e1 a la misma hora al d\u00eda siguiente.<\/p>\n<p>The-CNN-Wire<br \/>&trade; &amp; &copy; 2024 Cable News Network, Inc., a Warner Bros. Discovery Company. All rights reserved.<\/p>\n","protected":false},"excerpt":{"rendered":"<p>(CNN) &#8212; El pr\u00edncipe William habl\u00f3 abiertamente sobre c\u00f3mo una poderosa experiencia de la infancia con su hermano y su difunta madre ayud\u00f3 a dar forma a su trabajo en la lucha contra las personas sin hogar. En el pr\u00f3ximo documental del Pr\u00edncipe de Gales, \u201cPrince William: We Can End Homelessness\u201d, el heredero al trono [&hellip;]<\/p>\n","protected":false},"author":0,"featured_media":0,"comment_status":"open","ping_status":"open","sticky":false,"template":"","format":"standard","meta":{"_jetpack_memberships_contains_paid_content":false,"footnotes":""},"categories":[10],"tags":[],"class_list":["post-1455387","post","type-post","status-publish","format-standard","hentry","category-noticias-nacionales","market-global"],"yoast_head":"<!-- This site is optimized with the Yoast SEO plugin v24.4 - https:\/\/yoast.com\/wordpress\/plugins\/seo\/ -->\n<title>Se publican fotos in\u00e9ditas del pr\u00edncipe William con su madre Diana visitando una organizaci\u00f3n ben\u00e9fica para personas sin hogar - Noticias<\/title>\n<meta name=\"robots\" content=\"index, follow, max-snippet:-1, max-image-preview:large, max-video-preview:-1\" \/>\n<link rel=\"canonical\" href=\"https:\/\/noticiasya.com\/2024\/10\/27\/fotos-nunca-vistas-principe-william-con-diana-visitando-organizacion-benefica-trax\/\" \/>\n<meta property=\"og:locale\" content=\"es_ES\" \/>\n<meta property=\"og:type\" content=\"article\" \/>\n<meta property=\"og:title\" content=\"Se publican fotos in\u00e9ditas del pr\u00edncipe William con su madre Diana visitando una organizaci\u00f3n ben\u00e9fica para personas sin hogar - Noticias\" \/>\n<meta property=\"og:description\" content=\"(CNN) &#8212; El pr\u00edncipe William habl\u00f3 abiertamente sobre c\u00f3mo una poderosa experiencia de la infancia con su hermano y su difunta madre ayud\u00f3 a dar forma a su trabajo en la lucha contra las personas sin hogar. En el pr\u00f3ximo documental del Pr\u00edncipe de Gales, \u201cPrince William: We Can End Homelessness\u201d, el heredero al trono [&hellip;]\" \/>\n<meta property=\"og:url\" content=\"https:\/\/noticiasya.com\/2024\/10\/27\/fotos-nunca-vistas-principe-william-con-diana-visitando-organizacion-benefica-trax\/\" \/>\n<meta property=\"og:site_name\" content=\"Noticias\" \/>\n<meta property=\"article:published_time\" content=\"2024-10-27T21:03:51+00:00\" \/>\n<meta name=\"twitter:card\" content=\"summary_large_image\" \/>\n<meta name=\"twitter:label1\" content=\"Est. reading time\" \/>\n\t<meta name=\"twitter:data1\" content=\"3 minutos\" \/>\n<script type=\"application\/ld+json\" class=\"yoast-schema-graph\">{\"@context\":\"https:\/\/schema.org\",\"@graph\":[{\"@type\":\"Article\",\"@id\":\"https:\/\/noticiasya.com\/2024\/10\/27\/fotos-nunca-vistas-principe-william-con-diana-visitando-organizacion-benefica-trax\/#article\",\"isPartOf\":{\"@id\":\"https:\/\/noticiasya.com\/2024\/10\/27\/fotos-nunca-vistas-principe-william-con-diana-visitando-organizacion-benefica-trax\/\"},\"author\":{\"name\":\"\",\"@id\":\"\"},\"headline\":\"Se publican fotos in\u00e9ditas del pr\u00edncipe William con su madre Diana visitando una organizaci\u00f3n ben\u00e9fica para personas sin hogar\",\"datePublished\":\"2024-10-27T21:03:51+00:00\",\"mainEntityOfPage\":{\"@id\":\"https:\/\/noticiasya.com\/2024\/10\/27\/fotos-nunca-vistas-principe-william-con-diana-visitando-organizacion-benefica-trax\/\"},\"wordCount\":706,\"commentCount\":0,\"publisher\":{\"@id\":\"https:\/\/noticiasya.com\/#organization\"},\"articleSection\":[\"Noticias Nacionales\"],\"inLanguage\":\"es\",\"potentialAction\":[{\"@type\":\"CommentAction\",\"name\":\"Comment\",\"target\":[\"https:\/\/noticiasya.com\/2024\/10\/27\/fotos-nunca-vistas-principe-william-con-diana-visitando-organizacion-benefica-trax\/#respond\"]}]},{\"@type\":\"WebPage\",\"@id\":\"https:\/\/noticiasya.com\/2024\/10\/27\/fotos-nunca-vistas-principe-william-con-diana-visitando-organizacion-benefica-trax\/\",\"url\":\"https:\/\/noticiasya.com\/2024\/10\/27\/fotos-nunca-vistas-principe-william-con-diana-visitando-organizacion-benefica-trax\/\",\"name\":\"Se publican fotos in\u00e9ditas del pr\u00edncipe William con su madre Diana visitando una organizaci\u00f3n ben\u00e9fica para personas sin hogar - Noticias\",\"isPartOf\":{\"@id\":\"https:\/\/noticiasya.com\/#website\"},\"datePublished\":\"2024-10-27T21:03:51+00:00\",\"breadcrumb\":{\"@id\":\"https:\/\/noticiasya.com\/2024\/10\/27\/fotos-nunca-vistas-principe-william-con-diana-visitando-organizacion-benefica-trax\/#breadcrumb\"},\"inLanguage\":\"es\",\"potentialAction\":[{\"@type\":\"ReadAction\",\"target\":[\"https:\/\/noticiasya.com\/2024\/10\/27\/fotos-nunca-vistas-principe-william-con-diana-visitando-organizacion-benefica-trax\/\"]}]},{\"@type\":\"BreadcrumbList\",\"@id\":\"https:\/\/noticiasya.com\/2024\/10\/27\/fotos-nunca-vistas-principe-william-con-diana-visitando-organizacion-benefica-trax\/#breadcrumb\",\"itemListElement\":[{\"@type\":\"ListItem\",\"position\":1,\"name\":\"Home\",\"item\":\"https:\/\/noticiasya.com\/\"},{\"@type\":\"ListItem\",\"position\":2,\"name\":\"Se publican fotos in\u00e9ditas del pr\u00edncipe William con su madre Diana visitando una organizaci\u00f3n ben\u00e9fica para personas sin hogar\"}]},{\"@type\":\"WebSite\",\"@id\":\"https:\/\/noticiasya.com\/#website\",\"url\":\"https:\/\/noticiasya.com\/\",\"name\":\"Noticias\",\"description\":\"Lo que importa\",\"publisher\":{\"@id\":\"https:\/\/noticiasya.com\/#organization\"},\"potentialAction\":[{\"@type\":\"SearchAction\",\"target\":{\"@type\":\"EntryPoint\",\"urlTemplate\":\"https:\/\/noticiasya.com\/?s={search_term_string}\"},\"query-input\":{\"@type\":\"PropertyValueSpecification\",\"valueRequired\":true,\"valueName\":\"search_term_string\"}}],\"inLanguage\":\"es\"},{\"@type\":\"Organization\",\"@id\":\"https:\/\/noticiasya.com\/#organization\",\"name\":\"Noticias\",\"url\":\"https:\/\/noticiasya.com\/\",\"logo\":{\"@type\":\"ImageObject\",\"inLanguage\":\"es\",\"@id\":\"https:\/\/noticiasya.com\/#\/schema\/logo\/image\/\",\"url\":\"https:\/\/noticiasya.com\/wp-content\/uploads\/sites\/22\/2023\/12\/logo-nacional.png\",\"contentUrl\":\"https:\/\/noticiasya.com\/wp-content\/uploads\/sites\/22\/2023\/12\/logo-nacional.png\",\"width\":1801,\"height\":691,\"caption\":\"Noticias\"},\"image\":{\"@id\":\"https:\/\/noticiasya.com\/#\/schema\/logo\/image\/\"}}]}<\/script>\n<!-- \/ Yoast SEO plugin. -->","yoast_head_json":{"title":"Se publican fotos in\u00e9ditas del pr\u00edncipe William con su madre Diana visitando una organizaci\u00f3n ben\u00e9fica para personas sin hogar - Noticias","robots":{"index":"index","follow":"follow","max-snippet":"max-snippet:-1","max-image-preview":"max-image-preview:large","max-video-preview":"max-video-preview:-1"},"canonical":"https:\/\/noticiasya.com\/2024\/10\/27\/fotos-nunca-vistas-principe-william-con-diana-visitando-organizacion-benefica-trax\/","og_locale":"es_ES","og_type":"article","og_title":"Se publican fotos in\u00e9ditas del pr\u00edncipe William con su madre Diana visitando una organizaci\u00f3n ben\u00e9fica para personas sin hogar - Noticias","og_description":"(CNN) &#8212; El pr\u00edncipe William habl\u00f3 abiertamente sobre c\u00f3mo una poderosa experiencia de la infancia con su hermano y su difunta madre ayud\u00f3 a dar forma a su trabajo en la lucha contra las personas sin hogar. En el pr\u00f3ximo documental del Pr\u00edncipe de Gales, \u201cPrince William: We Can End Homelessness\u201d, el heredero al trono [&hellip;]","og_url":"https:\/\/noticiasya.com\/2024\/10\/27\/fotos-nunca-vistas-principe-william-con-diana-visitando-organizacion-benefica-trax\/","og_site_name":"Noticias","article_published_time":"2024-10-27T21:03:51+00:00","twitter_card":"summary_large_image","twitter_misc":{"Est. reading time":"3 minutos"},"schema":{"@context":"https:\/\/schema.org","@graph":[{"@type":"Article","@id":"https:\/\/noticiasya.com\/2024\/10\/27\/fotos-nunca-vistas-principe-william-con-diana-visitando-organizacion-benefica-trax\/#article","isPartOf":{"@id":"https:\/\/noticiasya.com\/2024\/10\/27\/fotos-nunca-vistas-principe-william-con-diana-visitando-organizacion-benefica-trax\/"},"author":{"name":"","@id":""},"headline":"Se publican fotos in\u00e9ditas del pr\u00edncipe William con su madre Diana visitando una organizaci\u00f3n ben\u00e9fica para personas sin hogar","datePublished":"2024-10-27T21:03:51+00:00","mainEntityOfPage":{"@id":"https:\/\/noticiasya.com\/2024\/10\/27\/fotos-nunca-vistas-principe-william-con-diana-visitando-organizacion-benefica-trax\/"},"wordCount":706,"commentCount":0,"publisher":{"@id":"https:\/\/noticiasya.com\/#organization"},"articleSection":["Noticias Nacionales"],"inLanguage":"es","potentialAction":[{"@type":"CommentAction","name":"Comment","target":["https:\/\/noticiasya.com\/2024\/10\/27\/fotos-nunca-vistas-principe-william-con-diana-visitando-organizacion-benefica-trax\/#respond"]}]},{"@type":"WebPage","@id":"https:\/\/noticiasya.com\/2024\/10\/27\/fotos-nunca-vistas-principe-william-con-diana-visitando-organizacion-benefica-trax\/","url":"https:\/\/noticiasya.com\/2024\/10\/27\/fotos-nunca-vistas-principe-william-con-diana-visitando-organizacion-benefica-trax\/","name":"Se publican fotos in\u00e9ditas del pr\u00edncipe William con su madre Diana visitando una organizaci\u00f3n ben\u00e9fica para personas sin hogar - Noticias","isPartOf":{"@id":"https:\/\/noticiasya.com\/#website"},"datePublished":"2024-10-27T21:03:51+00:00","breadcrumb":{"@id":"https:\/\/noticiasya.com\/2024\/10\/27\/fotos-nunca-vistas-principe-william-con-diana-visitando-organizacion-benefica-trax\/#breadcrumb"},"inLanguage":"es","potentialAction":[{"@type":"ReadAction","target":["https:\/\/noticiasya.com\/2024\/10\/27\/fotos-nunca-vistas-principe-william-con-diana-visitando-organizacion-benefica-trax\/"]}]},{"@type":"BreadcrumbList","@id":"https:\/\/noticiasya.com\/2024\/10\/27\/fotos-nunca-vistas-principe-william-con-diana-visitando-organizacion-benefica-trax\/#breadcrumb","itemListElement":[{"@type":"ListItem","position":1,"name":"Home","item":"https:\/\/noticiasya.com\/"},{"@type":"ListItem","position":2,"name":"Se publican fotos in\u00e9ditas del pr\u00edncipe William con su madre Diana visitando una organizaci\u00f3n ben\u00e9fica para personas sin hogar"}]},{"@type":"WebSite","@id":"https:\/\/noticiasya.com\/#website","url":"https:\/\/noticiasya.com\/","name":"Noticias","description":"Lo que importa","publisher":{"@id":"https:\/\/noticiasya.com\/#organization"},"potentialAction":[{"@type":"SearchAction","target":{"@type":"EntryPoint","urlTemplate":"https:\/\/noticiasya.com\/?s={search_term_string}"},"query-input":{"@type":"PropertyValueSpecification","valueRequired":true,"valueName":"search_term_string"}}],"inLanguage":"es"},{"@type":"Organization","@id":"https:\/\/noticiasya.com\/#organization","name":"Noticias","url":"https:\/\/noticiasya.com\/","logo":{"@type":"ImageObject","inLanguage":"es","@id":"https:\/\/noticiasya.com\/#\/schema\/logo\/image\/","url":"https:\/\/noticiasya.com\/wp-content\/uploads\/sites\/22\/2023\/12\/logo-nacional.png","contentUrl":"https:\/\/noticiasya.com\/wp-content\/uploads\/sites\/22\/2023\/12\/logo-nacional.png","width":1801,"height":691,"caption":"Noticias"},"image":{"@id":"https:\/\/noticiasya.com\/#\/schema\/logo\/image\/"}}]}},"parsely":{"version":"1.1.0","canonical_url":"https:\/\/noticiasya.com\/midland-odessa\/2024\/10\/27\/fotos-nunca-vistas-principe-william-con-diana-visitando-organizacion-benefica-trax\/","smart_links":{"inbound":0,"outbound":0},"traffic_boost_suggestions_count":0,"meta":{"@context":"https:\/\/schema.org","@type":"NewsArticle","headline":"Se publican fotos in\u00e9ditas del pr\u00edncipe William con su madre Diana visitando una organizaci\u00f3n ben\u00e9fica para personas sin hogar","url":"http:\/\/noticiasya.com\/midland-odessa\/2024\/10\/27\/fotos-nunca-vistas-principe-william-con-diana-visitando-organizacion-benefica-trax\/","mainEntityOfPage":{"@type":"WebPage","@id":"http:\/\/noticiasya.com\/midland-odessa\/2024\/10\/27\/fotos-nunca-vistas-principe-william-con-diana-visitando-organizacion-benefica-trax\/"},"thumbnailUrl":"","image":{"@type":"ImageObject","url":""},"articleSection":"Noticias Nacionales","author":[],"creator":[],"publisher":{"@type":"Organization","name":"Noticias","logo":""},"keywords":[],"dateCreated":"2024-10-27T21:03:51Z","datePublished":"2024-10-27T21:03:51Z","dateModified":"2024-10-27T21:03:51Z"},"rendered":"<script type=\"application\/ld+json\" class=\"wp-parsely-metadata\">{\"@context\":\"https:\\\/\\\/schema.org\",\"@type\":\"NewsArticle\",\"headline\":\"Se publican fotos in\\u00e9ditas del pr\\u00edncipe William con su madre Diana visitando una organizaci\\u00f3n ben\\u00e9fica para personas sin hogar\",\"url\":\"http:\\\/\\\/noticiasya.com\\\/midland-odessa\\\/2024\\\/10\\\/27\\\/fotos-nunca-vistas-principe-william-con-diana-visitando-organizacion-benefica-trax\\\/\",\"mainEntityOfPage\":{\"@type\":\"WebPage\",\"@id\":\"http:\\\/\\\/noticiasya.com\\\/midland-odessa\\\/2024\\\/10\\\/27\\\/fotos-nunca-vistas-principe-william-con-diana-visitando-organizacion-benefica-trax\\\/\"},\"thumbnailUrl\":\"\",\"image\":{\"@type\":\"ImageObject\",\"url\":\"\"},\"articleSection\":\"Noticias Nacionales\",\"author\":[],\"creator\":[],\"publisher\":{\"@type\":\"Organization\",\"name\":\"Noticias\",\"logo\":\"\"},\"keywords\":[],\"dateCreated\":\"2024-10-27T21:03:51Z\",\"datePublished\":\"2024-10-27T21:03:51Z\",\"dateModified\":\"2024-10-27T21:03:51Z\"}<\/script>","tracker_url":"https:\/\/cdn.parsely.com\/keys\/noticiasya.com\/p.js"},"jetpack_featured_media_url":"","jetpack-related-posts":[{"id":1447259,"url":"https:\/\/noticiasya.com\/midland-odessa\/2024\/03\/22\/vida-william-principe-gales-edad-hijos-esposa-polemicas-carrera-trax\/","url_meta":{"origin":1455387,"position":0},"title":"As\u00ed es la vida de William, el pr\u00edncipe de Gales: edad, hijos, esposa, pol\u00e9micas, carrera y m\u00e1s","author":"","date":"marzo 22, 2024","format":false,"excerpt":"(CNN) -- He aqu\u00ed un repaso a la vida del pr\u00edncipe William, heredero al trono del Reino Unido.PersonalFecha de nacimiento: 21 de junio de 1982Lugar de nacimiento: Londres, InglaterraNombre de nacimiento: William Arthur Philip LouisPadre: Carlos III, rey del Reino UnidoMadre: Diana, princesa de GalesMatrimonio: Catherine Elizabeth Middleton (29 de\u2026","rel":"","context":"In &quot;Noticias Nacionales&quot;","block_context":{"text":"Noticias Nacionales","link":"https:\/\/noticiasya.com\/midland-odessa\/categoria\/noticias-nacionales"},"img":{"alt_text":"","src":"","width":0,"height":0},"classes":[]},{"id":1446955,"url":"https:\/\/noticiasya.com\/midland-odessa\/2024\/03\/14\/principes-william-harry-apareceran-evento-en-honor-a-diana-trax\/","url_meta":{"origin":1455387,"position":1},"title":"Los pr\u00edncipes William y Harry aparecer\u00e1n por separado en un evento en honor a Diana","author":"","date":"marzo 14, 2024","format":false,"excerpt":"(CNN) -- El pr\u00edncipe William y el pr\u00edncipe Harry participar\u00e1n por separado en un evento este jueves en honor a su madre, Diana, princesa de Gales.William, el pr\u00edncipe de Gales, asistir\u00e1 a la ceremonia de los Diana Legacy Awards en Londres, donde se espera que pronuncie un discurso con motivo\u2026","rel":"","context":"In &quot;Noticias Nacionales&quot;","block_context":{"text":"Noticias Nacionales","link":"https:\/\/noticiasya.com\/midland-odessa\/categoria\/noticias-nacionales"},"img":{"alt_text":"","src":"","width":0,"height":0},"classes":[]},{"id":1452555,"url":"https:\/\/noticiasya.com\/midland-odessa\/2024\/09\/09\/influencia-diana-principe-william-orix\/","url_meta":{"origin":1455387,"position":2},"title":"OPINI\u00d3N | La influencia de Diana en el pr\u00edncipe William","author":"","date":"septiembre 9, 2024","format":false,"excerpt":"Nota del editor:\u202fMari Rodr\u00edguez Ichaso ha sido colaboradora de la revista Vanidades durante varias d\u00e9cadas. Es especialista en moda, viajes, gastronom\u00eda, arte, arquitectura y entretenimiento, productora de cine y columnista de estilo de CNN en Espa\u00f1ol. Las opiniones expresadas en esta columna son exclusivamente suyas. Lee m\u00e1s art\u00edculos de opini\u00f3n\u2026","rel":"","context":"In &quot;Noticias Nacionales&quot;","block_context":{"text":"Noticias Nacionales","link":"https:\/\/noticiasya.com\/midland-odessa\/categoria\/noticias-nacionales"},"img":{"alt_text":"","src":"","width":0,"height":0},"classes":[]},{"id":1466352,"url":"https:\/\/noticiasya.com\/midland-odessa\/2025\/09\/10\/rey-carlos-principe-harry-reunion-trax\/","url_meta":{"origin":1455387,"position":3},"title":"El rey Carlos y el pr\u00edncipe Harry se re\u00fanen tras 19 meses separados","author":"","date":"septiembre 10, 2025","format":false,"excerpt":"El pr\u00edncipe Harry de Inglaterra se reuni\u00f3 este mi\u00e9rcoles con su padre, el rey Carlos III, para su primer encuentro cara a cara en 19 meses, lo que desencaden\u00f3 especulaciones de que la prolongada disputa de la familia real podr\u00eda llegar pronto a su fin.CNN entiende que el rey tom\u00f3\u2026","rel":"","context":"In &quot;Noticias Nacionales&quot;","block_context":{"text":"Noticias Nacionales","link":"https:\/\/noticiasya.com\/midland-odessa\/categoria\/noticias-nacionales"},"img":{"alt_text":"","src":"","width":0,"height":0},"classes":[]},{"id":1457509,"url":"https:\/\/noticiasya.com\/midland-odessa\/2025\/01\/14\/kate-princesa-gales-visita-hospital-cancer-trax\/","url_meta":{"origin":1455387,"position":4},"title":"La princesa de Gales dice que es &#171;un alivio estar ahora en remisi\u00f3n&#187; tras visitar el hospital de c\u00e1ncer donde fue tratada","author":"","date":"enero 14, 2025","format":false,"excerpt":"Catherine, princesa de Gales, revel\u00f3 el martes que est\u00e1 en remisi\u00f3n del c\u00e1ncer, luego de una visita al hospital de Londres donde fue tratada el a\u00f1o pasado.Catherine, en una publicaci\u00f3n en las redes sociales, habl\u00f3 de su \u201calivio de estar ahora en remisi\u00f3n\u201d y que se mantuvo enfocada en su\u2026","rel":"","context":"In &quot;Noticias Nacionales&quot;","block_context":{"text":"Noticias Nacionales","link":"https:\/\/noticiasya.com\/midland-odessa\/categoria\/noticias-nacionales"},"img":{"alt_text":"","src":"","width":0,"height":0},"classes":[]},{"id":1463418,"url":"https:\/\/noticiasya.com\/midland-odessa\/2025\/06\/10\/vestidos-princesa-diana-subasta-realeza-trax\/","url_meta":{"origin":1455387,"position":5},"title":"Vestidos de la princesa Diana protagonizan la subasta &#171;m\u00e1s grande&#187; de moda de la difunta integrante de la realeza","author":"","date":"junio 10, 2025","format":false,"excerpt":"El traje de esqu\u00ed de la princesa Diana, un bolso Dior que le regal\u00f3 la primera dama de Francia y el vestido floral que us\u00f3 para visitar a ni\u00f1os en un hospital se encuentran entre decenas de art\u00edculos del guardarropa de la difunta integrante de la realeza que ser\u00e1n subastados\u2026","rel":"","context":"In &quot;Noticias Nacionales&quot;","block_context":{"text":"Noticias Nacionales","link":"https:\/\/noticiasya.com\/midland-odessa\/categoria\/noticias-nacionales"},"img":{"alt_text":"","src":"","width":0,"height":0},"classes":[]}],"jetpack_sharing_enabled":true,"_links":{"self":[{"href":"https:\/\/noticiasya.com\/midland-odessa\/wp-json\/wp\/v2\/posts\/1455387","targetHints":{"allow":["GET"]}}],"collection":[{"href":"https:\/\/noticiasya.com\/midland-odessa\/wp-json\/wp\/v2\/posts"}],"about":[{"href":"https:\/\/noticiasya.com\/midland-odessa\/wp-json\/wp\/v2\/types\/post"}],"replies":[{"embeddable":true,"href":"https:\/\/noticiasya.com\/midland-odessa\/wp-json\/wp\/v2\/comments?post=1455387"}],"version-history":[{"count":0,"href":"https:\/\/noticiasya.com\/midland-odessa\/wp-json\/wp\/v2\/posts\/1455387\/revisions"}],"wp:attachment":[{"href":"https:\/\/noticiasya.com\/midland-odessa\/wp-json\/wp\/v2\/media?parent=1455387"}],"wp:term":[{"taxonomy":"category","embeddable":true,"href":"https:\/\/noticiasya.com\/midland-odessa\/wp-json\/wp\/v2\/categories?post=1455387"},{"taxonomy":"post_tag","embeddable":true,"href":"https:\/\/noticiasya.com\/midland-odessa\/wp-json\/wp\/v2\/tags?post=1455387"}],"curies":[{"name":"wp","href":"https:\/\/api.w.org\/{rel}","templated":true}]}}