{"id":1455399,"date":"2024-10-28T13:03:50","date_gmt":"2024-10-28T20:03:50","guid":{"rendered":"https:\/\/noticiasya.com\/2024\/10\/28\/origen-historia-dia-muertos-mexico-por-que-se-celebra-orix\/"},"modified":"2024-10-28T13:03:50","modified_gmt":"2024-10-28T20:03:50","slug":"origen-historia-dia-muertos-mexico-por-que-se-celebra-orix","status":"publish","type":"post","link":"https:\/\/noticiasya.com\/midland-odessa\/2024\/10\/28\/origen-historia-dia-muertos-mexico-por-que-se-celebra-orix\/","title":{"rendered":"\u00bfCu\u00e1l es el origen e historia del D\u00eda de Muertos en M\u00e9xico y por qu\u00e9 se celebra?"},"content":{"rendered":"<p>(CNN Espa\u00f1ol) &#8212; En M\u00e9xico la muerte es motivo de celebraci\u00f3n: coloridos altares, panteones iluminados, calles tapizadas de anaranjado con la flor de cempas\u00fachil, comida, bebida, m\u00fasica, calaveras y catrinas, todo esto para honrar la memoria de los que ya no est\u00e1n.<\/p>\n<p>El D\u00eda de Muertos es una tradici\u00f3n emblem\u00e1tica de la cultura mexicana. En 2003, la Unesco la declar\u00f3 Patrimonio Cultural Inmaterial de la Humanidad. \u00bfCu\u00e1l es el origen de esta celebraci\u00f3n?<\/p>\n<p>\u00bfC\u00f3mo son las ofrendas del D\u00eda de los Muertos en M\u00e9xico? \u00bfCu\u00e1ndo y que se debe poner y qu\u00e9 significa cada cosa?<\/p>\n<p>As\u00ed lucen los cementerios de M\u00e9xico en D\u00eda de Muertos 1:11<\/p>\n<p>El culto a la muerte<\/p>\n<p>Cada sociedad afronta la muerte de maneras diferentes pero los mexicanos lo hacen de una manera muy particular. Son varios d\u00edas de fiesta y ritual para recordar a seres queridos y familiares cuyas almas, seg\u00fan la costumbre, vuelven por una noche a compartir con el mundo de los vivos. Todo comienza a finales de octubre, pasando por el 1 de noviembre, dedicado al alma de los ni\u00f1os, para terminar el 2 de noviembre, recordando el esp\u00edritu de los adultos.<\/p>\n<p>Y para recordarlos y recibirlos en su regreso al mundo terrenal para compartir con los vivos se montan altares llenos de colores, sabores y olores: flores de cempas\u00fachil, calaveras de az\u00facar y chocolate, pan de muerto, agua, velas, fruta, vino, mole y toda la comida y bebida favorita de nuestros antepasados.<\/p>\n<p>El D\u00eda de Muertos tiene su origen en las ra\u00edces ind\u00edgenas de las culturas aut\u00f3ctonas de Mesoam\u00e9rica, seg\u00fan los historiadores, para fusionarse con las creencias cat\u00f3licas y dar lugar a una festividad que sigue evolucionando con el paso del tiempo.<\/p>\n<p>El culto a la muerte era com\u00fan entre las culturas prehisp\u00e1nicas. Cuando alguien mor\u00eda era enterrado envuelto en un petate y sus familiares organizaban una fiesta con el fin de guiarlo en su recorrido al Mictl\u00e1n. (Seg\u00fan el Gran Diccionario N\u00e1huatl, mictlan significa &#171;infierno&#187; o &#171;lugar de muertos&#187;, adonde llegaban los fallecidos por muertes naturales o comunes despu\u00e9s de un proceso que les tomaba cuatro a\u00f1os.)<\/p>\n<p>Un altar de muertos en el Cementerio de San Francisco en la Ciudad de M\u00e9xico el 1 de noviembre de 2016. (Cr\u00e9dito: OMAR TORRES\/AFP v\u00eda Getty Images)<\/p>\n<p>Lo pueblos prehisp\u00e1nicos tambi\u00e9n colocaban ofrendas (comida que les gustaba, flores de cempas\u00fachil que iluminaban su camino, entre otras) en sus rituales. Para estas culturas la muerte era parte de un ciclo y el destino de los muertos estaba marcado por la forma de vida que tuvo la persona.<\/p>\n<p>Con la llegada de los espa\u00f1oles, se incorporaron otros elementos y pr\u00e1cticas que son un reflejo del sincretismo entre dos culturas: la cosmovisi\u00f3n de los pueblos ind\u00edgenas y las creencias religiosas del catolicismo.<\/p>\n<p>&#171;Los europeos pusieron algunas flores, ceras, velas y veladoras; los ind\u00edgenas le agregaron el sahumerio con su copal y la comida y la flor de cempas\u00fachil (Zempoalx\u00f3chitl)&#187;, dice el Instituto Nacional de los Pueblos Ind\u00edgenas (Inpi) de M\u00e9xico.<\/p>\n<p>El historiador H\u00e9ctor Zarauz, autor del libro \u201cLa fiesta de la Muerte\u201d,\u00a0resalta\u00a0otros elementos que se fueron sumando durante la conquista.<\/p>\n<p>&#171;Las cruces, que son representaciones del catolicismo, o algunas bebidas que se a\u00f1aden a la ofrenda para los muertos, bebidas destiladas que no exist\u00edan antes. Como tampoco lo que es hoy muy tradicional, el pan de muerto, ya que entonces no exist\u00eda la harina\u201d, se\u00f1al\u00f3 el historiador a CNN.<\/p>\n<p>Una mujer decora la tumba de su pariente fallecido como parte de la celebraci\u00f3n del &#8216;D\u00eda de los Muertos&#8217; de 2021 en el cementerio de Xoxocotl\u00e1n el 1 de noviembre de 2021 en Oaxaca, M\u00e9xico. (Cr\u00e9dito: Cristopher Rogel Blanquet\/Getty Images)<\/p>\n<p>Otra forma del festejo tiene que ver con las llamadas \u201ccalaveritas\u201d que, como cuenta a CNN el historiador Alejandro Rosas, surgen a finales del siglo XIX y van de la mano de las ilustraciones que publicaba Jos\u00e9 Guadalupe Posada, a quien se le atribuye la creaci\u00f3n de lo que hoy se conoce como \u201cLa Catrina\u201d, el s\u00edmbolo m\u00e1s reconocido dentro y fuera de M\u00e9xico del D\u00eda de Muertos.<\/p>\n<p>A las ofrendas y las visitas a los panteones se han ido sumando otras pr\u00e1cticas en los \u00faltimos a\u00f1os que reflejan c\u00f3mo ha ido evolucionando esta fiesta generaci\u00f3n tras generaci\u00f3n dando lugar, como se\u00f1ala la Unesco, a expresiones populares diversas con &#171;diferentes significados y evocaciones de acuerdo con el pueblo ind\u00edgena, comunidad o grupo que las llevan a cabo, en el campo o en la ciudad&#187;.<\/p>\n<p>Quiz\u00e1 el ejemplo m\u00e1s globalizado de esta evoluci\u00f3n sea es el multitudinario desfile de catrinas que se lleva a cabo en la Ciudad de M\u00e9xico despu\u00e9s de que la pel\u00edcula &#171;Spectre&#187;, de la saga James Bond, presentara una puesta escena de una visi\u00f3n folclorizada del D\u00eda de Muertos.<\/p>\n<p>La mina de oro que deja la festividad del D\u00eda de Muertos 1:45<\/p>\n<p>Con informaci\u00f3n de Krupskaia Al\u00eds<\/p>\n<p>The-CNN-Wire<br \/>&trade; &amp; &copy; 2024 Cable News Network, Inc., a Warner Bros. Discovery Company. All rights reserved.<\/p>\n","protected":false},"excerpt":{"rendered":"<p>(CNN Espa\u00f1ol) &#8212; En M\u00e9xico la muerte es motivo de celebraci\u00f3n: coloridos altares, panteones iluminados, calles tapizadas de anaranjado con la flor de cempas\u00fachil, comida, bebida, m\u00fasica, calaveras y catrinas, todo esto para honrar la memoria de los que ya no est\u00e1n. El D\u00eda de Muertos es una tradici\u00f3n emblem\u00e1tica de la cultura mexicana. En [&hellip;]<\/p>\n","protected":false},"author":0,"featured_media":0,"comment_status":"open","ping_status":"open","sticky":false,"template":"","format":"standard","meta":{"_jetpack_memberships_contains_paid_content":false,"footnotes":""},"categories":[10],"tags":[],"class_list":["post-1455399","post","type-post","status-publish","format-standard","hentry","category-noticias-nacionales","market-global"],"yoast_head":"<!-- This site is optimized with the Yoast SEO plugin v24.4 - https:\/\/yoast.com\/wordpress\/plugins\/seo\/ -->\n<title>\u00bfCu\u00e1l es el origen e historia del D\u00eda de Muertos en M\u00e9xico y por qu\u00e9 se celebra? - Noticias<\/title>\n<meta name=\"robots\" content=\"index, follow, max-snippet:-1, max-image-preview:large, max-video-preview:-1\" \/>\n<link rel=\"canonical\" href=\"https:\/\/noticiasya.com\/2024\/10\/28\/origen-historia-dia-muertos-mexico-por-que-se-celebra-orix\/\" \/>\n<meta property=\"og:locale\" content=\"es_ES\" \/>\n<meta property=\"og:type\" content=\"article\" \/>\n<meta property=\"og:title\" content=\"\u00bfCu\u00e1l es el origen e historia del D\u00eda de Muertos en M\u00e9xico y por qu\u00e9 se celebra? - Noticias\" \/>\n<meta property=\"og:description\" content=\"(CNN Espa\u00f1ol) &#8212; En M\u00e9xico la muerte es motivo de celebraci\u00f3n: coloridos altares, panteones iluminados, calles tapizadas de anaranjado con la flor de cempas\u00fachil, comida, bebida, m\u00fasica, calaveras y catrinas, todo esto para honrar la memoria de los que ya no est\u00e1n. El D\u00eda de Muertos es una tradici\u00f3n emblem\u00e1tica de la cultura mexicana. En [&hellip;]\" \/>\n<meta property=\"og:url\" content=\"https:\/\/noticiasya.com\/2024\/10\/28\/origen-historia-dia-muertos-mexico-por-que-se-celebra-orix\/\" \/>\n<meta property=\"og:site_name\" content=\"Noticias\" \/>\n<meta property=\"article:published_time\" content=\"2024-10-28T20:03:50+00:00\" \/>\n<meta name=\"twitter:card\" content=\"summary_large_image\" \/>\n<meta name=\"twitter:label1\" content=\"Est. reading time\" \/>\n\t<meta name=\"twitter:data1\" content=\"4 minutos\" \/>\n<script type=\"application\/ld+json\" class=\"yoast-schema-graph\">{\"@context\":\"https:\/\/schema.org\",\"@graph\":[{\"@type\":\"Article\",\"@id\":\"https:\/\/noticiasya.com\/2024\/10\/28\/origen-historia-dia-muertos-mexico-por-que-se-celebra-orix\/#article\",\"isPartOf\":{\"@id\":\"https:\/\/noticiasya.com\/2024\/10\/28\/origen-historia-dia-muertos-mexico-por-que-se-celebra-orix\/\"},\"author\":{\"name\":\"\",\"@id\":\"\"},\"headline\":\"\u00bfCu\u00e1l es el origen e historia del D\u00eda de Muertos en M\u00e9xico y por qu\u00e9 se celebra?\",\"datePublished\":\"2024-10-28T20:03:50+00:00\",\"mainEntityOfPage\":{\"@id\":\"https:\/\/noticiasya.com\/2024\/10\/28\/origen-historia-dia-muertos-mexico-por-que-se-celebra-orix\/\"},\"wordCount\":918,\"commentCount\":0,\"publisher\":{\"@id\":\"https:\/\/noticiasya.com\/#organization\"},\"articleSection\":[\"Noticias Nacionales\"],\"inLanguage\":\"es\",\"potentialAction\":[{\"@type\":\"CommentAction\",\"name\":\"Comment\",\"target\":[\"https:\/\/noticiasya.com\/2024\/10\/28\/origen-historia-dia-muertos-mexico-por-que-se-celebra-orix\/#respond\"]}]},{\"@type\":\"WebPage\",\"@id\":\"https:\/\/noticiasya.com\/2024\/10\/28\/origen-historia-dia-muertos-mexico-por-que-se-celebra-orix\/\",\"url\":\"https:\/\/noticiasya.com\/2024\/10\/28\/origen-historia-dia-muertos-mexico-por-que-se-celebra-orix\/\",\"name\":\"\u00bfCu\u00e1l es el origen e historia del D\u00eda de Muertos en M\u00e9xico y por qu\u00e9 se celebra? - Noticias\",\"isPartOf\":{\"@id\":\"https:\/\/noticiasya.com\/#website\"},\"datePublished\":\"2024-10-28T20:03:50+00:00\",\"breadcrumb\":{\"@id\":\"https:\/\/noticiasya.com\/2024\/10\/28\/origen-historia-dia-muertos-mexico-por-que-se-celebra-orix\/#breadcrumb\"},\"inLanguage\":\"es\",\"potentialAction\":[{\"@type\":\"ReadAction\",\"target\":[\"https:\/\/noticiasya.com\/2024\/10\/28\/origen-historia-dia-muertos-mexico-por-que-se-celebra-orix\/\"]}]},{\"@type\":\"BreadcrumbList\",\"@id\":\"https:\/\/noticiasya.com\/2024\/10\/28\/origen-historia-dia-muertos-mexico-por-que-se-celebra-orix\/#breadcrumb\",\"itemListElement\":[{\"@type\":\"ListItem\",\"position\":1,\"name\":\"Home\",\"item\":\"https:\/\/noticiasya.com\/\"},{\"@type\":\"ListItem\",\"position\":2,\"name\":\"\u00bfCu\u00e1l es el origen e historia del D\u00eda de Muertos en M\u00e9xico y por qu\u00e9 se celebra?\"}]},{\"@type\":\"WebSite\",\"@id\":\"https:\/\/noticiasya.com\/#website\",\"url\":\"https:\/\/noticiasya.com\/\",\"name\":\"Noticias\",\"description\":\"Lo que importa\",\"publisher\":{\"@id\":\"https:\/\/noticiasya.com\/#organization\"},\"potentialAction\":[{\"@type\":\"SearchAction\",\"target\":{\"@type\":\"EntryPoint\",\"urlTemplate\":\"https:\/\/noticiasya.com\/?s={search_term_string}\"},\"query-input\":{\"@type\":\"PropertyValueSpecification\",\"valueRequired\":true,\"valueName\":\"search_term_string\"}}],\"inLanguage\":\"es\"},{\"@type\":\"Organization\",\"@id\":\"https:\/\/noticiasya.com\/#organization\",\"name\":\"Noticias\",\"url\":\"https:\/\/noticiasya.com\/\",\"logo\":{\"@type\":\"ImageObject\",\"inLanguage\":\"es\",\"@id\":\"https:\/\/noticiasya.com\/#\/schema\/logo\/image\/\",\"url\":\"https:\/\/noticiasya.com\/wp-content\/uploads\/sites\/22\/2023\/12\/logo-nacional.png\",\"contentUrl\":\"https:\/\/noticiasya.com\/wp-content\/uploads\/sites\/22\/2023\/12\/logo-nacional.png\",\"width\":1801,\"height\":691,\"caption\":\"Noticias\"},\"image\":{\"@id\":\"https:\/\/noticiasya.com\/#\/schema\/logo\/image\/\"}}]}<\/script>\n<!-- \/ Yoast SEO plugin. -->","yoast_head_json":{"title":"\u00bfCu\u00e1l es el origen e historia del D\u00eda de Muertos en M\u00e9xico y por qu\u00e9 se celebra? - Noticias","robots":{"index":"index","follow":"follow","max-snippet":"max-snippet:-1","max-image-preview":"max-image-preview:large","max-video-preview":"max-video-preview:-1"},"canonical":"https:\/\/noticiasya.com\/2024\/10\/28\/origen-historia-dia-muertos-mexico-por-que-se-celebra-orix\/","og_locale":"es_ES","og_type":"article","og_title":"\u00bfCu\u00e1l es el origen e historia del D\u00eda de Muertos en M\u00e9xico y por qu\u00e9 se celebra? - Noticias","og_description":"(CNN Espa\u00f1ol) &#8212; En M\u00e9xico la muerte es motivo de celebraci\u00f3n: coloridos altares, panteones iluminados, calles tapizadas de anaranjado con la flor de cempas\u00fachil, comida, bebida, m\u00fasica, calaveras y catrinas, todo esto para honrar la memoria de los que ya no est\u00e1n. El D\u00eda de Muertos es una tradici\u00f3n emblem\u00e1tica de la cultura mexicana. En [&hellip;]","og_url":"https:\/\/noticiasya.com\/2024\/10\/28\/origen-historia-dia-muertos-mexico-por-que-se-celebra-orix\/","og_site_name":"Noticias","article_published_time":"2024-10-28T20:03:50+00:00","twitter_card":"summary_large_image","twitter_misc":{"Est. reading time":"4 minutos"},"schema":{"@context":"https:\/\/schema.org","@graph":[{"@type":"Article","@id":"https:\/\/noticiasya.com\/2024\/10\/28\/origen-historia-dia-muertos-mexico-por-que-se-celebra-orix\/#article","isPartOf":{"@id":"https:\/\/noticiasya.com\/2024\/10\/28\/origen-historia-dia-muertos-mexico-por-que-se-celebra-orix\/"},"author":{"name":"","@id":""},"headline":"\u00bfCu\u00e1l es el origen e historia del D\u00eda de Muertos en M\u00e9xico y por qu\u00e9 se celebra?","datePublished":"2024-10-28T20:03:50+00:00","mainEntityOfPage":{"@id":"https:\/\/noticiasya.com\/2024\/10\/28\/origen-historia-dia-muertos-mexico-por-que-se-celebra-orix\/"},"wordCount":918,"commentCount":0,"publisher":{"@id":"https:\/\/noticiasya.com\/#organization"},"articleSection":["Noticias Nacionales"],"inLanguage":"es","potentialAction":[{"@type":"CommentAction","name":"Comment","target":["https:\/\/noticiasya.com\/2024\/10\/28\/origen-historia-dia-muertos-mexico-por-que-se-celebra-orix\/#respond"]}]},{"@type":"WebPage","@id":"https:\/\/noticiasya.com\/2024\/10\/28\/origen-historia-dia-muertos-mexico-por-que-se-celebra-orix\/","url":"https:\/\/noticiasya.com\/2024\/10\/28\/origen-historia-dia-muertos-mexico-por-que-se-celebra-orix\/","name":"\u00bfCu\u00e1l es el origen e historia del D\u00eda de Muertos en M\u00e9xico y por qu\u00e9 se celebra? - Noticias","isPartOf":{"@id":"https:\/\/noticiasya.com\/#website"},"datePublished":"2024-10-28T20:03:50+00:00","breadcrumb":{"@id":"https:\/\/noticiasya.com\/2024\/10\/28\/origen-historia-dia-muertos-mexico-por-que-se-celebra-orix\/#breadcrumb"},"inLanguage":"es","potentialAction":[{"@type":"ReadAction","target":["https:\/\/noticiasya.com\/2024\/10\/28\/origen-historia-dia-muertos-mexico-por-que-se-celebra-orix\/"]}]},{"@type":"BreadcrumbList","@id":"https:\/\/noticiasya.com\/2024\/10\/28\/origen-historia-dia-muertos-mexico-por-que-se-celebra-orix\/#breadcrumb","itemListElement":[{"@type":"ListItem","position":1,"name":"Home","item":"https:\/\/noticiasya.com\/"},{"@type":"ListItem","position":2,"name":"\u00bfCu\u00e1l es el origen e historia del D\u00eda de Muertos en M\u00e9xico y por qu\u00e9 se celebra?"}]},{"@type":"WebSite","@id":"https:\/\/noticiasya.com\/#website","url":"https:\/\/noticiasya.com\/","name":"Noticias","description":"Lo que importa","publisher":{"@id":"https:\/\/noticiasya.com\/#organization"},"potentialAction":[{"@type":"SearchAction","target":{"@type":"EntryPoint","urlTemplate":"https:\/\/noticiasya.com\/?s={search_term_string}"},"query-input":{"@type":"PropertyValueSpecification","valueRequired":true,"valueName":"search_term_string"}}],"inLanguage":"es"},{"@type":"Organization","@id":"https:\/\/noticiasya.com\/#organization","name":"Noticias","url":"https:\/\/noticiasya.com\/","logo":{"@type":"ImageObject","inLanguage":"es","@id":"https:\/\/noticiasya.com\/#\/schema\/logo\/image\/","url":"https:\/\/noticiasya.com\/wp-content\/uploads\/sites\/22\/2023\/12\/logo-nacional.png","contentUrl":"https:\/\/noticiasya.com\/wp-content\/uploads\/sites\/22\/2023\/12\/logo-nacional.png","width":1801,"height":691,"caption":"Noticias"},"image":{"@id":"https:\/\/noticiasya.com\/#\/schema\/logo\/image\/"}}]}},"parsely":{"version":"1.1.0","canonical_url":"https:\/\/noticiasya.com\/midland-odessa\/2024\/10\/28\/origen-historia-dia-muertos-mexico-por-que-se-celebra-orix\/","smart_links":{"inbound":0,"outbound":0},"traffic_boost_suggestions_count":0,"meta":{"@context":"https:\/\/schema.org","@type":"NewsArticle","headline":"\u00bfCu\u00e1l es el origen e historia del D\u00eda de Muertos en M\u00e9xico y por qu\u00e9 se celebra?","url":"http:\/\/noticiasya.com\/midland-odessa\/2024\/10\/28\/origen-historia-dia-muertos-mexico-por-que-se-celebra-orix\/","mainEntityOfPage":{"@type":"WebPage","@id":"http:\/\/noticiasya.com\/midland-odessa\/2024\/10\/28\/origen-historia-dia-muertos-mexico-por-que-se-celebra-orix\/"},"thumbnailUrl":"","image":{"@type":"ImageObject","url":""},"articleSection":"Noticias Nacionales","author":[],"creator":[],"publisher":{"@type":"Organization","name":"Noticias","logo":""},"keywords":[],"dateCreated":"2024-10-28T20:03:50Z","datePublished":"2024-10-28T20:03:50Z","dateModified":"2024-10-28T20:03:50Z"},"rendered":"<script type=\"application\/ld+json\" class=\"wp-parsely-metadata\">{\"@context\":\"https:\\\/\\\/schema.org\",\"@type\":\"NewsArticle\",\"headline\":\"\\u00bfCu\\u00e1l es el origen e historia del D\\u00eda de Muertos en M\\u00e9xico y por qu\\u00e9 se celebra?\",\"url\":\"http:\\\/\\\/noticiasya.com\\\/midland-odessa\\\/2024\\\/10\\\/28\\\/origen-historia-dia-muertos-mexico-por-que-se-celebra-orix\\\/\",\"mainEntityOfPage\":{\"@type\":\"WebPage\",\"@id\":\"http:\\\/\\\/noticiasya.com\\\/midland-odessa\\\/2024\\\/10\\\/28\\\/origen-historia-dia-muertos-mexico-por-que-se-celebra-orix\\\/\"},\"thumbnailUrl\":\"\",\"image\":{\"@type\":\"ImageObject\",\"url\":\"\"},\"articleSection\":\"Noticias Nacionales\",\"author\":[],\"creator\":[],\"publisher\":{\"@type\":\"Organization\",\"name\":\"Noticias\",\"logo\":\"\"},\"keywords\":[],\"dateCreated\":\"2024-10-28T20:03:50Z\",\"datePublished\":\"2024-10-28T20:03:50Z\",\"dateModified\":\"2024-10-28T20:03:50Z\"}<\/script>","tracker_url":"https:\/\/cdn.parsely.com\/keys\/noticiasya.com\/p.js"},"jetpack_featured_media_url":"","jetpack-related-posts":[{"id":1467910,"url":"https:\/\/noticiasya.com\/midland-odessa\/2025\/10\/31\/dia-muertos-origen-historia-orix\/","url_meta":{"origin":1455399,"position":0},"title":"\u00bfCu\u00e1l es el origen e historia del D\u00eda de Muertos en M\u00e9xico y por qu\u00e9 se celebra?","author":"","date":"octubre 31, 2025","format":false,"excerpt":"En M\u00e9xico la muerte es motivo de celebraci\u00f3n: coloridos altares, panteones iluminados, calles tapizadas de anaranjado con la flor de cempas\u00fachil, comida, bebida, m\u00fasica, calaveras y catrinas, todo esto para honrar la memoria de los que ya no est\u00e1n.El D\u00eda de Muertos es una tradici\u00f3n emblem\u00e1tica de la cultura mexicana.\u2026","rel":"","context":"In &quot;Noticias Nacionales&quot;","block_context":{"text":"Noticias Nacionales","link":"https:\/\/noticiasya.com\/midland-odessa\/categoria\/noticias-nacionales"},"img":{"alt_text":"","src":"","width":0,"height":0},"classes":[]},{"id":1467998,"url":"https:\/\/noticiasya.com\/midland-odessa\/2025\/11\/03\/tradiciones-dia-de-muertos-mixquic-trax\/","url_meta":{"origin":1455399,"position":1},"title":"En Mixquic, el D\u00eda de Muertos florece entre incienso, p\u00e9talos y tradici\u00f3n familiar","author":"","date":"noviembre 3, 2025","format":false,"excerpt":"La ruta desde la tierra de los muertos hasta San Andr\u00e9s Mixquic, un peque\u00f1o pueblo a las afueras de la Ciudad de M\u00e9xico, est\u00e1 marcada de flores de cempas\u00fachil. \u00c1ngel Jim\u00e9nez del \u00c1guila, quien muri\u00f3 en 2010, solo necesita seguir el rastro de p\u00e9talos de flores, el aroma del copal\u2026","rel":"","context":"In &quot;Noticias Nacionales&quot;","block_context":{"text":"Noticias Nacionales","link":"https:\/\/noticiasya.com\/midland-odessa\/categoria\/noticias-nacionales"},"img":{"alt_text":"","src":"","width":0,"height":0},"classes":[]},{"id":1434362,"url":"https:\/\/noticiasya.com\/midland-odessa\/2022\/10\/26\/cbp-aconseja-a-la-poblacion-de-los-objetos-que-no-pueden-cruzar-y-suelen-querer-pasar-en-el-dia-de-los-muertos\/","url_meta":{"origin":1455399,"position":2},"title":"CBP aconseja a la poblaci\u00f3n de los objetos que no pueden cruzar y suelen querer pasar en el D\u00eda de los Muertos","author":"agomez","date":"octubre 26, 2022","format":false,"excerpt":"La restricci\u00f3n de estos productos se debe a que pueden transportar plagas y enfermedades da\u00f1inas.","rel":"","context":"In &quot;Comunidad&quot;","block_context":{"text":"Comunidad","link":"https:\/\/noticiasya.com\/midland-odessa\/categoria\/comunidad"},"img":{"alt_text":"","src":"","width":0,"height":0},"classes":[]},{"id":1449382,"url":"https:\/\/noticiasya.com\/midland-odessa\/2024\/05\/10\/cuando-celebra-dia-madre-colombia-por-que-orix\/","url_meta":{"origin":1455399,"position":3},"title":"\u00bfCu\u00e1ndo se celebra el D\u00eda de la Madre en Colombia y EE.UU. en 2024 y por qu\u00e9?","author":"agomez","date":"mayo 10, 2024","format":false,"excerpt":"(CNN Espa\u00f1ol) \u2014 Colombia celebrar\u00e1 este a\u00f1o el D\u00eda de la Madre el domingo 12 de mayo, uni\u00e9ndose as\u00ed a otros pa\u00edses como M\u00e9xico, Estados Unidos o Espa\u00f1a que tambi\u00e9n conmemoran la labor de las madres en el mes de mayo.En Colombia y EE.UU. festejan a las mam\u00e1s el segundo\u2026","rel":"","context":"In &quot;Noticias Nacionales&quot;","block_context":{"text":"Noticias Nacionales","link":"https:\/\/noticiasya.com\/midland-odessa\/categoria\/noticias-nacionales"},"img":{"alt_text":"","src":"","width":0,"height":0},"classes":[]},{"id":1462205,"url":"https:\/\/noticiasya.com\/midland-odessa\/2025\/05\/10\/cuando-se-celebra-dia-de-madres-por-que-orix\/","url_meta":{"origin":1455399,"position":4},"title":"\u00bfCu\u00e1ndo se celebra el D\u00eda de las Madres en EE.UU. en 2025 y por qu\u00e9?","author":"","date":"mayo 10, 2025","format":false,"excerpt":"Estados Unidos celebra el D\u00eda de las Madres este domingo 11 de mayo, uni\u00e9ndose as\u00ed a otros pa\u00edses como M\u00e9xico, Colombia o Espa\u00f1a, que tambi\u00e9n conmemoran la labor de las madres en el mes de mayo.En EE.UU. y Colombia festejan a las mam\u00e1s el segundo domingo de cada mayo, es\u2026","rel":"","context":"In &quot;Noticias Nacionales&quot;","block_context":{"text":"Noticias Nacionales","link":"https:\/\/noticiasya.com\/midland-odessa\/categoria\/noticias-nacionales"},"img":{"alt_text":"","src":"","width":0,"height":0},"classes":[]},{"id":1434667,"url":"https:\/\/noticiasya.com\/midland-odessa\/2022\/10\/28\/advierten-por-decoraciones-de-halloween-y-dia-de-los-muertos-prohibidas-en-frontera-de-el-paso\/","url_meta":{"origin":1455399,"position":5},"title":"Advierten por decoraciones de &#8216;Halloween&#8217; y &#8216;D\u00eda de los Muertos&#8217; prohibidas en la frontera","author":"agomez","date":"octubre 28, 2022","format":false,"excerpt":"CBP ofrece consejos sobre cruces fronterizos para esta \u00e9poca festiva.","rel":"","context":"In &quot;Comunidad&quot;","block_context":{"text":"Comunidad","link":"https:\/\/noticiasya.com\/midland-odessa\/categoria\/comunidad"},"img":{"alt_text":"","src":"","width":0,"height":0},"classes":[]}],"jetpack_sharing_enabled":true,"_links":{"self":[{"href":"https:\/\/noticiasya.com\/midland-odessa\/wp-json\/wp\/v2\/posts\/1455399","targetHints":{"allow":["GET"]}}],"collection":[{"href":"https:\/\/noticiasya.com\/midland-odessa\/wp-json\/wp\/v2\/posts"}],"about":[{"href":"https:\/\/noticiasya.com\/midland-odessa\/wp-json\/wp\/v2\/types\/post"}],"replies":[{"embeddable":true,"href":"https:\/\/noticiasya.com\/midland-odessa\/wp-json\/wp\/v2\/comments?post=1455399"}],"version-history":[{"count":0,"href":"https:\/\/noticiasya.com\/midland-odessa\/wp-json\/wp\/v2\/posts\/1455399\/revisions"}],"wp:attachment":[{"href":"https:\/\/noticiasya.com\/midland-odessa\/wp-json\/wp\/v2\/media?parent=1455399"}],"wp:term":[{"taxonomy":"category","embeddable":true,"href":"https:\/\/noticiasya.com\/midland-odessa\/wp-json\/wp\/v2\/categories?post=1455399"},{"taxonomy":"post_tag","embeddable":true,"href":"https:\/\/noticiasya.com\/midland-odessa\/wp-json\/wp\/v2\/tags?post=1455399"}],"curies":[{"name":"wp","href":"https:\/\/api.w.org\/{rel}","templated":true}]}}