{"id":1455400,"date":"2024-10-28T14:03:57","date_gmt":"2024-10-28T21:03:57","guid":{"rendered":"https:\/\/noticiasya.com\/2024\/10\/28\/colin-farrell-maraton-dublin-amiga-silla-ruedas-trax\/"},"modified":"2024-10-28T14:03:57","modified_gmt":"2024-10-28T21:03:57","slug":"colin-farrell-maraton-dublin-amiga-silla-ruedas-trax","status":"publish","type":"post","link":"https:\/\/noticiasya.com\/midland-odessa\/2024\/10\/28\/colin-farrell-maraton-dublin-amiga-silla-ruedas-trax\/","title":{"rendered":"Colin Farrell complet\u00f3 el marat\u00f3n de Dubl\u00edn mientras empujaba a una amiga en silla de ruedas"},"content":{"rendered":"<p>(CNN) &#8212; Colin Farrell se tom\u00f3 un descanso de su agenda de actuaci\u00f3n el domingo para completar el marat\u00f3n de Dubl\u00edn, mientras empujaba a una vieja amiga en una silla de ruedas.<\/p>\n<p>La estrella de 48 a\u00f1os corri\u00f3 los \u00faltimos 4 kil\u00f3metros de la carrera de 42 kil\u00f3metros mientras empujaba a su amiga Emma Fogarty, quien vive con una rara condici\u00f3n de piel, hasta la l\u00ednea de meta.<\/p>\n<p>Farrell, quien estaba de regreso en Irlanda para el marat\u00f3n, ten\u00eda como objetivo recaudar fondos para DEBRA, una organizaci\u00f3n ben\u00e9fica irlandesa que apoya a personas que, como Fogarty, tienen la incurable condici\u00f3n gen\u00e9tica epiderm\u00f3lisis bullosa (EB), tambi\u00e9n conocida como piel de mariposa.<\/p>\n<p>Colin Farrell lanza fundaci\u00f3n en honor a su hijo que padece un raro trastorno neurogen\u00e9tico<\/p>\n<p>Fogarty es la persona m\u00e1s longeva de Irlanda con la condici\u00f3n, seg\u00fan la agencia de noticias PA Media, que dijo que naci\u00f3 sin piel en su pie izquierdo y brazo derecho y puede desarrollar ampollas muy dolorosas con el m\u00e1s m\u00ednimo contacto.<\/p>\n<p>Cumpli\u00f3 40 a\u00f1os en junio, un hito que pens\u00f3 que podr\u00eda no alcanzar, al haber nacido con la forma m\u00e1s severa de la condici\u00f3n, por lo que ella y Farrell se comprometieron a participar juntos, inform\u00f3 PA.<\/p>\n<p>La multitud clam\u00f3 su apoyo cuando el actor nominado al Oscar, que actualmente protagoniza la miniserie de HBO &#171;The Penguin&#187;, se reuni\u00f3 con su amiga en la \u00faltima etapa de la carrera la tarde del domingo. (HBO, al igual que CNN, es propiedad de Warner Bros. Discovery).<\/p>\n<p>La pareja espera recaudar 1 mill\u00f3n de euros para la organizaci\u00f3n ben\u00e9fica irlandesa que apoya a personas con la condici\u00f3n gen\u00e9tica epiderm\u00f3lisis bullosa. Cr\u00e9dito: Dan Clohessy\/INPHO\/Shutterstock<\/p>\n<p>Farrell le dijo a PA: &#171;Conozco a Emma desde hace muchos a\u00f1os y ella personifica la valent\u00eda, es lo que el coraje y la pura determinaci\u00f3n representan&#187;.<\/p>\n<p>La pareja cruz\u00f3 la l\u00ednea de meta poco antes de la 1 p.m. hora local, con Farrell habiendo completado el recorrido en 4:06.45, seg\u00fan PA.<\/p>\n<p>&#171;Esa carrera no fue nada comparada con el dolor que ella se ve obligada a soportar cada d\u00eda, aunque no lo demuestre&#187;.<\/p>\n<p>&#171;Fue un honor verla esper\u00e1ndome con 4 km por recorrer, cada uno de ellos representando una d\u00e9cada de su vida, y hacer el tramo final juntos. Nunca lo olvidar\u00e9&#187;.<\/p>\n<p>Tambi\u00e9n al hablar con PA, Fogarty dijo: &#171;Este fue un sue\u00f1o hecho realidad para m\u00ed y quiero agradecer a Colin, quien ha sido el amigo m\u00e1s solidario, generoso y leal que podr\u00eda desear&#187;.<\/p>\n<p>&#171;Siempre ha mostrado su compasi\u00f3n y empat\u00eda por las personas que viven con EB y es un verdadero campe\u00f3n a mis ojos&#187;.<\/p>\n<p>&#171;Correr un marat\u00f3n nunca es f\u00e1cil, pero una vez que se comprometi\u00f3, no hab\u00eda vuelta atr\u00e1s, es un hombre de palabra&#187;, agreg\u00f3.<\/p>\n<p>Las personas que viven con EB no tienen las prote\u00ednas esenciales que unen las capas de la piel, lo que significa que incluso la menor cantidad de fricci\u00f3n o movimiento puede causar que la piel se rompa, desgarre o forme ampollas.<\/p>\n<p>Fogarty, quien es embajadora de DEBRA, tiene capas de vendajes sobre el 80% de su cuerpo para prevenir infecciones en las heridas.<\/p>\n<p>Ella y Farrell originalmente se propusieron recaudar 400.000 euros (US$ 430.000) para la organizaci\u00f3n ben\u00e9fica, pero ahora apuntan a alcanzar el mill\u00f3n de euros, y ya superaron las tres cuartas partes del camino, seg\u00fan muestra su sitio web.<\/p>\n<p>A principios de este a\u00f1o, Farrell lanz\u00f3 la Fundaci\u00f3n Colin Farrell para brindar apoyo a familias que tienen hijos adultos con discapacidades intelectuales. Su propio hijo adulto, James, naci\u00f3 con el S\u00edndrome de Angelman, un raro trastorno neurogen\u00e9tico.<\/p>\n<p>The-CNN-Wire<br \/>&trade; &amp; &copy; 2024 Cable News Network, Inc., a Warner Bros. Discovery Company. All rights reserved.<\/p>\n","protected":false},"excerpt":{"rendered":"<p>(CNN) &#8212; Colin Farrell se tom\u00f3 un descanso de su agenda de actuaci\u00f3n el domingo para completar el marat\u00f3n de Dubl\u00edn, mientras empujaba a una vieja amiga en una silla de ruedas. La estrella de 48 a\u00f1os corri\u00f3 los \u00faltimos 4 kil\u00f3metros de la carrera de 42 kil\u00f3metros mientras empujaba a su amiga Emma Fogarty, [&hellip;]<\/p>\n","protected":false},"author":0,"featured_media":0,"comment_status":"open","ping_status":"open","sticky":false,"template":"","format":"standard","meta":{"_jetpack_memberships_contains_paid_content":false,"footnotes":""},"categories":[10],"tags":[],"class_list":["post-1455400","post","type-post","status-publish","format-standard","hentry","category-noticias-nacionales","market-global"],"yoast_head":"<!-- This site is optimized with the Yoast SEO plugin v24.4 - https:\/\/yoast.com\/wordpress\/plugins\/seo\/ -->\n<title>Colin Farrell complet\u00f3 el marat\u00f3n de Dubl\u00edn mientras empujaba a una amiga en silla de ruedas - Noticias<\/title>\n<meta name=\"robots\" content=\"index, follow, max-snippet:-1, max-image-preview:large, max-video-preview:-1\" \/>\n<link rel=\"canonical\" href=\"https:\/\/noticiasya.com\/2024\/10\/28\/colin-farrell-maraton-dublin-amiga-silla-ruedas-trax\/\" \/>\n<meta property=\"og:locale\" content=\"es_ES\" \/>\n<meta property=\"og:type\" content=\"article\" \/>\n<meta property=\"og:title\" content=\"Colin Farrell complet\u00f3 el marat\u00f3n de Dubl\u00edn mientras empujaba a una amiga en silla de ruedas - Noticias\" \/>\n<meta property=\"og:description\" content=\"(CNN) &#8212; Colin Farrell se tom\u00f3 un descanso de su agenda de actuaci\u00f3n el domingo para completar el marat\u00f3n de Dubl\u00edn, mientras empujaba a una vieja amiga en una silla de ruedas. La estrella de 48 a\u00f1os corri\u00f3 los \u00faltimos 4 kil\u00f3metros de la carrera de 42 kil\u00f3metros mientras empujaba a su amiga Emma Fogarty, [&hellip;]\" \/>\n<meta property=\"og:url\" content=\"https:\/\/noticiasya.com\/2024\/10\/28\/colin-farrell-maraton-dublin-amiga-silla-ruedas-trax\/\" \/>\n<meta property=\"og:site_name\" content=\"Noticias\" \/>\n<meta property=\"article:published_time\" content=\"2024-10-28T21:03:57+00:00\" \/>\n<meta name=\"twitter:card\" content=\"summary_large_image\" \/>\n<meta name=\"twitter:label1\" content=\"Est. reading time\" \/>\n\t<meta name=\"twitter:data1\" content=\"3 minutos\" \/>\n<script type=\"application\/ld+json\" class=\"yoast-schema-graph\">{\"@context\":\"https:\/\/schema.org\",\"@graph\":[{\"@type\":\"Article\",\"@id\":\"https:\/\/noticiasya.com\/2024\/10\/28\/colin-farrell-maraton-dublin-amiga-silla-ruedas-trax\/#article\",\"isPartOf\":{\"@id\":\"https:\/\/noticiasya.com\/2024\/10\/28\/colin-farrell-maraton-dublin-amiga-silla-ruedas-trax\/\"},\"author\":{\"name\":\"\",\"@id\":\"\"},\"headline\":\"Colin Farrell complet\u00f3 el marat\u00f3n de Dubl\u00edn mientras empujaba a una amiga en silla de ruedas\",\"datePublished\":\"2024-10-28T21:03:57+00:00\",\"mainEntityOfPage\":{\"@id\":\"https:\/\/noticiasya.com\/2024\/10\/28\/colin-farrell-maraton-dublin-amiga-silla-ruedas-trax\/\"},\"wordCount\":685,\"commentCount\":0,\"publisher\":{\"@id\":\"https:\/\/noticiasya.com\/#organization\"},\"articleSection\":[\"Noticias Nacionales\"],\"inLanguage\":\"es\",\"potentialAction\":[{\"@type\":\"CommentAction\",\"name\":\"Comment\",\"target\":[\"https:\/\/noticiasya.com\/2024\/10\/28\/colin-farrell-maraton-dublin-amiga-silla-ruedas-trax\/#respond\"]}]},{\"@type\":\"WebPage\",\"@id\":\"https:\/\/noticiasya.com\/2024\/10\/28\/colin-farrell-maraton-dublin-amiga-silla-ruedas-trax\/\",\"url\":\"https:\/\/noticiasya.com\/2024\/10\/28\/colin-farrell-maraton-dublin-amiga-silla-ruedas-trax\/\",\"name\":\"Colin Farrell complet\u00f3 el marat\u00f3n de Dubl\u00edn mientras empujaba a una amiga en silla de ruedas - Noticias\",\"isPartOf\":{\"@id\":\"https:\/\/noticiasya.com\/#website\"},\"datePublished\":\"2024-10-28T21:03:57+00:00\",\"breadcrumb\":{\"@id\":\"https:\/\/noticiasya.com\/2024\/10\/28\/colin-farrell-maraton-dublin-amiga-silla-ruedas-trax\/#breadcrumb\"},\"inLanguage\":\"es\",\"potentialAction\":[{\"@type\":\"ReadAction\",\"target\":[\"https:\/\/noticiasya.com\/2024\/10\/28\/colin-farrell-maraton-dublin-amiga-silla-ruedas-trax\/\"]}]},{\"@type\":\"BreadcrumbList\",\"@id\":\"https:\/\/noticiasya.com\/2024\/10\/28\/colin-farrell-maraton-dublin-amiga-silla-ruedas-trax\/#breadcrumb\",\"itemListElement\":[{\"@type\":\"ListItem\",\"position\":1,\"name\":\"Home\",\"item\":\"https:\/\/noticiasya.com\/\"},{\"@type\":\"ListItem\",\"position\":2,\"name\":\"Colin Farrell complet\u00f3 el marat\u00f3n de Dubl\u00edn mientras empujaba a una amiga en silla de ruedas\"}]},{\"@type\":\"WebSite\",\"@id\":\"https:\/\/noticiasya.com\/#website\",\"url\":\"https:\/\/noticiasya.com\/\",\"name\":\"Noticias\",\"description\":\"Lo que importa\",\"publisher\":{\"@id\":\"https:\/\/noticiasya.com\/#organization\"},\"potentialAction\":[{\"@type\":\"SearchAction\",\"target\":{\"@type\":\"EntryPoint\",\"urlTemplate\":\"https:\/\/noticiasya.com\/?s={search_term_string}\"},\"query-input\":{\"@type\":\"PropertyValueSpecification\",\"valueRequired\":true,\"valueName\":\"search_term_string\"}}],\"inLanguage\":\"es\"},{\"@type\":\"Organization\",\"@id\":\"https:\/\/noticiasya.com\/#organization\",\"name\":\"Noticias\",\"url\":\"https:\/\/noticiasya.com\/\",\"logo\":{\"@type\":\"ImageObject\",\"inLanguage\":\"es\",\"@id\":\"https:\/\/noticiasya.com\/#\/schema\/logo\/image\/\",\"url\":\"https:\/\/noticiasya.com\/wp-content\/uploads\/sites\/22\/2023\/12\/logo-nacional.png\",\"contentUrl\":\"https:\/\/noticiasya.com\/wp-content\/uploads\/sites\/22\/2023\/12\/logo-nacional.png\",\"width\":1801,\"height\":691,\"caption\":\"Noticias\"},\"image\":{\"@id\":\"https:\/\/noticiasya.com\/#\/schema\/logo\/image\/\"}}]}<\/script>\n<!-- \/ Yoast SEO plugin. -->","yoast_head_json":{"title":"Colin Farrell complet\u00f3 el marat\u00f3n de Dubl\u00edn mientras empujaba a una amiga en silla de ruedas - Noticias","robots":{"index":"index","follow":"follow","max-snippet":"max-snippet:-1","max-image-preview":"max-image-preview:large","max-video-preview":"max-video-preview:-1"},"canonical":"https:\/\/noticiasya.com\/2024\/10\/28\/colin-farrell-maraton-dublin-amiga-silla-ruedas-trax\/","og_locale":"es_ES","og_type":"article","og_title":"Colin Farrell complet\u00f3 el marat\u00f3n de Dubl\u00edn mientras empujaba a una amiga en silla de ruedas - Noticias","og_description":"(CNN) &#8212; Colin Farrell se tom\u00f3 un descanso de su agenda de actuaci\u00f3n el domingo para completar el marat\u00f3n de Dubl\u00edn, mientras empujaba a una vieja amiga en una silla de ruedas. La estrella de 48 a\u00f1os corri\u00f3 los \u00faltimos 4 kil\u00f3metros de la carrera de 42 kil\u00f3metros mientras empujaba a su amiga Emma Fogarty, [&hellip;]","og_url":"https:\/\/noticiasya.com\/2024\/10\/28\/colin-farrell-maraton-dublin-amiga-silla-ruedas-trax\/","og_site_name":"Noticias","article_published_time":"2024-10-28T21:03:57+00:00","twitter_card":"summary_large_image","twitter_misc":{"Est. reading time":"3 minutos"},"schema":{"@context":"https:\/\/schema.org","@graph":[{"@type":"Article","@id":"https:\/\/noticiasya.com\/2024\/10\/28\/colin-farrell-maraton-dublin-amiga-silla-ruedas-trax\/#article","isPartOf":{"@id":"https:\/\/noticiasya.com\/2024\/10\/28\/colin-farrell-maraton-dublin-amiga-silla-ruedas-trax\/"},"author":{"name":"","@id":""},"headline":"Colin Farrell complet\u00f3 el marat\u00f3n de Dubl\u00edn mientras empujaba a una amiga en silla de ruedas","datePublished":"2024-10-28T21:03:57+00:00","mainEntityOfPage":{"@id":"https:\/\/noticiasya.com\/2024\/10\/28\/colin-farrell-maraton-dublin-amiga-silla-ruedas-trax\/"},"wordCount":685,"commentCount":0,"publisher":{"@id":"https:\/\/noticiasya.com\/#organization"},"articleSection":["Noticias Nacionales"],"inLanguage":"es","potentialAction":[{"@type":"CommentAction","name":"Comment","target":["https:\/\/noticiasya.com\/2024\/10\/28\/colin-farrell-maraton-dublin-amiga-silla-ruedas-trax\/#respond"]}]},{"@type":"WebPage","@id":"https:\/\/noticiasya.com\/2024\/10\/28\/colin-farrell-maraton-dublin-amiga-silla-ruedas-trax\/","url":"https:\/\/noticiasya.com\/2024\/10\/28\/colin-farrell-maraton-dublin-amiga-silla-ruedas-trax\/","name":"Colin Farrell complet\u00f3 el marat\u00f3n de Dubl\u00edn mientras empujaba a una amiga en silla de ruedas - Noticias","isPartOf":{"@id":"https:\/\/noticiasya.com\/#website"},"datePublished":"2024-10-28T21:03:57+00:00","breadcrumb":{"@id":"https:\/\/noticiasya.com\/2024\/10\/28\/colin-farrell-maraton-dublin-amiga-silla-ruedas-trax\/#breadcrumb"},"inLanguage":"es","potentialAction":[{"@type":"ReadAction","target":["https:\/\/noticiasya.com\/2024\/10\/28\/colin-farrell-maraton-dublin-amiga-silla-ruedas-trax\/"]}]},{"@type":"BreadcrumbList","@id":"https:\/\/noticiasya.com\/2024\/10\/28\/colin-farrell-maraton-dublin-amiga-silla-ruedas-trax\/#breadcrumb","itemListElement":[{"@type":"ListItem","position":1,"name":"Home","item":"https:\/\/noticiasya.com\/"},{"@type":"ListItem","position":2,"name":"Colin Farrell complet\u00f3 el marat\u00f3n de Dubl\u00edn mientras empujaba a una amiga en silla de ruedas"}]},{"@type":"WebSite","@id":"https:\/\/noticiasya.com\/#website","url":"https:\/\/noticiasya.com\/","name":"Noticias","description":"Lo que importa","publisher":{"@id":"https:\/\/noticiasya.com\/#organization"},"potentialAction":[{"@type":"SearchAction","target":{"@type":"EntryPoint","urlTemplate":"https:\/\/noticiasya.com\/?s={search_term_string}"},"query-input":{"@type":"PropertyValueSpecification","valueRequired":true,"valueName":"search_term_string"}}],"inLanguage":"es"},{"@type":"Organization","@id":"https:\/\/noticiasya.com\/#organization","name":"Noticias","url":"https:\/\/noticiasya.com\/","logo":{"@type":"ImageObject","inLanguage":"es","@id":"https:\/\/noticiasya.com\/#\/schema\/logo\/image\/","url":"https:\/\/noticiasya.com\/wp-content\/uploads\/sites\/22\/2023\/12\/logo-nacional.png","contentUrl":"https:\/\/noticiasya.com\/wp-content\/uploads\/sites\/22\/2023\/12\/logo-nacional.png","width":1801,"height":691,"caption":"Noticias"},"image":{"@id":"https:\/\/noticiasya.com\/#\/schema\/logo\/image\/"}}]}},"parsely":{"version":"1.1.0","canonical_url":"https:\/\/noticiasya.com\/midland-odessa\/2024\/10\/28\/colin-farrell-maraton-dublin-amiga-silla-ruedas-trax\/","smart_links":{"inbound":0,"outbound":0},"traffic_boost_suggestions_count":0,"meta":{"@context":"https:\/\/schema.org","@type":"NewsArticle","headline":"Colin Farrell complet\u00f3 el marat\u00f3n de Dubl\u00edn mientras empujaba a una amiga en silla de ruedas","url":"http:\/\/noticiasya.com\/midland-odessa\/2024\/10\/28\/colin-farrell-maraton-dublin-amiga-silla-ruedas-trax\/","mainEntityOfPage":{"@type":"WebPage","@id":"http:\/\/noticiasya.com\/midland-odessa\/2024\/10\/28\/colin-farrell-maraton-dublin-amiga-silla-ruedas-trax\/"},"thumbnailUrl":"","image":{"@type":"ImageObject","url":""},"articleSection":"Noticias Nacionales","author":[],"creator":[],"publisher":{"@type":"Organization","name":"Noticias","logo":""},"keywords":[],"dateCreated":"2024-10-28T21:03:57Z","datePublished":"2024-10-28T21:03:57Z","dateModified":"2024-10-28T21:03:57Z"},"rendered":"<script type=\"application\/ld+json\" class=\"wp-parsely-metadata\">{\"@context\":\"https:\\\/\\\/schema.org\",\"@type\":\"NewsArticle\",\"headline\":\"Colin Farrell complet\\u00f3 el marat\\u00f3n de Dubl\\u00edn mientras empujaba a una amiga en silla de ruedas\",\"url\":\"http:\\\/\\\/noticiasya.com\\\/midland-odessa\\\/2024\\\/10\\\/28\\\/colin-farrell-maraton-dublin-amiga-silla-ruedas-trax\\\/\",\"mainEntityOfPage\":{\"@type\":\"WebPage\",\"@id\":\"http:\\\/\\\/noticiasya.com\\\/midland-odessa\\\/2024\\\/10\\\/28\\\/colin-farrell-maraton-dublin-amiga-silla-ruedas-trax\\\/\"},\"thumbnailUrl\":\"\",\"image\":{\"@type\":\"ImageObject\",\"url\":\"\"},\"articleSection\":\"Noticias Nacionales\",\"author\":[],\"creator\":[],\"publisher\":{\"@type\":\"Organization\",\"name\":\"Noticias\",\"logo\":\"\"},\"keywords\":[],\"dateCreated\":\"2024-10-28T21:03:57Z\",\"datePublished\":\"2024-10-28T21:03:57Z\",\"dateModified\":\"2024-10-28T21:03:57Z\"}<\/script>","tracker_url":"https:\/\/cdn.parsely.com\/keys\/noticiasya.com\/p.js"},"jetpack_featured_media_url":"","jetpack-related-posts":[{"id":1451655,"url":"https:\/\/noticiasya.com\/midland-odessa\/2024\/08\/07\/colin-farrell-lanza-fundacion-honor-hijo-padece-raro-trastorno-neurogenetico-trax\/","url_meta":{"origin":1455400,"position":0},"title":"Colin Farrell lanza fundaci\u00f3n en honor a su hijo que padece un raro trastorno neurogen\u00e9tico","author":"","date":"agosto 7, 2024","format":false,"excerpt":"(CNN) -- Colin Farrell espera poder ayudar a familias como la suya.James, el hijo de 20 a\u00f1os de Farrell, padece el s\u00edndrome de Angelman, un raro trastorno neurogen\u00e9tico. Se lo diagnosticaron de ni\u00f1o, no habla y recibe atenci\u00f3n en su casa, seg\u00fan Farrell, que se habl\u00f3 por primera vez en\u2026","rel":"","context":"In &quot;Noticias Nacionales&quot;","block_context":{"text":"Noticias Nacionales","link":"https:\/\/noticiasya.com\/midland-odessa\/categoria\/noticias-nacionales"},"img":{"alt_text":"","src":"","width":0,"height":0},"classes":[]},{"id":1468562,"url":"https:\/\/noticiasya.com\/midland-odessa\/2025\/11\/20\/maraton-nueva-york-juan-pablo-dos-santos-orix\/","url_meta":{"origin":1455400,"position":1},"title":"La inspiradora historia de vida de Juan Pablo Dos Santos, el venezolano doble amputado que corri\u00f3 la marat\u00f3n de Nueva York","author":"","date":"noviembre 20, 2025","format":false,"excerpt":"La carrera de larga distancia m\u00e1s grande y emblem\u00e1tica del mundo, el marat\u00f3n de Nueva York, volvi\u00f3 a romper r\u00e9cords de participaci\u00f3n por segundo a\u00f1o consecutivo en su edici\u00f3n de 2025. Fueron 59.226 los corredores que finalizaron la carrera. Entre ellos destacan, como es l\u00f3gico, nombres propios del atletismo de\u2026","rel":"","context":"In &quot;Noticias Nacionales&quot;","block_context":{"text":"Noticias Nacionales","link":"https:\/\/noticiasya.com\/midland-odessa\/categoria\/noticias-nacionales"},"img":{"alt_text":"","src":"","width":0,"height":0},"classes":[]},{"id":1448370,"url":"https:\/\/noticiasya.com\/midland-odessa\/2024\/04\/22\/medio-maraton-beijing-sancion-trax\/","url_meta":{"origin":1455400,"position":2},"title":"Despojan de sus medallas a los ganadores del medio marat\u00f3n de Beijing luego de que un tr\u00edo africano dejara ganar a un corredor chino","author":"","date":"abril 22, 2024","format":false,"excerpt":"(CNN) -- Los cuatro primeros clasificados del medio marat\u00f3n de Beijing han sido despojados de sus medallas despu\u00e9s de que una investigaci\u00f3n descubriera que tres corredores africanos deliberadamente disminuyeron la velocidad cerca de la l\u00ednea de meta para dejar ganar a un competidor chino, seg\u00fan los organizadores.He Jie cruz\u00f3 la\u2026","rel":"","context":"In &quot;Noticias Nacionales&quot;","block_context":{"text":"Noticias Nacionales","link":"https:\/\/noticiasya.com\/midland-odessa\/categoria\/noticias-nacionales"},"img":{"alt_text":"","src":"","width":0,"height":0},"classes":[]},{"id":1473521,"url":"https:\/\/noticiasya.com\/midland-odessa\/2026\/04\/26\/sebastian-sawa-record-maraton-londres-trax\/","url_meta":{"origin":1455400,"position":3},"title":"Sebastian Sawa, de Kenia, es el primer atleta en correr un marat\u00f3n en menos de dos horas","author":"","date":"abril 26, 2026","format":false,"excerpt":"El corredor keniano Sabastian Sawe hizo historia al convertirse en el primer atleta en correr un marat\u00f3n en menos de dos horas en una carrera competitiva para ganar el Marat\u00f3n de Londres.Sawe rompi\u00f3 el r\u00e9cord mundial al completar el Marat\u00f3n de Londres en 1:59:30.Su tiempo pulveriza el r\u00e9cord mundial anterior,\u2026","rel":"","context":"In &quot;Noticias Nacionales&quot;","block_context":{"text":"Noticias Nacionales","link":"https:\/\/noticiasya.com\/midland-odessa\/categoria\/noticias-nacionales"},"img":{"alt_text":"","src":"","width":0,"height":0},"classes":[]},{"id":1464526,"url":"https:\/\/noticiasya.com\/midland-odessa\/2025\/07\/15\/muere-corredor-mas-anciano-mundo-maraton-india-trax\/","url_meta":{"origin":1455400,"position":4},"title":"El maratonista m\u00e1s longevo del mundo muere atropellado a los 114 a\u00f1os","author":"","date":"julio 15, 2025","format":false,"excerpt":"Fauja Singh, reconocido como el maratonista m\u00e1s longevo del mundo y c\u00e9lebre por seguir compitiendo tras cumplir 100 a\u00f1os, falleci\u00f3 este lunes a los 114 a\u00f1os tras ser atropellado en India. El conductor se dio a la fuga, seg\u00fan inform\u00f3 a la polic\u00eda india.Nacido en la India rural en 1911\u2026","rel":"","context":"In &quot;Noticias Nacionales&quot;","block_context":{"text":"Noticias Nacionales","link":"https:\/\/noticiasya.com\/midland-odessa\/categoria\/noticias-nacionales"},"img":{"alt_text":"","src":"","width":0,"height":0},"classes":[]},{"id":1461461,"url":"https:\/\/noticiasya.com\/midland-odessa\/2025\/04\/21\/cardenal-estadounidense-kevin-farrell-camarlengo-vaticano-conclave-trax\/","url_meta":{"origin":1455400,"position":5},"title":"Conoce al cardenal estadounidense que dirige temporalmente el Vaticano","author":"","date":"abril 21, 2025","format":false,"excerpt":"Tras la muerte del papa Francisco, un cardenal de Estados Unidos se convirti\u00f3 en jefe interino del Vaticano hasta que se elija un nuevo pont\u00edfice.Se trata del cardenal Kevin Farrell, un cl\u00e9rigo nacido en Dubl\u00edn que adopt\u00f3 la ciudadan\u00eda estadounidense tras ejercer durante muchos a\u00f1os su ministerio en el pa\u00eds.\u2026","rel":"","context":"In &quot;Noticias Nacionales&quot;","block_context":{"text":"Noticias Nacionales","link":"https:\/\/noticiasya.com\/midland-odessa\/categoria\/noticias-nacionales"},"img":{"alt_text":"","src":"","width":0,"height":0},"classes":[]}],"jetpack_sharing_enabled":true,"_links":{"self":[{"href":"https:\/\/noticiasya.com\/midland-odessa\/wp-json\/wp\/v2\/posts\/1455400","targetHints":{"allow":["GET"]}}],"collection":[{"href":"https:\/\/noticiasya.com\/midland-odessa\/wp-json\/wp\/v2\/posts"}],"about":[{"href":"https:\/\/noticiasya.com\/midland-odessa\/wp-json\/wp\/v2\/types\/post"}],"replies":[{"embeddable":true,"href":"https:\/\/noticiasya.com\/midland-odessa\/wp-json\/wp\/v2\/comments?post=1455400"}],"version-history":[{"count":0,"href":"https:\/\/noticiasya.com\/midland-odessa\/wp-json\/wp\/v2\/posts\/1455400\/revisions"}],"wp:attachment":[{"href":"https:\/\/noticiasya.com\/midland-odessa\/wp-json\/wp\/v2\/media?parent=1455400"}],"wp:term":[{"taxonomy":"category","embeddable":true,"href":"https:\/\/noticiasya.com\/midland-odessa\/wp-json\/wp\/v2\/categories?post=1455400"},{"taxonomy":"post_tag","embeddable":true,"href":"https:\/\/noticiasya.com\/midland-odessa\/wp-json\/wp\/v2\/tags?post=1455400"}],"curies":[{"name":"wp","href":"https:\/\/api.w.org\/{rel}","templated":true}]}}