{"id":1455402,"date":"2024-10-28T15:04:00","date_gmt":"2024-10-28T22:04:00","guid":{"rendered":"https:\/\/noticiasya.com\/2024\/10\/28\/noboa-crisis-energetica-ecuador-petro-apagones-orix\/"},"modified":"2024-10-28T15:04:00","modified_gmt":"2024-10-28T22:04:00","slug":"noboa-crisis-energetica-ecuador-petro-apagones-orix","status":"publish","type":"post","link":"https:\/\/noticiasya.com\/midland-odessa\/2024\/10\/28\/noboa-crisis-energetica-ecuador-petro-apagones-orix\/","title":{"rendered":"Noboa habla de la crisis energ\u00e9tica en Ecuador: plantea pedir apoyo a Petro y poner fin a los apagones en diciembre"},"content":{"rendered":"<p>(CNN Espa\u00f1ol) \u2013\u2013 El presidente de Ecuador, Daniel Noboa, afirm\u00f3 durante una entrevista este domingo que su hom\u00f3logo colombiano, Gustavo Petro, deber\u00eda reanudar la venta de energ\u00eda a su pa\u00eds y asegur\u00f3 que abordar\u00e1 esa petici\u00f3n el martes que visite Cali para participar en la Conferencia de las Naciones Unidas sobre Biodiversidad (COP16).<\/p>\n<p>&#171;Vi ah\u00ed en la prensa que hablaba de que hay que ayudar a Ecuador. El primero deber\u00eda ser \u00e9l&#187;, dijo Noboa al canal de televisi\u00f3n TC.<\/p>\n<p>A inicios del mes, el Ministerio de Minas y Energ\u00eda de Colombia suspendi\u00f3 la exportaci\u00f3n de energ\u00eda el\u00e9ctrica a Ecuador como medida para mitigar las afectaciones del bajo nivel de los embalses y la escasez de energ\u00eda generada por medio de termoel\u00e9ctricas.<\/p>\n<p>&#171;Es hora que todos los pueblos hermanos de latinoam\u00e9rica nos solidaricemos. La posibilidad de desarrollar energ\u00eda solar y e\u00f3lica en esos pa\u00edses requiere de nuestra colaboraci\u00f3n&#187;, dijo Petro sobre los problemas de energ\u00eda en Ecuador y Cuba el viernes pasado en una publicaci\u00f3n de X. Sin embargo, el presidente no especific\u00f3 qu\u00e9 medidas podr\u00eda tomar su gobierno.<\/p>\n<p>Gobierno de Ecuador incrementa de 8 a 14 horas diarias los cortes de energ\u00eda y se agrava la crisis<\/p>\n<p>Sobre la grave crisis energ\u00e9tica en Ecuador, marcada por una fuerte sequ\u00eda y el complejo estado de las centrales hidroel\u00e9ctricas que no pueden operar con su capacidad plena, Noboa dijo que espera que el problema quede resuelto antes de finalizar el a\u00f1o.<\/p>\n<p>&#171;Si todo sale acorde a lo planeado, son predicciones, son probabilidades, deber\u00edamos de estar ya con el problema resuelto en diciembre. El problema resuelto ya no deber\u00eda de haber apagones en diciembre&#187;, expres\u00f3 en la entrevista. El mandatario a\u00f1adi\u00f3 que entre las medidas en curso est\u00e1n conseguir turbinas v\u00eda a\u00e9rea, con asistencia de Estados Unidos y Per\u00fa.<\/p>\n<p>Sobre este mismo tema, la ministra de Energ\u00eda, In\u00e9s Manzano, dijo el viernes en entrevista para Teleamazonas que esperan que para inicios de diciembre ya se presenten menos apagones, y que si hay, sean de menos de dos horas.<\/p>\n<p>Hace m\u00e1s de un mes, empezaron los cortes de energ\u00eda en el pa\u00eds sudamericano y las autoridades de energ\u00eda hab\u00edan indicado que continuar\u00e1n sin determinar una fecha oficial de finalizaci\u00f3n. Los apagones empezaron con 8 horas diarias, y poco tiempo despu\u00e9s se incrementaron hasta 12 horas al d\u00eda, dependiendo de las ciudades y barrios.<\/p>\n<p>\u2013\u2013 Ana Mar\u00eda Ca\u00f1izares colabor\u00f3 con este reporte.<\/p>\n<p>The-CNN-Wire<br \/>&trade; &amp; &copy; 2024 Cable News Network, Inc., a Warner Bros. Discovery Company. All rights reserved.<\/p>\n","protected":false},"excerpt":{"rendered":"<p>(CNN Espa\u00f1ol) \u2013\u2013 El presidente de Ecuador, Daniel Noboa, afirm\u00f3 durante una entrevista este domingo que su hom\u00f3logo colombiano, Gustavo Petro, deber\u00eda reanudar la venta de energ\u00eda a su pa\u00eds y asegur\u00f3 que abordar\u00e1 esa petici\u00f3n el martes que visite Cali para participar en la Conferencia de las Naciones Unidas sobre Biodiversidad (COP16). &#171;Vi ah\u00ed [&hellip;]<\/p>\n","protected":false},"author":0,"featured_media":0,"comment_status":"open","ping_status":"open","sticky":false,"template":"","format":"standard","meta":{"_jetpack_memberships_contains_paid_content":false,"footnotes":""},"categories":[10],"tags":[],"class_list":["post-1455402","post","type-post","status-publish","format-standard","hentry","category-noticias-nacionales","market-global"],"yoast_head":"<!-- This site is optimized with the Yoast SEO plugin v24.4 - https:\/\/yoast.com\/wordpress\/plugins\/seo\/ -->\n<title>Noboa habla de la crisis energ\u00e9tica en Ecuador: plantea pedir apoyo a Petro y poner fin a los apagones en diciembre - Noticias<\/title>\n<meta name=\"robots\" content=\"index, follow, max-snippet:-1, max-image-preview:large, max-video-preview:-1\" \/>\n<link rel=\"canonical\" href=\"https:\/\/noticiasya.com\/2024\/10\/28\/noboa-crisis-energetica-ecuador-petro-apagones-orix\/\" \/>\n<meta property=\"og:locale\" content=\"es_ES\" \/>\n<meta property=\"og:type\" content=\"article\" \/>\n<meta property=\"og:title\" content=\"Noboa habla de la crisis energ\u00e9tica en Ecuador: plantea pedir apoyo a Petro y poner fin a los apagones en diciembre - Noticias\" \/>\n<meta property=\"og:description\" content=\"(CNN Espa\u00f1ol) \u2013\u2013 El presidente de Ecuador, Daniel Noboa, afirm\u00f3 durante una entrevista este domingo que su hom\u00f3logo colombiano, Gustavo Petro, deber\u00eda reanudar la venta de energ\u00eda a su pa\u00eds y asegur\u00f3 que abordar\u00e1 esa petici\u00f3n el martes que visite Cali para participar en la Conferencia de las Naciones Unidas sobre Biodiversidad (COP16). &#171;Vi ah\u00ed [&hellip;]\" \/>\n<meta property=\"og:url\" content=\"https:\/\/noticiasya.com\/2024\/10\/28\/noboa-crisis-energetica-ecuador-petro-apagones-orix\/\" \/>\n<meta property=\"og:site_name\" content=\"Noticias\" \/>\n<meta property=\"article:published_time\" content=\"2024-10-28T22:04:00+00:00\" \/>\n<meta name=\"twitter:card\" content=\"summary_large_image\" \/>\n<meta name=\"twitter:label1\" content=\"Est. reading time\" \/>\n\t<meta name=\"twitter:data1\" content=\"2 minutos\" \/>\n<script type=\"application\/ld+json\" class=\"yoast-schema-graph\">{\"@context\":\"https:\/\/schema.org\",\"@graph\":[{\"@type\":\"Article\",\"@id\":\"https:\/\/noticiasya.com\/2024\/10\/28\/noboa-crisis-energetica-ecuador-petro-apagones-orix\/#article\",\"isPartOf\":{\"@id\":\"https:\/\/noticiasya.com\/2024\/10\/28\/noboa-crisis-energetica-ecuador-petro-apagones-orix\/\"},\"author\":{\"name\":\"\",\"@id\":\"\"},\"headline\":\"Noboa habla de la crisis energ\u00e9tica en Ecuador: plantea pedir apoyo a Petro y poner fin a los apagones en diciembre\",\"datePublished\":\"2024-10-28T22:04:00+00:00\",\"mainEntityOfPage\":{\"@id\":\"https:\/\/noticiasya.com\/2024\/10\/28\/noboa-crisis-energetica-ecuador-petro-apagones-orix\/\"},\"wordCount\":475,\"commentCount\":0,\"publisher\":{\"@id\":\"https:\/\/noticiasya.com\/#organization\"},\"articleSection\":[\"Noticias Nacionales\"],\"inLanguage\":\"es\",\"potentialAction\":[{\"@type\":\"CommentAction\",\"name\":\"Comment\",\"target\":[\"https:\/\/noticiasya.com\/2024\/10\/28\/noboa-crisis-energetica-ecuador-petro-apagones-orix\/#respond\"]}]},{\"@type\":\"WebPage\",\"@id\":\"https:\/\/noticiasya.com\/2024\/10\/28\/noboa-crisis-energetica-ecuador-petro-apagones-orix\/\",\"url\":\"https:\/\/noticiasya.com\/2024\/10\/28\/noboa-crisis-energetica-ecuador-petro-apagones-orix\/\",\"name\":\"Noboa habla de la crisis energ\u00e9tica en Ecuador: plantea pedir apoyo a Petro y poner fin a los apagones en diciembre - Noticias\",\"isPartOf\":{\"@id\":\"https:\/\/noticiasya.com\/#website\"},\"datePublished\":\"2024-10-28T22:04:00+00:00\",\"breadcrumb\":{\"@id\":\"https:\/\/noticiasya.com\/2024\/10\/28\/noboa-crisis-energetica-ecuador-petro-apagones-orix\/#breadcrumb\"},\"inLanguage\":\"es\",\"potentialAction\":[{\"@type\":\"ReadAction\",\"target\":[\"https:\/\/noticiasya.com\/2024\/10\/28\/noboa-crisis-energetica-ecuador-petro-apagones-orix\/\"]}]},{\"@type\":\"BreadcrumbList\",\"@id\":\"https:\/\/noticiasya.com\/2024\/10\/28\/noboa-crisis-energetica-ecuador-petro-apagones-orix\/#breadcrumb\",\"itemListElement\":[{\"@type\":\"ListItem\",\"position\":1,\"name\":\"Home\",\"item\":\"https:\/\/noticiasya.com\/\"},{\"@type\":\"ListItem\",\"position\":2,\"name\":\"Noboa habla de la crisis energ\u00e9tica en Ecuador: plantea pedir apoyo a Petro y poner fin a los apagones en diciembre\"}]},{\"@type\":\"WebSite\",\"@id\":\"https:\/\/noticiasya.com\/#website\",\"url\":\"https:\/\/noticiasya.com\/\",\"name\":\"Noticias\",\"description\":\"Lo que importa\",\"publisher\":{\"@id\":\"https:\/\/noticiasya.com\/#organization\"},\"potentialAction\":[{\"@type\":\"SearchAction\",\"target\":{\"@type\":\"EntryPoint\",\"urlTemplate\":\"https:\/\/noticiasya.com\/?s={search_term_string}\"},\"query-input\":{\"@type\":\"PropertyValueSpecification\",\"valueRequired\":true,\"valueName\":\"search_term_string\"}}],\"inLanguage\":\"es\"},{\"@type\":\"Organization\",\"@id\":\"https:\/\/noticiasya.com\/#organization\",\"name\":\"Noticias\",\"url\":\"https:\/\/noticiasya.com\/\",\"logo\":{\"@type\":\"ImageObject\",\"inLanguage\":\"es\",\"@id\":\"https:\/\/noticiasya.com\/#\/schema\/logo\/image\/\",\"url\":\"https:\/\/noticiasya.com\/wp-content\/uploads\/sites\/22\/2023\/12\/logo-nacional.png\",\"contentUrl\":\"https:\/\/noticiasya.com\/wp-content\/uploads\/sites\/22\/2023\/12\/logo-nacional.png\",\"width\":1801,\"height\":691,\"caption\":\"Noticias\"},\"image\":{\"@id\":\"https:\/\/noticiasya.com\/#\/schema\/logo\/image\/\"}}]}<\/script>\n<!-- \/ Yoast SEO plugin. -->","yoast_head_json":{"title":"Noboa habla de la crisis energ\u00e9tica en Ecuador: plantea pedir apoyo a Petro y poner fin a los apagones en diciembre - Noticias","robots":{"index":"index","follow":"follow","max-snippet":"max-snippet:-1","max-image-preview":"max-image-preview:large","max-video-preview":"max-video-preview:-1"},"canonical":"https:\/\/noticiasya.com\/2024\/10\/28\/noboa-crisis-energetica-ecuador-petro-apagones-orix\/","og_locale":"es_ES","og_type":"article","og_title":"Noboa habla de la crisis energ\u00e9tica en Ecuador: plantea pedir apoyo a Petro y poner fin a los apagones en diciembre - Noticias","og_description":"(CNN Espa\u00f1ol) \u2013\u2013 El presidente de Ecuador, Daniel Noboa, afirm\u00f3 durante una entrevista este domingo que su hom\u00f3logo colombiano, Gustavo Petro, deber\u00eda reanudar la venta de energ\u00eda a su pa\u00eds y asegur\u00f3 que abordar\u00e1 esa petici\u00f3n el martes que visite Cali para participar en la Conferencia de las Naciones Unidas sobre Biodiversidad (COP16). &#171;Vi ah\u00ed [&hellip;]","og_url":"https:\/\/noticiasya.com\/2024\/10\/28\/noboa-crisis-energetica-ecuador-petro-apagones-orix\/","og_site_name":"Noticias","article_published_time":"2024-10-28T22:04:00+00:00","twitter_card":"summary_large_image","twitter_misc":{"Est. reading time":"2 minutos"},"schema":{"@context":"https:\/\/schema.org","@graph":[{"@type":"Article","@id":"https:\/\/noticiasya.com\/2024\/10\/28\/noboa-crisis-energetica-ecuador-petro-apagones-orix\/#article","isPartOf":{"@id":"https:\/\/noticiasya.com\/2024\/10\/28\/noboa-crisis-energetica-ecuador-petro-apagones-orix\/"},"author":{"name":"","@id":""},"headline":"Noboa habla de la crisis energ\u00e9tica en Ecuador: plantea pedir apoyo a Petro y poner fin a los apagones en diciembre","datePublished":"2024-10-28T22:04:00+00:00","mainEntityOfPage":{"@id":"https:\/\/noticiasya.com\/2024\/10\/28\/noboa-crisis-energetica-ecuador-petro-apagones-orix\/"},"wordCount":475,"commentCount":0,"publisher":{"@id":"https:\/\/noticiasya.com\/#organization"},"articleSection":["Noticias Nacionales"],"inLanguage":"es","potentialAction":[{"@type":"CommentAction","name":"Comment","target":["https:\/\/noticiasya.com\/2024\/10\/28\/noboa-crisis-energetica-ecuador-petro-apagones-orix\/#respond"]}]},{"@type":"WebPage","@id":"https:\/\/noticiasya.com\/2024\/10\/28\/noboa-crisis-energetica-ecuador-petro-apagones-orix\/","url":"https:\/\/noticiasya.com\/2024\/10\/28\/noboa-crisis-energetica-ecuador-petro-apagones-orix\/","name":"Noboa habla de la crisis energ\u00e9tica en Ecuador: plantea pedir apoyo a Petro y poner fin a los apagones en diciembre - Noticias","isPartOf":{"@id":"https:\/\/noticiasya.com\/#website"},"datePublished":"2024-10-28T22:04:00+00:00","breadcrumb":{"@id":"https:\/\/noticiasya.com\/2024\/10\/28\/noboa-crisis-energetica-ecuador-petro-apagones-orix\/#breadcrumb"},"inLanguage":"es","potentialAction":[{"@type":"ReadAction","target":["https:\/\/noticiasya.com\/2024\/10\/28\/noboa-crisis-energetica-ecuador-petro-apagones-orix\/"]}]},{"@type":"BreadcrumbList","@id":"https:\/\/noticiasya.com\/2024\/10\/28\/noboa-crisis-energetica-ecuador-petro-apagones-orix\/#breadcrumb","itemListElement":[{"@type":"ListItem","position":1,"name":"Home","item":"https:\/\/noticiasya.com\/"},{"@type":"ListItem","position":2,"name":"Noboa habla de la crisis energ\u00e9tica en Ecuador: plantea pedir apoyo a Petro y poner fin a los apagones en diciembre"}]},{"@type":"WebSite","@id":"https:\/\/noticiasya.com\/#website","url":"https:\/\/noticiasya.com\/","name":"Noticias","description":"Lo que importa","publisher":{"@id":"https:\/\/noticiasya.com\/#organization"},"potentialAction":[{"@type":"SearchAction","target":{"@type":"EntryPoint","urlTemplate":"https:\/\/noticiasya.com\/?s={search_term_string}"},"query-input":{"@type":"PropertyValueSpecification","valueRequired":true,"valueName":"search_term_string"}}],"inLanguage":"es"},{"@type":"Organization","@id":"https:\/\/noticiasya.com\/#organization","name":"Noticias","url":"https:\/\/noticiasya.com\/","logo":{"@type":"ImageObject","inLanguage":"es","@id":"https:\/\/noticiasya.com\/#\/schema\/logo\/image\/","url":"https:\/\/noticiasya.com\/wp-content\/uploads\/sites\/22\/2023\/12\/logo-nacional.png","contentUrl":"https:\/\/noticiasya.com\/wp-content\/uploads\/sites\/22\/2023\/12\/logo-nacional.png","width":1801,"height":691,"caption":"Noticias"},"image":{"@id":"https:\/\/noticiasya.com\/#\/schema\/logo\/image\/"}}]}},"parsely":{"version":"1.1.0","canonical_url":"https:\/\/noticiasya.com\/midland-odessa\/2024\/10\/28\/noboa-crisis-energetica-ecuador-petro-apagones-orix\/","smart_links":{"inbound":0,"outbound":0},"traffic_boost_suggestions_count":0,"meta":{"@context":"https:\/\/schema.org","@type":"NewsArticle","headline":"Noboa habla de la crisis energ\u00e9tica en Ecuador: plantea pedir apoyo a Petro y poner fin a los apagones en diciembre","url":"http:\/\/noticiasya.com\/midland-odessa\/2024\/10\/28\/noboa-crisis-energetica-ecuador-petro-apagones-orix\/","mainEntityOfPage":{"@type":"WebPage","@id":"http:\/\/noticiasya.com\/midland-odessa\/2024\/10\/28\/noboa-crisis-energetica-ecuador-petro-apagones-orix\/"},"thumbnailUrl":"","image":{"@type":"ImageObject","url":""},"articleSection":"Noticias Nacionales","author":[],"creator":[],"publisher":{"@type":"Organization","name":"Noticias","logo":""},"keywords":[],"dateCreated":"2024-10-28T22:04:00Z","datePublished":"2024-10-28T22:04:00Z","dateModified":"2024-10-28T22:04:00Z"},"rendered":"<script type=\"application\/ld+json\" class=\"wp-parsely-metadata\">{\"@context\":\"https:\\\/\\\/schema.org\",\"@type\":\"NewsArticle\",\"headline\":\"Noboa habla de la crisis energ\\u00e9tica en Ecuador: plantea pedir apoyo a Petro y poner fin a los apagones en diciembre\",\"url\":\"http:\\\/\\\/noticiasya.com\\\/midland-odessa\\\/2024\\\/10\\\/28\\\/noboa-crisis-energetica-ecuador-petro-apagones-orix\\\/\",\"mainEntityOfPage\":{\"@type\":\"WebPage\",\"@id\":\"http:\\\/\\\/noticiasya.com\\\/midland-odessa\\\/2024\\\/10\\\/28\\\/noboa-crisis-energetica-ecuador-petro-apagones-orix\\\/\"},\"thumbnailUrl\":\"\",\"image\":{\"@type\":\"ImageObject\",\"url\":\"\"},\"articleSection\":\"Noticias Nacionales\",\"author\":[],\"creator\":[],\"publisher\":{\"@type\":\"Organization\",\"name\":\"Noticias\",\"logo\":\"\"},\"keywords\":[],\"dateCreated\":\"2024-10-28T22:04:00Z\",\"datePublished\":\"2024-10-28T22:04:00Z\",\"dateModified\":\"2024-10-28T22:04:00Z\"}<\/script>","tracker_url":"https:\/\/cdn.parsely.com\/keys\/noticiasya.com\/p.js"},"jetpack_featured_media_url":"","jetpack-related-posts":[{"id":1470372,"url":"https:\/\/noticiasya.com\/midland-odessa\/2026\/01\/22\/colombia-ecuador-petro-noboa-aranceles-orix\/","url_meta":{"origin":1455402,"position":0},"title":"Colombia suspende venta de energ\u00eda a Ecuador e impone aranceles del 30% a productos de ese pa\u00eds","author":"","date":"enero 22, 2026","format":false,"excerpt":"Las relaciones diplom\u00e1ticas y comerciales entre Ecuador y Colombia atraviesan un momento dif\u00edcil tras el anuncio del presidente ecuatoriano, Daniel Noboa, de imponer un arancel del 30% -denominado \u201ctasa de seguridad\u201d- a las importaciones colombianas desde el 1 de febrero.Seg\u00fan Noboa, el Gobierno del presidente Gustavo Petro no est\u00e1 tomando\u2026","rel":"","context":"In &quot;Noticias Nacionales&quot;","block_context":{"text":"Noticias Nacionales","link":"https:\/\/noticiasya.com\/midland-odessa\/categoria\/noticias-nacionales"},"img":{"alt_text":"","src":"","width":0,"height":0},"classes":[]},{"id":1448684,"url":"https:\/\/noticiasya.com\/midland-odessa\/2024\/04\/29\/reduccion-cortes-electricidad-ecuador-acuerdo-colombia-orix\/","url_meta":{"origin":1455402,"position":1},"title":"Prev\u00e9n reducci\u00f3n de cortes de electricidad en Ecuador tras acuerdo para compra de energ\u00eda a Colombia","author":"","date":"abril 29, 2024","format":false,"excerpt":"(CNN Espa\u00f1ol) -- El encargado del Ministerio de Energ\u00eda de Ecuador, Roberto Luque, dijo que prev\u00e9n que se reducir\u00e1n los cortes el\u00e9ctricos en el pa\u00eds, debido al restablecimiento de la interconexi\u00f3n con Colombia que permitir\u00e1 retomar la compra de electricidad al pa\u00eds vecino, misma que se hab\u00eda suspendido a mediados\u2026","rel":"","context":"In &quot;Noticias Nacionales&quot;","block_context":{"text":"Noticias Nacionales","link":"https:\/\/noticiasya.com\/midland-odessa\/categoria\/noticias-nacionales"},"img":{"alt_text":"","src":"","width":0,"height":0},"classes":[]},{"id":1470429,"url":"https:\/\/noticiasya.com\/midland-odessa\/2026\/01\/23\/tensiones-ecuador-colombia-dialogo-aranceles-afectaciones-orix\/","url_meta":{"origin":1455402,"position":2},"title":"Tras tensiones, Ecuador y Colombia abren la puerta al di\u00e1logo. Conflicto prolongado afectar\u00eda a ambos pa\u00edses, dicen analistas","author":"","date":"enero 23, 2026","format":false,"excerpt":"Despu\u00e9s de una semana de tensiones, los gobiernos de Ecuador y de Colombia abrieron la puerta al di\u00e1logo y a intentar desescalar la situaci\u00f3n, que comenz\u00f3 cuando el presidente de Ecuador, Daniel Noboa, anunci\u00f3 la imposici\u00f3n de aranceles del 30% a los productos colombianos a partir del 1 de febrero\u2026","rel":"","context":"In &quot;Noticias Nacionales&quot;","block_context":{"text":"Noticias Nacionales","link":"https:\/\/noticiasya.com\/midland-odessa\/categoria\/noticias-nacionales"},"img":{"alt_text":"","src":"","width":0,"height":0},"classes":[]},{"id":1472277,"url":"https:\/\/noticiasya.com\/midland-odessa\/2026\/03\/17\/noboa-acusacion-petro-bomba-colombia-ecuador-orix\/","url_meta":{"origin":1455402,"position":3},"title":"Noboa responde a acusaciones de Petro sobre una supuesta bomba lanzada a territorio colombiano","author":"","date":"marzo 17, 2026","format":false,"excerpt":"No hay tregua en los cruces entre Ecuador y Colombia, que se reclaman mutuamente mayor cooperaci\u00f3n en la lucha contra el crimen organizado y el narcotr\u00e1fico. En un nuevo punto de tensi\u00f3n, el presidente de Colombia, Gustavo Petro, denunci\u00f3 este lunes que en su territorio se habr\u00eda encontrado una bomba\u2026","rel":"","context":"In &quot;Noticias Nacionales&quot;","block_context":{"text":"Noticias Nacionales","link":"https:\/\/noticiasya.com\/midland-odessa\/categoria\/noticias-nacionales"},"img":{"alt_text":"","src":"","width":0,"height":0},"classes":[]},{"id":1473316,"url":"https:\/\/noticiasya.com\/midland-odessa\/2026\/04\/19\/petro-demanda-calumnias-noboa-fito-orix\/","url_meta":{"origin":1455402,"position":4},"title":"Petro dice que demandar\u00e1 por calumnias a Noboa por vincularlo con el narcotraficante alias Fito","author":"","date":"abril 19, 2026","format":false,"excerpt":"La tensi\u00f3n entre los gobiernos de Colombia y Ecuador contin\u00faa escalando y este domingo el presidente Gustavo Petro anunci\u00f3 que demandar\u00e1 penalmente a su hom\u00f3logo Daniel Noboa, quien el s\u00e1bado habl\u00f3 de presuntos v\u00ednculos indirectos entre el mandatario colombiano y el narcotraficante ecuatoriano Jos\u00e9 Adolfo Mac\u00edas Villamar, alias Fito.Petro, quien\u2026","rel":"","context":"In &quot;Noticias Nacionales&quot;","block_context":{"text":"Noticias Nacionales","link":"https:\/\/noticiasya.com\/midland-odessa\/categoria\/noticias-nacionales"},"img":{"alt_text":"","src":"","width":0,"height":0},"classes":[]},{"id":1470653,"url":"https:\/\/noticiasya.com\/midland-odessa\/2026\/01\/30\/noboa-trump-aliado-relacion-petro-colombia-eeuu-orix\/","url_meta":{"origin":1455402,"position":5},"title":"Daniel Noboa es uno de los mayores aliados de Trump en la regi\u00f3n, pero esa relaci\u00f3n es cada vez m\u00e1s un arma de doble filo","author":"","date":"enero 30, 2026","format":false,"excerpt":"Pocos d\u00edas antes de la reuni\u00f3n prevista en Washington entre el presidente de Colombia, Gustavo Petro, y el mandatario estadounidense, Donald Trump, un tercer actor pol\u00edtico entr\u00f3 en escena de manera sorpresiva para arremeter con dureza en contra de Petro y su Gobierno. Se trata del presidente de Ecuador, Daniel\u2026","rel":"","context":"In &quot;Noticias Nacionales&quot;","block_context":{"text":"Noticias Nacionales","link":"https:\/\/noticiasya.com\/midland-odessa\/categoria\/noticias-nacionales"},"img":{"alt_text":"","src":"","width":0,"height":0},"classes":[]}],"jetpack_sharing_enabled":true,"_links":{"self":[{"href":"https:\/\/noticiasya.com\/midland-odessa\/wp-json\/wp\/v2\/posts\/1455402","targetHints":{"allow":["GET"]}}],"collection":[{"href":"https:\/\/noticiasya.com\/midland-odessa\/wp-json\/wp\/v2\/posts"}],"about":[{"href":"https:\/\/noticiasya.com\/midland-odessa\/wp-json\/wp\/v2\/types\/post"}],"replies":[{"embeddable":true,"href":"https:\/\/noticiasya.com\/midland-odessa\/wp-json\/wp\/v2\/comments?post=1455402"}],"version-history":[{"count":0,"href":"https:\/\/noticiasya.com\/midland-odessa\/wp-json\/wp\/v2\/posts\/1455402\/revisions"}],"wp:attachment":[{"href":"https:\/\/noticiasya.com\/midland-odessa\/wp-json\/wp\/v2\/media?parent=1455402"}],"wp:term":[{"taxonomy":"category","embeddable":true,"href":"https:\/\/noticiasya.com\/midland-odessa\/wp-json\/wp\/v2\/categories?post=1455402"},{"taxonomy":"post_tag","embeddable":true,"href":"https:\/\/noticiasya.com\/midland-odessa\/wp-json\/wp\/v2\/tags?post=1455402"}],"curies":[{"name":"wp","href":"https:\/\/api.w.org\/{rel}","templated":true}]}}