{"id":1455413,"date":"2024-10-28T17:03:49","date_gmt":"2024-10-29T00:03:49","guid":{"rendered":"https:\/\/noticiasya.com\/2024\/10\/28\/bolivia-acusa-evo-morales-fabricar-magnicidio-morales-responde-quieren-convertir-victima-en-victimario-orix\/"},"modified":"2024-10-28T17:03:49","modified_gmt":"2024-10-29T00:03:49","slug":"bolivia-acusa-evo-morales-fabricar-magnicidio-morales-responde-quieren-convertir-victima-en-victimario-orix","status":"publish","type":"post","link":"https:\/\/noticiasya.com\/midland-odessa\/2024\/10\/28\/bolivia-acusa-evo-morales-fabricar-magnicidio-morales-responde-quieren-convertir-victima-en-victimario-orix\/","title":{"rendered":"Gobierno de Bolivia acusa a Evo Morales de fabricar un intento de magnicidio; Morales responde que quieren convertir \u201ca la v\u00edctima en victimario\u201d"},"content":{"rendered":"<p>(CNN) &#8212; El ministro de Gobierno de Bolivia, Eduardo del Castillo, acus\u00f3 este lunes al expresidente Evo Morales de fabricar un intento de magnicidio para ocultar que no se detuvo ante un control policial en una carretera y que desde su veh\u00edculo se dispar\u00f3 a agentes.<\/p>\n<p>&#171;Se\u00f1or Morales, nadie le cree el teatro que ha realizado, pero usted va a tener que responder a la Justicia boliviana por el delito de asesinato en grado de tentativa. Esta denuncia ya ha sido presentada el d\u00eda de ayer por los miembros de la Polic\u00eda boliviana&#187;, afirm\u00f3 el funcionario en conferencia de prensa.<\/p>\n<p>Seg\u00fan Del Castillo, Morales iba a bordo de un veh\u00edculo este domingo en una carretera del municipio de Villa Tunari, en Cochabamba, cuando en lugar de parar en un puesto de control policial antidrogas, el veh\u00edculo aceler\u00f3, atropell\u00f3 a un agente que se encuentra hospitalizado y luego se abri\u00f3 fuego desde el interior contra los agentes.<\/p>\n<p>Eduardo del Castillo: veh\u00edculo donde viajaba Evo Morales agredi\u00f3 a polic\u00edas<\/p>\n<p>El funcionario dijo que el veh\u00edculo luego escap\u00f3 y que al momento del incidente se desconoc\u00eda que Morales iba en el interior.<\/p>\n<p>El expresidente respondi\u00f3 en X a los se\u00f1alamientos de Del Castillo e insisti\u00f3 en que el gobierno de Arce \u201ctard\u00f3 30 horas en fabricar una mentira y quiere convertir a la v\u00edctima en victimario\u201d. \u201cDenunciamos que el gobierno de Arce planific\u00f3 y ejecut\u00f3 un operativo policial para acabar con mi vida. Hay muchas pruebas de que nos emboscaron, pero dicen que nosotros disparamos. Ninguno de nosotros llevaba ning\u00fan tipo de armamento\u201d, escribi\u00f3.<\/p>\n<p>El domingo, Radio Kawsachun Coca, medio af\u00edn al expresidente, public\u00f3 videos de simpatizantes de Morales instalados frente a un cuartel militar de la Novena Divisi\u00f3n del Ej\u00e9rcito, ubicado en Cochabamba, en el que se\u00f1ala que sus integrantes participaron en el supuesto ataque contra el expresidente, algo que negaron las Fuerzas Armadas.<\/p>\n<p>En ese incidente, un militar que resguardaba la entrada hizo disparos al aire y orden\u00f3 a la gente que se apartase, pero el grupo tom\u00f3 unos veh\u00edculos que supuestamente se utilizaron en el ataque y les prendi\u00f3 fuego.<\/p>\n<p>The-CNN-Wire<br \/>&trade; &amp; &copy; 2024 Cable News Network, Inc., a Warner Bros. Discovery Company. All rights reserved.<\/p>\n","protected":false},"excerpt":{"rendered":"<p>(CNN) &#8212; El ministro de Gobierno de Bolivia, Eduardo del Castillo, acus\u00f3 este lunes al expresidente Evo Morales de fabricar un intento de magnicidio para ocultar que no se detuvo ante un control policial en una carretera y que desde su veh\u00edculo se dispar\u00f3 a agentes. &#171;Se\u00f1or Morales, nadie le cree el teatro que ha [&hellip;]<\/p>\n","protected":false},"author":0,"featured_media":0,"comment_status":"open","ping_status":"open","sticky":false,"template":"","format":"standard","meta":{"_jetpack_memberships_contains_paid_content":false,"footnotes":""},"categories":[10],"tags":[],"class_list":["post-1455413","post","type-post","status-publish","format-standard","hentry","category-noticias-nacionales","market-global"],"yoast_head":"<!-- This site is optimized with the Yoast SEO plugin v24.4 - https:\/\/yoast.com\/wordpress\/plugins\/seo\/ -->\n<title>Gobierno de Bolivia acusa a Evo Morales de fabricar un intento de magnicidio; Morales responde que quieren convertir \u201ca la v\u00edctima en victimario\u201d - Noticias<\/title>\n<meta name=\"robots\" content=\"index, follow, max-snippet:-1, max-image-preview:large, max-video-preview:-1\" \/>\n<link rel=\"canonical\" href=\"https:\/\/noticiasya.com\/2024\/10\/28\/bolivia-acusa-evo-morales-fabricar-magnicidio-morales-responde-quieren-convertir-victima-en-victimario-orix\/\" \/>\n<meta property=\"og:locale\" content=\"es_ES\" \/>\n<meta property=\"og:type\" content=\"article\" \/>\n<meta property=\"og:title\" content=\"Gobierno de Bolivia acusa a Evo Morales de fabricar un intento de magnicidio; Morales responde que quieren convertir \u201ca la v\u00edctima en victimario\u201d - Noticias\" \/>\n<meta property=\"og:description\" content=\"(CNN) &#8212; El ministro de Gobierno de Bolivia, Eduardo del Castillo, acus\u00f3 este lunes al expresidente Evo Morales de fabricar un intento de magnicidio para ocultar que no se detuvo ante un control policial en una carretera y que desde su veh\u00edculo se dispar\u00f3 a agentes. &#171;Se\u00f1or Morales, nadie le cree el teatro que ha [&hellip;]\" \/>\n<meta property=\"og:url\" content=\"https:\/\/noticiasya.com\/2024\/10\/28\/bolivia-acusa-evo-morales-fabricar-magnicidio-morales-responde-quieren-convertir-victima-en-victimario-orix\/\" \/>\n<meta property=\"og:site_name\" content=\"Noticias\" \/>\n<meta property=\"article:published_time\" content=\"2024-10-29T00:03:49+00:00\" \/>\n<meta name=\"twitter:card\" content=\"summary_large_image\" \/>\n<meta name=\"twitter:label1\" content=\"Est. reading time\" \/>\n\t<meta name=\"twitter:data1\" content=\"2 minutos\" \/>\n<script type=\"application\/ld+json\" class=\"yoast-schema-graph\">{\"@context\":\"https:\/\/schema.org\",\"@graph\":[{\"@type\":\"Article\",\"@id\":\"https:\/\/noticiasya.com\/2024\/10\/28\/bolivia-acusa-evo-morales-fabricar-magnicidio-morales-responde-quieren-convertir-victima-en-victimario-orix\/#article\",\"isPartOf\":{\"@id\":\"https:\/\/noticiasya.com\/2024\/10\/28\/bolivia-acusa-evo-morales-fabricar-magnicidio-morales-responde-quieren-convertir-victima-en-victimario-orix\/\"},\"author\":{\"name\":\"\",\"@id\":\"\"},\"headline\":\"Gobierno de Bolivia acusa a Evo Morales de fabricar un intento de magnicidio; Morales responde que quieren convertir \u201ca la v\u00edctima en victimario\u201d\",\"datePublished\":\"2024-10-29T00:03:49+00:00\",\"mainEntityOfPage\":{\"@id\":\"https:\/\/noticiasya.com\/2024\/10\/28\/bolivia-acusa-evo-morales-fabricar-magnicidio-morales-responde-quieren-convertir-victima-en-victimario-orix\/\"},\"wordCount\":408,\"commentCount\":0,\"publisher\":{\"@id\":\"https:\/\/noticiasya.com\/#organization\"},\"articleSection\":[\"Noticias Nacionales\"],\"inLanguage\":\"es\",\"potentialAction\":[{\"@type\":\"CommentAction\",\"name\":\"Comment\",\"target\":[\"https:\/\/noticiasya.com\/2024\/10\/28\/bolivia-acusa-evo-morales-fabricar-magnicidio-morales-responde-quieren-convertir-victima-en-victimario-orix\/#respond\"]}]},{\"@type\":\"WebPage\",\"@id\":\"https:\/\/noticiasya.com\/2024\/10\/28\/bolivia-acusa-evo-morales-fabricar-magnicidio-morales-responde-quieren-convertir-victima-en-victimario-orix\/\",\"url\":\"https:\/\/noticiasya.com\/2024\/10\/28\/bolivia-acusa-evo-morales-fabricar-magnicidio-morales-responde-quieren-convertir-victima-en-victimario-orix\/\",\"name\":\"Gobierno de Bolivia acusa a Evo Morales de fabricar un intento de magnicidio; Morales responde que quieren convertir \u201ca la v\u00edctima en victimario\u201d - Noticias\",\"isPartOf\":{\"@id\":\"https:\/\/noticiasya.com\/#website\"},\"datePublished\":\"2024-10-29T00:03:49+00:00\",\"breadcrumb\":{\"@id\":\"https:\/\/noticiasya.com\/2024\/10\/28\/bolivia-acusa-evo-morales-fabricar-magnicidio-morales-responde-quieren-convertir-victima-en-victimario-orix\/#breadcrumb\"},\"inLanguage\":\"es\",\"potentialAction\":[{\"@type\":\"ReadAction\",\"target\":[\"https:\/\/noticiasya.com\/2024\/10\/28\/bolivia-acusa-evo-morales-fabricar-magnicidio-morales-responde-quieren-convertir-victima-en-victimario-orix\/\"]}]},{\"@type\":\"BreadcrumbList\",\"@id\":\"https:\/\/noticiasya.com\/2024\/10\/28\/bolivia-acusa-evo-morales-fabricar-magnicidio-morales-responde-quieren-convertir-victima-en-victimario-orix\/#breadcrumb\",\"itemListElement\":[{\"@type\":\"ListItem\",\"position\":1,\"name\":\"Home\",\"item\":\"https:\/\/noticiasya.com\/\"},{\"@type\":\"ListItem\",\"position\":2,\"name\":\"Gobierno de Bolivia acusa a Evo Morales de fabricar un intento de magnicidio; Morales responde que quieren convertir \u201ca la v\u00edctima en victimario\u201d\"}]},{\"@type\":\"WebSite\",\"@id\":\"https:\/\/noticiasya.com\/#website\",\"url\":\"https:\/\/noticiasya.com\/\",\"name\":\"Noticias\",\"description\":\"Lo que importa\",\"publisher\":{\"@id\":\"https:\/\/noticiasya.com\/#organization\"},\"potentialAction\":[{\"@type\":\"SearchAction\",\"target\":{\"@type\":\"EntryPoint\",\"urlTemplate\":\"https:\/\/noticiasya.com\/?s={search_term_string}\"},\"query-input\":{\"@type\":\"PropertyValueSpecification\",\"valueRequired\":true,\"valueName\":\"search_term_string\"}}],\"inLanguage\":\"es\"},{\"@type\":\"Organization\",\"@id\":\"https:\/\/noticiasya.com\/#organization\",\"name\":\"Noticias\",\"url\":\"https:\/\/noticiasya.com\/\",\"logo\":{\"@type\":\"ImageObject\",\"inLanguage\":\"es\",\"@id\":\"https:\/\/noticiasya.com\/#\/schema\/logo\/image\/\",\"url\":\"https:\/\/noticiasya.com\/wp-content\/uploads\/sites\/22\/2023\/12\/logo-nacional.png\",\"contentUrl\":\"https:\/\/noticiasya.com\/wp-content\/uploads\/sites\/22\/2023\/12\/logo-nacional.png\",\"width\":1801,\"height\":691,\"caption\":\"Noticias\"},\"image\":{\"@id\":\"https:\/\/noticiasya.com\/#\/schema\/logo\/image\/\"}}]}<\/script>\n<!-- \/ Yoast SEO plugin. -->","yoast_head_json":{"title":"Gobierno de Bolivia acusa a Evo Morales de fabricar un intento de magnicidio; Morales responde que quieren convertir \u201ca la v\u00edctima en victimario\u201d - Noticias","robots":{"index":"index","follow":"follow","max-snippet":"max-snippet:-1","max-image-preview":"max-image-preview:large","max-video-preview":"max-video-preview:-1"},"canonical":"https:\/\/noticiasya.com\/2024\/10\/28\/bolivia-acusa-evo-morales-fabricar-magnicidio-morales-responde-quieren-convertir-victima-en-victimario-orix\/","og_locale":"es_ES","og_type":"article","og_title":"Gobierno de Bolivia acusa a Evo Morales de fabricar un intento de magnicidio; Morales responde que quieren convertir \u201ca la v\u00edctima en victimario\u201d - Noticias","og_description":"(CNN) &#8212; El ministro de Gobierno de Bolivia, Eduardo del Castillo, acus\u00f3 este lunes al expresidente Evo Morales de fabricar un intento de magnicidio para ocultar que no se detuvo ante un control policial en una carretera y que desde su veh\u00edculo se dispar\u00f3 a agentes. &#171;Se\u00f1or Morales, nadie le cree el teatro que ha [&hellip;]","og_url":"https:\/\/noticiasya.com\/2024\/10\/28\/bolivia-acusa-evo-morales-fabricar-magnicidio-morales-responde-quieren-convertir-victima-en-victimario-orix\/","og_site_name":"Noticias","article_published_time":"2024-10-29T00:03:49+00:00","twitter_card":"summary_large_image","twitter_misc":{"Est. reading time":"2 minutos"},"schema":{"@context":"https:\/\/schema.org","@graph":[{"@type":"Article","@id":"https:\/\/noticiasya.com\/2024\/10\/28\/bolivia-acusa-evo-morales-fabricar-magnicidio-morales-responde-quieren-convertir-victima-en-victimario-orix\/#article","isPartOf":{"@id":"https:\/\/noticiasya.com\/2024\/10\/28\/bolivia-acusa-evo-morales-fabricar-magnicidio-morales-responde-quieren-convertir-victima-en-victimario-orix\/"},"author":{"name":"","@id":""},"headline":"Gobierno de Bolivia acusa a Evo Morales de fabricar un intento de magnicidio; Morales responde que quieren convertir \u201ca la v\u00edctima en victimario\u201d","datePublished":"2024-10-29T00:03:49+00:00","mainEntityOfPage":{"@id":"https:\/\/noticiasya.com\/2024\/10\/28\/bolivia-acusa-evo-morales-fabricar-magnicidio-morales-responde-quieren-convertir-victima-en-victimario-orix\/"},"wordCount":408,"commentCount":0,"publisher":{"@id":"https:\/\/noticiasya.com\/#organization"},"articleSection":["Noticias Nacionales"],"inLanguage":"es","potentialAction":[{"@type":"CommentAction","name":"Comment","target":["https:\/\/noticiasya.com\/2024\/10\/28\/bolivia-acusa-evo-morales-fabricar-magnicidio-morales-responde-quieren-convertir-victima-en-victimario-orix\/#respond"]}]},{"@type":"WebPage","@id":"https:\/\/noticiasya.com\/2024\/10\/28\/bolivia-acusa-evo-morales-fabricar-magnicidio-morales-responde-quieren-convertir-victima-en-victimario-orix\/","url":"https:\/\/noticiasya.com\/2024\/10\/28\/bolivia-acusa-evo-morales-fabricar-magnicidio-morales-responde-quieren-convertir-victima-en-victimario-orix\/","name":"Gobierno de Bolivia acusa a Evo Morales de fabricar un intento de magnicidio; Morales responde que quieren convertir \u201ca la v\u00edctima en victimario\u201d - Noticias","isPartOf":{"@id":"https:\/\/noticiasya.com\/#website"},"datePublished":"2024-10-29T00:03:49+00:00","breadcrumb":{"@id":"https:\/\/noticiasya.com\/2024\/10\/28\/bolivia-acusa-evo-morales-fabricar-magnicidio-morales-responde-quieren-convertir-victima-en-victimario-orix\/#breadcrumb"},"inLanguage":"es","potentialAction":[{"@type":"ReadAction","target":["https:\/\/noticiasya.com\/2024\/10\/28\/bolivia-acusa-evo-morales-fabricar-magnicidio-morales-responde-quieren-convertir-victima-en-victimario-orix\/"]}]},{"@type":"BreadcrumbList","@id":"https:\/\/noticiasya.com\/2024\/10\/28\/bolivia-acusa-evo-morales-fabricar-magnicidio-morales-responde-quieren-convertir-victima-en-victimario-orix\/#breadcrumb","itemListElement":[{"@type":"ListItem","position":1,"name":"Home","item":"https:\/\/noticiasya.com\/"},{"@type":"ListItem","position":2,"name":"Gobierno de Bolivia acusa a Evo Morales de fabricar un intento de magnicidio; Morales responde que quieren convertir \u201ca la v\u00edctima en victimario\u201d"}]},{"@type":"WebSite","@id":"https:\/\/noticiasya.com\/#website","url":"https:\/\/noticiasya.com\/","name":"Noticias","description":"Lo que importa","publisher":{"@id":"https:\/\/noticiasya.com\/#organization"},"potentialAction":[{"@type":"SearchAction","target":{"@type":"EntryPoint","urlTemplate":"https:\/\/noticiasya.com\/?s={search_term_string}"},"query-input":{"@type":"PropertyValueSpecification","valueRequired":true,"valueName":"search_term_string"}}],"inLanguage":"es"},{"@type":"Organization","@id":"https:\/\/noticiasya.com\/#organization","name":"Noticias","url":"https:\/\/noticiasya.com\/","logo":{"@type":"ImageObject","inLanguage":"es","@id":"https:\/\/noticiasya.com\/#\/schema\/logo\/image\/","url":"https:\/\/noticiasya.com\/wp-content\/uploads\/sites\/22\/2023\/12\/logo-nacional.png","contentUrl":"https:\/\/noticiasya.com\/wp-content\/uploads\/sites\/22\/2023\/12\/logo-nacional.png","width":1801,"height":691,"caption":"Noticias"},"image":{"@id":"https:\/\/noticiasya.com\/#\/schema\/logo\/image\/"}}]}},"parsely":{"version":"1.1.0","canonical_url":"https:\/\/noticiasya.com\/midland-odessa\/2024\/10\/28\/bolivia-acusa-evo-morales-fabricar-magnicidio-morales-responde-quieren-convertir-victima-en-victimario-orix\/","smart_links":{"inbound":0,"outbound":0},"traffic_boost_suggestions_count":0,"meta":{"@context":"https:\/\/schema.org","@type":"NewsArticle","headline":"Gobierno de Bolivia acusa a Evo Morales de fabricar un intento de magnicidio; Morales responde que quieren convertir \u201ca la v\u00edctima en victimario\u201d","url":"http:\/\/noticiasya.com\/midland-odessa\/2024\/10\/28\/bolivia-acusa-evo-morales-fabricar-magnicidio-morales-responde-quieren-convertir-victima-en-victimario-orix\/","mainEntityOfPage":{"@type":"WebPage","@id":"http:\/\/noticiasya.com\/midland-odessa\/2024\/10\/28\/bolivia-acusa-evo-morales-fabricar-magnicidio-morales-responde-quieren-convertir-victima-en-victimario-orix\/"},"thumbnailUrl":"","image":{"@type":"ImageObject","url":""},"articleSection":"Noticias Nacionales","author":[],"creator":[],"publisher":{"@type":"Organization","name":"Noticias","logo":""},"keywords":[],"dateCreated":"2024-10-29T00:03:49Z","datePublished":"2024-10-29T00:03:49Z","dateModified":"2024-10-29T00:03:49Z"},"rendered":"<script type=\"application\/ld+json\" class=\"wp-parsely-metadata\">{\"@context\":\"https:\\\/\\\/schema.org\",\"@type\":\"NewsArticle\",\"headline\":\"Gobierno de Bolivia acusa a Evo Morales de fabricar un intento de magnicidio; Morales responde que quieren convertir \\u201ca la v\\u00edctima en victimario\\u201d\",\"url\":\"http:\\\/\\\/noticiasya.com\\\/midland-odessa\\\/2024\\\/10\\\/28\\\/bolivia-acusa-evo-morales-fabricar-magnicidio-morales-responde-quieren-convertir-victima-en-victimario-orix\\\/\",\"mainEntityOfPage\":{\"@type\":\"WebPage\",\"@id\":\"http:\\\/\\\/noticiasya.com\\\/midland-odessa\\\/2024\\\/10\\\/28\\\/bolivia-acusa-evo-morales-fabricar-magnicidio-morales-responde-quieren-convertir-victima-en-victimario-orix\\\/\"},\"thumbnailUrl\":\"\",\"image\":{\"@type\":\"ImageObject\",\"url\":\"\"},\"articleSection\":\"Noticias Nacionales\",\"author\":[],\"creator\":[],\"publisher\":{\"@type\":\"Organization\",\"name\":\"Noticias\",\"logo\":\"\"},\"keywords\":[],\"dateCreated\":\"2024-10-29T00:03:49Z\",\"datePublished\":\"2024-10-29T00:03:49Z\",\"dateModified\":\"2024-10-29T00:03:49Z\"}<\/script>","tracker_url":"https:\/\/cdn.parsely.com\/keys\/noticiasya.com\/p.js"},"jetpack_featured_media_url":"","jetpack-related-posts":[{"id":1455421,"url":"https:\/\/noticiasya.com\/midland-odessa\/2024\/10\/29\/evo-morales-reitera-que-hubo-intento-de-magnicidio-en-su-contra-orix\/","url_meta":{"origin":1455413,"position":0},"title":"Evo Morales reitera que hubo un intento de magnicidio en su contra y acusa al Gobierno de Bolivia de fabricar una mentira","author":"","date":"octubre 29, 2024","format":false,"excerpt":"(CNN Espa\u00f1ol) -- El expresidente de Bolivia, Evo Morales, rechaz\u00f3 este lunes las declaraciones del ministro de Gobierno, Eduardo del Castillo, quien lo acus\u00f3 de fabricar un intento de magnicidio para ocultar que no se detuvo ante un control policial en una carretera y que desde su veh\u00edculo se dispar\u00f3\u2026","rel":"","context":"In &quot;Noticias Nacionales&quot;","block_context":{"text":"Noticias Nacionales","link":"https:\/\/noticiasya.com\/midland-odessa\/categoria\/noticias-nacionales"},"img":{"alt_text":"","src":"","width":0,"height":0},"classes":[]},{"id":1455447,"url":"https:\/\/noticiasya.com\/midland-odessa\/2024\/10\/30\/gobierno-bolivia-acusa-evo-morales-utilizar-armas-fuego-atentado-orix\/","url_meta":{"origin":1455413,"position":1},"title":"Gobierno de Bolivia acusa a Evo Morales de portar y utilizar armas de fuego contra la polic\u00eda durante presunto atentado","author":"","date":"octubre 30, 2024","format":false,"excerpt":"(CNN Espa\u00f1ol) -- Luego de la denuncia del expresidente Evo Morales, quien acus\u00f3 al Gobierno de Luis Arce de planificar un presunto atentado en su contra, el ministro de Gobierno de Bolivia, Eduardo Del Castillo, insisti\u00f3 este mi\u00e9rcoles en que Morales utiliz\u00f3 armas de fuego contra la polic\u00eda para evadir\u2026","rel":"","context":"In &quot;Noticias Nacionales&quot;","block_context":{"text":"Noticias Nacionales","link":"https:\/\/noticiasya.com\/midland-odessa\/categoria\/noticias-nacionales"},"img":{"alt_text":"","src":"","width":0,"height":0},"classes":[]},{"id":1457492,"url":"https:\/\/noticiasya.com\/midland-odessa\/2025\/01\/13\/gobierno-bolivia-enfrentamientos-policia-audiencia-evo-morales-orix\/","url_meta":{"origin":1455413,"position":2},"title":"Gobierno de Bolivia reporta al menos cinco heridos en enfrentamientos con la Polic\u00eda a un d\u00eda de la audiencia de Evo Morales","author":"","date":"enero 13, 2025","format":false,"excerpt":"A solo un d\u00eda de la audiencia de medidas cautelares en contra del expresidente de Bolivia Evo Morales por la acusaci\u00f3n de trata de personas, el Gobierno report\u00f3 enfrentamientos entre grupos afines al exmandatario y la Polic\u00eda en el sector de Cochabamba. Al menos cinco personas resultaron heridas, seg\u00fan las\u2026","rel":"","context":"In &quot;Noticias Nacionales&quot;","block_context":{"text":"Noticias Nacionales","link":"https:\/\/noticiasya.com\/midland-odessa\/categoria\/noticias-nacionales"},"img":{"alt_text":"","src":"","width":0,"height":0},"classes":[]},{"id":1465460,"url":"https:\/\/noticiasya.com\/midland-odessa\/2025\/08\/13\/candidatos-mas-bolivia-rodriguez-castillo-orix\/","url_meta":{"origin":1455413,"position":3},"title":"Un oficialismo partido entre Arce y Morales divide sus votos entre dos candidatos","author":"","date":"agosto 13, 2025","format":false,"excerpt":"El Movimiento al Socialismo (MAS) llega completamente fragmentado y debilitado a las elecciones generales de este domingo 17 de agosto en Bolivia.Mientras que el presidente Luis Arce decidi\u00f3 no presentarse a una reelecci\u00f3n, Evo Morales llam\u00f3 al sufragio nulo y los dos candidatos, Andr\u00f3nico Rodr\u00edguez y Eduardo del Castillo, que\u2026","rel":"","context":"In &quot;Noticias Nacionales&quot;","block_context":{"text":"Noticias Nacionales","link":"https:\/\/noticiasya.com\/midland-odessa\/categoria\/noticias-nacionales"},"img":{"alt_text":"","src":"","width":0,"height":0},"classes":[]},{"id":1457031,"url":"https:\/\/noticiasya.com\/midland-odessa\/2024\/12\/27\/evo-morales-audiencia-judicial-acusacion-trata-personas-orix\/","url_meta":{"origin":1455413,"position":4},"title":"Citan a Evo Morales a audiencia judicial el 14 de enero por acusaci\u00f3n de trata de personas","author":"","date":"diciembre 27, 2024","format":false,"excerpt":"Un juez de Tarija, Bolivia, cit\u00f3 al expresidente Evo Morales a una audiencia el 14 de enero por el caso de trata de personas abierto en su contra, report\u00f3 este viernes la estatal Agencia Boliviana de Informaci\u00f3n (ABI) citando el edicto. Morales ha rechazado las acusaciones.El exmandatario fue convocado a\u2026","rel":"","context":"In &quot;Noticias Nacionales&quot;","block_context":{"text":"Noticias Nacionales","link":"https:\/\/noticiasya.com\/midland-odessa\/categoria\/noticias-nacionales"},"img":{"alt_text":"","src":"","width":0,"height":0},"classes":[]},{"id":1452947,"url":"https:\/\/noticiasya.com\/midland-odessa\/2024\/09\/23\/gobierno-bolivia-denuncia-presunta-agresion-simpatizante-evo-morales-expresidente-dice-movilizacion-es-pacifica-orix\/","url_meta":{"origin":1455413,"position":5},"title":"Gobierno de Bolivia denuncia presunta agresi\u00f3n de simpatizantes de Evo Morales en El Alto; el expresidente dice que su movilizaci\u00f3n es pac\u00edfica","author":"","date":"septiembre 23, 2024","format":false,"excerpt":"(CNN) -- El Gobierno de Bolivia denunci\u00f3 este domingo una presunta agresi\u00f3n de simpatizantes del expresidente Evo Morales\u00a0que dej\u00f3 heridos en Ventilla, en la ciudad de El Alto, mientras que el exmandatario rechaz\u00f3 tener responsabilidad en los hechos y asegur\u00f3 que la movilizaci\u00f3n que promueve por el pa\u00eds es pac\u00edfica.El\u2026","rel":"","context":"In &quot;Noticias Nacionales&quot;","block_context":{"text":"Noticias Nacionales","link":"https:\/\/noticiasya.com\/midland-odessa\/categoria\/noticias-nacionales"},"img":{"alt_text":"","src":"","width":0,"height":0},"classes":[]}],"jetpack_sharing_enabled":true,"_links":{"self":[{"href":"https:\/\/noticiasya.com\/midland-odessa\/wp-json\/wp\/v2\/posts\/1455413","targetHints":{"allow":["GET"]}}],"collection":[{"href":"https:\/\/noticiasya.com\/midland-odessa\/wp-json\/wp\/v2\/posts"}],"about":[{"href":"https:\/\/noticiasya.com\/midland-odessa\/wp-json\/wp\/v2\/types\/post"}],"replies":[{"embeddable":true,"href":"https:\/\/noticiasya.com\/midland-odessa\/wp-json\/wp\/v2\/comments?post=1455413"}],"version-history":[{"count":0,"href":"https:\/\/noticiasya.com\/midland-odessa\/wp-json\/wp\/v2\/posts\/1455413\/revisions"}],"wp:attachment":[{"href":"https:\/\/noticiasya.com\/midland-odessa\/wp-json\/wp\/v2\/media?parent=1455413"}],"wp:term":[{"taxonomy":"category","embeddable":true,"href":"https:\/\/noticiasya.com\/midland-odessa\/wp-json\/wp\/v2\/categories?post=1455413"},{"taxonomy":"post_tag","embeddable":true,"href":"https:\/\/noticiasya.com\/midland-odessa\/wp-json\/wp\/v2\/tags?post=1455413"}],"curies":[{"name":"wp","href":"https:\/\/api.w.org\/{rel}","templated":true}]}}