{"id":1455416,"date":"2024-10-29T01:03:40","date_gmt":"2024-10-29T08:03:40","guid":{"rendered":"https:\/\/noticiasya.com\/2024\/10\/29\/jeff-bezos-defiende-falta-respaldo-electorial-washington-trax\/"},"modified":"2024-10-29T01:03:40","modified_gmt":"2024-10-29T08:03:40","slug":"jeff-bezos-defiende-falta-respaldo-electorial-washington-trax","status":"publish","type":"post","link":"https:\/\/noticiasya.com\/midland-odessa\/2024\/10\/29\/jeff-bezos-defiende-falta-respaldo-electorial-washington-trax\/","title":{"rendered":"Jeff Bezos defiende la falta de respaldo electoral del Washington Post tras la huida de suscriptores y la dimisi\u00f3n de empleados"},"content":{"rendered":"<p>(CNN) &#8212; El propietario del peri\u00f3dico The Washington Post, Jeff Bezos, en sus primeros comentarios p\u00fablicos desde que desat\u00f3 el revuelo la semana pasada por su decisi\u00f3n de retener el respaldo del venerable peri\u00f3dico en la carrera presidencial, defendi\u00f3 la medida en un poco com\u00fan art\u00edculo de opini\u00f3n publicado este lunes por la noche por el Post.<\/p>\n<p>\u201cLos apoyos presidenciales no hacen nada para inclinar la balanza de una elecci\u00f3n\u201d, escribi\u00f3 Bezos, el multimillonario fundador de Amazon. \u201cNing\u00fan votante indeciso en Pensilvania va a decir: &#8216;Voy a apoyar el respaldo del peri\u00f3dico A&#8217;. Ninguno. Lo que hacen los apoyos presidenciales en realidad es crear una percepci\u00f3n de parcialidad. Una percepci\u00f3n de no independencia. Ponerles fin es una decisi\u00f3n de principios, y es la correcta\u201d.<\/p>\n<p>La declaraci\u00f3n se produjo horas despu\u00e9s de que tres miembros del consejo editorial del Washington Post renunciaran por la decisi\u00f3n de no respaldar a la vicepresidenta Kamala Harris y miles de lectores cancelaran sus suscripciones al peri\u00f3dico. Personal de alto perfil del Washington Post tambi\u00e9n expres\u00f3 p\u00fablicamente su consternaci\u00f3n por c\u00f3mo se manej\u00f3 la situaci\u00f3n y ha planteado preguntas sobre el motivo de la decisi\u00f3n de \u00faltimo momento.<\/p>\n<p>El Washington Post no respaldar\u00e1 a ning\u00fan candidato en las elecciones presidenciales de 2024 tras la decisi\u00f3n de Bezos<\/p>\n<p>Los cr\u00edticos, incluido el ex editor ejecutivo del Post Marty Baron, calificaron la decisi\u00f3n de \u201ctemerosa\u201d y \u201ccobarde\u201d en un claro intento de apaciguar al expresidente Donald Trump, en caso de que recupere la Casa Blanca en noviembre. Una persona con conocimiento del asunto le dijo a CNN que los miembros del consejo editorial del Post hab\u00edan redactado un documento de apoyo a Harris antes de que Bezos lo anulara.<\/p>\n<p>\u201cMe hubiera gustado que hubi\u00e9ramos hecho el cambio antes, en un momento m\u00e1s alejado de las elecciones y de las emociones que las rodearon\u201d, reconoci\u00f3 Bezos sobre la decisi\u00f3n de no respaldar a ning\u00fan candidato. \u201cFue una planificaci\u00f3n inadecuada y no una estrategia intencional\u201d.<\/p>\n<p>El viernes, horas despu\u00e9s de que el editor del Post, Will Lewis, anunciara la decisi\u00f3n de no respaldar a ning\u00fan candidato, Trump se reuni\u00f3 con ejecutivos de Blue Origin, una empresa espacial fundada por Bezos. En su art\u00edculo de opini\u00f3n, Bezos neg\u00f3 las acusaciones de que no hab\u00eda respaldado a ning\u00fan candidato para ganarse el favor de Trump, y dijo que no ten\u00eda conocimiento previo de la reuni\u00f3n.<\/p>\n<p>\u00bfCu\u00e1ntas empresas tiene Jeff Bezos?<\/p>\n<p>\u201cTambi\u00e9n me gustar\u00eda dejar en claro que aqu\u00ed no se est\u00e1 dando ning\u00fan tipo de contraprestaci\u00f3n. Ni la campa\u00f1a ni el candidato fueron consultados ni informados en ning\u00fan nivel ni de ninguna manera sobre esta decisi\u00f3n. Se tom\u00f3 completamente de manera interna\u201d, escribi\u00f3.<\/p>\n<p>Bezos dijo que \u201csuspir\u00f3\u201d cuando se enter\u00f3 de la reuni\u00f3n entre Trump y el director ejecutivo de Blue Origin, Dave Limp, \u201cporque sab\u00eda que proporcionar\u00eda argumentos a quienes quisieran presentar esto como algo m\u00e1s que una decisi\u00f3n basada en principios. Pero el hecho es que no sab\u00eda nada de la reuni\u00f3n de antemano\u201d.<\/p>\n<p>Subray\u00f3 que \u201cno hab\u00eda conexi\u00f3n\u201d entre la reuni\u00f3n y la decisi\u00f3n del Washington Post, calificando de \u201cfalsas\u201d las especulaciones en sentido contrario.<\/p>\n<p>El logotipo del Washington Post se muestra fuera de sus oficinas el 1 de mayo de 2009 en Washington. (Cr\u00e9dito: Alex Wong\/Getty Images)<\/p>\n<p>Bezos, sin embargo, reconoci\u00f3 la \u201capariencia de conflicto\u201d, se\u00f1alando que su trabajo en Amazon y Blue Origin ha sido un \u201cfactor de complejidad para el Post\u201d. A pesar de esto, descart\u00f3 la idea de que su inmensa riqueza podr\u00eda llevar a favores pol\u00edticos, y en cambio calific\u00f3 sus miles de millones como \u201cun baluarte contra la intimidaci\u00f3n\u201d y subray\u00f3 su falta de interferencia en los asuntos del Washington Post en los 11 a\u00f1os desde que compr\u00f3 la publicaci\u00f3n.<\/p>\n<p>\u201cSi bien no impongo ni impulsar\u00e9 mis intereses personales, tampoco permitir\u00e9 que este peri\u00f3dico se quede en piloto autom\u00e1tico y se desvanezca en la irrelevancia, superado por podcasts no investigados y ataques en las redes sociales, no sin luchar. Es demasiado importante\u201d, escribi\u00f3. \u201cHay demasiado en juego\u201d.<\/p>\n<p>Pero los comentarios de Bezos llegan despu\u00e9s de d\u00edas de reacci\u00f3n generalizada y agitaci\u00f3n dentro de su peri\u00f3dico, incluidas cr\u00edticas p\u00fablicas de las leyendas de los informes de Watergate, Carl Bernstein y Bob Woodward, y una declaraci\u00f3n p\u00fablica firmada por casi dos decenas de columnistas del Washington Post.<\/p>\n<p>El Washington Post est\u00e1 sumido en una profunda agitaci\u00f3n mientras Bezos guarda silencio sobre el no respaldo a ning\u00fan candidato<\/p>\n<p>\u201cLa decisi\u00f3n del Washington Post de no respaldar a ning\u00fan candidato en la campa\u00f1a presidencial es un terrible error\u201d, escribieron los columnistas. \u201cRepresenta un abandono de las convicciones editoriales fundamentales del peri\u00f3dico que amamos\u201d.<\/p>\n<p>David Hoffman, quien recibi\u00f3 el Premio Pulitzer 2024 en la categor\u00eda de escritura editorial por una serie sobre las nuevas t\u00e1cticas que utilizan los reg\u00edmenes autoritarios para reprimir la disidencia, renunci\u00f3 a su puesto en el consejo editorial este lunes y le dijo a CNN en una entrevista que no quer\u00eda permanecer en silencio sobre la amenaza que Trump representa para el pa\u00eds.<\/p>\n<p>\u201cNo puedo seguir sentado aqu\u00ed en el consejo editorial y escribir esos editoriales mientras nosotros mismos nos hemos rendido al silencio\u201d, dijo. \u201cNos enfrentamos a una elecci\u00f3n terrible, terrible, creo, una autocracia inminente. No quiero quedarme callado al respecto. No quiero que el Post se quede callado al respecto, y el hecho de que no vayamos a respaldarlo es un grado de silencio que no puedo soportar\u201d.<\/p>\n<p>Jeff Bezos destrona a Elon Musk para volver a ser la persona m\u00e1s rica del mundo<\/p>\n<p>Baron, exeditor del Washington Post que llev\u00f3 al peri\u00f3dico a ganar un Pulitzer por su cobertura del ataque del 6 de enero, tambi\u00e9n cuestion\u00f3 que la decisi\u00f3n de poner fin a los respaldos presidenciales fuera una cuesti\u00f3n de principios.<\/p>\n<p>\u201cSi su filosof\u00eda es que los lectores pueden tomar sus propias decisiones sobre los grandes problemas que enfrentan en esta democracia, entonces no publiquen ning\u00fan editorial\u201d, dijo Baron a Michael Smerconish de CNN. \u201cPero el hecho es que decidieron no publicar ning\u00fan editorial en esta ocasi\u00f3n s\u00f3lo 11 d\u00edas antes de las elecciones\u201d.<\/p>\n<p>&#8211;Hadas Gold de CNN colabor\u00f3 \u200b\u200bcon este informe.<\/p>\n<p>The-CNN-Wire<br \/>&trade; &amp; &copy; 2024 Cable News Network, Inc., a Warner Bros. Discovery Company. All rights reserved.<\/p>\n","protected":false},"excerpt":{"rendered":"<p>(CNN) &#8212; El propietario del peri\u00f3dico The Washington Post, Jeff Bezos, en sus primeros comentarios p\u00fablicos desde que desat\u00f3 el revuelo la semana pasada por su decisi\u00f3n de retener el respaldo del venerable peri\u00f3dico en la carrera presidencial, defendi\u00f3 la medida en un poco com\u00fan art\u00edculo de opini\u00f3n publicado este lunes por la noche por [&hellip;]<\/p>\n","protected":false},"author":0,"featured_media":0,"comment_status":"open","ping_status":"open","sticky":false,"template":"","format":"standard","meta":{"_jetpack_memberships_contains_paid_content":false,"footnotes":""},"categories":[10],"tags":[],"class_list":["post-1455416","post","type-post","status-publish","format-standard","hentry","category-noticias-nacionales","market-global"],"yoast_head":"<!-- This site is optimized with the Yoast SEO plugin v24.4 - https:\/\/yoast.com\/wordpress\/plugins\/seo\/ -->\n<title>Jeff Bezos defiende la falta de respaldo electoral del Washington Post tras la huida de suscriptores y la dimisi\u00f3n de empleados - Noticias<\/title>\n<meta name=\"robots\" content=\"index, follow, max-snippet:-1, max-image-preview:large, max-video-preview:-1\" \/>\n<link rel=\"canonical\" href=\"https:\/\/noticiasya.com\/2024\/10\/29\/jeff-bezos-defiende-falta-respaldo-electorial-washington-trax\/\" \/>\n<meta property=\"og:locale\" content=\"es_ES\" \/>\n<meta property=\"og:type\" content=\"article\" \/>\n<meta property=\"og:title\" content=\"Jeff Bezos defiende la falta de respaldo electoral del Washington Post tras la huida de suscriptores y la dimisi\u00f3n de empleados - Noticias\" \/>\n<meta property=\"og:description\" content=\"(CNN) &#8212; El propietario del peri\u00f3dico The Washington Post, Jeff Bezos, en sus primeros comentarios p\u00fablicos desde que desat\u00f3 el revuelo la semana pasada por su decisi\u00f3n de retener el respaldo del venerable peri\u00f3dico en la carrera presidencial, defendi\u00f3 la medida en un poco com\u00fan art\u00edculo de opini\u00f3n publicado este lunes por la noche por [&hellip;]\" \/>\n<meta property=\"og:url\" content=\"https:\/\/noticiasya.com\/2024\/10\/29\/jeff-bezos-defiende-falta-respaldo-electorial-washington-trax\/\" \/>\n<meta property=\"og:site_name\" content=\"Noticias\" \/>\n<meta property=\"article:published_time\" content=\"2024-10-29T08:03:40+00:00\" \/>\n<meta name=\"twitter:card\" content=\"summary_large_image\" \/>\n<meta name=\"twitter:label1\" content=\"Est. reading time\" \/>\n\t<meta name=\"twitter:data1\" content=\"6 minutos\" \/>\n<script type=\"application\/ld+json\" class=\"yoast-schema-graph\">{\"@context\":\"https:\/\/schema.org\",\"@graph\":[{\"@type\":\"Article\",\"@id\":\"https:\/\/noticiasya.com\/2024\/10\/29\/jeff-bezos-defiende-falta-respaldo-electorial-washington-trax\/#article\",\"isPartOf\":{\"@id\":\"https:\/\/noticiasya.com\/2024\/10\/29\/jeff-bezos-defiende-falta-respaldo-electorial-washington-trax\/\"},\"author\":{\"name\":\"\",\"@id\":\"\"},\"headline\":\"Jeff Bezos defiende la falta de respaldo electoral del Washington Post tras la huida de suscriptores y la dimisi\u00f3n de empleados\",\"datePublished\":\"2024-10-29T08:03:40+00:00\",\"mainEntityOfPage\":{\"@id\":\"https:\/\/noticiasya.com\/2024\/10\/29\/jeff-bezos-defiende-falta-respaldo-electorial-washington-trax\/\"},\"wordCount\":1146,\"commentCount\":0,\"publisher\":{\"@id\":\"https:\/\/noticiasya.com\/#organization\"},\"articleSection\":[\"Noticias Nacionales\"],\"inLanguage\":\"es\",\"potentialAction\":[{\"@type\":\"CommentAction\",\"name\":\"Comment\",\"target\":[\"https:\/\/noticiasya.com\/2024\/10\/29\/jeff-bezos-defiende-falta-respaldo-electorial-washington-trax\/#respond\"]}]},{\"@type\":\"WebPage\",\"@id\":\"https:\/\/noticiasya.com\/2024\/10\/29\/jeff-bezos-defiende-falta-respaldo-electorial-washington-trax\/\",\"url\":\"https:\/\/noticiasya.com\/2024\/10\/29\/jeff-bezos-defiende-falta-respaldo-electorial-washington-trax\/\",\"name\":\"Jeff Bezos defiende la falta de respaldo electoral del Washington Post tras la huida de suscriptores y la dimisi\u00f3n de empleados - Noticias\",\"isPartOf\":{\"@id\":\"https:\/\/noticiasya.com\/#website\"},\"datePublished\":\"2024-10-29T08:03:40+00:00\",\"breadcrumb\":{\"@id\":\"https:\/\/noticiasya.com\/2024\/10\/29\/jeff-bezos-defiende-falta-respaldo-electorial-washington-trax\/#breadcrumb\"},\"inLanguage\":\"es\",\"potentialAction\":[{\"@type\":\"ReadAction\",\"target\":[\"https:\/\/noticiasya.com\/2024\/10\/29\/jeff-bezos-defiende-falta-respaldo-electorial-washington-trax\/\"]}]},{\"@type\":\"BreadcrumbList\",\"@id\":\"https:\/\/noticiasya.com\/2024\/10\/29\/jeff-bezos-defiende-falta-respaldo-electorial-washington-trax\/#breadcrumb\",\"itemListElement\":[{\"@type\":\"ListItem\",\"position\":1,\"name\":\"Home\",\"item\":\"https:\/\/noticiasya.com\/\"},{\"@type\":\"ListItem\",\"position\":2,\"name\":\"Jeff Bezos defiende la falta de respaldo electoral del Washington Post tras la huida de suscriptores y la dimisi\u00f3n de empleados\"}]},{\"@type\":\"WebSite\",\"@id\":\"https:\/\/noticiasya.com\/#website\",\"url\":\"https:\/\/noticiasya.com\/\",\"name\":\"Noticias\",\"description\":\"Lo que importa\",\"publisher\":{\"@id\":\"https:\/\/noticiasya.com\/#organization\"},\"potentialAction\":[{\"@type\":\"SearchAction\",\"target\":{\"@type\":\"EntryPoint\",\"urlTemplate\":\"https:\/\/noticiasya.com\/?s={search_term_string}\"},\"query-input\":{\"@type\":\"PropertyValueSpecification\",\"valueRequired\":true,\"valueName\":\"search_term_string\"}}],\"inLanguage\":\"es\"},{\"@type\":\"Organization\",\"@id\":\"https:\/\/noticiasya.com\/#organization\",\"name\":\"Noticias\",\"url\":\"https:\/\/noticiasya.com\/\",\"logo\":{\"@type\":\"ImageObject\",\"inLanguage\":\"es\",\"@id\":\"https:\/\/noticiasya.com\/#\/schema\/logo\/image\/\",\"url\":\"https:\/\/noticiasya.com\/wp-content\/uploads\/sites\/22\/2023\/12\/logo-nacional.png\",\"contentUrl\":\"https:\/\/noticiasya.com\/wp-content\/uploads\/sites\/22\/2023\/12\/logo-nacional.png\",\"width\":1801,\"height\":691,\"caption\":\"Noticias\"},\"image\":{\"@id\":\"https:\/\/noticiasya.com\/#\/schema\/logo\/image\/\"}}]}<\/script>\n<!-- \/ Yoast SEO plugin. -->","yoast_head_json":{"title":"Jeff Bezos defiende la falta de respaldo electoral del Washington Post tras la huida de suscriptores y la dimisi\u00f3n de empleados - Noticias","robots":{"index":"index","follow":"follow","max-snippet":"max-snippet:-1","max-image-preview":"max-image-preview:large","max-video-preview":"max-video-preview:-1"},"canonical":"https:\/\/noticiasya.com\/2024\/10\/29\/jeff-bezos-defiende-falta-respaldo-electorial-washington-trax\/","og_locale":"es_ES","og_type":"article","og_title":"Jeff Bezos defiende la falta de respaldo electoral del Washington Post tras la huida de suscriptores y la dimisi\u00f3n de empleados - Noticias","og_description":"(CNN) &#8212; El propietario del peri\u00f3dico The Washington Post, Jeff Bezos, en sus primeros comentarios p\u00fablicos desde que desat\u00f3 el revuelo la semana pasada por su decisi\u00f3n de retener el respaldo del venerable peri\u00f3dico en la carrera presidencial, defendi\u00f3 la medida en un poco com\u00fan art\u00edculo de opini\u00f3n publicado este lunes por la noche por [&hellip;]","og_url":"https:\/\/noticiasya.com\/2024\/10\/29\/jeff-bezos-defiende-falta-respaldo-electorial-washington-trax\/","og_site_name":"Noticias","article_published_time":"2024-10-29T08:03:40+00:00","twitter_card":"summary_large_image","twitter_misc":{"Est. reading time":"6 minutos"},"schema":{"@context":"https:\/\/schema.org","@graph":[{"@type":"Article","@id":"https:\/\/noticiasya.com\/2024\/10\/29\/jeff-bezos-defiende-falta-respaldo-electorial-washington-trax\/#article","isPartOf":{"@id":"https:\/\/noticiasya.com\/2024\/10\/29\/jeff-bezos-defiende-falta-respaldo-electorial-washington-trax\/"},"author":{"name":"","@id":""},"headline":"Jeff Bezos defiende la falta de respaldo electoral del Washington Post tras la huida de suscriptores y la dimisi\u00f3n de empleados","datePublished":"2024-10-29T08:03:40+00:00","mainEntityOfPage":{"@id":"https:\/\/noticiasya.com\/2024\/10\/29\/jeff-bezos-defiende-falta-respaldo-electorial-washington-trax\/"},"wordCount":1146,"commentCount":0,"publisher":{"@id":"https:\/\/noticiasya.com\/#organization"},"articleSection":["Noticias Nacionales"],"inLanguage":"es","potentialAction":[{"@type":"CommentAction","name":"Comment","target":["https:\/\/noticiasya.com\/2024\/10\/29\/jeff-bezos-defiende-falta-respaldo-electorial-washington-trax\/#respond"]}]},{"@type":"WebPage","@id":"https:\/\/noticiasya.com\/2024\/10\/29\/jeff-bezos-defiende-falta-respaldo-electorial-washington-trax\/","url":"https:\/\/noticiasya.com\/2024\/10\/29\/jeff-bezos-defiende-falta-respaldo-electorial-washington-trax\/","name":"Jeff Bezos defiende la falta de respaldo electoral del Washington Post tras la huida de suscriptores y la dimisi\u00f3n de empleados - Noticias","isPartOf":{"@id":"https:\/\/noticiasya.com\/#website"},"datePublished":"2024-10-29T08:03:40+00:00","breadcrumb":{"@id":"https:\/\/noticiasya.com\/2024\/10\/29\/jeff-bezos-defiende-falta-respaldo-electorial-washington-trax\/#breadcrumb"},"inLanguage":"es","potentialAction":[{"@type":"ReadAction","target":["https:\/\/noticiasya.com\/2024\/10\/29\/jeff-bezos-defiende-falta-respaldo-electorial-washington-trax\/"]}]},{"@type":"BreadcrumbList","@id":"https:\/\/noticiasya.com\/2024\/10\/29\/jeff-bezos-defiende-falta-respaldo-electorial-washington-trax\/#breadcrumb","itemListElement":[{"@type":"ListItem","position":1,"name":"Home","item":"https:\/\/noticiasya.com\/"},{"@type":"ListItem","position":2,"name":"Jeff Bezos defiende la falta de respaldo electoral del Washington Post tras la huida de suscriptores y la dimisi\u00f3n de empleados"}]},{"@type":"WebSite","@id":"https:\/\/noticiasya.com\/#website","url":"https:\/\/noticiasya.com\/","name":"Noticias","description":"Lo que importa","publisher":{"@id":"https:\/\/noticiasya.com\/#organization"},"potentialAction":[{"@type":"SearchAction","target":{"@type":"EntryPoint","urlTemplate":"https:\/\/noticiasya.com\/?s={search_term_string}"},"query-input":{"@type":"PropertyValueSpecification","valueRequired":true,"valueName":"search_term_string"}}],"inLanguage":"es"},{"@type":"Organization","@id":"https:\/\/noticiasya.com\/#organization","name":"Noticias","url":"https:\/\/noticiasya.com\/","logo":{"@type":"ImageObject","inLanguage":"es","@id":"https:\/\/noticiasya.com\/#\/schema\/logo\/image\/","url":"https:\/\/noticiasya.com\/wp-content\/uploads\/sites\/22\/2023\/12\/logo-nacional.png","contentUrl":"https:\/\/noticiasya.com\/wp-content\/uploads\/sites\/22\/2023\/12\/logo-nacional.png","width":1801,"height":691,"caption":"Noticias"},"image":{"@id":"https:\/\/noticiasya.com\/#\/schema\/logo\/image\/"}}]}},"parsely":{"version":"1.1.0","canonical_url":"https:\/\/noticiasya.com\/midland-odessa\/2024\/10\/29\/jeff-bezos-defiende-falta-respaldo-electorial-washington-trax\/","smart_links":{"inbound":0,"outbound":0},"traffic_boost_suggestions_count":0,"meta":{"@context":"https:\/\/schema.org","@type":"NewsArticle","headline":"Jeff Bezos defiende la falta de respaldo electoral del Washington Post tras la huida de suscriptores y la dimisi\u00f3n de empleados","url":"http:\/\/noticiasya.com\/midland-odessa\/2024\/10\/29\/jeff-bezos-defiende-falta-respaldo-electorial-washington-trax\/","mainEntityOfPage":{"@type":"WebPage","@id":"http:\/\/noticiasya.com\/midland-odessa\/2024\/10\/29\/jeff-bezos-defiende-falta-respaldo-electorial-washington-trax\/"},"thumbnailUrl":"","image":{"@type":"ImageObject","url":""},"articleSection":"Noticias Nacionales","author":[],"creator":[],"publisher":{"@type":"Organization","name":"Noticias","logo":""},"keywords":[],"dateCreated":"2024-10-29T08:03:40Z","datePublished":"2024-10-29T08:03:40Z","dateModified":"2024-10-29T08:03:40Z"},"rendered":"<script type=\"application\/ld+json\" class=\"wp-parsely-metadata\">{\"@context\":\"https:\\\/\\\/schema.org\",\"@type\":\"NewsArticle\",\"headline\":\"Jeff Bezos defiende la falta de respaldo electoral del Washington Post tras la huida de suscriptores y la dimisi\\u00f3n de empleados\",\"url\":\"http:\\\/\\\/noticiasya.com\\\/midland-odessa\\\/2024\\\/10\\\/29\\\/jeff-bezos-defiende-falta-respaldo-electorial-washington-trax\\\/\",\"mainEntityOfPage\":{\"@type\":\"WebPage\",\"@id\":\"http:\\\/\\\/noticiasya.com\\\/midland-odessa\\\/2024\\\/10\\\/29\\\/jeff-bezos-defiende-falta-respaldo-electorial-washington-trax\\\/\"},\"thumbnailUrl\":\"\",\"image\":{\"@type\":\"ImageObject\",\"url\":\"\"},\"articleSection\":\"Noticias Nacionales\",\"author\":[],\"creator\":[],\"publisher\":{\"@type\":\"Organization\",\"name\":\"Noticias\",\"logo\":\"\"},\"keywords\":[],\"dateCreated\":\"2024-10-29T08:03:40Z\",\"datePublished\":\"2024-10-29T08:03:40Z\",\"dateModified\":\"2024-10-29T08:03:40Z\"}<\/script>","tracker_url":"https:\/\/cdn.parsely.com\/keys\/noticiasya.com\/p.js"},"jetpack_featured_media_url":"","jetpack-related-posts":[{"id":1455377,"url":"https:\/\/noticiasya.com\/midland-odessa\/2024\/10\/26\/washington-post-agitacion-bezos-silencio-no-respaldo-candidatura\/","url_meta":{"origin":1455416,"position":0},"title":"El Washington Post est\u00e1 sumido en una profunda agitaci\u00f3n mientras Bezos guarda silencio sobre el no respaldo a ning\u00fan candidato","author":"","date":"octubre 26, 2024","format":false,"excerpt":"(CNN) -- Un d\u00eda despu\u00e9s de que The Washington Post anunciara que no respaldar\u00eda a un candidato presidencial en las elecciones de Estados Unidos este a\u00f1o ni en el futuro, su multimillonario propietario permanece en silencio mientras el personal del peri\u00f3dico est\u00e1 convulsionado.Jeff Bezos hasta ahora ha declinado comentar sobre\u2026","rel":"","context":"In &quot;Noticias Nacionales&quot;","block_context":{"text":"Noticias Nacionales","link":"https:\/\/noticiasya.com\/midland-odessa\/categoria\/noticias-nacionales"},"img":{"alt_text":"","src":"","width":0,"height":0},"classes":[]},{"id":1470855,"url":"https:\/\/noticiasya.com\/midland-odessa\/2026\/02\/04\/the-washington-post-jeff-bezos-despide-trax\/","url_meta":{"origin":1455416,"position":1},"title":"The Washington Post, propiedad de Jeff Bezos, despide a un tercio de su personal","author":"","date":"febrero 4, 2026","format":false,"excerpt":"El diario The Washington Post despidi\u00f3 a aproximadamente uno de cada tres empleados en la ma\u00f1ana de este mi\u00e9rcoles, lo que asest\u00f3 otro duro golpe a una redacci\u00f3n que ya se encuentra al borde del colapso.El propietario de The Post, Jeff Bezos, no hizo comentarios hasta ahora sobre los recortes.Bezos\u2026","rel":"","context":"In &quot;Noticias Nacionales&quot;","block_context":{"text":"Noticias Nacionales","link":"https:\/\/noticiasya.com\/midland-odessa\/categoria\/noticias-nacionales"},"img":{"alt_text":"","src":"","width":0,"height":0},"classes":[]},{"id":1457212,"url":"https:\/\/noticiasya.com\/midland-odessa\/2025\/01\/04\/caricaturista-washington-post-renuncia-trax\/","url_meta":{"origin":1455416,"position":2},"title":"Caricaturista del Washington Post renuncia ante negativa del peri\u00f3dico a publicar una s\u00e1tira de Bezos y Trump","author":"","date":"enero 4, 2025","format":false,"excerpt":"La caricaturista ganadora del premio Pulitzer Ann Telnaes anunci\u00f3 el viernes que hab\u00eda renunciado a The Washington Post despu\u00e9s de que el peri\u00f3dico se negara a publicar una caricatura sat\u00edrica que mostraba al multimillonario propietario del Post, Jeff Bezos, de rodillas frente al presidente electo Donald Trump.Talnaes, que hab\u00eda estado\u2026","rel":"","context":"In &quot;Noticias Nacionales&quot;","block_context":{"text":"Noticias Nacionales","link":"https:\/\/noticiasya.com\/midland-odessa\/categoria\/noticias-nacionales"},"img":{"alt_text":"","src":"","width":0,"height":0},"classes":[]},{"id":1470607,"url":"https:\/\/noticiasya.com\/midland-odessa\/2026\/01\/29\/periodistas-washington-post-piden-bezos-detener-despidos-trax\/","url_meta":{"origin":1455416,"position":3},"title":"Periodistas de pol\u00edtica de The Washington Post instan a Jeff Bezos a detener los recortes masivos esperados en la redacci\u00f3n","author":"","date":"enero 29, 2026","format":false,"excerpt":"Ante los despidos masivos que se esperan en The Washington Post en las pr\u00f3ximas semanas, equipos de periodistas est\u00e1n enviando cartas apasionadas al propietario Jeff Bezos, inst\u00e1ndolo a no reducir la redacci\u00f3n.En una carta obtenida por CNN, los periodistas del peri\u00f3dico que cubren la Casa Blanca se unieron para defender\u2026","rel":"","context":"In &quot;Noticias Nacionales&quot;","block_context":{"text":"Noticias Nacionales","link":"https:\/\/noticiasya.com\/midland-odessa\/categoria\/noticias-nacionales"},"img":{"alt_text":"","src":"","width":0,"height":0},"classes":[]},{"id":1448054,"url":"https:\/\/noticiasya.com\/midland-odessa\/2024\/04\/13\/empresas-jeff-bezos-orix\/","url_meta":{"origin":1455416,"position":4},"title":"\u00bfCu\u00e1ntas empresas tiene Jeff Bezos?","author":"","date":"abril 13, 2024","format":false,"excerpt":"(CNN Espa\u00f1ol) -- El empresario estadounidense Jeff Bezos\u00a0es la segunda persona m\u00e1s rica del mundo, seg\u00fan los rankings de Forbes y Bloomberg, con m\u00e1s de US$ 200.000 millones, pero \u00bfc\u00f3mo est\u00e1 compuesta esa fortuna?Las empresas de Bezos pueden dividirse en cinco grandes grupos.AmazonBezos fund\u00f3 Amazon en 1994 en Seattle, inicialmente\u2026","rel":"","context":"In &quot;Noticias Nacionales&quot;","block_context":{"text":"Noticias Nacionales","link":"https:\/\/noticiasya.com\/midland-odessa\/categoria\/noticias-nacionales"},"img":{"alt_text":"","src":"","width":0,"height":0},"classes":[]},{"id":1455432,"url":"https:\/\/noticiasya.com\/midland-odessa\/2024\/10\/29\/cadena-periodicos-estados-unidos-no-respaldara-candidato-trax\/","url_meta":{"origin":1455416,"position":5},"title":"La cadena de peri\u00f3dicos m\u00e1s grande de Estados Unidos no respaldar\u00e1 a ning\u00fan candidato en la carrera presidencial de 2024","author":"","date":"octubre 29, 2024","format":false,"excerpt":"Nueva York (CNN) \u2013\u2013 Gannett, la empresa propietaria de la cadena de peri\u00f3dicos m\u00e1s grande de Estados Unidos, anunci\u00f3 que sus m\u00e1s de 200 publicaciones, incluido USA Today, no publicar\u00e1n declaraciones de apoyo presidenciales en el per\u00edodo previo a las elecciones del 5 de noviembre.En una declaraci\u00f3n, Gannett dijo que\u2026","rel":"","context":"In &quot;Noticias Nacionales&quot;","block_context":{"text":"Noticias Nacionales","link":"https:\/\/noticiasya.com\/midland-odessa\/categoria\/noticias-nacionales"},"img":{"alt_text":"","src":"","width":0,"height":0},"classes":[]}],"jetpack_sharing_enabled":true,"_links":{"self":[{"href":"https:\/\/noticiasya.com\/midland-odessa\/wp-json\/wp\/v2\/posts\/1455416","targetHints":{"allow":["GET"]}}],"collection":[{"href":"https:\/\/noticiasya.com\/midland-odessa\/wp-json\/wp\/v2\/posts"}],"about":[{"href":"https:\/\/noticiasya.com\/midland-odessa\/wp-json\/wp\/v2\/types\/post"}],"replies":[{"embeddable":true,"href":"https:\/\/noticiasya.com\/midland-odessa\/wp-json\/wp\/v2\/comments?post=1455416"}],"version-history":[{"count":0,"href":"https:\/\/noticiasya.com\/midland-odessa\/wp-json\/wp\/v2\/posts\/1455416\/revisions"}],"wp:attachment":[{"href":"https:\/\/noticiasya.com\/midland-odessa\/wp-json\/wp\/v2\/media?parent=1455416"}],"wp:term":[{"taxonomy":"category","embeddable":true,"href":"https:\/\/noticiasya.com\/midland-odessa\/wp-json\/wp\/v2\/categories?post=1455416"},{"taxonomy":"post_tag","embeddable":true,"href":"https:\/\/noticiasya.com\/midland-odessa\/wp-json\/wp\/v2\/tags?post=1455416"}],"curies":[{"name":"wp","href":"https:\/\/api.w.org\/{rel}","templated":true}]}}