{"id":1455420,"date":"2024-10-29T11:03:44","date_gmt":"2024-10-29T18:03:44","guid":{"rendered":"https:\/\/noticiasya.com\/2024\/10\/29\/guatemala-alerta-sanitaria-animal-gusano-barrenador-orix\/"},"modified":"2024-10-29T11:03:44","modified_gmt":"2024-10-29T18:03:44","slug":"guatemala-alerta-sanitaria-animal-gusano-barrenador-orix","status":"publish","type":"post","link":"https:\/\/noticiasya.com\/midland-odessa\/2024\/10\/29\/guatemala-alerta-sanitaria-animal-gusano-barrenador-orix\/","title":{"rendered":"Guatemala declara alerta sanitaria animal tras detectar primer caso de gusano barrenador en 30 a\u00f1os"},"content":{"rendered":"<p>(CNN Espa\u00f1ol) &#8212;\u00a0 El Gobierno de Guatemala confirm\u00f3 este martes que detect\u00f3 el primer caso de gusano barrenador que afecta el ganado, por lo que ha declarado Estado de emergencia de sanidad animal en todo el pa\u00eds.<\/p>\n<p>\u201cTenemos un caso confirmado de gusano barrenador en el Departamento de Izabal\u201d, dijo Maynor Estrada, ministro de Agricultura Ganader\u00eda y Alimentaci\u00f3n, en rueda de prensa.<\/p>\n<p>Las autoridades dicen que no buscan generar alarma entre los ganaderos guatemaltecos sino darles informaci\u00f3n para prevenir el gusano barrenador, una larva que es transmitida por una mosca y que afecta a animales de sangre caliente, de la cual Guatemala hab\u00eda estado libre en los \u00faltimos 30 a\u00f1os, seg\u00fan las autoridades.<\/p>\n<p>\u201cEsta mosca deposita sus huevos en las heridas de animales sanos y sus larvas, los gusanos barrenadores, se alimentan de tejido vivo de los animales\u201d, explic\u00f3 Estrada.<\/p>\n<p>El primer caso fue detectado en una ternera de dos meses a la cual se le aplic\u00f3 el tratamiento correspondiente, pero falleci\u00f3, explic\u00f3 Marissa Montepeque, viceministra de Sanidad Agropecuaria y Regulaciones de Guatemala.<\/p>\n<p>A ra\u00edz del caso detectado, las autoridades agrarias han tomado medidas como obligar a los ganaderos, veterinarios y productores a reportar cualquier caso sospechoso a fin de tomar las medidas preventivas necesarias, adem\u00e1s de aumentar los controles e inspecci\u00f3n en los puertos, fronteras y medios de transporte con animales provenientes de pa\u00edses de la regi\u00f3n.<\/p>\n<p>Guatemala dice que otros pa\u00edses de la regi\u00f3n han reportado brotes de gusano barrenador cuya enfermedad ya ha comenzado a afectar a humanos. En Costa Rica, por ejemplo, las autoridades de salud reportan 35 casos de personas afectadas por la enfermedad del gusano barrenador.<\/p>\n<p>En El Salvador, el Ministerio de Agricultura y Ganader\u00eda declar\u00f3 a comienzos de abril una alerta zoosanitaria frente al riesgo de introducci\u00f3n de animales afectados por el gusano barrenador. El Gobierno dijo a CNN que hasta la fecha no ha sido detectado ning\u00fan caso y que El Salvador est\u00e1 libre de esta enfermedad desde 1995.<\/p>\n<p>The-CNN-Wire<br \/>&trade; &amp; &copy; 2024 Cable News Network, Inc., a Warner Bros. Discovery Company. All rights reserved.<\/p>\n","protected":false},"excerpt":{"rendered":"<p>(CNN Espa\u00f1ol) &#8212;\u00a0 El Gobierno de Guatemala confirm\u00f3 este martes que detect\u00f3 el primer caso de gusano barrenador que afecta el ganado, por lo que ha declarado Estado de emergencia de sanidad animal en todo el pa\u00eds. \u201cTenemos un caso confirmado de gusano barrenador en el Departamento de Izabal\u201d, dijo Maynor Estrada, ministro de Agricultura [&hellip;]<\/p>\n","protected":false},"author":0,"featured_media":0,"comment_status":"open","ping_status":"open","sticky":false,"template":"","format":"standard","meta":{"_jetpack_memberships_contains_paid_content":false,"footnotes":""},"categories":[10],"tags":[],"class_list":["post-1455420","post","type-post","status-publish","format-standard","hentry","category-noticias-nacionales","market-global"],"yoast_head":"<!-- This site is optimized with the Yoast SEO plugin v24.4 - https:\/\/yoast.com\/wordpress\/plugins\/seo\/ -->\n<title>Guatemala declara alerta sanitaria animal tras detectar primer caso de gusano barrenador en 30 a\u00f1os - Noticias<\/title>\n<meta name=\"robots\" content=\"index, follow, max-snippet:-1, max-image-preview:large, max-video-preview:-1\" \/>\n<link rel=\"canonical\" href=\"https:\/\/noticiasya.com\/2024\/10\/29\/guatemala-alerta-sanitaria-animal-gusano-barrenador-orix\/\" \/>\n<meta property=\"og:locale\" content=\"es_ES\" \/>\n<meta property=\"og:type\" content=\"article\" \/>\n<meta property=\"og:title\" content=\"Guatemala declara alerta sanitaria animal tras detectar primer caso de gusano barrenador en 30 a\u00f1os - Noticias\" \/>\n<meta property=\"og:description\" content=\"(CNN Espa\u00f1ol) &#8212;\u00a0 El Gobierno de Guatemala confirm\u00f3 este martes que detect\u00f3 el primer caso de gusano barrenador que afecta el ganado, por lo que ha declarado Estado de emergencia de sanidad animal en todo el pa\u00eds. \u201cTenemos un caso confirmado de gusano barrenador en el Departamento de Izabal\u201d, dijo Maynor Estrada, ministro de Agricultura [&hellip;]\" \/>\n<meta property=\"og:url\" content=\"https:\/\/noticiasya.com\/2024\/10\/29\/guatemala-alerta-sanitaria-animal-gusano-barrenador-orix\/\" \/>\n<meta property=\"og:site_name\" content=\"Noticias\" \/>\n<meta property=\"article:published_time\" content=\"2024-10-29T18:03:44+00:00\" \/>\n<meta name=\"twitter:card\" content=\"summary_large_image\" \/>\n<meta name=\"twitter:label1\" content=\"Est. reading time\" \/>\n\t<meta name=\"twitter:data1\" content=\"2 minutos\" \/>\n<script type=\"application\/ld+json\" class=\"yoast-schema-graph\">{\"@context\":\"https:\/\/schema.org\",\"@graph\":[{\"@type\":\"Article\",\"@id\":\"https:\/\/noticiasya.com\/2024\/10\/29\/guatemala-alerta-sanitaria-animal-gusano-barrenador-orix\/#article\",\"isPartOf\":{\"@id\":\"https:\/\/noticiasya.com\/2024\/10\/29\/guatemala-alerta-sanitaria-animal-gusano-barrenador-orix\/\"},\"author\":{\"name\":\"\",\"@id\":\"\"},\"headline\":\"Guatemala declara alerta sanitaria animal tras detectar primer caso de gusano barrenador en 30 a\u00f1os\",\"datePublished\":\"2024-10-29T18:03:44+00:00\",\"mainEntityOfPage\":{\"@id\":\"https:\/\/noticiasya.com\/2024\/10\/29\/guatemala-alerta-sanitaria-animal-gusano-barrenador-orix\/\"},\"wordCount\":373,\"commentCount\":0,\"publisher\":{\"@id\":\"https:\/\/noticiasya.com\/#organization\"},\"articleSection\":[\"Noticias Nacionales\"],\"inLanguage\":\"es\",\"potentialAction\":[{\"@type\":\"CommentAction\",\"name\":\"Comment\",\"target\":[\"https:\/\/noticiasya.com\/2024\/10\/29\/guatemala-alerta-sanitaria-animal-gusano-barrenador-orix\/#respond\"]}]},{\"@type\":\"WebPage\",\"@id\":\"https:\/\/noticiasya.com\/2024\/10\/29\/guatemala-alerta-sanitaria-animal-gusano-barrenador-orix\/\",\"url\":\"https:\/\/noticiasya.com\/2024\/10\/29\/guatemala-alerta-sanitaria-animal-gusano-barrenador-orix\/\",\"name\":\"Guatemala declara alerta sanitaria animal tras detectar primer caso de gusano barrenador en 30 a\u00f1os - Noticias\",\"isPartOf\":{\"@id\":\"https:\/\/noticiasya.com\/#website\"},\"datePublished\":\"2024-10-29T18:03:44+00:00\",\"breadcrumb\":{\"@id\":\"https:\/\/noticiasya.com\/2024\/10\/29\/guatemala-alerta-sanitaria-animal-gusano-barrenador-orix\/#breadcrumb\"},\"inLanguage\":\"es\",\"potentialAction\":[{\"@type\":\"ReadAction\",\"target\":[\"https:\/\/noticiasya.com\/2024\/10\/29\/guatemala-alerta-sanitaria-animal-gusano-barrenador-orix\/\"]}]},{\"@type\":\"BreadcrumbList\",\"@id\":\"https:\/\/noticiasya.com\/2024\/10\/29\/guatemala-alerta-sanitaria-animal-gusano-barrenador-orix\/#breadcrumb\",\"itemListElement\":[{\"@type\":\"ListItem\",\"position\":1,\"name\":\"Home\",\"item\":\"https:\/\/noticiasya.com\/\"},{\"@type\":\"ListItem\",\"position\":2,\"name\":\"Guatemala declara alerta sanitaria animal tras detectar primer caso de gusano barrenador en 30 a\u00f1os\"}]},{\"@type\":\"WebSite\",\"@id\":\"https:\/\/noticiasya.com\/#website\",\"url\":\"https:\/\/noticiasya.com\/\",\"name\":\"Noticias\",\"description\":\"Lo que importa\",\"publisher\":{\"@id\":\"https:\/\/noticiasya.com\/#organization\"},\"potentialAction\":[{\"@type\":\"SearchAction\",\"target\":{\"@type\":\"EntryPoint\",\"urlTemplate\":\"https:\/\/noticiasya.com\/?s={search_term_string}\"},\"query-input\":{\"@type\":\"PropertyValueSpecification\",\"valueRequired\":true,\"valueName\":\"search_term_string\"}}],\"inLanguage\":\"es\"},{\"@type\":\"Organization\",\"@id\":\"https:\/\/noticiasya.com\/#organization\",\"name\":\"Noticias\",\"url\":\"https:\/\/noticiasya.com\/\",\"logo\":{\"@type\":\"ImageObject\",\"inLanguage\":\"es\",\"@id\":\"https:\/\/noticiasya.com\/#\/schema\/logo\/image\/\",\"url\":\"https:\/\/noticiasya.com\/wp-content\/uploads\/sites\/22\/2023\/12\/logo-nacional.png\",\"contentUrl\":\"https:\/\/noticiasya.com\/wp-content\/uploads\/sites\/22\/2023\/12\/logo-nacional.png\",\"width\":1801,\"height\":691,\"caption\":\"Noticias\"},\"image\":{\"@id\":\"https:\/\/noticiasya.com\/#\/schema\/logo\/image\/\"}}]}<\/script>\n<!-- \/ Yoast SEO plugin. -->","yoast_head_json":{"title":"Guatemala declara alerta sanitaria animal tras detectar primer caso de gusano barrenador en 30 a\u00f1os - Noticias","robots":{"index":"index","follow":"follow","max-snippet":"max-snippet:-1","max-image-preview":"max-image-preview:large","max-video-preview":"max-video-preview:-1"},"canonical":"https:\/\/noticiasya.com\/2024\/10\/29\/guatemala-alerta-sanitaria-animal-gusano-barrenador-orix\/","og_locale":"es_ES","og_type":"article","og_title":"Guatemala declara alerta sanitaria animal tras detectar primer caso de gusano barrenador en 30 a\u00f1os - Noticias","og_description":"(CNN Espa\u00f1ol) &#8212;\u00a0 El Gobierno de Guatemala confirm\u00f3 este martes que detect\u00f3 el primer caso de gusano barrenador que afecta el ganado, por lo que ha declarado Estado de emergencia de sanidad animal en todo el pa\u00eds. \u201cTenemos un caso confirmado de gusano barrenador en el Departamento de Izabal\u201d, dijo Maynor Estrada, ministro de Agricultura [&hellip;]","og_url":"https:\/\/noticiasya.com\/2024\/10\/29\/guatemala-alerta-sanitaria-animal-gusano-barrenador-orix\/","og_site_name":"Noticias","article_published_time":"2024-10-29T18:03:44+00:00","twitter_card":"summary_large_image","twitter_misc":{"Est. reading time":"2 minutos"},"schema":{"@context":"https:\/\/schema.org","@graph":[{"@type":"Article","@id":"https:\/\/noticiasya.com\/2024\/10\/29\/guatemala-alerta-sanitaria-animal-gusano-barrenador-orix\/#article","isPartOf":{"@id":"https:\/\/noticiasya.com\/2024\/10\/29\/guatemala-alerta-sanitaria-animal-gusano-barrenador-orix\/"},"author":{"name":"","@id":""},"headline":"Guatemala declara alerta sanitaria animal tras detectar primer caso de gusano barrenador en 30 a\u00f1os","datePublished":"2024-10-29T18:03:44+00:00","mainEntityOfPage":{"@id":"https:\/\/noticiasya.com\/2024\/10\/29\/guatemala-alerta-sanitaria-animal-gusano-barrenador-orix\/"},"wordCount":373,"commentCount":0,"publisher":{"@id":"https:\/\/noticiasya.com\/#organization"},"articleSection":["Noticias Nacionales"],"inLanguage":"es","potentialAction":[{"@type":"CommentAction","name":"Comment","target":["https:\/\/noticiasya.com\/2024\/10\/29\/guatemala-alerta-sanitaria-animal-gusano-barrenador-orix\/#respond"]}]},{"@type":"WebPage","@id":"https:\/\/noticiasya.com\/2024\/10\/29\/guatemala-alerta-sanitaria-animal-gusano-barrenador-orix\/","url":"https:\/\/noticiasya.com\/2024\/10\/29\/guatemala-alerta-sanitaria-animal-gusano-barrenador-orix\/","name":"Guatemala declara alerta sanitaria animal tras detectar primer caso de gusano barrenador en 30 a\u00f1os - Noticias","isPartOf":{"@id":"https:\/\/noticiasya.com\/#website"},"datePublished":"2024-10-29T18:03:44+00:00","breadcrumb":{"@id":"https:\/\/noticiasya.com\/2024\/10\/29\/guatemala-alerta-sanitaria-animal-gusano-barrenador-orix\/#breadcrumb"},"inLanguage":"es","potentialAction":[{"@type":"ReadAction","target":["https:\/\/noticiasya.com\/2024\/10\/29\/guatemala-alerta-sanitaria-animal-gusano-barrenador-orix\/"]}]},{"@type":"BreadcrumbList","@id":"https:\/\/noticiasya.com\/2024\/10\/29\/guatemala-alerta-sanitaria-animal-gusano-barrenador-orix\/#breadcrumb","itemListElement":[{"@type":"ListItem","position":1,"name":"Home","item":"https:\/\/noticiasya.com\/"},{"@type":"ListItem","position":2,"name":"Guatemala declara alerta sanitaria animal tras detectar primer caso de gusano barrenador en 30 a\u00f1os"}]},{"@type":"WebSite","@id":"https:\/\/noticiasya.com\/#website","url":"https:\/\/noticiasya.com\/","name":"Noticias","description":"Lo que importa","publisher":{"@id":"https:\/\/noticiasya.com\/#organization"},"potentialAction":[{"@type":"SearchAction","target":{"@type":"EntryPoint","urlTemplate":"https:\/\/noticiasya.com\/?s={search_term_string}"},"query-input":{"@type":"PropertyValueSpecification","valueRequired":true,"valueName":"search_term_string"}}],"inLanguage":"es"},{"@type":"Organization","@id":"https:\/\/noticiasya.com\/#organization","name":"Noticias","url":"https:\/\/noticiasya.com\/","logo":{"@type":"ImageObject","inLanguage":"es","@id":"https:\/\/noticiasya.com\/#\/schema\/logo\/image\/","url":"https:\/\/noticiasya.com\/wp-content\/uploads\/sites\/22\/2023\/12\/logo-nacional.png","contentUrl":"https:\/\/noticiasya.com\/wp-content\/uploads\/sites\/22\/2023\/12\/logo-nacional.png","width":1801,"height":691,"caption":"Noticias"},"image":{"@id":"https:\/\/noticiasya.com\/#\/schema\/logo\/image\/"}}]}},"parsely":{"version":"1.1.0","canonical_url":"https:\/\/noticiasya.com\/midland-odessa\/2024\/10\/29\/guatemala-alerta-sanitaria-animal-gusano-barrenador-orix\/","smart_links":{"inbound":0,"outbound":0},"traffic_boost_suggestions_count":0,"meta":{"@context":"https:\/\/schema.org","@type":"NewsArticle","headline":"Guatemala declara alerta sanitaria animal tras detectar primer caso de gusano barrenador en 30 a\u00f1os","url":"http:\/\/noticiasya.com\/midland-odessa\/2024\/10\/29\/guatemala-alerta-sanitaria-animal-gusano-barrenador-orix\/","mainEntityOfPage":{"@type":"WebPage","@id":"http:\/\/noticiasya.com\/midland-odessa\/2024\/10\/29\/guatemala-alerta-sanitaria-animal-gusano-barrenador-orix\/"},"thumbnailUrl":"","image":{"@type":"ImageObject","url":""},"articleSection":"Noticias Nacionales","author":[],"creator":[],"publisher":{"@type":"Organization","name":"Noticias","logo":""},"keywords":[],"dateCreated":"2024-10-29T18:03:44Z","datePublished":"2024-10-29T18:03:44Z","dateModified":"2024-10-29T18:03:44Z"},"rendered":"<script type=\"application\/ld+json\" class=\"wp-parsely-metadata\">{\"@context\":\"https:\\\/\\\/schema.org\",\"@type\":\"NewsArticle\",\"headline\":\"Guatemala declara alerta sanitaria animal tras detectar primer caso de gusano barrenador en 30 a\\u00f1os\",\"url\":\"http:\\\/\\\/noticiasya.com\\\/midland-odessa\\\/2024\\\/10\\\/29\\\/guatemala-alerta-sanitaria-animal-gusano-barrenador-orix\\\/\",\"mainEntityOfPage\":{\"@type\":\"WebPage\",\"@id\":\"http:\\\/\\\/noticiasya.com\\\/midland-odessa\\\/2024\\\/10\\\/29\\\/guatemala-alerta-sanitaria-animal-gusano-barrenador-orix\\\/\"},\"thumbnailUrl\":\"\",\"image\":{\"@type\":\"ImageObject\",\"url\":\"\"},\"articleSection\":\"Noticias Nacionales\",\"author\":[],\"creator\":[],\"publisher\":{\"@type\":\"Organization\",\"name\":\"Noticias\",\"logo\":\"\"},\"keywords\":[],\"dateCreated\":\"2024-10-29T18:03:44Z\",\"datePublished\":\"2024-10-29T18:03:44Z\",\"dateModified\":\"2024-10-29T18:03:44Z\"}<\/script>","tracker_url":"https:\/\/cdn.parsely.com\/keys\/noticiasya.com\/p.js"},"jetpack_featured_media_url":"","jetpack-related-posts":[{"id":1465838,"url":"https:\/\/noticiasya.com\/midland-odessa\/2025\/08\/25\/identifican-eeuu-caso-infeccion-gusano-barrenador-trax\/","url_meta":{"origin":1455420,"position":0},"title":"Identifican en Estados Unidos un caso raro de infecci\u00f3n por gusano barrenador del Nuevo Mundo tras viaje desde El Salvador","author":"","date":"agosto 25, 2025","format":false,"excerpt":"Un portavoz del Departamento de Salud y Servicios Humanos de EE.UU. inform\u00f3 que se identific\u00f3 en Maryland un caso raro de gusano barrenador del Nuevo Mundo en un paciente que viaj\u00f3 desde El Salvador.Los Centros para el Control y la Prevenci\u00f3n de Enfermedades de EE.UU. (CDC, por sus siglas en\u2026","rel":"","context":"In &quot;Noticias Nacionales&quot;","block_context":{"text":"Noticias Nacionales","link":"https:\/\/noticiasya.com\/midland-odessa\/categoria\/noticias-nacionales"},"img":{"alt_text":"","src":"","width":0,"height":0},"classes":[]},{"id":1466952,"url":"https:\/\/noticiasya.com\/midland-odessa\/2025\/09\/29\/chiapas-costosa-lucha-gusano-barrenador-mexico-estados-unidos-orix\/","url_meta":{"origin":1455420,"position":1},"title":"Chiapas, epicentro de la costosa lucha contra el gusano barrenador que enfrenta a M\u00e9xico con Estados Unidos","author":"","date":"septiembre 29, 2025","format":false,"excerpt":"Fidel Guti\u00e9rrez a\u00fan recuerda cuando su rancho estaba libre de la plaga del gusano barrenador. Fue hace 30 a\u00f1os, cuando \u00e9l era un joven que trabajaba en la finca de su padre en Chiapas, el tercer estado productor de carne bovina de M\u00e9xico.\u201cNo estamos acostumbrados a ver esto\u2026 El gusano\u2026","rel":"","context":"In &quot;Noticias Nacionales&quot;","block_context":{"text":"Noticias Nacionales","link":"https:\/\/noticiasya.com\/midland-odessa\/categoria\/noticias-nacionales"},"img":{"alt_text":"","src":"","width":0,"height":0},"classes":[]},{"id":1462904,"url":"https:\/\/noticiasya.com\/midland-odessa\/2025\/05\/28\/eeuu-medidas-gusano-barrenador-reactivar-exportacion-ganado-orix\/","url_meta":{"origin":1455420,"position":2},"title":"M\u00e9xico y Estados Unidos acuerdan medidas contra gusano barrenador para reactivar la exportaci\u00f3n de ganado","author":"","date":"mayo 28, 2025","format":false,"excerpt":"Gobiernos de M\u00e9xico y Estados Unidos acordaron reactivar poco a poco las exportaciones de ganado mexicano tras un brote de gusano barrenador que encendi\u00f3 las alertas sanitarias. Ambos pa\u00edses definieron una hoja de ruta con medidas para garantizar la sanidad que incluir\u00e1 una evaluaci\u00f3n mensual.En comunicados separados difundidos este martes,\u2026","rel":"","context":"In &quot;Noticias Nacionales&quot;","block_context":{"text":"Noticias Nacionales","link":"https:\/\/noticiasya.com\/midland-odessa\/categoria\/noticias-nacionales"},"img":{"alt_text":"","src":"","width":0,"height":0},"classes":[]},{"id":1462851,"url":"https:\/\/noticiasya.com\/midland-odessa\/2025\/05\/27\/casos-gusano-barrenador-humanos-mexico-orix\/","url_meta":{"origin":1455420,"position":3},"title":"Confirman seis casos de infecci\u00f3n por gusano barrenador en humanos en M\u00e9xico","author":"","date":"mayo 27, 2025","format":false,"excerpt":"El secretario de Salud de M\u00e9xico, David Kershenobich Stalnikowitz, confirm\u00f3 el lunes que en el pa\u00eds hay seis casos de gusano barrenador en humanos.El secretario dijo, durante la rueda de prensa matutina de la presidenta de M\u00e9xico, Claudia Sheinbaum, que cinco de las personas infectadas ya fueron dadas de altas\u2026","rel":"","context":"In &quot;Noticias Nacionales&quot;","block_context":{"text":"Noticias Nacionales","link":"https:\/\/noticiasya.com\/midland-odessa\/categoria\/noticias-nacionales"},"img":{"alt_text":"","src":"","width":0,"height":0},"classes":[]},{"id":1467772,"url":"https:\/\/noticiasya.com\/midland-odessa\/2025\/10\/27\/sheinbaum-trump-llamada-aranceles-orix\/","url_meta":{"origin":1455420,"position":4},"title":"Sheinbaum anuncia que acord\u00f3 con Trump ampliar el plazo de negociaci\u00f3n comercial con EE.UU.","author":"","date":"octubre 27, 2025","format":false,"excerpt":"La presidenta de M\u00e9xico, Claudia Sheinbaum, dijo que habl\u00f3 este s\u00e1bado con el presidente de Estados Unidos. \u201cHabl\u00e9 con el presidente Trump el s\u00e1bado y vamos a dar unas semanas m\u00e1s para poder cerrar el tema que ya va muy avanzado de las 54 barreras no arancelarias\u201d, asegur\u00f3 Sheinbaum en\u2026","rel":"","context":"In &quot;Noticias Nacionales&quot;","block_context":{"text":"Noticias Nacionales","link":"https:\/\/noticiasya.com\/midland-odessa\/categoria\/noticias-nacionales"},"img":{"alt_text":"","src":"","width":0,"height":0},"classes":[]},{"id":1464421,"url":"https:\/\/noticiasya.com\/midland-odessa\/2025\/07\/11\/5-cosas-11-julio-orix\/","url_meta":{"origin":1455420,"position":5},"title":"Las 5 cosas que debes saber este 11 de julio: ciudadan\u00eda por nacimiento, narcoavioneta y quiz interactivo","author":"","date":"julio 11, 2025","format":false,"excerpt":"Tensi\u00f3n diplom\u00e1tica entre El Salvador y M\u00e9xico por narcoavioneta. Inmigrantes hondure\u00f1os temen por el fin del TPS. El bolso Herm\u00e8s original de Jane Birkin se vende por US$ 10 millones. \u00bfC\u00f3mo sobrevivir a una inundaci\u00f3n repentina? Esto es lo que debes saber para comenzar el d\u00eda. Primero la verdad.Suscr\u00edbete aqu\u00ed\u2026","rel":"","context":"In &quot;Noticias Nacionales&quot;","block_context":{"text":"Noticias Nacionales","link":"https:\/\/noticiasya.com\/midland-odessa\/categoria\/noticias-nacionales"},"img":{"alt_text":"","src":"","width":0,"height":0},"classes":[]}],"jetpack_sharing_enabled":true,"_links":{"self":[{"href":"https:\/\/noticiasya.com\/midland-odessa\/wp-json\/wp\/v2\/posts\/1455420","targetHints":{"allow":["GET"]}}],"collection":[{"href":"https:\/\/noticiasya.com\/midland-odessa\/wp-json\/wp\/v2\/posts"}],"about":[{"href":"https:\/\/noticiasya.com\/midland-odessa\/wp-json\/wp\/v2\/types\/post"}],"replies":[{"embeddable":true,"href":"https:\/\/noticiasya.com\/midland-odessa\/wp-json\/wp\/v2\/comments?post=1455420"}],"version-history":[{"count":0,"href":"https:\/\/noticiasya.com\/midland-odessa\/wp-json\/wp\/v2\/posts\/1455420\/revisions"}],"wp:attachment":[{"href":"https:\/\/noticiasya.com\/midland-odessa\/wp-json\/wp\/v2\/media?parent=1455420"}],"wp:term":[{"taxonomy":"category","embeddable":true,"href":"https:\/\/noticiasya.com\/midland-odessa\/wp-json\/wp\/v2\/categories?post=1455420"},{"taxonomy":"post_tag","embeddable":true,"href":"https:\/\/noticiasya.com\/midland-odessa\/wp-json\/wp\/v2\/tags?post=1455420"}],"curies":[{"name":"wp","href":"https:\/\/api.w.org\/{rel}","templated":true}]}}