{"id":1455421,"date":"2024-10-29T11:03:44","date_gmt":"2024-10-29T18:03:44","guid":{"rendered":"https:\/\/noticiasya.com\/2024\/10\/29\/evo-morales-reitera-que-hubo-intento-de-magnicidio-en-su-contra-orix\/"},"modified":"2024-10-29T11:03:44","modified_gmt":"2024-10-29T18:03:44","slug":"evo-morales-reitera-que-hubo-intento-de-magnicidio-en-su-contra-orix","status":"publish","type":"post","link":"https:\/\/noticiasya.com\/midland-odessa\/2024\/10\/29\/evo-morales-reitera-que-hubo-intento-de-magnicidio-en-su-contra-orix\/","title":{"rendered":"Evo Morales reitera que hubo un intento de magnicidio en su contra y acusa al Gobierno de Bolivia de fabricar una mentira"},"content":{"rendered":"<p>(CNN Espa\u00f1ol) &#8212; El expresidente de Bolivia, Evo Morales, rechaz\u00f3 este lunes las declaraciones del ministro de Gobierno, Eduardo del Castillo, quien lo acus\u00f3 de fabricar un intento de magnicidio para ocultar que no se detuvo ante un control policial en una carretera y que desde su veh\u00edculo se dispar\u00f3 a agentes.<\/p>\n<p>Ahora puedes seguirnos en\u00a0WhatsApp Channel<\/p>\n<p>En entrevista con CNN, Morales narr\u00f3 que el domingo sufri\u00f3 la que califica de emboscada y, al ver que los veh\u00edculos estaban marcados como pertenecientes a la Novena Divisi\u00f3n, pidi\u00f3 al chofer que acelerara y luego se percataron de que les dispararon, &#171;no en r\u00e1faga, pero muy r\u00e1pido&#187; mientras los persegu\u00edan. El exmandatario destac\u00f3 que \u00e9l no llevaba ning\u00fan arma.<\/p>\n<p>&#171;Era orden de eliminaci\u00f3n a Evo, porque tantas balas, tantos disparos, eso a m\u00ed me sorprendi\u00f3. Yo he sido detenido por expresidentes varias veces, pero nunca como esto. Lo que pas\u00f3 el d\u00eda de ayer es peor que los gobiernos neoliberales, hasta yo dir\u00eda peor que las dictaduras militares&#187;, expres\u00f3 al ser cuestionado sobre los se\u00f1alamientos del ministro del Castillo.<\/p>\n<p>En respuesta a esta versi\u00f3n, el ministro reiter\u00f3 que un polic\u00eda result\u00f3 gravemente lesionado tras ser arrollado por el autom\u00f3vil en el que viajaba Morales cuando se pas\u00f3 el control vehicular y que desde el autom\u00f3vil se dispar\u00f3, inici\u00e1ndose as\u00ed la persecuci\u00f3n.<\/p>\n<p>&#171;Este video que ha mostrado el se\u00f1or Morales, ha sido editado. Felizmente \u00e9l confiesa tambi\u00e9n en dos oportunidades en estos videos que ha hecho p\u00fablicos que \u00e9l ha disparado a la llanta del veh\u00edculo que se encontraba tratando de detener a estos veh\u00edculos&#187;, detall\u00f3 el ministro.<\/p>\n<p>The-CNN-Wire<br \/>&trade; &amp; &copy; 2024 Cable News Network, Inc., a Warner Bros. Discovery Company. All rights reserved.<\/p>\n","protected":false},"excerpt":{"rendered":"<p>(CNN Espa\u00f1ol) &#8212; El expresidente de Bolivia, Evo Morales, rechaz\u00f3 este lunes las declaraciones del ministro de Gobierno, Eduardo del Castillo, quien lo acus\u00f3 de fabricar un intento de magnicidio para ocultar que no se detuvo ante un control policial en una carretera y que desde su veh\u00edculo se dispar\u00f3 a agentes. Ahora puedes seguirnos [&hellip;]<\/p>\n","protected":false},"author":0,"featured_media":0,"comment_status":"open","ping_status":"open","sticky":false,"template":"","format":"standard","meta":{"_jetpack_memberships_contains_paid_content":false,"footnotes":""},"categories":[10],"tags":[],"class_list":["post-1455421","post","type-post","status-publish","format-standard","hentry","category-noticias-nacionales","market-global"],"yoast_head":"<!-- This site is optimized with the Yoast SEO plugin v24.4 - https:\/\/yoast.com\/wordpress\/plugins\/seo\/ -->\n<title>Evo Morales reitera que hubo un intento de magnicidio en su contra y acusa al Gobierno de Bolivia de fabricar una mentira - Noticias<\/title>\n<meta name=\"robots\" content=\"index, follow, max-snippet:-1, max-image-preview:large, max-video-preview:-1\" \/>\n<link rel=\"canonical\" href=\"https:\/\/noticiasya.com\/2024\/10\/29\/evo-morales-reitera-que-hubo-intento-de-magnicidio-en-su-contra-orix\/\" \/>\n<meta property=\"og:locale\" content=\"es_ES\" \/>\n<meta property=\"og:type\" content=\"article\" \/>\n<meta property=\"og:title\" content=\"Evo Morales reitera que hubo un intento de magnicidio en su contra y acusa al Gobierno de Bolivia de fabricar una mentira - Noticias\" \/>\n<meta property=\"og:description\" content=\"(CNN Espa\u00f1ol) &#8212; El expresidente de Bolivia, Evo Morales, rechaz\u00f3 este lunes las declaraciones del ministro de Gobierno, Eduardo del Castillo, quien lo acus\u00f3 de fabricar un intento de magnicidio para ocultar que no se detuvo ante un control policial en una carretera y que desde su veh\u00edculo se dispar\u00f3 a agentes. Ahora puedes seguirnos [&hellip;]\" \/>\n<meta property=\"og:url\" content=\"https:\/\/noticiasya.com\/2024\/10\/29\/evo-morales-reitera-que-hubo-intento-de-magnicidio-en-su-contra-orix\/\" \/>\n<meta property=\"og:site_name\" content=\"Noticias\" \/>\n<meta property=\"article:published_time\" content=\"2024-10-29T18:03:44+00:00\" \/>\n<meta name=\"twitter:card\" content=\"summary_large_image\" \/>\n<meta name=\"twitter:label1\" content=\"Est. reading time\" \/>\n\t<meta name=\"twitter:data1\" content=\"2 minutos\" \/>\n<script type=\"application\/ld+json\" class=\"yoast-schema-graph\">{\"@context\":\"https:\/\/schema.org\",\"@graph\":[{\"@type\":\"Article\",\"@id\":\"https:\/\/noticiasya.com\/2024\/10\/29\/evo-morales-reitera-que-hubo-intento-de-magnicidio-en-su-contra-orix\/#article\",\"isPartOf\":{\"@id\":\"https:\/\/noticiasya.com\/2024\/10\/29\/evo-morales-reitera-que-hubo-intento-de-magnicidio-en-su-contra-orix\/\"},\"author\":{\"name\":\"\",\"@id\":\"\"},\"headline\":\"Evo Morales reitera que hubo un intento de magnicidio en su contra y acusa al Gobierno de Bolivia de fabricar una mentira\",\"datePublished\":\"2024-10-29T18:03:44+00:00\",\"mainEntityOfPage\":{\"@id\":\"https:\/\/noticiasya.com\/2024\/10\/29\/evo-morales-reitera-que-hubo-intento-de-magnicidio-en-su-contra-orix\/\"},\"wordCount\":327,\"commentCount\":0,\"publisher\":{\"@id\":\"https:\/\/noticiasya.com\/#organization\"},\"articleSection\":[\"Noticias Nacionales\"],\"inLanguage\":\"es\",\"potentialAction\":[{\"@type\":\"CommentAction\",\"name\":\"Comment\",\"target\":[\"https:\/\/noticiasya.com\/2024\/10\/29\/evo-morales-reitera-que-hubo-intento-de-magnicidio-en-su-contra-orix\/#respond\"]}]},{\"@type\":\"WebPage\",\"@id\":\"https:\/\/noticiasya.com\/2024\/10\/29\/evo-morales-reitera-que-hubo-intento-de-magnicidio-en-su-contra-orix\/\",\"url\":\"https:\/\/noticiasya.com\/2024\/10\/29\/evo-morales-reitera-que-hubo-intento-de-magnicidio-en-su-contra-orix\/\",\"name\":\"Evo Morales reitera que hubo un intento de magnicidio en su contra y acusa al Gobierno de Bolivia de fabricar una mentira - Noticias\",\"isPartOf\":{\"@id\":\"https:\/\/noticiasya.com\/#website\"},\"datePublished\":\"2024-10-29T18:03:44+00:00\",\"breadcrumb\":{\"@id\":\"https:\/\/noticiasya.com\/2024\/10\/29\/evo-morales-reitera-que-hubo-intento-de-magnicidio-en-su-contra-orix\/#breadcrumb\"},\"inLanguage\":\"es\",\"potentialAction\":[{\"@type\":\"ReadAction\",\"target\":[\"https:\/\/noticiasya.com\/2024\/10\/29\/evo-morales-reitera-que-hubo-intento-de-magnicidio-en-su-contra-orix\/\"]}]},{\"@type\":\"BreadcrumbList\",\"@id\":\"https:\/\/noticiasya.com\/2024\/10\/29\/evo-morales-reitera-que-hubo-intento-de-magnicidio-en-su-contra-orix\/#breadcrumb\",\"itemListElement\":[{\"@type\":\"ListItem\",\"position\":1,\"name\":\"Home\",\"item\":\"https:\/\/noticiasya.com\/\"},{\"@type\":\"ListItem\",\"position\":2,\"name\":\"Evo Morales reitera que hubo un intento de magnicidio en su contra y acusa al Gobierno de Bolivia de fabricar una mentira\"}]},{\"@type\":\"WebSite\",\"@id\":\"https:\/\/noticiasya.com\/#website\",\"url\":\"https:\/\/noticiasya.com\/\",\"name\":\"Noticias\",\"description\":\"Lo que importa\",\"publisher\":{\"@id\":\"https:\/\/noticiasya.com\/#organization\"},\"potentialAction\":[{\"@type\":\"SearchAction\",\"target\":{\"@type\":\"EntryPoint\",\"urlTemplate\":\"https:\/\/noticiasya.com\/?s={search_term_string}\"},\"query-input\":{\"@type\":\"PropertyValueSpecification\",\"valueRequired\":true,\"valueName\":\"search_term_string\"}}],\"inLanguage\":\"es\"},{\"@type\":\"Organization\",\"@id\":\"https:\/\/noticiasya.com\/#organization\",\"name\":\"Noticias\",\"url\":\"https:\/\/noticiasya.com\/\",\"logo\":{\"@type\":\"ImageObject\",\"inLanguage\":\"es\",\"@id\":\"https:\/\/noticiasya.com\/#\/schema\/logo\/image\/\",\"url\":\"https:\/\/noticiasya.com\/wp-content\/uploads\/sites\/22\/2023\/12\/logo-nacional.png\",\"contentUrl\":\"https:\/\/noticiasya.com\/wp-content\/uploads\/sites\/22\/2023\/12\/logo-nacional.png\",\"width\":1801,\"height\":691,\"caption\":\"Noticias\"},\"image\":{\"@id\":\"https:\/\/noticiasya.com\/#\/schema\/logo\/image\/\"}}]}<\/script>\n<!-- \/ Yoast SEO plugin. -->","yoast_head_json":{"title":"Evo Morales reitera que hubo un intento de magnicidio en su contra y acusa al Gobierno de Bolivia de fabricar una mentira - Noticias","robots":{"index":"index","follow":"follow","max-snippet":"max-snippet:-1","max-image-preview":"max-image-preview:large","max-video-preview":"max-video-preview:-1"},"canonical":"https:\/\/noticiasya.com\/2024\/10\/29\/evo-morales-reitera-que-hubo-intento-de-magnicidio-en-su-contra-orix\/","og_locale":"es_ES","og_type":"article","og_title":"Evo Morales reitera que hubo un intento de magnicidio en su contra y acusa al Gobierno de Bolivia de fabricar una mentira - Noticias","og_description":"(CNN Espa\u00f1ol) &#8212; El expresidente de Bolivia, Evo Morales, rechaz\u00f3 este lunes las declaraciones del ministro de Gobierno, Eduardo del Castillo, quien lo acus\u00f3 de fabricar un intento de magnicidio para ocultar que no se detuvo ante un control policial en una carretera y que desde su veh\u00edculo se dispar\u00f3 a agentes. Ahora puedes seguirnos [&hellip;]","og_url":"https:\/\/noticiasya.com\/2024\/10\/29\/evo-morales-reitera-que-hubo-intento-de-magnicidio-en-su-contra-orix\/","og_site_name":"Noticias","article_published_time":"2024-10-29T18:03:44+00:00","twitter_card":"summary_large_image","twitter_misc":{"Est. reading time":"2 minutos"},"schema":{"@context":"https:\/\/schema.org","@graph":[{"@type":"Article","@id":"https:\/\/noticiasya.com\/2024\/10\/29\/evo-morales-reitera-que-hubo-intento-de-magnicidio-en-su-contra-orix\/#article","isPartOf":{"@id":"https:\/\/noticiasya.com\/2024\/10\/29\/evo-morales-reitera-que-hubo-intento-de-magnicidio-en-su-contra-orix\/"},"author":{"name":"","@id":""},"headline":"Evo Morales reitera que hubo un intento de magnicidio en su contra y acusa al Gobierno de Bolivia de fabricar una mentira","datePublished":"2024-10-29T18:03:44+00:00","mainEntityOfPage":{"@id":"https:\/\/noticiasya.com\/2024\/10\/29\/evo-morales-reitera-que-hubo-intento-de-magnicidio-en-su-contra-orix\/"},"wordCount":327,"commentCount":0,"publisher":{"@id":"https:\/\/noticiasya.com\/#organization"},"articleSection":["Noticias Nacionales"],"inLanguage":"es","potentialAction":[{"@type":"CommentAction","name":"Comment","target":["https:\/\/noticiasya.com\/2024\/10\/29\/evo-morales-reitera-que-hubo-intento-de-magnicidio-en-su-contra-orix\/#respond"]}]},{"@type":"WebPage","@id":"https:\/\/noticiasya.com\/2024\/10\/29\/evo-morales-reitera-que-hubo-intento-de-magnicidio-en-su-contra-orix\/","url":"https:\/\/noticiasya.com\/2024\/10\/29\/evo-morales-reitera-que-hubo-intento-de-magnicidio-en-su-contra-orix\/","name":"Evo Morales reitera que hubo un intento de magnicidio en su contra y acusa al Gobierno de Bolivia de fabricar una mentira - Noticias","isPartOf":{"@id":"https:\/\/noticiasya.com\/#website"},"datePublished":"2024-10-29T18:03:44+00:00","breadcrumb":{"@id":"https:\/\/noticiasya.com\/2024\/10\/29\/evo-morales-reitera-que-hubo-intento-de-magnicidio-en-su-contra-orix\/#breadcrumb"},"inLanguage":"es","potentialAction":[{"@type":"ReadAction","target":["https:\/\/noticiasya.com\/2024\/10\/29\/evo-morales-reitera-que-hubo-intento-de-magnicidio-en-su-contra-orix\/"]}]},{"@type":"BreadcrumbList","@id":"https:\/\/noticiasya.com\/2024\/10\/29\/evo-morales-reitera-que-hubo-intento-de-magnicidio-en-su-contra-orix\/#breadcrumb","itemListElement":[{"@type":"ListItem","position":1,"name":"Home","item":"https:\/\/noticiasya.com\/"},{"@type":"ListItem","position":2,"name":"Evo Morales reitera que hubo un intento de magnicidio en su contra y acusa al Gobierno de Bolivia de fabricar una mentira"}]},{"@type":"WebSite","@id":"https:\/\/noticiasya.com\/#website","url":"https:\/\/noticiasya.com\/","name":"Noticias","description":"Lo que importa","publisher":{"@id":"https:\/\/noticiasya.com\/#organization"},"potentialAction":[{"@type":"SearchAction","target":{"@type":"EntryPoint","urlTemplate":"https:\/\/noticiasya.com\/?s={search_term_string}"},"query-input":{"@type":"PropertyValueSpecification","valueRequired":true,"valueName":"search_term_string"}}],"inLanguage":"es"},{"@type":"Organization","@id":"https:\/\/noticiasya.com\/#organization","name":"Noticias","url":"https:\/\/noticiasya.com\/","logo":{"@type":"ImageObject","inLanguage":"es","@id":"https:\/\/noticiasya.com\/#\/schema\/logo\/image\/","url":"https:\/\/noticiasya.com\/wp-content\/uploads\/sites\/22\/2023\/12\/logo-nacional.png","contentUrl":"https:\/\/noticiasya.com\/wp-content\/uploads\/sites\/22\/2023\/12\/logo-nacional.png","width":1801,"height":691,"caption":"Noticias"},"image":{"@id":"https:\/\/noticiasya.com\/#\/schema\/logo\/image\/"}}]}},"parsely":{"version":"1.1.0","canonical_url":"https:\/\/noticiasya.com\/midland-odessa\/2024\/10\/29\/evo-morales-reitera-que-hubo-intento-de-magnicidio-en-su-contra-orix\/","smart_links":{"inbound":0,"outbound":0},"traffic_boost_suggestions_count":0,"meta":{"@context":"https:\/\/schema.org","@type":"NewsArticle","headline":"Evo Morales reitera que hubo un intento de magnicidio en su contra y acusa al Gobierno de Bolivia de fabricar una mentira","url":"http:\/\/noticiasya.com\/midland-odessa\/2024\/10\/29\/evo-morales-reitera-que-hubo-intento-de-magnicidio-en-su-contra-orix\/","mainEntityOfPage":{"@type":"WebPage","@id":"http:\/\/noticiasya.com\/midland-odessa\/2024\/10\/29\/evo-morales-reitera-que-hubo-intento-de-magnicidio-en-su-contra-orix\/"},"thumbnailUrl":"","image":{"@type":"ImageObject","url":""},"articleSection":"Noticias Nacionales","author":[],"creator":[],"publisher":{"@type":"Organization","name":"Noticias","logo":""},"keywords":[],"dateCreated":"2024-10-29T18:03:44Z","datePublished":"2024-10-29T18:03:44Z","dateModified":"2024-10-29T18:03:44Z"},"rendered":"<script type=\"application\/ld+json\" class=\"wp-parsely-metadata\">{\"@context\":\"https:\\\/\\\/schema.org\",\"@type\":\"NewsArticle\",\"headline\":\"Evo Morales reitera que hubo un intento de magnicidio en su contra y acusa al Gobierno de Bolivia de fabricar una mentira\",\"url\":\"http:\\\/\\\/noticiasya.com\\\/midland-odessa\\\/2024\\\/10\\\/29\\\/evo-morales-reitera-que-hubo-intento-de-magnicidio-en-su-contra-orix\\\/\",\"mainEntityOfPage\":{\"@type\":\"WebPage\",\"@id\":\"http:\\\/\\\/noticiasya.com\\\/midland-odessa\\\/2024\\\/10\\\/29\\\/evo-morales-reitera-que-hubo-intento-de-magnicidio-en-su-contra-orix\\\/\"},\"thumbnailUrl\":\"\",\"image\":{\"@type\":\"ImageObject\",\"url\":\"\"},\"articleSection\":\"Noticias Nacionales\",\"author\":[],\"creator\":[],\"publisher\":{\"@type\":\"Organization\",\"name\":\"Noticias\",\"logo\":\"\"},\"keywords\":[],\"dateCreated\":\"2024-10-29T18:03:44Z\",\"datePublished\":\"2024-10-29T18:03:44Z\",\"dateModified\":\"2024-10-29T18:03:44Z\"}<\/script>","tracker_url":"https:\/\/cdn.parsely.com\/keys\/noticiasya.com\/p.js"},"jetpack_featured_media_url":"","jetpack-related-posts":[{"id":1455413,"url":"https:\/\/noticiasya.com\/midland-odessa\/2024\/10\/28\/bolivia-acusa-evo-morales-fabricar-magnicidio-morales-responde-quieren-convertir-victima-en-victimario-orix\/","url_meta":{"origin":1455421,"position":0},"title":"Gobierno de Bolivia acusa a Evo Morales de fabricar un intento de magnicidio; Morales responde que quieren convertir \u201ca la v\u00edctima en victimario\u201d","author":"","date":"octubre 28, 2024","format":false,"excerpt":"(CNN) -- El ministro de Gobierno de Bolivia, Eduardo del Castillo, acus\u00f3 este lunes al expresidente Evo Morales de fabricar un intento de magnicidio para ocultar que no se detuvo ante un control policial en una carretera y que desde su veh\u00edculo se dispar\u00f3 a agentes.\"Se\u00f1or Morales, nadie le cree\u2026","rel":"","context":"In &quot;Noticias Nacionales&quot;","block_context":{"text":"Noticias Nacionales","link":"https:\/\/noticiasya.com\/midland-odessa\/categoria\/noticias-nacionales"},"img":{"alt_text":"","src":"","width":0,"height":0},"classes":[]},{"id":1455447,"url":"https:\/\/noticiasya.com\/midland-odessa\/2024\/10\/30\/gobierno-bolivia-acusa-evo-morales-utilizar-armas-fuego-atentado-orix\/","url_meta":{"origin":1455421,"position":1},"title":"Gobierno de Bolivia acusa a Evo Morales de portar y utilizar armas de fuego contra la polic\u00eda durante presunto atentado","author":"","date":"octubre 30, 2024","format":false,"excerpt":"(CNN Espa\u00f1ol) -- Luego de la denuncia del expresidente Evo Morales, quien acus\u00f3 al Gobierno de Luis Arce de planificar un presunto atentado en su contra, el ministro de Gobierno de Bolivia, Eduardo Del Castillo, insisti\u00f3 este mi\u00e9rcoles en que Morales utiliz\u00f3 armas de fuego contra la polic\u00eda para evadir\u2026","rel":"","context":"In &quot;Noticias Nacionales&quot;","block_context":{"text":"Noticias Nacionales","link":"https:\/\/noticiasya.com\/midland-odessa\/categoria\/noticias-nacionales"},"img":{"alt_text":"","src":"","width":0,"height":0},"classes":[]},{"id":1451024,"url":"https:\/\/noticiasya.com\/midland-odessa\/2024\/07\/10\/evo-morales-aristegui-entrevista-orix\/","url_meta":{"origin":1455421,"position":2},"title":"Evo Morales: Intento de golpe de Estado fue un &#171;show bien montado&#187; entre Arce y Z\u00fa\u00f1iga","author":"","date":"julio 10, 2024","format":false,"excerpt":"(CNN Espa\u00f1ol) -- Evo Morales, expresidente de Bolivia y l\u00edder del oficialista Movimiento al Socialismo (MAS), dijo que el levantamiento de militares en Bolivia el 26 de junio fue un \"show bien montado entre el presidente Lucho Arce con el comandante de entonces Juan Z\u00fa\u00f1iga\". En entrevista con Carmen Aristegui\u2026","rel":"","context":"In &quot;Noticias Nacionales&quot;","block_context":{"text":"Noticias Nacionales","link":"https:\/\/noticiasya.com\/midland-odessa\/categoria\/noticias-nacionales"},"img":{"alt_text":"","src":"","width":0,"height":0},"classes":[]},{"id":1465460,"url":"https:\/\/noticiasya.com\/midland-odessa\/2025\/08\/13\/candidatos-mas-bolivia-rodriguez-castillo-orix\/","url_meta":{"origin":1455421,"position":3},"title":"Un oficialismo partido entre Arce y Morales divide sus votos entre dos candidatos","author":"","date":"agosto 13, 2025","format":false,"excerpt":"El Movimiento al Socialismo (MAS) llega completamente fragmentado y debilitado a las elecciones generales de este domingo 17 de agosto en Bolivia.Mientras que el presidente Luis Arce decidi\u00f3 no presentarse a una reelecci\u00f3n, Evo Morales llam\u00f3 al sufragio nulo y los dos candidatos, Andr\u00f3nico Rodr\u00edguez y Eduardo del Castillo, que\u2026","rel":"","context":"In &quot;Noticias Nacionales&quot;","block_context":{"text":"Noticias Nacionales","link":"https:\/\/noticiasya.com\/midland-odessa\/categoria\/noticias-nacionales"},"img":{"alt_text":"","src":"","width":0,"height":0},"classes":[]},{"id":1452947,"url":"https:\/\/noticiasya.com\/midland-odessa\/2024\/09\/23\/gobierno-bolivia-denuncia-presunta-agresion-simpatizante-evo-morales-expresidente-dice-movilizacion-es-pacifica-orix\/","url_meta":{"origin":1455421,"position":4},"title":"Gobierno de Bolivia denuncia presunta agresi\u00f3n de simpatizantes de Evo Morales en El Alto; el expresidente dice que su movilizaci\u00f3n es pac\u00edfica","author":"","date":"septiembre 23, 2024","format":false,"excerpt":"(CNN) -- El Gobierno de Bolivia denunci\u00f3 este domingo una presunta agresi\u00f3n de simpatizantes del expresidente Evo Morales\u00a0que dej\u00f3 heridos en Ventilla, en la ciudad de El Alto, mientras que el exmandatario rechaz\u00f3 tener responsabilidad en los hechos y asegur\u00f3 que la movilizaci\u00f3n que promueve por el pa\u00eds es pac\u00edfica.El\u2026","rel":"","context":"In &quot;Noticias Nacionales&quot;","block_context":{"text":"Noticias Nacionales","link":"https:\/\/noticiasya.com\/midland-odessa\/categoria\/noticias-nacionales"},"img":{"alt_text":"","src":"","width":0,"height":0},"classes":[]},{"id":1457492,"url":"https:\/\/noticiasya.com\/midland-odessa\/2025\/01\/13\/gobierno-bolivia-enfrentamientos-policia-audiencia-evo-morales-orix\/","url_meta":{"origin":1455421,"position":5},"title":"Gobierno de Bolivia reporta al menos cinco heridos en enfrentamientos con la Polic\u00eda a un d\u00eda de la audiencia de Evo Morales","author":"","date":"enero 13, 2025","format":false,"excerpt":"A solo un d\u00eda de la audiencia de medidas cautelares en contra del expresidente de Bolivia Evo Morales por la acusaci\u00f3n de trata de personas, el Gobierno report\u00f3 enfrentamientos entre grupos afines al exmandatario y la Polic\u00eda en el sector de Cochabamba. Al menos cinco personas resultaron heridas, seg\u00fan las\u2026","rel":"","context":"In &quot;Noticias Nacionales&quot;","block_context":{"text":"Noticias Nacionales","link":"https:\/\/noticiasya.com\/midland-odessa\/categoria\/noticias-nacionales"},"img":{"alt_text":"","src":"","width":0,"height":0},"classes":[]}],"jetpack_sharing_enabled":true,"_links":{"self":[{"href":"https:\/\/noticiasya.com\/midland-odessa\/wp-json\/wp\/v2\/posts\/1455421","targetHints":{"allow":["GET"]}}],"collection":[{"href":"https:\/\/noticiasya.com\/midland-odessa\/wp-json\/wp\/v2\/posts"}],"about":[{"href":"https:\/\/noticiasya.com\/midland-odessa\/wp-json\/wp\/v2\/types\/post"}],"replies":[{"embeddable":true,"href":"https:\/\/noticiasya.com\/midland-odessa\/wp-json\/wp\/v2\/comments?post=1455421"}],"version-history":[{"count":0,"href":"https:\/\/noticiasya.com\/midland-odessa\/wp-json\/wp\/v2\/posts\/1455421\/revisions"}],"wp:attachment":[{"href":"https:\/\/noticiasya.com\/midland-odessa\/wp-json\/wp\/v2\/media?parent=1455421"}],"wp:term":[{"taxonomy":"category","embeddable":true,"href":"https:\/\/noticiasya.com\/midland-odessa\/wp-json\/wp\/v2\/categories?post=1455421"},{"taxonomy":"post_tag","embeddable":true,"href":"https:\/\/noticiasya.com\/midland-odessa\/wp-json\/wp\/v2\/tags?post=1455421"}],"curies":[{"name":"wp","href":"https:\/\/api.w.org\/{rel}","templated":true}]}}