{"id":1455423,"date":"2024-10-29T11:03:45","date_gmt":"2024-10-29T18:03:45","guid":{"rendered":"https:\/\/noticiasya.com\/2024\/10\/29\/paro-transporte-argentina-30-31-octubre-servicios-orix\/"},"modified":"2024-10-29T11:03:45","modified_gmt":"2024-10-29T18:03:45","slug":"paro-transporte-argentina-30-31-octubre-servicios-orix","status":"publish","type":"post","link":"https:\/\/noticiasya.com\/midland-odessa\/2024\/10\/29\/paro-transporte-argentina-30-31-octubre-servicios-orix\/","title":{"rendered":"Paro de transporte en Argentina del 30 y 31 de octubre: qu\u00e9 servicios se ven afectados y qui\u00e9nes se adhieren"},"content":{"rendered":"<p>(CNN Espa\u00f1ol) &#8212; Sindicatos de transporte de Argentina anunciaron que realizar\u00e1n dos huelgas el 30 y 31 de octubre. El paro afectar\u00e1 a transporte tanto de pasajeros como de carga. Los subterr\u00e1neos, trenes, aviones, camiones y al transporte mar\u00edtimo estar\u00e1n interrumpidos por la medida convocada por la Confederaci\u00f3n Argentina de Trabajadores del Transporte (CATT). Al d\u00eda siguientes se realizar\u00e1 un paro de colectivos convocado por la Uni\u00f3n Tranviarios Automotor (UTA).<\/p>\n<p>C\u00f3mo afectar\u00e1 el paro de transporte al servicio de metro y trenes<\/p>\n<p>Los servicios de subterr\u00e1neo, premetro y ferrocarriles no funcionar\u00e1n durante toda la jornada del 30 de octubre.<\/p>\n<p>La Asociaci\u00f3n Gremial de Trabajadore del Subte y Premetro (AGTSyP) inform\u00f3 a trav\u00e9s de un comunicado que la adhesi\u00f3n al paro nacional de transporte es &#171;contra las pol\u00edticas\u201d econ\u00f3micas del Gobierno de Javier Milei.<\/p>\n<p>Trabajadores a\u00e9reos y mar\u00edtimos participan de la huelga<\/p>\n<p>El paro de transporte tambi\u00e9n tendr\u00e1 consecuencias en los vuelos comerciales en todo el pa\u00eds. La Asociaci\u00f3n de Pilotos de L\u00edneas A\u00e9reas de Argentina (APLA) anunci\u00f3 el cese de sus actividades por 24 horas.<\/p>\n<p>En tanto, la Asociaci\u00f3n Argentina de Aeronavegantes (AAA), que agrupa a los tripulantes de cabina, tambi\u00e9n adhieren al paro.<\/p>\n<p>Por su parte, desde Aerol\u00edneas Argentinas anunciaron que a ra\u00edz de la medida de fuerza se realizar\u00e1n reprogramaciones, modificaciones de horarios y cancelaciones de vuelos, por lo que llamaron a los pasajeros a estar atentos a cualquier cambio en el cronograma de vuelos.<\/p>\n<p>Adem\u00e1s, a trav\u00e9s de un comunicado, la compa\u00f1\u00eda inform\u00f3 que habilit\u00f3 la posibilidad de cambiar el pasaje sin penalizaci\u00f3n ni cargo por diferencia de tarifas- siempre en la misma cabina- con una validez de hasta 15 d\u00edas despu\u00e9s de la medida gremial. Los pasajeros podr\u00e1n realizar estas modificaciones a trav\u00e9s de la aplicaci\u00f3n de aerol\u00ednea o en su sitio web oficial: aerolineas.com.<\/p>\n<p>En el caso de las actividades portuarias, mar\u00edtimas y de los astilleros tambi\u00e9n ver\u00e1n afectadas sus operaciones durante la jornada de paro. Esto incluye tareas relacionadas al embarque, granos, movimientos de contenedores, suministro de combustible, remolque en los puertos y dragado en los accesos mar\u00edtimos.<\/p>\n<p>C\u00f3mo funcionar\u00e1n los colectivos en el \u00c1rea Metropolitana de Buenos Aires<\/p>\n<p>Los autobuses no se adhieren a la huelga del 30 de octubre, por lo que prestar\u00e1n servicios con normalidad. Sin embargo, 31 de octubre, la UTA llevar\u00e1 adelante un paro total del servicio que afectar\u00e1 al transporte urbano e interurbano del \u00c1rea Metropolitana de Buenos Aires (AMBA).<\/p>\n<p>Entre los reclamos, el gremio pide que se abone el aumento \u201cde las partidas para las empresas destinado al aumento salarial de agosto, septiembre y octubre por $17.877.000.000\u201d (Unos US$ 14.959.832) y que a\u00fan no ha sido percibido.<\/p>\n<p>The-CNN-Wire<br \/>&trade; &amp; &copy; 2024 Cable News Network, Inc., a Warner Bros. Discovery Company. All rights reserved.<\/p>\n","protected":false},"excerpt":{"rendered":"<p>(CNN Espa\u00f1ol) &#8212; Sindicatos de transporte de Argentina anunciaron que realizar\u00e1n dos huelgas el 30 y 31 de octubre. El paro afectar\u00e1 a transporte tanto de pasajeros como de carga. Los subterr\u00e1neos, trenes, aviones, camiones y al transporte mar\u00edtimo estar\u00e1n interrumpidos por la medida convocada por la Confederaci\u00f3n Argentina de Trabajadores del Transporte (CATT). Al [&hellip;]<\/p>\n","protected":false},"author":0,"featured_media":0,"comment_status":"open","ping_status":"open","sticky":false,"template":"","format":"standard","meta":{"_jetpack_memberships_contains_paid_content":false,"footnotes":""},"categories":[10],"tags":[],"class_list":["post-1455423","post","type-post","status-publish","format-standard","hentry","category-noticias-nacionales","market-global"],"yoast_head":"<!-- This site is optimized with the Yoast SEO plugin v24.4 - https:\/\/yoast.com\/wordpress\/plugins\/seo\/ -->\n<title>Paro de transporte en Argentina del 30 y 31 de octubre: qu\u00e9 servicios se ven afectados y qui\u00e9nes se adhieren - Noticias<\/title>\n<meta name=\"robots\" content=\"index, follow, max-snippet:-1, max-image-preview:large, max-video-preview:-1\" \/>\n<link rel=\"canonical\" href=\"https:\/\/noticiasya.com\/2024\/10\/29\/paro-transporte-argentina-30-31-octubre-servicios-orix\/\" \/>\n<meta property=\"og:locale\" content=\"es_ES\" \/>\n<meta property=\"og:type\" content=\"article\" \/>\n<meta property=\"og:title\" content=\"Paro de transporte en Argentina del 30 y 31 de octubre: qu\u00e9 servicios se ven afectados y qui\u00e9nes se adhieren - Noticias\" \/>\n<meta property=\"og:description\" content=\"(CNN Espa\u00f1ol) &#8212; Sindicatos de transporte de Argentina anunciaron que realizar\u00e1n dos huelgas el 30 y 31 de octubre. El paro afectar\u00e1 a transporte tanto de pasajeros como de carga. Los subterr\u00e1neos, trenes, aviones, camiones y al transporte mar\u00edtimo estar\u00e1n interrumpidos por la medida convocada por la Confederaci\u00f3n Argentina de Trabajadores del Transporte (CATT). Al [&hellip;]\" \/>\n<meta property=\"og:url\" content=\"https:\/\/noticiasya.com\/2024\/10\/29\/paro-transporte-argentina-30-31-octubre-servicios-orix\/\" \/>\n<meta property=\"og:site_name\" content=\"Noticias\" \/>\n<meta property=\"article:published_time\" content=\"2024-10-29T18:03:45+00:00\" \/>\n<meta name=\"twitter:card\" content=\"summary_large_image\" \/>\n<meta name=\"twitter:label1\" content=\"Est. reading time\" \/>\n\t<meta name=\"twitter:data1\" content=\"2 minutos\" \/>\n<script type=\"application\/ld+json\" class=\"yoast-schema-graph\">{\"@context\":\"https:\/\/schema.org\",\"@graph\":[{\"@type\":\"Article\",\"@id\":\"https:\/\/noticiasya.com\/2024\/10\/29\/paro-transporte-argentina-30-31-octubre-servicios-orix\/#article\",\"isPartOf\":{\"@id\":\"https:\/\/noticiasya.com\/2024\/10\/29\/paro-transporte-argentina-30-31-octubre-servicios-orix\/\"},\"author\":{\"name\":\"\",\"@id\":\"\"},\"headline\":\"Paro de transporte en Argentina del 30 y 31 de octubre: qu\u00e9 servicios se ven afectados y qui\u00e9nes se adhieren\",\"datePublished\":\"2024-10-29T18:03:45+00:00\",\"mainEntityOfPage\":{\"@id\":\"https:\/\/noticiasya.com\/2024\/10\/29\/paro-transporte-argentina-30-31-octubre-servicios-orix\/\"},\"wordCount\":513,\"commentCount\":0,\"publisher\":{\"@id\":\"https:\/\/noticiasya.com\/#organization\"},\"articleSection\":[\"Noticias Nacionales\"],\"inLanguage\":\"es\",\"potentialAction\":[{\"@type\":\"CommentAction\",\"name\":\"Comment\",\"target\":[\"https:\/\/noticiasya.com\/2024\/10\/29\/paro-transporte-argentina-30-31-octubre-servicios-orix\/#respond\"]}]},{\"@type\":\"WebPage\",\"@id\":\"https:\/\/noticiasya.com\/2024\/10\/29\/paro-transporte-argentina-30-31-octubre-servicios-orix\/\",\"url\":\"https:\/\/noticiasya.com\/2024\/10\/29\/paro-transporte-argentina-30-31-octubre-servicios-orix\/\",\"name\":\"Paro de transporte en Argentina del 30 y 31 de octubre: qu\u00e9 servicios se ven afectados y qui\u00e9nes se adhieren - Noticias\",\"isPartOf\":{\"@id\":\"https:\/\/noticiasya.com\/#website\"},\"datePublished\":\"2024-10-29T18:03:45+00:00\",\"breadcrumb\":{\"@id\":\"https:\/\/noticiasya.com\/2024\/10\/29\/paro-transporte-argentina-30-31-octubre-servicios-orix\/#breadcrumb\"},\"inLanguage\":\"es\",\"potentialAction\":[{\"@type\":\"ReadAction\",\"target\":[\"https:\/\/noticiasya.com\/2024\/10\/29\/paro-transporte-argentina-30-31-octubre-servicios-orix\/\"]}]},{\"@type\":\"BreadcrumbList\",\"@id\":\"https:\/\/noticiasya.com\/2024\/10\/29\/paro-transporte-argentina-30-31-octubre-servicios-orix\/#breadcrumb\",\"itemListElement\":[{\"@type\":\"ListItem\",\"position\":1,\"name\":\"Home\",\"item\":\"https:\/\/noticiasya.com\/\"},{\"@type\":\"ListItem\",\"position\":2,\"name\":\"Paro de transporte en Argentina del 30 y 31 de octubre: qu\u00e9 servicios se ven afectados y qui\u00e9nes se adhieren\"}]},{\"@type\":\"WebSite\",\"@id\":\"https:\/\/noticiasya.com\/#website\",\"url\":\"https:\/\/noticiasya.com\/\",\"name\":\"Noticias\",\"description\":\"Lo que importa\",\"publisher\":{\"@id\":\"https:\/\/noticiasya.com\/#organization\"},\"potentialAction\":[{\"@type\":\"SearchAction\",\"target\":{\"@type\":\"EntryPoint\",\"urlTemplate\":\"https:\/\/noticiasya.com\/?s={search_term_string}\"},\"query-input\":{\"@type\":\"PropertyValueSpecification\",\"valueRequired\":true,\"valueName\":\"search_term_string\"}}],\"inLanguage\":\"es\"},{\"@type\":\"Organization\",\"@id\":\"https:\/\/noticiasya.com\/#organization\",\"name\":\"Noticias\",\"url\":\"https:\/\/noticiasya.com\/\",\"logo\":{\"@type\":\"ImageObject\",\"inLanguage\":\"es\",\"@id\":\"https:\/\/noticiasya.com\/#\/schema\/logo\/image\/\",\"url\":\"https:\/\/noticiasya.com\/wp-content\/uploads\/sites\/22\/2023\/12\/logo-nacional.png\",\"contentUrl\":\"https:\/\/noticiasya.com\/wp-content\/uploads\/sites\/22\/2023\/12\/logo-nacional.png\",\"width\":1801,\"height\":691,\"caption\":\"Noticias\"},\"image\":{\"@id\":\"https:\/\/noticiasya.com\/#\/schema\/logo\/image\/\"}}]}<\/script>\n<!-- \/ Yoast SEO plugin. -->","yoast_head_json":{"title":"Paro de transporte en Argentina del 30 y 31 de octubre: qu\u00e9 servicios se ven afectados y qui\u00e9nes se adhieren - Noticias","robots":{"index":"index","follow":"follow","max-snippet":"max-snippet:-1","max-image-preview":"max-image-preview:large","max-video-preview":"max-video-preview:-1"},"canonical":"https:\/\/noticiasya.com\/2024\/10\/29\/paro-transporte-argentina-30-31-octubre-servicios-orix\/","og_locale":"es_ES","og_type":"article","og_title":"Paro de transporte en Argentina del 30 y 31 de octubre: qu\u00e9 servicios se ven afectados y qui\u00e9nes se adhieren - Noticias","og_description":"(CNN Espa\u00f1ol) &#8212; Sindicatos de transporte de Argentina anunciaron que realizar\u00e1n dos huelgas el 30 y 31 de octubre. El paro afectar\u00e1 a transporte tanto de pasajeros como de carga. Los subterr\u00e1neos, trenes, aviones, camiones y al transporte mar\u00edtimo estar\u00e1n interrumpidos por la medida convocada por la Confederaci\u00f3n Argentina de Trabajadores del Transporte (CATT). Al [&hellip;]","og_url":"https:\/\/noticiasya.com\/2024\/10\/29\/paro-transporte-argentina-30-31-octubre-servicios-orix\/","og_site_name":"Noticias","article_published_time":"2024-10-29T18:03:45+00:00","twitter_card":"summary_large_image","twitter_misc":{"Est. reading time":"2 minutos"},"schema":{"@context":"https:\/\/schema.org","@graph":[{"@type":"Article","@id":"https:\/\/noticiasya.com\/2024\/10\/29\/paro-transporte-argentina-30-31-octubre-servicios-orix\/#article","isPartOf":{"@id":"https:\/\/noticiasya.com\/2024\/10\/29\/paro-transporte-argentina-30-31-octubre-servicios-orix\/"},"author":{"name":"","@id":""},"headline":"Paro de transporte en Argentina del 30 y 31 de octubre: qu\u00e9 servicios se ven afectados y qui\u00e9nes se adhieren","datePublished":"2024-10-29T18:03:45+00:00","mainEntityOfPage":{"@id":"https:\/\/noticiasya.com\/2024\/10\/29\/paro-transporte-argentina-30-31-octubre-servicios-orix\/"},"wordCount":513,"commentCount":0,"publisher":{"@id":"https:\/\/noticiasya.com\/#organization"},"articleSection":["Noticias Nacionales"],"inLanguage":"es","potentialAction":[{"@type":"CommentAction","name":"Comment","target":["https:\/\/noticiasya.com\/2024\/10\/29\/paro-transporte-argentina-30-31-octubre-servicios-orix\/#respond"]}]},{"@type":"WebPage","@id":"https:\/\/noticiasya.com\/2024\/10\/29\/paro-transporte-argentina-30-31-octubre-servicios-orix\/","url":"https:\/\/noticiasya.com\/2024\/10\/29\/paro-transporte-argentina-30-31-octubre-servicios-orix\/","name":"Paro de transporte en Argentina del 30 y 31 de octubre: qu\u00e9 servicios se ven afectados y qui\u00e9nes se adhieren - Noticias","isPartOf":{"@id":"https:\/\/noticiasya.com\/#website"},"datePublished":"2024-10-29T18:03:45+00:00","breadcrumb":{"@id":"https:\/\/noticiasya.com\/2024\/10\/29\/paro-transporte-argentina-30-31-octubre-servicios-orix\/#breadcrumb"},"inLanguage":"es","potentialAction":[{"@type":"ReadAction","target":["https:\/\/noticiasya.com\/2024\/10\/29\/paro-transporte-argentina-30-31-octubre-servicios-orix\/"]}]},{"@type":"BreadcrumbList","@id":"https:\/\/noticiasya.com\/2024\/10\/29\/paro-transporte-argentina-30-31-octubre-servicios-orix\/#breadcrumb","itemListElement":[{"@type":"ListItem","position":1,"name":"Home","item":"https:\/\/noticiasya.com\/"},{"@type":"ListItem","position":2,"name":"Paro de transporte en Argentina del 30 y 31 de octubre: qu\u00e9 servicios se ven afectados y qui\u00e9nes se adhieren"}]},{"@type":"WebSite","@id":"https:\/\/noticiasya.com\/#website","url":"https:\/\/noticiasya.com\/","name":"Noticias","description":"Lo que importa","publisher":{"@id":"https:\/\/noticiasya.com\/#organization"},"potentialAction":[{"@type":"SearchAction","target":{"@type":"EntryPoint","urlTemplate":"https:\/\/noticiasya.com\/?s={search_term_string}"},"query-input":{"@type":"PropertyValueSpecification","valueRequired":true,"valueName":"search_term_string"}}],"inLanguage":"es"},{"@type":"Organization","@id":"https:\/\/noticiasya.com\/#organization","name":"Noticias","url":"https:\/\/noticiasya.com\/","logo":{"@type":"ImageObject","inLanguage":"es","@id":"https:\/\/noticiasya.com\/#\/schema\/logo\/image\/","url":"https:\/\/noticiasya.com\/wp-content\/uploads\/sites\/22\/2023\/12\/logo-nacional.png","contentUrl":"https:\/\/noticiasya.com\/wp-content\/uploads\/sites\/22\/2023\/12\/logo-nacional.png","width":1801,"height":691,"caption":"Noticias"},"image":{"@id":"https:\/\/noticiasya.com\/#\/schema\/logo\/image\/"}}]}},"parsely":{"version":"1.1.0","canonical_url":"https:\/\/noticiasya.com\/midland-odessa\/2024\/10\/29\/paro-transporte-argentina-30-31-octubre-servicios-orix\/","smart_links":{"inbound":0,"outbound":0},"traffic_boost_suggestions_count":0,"meta":{"@context":"https:\/\/schema.org","@type":"NewsArticle","headline":"Paro de transporte en Argentina del 30 y 31 de octubre: qu\u00e9 servicios se ven afectados y qui\u00e9nes se adhieren","url":"http:\/\/noticiasya.com\/midland-odessa\/2024\/10\/29\/paro-transporte-argentina-30-31-octubre-servicios-orix\/","mainEntityOfPage":{"@type":"WebPage","@id":"http:\/\/noticiasya.com\/midland-odessa\/2024\/10\/29\/paro-transporte-argentina-30-31-octubre-servicios-orix\/"},"thumbnailUrl":"","image":{"@type":"ImageObject","url":""},"articleSection":"Noticias Nacionales","author":[],"creator":[],"publisher":{"@type":"Organization","name":"Noticias","logo":""},"keywords":[],"dateCreated":"2024-10-29T18:03:45Z","datePublished":"2024-10-29T18:03:45Z","dateModified":"2024-10-29T18:03:45Z"},"rendered":"<script type=\"application\/ld+json\" class=\"wp-parsely-metadata\">{\"@context\":\"https:\\\/\\\/schema.org\",\"@type\":\"NewsArticle\",\"headline\":\"Paro de transporte en Argentina del 30 y 31 de octubre: qu\\u00e9 servicios se ven afectados y qui\\u00e9nes se adhieren\",\"url\":\"http:\\\/\\\/noticiasya.com\\\/midland-odessa\\\/2024\\\/10\\\/29\\\/paro-transporte-argentina-30-31-octubre-servicios-orix\\\/\",\"mainEntityOfPage\":{\"@type\":\"WebPage\",\"@id\":\"http:\\\/\\\/noticiasya.com\\\/midland-odessa\\\/2024\\\/10\\\/29\\\/paro-transporte-argentina-30-31-octubre-servicios-orix\\\/\"},\"thumbnailUrl\":\"\",\"image\":{\"@type\":\"ImageObject\",\"url\":\"\"},\"articleSection\":\"Noticias Nacionales\",\"author\":[],\"creator\":[],\"publisher\":{\"@type\":\"Organization\",\"name\":\"Noticias\",\"logo\":\"\"},\"keywords\":[],\"dateCreated\":\"2024-10-29T18:03:45Z\",\"datePublished\":\"2024-10-29T18:03:45Z\",\"dateModified\":\"2024-10-29T18:03:45Z\"}<\/script>","tracker_url":"https:\/\/cdn.parsely.com\/keys\/noticiasya.com\/p.js"},"jetpack_featured_media_url":"","jetpack-related-posts":[{"id":1449276,"url":"https:\/\/noticiasya.com\/midland-odessa\/2024\/05\/08\/paro-general-9-mayo-argentina-transporte-horarios-orix\/","url_meta":{"origin":1455423,"position":0},"title":"Paro general del 9 de mayo en Argentina: horarios, qui\u00e9nes se adhieren, qu\u00e9 demandan y c\u00f3mo afecta al transporte","author":"","date":"mayo 8, 2024","format":false,"excerpt":"(CNN Espa\u00f1ol) -- La Confederaci\u00f3n General del Trabajo (CGT) realizar\u00e1 un paro nacional por 24 horas este jueves 9 de mayo en Argentina en contra de las pol\u00edticas econ\u00f3micas de Javier Milei.Se trata de la segunda medida de fuerza en cinco meses contra el gobierno. La primera fue el 24\u2026","rel":"","context":"In &quot;Noticias Nacionales&quot;","block_context":{"text":"Noticias Nacionales","link":"https:\/\/noticiasya.com\/midland-odessa\/categoria\/noticias-nacionales"},"img":{"alt_text":"","src":"","width":0,"height":0},"classes":[]},{"id":1449352,"url":"https:\/\/noticiasya.com\/midland-odessa\/2024\/05\/09\/fotos-calles-comercios-vacios-paro-general-9-mayo-argentina-orix\/","url_meta":{"origin":1455423,"position":1},"title":"FOTOS | Calles y comercios vac\u00edos en Argentina por el paro general del 9 de mayo","author":"","date":"mayo 9, 2024","format":false,"excerpt":"(CNN Espa\u00f1ol) -- Este jueves, 9 de mayo, la Confederaci\u00f3n General del Trabajo (CGT) convoc\u00f3 a un paro a nivel nacional de 24 horas de duraci\u00f3n en Argentina, al que se adhirieron gremios de muchos rubros.Decenas de servicios se vieron afectados por la medida. Por ejemplo, no hubo medios de\u2026","rel":"","context":"In &quot;Noticias Nacionales&quot;","block_context":{"text":"Noticias Nacionales","link":"https:\/\/noticiasya.com\/midland-odessa\/categoria\/noticias-nacionales"},"img":{"alt_text":"","src":"","width":0,"height":0},"classes":[]},{"id":1462036,"url":"https:\/\/noticiasya.com\/midland-odessa\/2025\/05\/06\/paro-de-la-uta-luciano-fusaro-hablo-de-las-tarifas-y-dijo-que-este-es-un-problema-que-se-arregla-con-plata-y-no-hay\/","url_meta":{"origin":1455423,"position":2},"title":"Paro de la UTA: Luciano Fusaro habl\u00f3 de las tarifas y dijo que &#171;este es un problema que se arregla con plata y no hay&#187;","author":"","date":"mayo 6, 2025","format":false,"excerpt":"Luciano Fusaro, presidente de la Asociaci\u00f3n Argentina de Empresas del Transporte Automotor, convers\u00f3 con Nacho Gir\u00f3n y el equipo de La Ma\u00f1ana de CNN sobre el paro de colectivos y dijo que \u201ces un problema que se arregla con plata y no hay plata\u201d, mientras que remarc\u00f3 que la \u00fanica\u2026","rel":"","context":"In &quot;Noticias Nacionales&quot;","block_context":{"text":"Noticias Nacionales","link":"https:\/\/noticiasya.com\/midland-odessa\/categoria\/noticias-nacionales"},"img":{"alt_text":"","src":"","width":0,"height":0},"classes":[]},{"id":1444392,"url":"https:\/\/noticiasya.com\/midland-odessa\/2024\/01\/25\/tras-solo-6-semanas-de-asumir-la-presidencia-de-argentina-javier-milei-enfrento-su-primer-paro-general\/","url_meta":{"origin":1455423,"position":3},"title":"Tras solo 6 semanas de asumir la presidencia de Argentina, Javier Milei enfrent\u00f3 su primer paro general","author":"","date":"enero 25, 2024","format":false,"excerpt":"(CNN Espa\u00f1ol) --\u00a0Este mi\u00e9rcoles, despu\u00e9s de 45 d\u00edas en el cargo, el presidente de Argentina, Javier Milei, tuvo que afrontar su primer paro general en contra de sus amplias reformas econ\u00f3micas. Nunca, en 40 a\u00f1os del regreso de la democracia en el pa\u00eds, se hab\u00eda convocado a una huelga masiva\u2026","rel":"","context":"In &quot;Noticias Nacionales&quot;","block_context":{"text":"Noticias Nacionales","link":"https:\/\/noticiasya.com\/midland-odessa\/categoria\/noticias-nacionales"},"img":{"alt_text":"","src":"","width":0,"height":0},"classes":[]},{"id":1444383,"url":"https:\/\/noticiasya.com\/midland-odessa\/2024\/01\/24\/a-solo-6-semanas-de-asumir-la-presidencia-de-argentina-javier-milei-enfrento-su-primer-paro-general\/","url_meta":{"origin":1455423,"position":4},"title":"A solo 6 semanas de asumir la presidencia de Argentina, Javier Milei enfrent\u00f3 su primer paro general","author":"","date":"enero 24, 2024","format":false,"excerpt":"(CNN Espa\u00f1ol) --\u00a0Este mi\u00e9rcoles, despu\u00e9s de 45 d\u00edas en el cargo, el presidente de Argentina, Javier Milei, tuvo que afrontar su primer paro general en contra de sus amplias reformas econ\u00f3micas. Nunca, en 40 a\u00f1os de democracia en el pa\u00eds, se hab\u00eda convocado a una huelga masiva tan pronto en\u2026","rel":"","context":"In &quot;Noticias Nacionales&quot;","block_context":{"text":"Noticias Nacionales","link":"https:\/\/noticiasya.com\/midland-odessa\/categoria\/noticias-nacionales"},"img":{"alt_text":"","src":"","width":0,"height":0},"classes":[]},{"id":1462891,"url":"https:\/\/noticiasya.com\/midland-odessa\/2025\/05\/28\/alcaldia-bogota-suspende-transmilenio-paro-nacional-orix\/","url_meta":{"origin":1455423,"position":5},"title":"Alcald\u00eda de Bogot\u00e1 suspende el servicio de Transmilenio por manifestaciones durante el paro nacional","author":"","date":"mayo 28, 2025","format":false,"excerpt":"El servicio de Transmilenio en el Portal Am\u00e9ricas y de la estaci\u00f3n Biblioteca Tintal fue suspendido durante el paro nacional, inform\u00f3 este mi\u00e9rcoles la alcald\u00eda de Bogot\u00e1.A trav\u00e9s de un comunicado en su perfil de X, la alcald\u00eda a\u00f1adi\u00f3 que esta suspensi\u00f3n de servicio afecta a m\u00e1s de 112.000 usuarios\u2026","rel":"","context":"In &quot;Noticias Nacionales&quot;","block_context":{"text":"Noticias Nacionales","link":"https:\/\/noticiasya.com\/midland-odessa\/categoria\/noticias-nacionales"},"img":{"alt_text":"","src":"","width":0,"height":0},"classes":[]}],"jetpack_sharing_enabled":true,"_links":{"self":[{"href":"https:\/\/noticiasya.com\/midland-odessa\/wp-json\/wp\/v2\/posts\/1455423","targetHints":{"allow":["GET"]}}],"collection":[{"href":"https:\/\/noticiasya.com\/midland-odessa\/wp-json\/wp\/v2\/posts"}],"about":[{"href":"https:\/\/noticiasya.com\/midland-odessa\/wp-json\/wp\/v2\/types\/post"}],"replies":[{"embeddable":true,"href":"https:\/\/noticiasya.com\/midland-odessa\/wp-json\/wp\/v2\/comments?post=1455423"}],"version-history":[{"count":0,"href":"https:\/\/noticiasya.com\/midland-odessa\/wp-json\/wp\/v2\/posts\/1455423\/revisions"}],"wp:attachment":[{"href":"https:\/\/noticiasya.com\/midland-odessa\/wp-json\/wp\/v2\/media?parent=1455423"}],"wp:term":[{"taxonomy":"category","embeddable":true,"href":"https:\/\/noticiasya.com\/midland-odessa\/wp-json\/wp\/v2\/categories?post=1455423"},{"taxonomy":"post_tag","embeddable":true,"href":"https:\/\/noticiasya.com\/midland-odessa\/wp-json\/wp\/v2\/tags?post=1455423"}],"curies":[{"name":"wp","href":"https:\/\/api.w.org\/{rel}","templated":true}]}}