{"id":1455429,"date":"2024-10-29T18:03:45","date_gmt":"2024-10-30T01:03:45","guid":{"rendered":"https:\/\/noticiasya.com\/2024\/10\/29\/adolescente-matar-ninias-reino-unido-cargos-terrorismo-trax\/"},"modified":"2024-10-29T18:03:45","modified_gmt":"2024-10-30T01:03:45","slug":"adolescente-matar-ninias-reino-unido-cargos-terrorismo-trax","status":"publish","type":"post","link":"https:\/\/noticiasya.com\/midland-odessa\/2024\/10\/29\/adolescente-matar-ninias-reino-unido-cargos-terrorismo-trax\/","title":{"rendered":"Adolescente acusado del homicidio de tres ni\u00f1as en una clase de baile en Reino Unido enfrentar\u00e1 cargos de terrorismo"},"content":{"rendered":"<p>(CNN) \u2013\u2013 El adolescente acusado de la muerte de tres ni\u00f1as en un apu\u00f1alamiento en julio en una clase de baile en el noroeste de Inglaterra enfrentar\u00e1 un cargo de terrorismo, anunciaron el martes los fiscales brit\u00e1nicos.<\/p>\n<p>El sospechoso, Axel Rudakubana, que ten\u00eda 17 a\u00f1os en el momento del ataque pero ahora tiene 18, ser\u00e1 acusado de producci\u00f3n de la toxina biol\u00f3gica ricina y de posesi\u00f3n de informaci\u00f3n que probablemente sea \u00fatil para una persona que cometa o se prepare para cometer un acto de terrorismo, dijo el Servicio de Fiscal\u00eda de la Corona del Reino Unido en un comunicado.<\/p>\n<p>Las violentas protestas en el Reino Unido muestran c\u00f3mo las redes sociales pueden incitar al da\u00f1o en la vida real. Esto solo est\u00e1 empeorando<\/p>\n<p>Rudakubana comparecer\u00e1 ante el Tribunal de Magistrados de Westminster a trav\u00e9s de una videollamada el mi\u00e9rcoles, agreg\u00f3 la polic\u00eda.<\/p>\n<p>Los nuevos cargos que enfrenta en relaci\u00f3n con el ataque en la ciudad de Southport, Inglaterra, se suman a tres cargos de homicidio, 10 cargos de intento de homicidio y un cargo de posesi\u00f3n de un cuchillo. Se espera que el juicio comience en enero de 2025.<\/p>\n<p>Tres ni\u00f1as \u2013Bebe King, de 6 a\u00f1os, Elsie Dot Stancombe, de 7, y Alice da Silva Aguiar, de 9\u2013 fueron apu\u00f1aladas hasta la muerte mientras asist\u00edan a una clase sobre Taylor Swift en Southport en julio, en uno de los peores ataques contra ni\u00f1os en el pa\u00eds en d\u00e9cadas. Otros ocho ni\u00f1os tambi\u00e9n sufrieron heridas de arma blanca en el ataque.<\/p>\n<p>Los nuevos cargos se produjeron despu\u00e9s de que la polic\u00eda local realizara registros en la casa del sospechoso, dijo este martes la jefa de polic\u00eda de Merseyside, Serena Kennedy.<\/p>\n<p>\u201cLas b\u00fasquedas en el domicilio de Axel Rudakubana dieron como resultado el hallazgo de una sustancia desconocida; las pruebas confirmaron que la sustancia era ricina\u201d, dijo Kennedy a los periodistas en una conferencia de prensa.<\/p>\n<p>\u201cHemos trabajado intensamente con nuestros socios para establecer que exist\u00eda un riesgo bajo o muy bajo para el p\u00fablico, y quiero dejar esa garant\u00eda clara hoy\u201d.<\/p>\n<p>\u201cCuando se descubri\u00f3 la ricina, se tomaron todas las medidas necesarias para asegurarnos de que nadie estuviera en peligro. Fue una respuesta de varias agencias. Se recibi\u00f3 asesoramiento y orientaci\u00f3n de expertos, que se cumplieron durante toda la investigaci\u00f3n\u201d, agreg\u00f3.<\/p>\n<p>El Dr. Renu Bindra, asesor m\u00e9dico de alto nivel de la Agencia de Seguridad Sanitaria del Reino Unido, dijo en la conferencia de prensa que la autoridad fue convocada para realizar una evaluaci\u00f3n de riesgos para la salud p\u00fablica y que &#171;no hab\u00eda evidencia de que ninguna v\u00edctima, personal de respuesta o miembros del p\u00fablico estuvieran expuestos a la ricina como parte del incidente o despu\u00e9s&#187;.<\/p>\n<p>La evaluaci\u00f3n de riesgos \u201cconsider\u00f3 que el riesgo para la comunidad y para el p\u00fablico en general era bajo\u201d, dijo Bindra.<\/p>\n<p>Alborotadores antiinmigrantes atacan hoteles que resguardaban a solicitantes de asilo en Reino Unido<\/p>\n<p>El ataque del 29 de julio no fue catalogado como un incidente terrorista, dijo el jefe de polic\u00eda.<\/p>\n<p>\u201cReconozco que los nuevos cargos pueden dar lugar a especulaciones. El asunto por el que se ha acusado a Axel Rudakubana en virtud de la Ley de Terrorismo no requiere que se establezca un motivo. Para que un asunto se declare un incidente terrorista, se tendr\u00eda que establecer la motivaci\u00f3n\u201d, explic\u00f3 Kennedy.<\/p>\n<p>En los d\u00edas posteriores al tr\u00e1gico incidente, estallaron decenas de protestas en varios lugares del pa\u00eds. Varias de las manifestaciones estallaron en disturbios despu\u00e9s de que una campa\u00f1a de desinformaci\u00f3n antiinmigrante avivara la indignaci\u00f3n y agitadores de ultraderecha atacaran los hoteles que albergaban a solicitantes de asilo.<\/p>\n<p>Fueron los peores disturbios en el Reino Unido en m\u00e1s de una d\u00e9cada, ya que m\u00e1s de 1.000 personas fueron arrestadas y cientos fueron sentenciadas a prisi\u00f3n.<\/p>\n<p>Helen Regan y Maija Ehlinger de CNN contribuyeron a este informe.<\/p>\n<p>The-CNN-Wire<br \/>&trade; &amp; &copy; 2024 Cable News Network, Inc., a Warner Bros. Discovery Company. All rights reserved.<\/p>\n","protected":false},"excerpt":{"rendered":"<p>(CNN) \u2013\u2013 El adolescente acusado de la muerte de tres ni\u00f1as en un apu\u00f1alamiento en julio en una clase de baile en el noroeste de Inglaterra enfrentar\u00e1 un cargo de terrorismo, anunciaron el martes los fiscales brit\u00e1nicos. El sospechoso, Axel Rudakubana, que ten\u00eda 17 a\u00f1os en el momento del ataque pero ahora tiene 18, ser\u00e1 [&hellip;]<\/p>\n","protected":false},"author":0,"featured_media":0,"comment_status":"open","ping_status":"open","sticky":false,"template":"","format":"standard","meta":{"_jetpack_memberships_contains_paid_content":false,"footnotes":""},"categories":[10],"tags":[],"class_list":["post-1455429","post","type-post","status-publish","format-standard","hentry","category-noticias-nacionales","market-global"],"yoast_head":"<!-- This site is optimized with the Yoast SEO plugin v24.4 - https:\/\/yoast.com\/wordpress\/plugins\/seo\/ -->\n<title>Adolescente acusado del homicidio de tres ni\u00f1as en una clase de baile en Reino Unido enfrentar\u00e1 cargos de terrorismo - Noticias<\/title>\n<meta name=\"robots\" content=\"index, follow, max-snippet:-1, max-image-preview:large, max-video-preview:-1\" \/>\n<link rel=\"canonical\" href=\"https:\/\/noticiasya.com\/2024\/10\/29\/adolescente-matar-ninias-reino-unido-cargos-terrorismo-trax\/\" \/>\n<meta property=\"og:locale\" content=\"es_ES\" \/>\n<meta property=\"og:type\" content=\"article\" \/>\n<meta property=\"og:title\" content=\"Adolescente acusado del homicidio de tres ni\u00f1as en una clase de baile en Reino Unido enfrentar\u00e1 cargos de terrorismo - Noticias\" \/>\n<meta property=\"og:description\" content=\"(CNN) \u2013\u2013 El adolescente acusado de la muerte de tres ni\u00f1as en un apu\u00f1alamiento en julio en una clase de baile en el noroeste de Inglaterra enfrentar\u00e1 un cargo de terrorismo, anunciaron el martes los fiscales brit\u00e1nicos. El sospechoso, Axel Rudakubana, que ten\u00eda 17 a\u00f1os en el momento del ataque pero ahora tiene 18, ser\u00e1 [&hellip;]\" \/>\n<meta property=\"og:url\" content=\"https:\/\/noticiasya.com\/2024\/10\/29\/adolescente-matar-ninias-reino-unido-cargos-terrorismo-trax\/\" \/>\n<meta property=\"og:site_name\" content=\"Noticias\" \/>\n<meta property=\"article:published_time\" content=\"2024-10-30T01:03:45+00:00\" \/>\n<meta name=\"twitter:card\" content=\"summary_large_image\" \/>\n<meta name=\"twitter:label1\" content=\"Est. reading time\" \/>\n\t<meta name=\"twitter:data1\" content=\"3 minutos\" \/>\n<script type=\"application\/ld+json\" class=\"yoast-schema-graph\">{\"@context\":\"https:\/\/schema.org\",\"@graph\":[{\"@type\":\"Article\",\"@id\":\"https:\/\/noticiasya.com\/2024\/10\/29\/adolescente-matar-ninias-reino-unido-cargos-terrorismo-trax\/#article\",\"isPartOf\":{\"@id\":\"https:\/\/noticiasya.com\/2024\/10\/29\/adolescente-matar-ninias-reino-unido-cargos-terrorismo-trax\/\"},\"author\":{\"name\":\"\",\"@id\":\"\"},\"headline\":\"Adolescente acusado del homicidio de tres ni\u00f1as en una clase de baile en Reino Unido enfrentar\u00e1 cargos de terrorismo\",\"datePublished\":\"2024-10-30T01:03:45+00:00\",\"mainEntityOfPage\":{\"@id\":\"https:\/\/noticiasya.com\/2024\/10\/29\/adolescente-matar-ninias-reino-unido-cargos-terrorismo-trax\/\"},\"wordCount\":720,\"commentCount\":0,\"publisher\":{\"@id\":\"https:\/\/noticiasya.com\/#organization\"},\"articleSection\":[\"Noticias Nacionales\"],\"inLanguage\":\"es\",\"potentialAction\":[{\"@type\":\"CommentAction\",\"name\":\"Comment\",\"target\":[\"https:\/\/noticiasya.com\/2024\/10\/29\/adolescente-matar-ninias-reino-unido-cargos-terrorismo-trax\/#respond\"]}]},{\"@type\":\"WebPage\",\"@id\":\"https:\/\/noticiasya.com\/2024\/10\/29\/adolescente-matar-ninias-reino-unido-cargos-terrorismo-trax\/\",\"url\":\"https:\/\/noticiasya.com\/2024\/10\/29\/adolescente-matar-ninias-reino-unido-cargos-terrorismo-trax\/\",\"name\":\"Adolescente acusado del homicidio de tres ni\u00f1as en una clase de baile en Reino Unido enfrentar\u00e1 cargos de terrorismo - Noticias\",\"isPartOf\":{\"@id\":\"https:\/\/noticiasya.com\/#website\"},\"datePublished\":\"2024-10-30T01:03:45+00:00\",\"breadcrumb\":{\"@id\":\"https:\/\/noticiasya.com\/2024\/10\/29\/adolescente-matar-ninias-reino-unido-cargos-terrorismo-trax\/#breadcrumb\"},\"inLanguage\":\"es\",\"potentialAction\":[{\"@type\":\"ReadAction\",\"target\":[\"https:\/\/noticiasya.com\/2024\/10\/29\/adolescente-matar-ninias-reino-unido-cargos-terrorismo-trax\/\"]}]},{\"@type\":\"BreadcrumbList\",\"@id\":\"https:\/\/noticiasya.com\/2024\/10\/29\/adolescente-matar-ninias-reino-unido-cargos-terrorismo-trax\/#breadcrumb\",\"itemListElement\":[{\"@type\":\"ListItem\",\"position\":1,\"name\":\"Home\",\"item\":\"https:\/\/noticiasya.com\/\"},{\"@type\":\"ListItem\",\"position\":2,\"name\":\"Adolescente acusado del homicidio de tres ni\u00f1as en una clase de baile en Reino Unido enfrentar\u00e1 cargos de terrorismo\"}]},{\"@type\":\"WebSite\",\"@id\":\"https:\/\/noticiasya.com\/#website\",\"url\":\"https:\/\/noticiasya.com\/\",\"name\":\"Noticias\",\"description\":\"Lo que importa\",\"publisher\":{\"@id\":\"https:\/\/noticiasya.com\/#organization\"},\"potentialAction\":[{\"@type\":\"SearchAction\",\"target\":{\"@type\":\"EntryPoint\",\"urlTemplate\":\"https:\/\/noticiasya.com\/?s={search_term_string}\"},\"query-input\":{\"@type\":\"PropertyValueSpecification\",\"valueRequired\":true,\"valueName\":\"search_term_string\"}}],\"inLanguage\":\"es\"},{\"@type\":\"Organization\",\"@id\":\"https:\/\/noticiasya.com\/#organization\",\"name\":\"Noticias\",\"url\":\"https:\/\/noticiasya.com\/\",\"logo\":{\"@type\":\"ImageObject\",\"inLanguage\":\"es\",\"@id\":\"https:\/\/noticiasya.com\/#\/schema\/logo\/image\/\",\"url\":\"https:\/\/noticiasya.com\/wp-content\/uploads\/sites\/22\/2023\/12\/logo-nacional.png\",\"contentUrl\":\"https:\/\/noticiasya.com\/wp-content\/uploads\/sites\/22\/2023\/12\/logo-nacional.png\",\"width\":1801,\"height\":691,\"caption\":\"Noticias\"},\"image\":{\"@id\":\"https:\/\/noticiasya.com\/#\/schema\/logo\/image\/\"}}]}<\/script>\n<!-- \/ Yoast SEO plugin. -->","yoast_head_json":{"title":"Adolescente acusado del homicidio de tres ni\u00f1as en una clase de baile en Reino Unido enfrentar\u00e1 cargos de terrorismo - Noticias","robots":{"index":"index","follow":"follow","max-snippet":"max-snippet:-1","max-image-preview":"max-image-preview:large","max-video-preview":"max-video-preview:-1"},"canonical":"https:\/\/noticiasya.com\/2024\/10\/29\/adolescente-matar-ninias-reino-unido-cargos-terrorismo-trax\/","og_locale":"es_ES","og_type":"article","og_title":"Adolescente acusado del homicidio de tres ni\u00f1as en una clase de baile en Reino Unido enfrentar\u00e1 cargos de terrorismo - Noticias","og_description":"(CNN) \u2013\u2013 El adolescente acusado de la muerte de tres ni\u00f1as en un apu\u00f1alamiento en julio en una clase de baile en el noroeste de Inglaterra enfrentar\u00e1 un cargo de terrorismo, anunciaron el martes los fiscales brit\u00e1nicos. El sospechoso, Axel Rudakubana, que ten\u00eda 17 a\u00f1os en el momento del ataque pero ahora tiene 18, ser\u00e1 [&hellip;]","og_url":"https:\/\/noticiasya.com\/2024\/10\/29\/adolescente-matar-ninias-reino-unido-cargos-terrorismo-trax\/","og_site_name":"Noticias","article_published_time":"2024-10-30T01:03:45+00:00","twitter_card":"summary_large_image","twitter_misc":{"Est. reading time":"3 minutos"},"schema":{"@context":"https:\/\/schema.org","@graph":[{"@type":"Article","@id":"https:\/\/noticiasya.com\/2024\/10\/29\/adolescente-matar-ninias-reino-unido-cargos-terrorismo-trax\/#article","isPartOf":{"@id":"https:\/\/noticiasya.com\/2024\/10\/29\/adolescente-matar-ninias-reino-unido-cargos-terrorismo-trax\/"},"author":{"name":"","@id":""},"headline":"Adolescente acusado del homicidio de tres ni\u00f1as en una clase de baile en Reino Unido enfrentar\u00e1 cargos de terrorismo","datePublished":"2024-10-30T01:03:45+00:00","mainEntityOfPage":{"@id":"https:\/\/noticiasya.com\/2024\/10\/29\/adolescente-matar-ninias-reino-unido-cargos-terrorismo-trax\/"},"wordCount":720,"commentCount":0,"publisher":{"@id":"https:\/\/noticiasya.com\/#organization"},"articleSection":["Noticias Nacionales"],"inLanguage":"es","potentialAction":[{"@type":"CommentAction","name":"Comment","target":["https:\/\/noticiasya.com\/2024\/10\/29\/adolescente-matar-ninias-reino-unido-cargos-terrorismo-trax\/#respond"]}]},{"@type":"WebPage","@id":"https:\/\/noticiasya.com\/2024\/10\/29\/adolescente-matar-ninias-reino-unido-cargos-terrorismo-trax\/","url":"https:\/\/noticiasya.com\/2024\/10\/29\/adolescente-matar-ninias-reino-unido-cargos-terrorismo-trax\/","name":"Adolescente acusado del homicidio de tres ni\u00f1as en una clase de baile en Reino Unido enfrentar\u00e1 cargos de terrorismo - Noticias","isPartOf":{"@id":"https:\/\/noticiasya.com\/#website"},"datePublished":"2024-10-30T01:03:45+00:00","breadcrumb":{"@id":"https:\/\/noticiasya.com\/2024\/10\/29\/adolescente-matar-ninias-reino-unido-cargos-terrorismo-trax\/#breadcrumb"},"inLanguage":"es","potentialAction":[{"@type":"ReadAction","target":["https:\/\/noticiasya.com\/2024\/10\/29\/adolescente-matar-ninias-reino-unido-cargos-terrorismo-trax\/"]}]},{"@type":"BreadcrumbList","@id":"https:\/\/noticiasya.com\/2024\/10\/29\/adolescente-matar-ninias-reino-unido-cargos-terrorismo-trax\/#breadcrumb","itemListElement":[{"@type":"ListItem","position":1,"name":"Home","item":"https:\/\/noticiasya.com\/"},{"@type":"ListItem","position":2,"name":"Adolescente acusado del homicidio de tres ni\u00f1as en una clase de baile en Reino Unido enfrentar\u00e1 cargos de terrorismo"}]},{"@type":"WebSite","@id":"https:\/\/noticiasya.com\/#website","url":"https:\/\/noticiasya.com\/","name":"Noticias","description":"Lo que importa","publisher":{"@id":"https:\/\/noticiasya.com\/#organization"},"potentialAction":[{"@type":"SearchAction","target":{"@type":"EntryPoint","urlTemplate":"https:\/\/noticiasya.com\/?s={search_term_string}"},"query-input":{"@type":"PropertyValueSpecification","valueRequired":true,"valueName":"search_term_string"}}],"inLanguage":"es"},{"@type":"Organization","@id":"https:\/\/noticiasya.com\/#organization","name":"Noticias","url":"https:\/\/noticiasya.com\/","logo":{"@type":"ImageObject","inLanguage":"es","@id":"https:\/\/noticiasya.com\/#\/schema\/logo\/image\/","url":"https:\/\/noticiasya.com\/wp-content\/uploads\/sites\/22\/2023\/12\/logo-nacional.png","contentUrl":"https:\/\/noticiasya.com\/wp-content\/uploads\/sites\/22\/2023\/12\/logo-nacional.png","width":1801,"height":691,"caption":"Noticias"},"image":{"@id":"https:\/\/noticiasya.com\/#\/schema\/logo\/image\/"}}]}},"parsely":{"version":"1.1.0","canonical_url":"https:\/\/noticiasya.com\/midland-odessa\/2024\/10\/29\/adolescente-matar-ninias-reino-unido-cargos-terrorismo-trax\/","smart_links":{"inbound":0,"outbound":0},"traffic_boost_suggestions_count":0,"meta":{"@context":"https:\/\/schema.org","@type":"NewsArticle","headline":"Adolescente acusado del homicidio de tres ni\u00f1as en una clase de baile en Reino Unido enfrentar\u00e1 cargos de terrorismo","url":"http:\/\/noticiasya.com\/midland-odessa\/2024\/10\/29\/adolescente-matar-ninias-reino-unido-cargos-terrorismo-trax\/","mainEntityOfPage":{"@type":"WebPage","@id":"http:\/\/noticiasya.com\/midland-odessa\/2024\/10\/29\/adolescente-matar-ninias-reino-unido-cargos-terrorismo-trax\/"},"thumbnailUrl":"","image":{"@type":"ImageObject","url":""},"articleSection":"Noticias Nacionales","author":[],"creator":[],"publisher":{"@type":"Organization","name":"Noticias","logo":""},"keywords":[],"dateCreated":"2024-10-30T01:03:45Z","datePublished":"2024-10-30T01:03:45Z","dateModified":"2024-10-30T01:03:45Z"},"rendered":"<script type=\"application\/ld+json\" class=\"wp-parsely-metadata\">{\"@context\":\"https:\\\/\\\/schema.org\",\"@type\":\"NewsArticle\",\"headline\":\"Adolescente acusado del homicidio de tres ni\\u00f1as en una clase de baile en Reino Unido enfrentar\\u00e1 cargos de terrorismo\",\"url\":\"http:\\\/\\\/noticiasya.com\\\/midland-odessa\\\/2024\\\/10\\\/29\\\/adolescente-matar-ninias-reino-unido-cargos-terrorismo-trax\\\/\",\"mainEntityOfPage\":{\"@type\":\"WebPage\",\"@id\":\"http:\\\/\\\/noticiasya.com\\\/midland-odessa\\\/2024\\\/10\\\/29\\\/adolescente-matar-ninias-reino-unido-cargos-terrorismo-trax\\\/\"},\"thumbnailUrl\":\"\",\"image\":{\"@type\":\"ImageObject\",\"url\":\"\"},\"articleSection\":\"Noticias Nacionales\",\"author\":[],\"creator\":[],\"publisher\":{\"@type\":\"Organization\",\"name\":\"Noticias\",\"logo\":\"\"},\"keywords\":[],\"dateCreated\":\"2024-10-30T01:03:45Z\",\"datePublished\":\"2024-10-30T01:03:45Z\",\"dateModified\":\"2024-10-30T01:03:45Z\"}<\/script>","tracker_url":"https:\/\/cdn.parsely.com\/keys\/noticiasya.com\/p.js"},"jetpack_featured_media_url":"","jetpack-related-posts":[{"id":1451535,"url":"https:\/\/noticiasya.com\/midland-odessa\/2024\/08\/01\/southport-apunalamiento-reino-unido-ninas-victimas-trax\/","url_meta":{"origin":1455429,"position":0},"title":"Acusan a un joven de 17 a\u00f1os del mortal apu\u00f1alamiento de tres ni\u00f1as en un ataque en Southport, Reino Unido","author":"","date":"agosto 1, 2024","format":false,"excerpt":"(CNN) -- El Reino Unido qued\u00f3 conmocionado despu\u00e9s de que tres ni\u00f1as murieran apu\u00f1aladas y otros ocho resultaran heridos en un ataque con cuchillo en Southport, en una de las peores agresiones contra menores en el pa\u00eds en d\u00e9cadas.El ataque tuvo lugar en un acto tem\u00e1tico de Taylor Swift en\u2026","rel":"","context":"In &quot;Noticias Nacionales&quot;","block_context":{"text":"Noticias Nacionales","link":"https:\/\/noticiasya.com\/midland-odessa\/categoria\/noticias-nacionales"},"img":{"alt_text":"","src":"","width":0,"height":0},"classes":[]},{"id":1451110,"url":"https:\/\/noticiasya.com\/midland-odessa\/2024\/07\/15\/hombre-acusado-doble-asesinato-tras-hallazgo-de-restos-humanos-en-unas-maletas-en-un-puente-del-reino-unido-trax\/","url_meta":{"origin":1455429,"position":1},"title":"Arrestan a un colombiano acusado de doble asesinato en Reino Unido","author":"","date":"julio 15, 2024","format":false,"excerpt":"(CNN) -- Un hombre fue acusado este lunes de dos cargos de asesinato tras el hallazgo de restos humanos en unas maletas en un emblem\u00e1tico puente del Reino Unido la semana pasada.Seg\u00fan un comunicado de la Polic\u00eda Metropolitana de Londres, los restos humanos eran los de Albert Alfonso, de 62\u2026","rel":"","context":"In &quot;Noticias Nacionales&quot;","block_context":{"text":"Noticias Nacionales","link":"https:\/\/noticiasya.com\/midland-odessa\/categoria\/noticias-nacionales"},"img":{"alt_text":"","src":"","width":0,"height":0},"classes":[]},{"id":1451113,"url":"https:\/\/noticiasya.com\/midland-odessa\/2024\/07\/15\/hombre-acusado-doble-asesinato-restos-humanos-maletas-puente-reino-unido-trax\/","url_meta":{"origin":1455429,"position":2},"title":"Arrestan a un colombiano acusado de doble asesinato en Reino Unido","author":"","date":"julio 15, 2024","format":false,"excerpt":"(CNN) -- Un hombre fue acusado este lunes de dos cargos de asesinato tras el hallazgo de restos humanos en unas maletas en un emblem\u00e1tico puente del Reino Unido la semana pasada.Seg\u00fan un comunicado de la Polic\u00eda Metropolitana de Londres, los restos humanos eran los de Albert Alfonso, de 62\u2026","rel":"","context":"In &quot;Noticias Nacionales&quot;","block_context":{"text":"Noticias Nacionales","link":"https:\/\/noticiasya.com\/midland-odessa\/categoria\/noticias-nacionales"},"img":{"alt_text":"","src":"","width":0,"height":0},"classes":[]},{"id":1464089,"url":"https:\/\/noticiasya.com\/midland-odessa\/2025\/06\/30\/eeuu-revoca-visas-bob-vylan-reino-unido-investigacion-canticos-israel-trax\/","url_meta":{"origin":1455429,"position":3},"title":"EE.UU. revoca visas a la banda brit\u00e1nica Bob Vylan y el Reino Unido abre investigaci\u00f3n por c\u00e1nticos sobre las FDI","author":"","date":"junio 30, 2025","format":false,"excerpt":"Estados Unidos revoc\u00f3 las visas de los miembros del d\u00fao brit\u00e1nico de rap punk Bob Vylan y la polic\u00eda local los investiga tras liderar a una multitud para corear \u201cmuerte\u201d a las Fuerzas de Defensa de Israel (FDI) en un festival de m\u00fasica en Reino Unido este pasado fin de\u2026","rel":"","context":"In &quot;Noticias Nacionales&quot;","block_context":{"text":"Noticias Nacionales","link":"https:\/\/noticiasya.com\/midland-odessa\/categoria\/noticias-nacionales"},"img":{"alt_text":"","src":"","width":0,"height":0},"classes":[]},{"id":1471349,"url":"https:\/\/noticiasya.com\/midland-odessa\/2026\/02\/17\/acusan-terrorismo-intento-atentado-taylor-swift-orix\/","url_meta":{"origin":1455429,"position":4},"title":"Acusan de terrorismo a joven que plane\u00f3 ataque en concierto de Taylor Swift en Austria","author":"","date":"febrero 17, 2026","format":false,"excerpt":"El Ministerio P\u00fablico de Austria present\u00f3 el lunes cargos de terrorismo contra un joven, de 21 a\u00f1os, a quien se acusa de planear un ataque en uno de los conciertos de la cantante estadounidense Taylor Swift, en Viena, en agosto de 2024, seg\u00fan un comunicado de la Fiscal\u00eda, citado por\u2026","rel":"","context":"In &quot;Noticias Nacionales&quot;","block_context":{"text":"Noticias Nacionales","link":"https:\/\/noticiasya.com\/midland-odessa\/categoria\/noticias-nacionales"},"img":{"alt_text":"","src":"","width":0,"height":0},"classes":[]},{"id":1452841,"url":"https:\/\/noticiasya.com\/midland-odessa\/2024\/09\/19\/detienen-futbolista-relacion-decomiso-cannabis-aeropuerto-reino-unido-trax\/","url_meta":{"origin":1455429,"position":5},"title":"Detienen a un futbolista en relaci\u00f3n con un decomiso de cannabis por valor de casi US$ 800.000 en un aeropuerto del Reino Unido","author":"","date":"septiembre 19, 2024","format":false,"excerpt":"(CNN) --\u00a0Jay Emmanuel-Thomas, futbolista que sol\u00eda jugar en el Arsenal, gigante de la Premier League, fue detenido tras el decomiso de cannabis por valor de US$ 795.300 (600.000 libras) en un aeropuerto brit\u00e1nico, seg\u00fan confirm\u00f3 a CNN el tribunal de Carlisle.La Agencia Nacional contra el Crimen del Reino Unido (NCA,\u2026","rel":"","context":"In &quot;Noticias Nacionales&quot;","block_context":{"text":"Noticias Nacionales","link":"https:\/\/noticiasya.com\/midland-odessa\/categoria\/noticias-nacionales"},"img":{"alt_text":"","src":"","width":0,"height":0},"classes":[]}],"jetpack_sharing_enabled":true,"_links":{"self":[{"href":"https:\/\/noticiasya.com\/midland-odessa\/wp-json\/wp\/v2\/posts\/1455429","targetHints":{"allow":["GET"]}}],"collection":[{"href":"https:\/\/noticiasya.com\/midland-odessa\/wp-json\/wp\/v2\/posts"}],"about":[{"href":"https:\/\/noticiasya.com\/midland-odessa\/wp-json\/wp\/v2\/types\/post"}],"replies":[{"embeddable":true,"href":"https:\/\/noticiasya.com\/midland-odessa\/wp-json\/wp\/v2\/comments?post=1455429"}],"version-history":[{"count":0,"href":"https:\/\/noticiasya.com\/midland-odessa\/wp-json\/wp\/v2\/posts\/1455429\/revisions"}],"wp:attachment":[{"href":"https:\/\/noticiasya.com\/midland-odessa\/wp-json\/wp\/v2\/media?parent=1455429"}],"wp:term":[{"taxonomy":"category","embeddable":true,"href":"https:\/\/noticiasya.com\/midland-odessa\/wp-json\/wp\/v2\/categories?post=1455429"},{"taxonomy":"post_tag","embeddable":true,"href":"https:\/\/noticiasya.com\/midland-odessa\/wp-json\/wp\/v2\/tags?post=1455429"}],"curies":[{"name":"wp","href":"https:\/\/api.w.org\/{rel}","templated":true}]}}