{"id":1455436,"date":"2024-10-30T06:03:42","date_gmt":"2024-10-30T13:03:42","guid":{"rendered":"https:\/\/noticiasya.com\/2024\/10\/30\/que-es-una-dana-gota-fria-orix\/"},"modified":"2024-10-30T06:03:42","modified_gmt":"2024-10-30T13:03:42","slug":"que-es-una-dana-gota-fria-orix","status":"publish","type":"post","link":"https:\/\/noticiasya.com\/midland-odessa\/2024\/10\/30\/que-es-una-dana-gota-fria-orix\/","title":{"rendered":"\u00bfQu\u00e9 es el fen\u00f3meno meteorol\u00f3gico DANA, tambi\u00e9n conocido como &#171;gota fr\u00eda&#187;?"},"content":{"rendered":"<p>(CNN Espa\u00f1ol) &#8212; Existe un fen\u00f3meno meteorol\u00f3gico al que hist\u00f3ricamente se le ha asociado con desastres, inundaciones y da\u00f1os en general por las precipitaciones. Se trata de la DANA y coloquialmente se le conoce como &#171;gota fr\u00eda&#187;.<\/p>\n<p>Pese a esta asociaci\u00f3n, la DANA est\u00e1 lejos de ser un sin\u00f3nimo de desastre y, m\u00e1s bien, se trata de un evento ocasional entre junio y octubre en el Mediterr\u00e1neo, como explica el Instituto Nacional de Meteorolog\u00eda (INM) de Espa\u00f1a.<\/p>\n<p>\u00bfDe qu\u00e9 se trata? A continuaci\u00f3n, te damos una explicaci\u00f3n de este fen\u00f3meno.<\/p>\n<p>\u00bfQu\u00e9 es una DANA o &#171;gota fr\u00eda&#187;?<\/p>\n<p>El INM se\u00f1ala que DANA son las siglas para referirse a Depresi\u00f3n Aislada en Niveles Altos.<\/p>\n<p>La DANA &#171;es una depresi\u00f3n (o borrasca) aislada en niveles atmosf\u00e9ricos altos, formada por aire fr\u00edo&#187;.<\/p>\n<p>Cabe recordar que, en meteorolog\u00eda, una depresi\u00f3n es &#171;una zona donde la presi\u00f3n atmosf\u00e9rica es m\u00e1s baja que la del aire que la rodea&#187;, seg\u00fan la Universidad Complutense de Madrid, lo cual suele generar nubosidad, lluvias y vientos.<\/p>\n<p>En las DANA ocurre una depresi\u00f3n aislada en niveles altos.<\/p>\n<p>\u00bfPor qu\u00e9 se dice que es aislada en niveles altos? Esta depresi\u00f3n se desprende de un cintur\u00f3n de vientos establecido en la troposfera y la baja estratosfera. Estos cinturones pueden ser el chorro polar o el chorro subtropical, donde el aire es fr\u00edo, dice el INM.<\/p>\n<p>Estas corrientes de aire en chorro suelen dar vueltas a la Tierra, pero su movimiento no es en l\u00ednea recta, sino que tiene ondulaciones, que a veces son tan pronunciadas que una porci\u00f3n de masa de aire se estrangula y se corta, aisl\u00e1ndose del flujo original, explica el INM.<\/p>\n<p>Esta masa de aire fr\u00edo que se cort\u00f3 y se aisl\u00f3 del chorro original es la DANA y flota a niveles m\u00e1s bajos, lo que puede generar precipitaciones y vientos fuertes.<\/p>\n<p>&#171;Cuando una de esas ondulaciones o meandros (vaguadas, en el argot meteorol\u00f3gico) se amplifica mucho puede llegar a estrangularse y cortarse, quedando formada la depresi\u00f3n aislada fr\u00eda o gota fr\u00eda. N\u00f3tese que la gota fr\u00eda es aire polar flotando sobre latitudes inferiores a las que normalmente ocupa ese aire fr\u00edo&#187;, se\u00f1ala el INM.<\/p>\n<p>El INM hace \u00e9nfasis en que la DANA no es sin\u00f3nimo de desastre natural, pues se trata de un evento ocasional en el verano y oto\u00f1o boreales sobre zonas como el Mediterr\u00e1neo.<\/p>\n<p>Una DANA puede traer afectaciones serias debido a las fuertes lluvias y vientos, pero esto no es as\u00ed siempre. De hecho, son menos las veces que la DANA causa grandes da\u00f1os, indica el INM.<\/p>\n<p>La DANA, por tanto, no debe ser motivo de alarmismo sin sentido, sino m\u00e1s bien de alerta y precauci\u00f3n.<\/p>\n<p>The-CNN-Wire<br \/>&trade; &amp; &copy; 2024 Cable News Network, Inc., a Warner Bros. Discovery Company. All rights reserved.<\/p>\n","protected":false},"excerpt":{"rendered":"<p>(CNN Espa\u00f1ol) &#8212; Existe un fen\u00f3meno meteorol\u00f3gico al que hist\u00f3ricamente se le ha asociado con desastres, inundaciones y da\u00f1os en general por las precipitaciones. Se trata de la DANA y coloquialmente se le conoce como &#171;gota fr\u00eda&#187;. Pese a esta asociaci\u00f3n, la DANA est\u00e1 lejos de ser un sin\u00f3nimo de desastre y, m\u00e1s bien, se [&hellip;]<\/p>\n","protected":false},"author":0,"featured_media":0,"comment_status":"open","ping_status":"open","sticky":false,"template":"","format":"standard","meta":{"_jetpack_memberships_contains_paid_content":false,"footnotes":""},"categories":[10],"tags":[],"class_list":["post-1455436","post","type-post","status-publish","format-standard","hentry","category-noticias-nacionales","market-global"],"yoast_head":"<!-- This site is optimized with the Yoast SEO plugin v24.4 - https:\/\/yoast.com\/wordpress\/plugins\/seo\/ -->\n<title>\u00bfQu\u00e9 es el fen\u00f3meno meteorol\u00f3gico DANA, tambi\u00e9n conocido como &quot;gota fr\u00eda&quot;? - Noticias<\/title>\n<meta name=\"robots\" content=\"index, follow, max-snippet:-1, max-image-preview:large, max-video-preview:-1\" \/>\n<link rel=\"canonical\" href=\"https:\/\/noticiasya.com\/2024\/10\/30\/que-es-una-dana-gota-fria-orix\/\" \/>\n<meta property=\"og:locale\" content=\"es_ES\" \/>\n<meta property=\"og:type\" content=\"article\" \/>\n<meta property=\"og:title\" content=\"\u00bfQu\u00e9 es el fen\u00f3meno meteorol\u00f3gico DANA, tambi\u00e9n conocido como &quot;gota fr\u00eda&quot;? - Noticias\" \/>\n<meta property=\"og:description\" content=\"(CNN Espa\u00f1ol) &#8212; Existe un fen\u00f3meno meteorol\u00f3gico al que hist\u00f3ricamente se le ha asociado con desastres, inundaciones y da\u00f1os en general por las precipitaciones. Se trata de la DANA y coloquialmente se le conoce como &#171;gota fr\u00eda&#187;. Pese a esta asociaci\u00f3n, la DANA est\u00e1 lejos de ser un sin\u00f3nimo de desastre y, m\u00e1s bien, se [&hellip;]\" \/>\n<meta property=\"og:url\" content=\"https:\/\/noticiasya.com\/2024\/10\/30\/que-es-una-dana-gota-fria-orix\/\" \/>\n<meta property=\"og:site_name\" content=\"Noticias\" \/>\n<meta property=\"article:published_time\" content=\"2024-10-30T13:03:42+00:00\" \/>\n<meta name=\"twitter:card\" content=\"summary_large_image\" \/>\n<meta name=\"twitter:label1\" content=\"Est. reading time\" \/>\n\t<meta name=\"twitter:data1\" content=\"3 minutos\" \/>\n<script type=\"application\/ld+json\" class=\"yoast-schema-graph\">{\"@context\":\"https:\/\/schema.org\",\"@graph\":[{\"@type\":\"Article\",\"@id\":\"https:\/\/noticiasya.com\/2024\/10\/30\/que-es-una-dana-gota-fria-orix\/#article\",\"isPartOf\":{\"@id\":\"https:\/\/noticiasya.com\/2024\/10\/30\/que-es-una-dana-gota-fria-orix\/\"},\"author\":{\"name\":\"\",\"@id\":\"\"},\"headline\":\"\u00bfQu\u00e9 es el fen\u00f3meno meteorol\u00f3gico DANA, tambi\u00e9n conocido como &#171;gota fr\u00eda&#187;?\",\"datePublished\":\"2024-10-30T13:03:42+00:00\",\"mainEntityOfPage\":{\"@id\":\"https:\/\/noticiasya.com\/2024\/10\/30\/que-es-una-dana-gota-fria-orix\/\"},\"wordCount\":522,\"commentCount\":0,\"publisher\":{\"@id\":\"https:\/\/noticiasya.com\/#organization\"},\"articleSection\":[\"Noticias Nacionales\"],\"inLanguage\":\"es\",\"potentialAction\":[{\"@type\":\"CommentAction\",\"name\":\"Comment\",\"target\":[\"https:\/\/noticiasya.com\/2024\/10\/30\/que-es-una-dana-gota-fria-orix\/#respond\"]}]},{\"@type\":\"WebPage\",\"@id\":\"https:\/\/noticiasya.com\/2024\/10\/30\/que-es-una-dana-gota-fria-orix\/\",\"url\":\"https:\/\/noticiasya.com\/2024\/10\/30\/que-es-una-dana-gota-fria-orix\/\",\"name\":\"\u00bfQu\u00e9 es el fen\u00f3meno meteorol\u00f3gico DANA, tambi\u00e9n conocido como \\\"gota fr\u00eda\\\"? - Noticias\",\"isPartOf\":{\"@id\":\"https:\/\/noticiasya.com\/#website\"},\"datePublished\":\"2024-10-30T13:03:42+00:00\",\"breadcrumb\":{\"@id\":\"https:\/\/noticiasya.com\/2024\/10\/30\/que-es-una-dana-gota-fria-orix\/#breadcrumb\"},\"inLanguage\":\"es\",\"potentialAction\":[{\"@type\":\"ReadAction\",\"target\":[\"https:\/\/noticiasya.com\/2024\/10\/30\/que-es-una-dana-gota-fria-orix\/\"]}]},{\"@type\":\"BreadcrumbList\",\"@id\":\"https:\/\/noticiasya.com\/2024\/10\/30\/que-es-una-dana-gota-fria-orix\/#breadcrumb\",\"itemListElement\":[{\"@type\":\"ListItem\",\"position\":1,\"name\":\"Home\",\"item\":\"https:\/\/noticiasya.com\/\"},{\"@type\":\"ListItem\",\"position\":2,\"name\":\"\u00bfQu\u00e9 es el fen\u00f3meno meteorol\u00f3gico DANA, tambi\u00e9n conocido como &#171;gota fr\u00eda&#187;?\"}]},{\"@type\":\"WebSite\",\"@id\":\"https:\/\/noticiasya.com\/#website\",\"url\":\"https:\/\/noticiasya.com\/\",\"name\":\"Noticias\",\"description\":\"Lo que importa\",\"publisher\":{\"@id\":\"https:\/\/noticiasya.com\/#organization\"},\"potentialAction\":[{\"@type\":\"SearchAction\",\"target\":{\"@type\":\"EntryPoint\",\"urlTemplate\":\"https:\/\/noticiasya.com\/?s={search_term_string}\"},\"query-input\":{\"@type\":\"PropertyValueSpecification\",\"valueRequired\":true,\"valueName\":\"search_term_string\"}}],\"inLanguage\":\"es\"},{\"@type\":\"Organization\",\"@id\":\"https:\/\/noticiasya.com\/#organization\",\"name\":\"Noticias\",\"url\":\"https:\/\/noticiasya.com\/\",\"logo\":{\"@type\":\"ImageObject\",\"inLanguage\":\"es\",\"@id\":\"https:\/\/noticiasya.com\/#\/schema\/logo\/image\/\",\"url\":\"https:\/\/noticiasya.com\/wp-content\/uploads\/sites\/22\/2023\/12\/logo-nacional.png\",\"contentUrl\":\"https:\/\/noticiasya.com\/wp-content\/uploads\/sites\/22\/2023\/12\/logo-nacional.png\",\"width\":1801,\"height\":691,\"caption\":\"Noticias\"},\"image\":{\"@id\":\"https:\/\/noticiasya.com\/#\/schema\/logo\/image\/\"}}]}<\/script>\n<!-- \/ Yoast SEO plugin. -->","yoast_head_json":{"title":"\u00bfQu\u00e9 es el fen\u00f3meno meteorol\u00f3gico DANA, tambi\u00e9n conocido como \"gota fr\u00eda\"? - Noticias","robots":{"index":"index","follow":"follow","max-snippet":"max-snippet:-1","max-image-preview":"max-image-preview:large","max-video-preview":"max-video-preview:-1"},"canonical":"https:\/\/noticiasya.com\/2024\/10\/30\/que-es-una-dana-gota-fria-orix\/","og_locale":"es_ES","og_type":"article","og_title":"\u00bfQu\u00e9 es el fen\u00f3meno meteorol\u00f3gico DANA, tambi\u00e9n conocido como \"gota fr\u00eda\"? - Noticias","og_description":"(CNN Espa\u00f1ol) &#8212; Existe un fen\u00f3meno meteorol\u00f3gico al que hist\u00f3ricamente se le ha asociado con desastres, inundaciones y da\u00f1os en general por las precipitaciones. Se trata de la DANA y coloquialmente se le conoce como &#171;gota fr\u00eda&#187;. Pese a esta asociaci\u00f3n, la DANA est\u00e1 lejos de ser un sin\u00f3nimo de desastre y, m\u00e1s bien, se [&hellip;]","og_url":"https:\/\/noticiasya.com\/2024\/10\/30\/que-es-una-dana-gota-fria-orix\/","og_site_name":"Noticias","article_published_time":"2024-10-30T13:03:42+00:00","twitter_card":"summary_large_image","twitter_misc":{"Est. reading time":"3 minutos"},"schema":{"@context":"https:\/\/schema.org","@graph":[{"@type":"Article","@id":"https:\/\/noticiasya.com\/2024\/10\/30\/que-es-una-dana-gota-fria-orix\/#article","isPartOf":{"@id":"https:\/\/noticiasya.com\/2024\/10\/30\/que-es-una-dana-gota-fria-orix\/"},"author":{"name":"","@id":""},"headline":"\u00bfQu\u00e9 es el fen\u00f3meno meteorol\u00f3gico DANA, tambi\u00e9n conocido como &#171;gota fr\u00eda&#187;?","datePublished":"2024-10-30T13:03:42+00:00","mainEntityOfPage":{"@id":"https:\/\/noticiasya.com\/2024\/10\/30\/que-es-una-dana-gota-fria-orix\/"},"wordCount":522,"commentCount":0,"publisher":{"@id":"https:\/\/noticiasya.com\/#organization"},"articleSection":["Noticias Nacionales"],"inLanguage":"es","potentialAction":[{"@type":"CommentAction","name":"Comment","target":["https:\/\/noticiasya.com\/2024\/10\/30\/que-es-una-dana-gota-fria-orix\/#respond"]}]},{"@type":"WebPage","@id":"https:\/\/noticiasya.com\/2024\/10\/30\/que-es-una-dana-gota-fria-orix\/","url":"https:\/\/noticiasya.com\/2024\/10\/30\/que-es-una-dana-gota-fria-orix\/","name":"\u00bfQu\u00e9 es el fen\u00f3meno meteorol\u00f3gico DANA, tambi\u00e9n conocido como \"gota fr\u00eda\"? - Noticias","isPartOf":{"@id":"https:\/\/noticiasya.com\/#website"},"datePublished":"2024-10-30T13:03:42+00:00","breadcrumb":{"@id":"https:\/\/noticiasya.com\/2024\/10\/30\/que-es-una-dana-gota-fria-orix\/#breadcrumb"},"inLanguage":"es","potentialAction":[{"@type":"ReadAction","target":["https:\/\/noticiasya.com\/2024\/10\/30\/que-es-una-dana-gota-fria-orix\/"]}]},{"@type":"BreadcrumbList","@id":"https:\/\/noticiasya.com\/2024\/10\/30\/que-es-una-dana-gota-fria-orix\/#breadcrumb","itemListElement":[{"@type":"ListItem","position":1,"name":"Home","item":"https:\/\/noticiasya.com\/"},{"@type":"ListItem","position":2,"name":"\u00bfQu\u00e9 es el fen\u00f3meno meteorol\u00f3gico DANA, tambi\u00e9n conocido como &#171;gota fr\u00eda&#187;?"}]},{"@type":"WebSite","@id":"https:\/\/noticiasya.com\/#website","url":"https:\/\/noticiasya.com\/","name":"Noticias","description":"Lo que importa","publisher":{"@id":"https:\/\/noticiasya.com\/#organization"},"potentialAction":[{"@type":"SearchAction","target":{"@type":"EntryPoint","urlTemplate":"https:\/\/noticiasya.com\/?s={search_term_string}"},"query-input":{"@type":"PropertyValueSpecification","valueRequired":true,"valueName":"search_term_string"}}],"inLanguage":"es"},{"@type":"Organization","@id":"https:\/\/noticiasya.com\/#organization","name":"Noticias","url":"https:\/\/noticiasya.com\/","logo":{"@type":"ImageObject","inLanguage":"es","@id":"https:\/\/noticiasya.com\/#\/schema\/logo\/image\/","url":"https:\/\/noticiasya.com\/wp-content\/uploads\/sites\/22\/2023\/12\/logo-nacional.png","contentUrl":"https:\/\/noticiasya.com\/wp-content\/uploads\/sites\/22\/2023\/12\/logo-nacional.png","width":1801,"height":691,"caption":"Noticias"},"image":{"@id":"https:\/\/noticiasya.com\/#\/schema\/logo\/image\/"}}]}},"parsely":{"version":"1.1.0","canonical_url":"https:\/\/noticiasya.com\/midland-odessa\/2024\/10\/30\/que-es-una-dana-gota-fria-orix\/","smart_links":{"inbound":0,"outbound":0},"traffic_boost_suggestions_count":0,"meta":{"@context":"https:\/\/schema.org","@type":"NewsArticle","headline":"\u00bfQu\u00e9 es el fen\u00f3meno meteorol\u00f3gico DANA, tambi\u00e9n conocido como &#171;gota fr\u00eda&#187;?","url":"http:\/\/noticiasya.com\/midland-odessa\/2024\/10\/30\/que-es-una-dana-gota-fria-orix\/","mainEntityOfPage":{"@type":"WebPage","@id":"http:\/\/noticiasya.com\/midland-odessa\/2024\/10\/30\/que-es-una-dana-gota-fria-orix\/"},"thumbnailUrl":"","image":{"@type":"ImageObject","url":""},"articleSection":"Noticias Nacionales","author":[],"creator":[],"publisher":{"@type":"Organization","name":"Noticias","logo":""},"keywords":[],"dateCreated":"2024-10-30T13:03:42Z","datePublished":"2024-10-30T13:03:42Z","dateModified":"2024-10-30T13:03:42Z"},"rendered":"<script type=\"application\/ld+json\" class=\"wp-parsely-metadata\">{\"@context\":\"https:\\\/\\\/schema.org\",\"@type\":\"NewsArticle\",\"headline\":\"\\u00bfQu\\u00e9 es el fen\\u00f3meno meteorol\\u00f3gico DANA, tambi\\u00e9n conocido como &#171;gota fr\\u00eda&#187;?\",\"url\":\"http:\\\/\\\/noticiasya.com\\\/midland-odessa\\\/2024\\\/10\\\/30\\\/que-es-una-dana-gota-fria-orix\\\/\",\"mainEntityOfPage\":{\"@type\":\"WebPage\",\"@id\":\"http:\\\/\\\/noticiasya.com\\\/midland-odessa\\\/2024\\\/10\\\/30\\\/que-es-una-dana-gota-fria-orix\\\/\"},\"thumbnailUrl\":\"\",\"image\":{\"@type\":\"ImageObject\",\"url\":\"\"},\"articleSection\":\"Noticias Nacionales\",\"author\":[],\"creator\":[],\"publisher\":{\"@type\":\"Organization\",\"name\":\"Noticias\",\"logo\":\"\"},\"keywords\":[],\"dateCreated\":\"2024-10-30T13:03:42Z\",\"datePublished\":\"2024-10-30T13:03:42Z\",\"dateModified\":\"2024-10-30T13:03:42Z\"}<\/script>","tracker_url":"https:\/\/cdn.parsely.com\/keys\/noticiasya.com\/p.js"},"jetpack_featured_media_url":"","jetpack-related-posts":[{"id":1455461,"url":"https:\/\/noticiasya.com\/midland-odessa\/2024\/10\/30\/hubo-fallos-prevision-y-alerta-dana-tragedia-espana-orix\/","url_meta":{"origin":1455436,"position":0},"title":"Los factores alrededor de la devastaci\u00f3n por la DANA &#171;sin precedentes&#187; en Espa\u00f1a: sorpresa, cambio clim\u00e1tico y el papel de los mensajes de alerta","author":"","date":"octubre 30, 2024","format":false,"excerpt":"(CNN Espa\u00f1ol) -- Varias localidades del sur y este de Espa\u00f1a fueron golpeadas con hasta 30 cm de lluvia en solo unas pocas horas el martes, en lo que marc\u00f3 la peor lluvia en Valencia en 28 a\u00f1os, seg\u00fan la Agencia Estatal de Meteorolog\u00eda, AEMET. La magnitud del fen\u00f3meno tom\u00f3\u2026","rel":"","context":"In &quot;Noticias Nacionales&quot;","block_context":{"text":"Noticias Nacionales","link":"https:\/\/noticiasya.com\/midland-odessa\/categoria\/noticias-nacionales"},"img":{"alt_text":"","src":"","width":0,"height":0},"classes":[]},{"id":1455851,"url":"https:\/\/noticiasya.com\/midland-odessa\/2024\/11\/15\/gestion-dana-espana-valencia-mazon-responsabilidad-orix\/","url_meta":{"origin":1455436,"position":1},"title":"Tras cr\u00edticas por su gesti\u00f3n en la DANA, Maz\u00f3n traslada parte de la responsabilidad a otros organismos estatales y reforma su estructura","author":"","date":"noviembre 15, 2024","format":false,"excerpt":"(CNN Espa\u00f1ol) -- El martes 29 de octubre a las 8 de la noche, hora local, miles y miles de celulares vibraron y pitaron a la vez en la Comunidad Valenciana. Se trataba de la alerta que el Centro de Coordinaci\u00f3n de Emergencia (Cecopi) enviaba de forma masiva a la\u2026","rel":"","context":"In &quot;Noticias Nacionales&quot;","block_context":{"text":"Noticias Nacionales","link":"https:\/\/noticiasya.com\/midland-odessa\/categoria\/noticias-nacionales"},"img":{"alt_text":"","src":"","width":0,"height":0},"classes":[]},{"id":1455431,"url":"https:\/\/noticiasya.com\/midland-odessa\/2024\/10\/29\/inundaciones-repentinas-afectan-varias-regiones-de-espana-trax\/","url_meta":{"origin":1455436,"position":2},"title":"Graves inundaciones repentinas causan muertes en Valencia y afectan varias regiones de Espa\u00f1a","author":"","date":"octubre 29, 2024","format":false,"excerpt":"(CNN) -- Algunas regiones del sur y este de Espa\u00f1a sufrieron graves inundaciones este martes debido a que en algunas zonas cayeron entre 150 y 300 mm de lluvia en tan solo unas horas.Las lluvias e inundaciones ya causaron un n\u00famero a\u00fan indeterminado de muertes en Valencia, inform\u00f3 el presidente\u2026","rel":"","context":"In &quot;Noticias Nacionales&quot;","block_context":{"text":"Noticias Nacionales","link":"https:\/\/noticiasya.com\/midland-odessa\/categoria\/noticias-nacionales"},"img":{"alt_text":"","src":"","width":0,"height":0},"classes":[]},{"id":1450881,"url":"https:\/\/noticiasya.com\/midland-odessa\/2024\/07\/04\/cuales-son-los-paises-con-mas-huracanes-orix\/","url_meta":{"origin":1455436,"position":3},"title":"\u00bfCu\u00e1les son los pa\u00edses con m\u00e1s huracanes?","author":"","date":"julio 4, 2024","format":false,"excerpt":"(CNN Espa\u00f1ol) -- El hurac\u00e1n Ian es el m\u00e1s reciente fen\u00f3meno meteorol\u00f3gico que ha impactado a Estados Unidos.Ian ha dejado devastaci\u00f3n y muerte a su paso, luego de que tocara tierra como hurac\u00e1n categor\u00eda 4 en la costa suroeste de Florida la tarde de este mi\u00e9rcoles.\u00bfEn qu\u00e9 estados de Estados\u2026","rel":"","context":"In &quot;Noticias Nacionales&quot;","block_context":{"text":"Noticias Nacionales","link":"https:\/\/noticiasya.com\/midland-odessa\/categoria\/noticias-nacionales"},"img":{"alt_text":"","src":"","width":0,"height":0},"classes":[]},{"id":1450186,"url":"https:\/\/noticiasya.com\/midland-odessa\/2024\/06\/10\/fuerte-granizada-durante-vuelo-dana-la-nariz-de-un-avion-austrian-airlines-trax\/","url_meta":{"origin":1455436,"position":4},"title":"Fuerte granizada durante un vuelo da\u00f1a la nariz de un avi\u00f3n de Austrian Airlines","author":"","date":"junio 10, 2024","format":false,"excerpt":"(CNN) -- Los pasajeros de un avi\u00f3n de Austrian Airlines tuvieron suerte de escapar este domingo, cuando el avi\u00f3n en el aire choc\u00f3 contra una \u201cc\u00e9lula de tormenta\u201d, dijo Austrian Airlines. El avi\u00f3n con 173 pasajeros y seis tripulantes a bordo desde Palma de Mallorca (Espa\u00f1a) a Viena (Austria) aterriz\u00f3\u2026","rel":"","context":"In &quot;Noticias Nacionales&quot;","block_context":{"text":"Noticias Nacionales","link":"https:\/\/noticiasya.com\/midland-odessa\/categoria\/noticias-nacionales"},"img":{"alt_text":"","src":"","width":0,"height":0},"classes":[]},{"id":1466556,"url":"https:\/\/noticiasya.com\/midland-odessa\/2025\/09\/17\/luchador-espanol-sosa-ufc-dana-white-orix\/","url_meta":{"origin":1455436,"position":5},"title":"Luchador espa\u00f1ol llega a UFC tras muerte de padre: &#171;S\u00e9 la p**a raz\u00f3n por la que tu apellido signifique algo&#187;, dijo Dana White","author":"","date":"septiembre 17, 2025","format":false,"excerpt":"\u201cTe dar\u00e9 la oportunidad de tu vida\u201d, le dijo Dana White, el mandam\u00e1s de la UFC, a Hecher Sosa, quien acaba de hacer historia en el oct\u00e1gono. El sue\u00f1o tan anhelado de su vida se cristaliz\u00f3 como premio a su resiliencia: el espa\u00f1ol recibi\u00f3 la condecoraci\u00f3n de ingreso a la\u2026","rel":"","context":"In &quot;Noticias Nacionales&quot;","block_context":{"text":"Noticias Nacionales","link":"https:\/\/noticiasya.com\/midland-odessa\/categoria\/noticias-nacionales"},"img":{"alt_text":"","src":"","width":0,"height":0},"classes":[]}],"jetpack_sharing_enabled":true,"_links":{"self":[{"href":"https:\/\/noticiasya.com\/midland-odessa\/wp-json\/wp\/v2\/posts\/1455436","targetHints":{"allow":["GET"]}}],"collection":[{"href":"https:\/\/noticiasya.com\/midland-odessa\/wp-json\/wp\/v2\/posts"}],"about":[{"href":"https:\/\/noticiasya.com\/midland-odessa\/wp-json\/wp\/v2\/types\/post"}],"replies":[{"embeddable":true,"href":"https:\/\/noticiasya.com\/midland-odessa\/wp-json\/wp\/v2\/comments?post=1455436"}],"version-history":[{"count":0,"href":"https:\/\/noticiasya.com\/midland-odessa\/wp-json\/wp\/v2\/posts\/1455436\/revisions"}],"wp:attachment":[{"href":"https:\/\/noticiasya.com\/midland-odessa\/wp-json\/wp\/v2\/media?parent=1455436"}],"wp:term":[{"taxonomy":"category","embeddable":true,"href":"https:\/\/noticiasya.com\/midland-odessa\/wp-json\/wp\/v2\/categories?post=1455436"},{"taxonomy":"post_tag","embeddable":true,"href":"https:\/\/noticiasya.com\/midland-odessa\/wp-json\/wp\/v2\/tags?post=1455436"}],"curies":[{"name":"wp","href":"https:\/\/api.w.org\/{rel}","templated":true}]}}