{"id":1455437,"date":"2024-10-30T07:03:52","date_gmt":"2024-10-30T14:03:52","guid":{"rendered":"https:\/\/noticiasya.com\/2024\/10\/30\/investigan-muerte-periodista-michoacan-orix\/"},"modified":"2024-10-30T07:03:52","modified_gmt":"2024-10-30T14:03:52","slug":"investigan-muerte-periodista-michoacan-orix","status":"publish","type":"post","link":"https:\/\/noticiasya.com\/midland-odessa\/2024\/10\/30\/investigan-muerte-periodista-michoacan-orix\/","title":{"rendered":"Investigan la muerte por disparos de periodista en Michoac\u00e1n"},"content":{"rendered":"<p>(CNN Espa\u00f1ol) &#8212; La Fiscal\u00eda General de Michoac\u00e1n anunci\u00f3 que investiga la muerte de un periodista en la zona centro de la ciudad de Uruapan, inform\u00f3 este mi\u00e9rcoles a trav\u00e9s de un comunicado publicado en su cuenta de X.<\/p>\n<p>El documento agrega que Mauricio Cruz Sol\u00eds sufri\u00f3 &#171;una agresi\u00f3n por arma de fuego&#187; y una persona m\u00e1s result\u00f3 herida en el incidente ocurrido en horas de la noche.<\/p>\n<p>Matan a funcionaria de seguridad y a exalcalde en Michoac\u00e1n<\/p>\n<p>Varios medios mexicanos reportan que Sol\u00eds, fundador del portal Minuto por minuto, hab\u00eda entrevistado al alcalde de Uruapan poco antes del atentado.<\/p>\n<p>Tambi\u00e9n a trav\u00e9s de X, el gobernador de Michoac\u00e1n, Alfredo Rodr\u00edguez Bedolla, conden\u00f3 el homicidio y agreg\u00f3 que hay un operativo estatal y federal para dar con los responsables.<\/p>\n<p>Esta es una noticia en desarrollo y ser\u00e1 actualizada.<\/p>\n<p>The-CNN-Wire<br \/>&trade; &amp; &copy; 2024 Cable News Network, Inc., a Warner Bros. Discovery Company. All rights reserved.<\/p>\n","protected":false},"excerpt":{"rendered":"<p>(CNN Espa\u00f1ol) &#8212; La Fiscal\u00eda General de Michoac\u00e1n anunci\u00f3 que investiga la muerte de un periodista en la zona centro de la ciudad de Uruapan, inform\u00f3 este mi\u00e9rcoles a trav\u00e9s de un comunicado publicado en su cuenta de X. El documento agrega que Mauricio Cruz Sol\u00eds sufri\u00f3 &#171;una agresi\u00f3n por arma de fuego&#187; y una [&hellip;]<\/p>\n","protected":false},"author":0,"featured_media":0,"comment_status":"open","ping_status":"open","sticky":false,"template":"","format":"standard","meta":{"_jetpack_memberships_contains_paid_content":false,"footnotes":""},"categories":[10],"tags":[],"class_list":["post-1455437","post","type-post","status-publish","format-standard","hentry","category-noticias-nacionales","market-global"],"yoast_head":"<!-- This site is optimized with the Yoast SEO plugin v24.4 - https:\/\/yoast.com\/wordpress\/plugins\/seo\/ -->\n<title>Investigan la muerte por disparos de periodista en Michoac\u00e1n - Noticias<\/title>\n<meta name=\"robots\" content=\"index, follow, max-snippet:-1, max-image-preview:large, max-video-preview:-1\" \/>\n<link rel=\"canonical\" href=\"https:\/\/noticiasya.com\/2024\/10\/30\/investigan-muerte-periodista-michoacan-orix\/\" \/>\n<meta property=\"og:locale\" content=\"es_ES\" \/>\n<meta property=\"og:type\" content=\"article\" \/>\n<meta property=\"og:title\" content=\"Investigan la muerte por disparos de periodista en Michoac\u00e1n - Noticias\" \/>\n<meta property=\"og:description\" content=\"(CNN Espa\u00f1ol) &#8212; La Fiscal\u00eda General de Michoac\u00e1n anunci\u00f3 que investiga la muerte de un periodista en la zona centro de la ciudad de Uruapan, inform\u00f3 este mi\u00e9rcoles a trav\u00e9s de un comunicado publicado en su cuenta de X. El documento agrega que Mauricio Cruz Sol\u00eds sufri\u00f3 &#171;una agresi\u00f3n por arma de fuego&#187; y una [&hellip;]\" \/>\n<meta property=\"og:url\" content=\"https:\/\/noticiasya.com\/2024\/10\/30\/investigan-muerte-periodista-michoacan-orix\/\" \/>\n<meta property=\"og:site_name\" content=\"Noticias\" \/>\n<meta property=\"article:published_time\" content=\"2024-10-30T14:03:52+00:00\" \/>\n<meta name=\"twitter:card\" content=\"summary_large_image\" \/>\n<meta name=\"twitter:label1\" content=\"Est. reading time\" \/>\n\t<meta name=\"twitter:data1\" content=\"1 minuto\" \/>\n<script type=\"application\/ld+json\" class=\"yoast-schema-graph\">{\"@context\":\"https:\/\/schema.org\",\"@graph\":[{\"@type\":\"Article\",\"@id\":\"https:\/\/noticiasya.com\/2024\/10\/30\/investigan-muerte-periodista-michoacan-orix\/#article\",\"isPartOf\":{\"@id\":\"https:\/\/noticiasya.com\/2024\/10\/30\/investigan-muerte-periodista-michoacan-orix\/\"},\"author\":{\"name\":\"\",\"@id\":\"\"},\"headline\":\"Investigan la muerte por disparos de periodista en Michoac\u00e1n\",\"datePublished\":\"2024-10-30T14:03:52+00:00\",\"mainEntityOfPage\":{\"@id\":\"https:\/\/noticiasya.com\/2024\/10\/30\/investigan-muerte-periodista-michoacan-orix\/\"},\"wordCount\":179,\"commentCount\":0,\"publisher\":{\"@id\":\"https:\/\/noticiasya.com\/#organization\"},\"articleSection\":[\"Noticias Nacionales\"],\"inLanguage\":\"es\",\"potentialAction\":[{\"@type\":\"CommentAction\",\"name\":\"Comment\",\"target\":[\"https:\/\/noticiasya.com\/2024\/10\/30\/investigan-muerte-periodista-michoacan-orix\/#respond\"]}]},{\"@type\":\"WebPage\",\"@id\":\"https:\/\/noticiasya.com\/2024\/10\/30\/investigan-muerte-periodista-michoacan-orix\/\",\"url\":\"https:\/\/noticiasya.com\/2024\/10\/30\/investigan-muerte-periodista-michoacan-orix\/\",\"name\":\"Investigan la muerte por disparos de periodista en Michoac\u00e1n - Noticias\",\"isPartOf\":{\"@id\":\"https:\/\/noticiasya.com\/#website\"},\"datePublished\":\"2024-10-30T14:03:52+00:00\",\"breadcrumb\":{\"@id\":\"https:\/\/noticiasya.com\/2024\/10\/30\/investigan-muerte-periodista-michoacan-orix\/#breadcrumb\"},\"inLanguage\":\"es\",\"potentialAction\":[{\"@type\":\"ReadAction\",\"target\":[\"https:\/\/noticiasya.com\/2024\/10\/30\/investigan-muerte-periodista-michoacan-orix\/\"]}]},{\"@type\":\"BreadcrumbList\",\"@id\":\"https:\/\/noticiasya.com\/2024\/10\/30\/investigan-muerte-periodista-michoacan-orix\/#breadcrumb\",\"itemListElement\":[{\"@type\":\"ListItem\",\"position\":1,\"name\":\"Home\",\"item\":\"https:\/\/noticiasya.com\/\"},{\"@type\":\"ListItem\",\"position\":2,\"name\":\"Investigan la muerte por disparos de periodista en Michoac\u00e1n\"}]},{\"@type\":\"WebSite\",\"@id\":\"https:\/\/noticiasya.com\/#website\",\"url\":\"https:\/\/noticiasya.com\/\",\"name\":\"Noticias\",\"description\":\"Lo que importa\",\"publisher\":{\"@id\":\"https:\/\/noticiasya.com\/#organization\"},\"potentialAction\":[{\"@type\":\"SearchAction\",\"target\":{\"@type\":\"EntryPoint\",\"urlTemplate\":\"https:\/\/noticiasya.com\/?s={search_term_string}\"},\"query-input\":{\"@type\":\"PropertyValueSpecification\",\"valueRequired\":true,\"valueName\":\"search_term_string\"}}],\"inLanguage\":\"es\"},{\"@type\":\"Organization\",\"@id\":\"https:\/\/noticiasya.com\/#organization\",\"name\":\"Noticias\",\"url\":\"https:\/\/noticiasya.com\/\",\"logo\":{\"@type\":\"ImageObject\",\"inLanguage\":\"es\",\"@id\":\"https:\/\/noticiasya.com\/#\/schema\/logo\/image\/\",\"url\":\"https:\/\/noticiasya.com\/wp-content\/uploads\/sites\/22\/2023\/12\/logo-nacional.png\",\"contentUrl\":\"https:\/\/noticiasya.com\/wp-content\/uploads\/sites\/22\/2023\/12\/logo-nacional.png\",\"width\":1801,\"height\":691,\"caption\":\"Noticias\"},\"image\":{\"@id\":\"https:\/\/noticiasya.com\/#\/schema\/logo\/image\/\"}}]}<\/script>\n<!-- \/ Yoast SEO plugin. -->","yoast_head_json":{"title":"Investigan la muerte por disparos de periodista en Michoac\u00e1n - Noticias","robots":{"index":"index","follow":"follow","max-snippet":"max-snippet:-1","max-image-preview":"max-image-preview:large","max-video-preview":"max-video-preview:-1"},"canonical":"https:\/\/noticiasya.com\/2024\/10\/30\/investigan-muerte-periodista-michoacan-orix\/","og_locale":"es_ES","og_type":"article","og_title":"Investigan la muerte por disparos de periodista en Michoac\u00e1n - Noticias","og_description":"(CNN Espa\u00f1ol) &#8212; La Fiscal\u00eda General de Michoac\u00e1n anunci\u00f3 que investiga la muerte de un periodista en la zona centro de la ciudad de Uruapan, inform\u00f3 este mi\u00e9rcoles a trav\u00e9s de un comunicado publicado en su cuenta de X. El documento agrega que Mauricio Cruz Sol\u00eds sufri\u00f3 &#171;una agresi\u00f3n por arma de fuego&#187; y una [&hellip;]","og_url":"https:\/\/noticiasya.com\/2024\/10\/30\/investigan-muerte-periodista-michoacan-orix\/","og_site_name":"Noticias","article_published_time":"2024-10-30T14:03:52+00:00","twitter_card":"summary_large_image","twitter_misc":{"Est. reading time":"1 minuto"},"schema":{"@context":"https:\/\/schema.org","@graph":[{"@type":"Article","@id":"https:\/\/noticiasya.com\/2024\/10\/30\/investigan-muerte-periodista-michoacan-orix\/#article","isPartOf":{"@id":"https:\/\/noticiasya.com\/2024\/10\/30\/investigan-muerte-periodista-michoacan-orix\/"},"author":{"name":"","@id":""},"headline":"Investigan la muerte por disparos de periodista en Michoac\u00e1n","datePublished":"2024-10-30T14:03:52+00:00","mainEntityOfPage":{"@id":"https:\/\/noticiasya.com\/2024\/10\/30\/investigan-muerte-periodista-michoacan-orix\/"},"wordCount":179,"commentCount":0,"publisher":{"@id":"https:\/\/noticiasya.com\/#organization"},"articleSection":["Noticias Nacionales"],"inLanguage":"es","potentialAction":[{"@type":"CommentAction","name":"Comment","target":["https:\/\/noticiasya.com\/2024\/10\/30\/investigan-muerte-periodista-michoacan-orix\/#respond"]}]},{"@type":"WebPage","@id":"https:\/\/noticiasya.com\/2024\/10\/30\/investigan-muerte-periodista-michoacan-orix\/","url":"https:\/\/noticiasya.com\/2024\/10\/30\/investigan-muerte-periodista-michoacan-orix\/","name":"Investigan la muerte por disparos de periodista en Michoac\u00e1n - Noticias","isPartOf":{"@id":"https:\/\/noticiasya.com\/#website"},"datePublished":"2024-10-30T14:03:52+00:00","breadcrumb":{"@id":"https:\/\/noticiasya.com\/2024\/10\/30\/investigan-muerte-periodista-michoacan-orix\/#breadcrumb"},"inLanguage":"es","potentialAction":[{"@type":"ReadAction","target":["https:\/\/noticiasya.com\/2024\/10\/30\/investigan-muerte-periodista-michoacan-orix\/"]}]},{"@type":"BreadcrumbList","@id":"https:\/\/noticiasya.com\/2024\/10\/30\/investigan-muerte-periodista-michoacan-orix\/#breadcrumb","itemListElement":[{"@type":"ListItem","position":1,"name":"Home","item":"https:\/\/noticiasya.com\/"},{"@type":"ListItem","position":2,"name":"Investigan la muerte por disparos de periodista en Michoac\u00e1n"}]},{"@type":"WebSite","@id":"https:\/\/noticiasya.com\/#website","url":"https:\/\/noticiasya.com\/","name":"Noticias","description":"Lo que importa","publisher":{"@id":"https:\/\/noticiasya.com\/#organization"},"potentialAction":[{"@type":"SearchAction","target":{"@type":"EntryPoint","urlTemplate":"https:\/\/noticiasya.com\/?s={search_term_string}"},"query-input":{"@type":"PropertyValueSpecification","valueRequired":true,"valueName":"search_term_string"}}],"inLanguage":"es"},{"@type":"Organization","@id":"https:\/\/noticiasya.com\/#organization","name":"Noticias","url":"https:\/\/noticiasya.com\/","logo":{"@type":"ImageObject","inLanguage":"es","@id":"https:\/\/noticiasya.com\/#\/schema\/logo\/image\/","url":"https:\/\/noticiasya.com\/wp-content\/uploads\/sites\/22\/2023\/12\/logo-nacional.png","contentUrl":"https:\/\/noticiasya.com\/wp-content\/uploads\/sites\/22\/2023\/12\/logo-nacional.png","width":1801,"height":691,"caption":"Noticias"},"image":{"@id":"https:\/\/noticiasya.com\/#\/schema\/logo\/image\/"}}]}},"parsely":{"version":"1.1.0","canonical_url":"https:\/\/noticiasya.com\/midland-odessa\/2024\/10\/30\/investigan-muerte-periodista-michoacan-orix\/","smart_links":{"inbound":0,"outbound":0},"traffic_boost_suggestions_count":0,"meta":{"@context":"https:\/\/schema.org","@type":"NewsArticle","headline":"Investigan la muerte por disparos de periodista en Michoac\u00e1n","url":"http:\/\/noticiasya.com\/midland-odessa\/2024\/10\/30\/investigan-muerte-periodista-michoacan-orix\/","mainEntityOfPage":{"@type":"WebPage","@id":"http:\/\/noticiasya.com\/midland-odessa\/2024\/10\/30\/investigan-muerte-periodista-michoacan-orix\/"},"thumbnailUrl":"","image":{"@type":"ImageObject","url":""},"articleSection":"Noticias Nacionales","author":[],"creator":[],"publisher":{"@type":"Organization","name":"Noticias","logo":""},"keywords":[],"dateCreated":"2024-10-30T14:03:52Z","datePublished":"2024-10-30T14:03:52Z","dateModified":"2024-10-30T14:03:52Z"},"rendered":"<script type=\"application\/ld+json\" class=\"wp-parsely-metadata\">{\"@context\":\"https:\\\/\\\/schema.org\",\"@type\":\"NewsArticle\",\"headline\":\"Investigan la muerte por disparos de periodista en Michoac\\u00e1n\",\"url\":\"http:\\\/\\\/noticiasya.com\\\/midland-odessa\\\/2024\\\/10\\\/30\\\/investigan-muerte-periodista-michoacan-orix\\\/\",\"mainEntityOfPage\":{\"@type\":\"WebPage\",\"@id\":\"http:\\\/\\\/noticiasya.com\\\/midland-odessa\\\/2024\\\/10\\\/30\\\/investigan-muerte-periodista-michoacan-orix\\\/\"},\"thumbnailUrl\":\"\",\"image\":{\"@type\":\"ImageObject\",\"url\":\"\"},\"articleSection\":\"Noticias Nacionales\",\"author\":[],\"creator\":[],\"publisher\":{\"@type\":\"Organization\",\"name\":\"Noticias\",\"logo\":\"\"},\"keywords\":[],\"dateCreated\":\"2024-10-30T14:03:52Z\",\"datePublished\":\"2024-10-30T14:03:52Z\",\"dateModified\":\"2024-10-30T14:03:52Z\"}<\/script>","tracker_url":"https:\/\/cdn.parsely.com\/keys\/noticiasya.com\/p.js"},"jetpack_featured_media_url":"","jetpack-related-posts":[{"id":1468356,"url":"https:\/\/noticiasya.com\/midland-odessa\/2025\/11\/14\/muertos-presuntos-implicados-asesinato-alcalde-uruapan-orix\/","url_meta":{"origin":1455437,"position":0},"title":"Dos j\u00f3venes presuntamente implicados en el asesinato del alcalde de Uruapan fueron hallados muertos, dice gobernador","author":"","date":"noviembre 14, 2025","format":false,"excerpt":"Dos j\u00f3venes que presuntamente estaban involucrados en el asesinato del acalde de Uruapan, Carlos Manzo, fueron encontrados muertos cerca de una carretera del estado de Michoac\u00e1n, dijo el jueves Alfredo Ram\u00edrez Bedolla, gobernador del estado del suroeste de M\u00e9xico.El hallazgo de los cuerpos ocurri\u00f3 el lunes en las inmediaciones de\u2026","rel":"","context":"In &quot;Noticias Nacionales&quot;","block_context":{"text":"Noticias Nacionales","link":"https:\/\/noticiasya.com\/midland-odessa\/categoria\/noticias-nacionales"},"img":{"alt_text":"","src":"","width":0,"height":0},"classes":[]},{"id":1467981,"url":"https:\/\/noticiasya.com\/midland-odessa\/2025\/11\/03\/quien-carlos-manzo-alcalde-uruapan-mexico-orix\/","url_meta":{"origin":1455437,"position":1},"title":"\u00bfQui\u00e9n era Carlos Manzo, el alcalde de Uruapan, M\u00e9xico, que pidi\u00f3 mayor seguridad para el municipio y fue asesinado?","author":"","date":"noviembre 3, 2025","format":false,"excerpt":"Momentos antes de ser atacado con un arma de fuego en una plaza p\u00fablica de Uruapan, el alcalde Carlos Manzo realiz\u00f3 una transmisi\u00f3n en Facebook para invitar a la ciudadan\u00eda a acudir al Festival de las Velas, una festividad local. Manzo, quien muri\u00f3 la noche del s\u00e1bado a ra\u00edz de\u2026","rel":"","context":"In &quot;Noticias Nacionales&quot;","block_context":{"text":"Noticias Nacionales","link":"https:\/\/noticiasya.com\/midland-odessa\/categoria\/noticias-nacionales"},"img":{"alt_text":"","src":"","width":0,"height":0},"classes":[]},{"id":1467958,"url":"https:\/\/noticiasya.com\/midland-odessa\/2025\/11\/02\/matan-carlos-manzo-alcalde-uruapan-michoacan-orix\/","url_meta":{"origin":1455437,"position":2},"title":"Matan a Carlos Manzo, alcalde de Uruapan, un crimen que se suma a la ola de violencia en el estado mexicano de Michoac\u00e1n","author":"","date":"noviembre 2, 2025","format":false,"excerpt":"El alcalde Uruapan, Carlos Manzo, muri\u00f3 este s\u00e1bado tras ser atacado con arma de fuego en el centro de esta ciudad del estado de Michoac\u00e1n, informaron el gabinete de seguridad de M\u00e9xico y el gobernador de Michoac\u00e1n, Alfredo Ram\u00edrez Bedolla.La agresi\u00f3n ocurri\u00f3 por la noche, cuando el funcionario estaba en\u2026","rel":"","context":"In &quot;Noticias Nacionales&quot;","block_context":{"text":"Noticias Nacionales","link":"https:\/\/noticiasya.com\/midland-odessa\/categoria\/noticias-nacionales"},"img":{"alt_text":"","src":"","width":0,"height":0},"classes":[]},{"id":1468091,"url":"https:\/\/noticiasya.com\/midland-odessa\/2025\/11\/06\/identifica-joven-17-anios-presunto-autor-homicidio-alcalde-uruapan-orix\/","url_meta":{"origin":1455437,"position":3},"title":"Fiscal\u00eda de Michoac\u00e1n identifica a un joven de 17 a\u00f1os como el presunto autor del homicidio del alcalde de Uruapan","author":"","date":"noviembre 6, 2025","format":false,"excerpt":"La Fiscal\u00eda de Michoac\u00e1n identific\u00f3 este jueves a un adolescente de 17 a\u00f1os como el presunto autor material del homicidio del alcalde de Uruapan, Carlos Manzo, ocurrido el s\u00e1bado en la noche al t\u00e9rmino de la celebraci\u00f3n local del Festival de las Velas.\u201cLa tarde de ayer mi\u00e9rcoles 5 de noviembre,\u2026","rel":"","context":"In &quot;Noticias Nacionales&quot;","block_context":{"text":"Noticias Nacionales","link":"https:\/\/noticiasya.com\/midland-odessa\/categoria\/noticias-nacionales"},"img":{"alt_text":"","src":"","width":0,"height":0},"classes":[]},{"id":1468027,"url":"https:\/\/noticiasya.com\/midland-odessa\/2025\/11\/04\/eeuu-condena-asesinato-manzo-violencia-michoacan-orix\/","url_meta":{"origin":1455437,"position":4},"title":"EE.UU. condena el asesinato del alcalde de Uruapan, que desat\u00f3 una ola de protestas en Michoac\u00e1n","author":"","date":"noviembre 4, 2025","format":false,"excerpt":"La Casa Blanca conden\u00f3 este martes \u201ctoda forma de violencia pol\u00edtica\u201d tras el asesinato del alcalde de Uruapan, Carlos Manzo, un hecho que ha desatado protestas e indignaci\u00f3n en Michoac\u00e1n, uno de los estados m\u00e1s golpeados por la inseguridad en M\u00e9xico.Karoline Leavitt, secretaria de Prensa de la Casa Blanca, dijo\u2026","rel":"","context":"In &quot;Noticias Nacionales&quot;","block_context":{"text":"Noticias Nacionales","link":"https:\/\/noticiasya.com\/midland-odessa\/categoria\/noticias-nacionales"},"img":{"alt_text":"","src":"","width":0,"height":0},"classes":[]},{"id":1468218,"url":"https:\/\/noticiasya.com\/midland-odessa\/2025\/11\/11\/llegan-militares-plan-michoacan-violencia-mexico-efe\/","url_meta":{"origin":1455437,"position":5},"title":"Comienzan a llegar a Michoac\u00e1n los primeros militares del plan para contener la violencia","author":"","date":"noviembre 11, 2025","format":false,"excerpt":"Un primer grupo de 300 agentes del Ej\u00e9rcito y de la Guardia Nacional de M\u00e9xico lleg\u00f3 este lunes a la XXI Zona Militar, con sede en Morelia, capital del estado de Michoac\u00e1n, como parte del Plan Michoac\u00e1n por la paz y la justicia para contener la violencia y combatir a\u2026","rel":"","context":"In &quot;Noticias Nacionales&quot;","block_context":{"text":"Noticias Nacionales","link":"https:\/\/noticiasya.com\/midland-odessa\/categoria\/noticias-nacionales"},"img":{"alt_text":"","src":"","width":0,"height":0},"classes":[]}],"jetpack_sharing_enabled":true,"_links":{"self":[{"href":"https:\/\/noticiasya.com\/midland-odessa\/wp-json\/wp\/v2\/posts\/1455437","targetHints":{"allow":["GET"]}}],"collection":[{"href":"https:\/\/noticiasya.com\/midland-odessa\/wp-json\/wp\/v2\/posts"}],"about":[{"href":"https:\/\/noticiasya.com\/midland-odessa\/wp-json\/wp\/v2\/types\/post"}],"replies":[{"embeddable":true,"href":"https:\/\/noticiasya.com\/midland-odessa\/wp-json\/wp\/v2\/comments?post=1455437"}],"version-history":[{"count":0,"href":"https:\/\/noticiasya.com\/midland-odessa\/wp-json\/wp\/v2\/posts\/1455437\/revisions"}],"wp:attachment":[{"href":"https:\/\/noticiasya.com\/midland-odessa\/wp-json\/wp\/v2\/media?parent=1455437"}],"wp:term":[{"taxonomy":"category","embeddable":true,"href":"https:\/\/noticiasya.com\/midland-odessa\/wp-json\/wp\/v2\/categories?post=1455437"},{"taxonomy":"post_tag","embeddable":true,"href":"https:\/\/noticiasya.com\/midland-odessa\/wp-json\/wp\/v2\/tags?post=1455437"}],"curies":[{"name":"wp","href":"https:\/\/api.w.org\/{rel}","templated":true}]}}