{"id":1455443,"date":"2024-10-30T14:03:55","date_gmt":"2024-10-30T21:03:55","guid":{"rendered":"https:\/\/noticiasya.com\/2024\/10\/30\/estrella-esqui-alpino-matilde-lorenzi-fallece-trax\/"},"modified":"2024-10-30T14:03:55","modified_gmt":"2024-10-30T21:03:55","slug":"estrella-esqui-alpino-matilde-lorenzi-fallece-trax","status":"publish","type":"post","link":"https:\/\/noticiasya.com\/midland-odessa\/2024\/10\/30\/estrella-esqui-alpino-matilde-lorenzi-fallece-trax\/","title":{"rendered":"La joven estrella del esqu\u00ed alpino Matilde Lorenzi fallece en un accidente durante un entrenamiento"},"content":{"rendered":"<p>(CNN) &#8212; La esquiadora alpina italiana Matilde Lorenzi muri\u00f3 a los 19 a\u00f1os a causa de las heridas sufridas en un accidente durante un entrenamiento, seg\u00fan confirm\u00f3 este martes el Ministerio de Defensa de Italia.<\/p>\n<p>La estrella emergente del esqu\u00ed sufri\u00f3 un grave accidente durante una sesi\u00f3n de entrenamiento en la pista Grawand G1 en Val Senales, Tirol del Sur, Italia, seg\u00fan un comunicado de la Federaci\u00f3n Internacional de Esqu\u00ed y Snowboard (FIS).<\/p>\n<p>Lorenzi, que formaba parte de la secci\u00f3n deportiva del ej\u00e9rcito italiano, el Esercito, fue atendida inmediatamente y trasladada en helic\u00f3ptero al hospital de Bolzano, seg\u00fan Olympics.com, donde falleci\u00f3 posteriormente el martes.<\/p>\n<p>El Ministerio de Defensa italiano confirm\u00f3 la noticia en un comunicado publicado en X en el que expresaba su &#171;m\u00e1s sentido p\u00e9same&#187; y dec\u00eda: &#171;La cabo primero Matilde Lorenzi, atleta del Ej\u00e9rcito y promesa del esqu\u00ed italiano, &#8230; falleci\u00f3 tr\u00e1gicamente tras un grav\u00edsimo accidente durante una sesi\u00f3n de entrenamiento&#187;.<\/p>\n<p>Por su parte, la FIS declar\u00f3: &#171;Estamos profundamente entristecidos por el fallecimiento de Matilde Lorenzi, tal y como ha anunciado el Ministerio de Defensa italiano, que ha transmitido su m\u00e1s sentido p\u00e9same por la joven atleta de 19 a\u00f1os del Ej\u00e9rcito italiano&#187;.<\/p>\n<p>&#171;La FISI (Federaci\u00f3n Italiana de Deportes de Invierno) est\u00e1 de luto, al lado de su familia, de sus amigos y de todos los que apreciaban a Matilde, honrando su memoria hoy y siempre&#187;, a\u00f1adi\u00f3 el organismo rector mundial.<\/p>\n<p>&#171;Siempre la recordar\u00e9 con una sonrisa, con su determinaci\u00f3n y empuje&#187;, declar\u00f3 su hermana mayor Lucrezia Lorenzi, esquiadora de series de la Copa del Mundo, a SkyTG24, afiliada de CNN.<\/p>\n<p>Lucrezia describi\u00f3 a su hermana como una &#171;buena gigante&#187;, que &#171;me apoyar\u00e1 y nos apoyar\u00e1 en estos momentos dif\u00edciles, y seguramente su empuje ser\u00e1 crucial, que ser\u00e1 tan enorme y gigante como lo era ella&#187;.<\/p>\n<p>La menor de las Lorenzi compiti\u00f3 en los Campeonatos del Mundo J\u00fanior de Esqu\u00ed Alpino de la FIS de 2024, terminando sexta en el descenso femenino y octava en super-G, una prueba de esqu\u00ed alpino que combina elementos del eslalon gigante y del descenso.<\/p>\n<p>La joven de 19 a\u00f1os fue campeona italiana j\u00fanior la temporada pasada en la clasificaci\u00f3n general y en super-G, seg\u00fan la p\u00e1gina web de los Juegos Ol\u00edmpicos.<\/p>\n<p>La estrella estadounidense del esqu\u00ed alpino Mikaela Shiffrin fue una de las muchas personas que expresaron su tristeza, volviendo a publicar im\u00e1genes de Lorenzi acompa\u00f1adas de corazones rotos en su cuenta de X.<\/p>\n<p>La primera ministra de Italia, Giorgia Meloni, dijo en X que la muerte &#171;me entristece de verdad. Me uno al dolor de su familia, de sus colegas y de todo el Centro Deportivo del Ej\u00e9rcito&#187;.<\/p>\n<p>The-CNN-Wire<br \/>&trade; &amp; &copy; 2024 Cable News Network, Inc., a Warner Bros. Discovery Company. All rights reserved.<\/p>\n","protected":false},"excerpt":{"rendered":"<p>(CNN) &#8212; La esquiadora alpina italiana Matilde Lorenzi muri\u00f3 a los 19 a\u00f1os a causa de las heridas sufridas en un accidente durante un entrenamiento, seg\u00fan confirm\u00f3 este martes el Ministerio de Defensa de Italia. La estrella emergente del esqu\u00ed sufri\u00f3 un grave accidente durante una sesi\u00f3n de entrenamiento en la pista Grawand G1 en [&hellip;]<\/p>\n","protected":false},"author":0,"featured_media":0,"comment_status":"open","ping_status":"open","sticky":false,"template":"","format":"standard","meta":{"_jetpack_memberships_contains_paid_content":false,"footnotes":""},"categories":[10],"tags":[],"class_list":["post-1455443","post","type-post","status-publish","format-standard","hentry","category-noticias-nacionales","market-global"],"yoast_head":"<!-- This site is optimized with the Yoast SEO plugin v24.4 - https:\/\/yoast.com\/wordpress\/plugins\/seo\/ -->\n<title>La joven estrella del esqu\u00ed alpino Matilde Lorenzi fallece en un accidente durante un entrenamiento - Noticias<\/title>\n<meta name=\"robots\" content=\"index, follow, max-snippet:-1, max-image-preview:large, max-video-preview:-1\" \/>\n<link rel=\"canonical\" href=\"https:\/\/noticiasya.com\/2024\/10\/30\/estrella-esqui-alpino-matilde-lorenzi-fallece-trax\/\" \/>\n<meta property=\"og:locale\" content=\"es_ES\" \/>\n<meta property=\"og:type\" content=\"article\" \/>\n<meta property=\"og:title\" content=\"La joven estrella del esqu\u00ed alpino Matilde Lorenzi fallece en un accidente durante un entrenamiento - Noticias\" \/>\n<meta property=\"og:description\" content=\"(CNN) &#8212; La esquiadora alpina italiana Matilde Lorenzi muri\u00f3 a los 19 a\u00f1os a causa de las heridas sufridas en un accidente durante un entrenamiento, seg\u00fan confirm\u00f3 este martes el Ministerio de Defensa de Italia. La estrella emergente del esqu\u00ed sufri\u00f3 un grave accidente durante una sesi\u00f3n de entrenamiento en la pista Grawand G1 en [&hellip;]\" \/>\n<meta property=\"og:url\" content=\"https:\/\/noticiasya.com\/2024\/10\/30\/estrella-esqui-alpino-matilde-lorenzi-fallece-trax\/\" \/>\n<meta property=\"og:site_name\" content=\"Noticias\" \/>\n<meta property=\"article:published_time\" content=\"2024-10-30T21:03:55+00:00\" \/>\n<meta name=\"twitter:card\" content=\"summary_large_image\" \/>\n<meta name=\"twitter:label1\" content=\"Est. reading time\" \/>\n\t<meta name=\"twitter:data1\" content=\"2 minutos\" \/>\n<script type=\"application\/ld+json\" class=\"yoast-schema-graph\">{\"@context\":\"https:\/\/schema.org\",\"@graph\":[{\"@type\":\"Article\",\"@id\":\"https:\/\/noticiasya.com\/2024\/10\/30\/estrella-esqui-alpino-matilde-lorenzi-fallece-trax\/#article\",\"isPartOf\":{\"@id\":\"https:\/\/noticiasya.com\/2024\/10\/30\/estrella-esqui-alpino-matilde-lorenzi-fallece-trax\/\"},\"author\":{\"name\":\"\",\"@id\":\"\"},\"headline\":\"La joven estrella del esqu\u00ed alpino Matilde Lorenzi fallece en un accidente durante un entrenamiento\",\"datePublished\":\"2024-10-30T21:03:55+00:00\",\"mainEntityOfPage\":{\"@id\":\"https:\/\/noticiasya.com\/2024\/10\/30\/estrella-esqui-alpino-matilde-lorenzi-fallece-trax\/\"},\"wordCount\":498,\"commentCount\":0,\"publisher\":{\"@id\":\"https:\/\/noticiasya.com\/#organization\"},\"articleSection\":[\"Noticias Nacionales\"],\"inLanguage\":\"es\",\"potentialAction\":[{\"@type\":\"CommentAction\",\"name\":\"Comment\",\"target\":[\"https:\/\/noticiasya.com\/2024\/10\/30\/estrella-esqui-alpino-matilde-lorenzi-fallece-trax\/#respond\"]}]},{\"@type\":\"WebPage\",\"@id\":\"https:\/\/noticiasya.com\/2024\/10\/30\/estrella-esqui-alpino-matilde-lorenzi-fallece-trax\/\",\"url\":\"https:\/\/noticiasya.com\/2024\/10\/30\/estrella-esqui-alpino-matilde-lorenzi-fallece-trax\/\",\"name\":\"La joven estrella del esqu\u00ed alpino Matilde Lorenzi fallece en un accidente durante un entrenamiento - Noticias\",\"isPartOf\":{\"@id\":\"https:\/\/noticiasya.com\/#website\"},\"datePublished\":\"2024-10-30T21:03:55+00:00\",\"breadcrumb\":{\"@id\":\"https:\/\/noticiasya.com\/2024\/10\/30\/estrella-esqui-alpino-matilde-lorenzi-fallece-trax\/#breadcrumb\"},\"inLanguage\":\"es\",\"potentialAction\":[{\"@type\":\"ReadAction\",\"target\":[\"https:\/\/noticiasya.com\/2024\/10\/30\/estrella-esqui-alpino-matilde-lorenzi-fallece-trax\/\"]}]},{\"@type\":\"BreadcrumbList\",\"@id\":\"https:\/\/noticiasya.com\/2024\/10\/30\/estrella-esqui-alpino-matilde-lorenzi-fallece-trax\/#breadcrumb\",\"itemListElement\":[{\"@type\":\"ListItem\",\"position\":1,\"name\":\"Home\",\"item\":\"https:\/\/noticiasya.com\/\"},{\"@type\":\"ListItem\",\"position\":2,\"name\":\"La joven estrella del esqu\u00ed alpino Matilde Lorenzi fallece en un accidente durante un entrenamiento\"}]},{\"@type\":\"WebSite\",\"@id\":\"https:\/\/noticiasya.com\/#website\",\"url\":\"https:\/\/noticiasya.com\/\",\"name\":\"Noticias\",\"description\":\"Lo que importa\",\"publisher\":{\"@id\":\"https:\/\/noticiasya.com\/#organization\"},\"potentialAction\":[{\"@type\":\"SearchAction\",\"target\":{\"@type\":\"EntryPoint\",\"urlTemplate\":\"https:\/\/noticiasya.com\/?s={search_term_string}\"},\"query-input\":{\"@type\":\"PropertyValueSpecification\",\"valueRequired\":true,\"valueName\":\"search_term_string\"}}],\"inLanguage\":\"es\"},{\"@type\":\"Organization\",\"@id\":\"https:\/\/noticiasya.com\/#organization\",\"name\":\"Noticias\",\"url\":\"https:\/\/noticiasya.com\/\",\"logo\":{\"@type\":\"ImageObject\",\"inLanguage\":\"es\",\"@id\":\"https:\/\/noticiasya.com\/#\/schema\/logo\/image\/\",\"url\":\"https:\/\/noticiasya.com\/wp-content\/uploads\/sites\/22\/2023\/12\/logo-nacional.png\",\"contentUrl\":\"https:\/\/noticiasya.com\/wp-content\/uploads\/sites\/22\/2023\/12\/logo-nacional.png\",\"width\":1801,\"height\":691,\"caption\":\"Noticias\"},\"image\":{\"@id\":\"https:\/\/noticiasya.com\/#\/schema\/logo\/image\/\"}}]}<\/script>\n<!-- \/ Yoast SEO plugin. -->","yoast_head_json":{"title":"La joven estrella del esqu\u00ed alpino Matilde Lorenzi fallece en un accidente durante un entrenamiento - Noticias","robots":{"index":"index","follow":"follow","max-snippet":"max-snippet:-1","max-image-preview":"max-image-preview:large","max-video-preview":"max-video-preview:-1"},"canonical":"https:\/\/noticiasya.com\/2024\/10\/30\/estrella-esqui-alpino-matilde-lorenzi-fallece-trax\/","og_locale":"es_ES","og_type":"article","og_title":"La joven estrella del esqu\u00ed alpino Matilde Lorenzi fallece en un accidente durante un entrenamiento - Noticias","og_description":"(CNN) &#8212; La esquiadora alpina italiana Matilde Lorenzi muri\u00f3 a los 19 a\u00f1os a causa de las heridas sufridas en un accidente durante un entrenamiento, seg\u00fan confirm\u00f3 este martes el Ministerio de Defensa de Italia. La estrella emergente del esqu\u00ed sufri\u00f3 un grave accidente durante una sesi\u00f3n de entrenamiento en la pista Grawand G1 en [&hellip;]","og_url":"https:\/\/noticiasya.com\/2024\/10\/30\/estrella-esqui-alpino-matilde-lorenzi-fallece-trax\/","og_site_name":"Noticias","article_published_time":"2024-10-30T21:03:55+00:00","twitter_card":"summary_large_image","twitter_misc":{"Est. reading time":"2 minutos"},"schema":{"@context":"https:\/\/schema.org","@graph":[{"@type":"Article","@id":"https:\/\/noticiasya.com\/2024\/10\/30\/estrella-esqui-alpino-matilde-lorenzi-fallece-trax\/#article","isPartOf":{"@id":"https:\/\/noticiasya.com\/2024\/10\/30\/estrella-esqui-alpino-matilde-lorenzi-fallece-trax\/"},"author":{"name":"","@id":""},"headline":"La joven estrella del esqu\u00ed alpino Matilde Lorenzi fallece en un accidente durante un entrenamiento","datePublished":"2024-10-30T21:03:55+00:00","mainEntityOfPage":{"@id":"https:\/\/noticiasya.com\/2024\/10\/30\/estrella-esqui-alpino-matilde-lorenzi-fallece-trax\/"},"wordCount":498,"commentCount":0,"publisher":{"@id":"https:\/\/noticiasya.com\/#organization"},"articleSection":["Noticias Nacionales"],"inLanguage":"es","potentialAction":[{"@type":"CommentAction","name":"Comment","target":["https:\/\/noticiasya.com\/2024\/10\/30\/estrella-esqui-alpino-matilde-lorenzi-fallece-trax\/#respond"]}]},{"@type":"WebPage","@id":"https:\/\/noticiasya.com\/2024\/10\/30\/estrella-esqui-alpino-matilde-lorenzi-fallece-trax\/","url":"https:\/\/noticiasya.com\/2024\/10\/30\/estrella-esqui-alpino-matilde-lorenzi-fallece-trax\/","name":"La joven estrella del esqu\u00ed alpino Matilde Lorenzi fallece en un accidente durante un entrenamiento - Noticias","isPartOf":{"@id":"https:\/\/noticiasya.com\/#website"},"datePublished":"2024-10-30T21:03:55+00:00","breadcrumb":{"@id":"https:\/\/noticiasya.com\/2024\/10\/30\/estrella-esqui-alpino-matilde-lorenzi-fallece-trax\/#breadcrumb"},"inLanguage":"es","potentialAction":[{"@type":"ReadAction","target":["https:\/\/noticiasya.com\/2024\/10\/30\/estrella-esqui-alpino-matilde-lorenzi-fallece-trax\/"]}]},{"@type":"BreadcrumbList","@id":"https:\/\/noticiasya.com\/2024\/10\/30\/estrella-esqui-alpino-matilde-lorenzi-fallece-trax\/#breadcrumb","itemListElement":[{"@type":"ListItem","position":1,"name":"Home","item":"https:\/\/noticiasya.com\/"},{"@type":"ListItem","position":2,"name":"La joven estrella del esqu\u00ed alpino Matilde Lorenzi fallece en un accidente durante un entrenamiento"}]},{"@type":"WebSite","@id":"https:\/\/noticiasya.com\/#website","url":"https:\/\/noticiasya.com\/","name":"Noticias","description":"Lo que importa","publisher":{"@id":"https:\/\/noticiasya.com\/#organization"},"potentialAction":[{"@type":"SearchAction","target":{"@type":"EntryPoint","urlTemplate":"https:\/\/noticiasya.com\/?s={search_term_string}"},"query-input":{"@type":"PropertyValueSpecification","valueRequired":true,"valueName":"search_term_string"}}],"inLanguage":"es"},{"@type":"Organization","@id":"https:\/\/noticiasya.com\/#organization","name":"Noticias","url":"https:\/\/noticiasya.com\/","logo":{"@type":"ImageObject","inLanguage":"es","@id":"https:\/\/noticiasya.com\/#\/schema\/logo\/image\/","url":"https:\/\/noticiasya.com\/wp-content\/uploads\/sites\/22\/2023\/12\/logo-nacional.png","contentUrl":"https:\/\/noticiasya.com\/wp-content\/uploads\/sites\/22\/2023\/12\/logo-nacional.png","width":1801,"height":691,"caption":"Noticias"},"image":{"@id":"https:\/\/noticiasya.com\/#\/schema\/logo\/image\/"}}]}},"parsely":{"version":"1.1.0","canonical_url":"https:\/\/noticiasya.com\/midland-odessa\/2024\/10\/30\/estrella-esqui-alpino-matilde-lorenzi-fallece-trax\/","smart_links":{"inbound":0,"outbound":0},"traffic_boost_suggestions_count":0,"meta":{"@context":"https:\/\/schema.org","@type":"NewsArticle","headline":"La joven estrella del esqu\u00ed alpino Matilde Lorenzi fallece en un accidente durante un entrenamiento","url":"http:\/\/noticiasya.com\/midland-odessa\/2024\/10\/30\/estrella-esqui-alpino-matilde-lorenzi-fallece-trax\/","mainEntityOfPage":{"@type":"WebPage","@id":"http:\/\/noticiasya.com\/midland-odessa\/2024\/10\/30\/estrella-esqui-alpino-matilde-lorenzi-fallece-trax\/"},"thumbnailUrl":"","image":{"@type":"ImageObject","url":""},"articleSection":"Noticias Nacionales","author":[],"creator":[],"publisher":{"@type":"Organization","name":"Noticias","logo":""},"keywords":[],"dateCreated":"2024-10-30T21:03:55Z","datePublished":"2024-10-30T21:03:55Z","dateModified":"2024-10-30T21:03:55Z"},"rendered":"<script type=\"application\/ld+json\" class=\"wp-parsely-metadata\">{\"@context\":\"https:\\\/\\\/schema.org\",\"@type\":\"NewsArticle\",\"headline\":\"La joven estrella del esqu\\u00ed alpino Matilde Lorenzi fallece en un accidente durante un entrenamiento\",\"url\":\"http:\\\/\\\/noticiasya.com\\\/midland-odessa\\\/2024\\\/10\\\/30\\\/estrella-esqui-alpino-matilde-lorenzi-fallece-trax\\\/\",\"mainEntityOfPage\":{\"@type\":\"WebPage\",\"@id\":\"http:\\\/\\\/noticiasya.com\\\/midland-odessa\\\/2024\\\/10\\\/30\\\/estrella-esqui-alpino-matilde-lorenzi-fallece-trax\\\/\"},\"thumbnailUrl\":\"\",\"image\":{\"@type\":\"ImageObject\",\"url\":\"\"},\"articleSection\":\"Noticias Nacionales\",\"author\":[],\"creator\":[],\"publisher\":{\"@type\":\"Organization\",\"name\":\"Noticias\",\"logo\":\"\"},\"keywords\":[],\"dateCreated\":\"2024-10-30T21:03:55Z\",\"datePublished\":\"2024-10-30T21:03:55Z\",\"dateModified\":\"2024-10-30T21:03:55Z\"}<\/script>","tracker_url":"https:\/\/cdn.parsely.com\/keys\/noticiasya.com\/p.js"},"jetpack_featured_media_url":"","jetpack-related-posts":[{"id":1450074,"url":"https:\/\/noticiasya.com\/midland-odessa\/2024\/06\/05\/esquiador-italiano-muere-accidente-montana-trax\/","url_meta":{"origin":1455443,"position":0},"title":"Muere pareja italiana de esquiadores expertos tras caer 700 metros de una monta\u00f1a; rescatistas hallaron sus cuerpos juntos","author":"","date":"junio 5, 2024","format":false,"excerpt":"(CNN) -- El esquiador de velocidad italiano Jean Daniel Pession y su novia, Elisa Arlian, fallecieron en un accidente de monta\u00f1a en el noroeste de Italia, confirm\u00f3 la Federaci\u00f3n Italiana de Deportes de Invierno (FISI).\"Una terrible tragedia azot\u00f3 al mundo de los deportes de invierno y al esqu\u00ed de velocidad\u2026","rel":"","context":"In &quot;Noticias Nacionales&quot;","block_context":{"text":"Noticias Nacionales","link":"https:\/\/noticiasya.com\/midland-odessa\/categoria\/noticias-nacionales"},"img":{"alt_text":"","src":"","width":0,"height":0},"classes":[]},{"id":1444691,"url":"https:\/\/noticiasya.com\/midland-odessa\/2024\/01\/31\/un-caza-f-16-estadounidense-se-estrella-frente-a-corea-del-sur-es-la-tercera-perdida-de-un-avion-con-base-en-corea-en-un-ano\/","url_meta":{"origin":1455443,"position":1},"title":"Un caza F-16 estadounidense se estrella frente a Corea del Sur; es la tercera p\u00e9rdida de un avi\u00f3n con base en Corea en un a\u00f1o","author":"","date":"enero 31, 2024","format":false,"excerpt":"Se\u00fal, Corea del Sur (CNN) -- Un avi\u00f3n de combate F-16 de la Fuerza A\u00e9rea de Estados Unidos se estrell\u00f3 despu\u00e9s de sufrir una emergencia en vuelo frente a la costa de Corea del Sur este mi\u00e9rcoles; es el tercer accidente de uno de los aviones de guerra del ej\u00e9rcito\u2026","rel":"","context":"In &quot;Noticias Nacionales&quot;","block_context":{"text":"Noticias Nacionales","link":"https:\/\/noticiasya.com\/midland-odessa\/categoria\/noticias-nacionales"},"img":{"alt_text":"","src":"","width":0,"height":0},"classes":[]},{"id":1456049,"url":"https:\/\/noticiasya.com\/midland-odessa\/2024\/11\/23\/dos-muertos-herido-estrellarse-avion-patrulla-aerea-civil-ejercicio-entrenamiento-colorado-trax\/","url_meta":{"origin":1455443,"position":2},"title":"Dos muertos y un herido al estrellarse un avi\u00f3n de la Patrulla A\u00e9rea Civil durante un ejercicio de entrenamiento en Colorado","author":"","date":"noviembre 23, 2024","format":false,"excerpt":"(CNN) -- Un avi\u00f3n de la Patrulla A\u00e9rea Civil se estrell\u00f3 durante un ejercicio de entrenamiento en el norte de Colorado este s\u00e1bado, provocando la muerte de dos personas y un herido, dijeron las autoridades.El avi\u00f3n Cessna 182 se precipit\u00f3 a tierra en el condado de Larimer, Colorado, mientras participaba\u2026","rel":"","context":"In &quot;Noticias Nacionales&quot;","block_context":{"text":"Noticias Nacionales","link":"https:\/\/noticiasya.com\/midland-odessa\/categoria\/noticias-nacionales"},"img":{"alt_text":"","src":"","width":0,"height":0},"classes":[]},{"id":1469704,"url":"https:\/\/noticiasya.com\/midland-odessa\/2026\/01\/01\/40-muertos-incendio-fiesta-ano-nuevo-centro-esqui-suiza-trax\/","url_meta":{"origin":1455443,"position":3},"title":"Alrededor de 40 muertos en un incendio en una fiesta de A\u00f1o Nuevo en una estaci\u00f3n de esqu\u00ed suiza, seg\u00fan la Polic\u00eda","author":"","date":"enero 1, 2026","format":false,"excerpt":"Aproximadamente 40 personas murieron en un gran incendio que se produjo en un bar en la estaci\u00f3n de esqu\u00ed de Crans-Montana, Suiza, inform\u00f3 el Ministerio de Asuntos Exteriores de Italia, citando a la polic\u00eda suiza.El Ministerio de Asuntos Exteriores a\u00f1adi\u00f3 en un comunicado que las v\u00edctimas no pudieron ser identificadas\u2026","rel":"","context":"In &quot;Noticias Nacionales&quot;","block_context":{"text":"Noticias Nacionales","link":"https:\/\/noticiasya.com\/midland-odessa\/categoria\/noticias-nacionales"},"img":{"alt_text":"","src":"","width":0,"height":0},"classes":[]},{"id":1464998,"url":"https:\/\/noticiasya.com\/midland-odessa\/2025\/07\/31\/f-35-marina-california-piloto-eyecta-trax\/","url_meta":{"origin":1455443,"position":4},"title":"Un F-35 de la Marina de EE.UU. se estrell\u00f3 en California: el piloto pudo eyectarse","author":"","date":"julio 31, 2025","format":false,"excerpt":"Un avi\u00f3n de combate F-35 de la Marina de Estados Unidos se estrell\u00f3 el mi\u00e9rcoles en el centro de California, cerca de la Estaci\u00f3n A\u00e9rea Naval Lemoore, seg\u00fan un comunicado de prensa de la Marina.El piloto se eyect\u00f3 sano y salvo y la causa del accidente, que ocurri\u00f3 alrededor de\u2026","rel":"","context":"In &quot;Noticias Nacionales&quot;","block_context":{"text":"Noticias Nacionales","link":"https:\/\/noticiasya.com\/midland-odessa\/categoria\/noticias-nacionales"},"img":{"alt_text":"","src":"","width":0,"height":0},"classes":[]},{"id":1457994,"url":"https:\/\/noticiasya.com\/midland-odessa\/2025\/01\/29\/el-piloto-a-salvo-accidente-avion-de-combate-f-35-trax\/","url_meta":{"origin":1455443,"position":5},"title":"Piloto sale ileso tras accidente de avi\u00f3n de combate F-35 visto en un dram\u00e1tico video","author":"","date":"enero 29, 2025","format":false,"excerpt":"Un piloto de la Fuerza A\u00e9rea de Estados Unidos escap\u00f3 sano y salvo despu\u00e9s de que un avi\u00f3n de combate F-35 se estrell\u00f3 durante una misi\u00f3n de entrenamiento en la Base de la Fuerza A\u00e9rea Eielson en Alaska este martes, dijeron las autoridades.El piloto sufri\u00f3 una \u201cfalla durante el vuelo\u201d,\u2026","rel":"","context":"In &quot;Noticias Nacionales&quot;","block_context":{"text":"Noticias Nacionales","link":"https:\/\/noticiasya.com\/midland-odessa\/categoria\/noticias-nacionales"},"img":{"alt_text":"","src":"","width":0,"height":0},"classes":[]}],"jetpack_sharing_enabled":true,"_links":{"self":[{"href":"https:\/\/noticiasya.com\/midland-odessa\/wp-json\/wp\/v2\/posts\/1455443","targetHints":{"allow":["GET"]}}],"collection":[{"href":"https:\/\/noticiasya.com\/midland-odessa\/wp-json\/wp\/v2\/posts"}],"about":[{"href":"https:\/\/noticiasya.com\/midland-odessa\/wp-json\/wp\/v2\/types\/post"}],"replies":[{"embeddable":true,"href":"https:\/\/noticiasya.com\/midland-odessa\/wp-json\/wp\/v2\/comments?post=1455443"}],"version-history":[{"count":0,"href":"https:\/\/noticiasya.com\/midland-odessa\/wp-json\/wp\/v2\/posts\/1455443\/revisions"}],"wp:attachment":[{"href":"https:\/\/noticiasya.com\/midland-odessa\/wp-json\/wp\/v2\/media?parent=1455443"}],"wp:term":[{"taxonomy":"category","embeddable":true,"href":"https:\/\/noticiasya.com\/midland-odessa\/wp-json\/wp\/v2\/categories?post=1455443"},{"taxonomy":"post_tag","embeddable":true,"href":"https:\/\/noticiasya.com\/midland-odessa\/wp-json\/wp\/v2\/tags?post=1455443"}],"curies":[{"name":"wp","href":"https:\/\/api.w.org\/{rel}","templated":true}]}}