{"id":1455447,"date":"2024-10-30T17:03:41","date_gmt":"2024-10-31T00:03:41","guid":{"rendered":"https:\/\/noticiasya.com\/2024\/10\/30\/gobierno-bolivia-acusa-evo-morales-utilizar-armas-fuego-atentado-orix\/"},"modified":"2024-10-30T17:03:41","modified_gmt":"2024-10-31T00:03:41","slug":"gobierno-bolivia-acusa-evo-morales-utilizar-armas-fuego-atentado-orix","status":"publish","type":"post","link":"https:\/\/noticiasya.com\/midland-odessa\/2024\/10\/30\/gobierno-bolivia-acusa-evo-morales-utilizar-armas-fuego-atentado-orix\/","title":{"rendered":"Gobierno de Bolivia acusa a Evo Morales de portar y utilizar armas de fuego contra la polic\u00eda durante presunto atentado"},"content":{"rendered":"<p>(CNN Espa\u00f1ol) &#8212; Luego de la denuncia del expresidente Evo Morales, quien acus\u00f3 al Gobierno de Luis Arce de planificar un presunto atentado en su contra, el ministro de Gobierno de Bolivia, Eduardo Del Castillo, insisti\u00f3 este mi\u00e9rcoles en que Morales utiliz\u00f3 armas de fuego contra la polic\u00eda para evadir un control antinarc\u00f3ticos.<\/p>\n<p>Durante una conferencia de prensa, Del Castillo pidi\u00f3 a Morales que \u201cdeje de mentir\u201d y reconozca que, seg\u00fan el funcionario, tiene al menos dos escopetas que ha registrado ante el Registro de Armas de Fuego y Municiones de Uso Civil en Bolivia (REAFUC). \u201c\u00bfQu\u00e9 otras armas de fuego ha utilizado en contra de la vida y la integridad de los efectivos del orden cuando les dispar\u00f3 el pasado domingo?\u201d, dijo.<\/p>\n<p>Gobierno de Bolivia acusa a Evo Morales de fabricar un intento de magnicidio; Morales responde que quieren convertir \u201ca la v\u00edctima en victimario\u201d<\/p>\n<p>El domingo pasado, Morales denunci\u00f3 que el veh\u00edculo que lo trasladaba hacia la radioemisora donde conduce su programa los fines de semana recibi\u00f3 al menos 14 disparos por parte de desconocidos, y que su chofer result\u00f3 herido. El exmandatario acus\u00f3 al Gobierno de Luis Arce de estar detr\u00e1s de este supuesto atentado, lo que fue rechazado por las autoridades, quienes afirman que Morales planific\u00f3 un falso intento de magnicidio y que desde su veh\u00edculo le dispararon a agentes policiales.<\/p>\n<p>Del Castillo dijo este mi\u00e9rcoles que Morales debe dejar de \u201cvictimizarse\u201d y presentarse ante la Justicia.<\/p>\n<p>Durante la rueda de prensa, el ministro mostr\u00f3 documentos y registros del expresidente, que supuestamente indican que Morales pidi\u00f3 el permiso para portar las armas en 2021.<\/p>\n<p>Por su parte, Morales asegur\u00f3 el martes en entrevista con CNN que nadie en su veh\u00edculo llevaba ning\u00fan tipo de armamento e insisti\u00f3 haber sido v\u00edctima de una emboscada. \u201cEra orden de eliminaci\u00f3n a Evo, porque tantas balas, tantos disparos, eso a m\u00ed me sorprendi\u00f3\u201d, asever\u00f3.<\/p>\n<p>Los hechos del domingo forman parte de las confrontaciones entre Morales y el presidente Luis Arce.<\/p>\n<p>Evo Morales reitera que hubo un intento de magnicidio en su contra y acusa al Gobierno de Bolivia de fabricar una mentira<\/p>\n<p>Morales enfrenta una investigaci\u00f3n de la Fiscal\u00eda por presunta trata y tr\u00e1fico de personas. El expresidente niega toda relaci\u00f3n con esos hechos y afirma ser v\u00edctima de persecuci\u00f3n pol\u00edtica. En tanto, Del Castillo dijo este mi\u00e9rcoles que Morales debe rendir cuentas por los delitos de los que se le acusa.<\/p>\n<p>CNN contact\u00f3 a los encargados de prensa de Morales para obtener una reacci\u00f3n a estas \u00faltimas declaraciones de Del Castillo, pero a\u00fan no se ha obtenido una respuesta.<\/p>\n<p>\u201cNo vamos a descartar ninguna posibilidad para poder recobrar el Estado en nuestro pa\u00eds, para poder liberar al departamento de Cochabamba del secuestro de Evo Morales y todos sus fan\u00e1ticos\u201d, concluy\u00f3 Del Castillo.<\/p>\n<p>El ministro se refer\u00eda a los bloqueos que los simpatizantes de Morales realizan desde hace m\u00e1s de dos semanas en varios puntos de Bolivia para protestar contra las investigaciones judiciales contra el expresidente.<\/p>\n<p>The-CNN-Wire<br \/>&trade; &amp; &copy; 2024 Cable News Network, Inc., a Warner Bros. Discovery Company. All rights reserved.<\/p>\n","protected":false},"excerpt":{"rendered":"<p>(CNN Espa\u00f1ol) &#8212; Luego de la denuncia del expresidente Evo Morales, quien acus\u00f3 al Gobierno de Luis Arce de planificar un presunto atentado en su contra, el ministro de Gobierno de Bolivia, Eduardo Del Castillo, insisti\u00f3 este mi\u00e9rcoles en que Morales utiliz\u00f3 armas de fuego contra la polic\u00eda para evadir un control antinarc\u00f3ticos. Durante una [&hellip;]<\/p>\n","protected":false},"author":0,"featured_media":0,"comment_status":"open","ping_status":"open","sticky":false,"template":"","format":"standard","meta":{"_jetpack_memberships_contains_paid_content":false,"footnotes":""},"categories":[10],"tags":[],"class_list":["post-1455447","post","type-post","status-publish","format-standard","hentry","category-noticias-nacionales","market-global"],"yoast_head":"<!-- This site is optimized with the Yoast SEO plugin v24.4 - https:\/\/yoast.com\/wordpress\/plugins\/seo\/ -->\n<title>Gobierno de Bolivia acusa a Evo Morales de portar y utilizar armas de fuego contra la polic\u00eda durante presunto atentado - Noticias<\/title>\n<meta name=\"robots\" content=\"index, follow, max-snippet:-1, max-image-preview:large, max-video-preview:-1\" \/>\n<link rel=\"canonical\" href=\"https:\/\/noticiasya.com\/2024\/10\/30\/gobierno-bolivia-acusa-evo-morales-utilizar-armas-fuego-atentado-orix\/\" \/>\n<meta property=\"og:locale\" content=\"es_ES\" \/>\n<meta property=\"og:type\" content=\"article\" \/>\n<meta property=\"og:title\" content=\"Gobierno de Bolivia acusa a Evo Morales de portar y utilizar armas de fuego contra la polic\u00eda durante presunto atentado - Noticias\" \/>\n<meta property=\"og:description\" content=\"(CNN Espa\u00f1ol) &#8212; Luego de la denuncia del expresidente Evo Morales, quien acus\u00f3 al Gobierno de Luis Arce de planificar un presunto atentado en su contra, el ministro de Gobierno de Bolivia, Eduardo Del Castillo, insisti\u00f3 este mi\u00e9rcoles en que Morales utiliz\u00f3 armas de fuego contra la polic\u00eda para evadir un control antinarc\u00f3ticos. Durante una [&hellip;]\" \/>\n<meta property=\"og:url\" content=\"https:\/\/noticiasya.com\/2024\/10\/30\/gobierno-bolivia-acusa-evo-morales-utilizar-armas-fuego-atentado-orix\/\" \/>\n<meta property=\"og:site_name\" content=\"Noticias\" \/>\n<meta property=\"article:published_time\" content=\"2024-10-31T00:03:41+00:00\" \/>\n<meta name=\"twitter:card\" content=\"summary_large_image\" \/>\n<meta name=\"twitter:label1\" content=\"Est. reading time\" \/>\n\t<meta name=\"twitter:data1\" content=\"3 minutos\" \/>\n<script type=\"application\/ld+json\" class=\"yoast-schema-graph\">{\"@context\":\"https:\/\/schema.org\",\"@graph\":[{\"@type\":\"Article\",\"@id\":\"https:\/\/noticiasya.com\/2024\/10\/30\/gobierno-bolivia-acusa-evo-morales-utilizar-armas-fuego-atentado-orix\/#article\",\"isPartOf\":{\"@id\":\"https:\/\/noticiasya.com\/2024\/10\/30\/gobierno-bolivia-acusa-evo-morales-utilizar-armas-fuego-atentado-orix\/\"},\"author\":{\"name\":\"\",\"@id\":\"\"},\"headline\":\"Gobierno de Bolivia acusa a Evo Morales de portar y utilizar armas de fuego contra la polic\u00eda durante presunto atentado\",\"datePublished\":\"2024-10-31T00:03:41+00:00\",\"mainEntityOfPage\":{\"@id\":\"https:\/\/noticiasya.com\/2024\/10\/30\/gobierno-bolivia-acusa-evo-morales-utilizar-armas-fuego-atentado-orix\/\"},\"wordCount\":559,\"commentCount\":0,\"publisher\":{\"@id\":\"https:\/\/noticiasya.com\/#organization\"},\"articleSection\":[\"Noticias Nacionales\"],\"inLanguage\":\"es\",\"potentialAction\":[{\"@type\":\"CommentAction\",\"name\":\"Comment\",\"target\":[\"https:\/\/noticiasya.com\/2024\/10\/30\/gobierno-bolivia-acusa-evo-morales-utilizar-armas-fuego-atentado-orix\/#respond\"]}]},{\"@type\":\"WebPage\",\"@id\":\"https:\/\/noticiasya.com\/2024\/10\/30\/gobierno-bolivia-acusa-evo-morales-utilizar-armas-fuego-atentado-orix\/\",\"url\":\"https:\/\/noticiasya.com\/2024\/10\/30\/gobierno-bolivia-acusa-evo-morales-utilizar-armas-fuego-atentado-orix\/\",\"name\":\"Gobierno de Bolivia acusa a Evo Morales de portar y utilizar armas de fuego contra la polic\u00eda durante presunto atentado - Noticias\",\"isPartOf\":{\"@id\":\"https:\/\/noticiasya.com\/#website\"},\"datePublished\":\"2024-10-31T00:03:41+00:00\",\"breadcrumb\":{\"@id\":\"https:\/\/noticiasya.com\/2024\/10\/30\/gobierno-bolivia-acusa-evo-morales-utilizar-armas-fuego-atentado-orix\/#breadcrumb\"},\"inLanguage\":\"es\",\"potentialAction\":[{\"@type\":\"ReadAction\",\"target\":[\"https:\/\/noticiasya.com\/2024\/10\/30\/gobierno-bolivia-acusa-evo-morales-utilizar-armas-fuego-atentado-orix\/\"]}]},{\"@type\":\"BreadcrumbList\",\"@id\":\"https:\/\/noticiasya.com\/2024\/10\/30\/gobierno-bolivia-acusa-evo-morales-utilizar-armas-fuego-atentado-orix\/#breadcrumb\",\"itemListElement\":[{\"@type\":\"ListItem\",\"position\":1,\"name\":\"Home\",\"item\":\"https:\/\/noticiasya.com\/\"},{\"@type\":\"ListItem\",\"position\":2,\"name\":\"Gobierno de Bolivia acusa a Evo Morales de portar y utilizar armas de fuego contra la polic\u00eda durante presunto atentado\"}]},{\"@type\":\"WebSite\",\"@id\":\"https:\/\/noticiasya.com\/#website\",\"url\":\"https:\/\/noticiasya.com\/\",\"name\":\"Noticias\",\"description\":\"Lo que importa\",\"publisher\":{\"@id\":\"https:\/\/noticiasya.com\/#organization\"},\"potentialAction\":[{\"@type\":\"SearchAction\",\"target\":{\"@type\":\"EntryPoint\",\"urlTemplate\":\"https:\/\/noticiasya.com\/?s={search_term_string}\"},\"query-input\":{\"@type\":\"PropertyValueSpecification\",\"valueRequired\":true,\"valueName\":\"search_term_string\"}}],\"inLanguage\":\"es\"},{\"@type\":\"Organization\",\"@id\":\"https:\/\/noticiasya.com\/#organization\",\"name\":\"Noticias\",\"url\":\"https:\/\/noticiasya.com\/\",\"logo\":{\"@type\":\"ImageObject\",\"inLanguage\":\"es\",\"@id\":\"https:\/\/noticiasya.com\/#\/schema\/logo\/image\/\",\"url\":\"https:\/\/noticiasya.com\/wp-content\/uploads\/sites\/22\/2023\/12\/logo-nacional.png\",\"contentUrl\":\"https:\/\/noticiasya.com\/wp-content\/uploads\/sites\/22\/2023\/12\/logo-nacional.png\",\"width\":1801,\"height\":691,\"caption\":\"Noticias\"},\"image\":{\"@id\":\"https:\/\/noticiasya.com\/#\/schema\/logo\/image\/\"}}]}<\/script>\n<!-- \/ Yoast SEO plugin. -->","yoast_head_json":{"title":"Gobierno de Bolivia acusa a Evo Morales de portar y utilizar armas de fuego contra la polic\u00eda durante presunto atentado - Noticias","robots":{"index":"index","follow":"follow","max-snippet":"max-snippet:-1","max-image-preview":"max-image-preview:large","max-video-preview":"max-video-preview:-1"},"canonical":"https:\/\/noticiasya.com\/2024\/10\/30\/gobierno-bolivia-acusa-evo-morales-utilizar-armas-fuego-atentado-orix\/","og_locale":"es_ES","og_type":"article","og_title":"Gobierno de Bolivia acusa a Evo Morales de portar y utilizar armas de fuego contra la polic\u00eda durante presunto atentado - Noticias","og_description":"(CNN Espa\u00f1ol) &#8212; Luego de la denuncia del expresidente Evo Morales, quien acus\u00f3 al Gobierno de Luis Arce de planificar un presunto atentado en su contra, el ministro de Gobierno de Bolivia, Eduardo Del Castillo, insisti\u00f3 este mi\u00e9rcoles en que Morales utiliz\u00f3 armas de fuego contra la polic\u00eda para evadir un control antinarc\u00f3ticos. Durante una [&hellip;]","og_url":"https:\/\/noticiasya.com\/2024\/10\/30\/gobierno-bolivia-acusa-evo-morales-utilizar-armas-fuego-atentado-orix\/","og_site_name":"Noticias","article_published_time":"2024-10-31T00:03:41+00:00","twitter_card":"summary_large_image","twitter_misc":{"Est. reading time":"3 minutos"},"schema":{"@context":"https:\/\/schema.org","@graph":[{"@type":"Article","@id":"https:\/\/noticiasya.com\/2024\/10\/30\/gobierno-bolivia-acusa-evo-morales-utilizar-armas-fuego-atentado-orix\/#article","isPartOf":{"@id":"https:\/\/noticiasya.com\/2024\/10\/30\/gobierno-bolivia-acusa-evo-morales-utilizar-armas-fuego-atentado-orix\/"},"author":{"name":"","@id":""},"headline":"Gobierno de Bolivia acusa a Evo Morales de portar y utilizar armas de fuego contra la polic\u00eda durante presunto atentado","datePublished":"2024-10-31T00:03:41+00:00","mainEntityOfPage":{"@id":"https:\/\/noticiasya.com\/2024\/10\/30\/gobierno-bolivia-acusa-evo-morales-utilizar-armas-fuego-atentado-orix\/"},"wordCount":559,"commentCount":0,"publisher":{"@id":"https:\/\/noticiasya.com\/#organization"},"articleSection":["Noticias Nacionales"],"inLanguage":"es","potentialAction":[{"@type":"CommentAction","name":"Comment","target":["https:\/\/noticiasya.com\/2024\/10\/30\/gobierno-bolivia-acusa-evo-morales-utilizar-armas-fuego-atentado-orix\/#respond"]}]},{"@type":"WebPage","@id":"https:\/\/noticiasya.com\/2024\/10\/30\/gobierno-bolivia-acusa-evo-morales-utilizar-armas-fuego-atentado-orix\/","url":"https:\/\/noticiasya.com\/2024\/10\/30\/gobierno-bolivia-acusa-evo-morales-utilizar-armas-fuego-atentado-orix\/","name":"Gobierno de Bolivia acusa a Evo Morales de portar y utilizar armas de fuego contra la polic\u00eda durante presunto atentado - Noticias","isPartOf":{"@id":"https:\/\/noticiasya.com\/#website"},"datePublished":"2024-10-31T00:03:41+00:00","breadcrumb":{"@id":"https:\/\/noticiasya.com\/2024\/10\/30\/gobierno-bolivia-acusa-evo-morales-utilizar-armas-fuego-atentado-orix\/#breadcrumb"},"inLanguage":"es","potentialAction":[{"@type":"ReadAction","target":["https:\/\/noticiasya.com\/2024\/10\/30\/gobierno-bolivia-acusa-evo-morales-utilizar-armas-fuego-atentado-orix\/"]}]},{"@type":"BreadcrumbList","@id":"https:\/\/noticiasya.com\/2024\/10\/30\/gobierno-bolivia-acusa-evo-morales-utilizar-armas-fuego-atentado-orix\/#breadcrumb","itemListElement":[{"@type":"ListItem","position":1,"name":"Home","item":"https:\/\/noticiasya.com\/"},{"@type":"ListItem","position":2,"name":"Gobierno de Bolivia acusa a Evo Morales de portar y utilizar armas de fuego contra la polic\u00eda durante presunto atentado"}]},{"@type":"WebSite","@id":"https:\/\/noticiasya.com\/#website","url":"https:\/\/noticiasya.com\/","name":"Noticias","description":"Lo que importa","publisher":{"@id":"https:\/\/noticiasya.com\/#organization"},"potentialAction":[{"@type":"SearchAction","target":{"@type":"EntryPoint","urlTemplate":"https:\/\/noticiasya.com\/?s={search_term_string}"},"query-input":{"@type":"PropertyValueSpecification","valueRequired":true,"valueName":"search_term_string"}}],"inLanguage":"es"},{"@type":"Organization","@id":"https:\/\/noticiasya.com\/#organization","name":"Noticias","url":"https:\/\/noticiasya.com\/","logo":{"@type":"ImageObject","inLanguage":"es","@id":"https:\/\/noticiasya.com\/#\/schema\/logo\/image\/","url":"https:\/\/noticiasya.com\/wp-content\/uploads\/sites\/22\/2023\/12\/logo-nacional.png","contentUrl":"https:\/\/noticiasya.com\/wp-content\/uploads\/sites\/22\/2023\/12\/logo-nacional.png","width":1801,"height":691,"caption":"Noticias"},"image":{"@id":"https:\/\/noticiasya.com\/#\/schema\/logo\/image\/"}}]}},"parsely":{"version":"1.1.0","canonical_url":"https:\/\/noticiasya.com\/midland-odessa\/2024\/10\/30\/gobierno-bolivia-acusa-evo-morales-utilizar-armas-fuego-atentado-orix\/","smart_links":{"inbound":0,"outbound":0},"traffic_boost_suggestions_count":0,"meta":{"@context":"https:\/\/schema.org","@type":"NewsArticle","headline":"Gobierno de Bolivia acusa a Evo Morales de portar y utilizar armas de fuego contra la polic\u00eda durante presunto atentado","url":"http:\/\/noticiasya.com\/midland-odessa\/2024\/10\/30\/gobierno-bolivia-acusa-evo-morales-utilizar-armas-fuego-atentado-orix\/","mainEntityOfPage":{"@type":"WebPage","@id":"http:\/\/noticiasya.com\/midland-odessa\/2024\/10\/30\/gobierno-bolivia-acusa-evo-morales-utilizar-armas-fuego-atentado-orix\/"},"thumbnailUrl":"","image":{"@type":"ImageObject","url":""},"articleSection":"Noticias Nacionales","author":[],"creator":[],"publisher":{"@type":"Organization","name":"Noticias","logo":""},"keywords":[],"dateCreated":"2024-10-31T00:03:41Z","datePublished":"2024-10-31T00:03:41Z","dateModified":"2024-10-31T00:03:41Z"},"rendered":"<script type=\"application\/ld+json\" class=\"wp-parsely-metadata\">{\"@context\":\"https:\\\/\\\/schema.org\",\"@type\":\"NewsArticle\",\"headline\":\"Gobierno de Bolivia acusa a Evo Morales de portar y utilizar armas de fuego contra la polic\\u00eda durante presunto atentado\",\"url\":\"http:\\\/\\\/noticiasya.com\\\/midland-odessa\\\/2024\\\/10\\\/30\\\/gobierno-bolivia-acusa-evo-morales-utilizar-armas-fuego-atentado-orix\\\/\",\"mainEntityOfPage\":{\"@type\":\"WebPage\",\"@id\":\"http:\\\/\\\/noticiasya.com\\\/midland-odessa\\\/2024\\\/10\\\/30\\\/gobierno-bolivia-acusa-evo-morales-utilizar-armas-fuego-atentado-orix\\\/\"},\"thumbnailUrl\":\"\",\"image\":{\"@type\":\"ImageObject\",\"url\":\"\"},\"articleSection\":\"Noticias Nacionales\",\"author\":[],\"creator\":[],\"publisher\":{\"@type\":\"Organization\",\"name\":\"Noticias\",\"logo\":\"\"},\"keywords\":[],\"dateCreated\":\"2024-10-31T00:03:41Z\",\"datePublished\":\"2024-10-31T00:03:41Z\",\"dateModified\":\"2024-10-31T00:03:41Z\"}<\/script>","tracker_url":"https:\/\/cdn.parsely.com\/keys\/noticiasya.com\/p.js"},"jetpack_featured_media_url":"","jetpack-related-posts":[{"id":1455413,"url":"https:\/\/noticiasya.com\/midland-odessa\/2024\/10\/28\/bolivia-acusa-evo-morales-fabricar-magnicidio-morales-responde-quieren-convertir-victima-en-victimario-orix\/","url_meta":{"origin":1455447,"position":0},"title":"Gobierno de Bolivia acusa a Evo Morales de fabricar un intento de magnicidio; Morales responde que quieren convertir \u201ca la v\u00edctima en victimario\u201d","author":"","date":"octubre 28, 2024","format":false,"excerpt":"(CNN) -- El ministro de Gobierno de Bolivia, Eduardo del Castillo, acus\u00f3 este lunes al expresidente Evo Morales de fabricar un intento de magnicidio para ocultar que no se detuvo ante un control policial en una carretera y que desde su veh\u00edculo se dispar\u00f3 a agentes.\"Se\u00f1or Morales, nadie le cree\u2026","rel":"","context":"In &quot;Noticias Nacionales&quot;","block_context":{"text":"Noticias Nacionales","link":"https:\/\/noticiasya.com\/midland-odessa\/categoria\/noticias-nacionales"},"img":{"alt_text":"","src":"","width":0,"height":0},"classes":[]},{"id":1455421,"url":"https:\/\/noticiasya.com\/midland-odessa\/2024\/10\/29\/evo-morales-reitera-que-hubo-intento-de-magnicidio-en-su-contra-orix\/","url_meta":{"origin":1455447,"position":1},"title":"Evo Morales reitera que hubo un intento de magnicidio en su contra y acusa al Gobierno de Bolivia de fabricar una mentira","author":"","date":"octubre 29, 2024","format":false,"excerpt":"(CNN Espa\u00f1ol) -- El expresidente de Bolivia, Evo Morales, rechaz\u00f3 este lunes las declaraciones del ministro de Gobierno, Eduardo del Castillo, quien lo acus\u00f3 de fabricar un intento de magnicidio para ocultar que no se detuvo ante un control policial en una carretera y que desde su veh\u00edculo se dispar\u00f3\u2026","rel":"","context":"In &quot;Noticias Nacionales&quot;","block_context":{"text":"Noticias Nacionales","link":"https:\/\/noticiasya.com\/midland-odessa\/categoria\/noticias-nacionales"},"img":{"alt_text":"","src":"","width":0,"height":0},"classes":[]},{"id":1457492,"url":"https:\/\/noticiasya.com\/midland-odessa\/2025\/01\/13\/gobierno-bolivia-enfrentamientos-policia-audiencia-evo-morales-orix\/","url_meta":{"origin":1455447,"position":2},"title":"Gobierno de Bolivia reporta al menos cinco heridos en enfrentamientos con la Polic\u00eda a un d\u00eda de la audiencia de Evo Morales","author":"","date":"enero 13, 2025","format":false,"excerpt":"A solo un d\u00eda de la audiencia de medidas cautelares en contra del expresidente de Bolivia Evo Morales por la acusaci\u00f3n de trata de personas, el Gobierno report\u00f3 enfrentamientos entre grupos afines al exmandatario y la Polic\u00eda en el sector de Cochabamba. Al menos cinco personas resultaron heridas, seg\u00fan las\u2026","rel":"","context":"In &quot;Noticias Nacionales&quot;","block_context":{"text":"Noticias Nacionales","link":"https:\/\/noticiasya.com\/midland-odessa\/categoria\/noticias-nacionales"},"img":{"alt_text":"","src":"","width":0,"height":0},"classes":[]},{"id":1455516,"url":"https:\/\/noticiasya.com\/midland-odessa\/2024\/11\/01\/evo-morales-suspender-bloqueos-huelga-de-hambre-bolivia-orix\/","url_meta":{"origin":1455447,"position":3},"title":"Evo Morales pide a sus partidarios suspender bloqueos y dice que har\u00e1 huelga de hambre para exigir di\u00e1logo con el Gobierno","author":"","date":"noviembre 1, 2024","format":false,"excerpt":"(CNN Espa\u00f1ol) -- El expresidente de Bolivia Evo Morales pidi\u00f3 a sus simpatizantes que suspendan los bloqueos que realizan desde hace casi tres semanas en varios puntos del pa\u00eds y dijo que iniciar\u00e1 una huelga de hambre para exigir al Gobierno mesas de di\u00e1logo en temas econ\u00f3micos y pol\u00edticos.Durante una\u2026","rel":"","context":"In &quot;Noticias Nacionales&quot;","block_context":{"text":"Noticias Nacionales","link":"https:\/\/noticiasya.com\/midland-odessa\/categoria\/noticias-nacionales"},"img":{"alt_text":"","src":"","width":0,"height":0},"classes":[]},{"id":1452947,"url":"https:\/\/noticiasya.com\/midland-odessa\/2024\/09\/23\/gobierno-bolivia-denuncia-presunta-agresion-simpatizante-evo-morales-expresidente-dice-movilizacion-es-pacifica-orix\/","url_meta":{"origin":1455447,"position":4},"title":"Gobierno de Bolivia denuncia presunta agresi\u00f3n de simpatizantes de Evo Morales en El Alto; el expresidente dice que su movilizaci\u00f3n es pac\u00edfica","author":"","date":"septiembre 23, 2024","format":false,"excerpt":"(CNN) -- El Gobierno de Bolivia denunci\u00f3 este domingo una presunta agresi\u00f3n de simpatizantes del expresidente Evo Morales\u00a0que dej\u00f3 heridos en Ventilla, en la ciudad de El Alto, mientras que el exmandatario rechaz\u00f3 tener responsabilidad en los hechos y asegur\u00f3 que la movilizaci\u00f3n que promueve por el pa\u00eds es pac\u00edfica.El\u2026","rel":"","context":"In &quot;Noticias Nacionales&quot;","block_context":{"text":"Noticias Nacionales","link":"https:\/\/noticiasya.com\/midland-odessa\/categoria\/noticias-nacionales"},"img":{"alt_text":"","src":"","width":0,"height":0},"classes":[]},{"id":1454948,"url":"https:\/\/noticiasya.com\/midland-odessa\/2024\/10\/04\/evo-morales-acusa-luis-arce-de-promover-proceso-penales-orix\/","url_meta":{"origin":1455447,"position":5},"title":"Evo Morales acusa a Luis Arce de promover procesos penales en su contra \u201ccon cualquier calumnia\u201d","author":"","date":"octubre 4, 2024","format":false,"excerpt":"(CNN Espa\u00f1ol) --\u00a0El expresidente de Bolivia Evo Morales acus\u00f3 este viernes al presidente Luis Arce de promover procesos penales en su contra con el fin \u2014seg\u00fan dijo\u2014 de inhabilitarlo para impedir que compita en las elecciones presidenciales de 2025.Morales hizo estas declaraciones durante una rueda de prensa en Cochabamba, dos\u2026","rel":"","context":"In &quot;Noticias Nacionales&quot;","block_context":{"text":"Noticias Nacionales","link":"https:\/\/noticiasya.com\/midland-odessa\/categoria\/noticias-nacionales"},"img":{"alt_text":"","src":"","width":0,"height":0},"classes":[]}],"jetpack_sharing_enabled":true,"_links":{"self":[{"href":"https:\/\/noticiasya.com\/midland-odessa\/wp-json\/wp\/v2\/posts\/1455447","targetHints":{"allow":["GET"]}}],"collection":[{"href":"https:\/\/noticiasya.com\/midland-odessa\/wp-json\/wp\/v2\/posts"}],"about":[{"href":"https:\/\/noticiasya.com\/midland-odessa\/wp-json\/wp\/v2\/types\/post"}],"replies":[{"embeddable":true,"href":"https:\/\/noticiasya.com\/midland-odessa\/wp-json\/wp\/v2\/comments?post=1455447"}],"version-history":[{"count":0,"href":"https:\/\/noticiasya.com\/midland-odessa\/wp-json\/wp\/v2\/posts\/1455447\/revisions"}],"wp:attachment":[{"href":"https:\/\/noticiasya.com\/midland-odessa\/wp-json\/wp\/v2\/media?parent=1455447"}],"wp:term":[{"taxonomy":"category","embeddable":true,"href":"https:\/\/noticiasya.com\/midland-odessa\/wp-json\/wp\/v2\/categories?post=1455447"},{"taxonomy":"post_tag","embeddable":true,"href":"https:\/\/noticiasya.com\/midland-odessa\/wp-json\/wp\/v2\/tags?post=1455447"}],"curies":[{"name":"wp","href":"https:\/\/api.w.org\/{rel}","templated":true}]}}