{"id":1455449,"date":"2024-10-30T17:03:41","date_gmt":"2024-10-31T00:03:41","guid":{"rendered":"https:\/\/noticiasya.com\/2024\/10\/30\/fin-no-justifica-medios-sheinbaum-captura-mayo-zambada-orix\/"},"modified":"2024-10-30T17:03:41","modified_gmt":"2024-10-31T00:03:41","slug":"fin-no-justifica-medios-sheinbaum-captura-mayo-zambada-orix","status":"publish","type":"post","link":"https:\/\/noticiasya.com\/midland-odessa\/2024\/10\/30\/fin-no-justifica-medios-sheinbaum-captura-mayo-zambada-orix\/","title":{"rendered":"&#171;El fin no justifica los medios&#187;, dice Sheinbaum sobre la captura del Mayo Zambada"},"content":{"rendered":"<p>(CNN Espa\u00f1ol) &#8212; La presidenta de M\u00e9xico Claudia Sheinbaum dijo este mi\u00e9rcoles durante su rueda de prensa matutina que &#171;el fin no justifica los medios&#187;, al ser consultada sobre las declaraciones del martes del embajador de Estados Unidos, Ken Salazar, quien asegur\u00f3 que el Gobierno de Estados Unidos inform\u00f3 a la Fiscal\u00eda General de M\u00e9xico sobre el caso &#171;Zambada&#187;, mientras que el Gobierno mexicano insiste en que no hay aun claridad de c\u00f3mo ocurri\u00f3 la detenci\u00f3n de Ismael &#171;El Mayo&#187; Zambada.<\/p>\n<p>&#171;El fin no justifica los medios. No porque hayan detenido un narcotraficante uno no ve la manera en que se lo detuvo&#187;, argument\u00f3 Sheinbaum al cuestionar los \u00faltimos dichos del embajador Salazar.<\/p>\n<p>Embajador de EE.UU. en M\u00e9xico afirma que Washington entreg\u00f3 a M\u00e9xico informaci\u00f3n sobre captura del Mayo Zambada<\/p>\n<p>&#171;No es la detenci\u00f3n per se, sino c\u00f3mo se hizo&#187;, puntualiz\u00f3.<\/p>\n<p>Sheinbaum a\u00f1adi\u00f3 que su Gobierno tiene comunicaci\u00f3n con Estados Unidos por medio de la Canciller\u00eda y sigue a la espera de que se entregue m\u00e1s informaci\u00f3n.<\/p>\n<p>The-CNN-Wire<br \/>&trade; &amp; &copy; 2024 Cable News Network, Inc., a Warner Bros. Discovery Company. All rights reserved.<\/p>\n","protected":false},"excerpt":{"rendered":"<p>(CNN Espa\u00f1ol) &#8212; La presidenta de M\u00e9xico Claudia Sheinbaum dijo este mi\u00e9rcoles durante su rueda de prensa matutina que &#171;el fin no justifica los medios&#187;, al ser consultada sobre las declaraciones del martes del embajador de Estados Unidos, Ken Salazar, quien asegur\u00f3 que el Gobierno de Estados Unidos inform\u00f3 a la Fiscal\u00eda General de M\u00e9xico [&hellip;]<\/p>\n","protected":false},"author":0,"featured_media":0,"comment_status":"open","ping_status":"open","sticky":false,"template":"","format":"standard","meta":{"_jetpack_memberships_contains_paid_content":false,"footnotes":""},"categories":[10],"tags":[],"class_list":["post-1455449","post","type-post","status-publish","format-standard","hentry","category-noticias-nacionales","market-global"],"yoast_head":"<!-- This site is optimized with the Yoast SEO plugin v24.4 - https:\/\/yoast.com\/wordpress\/plugins\/seo\/ -->\n<title>&quot;El fin no justifica los medios&quot;, dice Sheinbaum sobre la captura del Mayo Zambada - Noticias<\/title>\n<meta name=\"robots\" content=\"index, follow, max-snippet:-1, max-image-preview:large, max-video-preview:-1\" \/>\n<link rel=\"canonical\" href=\"https:\/\/noticiasya.com\/2024\/10\/30\/fin-no-justifica-medios-sheinbaum-captura-mayo-zambada-orix\/\" \/>\n<meta property=\"og:locale\" content=\"es_ES\" \/>\n<meta property=\"og:type\" content=\"article\" \/>\n<meta property=\"og:title\" content=\"&quot;El fin no justifica los medios&quot;, dice Sheinbaum sobre la captura del Mayo Zambada - Noticias\" \/>\n<meta property=\"og:description\" content=\"(CNN Espa\u00f1ol) &#8212; La presidenta de M\u00e9xico Claudia Sheinbaum dijo este mi\u00e9rcoles durante su rueda de prensa matutina que &#171;el fin no justifica los medios&#187;, al ser consultada sobre las declaraciones del martes del embajador de Estados Unidos, Ken Salazar, quien asegur\u00f3 que el Gobierno de Estados Unidos inform\u00f3 a la Fiscal\u00eda General de M\u00e9xico [&hellip;]\" \/>\n<meta property=\"og:url\" content=\"https:\/\/noticiasya.com\/2024\/10\/30\/fin-no-justifica-medios-sheinbaum-captura-mayo-zambada-orix\/\" \/>\n<meta property=\"og:site_name\" content=\"Noticias\" \/>\n<meta property=\"article:published_time\" content=\"2024-10-31T00:03:41+00:00\" \/>\n<meta name=\"twitter:card\" content=\"summary_large_image\" \/>\n<meta name=\"twitter:label1\" content=\"Est. reading time\" \/>\n\t<meta name=\"twitter:data1\" content=\"1 minuto\" \/>\n<script type=\"application\/ld+json\" class=\"yoast-schema-graph\">{\"@context\":\"https:\/\/schema.org\",\"@graph\":[{\"@type\":\"Article\",\"@id\":\"https:\/\/noticiasya.com\/2024\/10\/30\/fin-no-justifica-medios-sheinbaum-captura-mayo-zambada-orix\/#article\",\"isPartOf\":{\"@id\":\"https:\/\/noticiasya.com\/2024\/10\/30\/fin-no-justifica-medios-sheinbaum-captura-mayo-zambada-orix\/\"},\"author\":{\"name\":\"\",\"@id\":\"\"},\"headline\":\"&#171;El fin no justifica los medios&#187;, dice Sheinbaum sobre la captura del Mayo Zambada\",\"datePublished\":\"2024-10-31T00:03:41+00:00\",\"mainEntityOfPage\":{\"@id\":\"https:\/\/noticiasya.com\/2024\/10\/30\/fin-no-justifica-medios-sheinbaum-captura-mayo-zambada-orix\/\"},\"wordCount\":215,\"commentCount\":0,\"publisher\":{\"@id\":\"https:\/\/noticiasya.com\/#organization\"},\"articleSection\":[\"Noticias Nacionales\"],\"inLanguage\":\"es\",\"potentialAction\":[{\"@type\":\"CommentAction\",\"name\":\"Comment\",\"target\":[\"https:\/\/noticiasya.com\/2024\/10\/30\/fin-no-justifica-medios-sheinbaum-captura-mayo-zambada-orix\/#respond\"]}]},{\"@type\":\"WebPage\",\"@id\":\"https:\/\/noticiasya.com\/2024\/10\/30\/fin-no-justifica-medios-sheinbaum-captura-mayo-zambada-orix\/\",\"url\":\"https:\/\/noticiasya.com\/2024\/10\/30\/fin-no-justifica-medios-sheinbaum-captura-mayo-zambada-orix\/\",\"name\":\"\\\"El fin no justifica los medios\\\", dice Sheinbaum sobre la captura del Mayo Zambada - Noticias\",\"isPartOf\":{\"@id\":\"https:\/\/noticiasya.com\/#website\"},\"datePublished\":\"2024-10-31T00:03:41+00:00\",\"breadcrumb\":{\"@id\":\"https:\/\/noticiasya.com\/2024\/10\/30\/fin-no-justifica-medios-sheinbaum-captura-mayo-zambada-orix\/#breadcrumb\"},\"inLanguage\":\"es\",\"potentialAction\":[{\"@type\":\"ReadAction\",\"target\":[\"https:\/\/noticiasya.com\/2024\/10\/30\/fin-no-justifica-medios-sheinbaum-captura-mayo-zambada-orix\/\"]}]},{\"@type\":\"BreadcrumbList\",\"@id\":\"https:\/\/noticiasya.com\/2024\/10\/30\/fin-no-justifica-medios-sheinbaum-captura-mayo-zambada-orix\/#breadcrumb\",\"itemListElement\":[{\"@type\":\"ListItem\",\"position\":1,\"name\":\"Home\",\"item\":\"https:\/\/noticiasya.com\/\"},{\"@type\":\"ListItem\",\"position\":2,\"name\":\"&#171;El fin no justifica los medios&#187;, dice Sheinbaum sobre la captura del Mayo Zambada\"}]},{\"@type\":\"WebSite\",\"@id\":\"https:\/\/noticiasya.com\/#website\",\"url\":\"https:\/\/noticiasya.com\/\",\"name\":\"Noticias\",\"description\":\"Lo que importa\",\"publisher\":{\"@id\":\"https:\/\/noticiasya.com\/#organization\"},\"potentialAction\":[{\"@type\":\"SearchAction\",\"target\":{\"@type\":\"EntryPoint\",\"urlTemplate\":\"https:\/\/noticiasya.com\/?s={search_term_string}\"},\"query-input\":{\"@type\":\"PropertyValueSpecification\",\"valueRequired\":true,\"valueName\":\"search_term_string\"}}],\"inLanguage\":\"es\"},{\"@type\":\"Organization\",\"@id\":\"https:\/\/noticiasya.com\/#organization\",\"name\":\"Noticias\",\"url\":\"https:\/\/noticiasya.com\/\",\"logo\":{\"@type\":\"ImageObject\",\"inLanguage\":\"es\",\"@id\":\"https:\/\/noticiasya.com\/#\/schema\/logo\/image\/\",\"url\":\"https:\/\/noticiasya.com\/wp-content\/uploads\/sites\/22\/2023\/12\/logo-nacional.png\",\"contentUrl\":\"https:\/\/noticiasya.com\/wp-content\/uploads\/sites\/22\/2023\/12\/logo-nacional.png\",\"width\":1801,\"height\":691,\"caption\":\"Noticias\"},\"image\":{\"@id\":\"https:\/\/noticiasya.com\/#\/schema\/logo\/image\/\"}}]}<\/script>\n<!-- \/ Yoast SEO plugin. -->","yoast_head_json":{"title":"\"El fin no justifica los medios\", dice Sheinbaum sobre la captura del Mayo Zambada - Noticias","robots":{"index":"index","follow":"follow","max-snippet":"max-snippet:-1","max-image-preview":"max-image-preview:large","max-video-preview":"max-video-preview:-1"},"canonical":"https:\/\/noticiasya.com\/2024\/10\/30\/fin-no-justifica-medios-sheinbaum-captura-mayo-zambada-orix\/","og_locale":"es_ES","og_type":"article","og_title":"\"El fin no justifica los medios\", dice Sheinbaum sobre la captura del Mayo Zambada - Noticias","og_description":"(CNN Espa\u00f1ol) &#8212; La presidenta de M\u00e9xico Claudia Sheinbaum dijo este mi\u00e9rcoles durante su rueda de prensa matutina que &#171;el fin no justifica los medios&#187;, al ser consultada sobre las declaraciones del martes del embajador de Estados Unidos, Ken Salazar, quien asegur\u00f3 que el Gobierno de Estados Unidos inform\u00f3 a la Fiscal\u00eda General de M\u00e9xico [&hellip;]","og_url":"https:\/\/noticiasya.com\/2024\/10\/30\/fin-no-justifica-medios-sheinbaum-captura-mayo-zambada-orix\/","og_site_name":"Noticias","article_published_time":"2024-10-31T00:03:41+00:00","twitter_card":"summary_large_image","twitter_misc":{"Est. reading time":"1 minuto"},"schema":{"@context":"https:\/\/schema.org","@graph":[{"@type":"Article","@id":"https:\/\/noticiasya.com\/2024\/10\/30\/fin-no-justifica-medios-sheinbaum-captura-mayo-zambada-orix\/#article","isPartOf":{"@id":"https:\/\/noticiasya.com\/2024\/10\/30\/fin-no-justifica-medios-sheinbaum-captura-mayo-zambada-orix\/"},"author":{"name":"","@id":""},"headline":"&#171;El fin no justifica los medios&#187;, dice Sheinbaum sobre la captura del Mayo Zambada","datePublished":"2024-10-31T00:03:41+00:00","mainEntityOfPage":{"@id":"https:\/\/noticiasya.com\/2024\/10\/30\/fin-no-justifica-medios-sheinbaum-captura-mayo-zambada-orix\/"},"wordCount":215,"commentCount":0,"publisher":{"@id":"https:\/\/noticiasya.com\/#organization"},"articleSection":["Noticias Nacionales"],"inLanguage":"es","potentialAction":[{"@type":"CommentAction","name":"Comment","target":["https:\/\/noticiasya.com\/2024\/10\/30\/fin-no-justifica-medios-sheinbaum-captura-mayo-zambada-orix\/#respond"]}]},{"@type":"WebPage","@id":"https:\/\/noticiasya.com\/2024\/10\/30\/fin-no-justifica-medios-sheinbaum-captura-mayo-zambada-orix\/","url":"https:\/\/noticiasya.com\/2024\/10\/30\/fin-no-justifica-medios-sheinbaum-captura-mayo-zambada-orix\/","name":"\"El fin no justifica los medios\", dice Sheinbaum sobre la captura del Mayo Zambada - Noticias","isPartOf":{"@id":"https:\/\/noticiasya.com\/#website"},"datePublished":"2024-10-31T00:03:41+00:00","breadcrumb":{"@id":"https:\/\/noticiasya.com\/2024\/10\/30\/fin-no-justifica-medios-sheinbaum-captura-mayo-zambada-orix\/#breadcrumb"},"inLanguage":"es","potentialAction":[{"@type":"ReadAction","target":["https:\/\/noticiasya.com\/2024\/10\/30\/fin-no-justifica-medios-sheinbaum-captura-mayo-zambada-orix\/"]}]},{"@type":"BreadcrumbList","@id":"https:\/\/noticiasya.com\/2024\/10\/30\/fin-no-justifica-medios-sheinbaum-captura-mayo-zambada-orix\/#breadcrumb","itemListElement":[{"@type":"ListItem","position":1,"name":"Home","item":"https:\/\/noticiasya.com\/"},{"@type":"ListItem","position":2,"name":"&#171;El fin no justifica los medios&#187;, dice Sheinbaum sobre la captura del Mayo Zambada"}]},{"@type":"WebSite","@id":"https:\/\/noticiasya.com\/#website","url":"https:\/\/noticiasya.com\/","name":"Noticias","description":"Lo que importa","publisher":{"@id":"https:\/\/noticiasya.com\/#organization"},"potentialAction":[{"@type":"SearchAction","target":{"@type":"EntryPoint","urlTemplate":"https:\/\/noticiasya.com\/?s={search_term_string}"},"query-input":{"@type":"PropertyValueSpecification","valueRequired":true,"valueName":"search_term_string"}}],"inLanguage":"es"},{"@type":"Organization","@id":"https:\/\/noticiasya.com\/#organization","name":"Noticias","url":"https:\/\/noticiasya.com\/","logo":{"@type":"ImageObject","inLanguage":"es","@id":"https:\/\/noticiasya.com\/#\/schema\/logo\/image\/","url":"https:\/\/noticiasya.com\/wp-content\/uploads\/sites\/22\/2023\/12\/logo-nacional.png","contentUrl":"https:\/\/noticiasya.com\/wp-content\/uploads\/sites\/22\/2023\/12\/logo-nacional.png","width":1801,"height":691,"caption":"Noticias"},"image":{"@id":"https:\/\/noticiasya.com\/#\/schema\/logo\/image\/"}}]}},"parsely":{"version":"1.1.0","canonical_url":"https:\/\/noticiasya.com\/midland-odessa\/2024\/10\/30\/fin-no-justifica-medios-sheinbaum-captura-mayo-zambada-orix\/","smart_links":{"inbound":0,"outbound":0},"traffic_boost_suggestions_count":0,"meta":{"@context":"https:\/\/schema.org","@type":"NewsArticle","headline":"&#171;El fin no justifica los medios&#187;, dice Sheinbaum sobre la captura del Mayo Zambada","url":"http:\/\/noticiasya.com\/midland-odessa\/2024\/10\/30\/fin-no-justifica-medios-sheinbaum-captura-mayo-zambada-orix\/","mainEntityOfPage":{"@type":"WebPage","@id":"http:\/\/noticiasya.com\/midland-odessa\/2024\/10\/30\/fin-no-justifica-medios-sheinbaum-captura-mayo-zambada-orix\/"},"thumbnailUrl":"","image":{"@type":"ImageObject","url":""},"articleSection":"Noticias Nacionales","author":[],"creator":[],"publisher":{"@type":"Organization","name":"Noticias","logo":""},"keywords":[],"dateCreated":"2024-10-31T00:03:41Z","datePublished":"2024-10-31T00:03:41Z","dateModified":"2024-10-31T00:03:41Z"},"rendered":"<script type=\"application\/ld+json\" class=\"wp-parsely-metadata\">{\"@context\":\"https:\\\/\\\/schema.org\",\"@type\":\"NewsArticle\",\"headline\":\"&#171;El fin no justifica los medios&#187;, dice Sheinbaum sobre la captura del Mayo Zambada\",\"url\":\"http:\\\/\\\/noticiasya.com\\\/midland-odessa\\\/2024\\\/10\\\/30\\\/fin-no-justifica-medios-sheinbaum-captura-mayo-zambada-orix\\\/\",\"mainEntityOfPage\":{\"@type\":\"WebPage\",\"@id\":\"http:\\\/\\\/noticiasya.com\\\/midland-odessa\\\/2024\\\/10\\\/30\\\/fin-no-justifica-medios-sheinbaum-captura-mayo-zambada-orix\\\/\"},\"thumbnailUrl\":\"\",\"image\":{\"@type\":\"ImageObject\",\"url\":\"\"},\"articleSection\":\"Noticias Nacionales\",\"author\":[],\"creator\":[],\"publisher\":{\"@type\":\"Organization\",\"name\":\"Noticias\",\"logo\":\"\"},\"keywords\":[],\"dateCreated\":\"2024-10-31T00:03:41Z\",\"datePublished\":\"2024-10-31T00:03:41Z\",\"dateModified\":\"2024-10-31T00:03:41Z\"}<\/script>","tracker_url":"https:\/\/cdn.parsely.com\/keys\/noticiasya.com\/p.js"},"jetpack_featured_media_url":"","jetpack-related-posts":[{"id":1455446,"url":"https:\/\/noticiasya.com\/midland-odessa\/2024\/10\/30\/mayo-zamabada-captura-ken-salazar-washington-entrego-informacion-mexico-orix\/","url_meta":{"origin":1455449,"position":0},"title":"Embajador de EE.UU. en M\u00e9xico afirma que Washington entreg\u00f3 a M\u00e9xico informaci\u00f3n sobre captura del Mayo Zambada","author":"","date":"octubre 30, 2024","format":false,"excerpt":"(CNN Espa\u00f1ol) --\u00a0El embajador de Estados Unidos en M\u00e9xico, Ken Salazar, asegur\u00f3 el martes que su pa\u00eds ha cooperado y entregado documentos e informaci\u00f3n sobre la detenci\u00f3n de Ismael \"El Mayo\" Zambada en tiempo y forma, en respuesta al fiscal Alejandro Gertz Manero, quien insisti\u00f3 sobre la supuesta falta de\u2026","rel":"","context":"In &quot;Noticias Nacionales&quot;","block_context":{"text":"Noticias Nacionales","link":"https:\/\/noticiasya.com\/midland-odessa\/categoria\/noticias-nacionales"},"img":{"alt_text":"","src":"","width":0,"height":0},"classes":[]},{"id":1455824,"url":"https:\/\/noticiasya.com\/midland-odessa\/2024\/11\/14\/sheinbaum-responde-ken-salazar-seguridad-orix\/","url_meta":{"origin":1455449,"position":1},"title":"Sheinbaum responde a los se\u00f1alamientos del embajador de EE.UU. en M\u00e9xico: \u201cCoordinaci\u00f3n, no subordinaci\u00f3n\u201d","author":"","date":"noviembre 14, 2024","format":false,"excerpt":"(CNN) -- La presidenta de M\u00e9xico, Claudia Sheinbaum, reaccion\u00f3 este jueves a las cr\u00edticas hechas por el embajador de Estados Unidos en M\u00e9xico, Ken Salazar, a la estrategia de seguridad del expresidente Andr\u00e9s Manuel L\u00f3pez Obrador y que contin\u00faa con su sucesora.En declaraciones a la prensa Salazar dijo el mi\u00e9rcoles\u2026","rel":"","context":"In &quot;Noticias Nacionales&quot;","block_context":{"text":"Noticias Nacionales","link":"https:\/\/noticiasya.com\/midland-odessa\/categoria\/noticias-nacionales"},"img":{"alt_text":"","src":"","width":0,"height":0},"classes":[]},{"id":1465865,"url":"https:\/\/noticiasya.com\/midland-odessa\/2025\/08\/26\/dinero-sheinbaum-mayo-zambada-sobornos-policias-militares-orix\/","url_meta":{"origin":1455449,"position":2},"title":"&#171;\u00bfA qui\u00e9n le daba dinero?&#187;, responde Sheinbaum a declaraciones del Mayo Zambada sobre sobornos a polic\u00edas y militares","author":"","date":"agosto 26, 2025","format":false,"excerpt":"La presidenta de M\u00e9xico, Claudia Sheinbaum, respondi\u00f3 este martes a los dichos de Ismael \u201cMayo\u201d Zambada en su declaraci\u00f3n de culpabilidad en Estados Unidos, en la que dijo que, como presunto l\u00edder del C\u00e1rtel de Sinaloa, se daban sobornos a polic\u00edas y militares mexicanos para poder operar en el pa\u00eds.\u201c\u00bfA\u2026","rel":"","context":"In &quot;Noticias Nacionales&quot;","block_context":{"text":"Noticias Nacionales","link":"https:\/\/noticiasya.com\/midland-odessa\/categoria\/noticias-nacionales"},"img":{"alt_text":"","src":"","width":0,"height":0},"classes":[]},{"id":1465179,"url":"https:\/\/noticiasya.com\/midland-odessa\/2025\/08\/06\/pena-muerte-delito-sheinbaum-casos-mayo-zambada-caro-quintero-orix\/","url_meta":{"origin":1455449,"position":3},"title":"&#171;Estamos en contra de la pena de muerte, no importa el delito&#187;, dice Sheinbaum sobre casos del Mayo Zambada y Caro Quintero","author":"","date":"agosto 6, 2025","format":false,"excerpt":"La presidenta de M\u00e9xico, Claudia Sheinbaum, dijo este mi\u00e9rcoles que el posicionamiento de su Gobierno es en contra de la pena de muerte, luego de las recientes decisiones de Estados Unidos de no pedir esta medida contra los presuntos narcotraficantes mexicanos Ismael \u201cel Mayo\u201d Zambada y Rafael Caro Quintero, quienes\u2026","rel":"","context":"In &quot;Noticias Nacionales&quot;","block_context":{"text":"Noticias Nacionales","link":"https:\/\/noticiasya.com\/midland-odessa\/categoria\/noticias-nacionales"},"img":{"alt_text":"","src":"","width":0,"height":0},"classes":[]},{"id":1455209,"url":"https:\/\/noticiasya.com\/midland-odessa\/2024\/10\/17\/oficina-federal-prisiones-joaquin-guzman-lopez-no-esta-bajo-su-custodia-orix\/","url_meta":{"origin":1455449,"position":4},"title":"La Oficina Federal de Prisiones de EE.UU. indica que Joaqu\u00edn Guzm\u00e1n L\u00f3pez no est\u00e1 bajo su custodia desde este mi\u00e9rcoles","author":"","date":"octubre 17, 2024","format":false,"excerpt":"(CNN Espa\u00f1ol) --\u00a0Los registros de la Oficina Federal de Prisiones de Estados Unidos (BOP, por sus siglas en ingl\u00e9s) indican que Joaqu\u00edn Guzm\u00e1n L\u00f3pez, quien fue detenido el 25 de julio junto con Israel \u201cEl Mayo\u201d Zambada en Estados Unidos, no est\u00e1 bajo su custodia desde el 16 de octubre,\u2026","rel":"","context":"In &quot;Noticias Nacionales&quot;","block_context":{"text":"Noticias Nacionales","link":"https:\/\/noticiasya.com\/midland-odessa\/categoria\/noticias-nacionales"},"img":{"alt_text":"","src":"","width":0,"height":0},"classes":[]},{"id":1465662,"url":"https:\/\/noticiasya.com\/midland-odessa\/2025\/08\/19\/como-explican-negocian-terroristas-sheinbaum-gobierno-ee-uu-mayo-zambada-orix\/","url_meta":{"origin":1455449,"position":5},"title":"&#171;\u00bfC\u00f3mo explican que no negocian con terroristas?&#187;: Sheinbaum cuestiona al Gobierno de EE.UU. por caso del Mayo Zambada","author":"","date":"agosto 19, 2025","format":false,"excerpt":"La presidenta de M\u00e9xico, Claudia Sheinbaum, cuestion\u00f3 este martes los procesos del Gobierno de Estados Unidos en el caso de Ismael \u201cMayo\u201d Zambada, presunto fundador del C\u00e1rtel de Sinaloa que se declarar\u00e1 culpable en audiencia ante la Corte Federal de Brooklyn.Sheinbaum critic\u00f3 que EE.UU. llega a \u201cacuerdos\u201d con miembros de\u2026","rel":"","context":"In &quot;Noticias Nacionales&quot;","block_context":{"text":"Noticias Nacionales","link":"https:\/\/noticiasya.com\/midland-odessa\/categoria\/noticias-nacionales"},"img":{"alt_text":"","src":"","width":0,"height":0},"classes":[]}],"jetpack_sharing_enabled":true,"_links":{"self":[{"href":"https:\/\/noticiasya.com\/midland-odessa\/wp-json\/wp\/v2\/posts\/1455449","targetHints":{"allow":["GET"]}}],"collection":[{"href":"https:\/\/noticiasya.com\/midland-odessa\/wp-json\/wp\/v2\/posts"}],"about":[{"href":"https:\/\/noticiasya.com\/midland-odessa\/wp-json\/wp\/v2\/types\/post"}],"replies":[{"embeddable":true,"href":"https:\/\/noticiasya.com\/midland-odessa\/wp-json\/wp\/v2\/comments?post=1455449"}],"version-history":[{"count":0,"href":"https:\/\/noticiasya.com\/midland-odessa\/wp-json\/wp\/v2\/posts\/1455449\/revisions"}],"wp:attachment":[{"href":"https:\/\/noticiasya.com\/midland-odessa\/wp-json\/wp\/v2\/media?parent=1455449"}],"wp:term":[{"taxonomy":"category","embeddable":true,"href":"https:\/\/noticiasya.com\/midland-odessa\/wp-json\/wp\/v2\/categories?post=1455449"},{"taxonomy":"post_tag","embeddable":true,"href":"https:\/\/noticiasya.com\/midland-odessa\/wp-json\/wp\/v2\/tags?post=1455449"}],"curies":[{"name":"wp","href":"https:\/\/api.w.org\/{rel}","templated":true}]}}