{"id":1455452,"date":"2024-10-30T17:03:42","date_gmt":"2024-10-31T00:03:42","guid":{"rendered":"https:\/\/noticiasya.com\/2024\/10\/30\/gerardo-werthein-nuevo-canciller-de-argentina-orix\/"},"modified":"2024-10-30T17:03:42","modified_gmt":"2024-10-31T00:03:42","slug":"gerardo-werthein-nuevo-canciller-de-argentina-orix","status":"publish","type":"post","link":"https:\/\/noticiasya.com\/midland-odessa\/2024\/10\/30\/gerardo-werthein-nuevo-canciller-de-argentina-orix\/","title":{"rendered":"Milei nombra a Gerardo Werthein nuevo canciller de Argentina"},"content":{"rendered":"<p>(CNN Espa\u00f1ol) &#8212; El presidente Javier Milei nombr\u00f3 a Gerardo\u00a0Werthein\u00a0como el nuevo canciller de Argentina, inform\u00f3 el portavoz presidencial, Manuel Adorni, en una publicaci\u00f3n en su cuenta de X y sin dar mayores detalles.<\/p>\n<p>Werthein\u00a0sustituye en el cargo a Diana Mondino, quien se desempe\u00f1aba en ese rol desde que Milei lleg\u00f3 a la presidencia de Argentina el 10 de diciembre.\u00a0\u00a0Werthein\u00a0era hasta ahora el embajador del pa\u00eds en Washington.<\/p>\n<p>CNN contact\u00f3 al Gobierno para obtener m\u00e1s informaci\u00f3n sobre los motivos de la sustituci\u00f3n de Mondino y est\u00e1 en espera de respuesta.<\/p>\n<p>Durante su gesti\u00f3n como canciller, Mondino defendi\u00f3 posiciones del gobierno de Milei como respaldar la ofensiva militar que Israel lanz\u00f3 contra Hamas en Gaza despu\u00e9s de los ataques del 7 de octubre del a\u00f1o pasado y rechazar los resultados de las elecciones presidenciales del 28 de julio de Venezuela, donde el presidente Nicol\u00e1s Maduro fue proclamado ganador pese a no presentar detalles de los resultados por mesas y centros de votaci\u00f3n.<\/p>\n<p>The-CNN-Wire<br \/>&trade; &amp; &copy; 2024 Cable News Network, Inc., a Warner Bros. Discovery Company. All rights reserved.<\/p>\n","protected":false},"excerpt":{"rendered":"<p>(CNN Espa\u00f1ol) &#8212; El presidente Javier Milei nombr\u00f3 a Gerardo\u00a0Werthein\u00a0como el nuevo canciller de Argentina, inform\u00f3 el portavoz presidencial, Manuel Adorni, en una publicaci\u00f3n en su cuenta de X y sin dar mayores detalles. Werthein\u00a0sustituye en el cargo a Diana Mondino, quien se desempe\u00f1aba en ese rol desde que Milei lleg\u00f3 a la presidencia de [&hellip;]<\/p>\n","protected":false},"author":0,"featured_media":0,"comment_status":"open","ping_status":"open","sticky":false,"template":"","format":"standard","meta":{"_jetpack_memberships_contains_paid_content":false,"footnotes":""},"categories":[10],"tags":[],"class_list":["post-1455452","post","type-post","status-publish","format-standard","hentry","category-noticias-nacionales","market-global"],"yoast_head":"<!-- This site is optimized with the Yoast SEO plugin v24.4 - https:\/\/yoast.com\/wordpress\/plugins\/seo\/ -->\n<title>Milei nombra a Gerardo Werthein nuevo canciller de Argentina - Noticias<\/title>\n<meta name=\"robots\" content=\"index, follow, max-snippet:-1, max-image-preview:large, max-video-preview:-1\" \/>\n<link rel=\"canonical\" href=\"https:\/\/noticiasya.com\/2024\/10\/30\/gerardo-werthein-nuevo-canciller-de-argentina-orix\/\" \/>\n<meta property=\"og:locale\" content=\"es_ES\" \/>\n<meta property=\"og:type\" content=\"article\" \/>\n<meta property=\"og:title\" content=\"Milei nombra a Gerardo Werthein nuevo canciller de Argentina - Noticias\" \/>\n<meta property=\"og:description\" content=\"(CNN Espa\u00f1ol) &#8212; El presidente Javier Milei nombr\u00f3 a Gerardo\u00a0Werthein\u00a0como el nuevo canciller de Argentina, inform\u00f3 el portavoz presidencial, Manuel Adorni, en una publicaci\u00f3n en su cuenta de X y sin dar mayores detalles. Werthein\u00a0sustituye en el cargo a Diana Mondino, quien se desempe\u00f1aba en ese rol desde que Milei lleg\u00f3 a la presidencia de [&hellip;]\" \/>\n<meta property=\"og:url\" content=\"https:\/\/noticiasya.com\/2024\/10\/30\/gerardo-werthein-nuevo-canciller-de-argentina-orix\/\" \/>\n<meta property=\"og:site_name\" content=\"Noticias\" \/>\n<meta property=\"article:published_time\" content=\"2024-10-31T00:03:42+00:00\" \/>\n<meta name=\"twitter:card\" content=\"summary_large_image\" \/>\n<meta name=\"twitter:label1\" content=\"Est. reading time\" \/>\n\t<meta name=\"twitter:data1\" content=\"1 minuto\" \/>\n<script type=\"application\/ld+json\" class=\"yoast-schema-graph\">{\"@context\":\"https:\/\/schema.org\",\"@graph\":[{\"@type\":\"Article\",\"@id\":\"https:\/\/noticiasya.com\/2024\/10\/30\/gerardo-werthein-nuevo-canciller-de-argentina-orix\/#article\",\"isPartOf\":{\"@id\":\"https:\/\/noticiasya.com\/2024\/10\/30\/gerardo-werthein-nuevo-canciller-de-argentina-orix\/\"},\"author\":{\"name\":\"\",\"@id\":\"\"},\"headline\":\"Milei nombra a Gerardo Werthein nuevo canciller de Argentina\",\"datePublished\":\"2024-10-31T00:03:42+00:00\",\"mainEntityOfPage\":{\"@id\":\"https:\/\/noticiasya.com\/2024\/10\/30\/gerardo-werthein-nuevo-canciller-de-argentina-orix\/\"},\"wordCount\":200,\"commentCount\":0,\"publisher\":{\"@id\":\"https:\/\/noticiasya.com\/#organization\"},\"articleSection\":[\"Noticias Nacionales\"],\"inLanguage\":\"es\",\"potentialAction\":[{\"@type\":\"CommentAction\",\"name\":\"Comment\",\"target\":[\"https:\/\/noticiasya.com\/2024\/10\/30\/gerardo-werthein-nuevo-canciller-de-argentina-orix\/#respond\"]}]},{\"@type\":\"WebPage\",\"@id\":\"https:\/\/noticiasya.com\/2024\/10\/30\/gerardo-werthein-nuevo-canciller-de-argentina-orix\/\",\"url\":\"https:\/\/noticiasya.com\/2024\/10\/30\/gerardo-werthein-nuevo-canciller-de-argentina-orix\/\",\"name\":\"Milei nombra a Gerardo Werthein nuevo canciller de Argentina - Noticias\",\"isPartOf\":{\"@id\":\"https:\/\/noticiasya.com\/#website\"},\"datePublished\":\"2024-10-31T00:03:42+00:00\",\"breadcrumb\":{\"@id\":\"https:\/\/noticiasya.com\/2024\/10\/30\/gerardo-werthein-nuevo-canciller-de-argentina-orix\/#breadcrumb\"},\"inLanguage\":\"es\",\"potentialAction\":[{\"@type\":\"ReadAction\",\"target\":[\"https:\/\/noticiasya.com\/2024\/10\/30\/gerardo-werthein-nuevo-canciller-de-argentina-orix\/\"]}]},{\"@type\":\"BreadcrumbList\",\"@id\":\"https:\/\/noticiasya.com\/2024\/10\/30\/gerardo-werthein-nuevo-canciller-de-argentina-orix\/#breadcrumb\",\"itemListElement\":[{\"@type\":\"ListItem\",\"position\":1,\"name\":\"Home\",\"item\":\"https:\/\/noticiasya.com\/\"},{\"@type\":\"ListItem\",\"position\":2,\"name\":\"Milei nombra a Gerardo Werthein nuevo canciller de Argentina\"}]},{\"@type\":\"WebSite\",\"@id\":\"https:\/\/noticiasya.com\/#website\",\"url\":\"https:\/\/noticiasya.com\/\",\"name\":\"Noticias\",\"description\":\"Lo que importa\",\"publisher\":{\"@id\":\"https:\/\/noticiasya.com\/#organization\"},\"potentialAction\":[{\"@type\":\"SearchAction\",\"target\":{\"@type\":\"EntryPoint\",\"urlTemplate\":\"https:\/\/noticiasya.com\/?s={search_term_string}\"},\"query-input\":{\"@type\":\"PropertyValueSpecification\",\"valueRequired\":true,\"valueName\":\"search_term_string\"}}],\"inLanguage\":\"es\"},{\"@type\":\"Organization\",\"@id\":\"https:\/\/noticiasya.com\/#organization\",\"name\":\"Noticias\",\"url\":\"https:\/\/noticiasya.com\/\",\"logo\":{\"@type\":\"ImageObject\",\"inLanguage\":\"es\",\"@id\":\"https:\/\/noticiasya.com\/#\/schema\/logo\/image\/\",\"url\":\"https:\/\/noticiasya.com\/wp-content\/uploads\/sites\/22\/2023\/12\/logo-nacional.png\",\"contentUrl\":\"https:\/\/noticiasya.com\/wp-content\/uploads\/sites\/22\/2023\/12\/logo-nacional.png\",\"width\":1801,\"height\":691,\"caption\":\"Noticias\"},\"image\":{\"@id\":\"https:\/\/noticiasya.com\/#\/schema\/logo\/image\/\"}}]}<\/script>\n<!-- \/ Yoast SEO plugin. -->","yoast_head_json":{"title":"Milei nombra a Gerardo Werthein nuevo canciller de Argentina - Noticias","robots":{"index":"index","follow":"follow","max-snippet":"max-snippet:-1","max-image-preview":"max-image-preview:large","max-video-preview":"max-video-preview:-1"},"canonical":"https:\/\/noticiasya.com\/2024\/10\/30\/gerardo-werthein-nuevo-canciller-de-argentina-orix\/","og_locale":"es_ES","og_type":"article","og_title":"Milei nombra a Gerardo Werthein nuevo canciller de Argentina - Noticias","og_description":"(CNN Espa\u00f1ol) &#8212; El presidente Javier Milei nombr\u00f3 a Gerardo\u00a0Werthein\u00a0como el nuevo canciller de Argentina, inform\u00f3 el portavoz presidencial, Manuel Adorni, en una publicaci\u00f3n en su cuenta de X y sin dar mayores detalles. Werthein\u00a0sustituye en el cargo a Diana Mondino, quien se desempe\u00f1aba en ese rol desde que Milei lleg\u00f3 a la presidencia de [&hellip;]","og_url":"https:\/\/noticiasya.com\/2024\/10\/30\/gerardo-werthein-nuevo-canciller-de-argentina-orix\/","og_site_name":"Noticias","article_published_time":"2024-10-31T00:03:42+00:00","twitter_card":"summary_large_image","twitter_misc":{"Est. reading time":"1 minuto"},"schema":{"@context":"https:\/\/schema.org","@graph":[{"@type":"Article","@id":"https:\/\/noticiasya.com\/2024\/10\/30\/gerardo-werthein-nuevo-canciller-de-argentina-orix\/#article","isPartOf":{"@id":"https:\/\/noticiasya.com\/2024\/10\/30\/gerardo-werthein-nuevo-canciller-de-argentina-orix\/"},"author":{"name":"","@id":""},"headline":"Milei nombra a Gerardo Werthein nuevo canciller de Argentina","datePublished":"2024-10-31T00:03:42+00:00","mainEntityOfPage":{"@id":"https:\/\/noticiasya.com\/2024\/10\/30\/gerardo-werthein-nuevo-canciller-de-argentina-orix\/"},"wordCount":200,"commentCount":0,"publisher":{"@id":"https:\/\/noticiasya.com\/#organization"},"articleSection":["Noticias Nacionales"],"inLanguage":"es","potentialAction":[{"@type":"CommentAction","name":"Comment","target":["https:\/\/noticiasya.com\/2024\/10\/30\/gerardo-werthein-nuevo-canciller-de-argentina-orix\/#respond"]}]},{"@type":"WebPage","@id":"https:\/\/noticiasya.com\/2024\/10\/30\/gerardo-werthein-nuevo-canciller-de-argentina-orix\/","url":"https:\/\/noticiasya.com\/2024\/10\/30\/gerardo-werthein-nuevo-canciller-de-argentina-orix\/","name":"Milei nombra a Gerardo Werthein nuevo canciller de Argentina - Noticias","isPartOf":{"@id":"https:\/\/noticiasya.com\/#website"},"datePublished":"2024-10-31T00:03:42+00:00","breadcrumb":{"@id":"https:\/\/noticiasya.com\/2024\/10\/30\/gerardo-werthein-nuevo-canciller-de-argentina-orix\/#breadcrumb"},"inLanguage":"es","potentialAction":[{"@type":"ReadAction","target":["https:\/\/noticiasya.com\/2024\/10\/30\/gerardo-werthein-nuevo-canciller-de-argentina-orix\/"]}]},{"@type":"BreadcrumbList","@id":"https:\/\/noticiasya.com\/2024\/10\/30\/gerardo-werthein-nuevo-canciller-de-argentina-orix\/#breadcrumb","itemListElement":[{"@type":"ListItem","position":1,"name":"Home","item":"https:\/\/noticiasya.com\/"},{"@type":"ListItem","position":2,"name":"Milei nombra a Gerardo Werthein nuevo canciller de Argentina"}]},{"@type":"WebSite","@id":"https:\/\/noticiasya.com\/#website","url":"https:\/\/noticiasya.com\/","name":"Noticias","description":"Lo que importa","publisher":{"@id":"https:\/\/noticiasya.com\/#organization"},"potentialAction":[{"@type":"SearchAction","target":{"@type":"EntryPoint","urlTemplate":"https:\/\/noticiasya.com\/?s={search_term_string}"},"query-input":{"@type":"PropertyValueSpecification","valueRequired":true,"valueName":"search_term_string"}}],"inLanguage":"es"},{"@type":"Organization","@id":"https:\/\/noticiasya.com\/#organization","name":"Noticias","url":"https:\/\/noticiasya.com\/","logo":{"@type":"ImageObject","inLanguage":"es","@id":"https:\/\/noticiasya.com\/#\/schema\/logo\/image\/","url":"https:\/\/noticiasya.com\/wp-content\/uploads\/sites\/22\/2023\/12\/logo-nacional.png","contentUrl":"https:\/\/noticiasya.com\/wp-content\/uploads\/sites\/22\/2023\/12\/logo-nacional.png","width":1801,"height":691,"caption":"Noticias"},"image":{"@id":"https:\/\/noticiasya.com\/#\/schema\/logo\/image\/"}}]}},"parsely":{"version":"1.1.0","canonical_url":"https:\/\/noticiasya.com\/midland-odessa\/2024\/10\/30\/gerardo-werthein-nuevo-canciller-de-argentina-orix\/","smart_links":{"inbound":0,"outbound":0},"traffic_boost_suggestions_count":0,"meta":{"@context":"https:\/\/schema.org","@type":"NewsArticle","headline":"Milei nombra a Gerardo Werthein nuevo canciller de Argentina","url":"http:\/\/noticiasya.com\/midland-odessa\/2024\/10\/30\/gerardo-werthein-nuevo-canciller-de-argentina-orix\/","mainEntityOfPage":{"@type":"WebPage","@id":"http:\/\/noticiasya.com\/midland-odessa\/2024\/10\/30\/gerardo-werthein-nuevo-canciller-de-argentina-orix\/"},"thumbnailUrl":"","image":{"@type":"ImageObject","url":""},"articleSection":"Noticias Nacionales","author":[],"creator":[],"publisher":{"@type":"Organization","name":"Noticias","logo":""},"keywords":[],"dateCreated":"2024-10-31T00:03:42Z","datePublished":"2024-10-31T00:03:42Z","dateModified":"2024-10-31T00:03:42Z"},"rendered":"<script type=\"application\/ld+json\" class=\"wp-parsely-metadata\">{\"@context\":\"https:\\\/\\\/schema.org\",\"@type\":\"NewsArticle\",\"headline\":\"Milei nombra a Gerardo Werthein nuevo canciller de Argentina\",\"url\":\"http:\\\/\\\/noticiasya.com\\\/midland-odessa\\\/2024\\\/10\\\/30\\\/gerardo-werthein-nuevo-canciller-de-argentina-orix\\\/\",\"mainEntityOfPage\":{\"@type\":\"WebPage\",\"@id\":\"http:\\\/\\\/noticiasya.com\\\/midland-odessa\\\/2024\\\/10\\\/30\\\/gerardo-werthein-nuevo-canciller-de-argentina-orix\\\/\"},\"thumbnailUrl\":\"\",\"image\":{\"@type\":\"ImageObject\",\"url\":\"\"},\"articleSection\":\"Noticias Nacionales\",\"author\":[],\"creator\":[],\"publisher\":{\"@type\":\"Organization\",\"name\":\"Noticias\",\"logo\":\"\"},\"keywords\":[],\"dateCreated\":\"2024-10-31T00:03:42Z\",\"datePublished\":\"2024-10-31T00:03:42Z\",\"dateModified\":\"2024-10-31T00:03:42Z\"}<\/script>","tracker_url":"https:\/\/cdn.parsely.com\/keys\/noticiasya.com\/p.js"},"jetpack_featured_media_url":"","jetpack-related-posts":[{"id":1455495,"url":"https:\/\/noticiasya.com\/midland-odessa\/2024\/10\/31\/diana-mondino-deja-cancilleria-argentina-traspies-diplomaticos-orix\/","url_meta":{"origin":1455452,"position":0},"title":"Diana Mondino deja la Canciller\u00eda argentina: los traspi\u00e9s diplom\u00e1ticos que llevaron a un final anunciado","author":"","date":"octubre 31, 2024","format":false,"excerpt":"(CNN Espa\u00f1ol) -- El Gobierno de Javier Milei anunci\u00f3 la salida de Diana Mondino de la Canciller\u00eda tras una decisi\u00f3n tomada por la ministra en contra de la postura oficial: Argentina vot\u00f3 a favor de una resoluci\u00f3n de la Asamblea General de la ONU contra el embargo de Estados Unidos\u2026","rel":"","context":"In &quot;Noticias Nacionales&quot;","block_context":{"text":"Noticias Nacionales","link":"https:\/\/noticiasya.com\/midland-odessa\/categoria\/noticias-nacionales"},"img":{"alt_text":"","src":"","width":0,"height":0},"classes":[]},{"id":1460715,"url":"https:\/\/noticiasya.com\/midland-odessa\/2025\/04\/01\/milei-planea-viajar-a-eeuu-esta-semana-orix\/","url_meta":{"origin":1455452,"position":1},"title":"Milei planea viajar a EE.UU. esta semana, seg\u00fan fuentes del Gobierno","author":"","date":"abril 1, 2025","format":false,"excerpt":"El presidente de Argentina, Javier Milei, planea viajar esta semana a EE.UU., dijeron a CNN dos fuentes del Gobierno del pa\u00eds sudamericano. El vuelo saldr\u00eda el mi\u00e9rcoles para llegar a EE.UU. el jueves.El mandatario todav\u00eda no tiene una agenda definida, pero las fuentes aseguraron que busca reunirse con el presidente\u2026","rel":"","context":"In &quot;Noticias Nacionales&quot;","block_context":{"text":"Noticias Nacionales","link":"https:\/\/noticiasya.com\/midland-odessa\/categoria\/noticias-nacionales"},"img":{"alt_text":"","src":"","width":0,"height":0},"classes":[]},{"id":1455837,"url":"https:\/\/noticiasya.com\/midland-odessa\/2024\/11\/14\/milei-se-reune-con-trump-orix\/","url_meta":{"origin":1455452,"position":2},"title":"Milei se re\u00fane con Trump en la Florida; Trump le dice: \u201cMake Argentina great again\u201d","author":"","date":"noviembre 14, 2024","format":false,"excerpt":"(CNN Espa\u00f1ol) --\u00a0El presidente de Argentina, Javier Milei, se reuni\u00f3 este jueves en la Florida con el presidente electo de Estados Unidos, Donald Trump, inform\u00f3 la Oficina del mandatario argentino en su cuenta de X, donde difundi\u00f3 una fotograf\u00eda del encuentro.En la imagen tambi\u00e9n aparecen el empresario Elon Musk \u2014que\u2026","rel":"","context":"In &quot;Noticias Nacionales&quot;","block_context":{"text":"Noticias Nacionales","link":"https:\/\/noticiasya.com\/midland-odessa\/categoria\/noticias-nacionales"},"img":{"alt_text":"","src":"","width":0,"height":0},"classes":[]},{"id":1458273,"url":"https:\/\/noticiasya.com\/midland-odessa\/2025\/02\/05\/milei-retira-oms-orix\/","url_meta":{"origin":1455452,"position":3},"title":"Javier Milei retira a Argentina de la OMS","author":"","date":"febrero 5, 2025","format":false,"excerpt":"El Gobierno de Argentina anunci\u00f3 este mi\u00e9rcoles que el pa\u00eds se retirar\u00e1 de la Organizaci\u00f3n Mundial de Salud (OMS), seg\u00fan confirm\u00f3 el portavoz de la Presidencia, Manuel Adorni, durante una conferencia de prensa.Adorni remarc\u00f3 que fue un pedido del presidente de Argentina, Javier Milei, al canciller argentino, Gerardo Werthein.Dijo que\u2026","rel":"","context":"In &quot;Noticias Nacionales&quot;","block_context":{"text":"Noticias Nacionales","link":"https:\/\/noticiasya.com\/midland-odessa\/categoria\/noticias-nacionales"},"img":{"alt_text":"","src":"","width":0,"height":0},"classes":[]},{"id":1456574,"url":"https:\/\/noticiasya.com\/midland-odessa\/2024\/12\/13\/oea-embajada-argentina-caracas-orix\/","url_meta":{"origin":1455452,"position":4},"title":"OEA reitera su rechazo al asedio de la Embajada de Argentina en Caracas","author":"","date":"diciembre 13, 2024","format":false,"excerpt":"La Organizaci\u00f3n de los Estados Americanos (OEA) reiter\u00f3 este viernes su condena al asedio denunciado por seis miembros de la oposici\u00f3n venezolana asilados en la Embajada de Argentina en Caracas llevado a cabo por las fuerzas de seguridad del Gobierno de Nicol\u00e1s Maduro.\u201cLa presencia intimidatoria de personal armado, los cortes\u2026","rel":"","context":"In &quot;Noticias Nacionales&quot;","block_context":{"text":"Noticias Nacionales","link":"https:\/\/noticiasya.com\/midland-odessa\/categoria\/noticias-nacionales"},"img":{"alt_text":"","src":"","width":0,"height":0},"classes":[]},{"id":1448789,"url":"https:\/\/noticiasya.com\/midland-odessa\/2024\/05\/02\/argentina-ocde-milei-mondino-orix\/","url_meta":{"origin":1455452,"position":5},"title":"Argentina inicia el proceso formal para ingresar a la OCDE","author":"","date":"mayo 2, 2024","format":false,"excerpt":"(CNN en Espa\u00f1ol) -- La canciller de Argentina, Diana Mondino, dio comienzo este jueves al proceso de adhesi\u00f3n del pa\u00eds a la Organizaci\u00f3n para la Cooperaci\u00f3n y el Desarrollo Econ\u00f3mico (OCDE), al recibir la Hoja de Ruta para convertirse en miembro.Mondino, tras iniciar su gira internacional en China, arrib\u00f3 la\u2026","rel":"","context":"In &quot;Noticias Nacionales&quot;","block_context":{"text":"Noticias Nacionales","link":"https:\/\/noticiasya.com\/midland-odessa\/categoria\/noticias-nacionales"},"img":{"alt_text":"","src":"","width":0,"height":0},"classes":[]}],"jetpack_sharing_enabled":true,"_links":{"self":[{"href":"https:\/\/noticiasya.com\/midland-odessa\/wp-json\/wp\/v2\/posts\/1455452","targetHints":{"allow":["GET"]}}],"collection":[{"href":"https:\/\/noticiasya.com\/midland-odessa\/wp-json\/wp\/v2\/posts"}],"about":[{"href":"https:\/\/noticiasya.com\/midland-odessa\/wp-json\/wp\/v2\/types\/post"}],"replies":[{"embeddable":true,"href":"https:\/\/noticiasya.com\/midland-odessa\/wp-json\/wp\/v2\/comments?post=1455452"}],"version-history":[{"count":0,"href":"https:\/\/noticiasya.com\/midland-odessa\/wp-json\/wp\/v2\/posts\/1455452\/revisions"}],"wp:attachment":[{"href":"https:\/\/noticiasya.com\/midland-odessa\/wp-json\/wp\/v2\/media?parent=1455452"}],"wp:term":[{"taxonomy":"category","embeddable":true,"href":"https:\/\/noticiasya.com\/midland-odessa\/wp-json\/wp\/v2\/categories?post=1455452"},{"taxonomy":"post_tag","embeddable":true,"href":"https:\/\/noticiasya.com\/midland-odessa\/wp-json\/wp\/v2\/tags?post=1455452"}],"curies":[{"name":"wp","href":"https:\/\/api.w.org\/{rel}","templated":true}]}}