{"id":1455461,"date":"2024-10-30T19:03:54","date_gmt":"2024-10-31T02:03:54","guid":{"rendered":"https:\/\/noticiasya.com\/2024\/10\/30\/hubo-fallos-prevision-y-alerta-dana-tragedia-espana-orix\/"},"modified":"2024-10-30T19:03:54","modified_gmt":"2024-10-31T02:03:54","slug":"hubo-fallos-prevision-y-alerta-dana-tragedia-espana-orix","status":"publish","type":"post","link":"https:\/\/noticiasya.com\/midland-odessa\/2024\/10\/30\/hubo-fallos-prevision-y-alerta-dana-tragedia-espana-orix\/","title":{"rendered":"Los factores alrededor de la devastaci\u00f3n por la DANA &#171;sin precedentes&#187; en Espa\u00f1a: sorpresa, cambio clim\u00e1tico y el papel de los mensajes de alerta"},"content":{"rendered":"<p>(CNN Espa\u00f1ol) &#8212; Varias localidades del sur y este de Espa\u00f1a fueron golpeadas con hasta 30 cm de lluvia en solo unas pocas horas el martes, en lo que marc\u00f3 la peor lluvia en Valencia en 28 a\u00f1os, seg\u00fan la Agencia Estatal de Meteorolog\u00eda, AEMET. La magnitud del fen\u00f3meno tom\u00f3 por sorpresa a las autoridades y la efectividad de los mecanismos de respuesta queda cuestionada.<\/p>\n<p>Emiliano Garc\u00eda-Page, presidente de la comunidad Castilla-La Mancha, compar\u00f3 el diluvio con la ruptura de un dique. &#171;No es una lluvia, fue como si se rompiera una presa&#187;, dijo Garc\u00eda-Page a la televisora nacional de Espa\u00f1a TVE.<\/p>\n<p>En pueblos cercanos a r\u00edos como Utiel o Paiporta, el agua se desbord\u00f3 en las calles. Furgonetas, coches y contenedores de basura fueron arrastrados por corrientes que, en algunos casos, alcanzaron el primer piso de los edificios.<\/p>\n<p>AEMET informa que la &#171;gota fr\u00eda&#187; \u2014como se le conoce coloquialmente al fen\u00f3meno Depresi\u00f3n Aislada en Niveles Altos (DANA) que caus\u00f3 las inundaciones\u2014 es la peor que Valencia ha experimentado este siglo, pero a\u00f1ade que es demasiado pronto para decir si el cambio clim\u00e1tico es el culpable. El t\u00e9rmino &#171;gota fr\u00eda&#187; se refiere a una masa de aire m\u00e1s fr\u00edo en la atm\u00f3sfera alta, que puede separarse de la corriente en chorro, causando que se mueva lentamente y a menudo conduzca a eventos de lluvia de alto impacto.<\/p>\n<p>La gran cantidad de lluvia que cay\u00f3 tom\u00f3 a muchos por sorpresa, con personas encontr\u00e1ndose atrapadas en sus s\u00f3tanos o primeros pisos y sin poder llegar a un lugar seguro.<\/p>\n<p>\u00bfQu\u00e9 es el fen\u00f3meno meteorol\u00f3gico DANA, tambi\u00e9n conocido como &#171;gota fr\u00eda&#187;?<\/p>\n<p>La ministra de Defensa espa\u00f1ola, Margarita Robles, describi\u00f3 las inundaciones como un &#171;fen\u00f3meno sin precedentes&#187;.<\/p>\n<p>La crisis clim\u00e1tica causada por los humanos est\u00e1 haciendo que el clima extremo sea m\u00e1s frecuente y m\u00e1s severo, dicen los cient\u00edficos. A medida que el mundo se calienta debido a la contaminaci\u00f3n por combustibles f\u00f3siles, los eventos de lluvia m\u00e1s intensos se est\u00e1n volviendo m\u00e1s fuertes y m\u00e1s frecuentes. Los oc\u00e9anos m\u00e1s calientes alimentan tormentas m\u00e1s fuertes y una atm\u00f3sfera m\u00e1s c\u00e1lida puede contener m\u00e1s humedad, que se libera en forma de lluvias torrenciales.<\/p>\n<p>Las advertencias de lluvia siguen para partes del este y sur de Espa\u00f1a, seg\u00fan la Agencia Meteorol\u00f3gica de Espa\u00f1a, AEMET, con la amenaza de fuertes lluvias que se espera contin\u00fae hasta el final de la semana.<\/p>\n<p>El secretario de Estado de Medio Ambiente de Espa\u00f1a, Hugo Mor\u00e1n, dijo a EFE que &#171;los mecanismos de predicci\u00f3n y de an\u00e1lisis&#187; funcionaron &#171;perfectamente&#187; en Espa\u00f1a, pero que &#171;los mecanismos de respuesta posteriores han sido los que no han incorporado adecuadamente esos mensajes de alerta&#187;.<\/p>\n<p>&#171;Esos fen\u00f3menos naturales con los cuales est\u00e1bamos acostumbrados a convivir est\u00e1n adquiriendo unas dimensiones que son desconocidas y que los mecanismos de respuesta no est\u00e1n adecuados para esas dimensiones&#187;, dijo Mor\u00e1n.<\/p>\n<p>El secretario de Estado de Medio Ambiente de Espa\u00f1a asegura que &#171;la ciudadan\u00eda se resiste a aceptar que sus condiciones de vida van a cambiar&#187; debido a la crisis clim\u00e1tica global.<\/p>\n<p>El presidente de Gobierno, Pedro S\u00e1nchez, visitar\u00e1 el jueves Valencia. En tanto, el pr\u00f3ximo martes, reporta EFE, el Consejo de Ministros aprobar\u00e1 la declaraci\u00f3n de zona afectada gravemente por una emergencia de protecci\u00f3n civil para las \u00e1reas afectadas por las inundaciones. El Ejecutivo de S\u00e1nchez dijo que garantiz\u00f3 &#171;todos los recursos que sean necesarios por parte del Gobierno de Espa\u00f1a y la Uni\u00f3n Europea para la reconstrucci\u00f3n&#187;.<\/p>\n<p>Los autos se amontonan en la calle con otros escombros despu\u00e9s de que las inundaciones repentinas afectaran la regi\u00f3n el 30 de octubre de 2024 en el \u00e1rea de Sedav\u00ed en Valencia, Espa\u00f1a. Las autoridades espa\u00f1olas dijeron este mi\u00e9rcoles que decenas de personas hab\u00edan muerto en la regi\u00f3n de Valencia durante la noche despu\u00e9s de las inundaciones repentinas que siguieron a las fuertes lluvias. La agencia meteorol\u00f3gica espa\u00f1ola hab\u00eda emitido su alerta m\u00e1xima para la regi\u00f3n debido a las lluvias extremas. (David Ramos\/Getty Images)<\/p>\n<p>Cronolog\u00eda de la tragedia en Valencia<\/p>\n<p>La ciudad de Valencia se despert\u00f3 este mi\u00e9rcoles con secuelas de las intensas lluvias de la DANA.<\/p>\n<p>&#171;Con sus caracter\u00edsticas diferenciadas clim\u00e1ticamente y por la adversidad e impactos del episodio, estar\u00eda a la altura de los dos grandes temporales de los a\u00f1os ochenta, del de octubre de 1982 y el de noviembre de 1987&#187;, asegur\u00f3 la AEMET en su cuenta oficial de X.<\/p>\n<p>De acuerdo con los informes que se han conocido por parte de la Agencia Estatal de Meteorolog\u00eda en la Comunidad Valenciana (AEMET) los municipios de Torrent, Paiporta, Chiva, Cheste, Utiel y Requena han enfrentado inundaciones severas y desbordamientos, lo que ha aislado barrios enteros, arrastrado autom\u00f3viles y perjudicado gravemente la infraestructura local.<\/p>\n<p>Testigo narra su experiencia\u00a0en\u00a0el caos\u00a0por\u00a0las graves inundaciones en Valencia, Espa\u00f1a<\/p>\n<p>La AEMET emiti\u00f3 un aviso rojo por la tarde para la campi\u00f1a de Jerez, en la provincia de C\u00e1diz, recomendando a la poblaci\u00f3n evitar los viajes en la zona &#171;a menos que sea absolutamente necesario&#187;.\u00a0Adem\u00e1s, inst\u00f3 a los ciudadanos a tener precauci\u00f3n en las \u00e1reas cercanas donde todav\u00eda hay un aviso naranja, as\u00ed como en la provincia de Barcelona.<\/p>\n<p>Desde el lunes 28 de octubre la situaci\u00f3n se iba intensificando. La Agencia Estatal de Meteorolog\u00eda en la Comunidad Valenciana elev\u00f3 una alerta naranja sobre un Fen\u00f3meno Meteorol\u00f3gico Adverso (FMA) \u201cprecipitaciones intensas, extensas y generalizadas. Situaci\u00f3n meteorol\u00f3gica que popularmente conocemos como gota fr\u00eda. Los d\u00edas m\u00e1s adversos ser\u00e1n ma\u00f1ana y el mi\u00e9rcoles\u201d destac\u00f3 la entidad. Sin embargo, asegur\u00f3 que \u201cen estas situaciones, aunque las precipitaciones sean generalizadas, el chorro de viento en capas bajas focaliza las precipitaciones m\u00e1s intensas en sierras de interior y prelitoral, donde se producen ascensos forzados al remontar las monta\u00f1as\u201d.<\/p>\n<p>No obstante, en la ma\u00f1ana del 29 de octubre las lluvias se intensificaron. Hacia las 7:36 a.m., hora local, el aviso por parte de AEMET se extendi\u00f3 al resto de la Comunidad Valenciana a ser de nivel naranja, mientras que el litoral sur se manten\u00eda en rojo para, finalmente, minutos despu\u00e9s activar el nivel rojo para toda la provincia de Valencia.<\/p>\n<p>Despu\u00e9s, hacia las 12:00 a.m., hora local, la Agencia Estatal de Meteorolog\u00eda anunci\u00f3 que la alerta se mantendr\u00eda activa tambi\u00e9n para este mi\u00e9rcoles, advirtiendo que el peligro segu\u00eda siendo extremo. Adem\u00e1s, la agencia envi\u00f3 un nuevo comunicado a la prensa y un video en el que su portavoz instaba a la ciudadan\u00eda a permanecer en casa y evitar salir.<\/p>\n<p>Hacia las 12:20 p.m., hora local, el Centro de Coordinaci\u00f3n de Emergencias (CEE) de la Generalitat Valenciana lanz\u00f3 otra alerta. En un comunicado oficial informaron sobre el incremento del caudal de la rambla del Poyo en Ribarroja, en respuesta a un aviso previo de la Confederaci\u00f3n Hidrogr\u00e1fica del J\u00facar (CHJ) en el que habl\u00f3 de los primeros barrancos desbordados.<\/p>\n<p>A las 5:00 p.m., hora local, Pilar Bernab\u00e9, delegada del Gobierno en la Comunidad Valenciana, inform\u00f3 que, a solicitud de la Generalitat, se hab\u00eda activado a la Unidad Militar de Emergencias (UME) teniendo en cuenta la situaci\u00f3n provocada por la DANA en la localidad de Utiel Valencia. Para todo esto ya hab\u00eda reportes de personas atrapadas y afectadas por la lluvia.<\/p>\n<p>Si bien el CEE envi\u00f3 un mensaje masivo de Protecci\u00f3n Civil a los tel\u00e9fonos m\u00f3viles instando a la poblaci\u00f3n a &#171;no realizar ning\u00fan tipo de desplazamiento&#187; por la provincia de Valencia, la alerta se envi\u00f3 a la ciudadan\u00eda poco despu\u00e9s de las 8:00 p.m., hora local, por lo que muchos no pudieron actuar o tomar decisiones para prevenir la tragedia.<\/p>\n<p>Despu\u00e9s, casi hasta las 11:00 p.m., hora local, Carlos Maz\u00f3n, presidente de la Generalitat Valenciana, asegur\u00f3 que el 112 no se hab\u00eda ca\u00eddo, por lo que motiv\u00f3 a los ciudadanos a usarlo e informar su situaci\u00f3n, ya que esta es la l\u00ednea oficial para los familiares de desaparecidos.<\/p>\n<p>Con informaci\u00f3n de de EFE y de Lauren Kent, Sophie Tanno, Atika Shubert, Taylor Ward, Mauricio Torres y Lauren Said-Moorhouse de CNN.<\/p>\n<p>The-CNN-Wire<br \/>&trade; &amp; &copy; 2024 Cable News Network, Inc., a Warner Bros. Discovery Company. All rights reserved.<\/p>\n","protected":false},"excerpt":{"rendered":"<p>(CNN Espa\u00f1ol) &#8212; Varias localidades del sur y este de Espa\u00f1a fueron golpeadas con hasta 30 cm de lluvia en solo unas pocas horas el martes, en lo que marc\u00f3 la peor lluvia en Valencia en 28 a\u00f1os, seg\u00fan la Agencia Estatal de Meteorolog\u00eda, AEMET. La magnitud del fen\u00f3meno tom\u00f3 por sorpresa a las autoridades [&hellip;]<\/p>\n","protected":false},"author":0,"featured_media":0,"comment_status":"open","ping_status":"open","sticky":false,"template":"","format":"standard","meta":{"_jetpack_memberships_contains_paid_content":false,"footnotes":""},"categories":[10],"tags":[],"class_list":["post-1455461","post","type-post","status-publish","format-standard","hentry","category-noticias-nacionales","market-global"],"yoast_head":"<!-- This site is optimized with the Yoast SEO plugin v24.4 - https:\/\/yoast.com\/wordpress\/plugins\/seo\/ -->\n<title>Los factores alrededor de la devastaci\u00f3n por la DANA &quot;sin precedentes&quot; en Espa\u00f1a: sorpresa, cambio clim\u00e1tico y el papel de los mensajes de alerta - Noticias<\/title>\n<meta name=\"robots\" content=\"index, follow, max-snippet:-1, max-image-preview:large, max-video-preview:-1\" \/>\n<link rel=\"canonical\" href=\"https:\/\/noticiasya.com\/2024\/10\/30\/hubo-fallos-prevision-y-alerta-dana-tragedia-espana-orix\/\" \/>\n<meta property=\"og:locale\" content=\"es_ES\" \/>\n<meta property=\"og:type\" content=\"article\" \/>\n<meta property=\"og:title\" content=\"Los factores alrededor de la devastaci\u00f3n por la DANA &quot;sin precedentes&quot; en Espa\u00f1a: sorpresa, cambio clim\u00e1tico y el papel de los mensajes de alerta - Noticias\" \/>\n<meta property=\"og:description\" content=\"(CNN Espa\u00f1ol) &#8212; Varias localidades del sur y este de Espa\u00f1a fueron golpeadas con hasta 30 cm de lluvia en solo unas pocas horas el martes, en lo que marc\u00f3 la peor lluvia en Valencia en 28 a\u00f1os, seg\u00fan la Agencia Estatal de Meteorolog\u00eda, AEMET. La magnitud del fen\u00f3meno tom\u00f3 por sorpresa a las autoridades [&hellip;]\" \/>\n<meta property=\"og:url\" content=\"https:\/\/noticiasya.com\/2024\/10\/30\/hubo-fallos-prevision-y-alerta-dana-tragedia-espana-orix\/\" \/>\n<meta property=\"og:site_name\" content=\"Noticias\" \/>\n<meta property=\"article:published_time\" content=\"2024-10-31T02:03:54+00:00\" \/>\n<meta name=\"twitter:card\" content=\"summary_large_image\" \/>\n<meta name=\"twitter:label1\" content=\"Est. reading time\" \/>\n\t<meta name=\"twitter:data1\" content=\"7 minutos\" \/>\n<script type=\"application\/ld+json\" class=\"yoast-schema-graph\">{\"@context\":\"https:\/\/schema.org\",\"@graph\":[{\"@type\":\"Article\",\"@id\":\"https:\/\/noticiasya.com\/2024\/10\/30\/hubo-fallos-prevision-y-alerta-dana-tragedia-espana-orix\/#article\",\"isPartOf\":{\"@id\":\"https:\/\/noticiasya.com\/2024\/10\/30\/hubo-fallos-prevision-y-alerta-dana-tragedia-espana-orix\/\"},\"author\":{\"name\":\"\",\"@id\":\"\"},\"headline\":\"Los factores alrededor de la devastaci\u00f3n por la DANA &#171;sin precedentes&#187; en Espa\u00f1a: sorpresa, cambio clim\u00e1tico y el papel de los mensajes de alerta\",\"datePublished\":\"2024-10-31T02:03:54+00:00\",\"mainEntityOfPage\":{\"@id\":\"https:\/\/noticiasya.com\/2024\/10\/30\/hubo-fallos-prevision-y-alerta-dana-tragedia-espana-orix\/\"},\"wordCount\":1491,\"commentCount\":0,\"publisher\":{\"@id\":\"https:\/\/noticiasya.com\/#organization\"},\"articleSection\":[\"Noticias Nacionales\"],\"inLanguage\":\"es\",\"potentialAction\":[{\"@type\":\"CommentAction\",\"name\":\"Comment\",\"target\":[\"https:\/\/noticiasya.com\/2024\/10\/30\/hubo-fallos-prevision-y-alerta-dana-tragedia-espana-orix\/#respond\"]}]},{\"@type\":\"WebPage\",\"@id\":\"https:\/\/noticiasya.com\/2024\/10\/30\/hubo-fallos-prevision-y-alerta-dana-tragedia-espana-orix\/\",\"url\":\"https:\/\/noticiasya.com\/2024\/10\/30\/hubo-fallos-prevision-y-alerta-dana-tragedia-espana-orix\/\",\"name\":\"Los factores alrededor de la devastaci\u00f3n por la DANA \\\"sin precedentes\\\" en Espa\u00f1a: sorpresa, cambio clim\u00e1tico y el papel de los mensajes de alerta - Noticias\",\"isPartOf\":{\"@id\":\"https:\/\/noticiasya.com\/#website\"},\"datePublished\":\"2024-10-31T02:03:54+00:00\",\"breadcrumb\":{\"@id\":\"https:\/\/noticiasya.com\/2024\/10\/30\/hubo-fallos-prevision-y-alerta-dana-tragedia-espana-orix\/#breadcrumb\"},\"inLanguage\":\"es\",\"potentialAction\":[{\"@type\":\"ReadAction\",\"target\":[\"https:\/\/noticiasya.com\/2024\/10\/30\/hubo-fallos-prevision-y-alerta-dana-tragedia-espana-orix\/\"]}]},{\"@type\":\"BreadcrumbList\",\"@id\":\"https:\/\/noticiasya.com\/2024\/10\/30\/hubo-fallos-prevision-y-alerta-dana-tragedia-espana-orix\/#breadcrumb\",\"itemListElement\":[{\"@type\":\"ListItem\",\"position\":1,\"name\":\"Home\",\"item\":\"https:\/\/noticiasya.com\/\"},{\"@type\":\"ListItem\",\"position\":2,\"name\":\"Los factores alrededor de la devastaci\u00f3n por la DANA &#171;sin precedentes&#187; en Espa\u00f1a: sorpresa, cambio clim\u00e1tico y el papel de los mensajes de alerta\"}]},{\"@type\":\"WebSite\",\"@id\":\"https:\/\/noticiasya.com\/#website\",\"url\":\"https:\/\/noticiasya.com\/\",\"name\":\"Noticias\",\"description\":\"Lo que importa\",\"publisher\":{\"@id\":\"https:\/\/noticiasya.com\/#organization\"},\"potentialAction\":[{\"@type\":\"SearchAction\",\"target\":{\"@type\":\"EntryPoint\",\"urlTemplate\":\"https:\/\/noticiasya.com\/?s={search_term_string}\"},\"query-input\":{\"@type\":\"PropertyValueSpecification\",\"valueRequired\":true,\"valueName\":\"search_term_string\"}}],\"inLanguage\":\"es\"},{\"@type\":\"Organization\",\"@id\":\"https:\/\/noticiasya.com\/#organization\",\"name\":\"Noticias\",\"url\":\"https:\/\/noticiasya.com\/\",\"logo\":{\"@type\":\"ImageObject\",\"inLanguage\":\"es\",\"@id\":\"https:\/\/noticiasya.com\/#\/schema\/logo\/image\/\",\"url\":\"https:\/\/noticiasya.com\/wp-content\/uploads\/sites\/22\/2023\/12\/logo-nacional.png\",\"contentUrl\":\"https:\/\/noticiasya.com\/wp-content\/uploads\/sites\/22\/2023\/12\/logo-nacional.png\",\"width\":1801,\"height\":691,\"caption\":\"Noticias\"},\"image\":{\"@id\":\"https:\/\/noticiasya.com\/#\/schema\/logo\/image\/\"}}]}<\/script>\n<!-- \/ Yoast SEO plugin. -->","yoast_head_json":{"title":"Los factores alrededor de la devastaci\u00f3n por la DANA \"sin precedentes\" en Espa\u00f1a: sorpresa, cambio clim\u00e1tico y el papel de los mensajes de alerta - Noticias","robots":{"index":"index","follow":"follow","max-snippet":"max-snippet:-1","max-image-preview":"max-image-preview:large","max-video-preview":"max-video-preview:-1"},"canonical":"https:\/\/noticiasya.com\/2024\/10\/30\/hubo-fallos-prevision-y-alerta-dana-tragedia-espana-orix\/","og_locale":"es_ES","og_type":"article","og_title":"Los factores alrededor de la devastaci\u00f3n por la DANA \"sin precedentes\" en Espa\u00f1a: sorpresa, cambio clim\u00e1tico y el papel de los mensajes de alerta - Noticias","og_description":"(CNN Espa\u00f1ol) &#8212; Varias localidades del sur y este de Espa\u00f1a fueron golpeadas con hasta 30 cm de lluvia en solo unas pocas horas el martes, en lo que marc\u00f3 la peor lluvia en Valencia en 28 a\u00f1os, seg\u00fan la Agencia Estatal de Meteorolog\u00eda, AEMET. La magnitud del fen\u00f3meno tom\u00f3 por sorpresa a las autoridades [&hellip;]","og_url":"https:\/\/noticiasya.com\/2024\/10\/30\/hubo-fallos-prevision-y-alerta-dana-tragedia-espana-orix\/","og_site_name":"Noticias","article_published_time":"2024-10-31T02:03:54+00:00","twitter_card":"summary_large_image","twitter_misc":{"Est. reading time":"7 minutos"},"schema":{"@context":"https:\/\/schema.org","@graph":[{"@type":"Article","@id":"https:\/\/noticiasya.com\/2024\/10\/30\/hubo-fallos-prevision-y-alerta-dana-tragedia-espana-orix\/#article","isPartOf":{"@id":"https:\/\/noticiasya.com\/2024\/10\/30\/hubo-fallos-prevision-y-alerta-dana-tragedia-espana-orix\/"},"author":{"name":"","@id":""},"headline":"Los factores alrededor de la devastaci\u00f3n por la DANA &#171;sin precedentes&#187; en Espa\u00f1a: sorpresa, cambio clim\u00e1tico y el papel de los mensajes de alerta","datePublished":"2024-10-31T02:03:54+00:00","mainEntityOfPage":{"@id":"https:\/\/noticiasya.com\/2024\/10\/30\/hubo-fallos-prevision-y-alerta-dana-tragedia-espana-orix\/"},"wordCount":1491,"commentCount":0,"publisher":{"@id":"https:\/\/noticiasya.com\/#organization"},"articleSection":["Noticias Nacionales"],"inLanguage":"es","potentialAction":[{"@type":"CommentAction","name":"Comment","target":["https:\/\/noticiasya.com\/2024\/10\/30\/hubo-fallos-prevision-y-alerta-dana-tragedia-espana-orix\/#respond"]}]},{"@type":"WebPage","@id":"https:\/\/noticiasya.com\/2024\/10\/30\/hubo-fallos-prevision-y-alerta-dana-tragedia-espana-orix\/","url":"https:\/\/noticiasya.com\/2024\/10\/30\/hubo-fallos-prevision-y-alerta-dana-tragedia-espana-orix\/","name":"Los factores alrededor de la devastaci\u00f3n por la DANA \"sin precedentes\" en Espa\u00f1a: sorpresa, cambio clim\u00e1tico y el papel de los mensajes de alerta - Noticias","isPartOf":{"@id":"https:\/\/noticiasya.com\/#website"},"datePublished":"2024-10-31T02:03:54+00:00","breadcrumb":{"@id":"https:\/\/noticiasya.com\/2024\/10\/30\/hubo-fallos-prevision-y-alerta-dana-tragedia-espana-orix\/#breadcrumb"},"inLanguage":"es","potentialAction":[{"@type":"ReadAction","target":["https:\/\/noticiasya.com\/2024\/10\/30\/hubo-fallos-prevision-y-alerta-dana-tragedia-espana-orix\/"]}]},{"@type":"BreadcrumbList","@id":"https:\/\/noticiasya.com\/2024\/10\/30\/hubo-fallos-prevision-y-alerta-dana-tragedia-espana-orix\/#breadcrumb","itemListElement":[{"@type":"ListItem","position":1,"name":"Home","item":"https:\/\/noticiasya.com\/"},{"@type":"ListItem","position":2,"name":"Los factores alrededor de la devastaci\u00f3n por la DANA &#171;sin precedentes&#187; en Espa\u00f1a: sorpresa, cambio clim\u00e1tico y el papel de los mensajes de alerta"}]},{"@type":"WebSite","@id":"https:\/\/noticiasya.com\/#website","url":"https:\/\/noticiasya.com\/","name":"Noticias","description":"Lo que importa","publisher":{"@id":"https:\/\/noticiasya.com\/#organization"},"potentialAction":[{"@type":"SearchAction","target":{"@type":"EntryPoint","urlTemplate":"https:\/\/noticiasya.com\/?s={search_term_string}"},"query-input":{"@type":"PropertyValueSpecification","valueRequired":true,"valueName":"search_term_string"}}],"inLanguage":"es"},{"@type":"Organization","@id":"https:\/\/noticiasya.com\/#organization","name":"Noticias","url":"https:\/\/noticiasya.com\/","logo":{"@type":"ImageObject","inLanguage":"es","@id":"https:\/\/noticiasya.com\/#\/schema\/logo\/image\/","url":"https:\/\/noticiasya.com\/wp-content\/uploads\/sites\/22\/2023\/12\/logo-nacional.png","contentUrl":"https:\/\/noticiasya.com\/wp-content\/uploads\/sites\/22\/2023\/12\/logo-nacional.png","width":1801,"height":691,"caption":"Noticias"},"image":{"@id":"https:\/\/noticiasya.com\/#\/schema\/logo\/image\/"}}]}},"parsely":{"version":"1.1.0","canonical_url":"https:\/\/noticiasya.com\/midland-odessa\/2024\/10\/30\/hubo-fallos-prevision-y-alerta-dana-tragedia-espana-orix\/","smart_links":{"inbound":0,"outbound":0},"traffic_boost_suggestions_count":0,"meta":{"@context":"https:\/\/schema.org","@type":"NewsArticle","headline":"Los factores alrededor de la devastaci\u00f3n por la DANA &#171;sin precedentes&#187; en Espa\u00f1a: sorpresa, cambio clim\u00e1tico y el papel de los mensajes de alerta","url":"http:\/\/noticiasya.com\/midland-odessa\/2024\/10\/30\/hubo-fallos-prevision-y-alerta-dana-tragedia-espana-orix\/","mainEntityOfPage":{"@type":"WebPage","@id":"http:\/\/noticiasya.com\/midland-odessa\/2024\/10\/30\/hubo-fallos-prevision-y-alerta-dana-tragedia-espana-orix\/"},"thumbnailUrl":"","image":{"@type":"ImageObject","url":""},"articleSection":"Noticias Nacionales","author":[],"creator":[],"publisher":{"@type":"Organization","name":"Noticias","logo":""},"keywords":[],"dateCreated":"2024-10-31T02:03:54Z","datePublished":"2024-10-31T02:03:54Z","dateModified":"2024-10-31T02:03:54Z"},"rendered":"<script type=\"application\/ld+json\" class=\"wp-parsely-metadata\">{\"@context\":\"https:\\\/\\\/schema.org\",\"@type\":\"NewsArticle\",\"headline\":\"Los factores alrededor de la devastaci\\u00f3n por la DANA &#171;sin precedentes&#187; en Espa\\u00f1a: sorpresa, cambio clim\\u00e1tico y el papel de los mensajes de alerta\",\"url\":\"http:\\\/\\\/noticiasya.com\\\/midland-odessa\\\/2024\\\/10\\\/30\\\/hubo-fallos-prevision-y-alerta-dana-tragedia-espana-orix\\\/\",\"mainEntityOfPage\":{\"@type\":\"WebPage\",\"@id\":\"http:\\\/\\\/noticiasya.com\\\/midland-odessa\\\/2024\\\/10\\\/30\\\/hubo-fallos-prevision-y-alerta-dana-tragedia-espana-orix\\\/\"},\"thumbnailUrl\":\"\",\"image\":{\"@type\":\"ImageObject\",\"url\":\"\"},\"articleSection\":\"Noticias Nacionales\",\"author\":[],\"creator\":[],\"publisher\":{\"@type\":\"Organization\",\"name\":\"Noticias\",\"logo\":\"\"},\"keywords\":[],\"dateCreated\":\"2024-10-31T02:03:54Z\",\"datePublished\":\"2024-10-31T02:03:54Z\",\"dateModified\":\"2024-10-31T02:03:54Z\"}<\/script>","tracker_url":"https:\/\/cdn.parsely.com\/keys\/noticiasya.com\/p.js"},"jetpack_featured_media_url":"","jetpack-related-posts":[{"id":1455431,"url":"https:\/\/noticiasya.com\/midland-odessa\/2024\/10\/29\/inundaciones-repentinas-afectan-varias-regiones-de-espana-trax\/","url_meta":{"origin":1455461,"position":0},"title":"Graves inundaciones repentinas causan muertes en Valencia y afectan varias regiones de Espa\u00f1a","author":"","date":"octubre 29, 2024","format":false,"excerpt":"(CNN) -- Algunas regiones del sur y este de Espa\u00f1a sufrieron graves inundaciones este martes debido a que en algunas zonas cayeron entre 150 y 300 mm de lluvia en tan solo unas horas.Las lluvias e inundaciones ya causaron un n\u00famero a\u00fan indeterminado de muertes en Valencia, inform\u00f3 el presidente\u2026","rel":"","context":"In &quot;Noticias Nacionales&quot;","block_context":{"text":"Noticias Nacionales","link":"https:\/\/noticiasya.com\/midland-odessa\/categoria\/noticias-nacionales"},"img":{"alt_text":"","src":"","width":0,"height":0},"classes":[]},{"id":1455765,"url":"https:\/\/noticiasya.com\/midland-odessa\/2024\/11\/12\/alerta-naranja-fuertes-lluvias-valencia-trax\/","url_meta":{"origin":1455461,"position":1},"title":"Rige el alerta naranja por fuertes lluvias en Valencia, Espa\u00f1a, este martes y mi\u00e9rcoles","author":"","date":"noviembre 12, 2024","format":false,"excerpt":"(CNN) --Despu\u00e9s de un periodo de condiciones m\u00e1s tranquilas en Espa\u00f1a, un nuevo sistema de baja presi\u00f3n llegar\u00e1 a la zona, trayendo lluvias intensas al pa\u00eds.Algunas alertas amarillas y naranjas para este martes y el mi\u00e9rcoles advierten sobre acumulaciones de lluvia de alrededor de 40 mm por hora en partes\u2026","rel":"","context":"In &quot;Noticias Nacionales&quot;","block_context":{"text":"Noticias Nacionales","link":"https:\/\/noticiasya.com\/midland-odessa\/categoria\/noticias-nacionales"},"img":{"alt_text":"","src":"","width":0,"height":0},"classes":[]},{"id":1464415,"url":"https:\/\/noticiasya.com\/midland-odessa\/2025\/07\/10\/inundaciones-clima-verano-trax\/","url_meta":{"origin":1455461,"position":2},"title":"\u00bfEst\u00e1 Estados Unidos viviendo inundaciones m\u00e1s graves este verano? Esto es lo que est\u00e1 pasando","author":"","date":"julio 10, 2025","format":false,"excerpt":"Texas. Carolina del Norte. Illinois. Nuevo M\u00e9xico. Las inundaciones repentinas han acaparado la atenci\u00f3n en la \u00faltima semana, con eventos r\u00e9cord que ocurrieron casi de forma consecutiva en todo el pa\u00eds.Tormentas lentas en Texas desataron m\u00e1s lluvia que la que normalmente cae en todo el verano el pasado 4 de\u2026","rel":"","context":"In &quot;Noticias Nacionales&quot;","block_context":{"text":"Noticias Nacionales","link":"https:\/\/noticiasya.com\/midland-odessa\/categoria\/noticias-nacionales"},"img":{"alt_text":"","src":"","width":0,"height":0},"classes":[]},{"id":1407520,"url":"https:\/\/noticiasya.com\/midland-odessa\/2022\/06\/20\/video-solo-cuatro-minutos-de-intensa-lluvia-provocan-danos-en-el-paso\/","url_meta":{"origin":1455461,"position":3},"title":"VIDEO: Solo cuatro minutos de intensa lluvia provocan da\u00f1os en El Paso","author":"agomez","date":"junio 20, 2022","format":false,"excerpt":"El techo de un cine colaps\u00f3 por lo que las instalaciones fueron evacuadas.","rel":"","context":"In &quot;Comunidad&quot;","block_context":{"text":"Comunidad","link":"https:\/\/noticiasya.com\/midland-odessa\/categoria\/comunidad"},"img":{"alt_text":"","src":"","width":0,"height":0},"classes":[]},{"id":1444986,"url":"https:\/\/noticiasya.com\/midland-odessa\/2024\/02\/06\/mas-de-35-millones-de-personas-estan-bajo-amenaza-de-inundaciones-en-el-sur-de-california-y-se-esperan-mas-lluvias-este-martes\/","url_meta":{"origin":1455461,"position":4},"title":"M\u00e1s de 35 millones de personas est\u00e1n bajo amenaza de inundaciones en el sur de California y se esperan m\u00e1s lluvias este martes","author":"agomez","date":"febrero 6, 2024","format":false,"excerpt":"(CNN) -- Un r\u00edo atmosf\u00e9rico intenso y de larga duraci\u00f3n avanza por California, causando cortes de energ\u00eda generalizados, deslizamientos de tierra e inundaciones potencialmente mortales, mientras tambi\u00e9n produce fuertes lluvias y nieve. Este es el recuento de lo que est\u00e1 pasando:\u2013\u2013 Persisten las amenazas de lluvia y nieve: fuertes lluvias\u2026","rel":"","context":"In &quot;Noticias Nacionales&quot;","block_context":{"text":"Noticias Nacionales","link":"https:\/\/noticiasya.com\/midland-odessa\/categoria\/noticias-nacionales"},"img":{"alt_text":"","src":"","width":0,"height":0},"classes":[]},{"id":1453053,"url":"https:\/\/noticiasya.com\/midland-odessa\/2024\/09\/25\/espana-mexico-tension-diplomatica-orix\/","url_meta":{"origin":1455461,"position":5},"title":"Se eleva la tensi\u00f3n diplom\u00e1tica entre Espa\u00f1a y M\u00e9xico \u00bfCu\u00e1l es el origen del deterioro de las relaciones?","author":"","date":"septiembre 25, 2024","format":false,"excerpt":"(CNN Espa\u00f1ol) -- Espa\u00f1a y M\u00e9xico escribieron esta semana un nuevo cap\u00edtulo sobre sus relaciones diplom\u00e1ticas, cada vez m\u00e1s tirantes, debido a los desencuentros causados por la toma de posesi\u00f3n de Claudia Sheinbaum como presidenta de M\u00e9xico el pr\u00f3ximo 1 de octubre.La Canciller\u00eda espa\u00f1ola inform\u00f3 a \u00faltima hora de este\u2026","rel":"","context":"In &quot;Noticias Nacionales&quot;","block_context":{"text":"Noticias Nacionales","link":"https:\/\/noticiasya.com\/midland-odessa\/categoria\/noticias-nacionales"},"img":{"alt_text":"","src":"","width":0,"height":0},"classes":[]}],"jetpack_sharing_enabled":true,"_links":{"self":[{"href":"https:\/\/noticiasya.com\/midland-odessa\/wp-json\/wp\/v2\/posts\/1455461","targetHints":{"allow":["GET"]}}],"collection":[{"href":"https:\/\/noticiasya.com\/midland-odessa\/wp-json\/wp\/v2\/posts"}],"about":[{"href":"https:\/\/noticiasya.com\/midland-odessa\/wp-json\/wp\/v2\/types\/post"}],"replies":[{"embeddable":true,"href":"https:\/\/noticiasya.com\/midland-odessa\/wp-json\/wp\/v2\/comments?post=1455461"}],"version-history":[{"count":0,"href":"https:\/\/noticiasya.com\/midland-odessa\/wp-json\/wp\/v2\/posts\/1455461\/revisions"}],"wp:attachment":[{"href":"https:\/\/noticiasya.com\/midland-odessa\/wp-json\/wp\/v2\/media?parent=1455461"}],"wp:term":[{"taxonomy":"category","embeddable":true,"href":"https:\/\/noticiasya.com\/midland-odessa\/wp-json\/wp\/v2\/categories?post=1455461"},{"taxonomy":"post_tag","embeddable":true,"href":"https:\/\/noticiasya.com\/midland-odessa\/wp-json\/wp\/v2\/tags?post=1455461"}],"curies":[{"name":"wp","href":"https:\/\/api.w.org\/{rel}","templated":true}]}}