{"id":1455467,"date":"2024-10-31T00:03:38","date_gmt":"2024-10-31T07:03:38","guid":{"rendered":"https:\/\/noticiasya.com\/2024\/10\/31\/arnold-schwarzenegger-dice-que-votara-por-harris-trax\/"},"modified":"2024-10-31T00:03:38","modified_gmt":"2024-10-31T07:03:38","slug":"arnold-schwarzenegger-dice-que-votara-por-harris-trax","status":"publish","type":"post","link":"https:\/\/noticiasya.com\/midland-odessa\/2024\/10\/31\/arnold-schwarzenegger-dice-que-votara-por-harris-trax\/","title":{"rendered":"Arnold Schwarzenegger dice que votar\u00e1 por Harris"},"content":{"rendered":"<p>(CNN) &#8212; Arnold Schwarzenegger, exgobernador republicano de California, dijo este mi\u00e9rcoles que votar\u00e1 por la vicepresidenta Kamala Harris\u00a0y el gobernador Tim Walz en un respaldo poco com\u00fan.<\/p>\n<p>\u201cPara alguien como yo, que habla con gente de todo el mundo y todav\u00eda sabe que Estados Unidos es la ciudad brillante sobre una colina, decir que Estados Unidos es un basurero para el mundo es tan poco patri\u00f3tico que me pone furioso. Y siempre ser\u00e9 estadounidense antes que republicano. Por eso, esta semana, votar\u00e9 por Kamala Harris y Tim Walz\u201d, dijo Schwarzenegger en una publicaci\u00f3n en X.<\/p>\n<p>El famoso actor y republicano de larga trayectoria critic\u00f3 a Donald Trump y dijo que un segundo mandato del expresidente har\u00eda que la gente estuviera \u201ccada vez m\u00e1s enojada, m\u00e1s dividida y m\u00e1s odiosa\u201d.<\/p>\n<p>\u201cDividir\u00e1, insultar\u00e1, encontrar\u00e1 nuevas formas de ser m\u00e1s antiestadounidense de lo que ya ha sido, y nosotros, el pueblo, no conseguiremos nada m\u00e1s que m\u00e1s ira\u201d, dijo Schwarzenegger. La semana pasada, Trump dijo que Estados Unidos es \u201ccomo un basurero para el mundo\u201d mientras despotricaba contra la inmigraci\u00f3n ilegal en un mitin de campa\u00f1a en Arizona.<\/p>\n<p>Schwarzenegger ha criticado abiertamente al expresidente en los \u00faltimos a\u00f1os. Tras la insurrecci\u00f3n del 6 de enero de 2021, Schwarzenegger dijo que Trump ser\u00eda recordado como el peor presidente de la historia de Estados Unidos e inst\u00f3 a la unidad entre los estadounidenses.<\/p>\n<p>Despu\u00e9s de que el expresidente emergiera como el claro favorito para la nominaci\u00f3n del Partido Republicano el a\u00f1o pasado, Schwarzenegger habl\u00f3 con Dana Bash de CNN y predijo que Trump perder\u00eda las elecciones de 2024 porque los republicanos hab\u00edan cavado un hoyo con \u00e9l como l\u00edder del partido.<\/p>\n<p>&#171;Es triste ver eso. No pudieron encontrar un nuevo talento, con un nuevo rostro, que sea una persona razonable, lista e inteligente que pueda liderar este pa\u00eds de una manera republicana&#187;, dijo a Bash.<\/p>\n<p>La disputa entre ambos se remonta al primer mandato de Trump , despu\u00e9s de que Schwarzenegger se hiciera cargo del preciado programa del expresidente, &#171;The Celebrity Apprentice&#187;, en 2015. Trump se burl\u00f3 del programa, titulado &#171;The New Celebrity Apprentice&#187;, por los bajos \u00edndices de audiencia en 2017, y Schwarzenegger respondi\u00f3: &#171;Oye Donald, tengo una gran idea. \u00bfPor qu\u00e9 no cambiamos de trabajo?&#187;. Schwarzenegger cort\u00f3 lazos con el programa en 2017.<\/p>\n<p>En su publicaci\u00f3n del mi\u00e9rcoles, Schwarzenegger agreg\u00f3: \u201cQuiero avanzar como pa\u00eds, y aunque tengo muchos desacuerdos con su plataforma, creo que la \u00fanica forma de hacerlo es con Harris y Walz\u201d.<\/p>\n<p>Buzz Aldrin apoya a Trump<\/p>\n<p>Mientras tanto, el astronauta retirado Edwin \u201cBuzz\u201d Aldrin apoy\u00f3 a Trump este mi\u00e9rcoles.<\/p>\n<p>Aldrin, el \u00faltimo miembro sobreviviente de la misi\u00f3n Apolo 11 de la NASA y la segunda persona en caminar sobre la Luna, elogi\u00f3 el primer mandato de Trump y cit\u00f3 espec\u00edficamente las pol\u00edticas espaciales anteriores del expresidente en una declaraci\u00f3n que anunciaba el respaldo.<\/p>\n<p>El hombre de 94 a\u00f1os dijo que ha visto &#171;el enfoque del gobierno hacia el espacio crecer y menguar, una din\u00e1mica fluctuante que me ha decepcionado de vez en cuando. Pero bajo la primera administraci\u00f3n de Trump, me impresion\u00f3 ver c\u00f3mo la exploraci\u00f3n espacial humana se elev\u00f3, se convirti\u00f3 nuevamente en una pol\u00edtica de gran importancia. Bajo el primer mandato del presidente Trump, Estados Unidos vio un renovado inter\u00e9s en el espacio&#187;.<\/p>\n<p>En 2018, el astronauta retirado aplaudi\u00f3 la creaci\u00f3n de la Fuerza Espacial por parte de la administraci\u00f3n Trump, que se convirti\u00f3 en el servicio militar m\u00e1s nuevo cuando Trump firm\u00f3 su existencia el a\u00f1o siguiente.<\/p>\n<p>En su declaraci\u00f3n del mi\u00e9rcoles, Aldrin a\u00f1adi\u00f3: \u201cMe han entusiasmado y emocionado los grandes avances en la econom\u00eda espacial del sector privado, liderados por visionarios como Elon Musk. Son logros concretos que se alinean con mis preocupaciones y las prioridades pol\u00edticas de Estados Unidos\u201d.<\/p>\n<p>\u201cPara m\u00ed, para el futuro de nuestra naci\u00f3n, para enfrentar enormes desaf\u00edos y por los logros pol\u00edticos demostrados anteriormente, creo que la mejor manera de servir a la naci\u00f3n es votar por Donald J. Trump\u201d, dijo.<\/p>\n<p>Sandra Gonz\u00e1lez de CNN contribuy\u00f3 a este informe.<\/p>\n<p>The-CNN-Wire<br \/>&trade; &amp; &copy; 2024 Cable News Network, Inc., a Warner Bros. Discovery Company. All rights reserved.<\/p>\n","protected":false},"excerpt":{"rendered":"<p>(CNN) &#8212; Arnold Schwarzenegger, exgobernador republicano de California, dijo este mi\u00e9rcoles que votar\u00e1 por la vicepresidenta Kamala Harris\u00a0y el gobernador Tim Walz en un respaldo poco com\u00fan. \u201cPara alguien como yo, que habla con gente de todo el mundo y todav\u00eda sabe que Estados Unidos es la ciudad brillante sobre una colina, decir que Estados [&hellip;]<\/p>\n","protected":false},"author":0,"featured_media":0,"comment_status":"open","ping_status":"open","sticky":false,"template":"","format":"standard","meta":{"_jetpack_memberships_contains_paid_content":false,"footnotes":""},"categories":[10],"tags":[],"class_list":["post-1455467","post","type-post","status-publish","format-standard","hentry","category-noticias-nacionales","market-global"],"yoast_head":"<!-- This site is optimized with the Yoast SEO plugin v24.4 - https:\/\/yoast.com\/wordpress\/plugins\/seo\/ -->\n<title>Arnold Schwarzenegger dice que votar\u00e1 por Harris - Noticias<\/title>\n<meta name=\"robots\" content=\"index, follow, max-snippet:-1, max-image-preview:large, max-video-preview:-1\" \/>\n<link rel=\"canonical\" href=\"https:\/\/noticiasya.com\/2024\/10\/31\/arnold-schwarzenegger-dice-que-votara-por-harris-trax\/\" \/>\n<meta property=\"og:locale\" content=\"es_ES\" \/>\n<meta property=\"og:type\" content=\"article\" \/>\n<meta property=\"og:title\" content=\"Arnold Schwarzenegger dice que votar\u00e1 por Harris - Noticias\" \/>\n<meta property=\"og:description\" content=\"(CNN) &#8212; Arnold Schwarzenegger, exgobernador republicano de California, dijo este mi\u00e9rcoles que votar\u00e1 por la vicepresidenta Kamala Harris\u00a0y el gobernador Tim Walz en un respaldo poco com\u00fan. \u201cPara alguien como yo, que habla con gente de todo el mundo y todav\u00eda sabe que Estados Unidos es la ciudad brillante sobre una colina, decir que Estados [&hellip;]\" \/>\n<meta property=\"og:url\" content=\"https:\/\/noticiasya.com\/2024\/10\/31\/arnold-schwarzenegger-dice-que-votara-por-harris-trax\/\" \/>\n<meta property=\"og:site_name\" content=\"Noticias\" \/>\n<meta property=\"article:published_time\" content=\"2024-10-31T07:03:38+00:00\" \/>\n<meta name=\"twitter:card\" content=\"summary_large_image\" \/>\n<meta name=\"twitter:label1\" content=\"Est. reading time\" \/>\n\t<meta name=\"twitter:data1\" content=\"4 minutos\" \/>\n<script type=\"application\/ld+json\" class=\"yoast-schema-graph\">{\"@context\":\"https:\/\/schema.org\",\"@graph\":[{\"@type\":\"Article\",\"@id\":\"https:\/\/noticiasya.com\/2024\/10\/31\/arnold-schwarzenegger-dice-que-votara-por-harris-trax\/#article\",\"isPartOf\":{\"@id\":\"https:\/\/noticiasya.com\/2024\/10\/31\/arnold-schwarzenegger-dice-que-votara-por-harris-trax\/\"},\"author\":{\"name\":\"\",\"@id\":\"\"},\"headline\":\"Arnold Schwarzenegger dice que votar\u00e1 por Harris\",\"datePublished\":\"2024-10-31T07:03:38+00:00\",\"mainEntityOfPage\":{\"@id\":\"https:\/\/noticiasya.com\/2024\/10\/31\/arnold-schwarzenegger-dice-que-votara-por-harris-trax\/\"},\"wordCount\":736,\"commentCount\":0,\"publisher\":{\"@id\":\"https:\/\/noticiasya.com\/#organization\"},\"articleSection\":[\"Noticias Nacionales\"],\"inLanguage\":\"es\",\"potentialAction\":[{\"@type\":\"CommentAction\",\"name\":\"Comment\",\"target\":[\"https:\/\/noticiasya.com\/2024\/10\/31\/arnold-schwarzenegger-dice-que-votara-por-harris-trax\/#respond\"]}]},{\"@type\":\"WebPage\",\"@id\":\"https:\/\/noticiasya.com\/2024\/10\/31\/arnold-schwarzenegger-dice-que-votara-por-harris-trax\/\",\"url\":\"https:\/\/noticiasya.com\/2024\/10\/31\/arnold-schwarzenegger-dice-que-votara-por-harris-trax\/\",\"name\":\"Arnold Schwarzenegger dice que votar\u00e1 por Harris - Noticias\",\"isPartOf\":{\"@id\":\"https:\/\/noticiasya.com\/#website\"},\"datePublished\":\"2024-10-31T07:03:38+00:00\",\"breadcrumb\":{\"@id\":\"https:\/\/noticiasya.com\/2024\/10\/31\/arnold-schwarzenegger-dice-que-votara-por-harris-trax\/#breadcrumb\"},\"inLanguage\":\"es\",\"potentialAction\":[{\"@type\":\"ReadAction\",\"target\":[\"https:\/\/noticiasya.com\/2024\/10\/31\/arnold-schwarzenegger-dice-que-votara-por-harris-trax\/\"]}]},{\"@type\":\"BreadcrumbList\",\"@id\":\"https:\/\/noticiasya.com\/2024\/10\/31\/arnold-schwarzenegger-dice-que-votara-por-harris-trax\/#breadcrumb\",\"itemListElement\":[{\"@type\":\"ListItem\",\"position\":1,\"name\":\"Home\",\"item\":\"https:\/\/noticiasya.com\/\"},{\"@type\":\"ListItem\",\"position\":2,\"name\":\"Arnold Schwarzenegger dice que votar\u00e1 por Harris\"}]},{\"@type\":\"WebSite\",\"@id\":\"https:\/\/noticiasya.com\/#website\",\"url\":\"https:\/\/noticiasya.com\/\",\"name\":\"Noticias\",\"description\":\"Lo que importa\",\"publisher\":{\"@id\":\"https:\/\/noticiasya.com\/#organization\"},\"potentialAction\":[{\"@type\":\"SearchAction\",\"target\":{\"@type\":\"EntryPoint\",\"urlTemplate\":\"https:\/\/noticiasya.com\/?s={search_term_string}\"},\"query-input\":{\"@type\":\"PropertyValueSpecification\",\"valueRequired\":true,\"valueName\":\"search_term_string\"}}],\"inLanguage\":\"es\"},{\"@type\":\"Organization\",\"@id\":\"https:\/\/noticiasya.com\/#organization\",\"name\":\"Noticias\",\"url\":\"https:\/\/noticiasya.com\/\",\"logo\":{\"@type\":\"ImageObject\",\"inLanguage\":\"es\",\"@id\":\"https:\/\/noticiasya.com\/#\/schema\/logo\/image\/\",\"url\":\"https:\/\/noticiasya.com\/wp-content\/uploads\/sites\/22\/2023\/12\/logo-nacional.png\",\"contentUrl\":\"https:\/\/noticiasya.com\/wp-content\/uploads\/sites\/22\/2023\/12\/logo-nacional.png\",\"width\":1801,\"height\":691,\"caption\":\"Noticias\"},\"image\":{\"@id\":\"https:\/\/noticiasya.com\/#\/schema\/logo\/image\/\"}}]}<\/script>\n<!-- \/ Yoast SEO plugin. -->","yoast_head_json":{"title":"Arnold Schwarzenegger dice que votar\u00e1 por Harris - Noticias","robots":{"index":"index","follow":"follow","max-snippet":"max-snippet:-1","max-image-preview":"max-image-preview:large","max-video-preview":"max-video-preview:-1"},"canonical":"https:\/\/noticiasya.com\/2024\/10\/31\/arnold-schwarzenegger-dice-que-votara-por-harris-trax\/","og_locale":"es_ES","og_type":"article","og_title":"Arnold Schwarzenegger dice que votar\u00e1 por Harris - Noticias","og_description":"(CNN) &#8212; Arnold Schwarzenegger, exgobernador republicano de California, dijo este mi\u00e9rcoles que votar\u00e1 por la vicepresidenta Kamala Harris\u00a0y el gobernador Tim Walz en un respaldo poco com\u00fan. \u201cPara alguien como yo, que habla con gente de todo el mundo y todav\u00eda sabe que Estados Unidos es la ciudad brillante sobre una colina, decir que Estados [&hellip;]","og_url":"https:\/\/noticiasya.com\/2024\/10\/31\/arnold-schwarzenegger-dice-que-votara-por-harris-trax\/","og_site_name":"Noticias","article_published_time":"2024-10-31T07:03:38+00:00","twitter_card":"summary_large_image","twitter_misc":{"Est. reading time":"4 minutos"},"schema":{"@context":"https:\/\/schema.org","@graph":[{"@type":"Article","@id":"https:\/\/noticiasya.com\/2024\/10\/31\/arnold-schwarzenegger-dice-que-votara-por-harris-trax\/#article","isPartOf":{"@id":"https:\/\/noticiasya.com\/2024\/10\/31\/arnold-schwarzenegger-dice-que-votara-por-harris-trax\/"},"author":{"name":"","@id":""},"headline":"Arnold Schwarzenegger dice que votar\u00e1 por Harris","datePublished":"2024-10-31T07:03:38+00:00","mainEntityOfPage":{"@id":"https:\/\/noticiasya.com\/2024\/10\/31\/arnold-schwarzenegger-dice-que-votara-por-harris-trax\/"},"wordCount":736,"commentCount":0,"publisher":{"@id":"https:\/\/noticiasya.com\/#organization"},"articleSection":["Noticias Nacionales"],"inLanguage":"es","potentialAction":[{"@type":"CommentAction","name":"Comment","target":["https:\/\/noticiasya.com\/2024\/10\/31\/arnold-schwarzenegger-dice-que-votara-por-harris-trax\/#respond"]}]},{"@type":"WebPage","@id":"https:\/\/noticiasya.com\/2024\/10\/31\/arnold-schwarzenegger-dice-que-votara-por-harris-trax\/","url":"https:\/\/noticiasya.com\/2024\/10\/31\/arnold-schwarzenegger-dice-que-votara-por-harris-trax\/","name":"Arnold Schwarzenegger dice que votar\u00e1 por Harris - Noticias","isPartOf":{"@id":"https:\/\/noticiasya.com\/#website"},"datePublished":"2024-10-31T07:03:38+00:00","breadcrumb":{"@id":"https:\/\/noticiasya.com\/2024\/10\/31\/arnold-schwarzenegger-dice-que-votara-por-harris-trax\/#breadcrumb"},"inLanguage":"es","potentialAction":[{"@type":"ReadAction","target":["https:\/\/noticiasya.com\/2024\/10\/31\/arnold-schwarzenegger-dice-que-votara-por-harris-trax\/"]}]},{"@type":"BreadcrumbList","@id":"https:\/\/noticiasya.com\/2024\/10\/31\/arnold-schwarzenegger-dice-que-votara-por-harris-trax\/#breadcrumb","itemListElement":[{"@type":"ListItem","position":1,"name":"Home","item":"https:\/\/noticiasya.com\/"},{"@type":"ListItem","position":2,"name":"Arnold Schwarzenegger dice que votar\u00e1 por Harris"}]},{"@type":"WebSite","@id":"https:\/\/noticiasya.com\/#website","url":"https:\/\/noticiasya.com\/","name":"Noticias","description":"Lo que importa","publisher":{"@id":"https:\/\/noticiasya.com\/#organization"},"potentialAction":[{"@type":"SearchAction","target":{"@type":"EntryPoint","urlTemplate":"https:\/\/noticiasya.com\/?s={search_term_string}"},"query-input":{"@type":"PropertyValueSpecification","valueRequired":true,"valueName":"search_term_string"}}],"inLanguage":"es"},{"@type":"Organization","@id":"https:\/\/noticiasya.com\/#organization","name":"Noticias","url":"https:\/\/noticiasya.com\/","logo":{"@type":"ImageObject","inLanguage":"es","@id":"https:\/\/noticiasya.com\/#\/schema\/logo\/image\/","url":"https:\/\/noticiasya.com\/wp-content\/uploads\/sites\/22\/2023\/12\/logo-nacional.png","contentUrl":"https:\/\/noticiasya.com\/wp-content\/uploads\/sites\/22\/2023\/12\/logo-nacional.png","width":1801,"height":691,"caption":"Noticias"},"image":{"@id":"https:\/\/noticiasya.com\/#\/schema\/logo\/image\/"}}]}},"parsely":{"version":"1.1.0","canonical_url":"https:\/\/noticiasya.com\/midland-odessa\/2024\/10\/31\/arnold-schwarzenegger-dice-que-votara-por-harris-trax\/","smart_links":{"inbound":0,"outbound":0},"traffic_boost_suggestions_count":0,"meta":{"@context":"https:\/\/schema.org","@type":"NewsArticle","headline":"Arnold Schwarzenegger dice que votar\u00e1 por Harris","url":"http:\/\/noticiasya.com\/midland-odessa\/2024\/10\/31\/arnold-schwarzenegger-dice-que-votara-por-harris-trax\/","mainEntityOfPage":{"@type":"WebPage","@id":"http:\/\/noticiasya.com\/midland-odessa\/2024\/10\/31\/arnold-schwarzenegger-dice-que-votara-por-harris-trax\/"},"thumbnailUrl":"","image":{"@type":"ImageObject","url":""},"articleSection":"Noticias Nacionales","author":[],"creator":[],"publisher":{"@type":"Organization","name":"Noticias","logo":""},"keywords":[],"dateCreated":"2024-10-31T07:03:38Z","datePublished":"2024-10-31T07:03:38Z","dateModified":"2024-10-31T07:03:38Z"},"rendered":"<script type=\"application\/ld+json\" class=\"wp-parsely-metadata\">{\"@context\":\"https:\\\/\\\/schema.org\",\"@type\":\"NewsArticle\",\"headline\":\"Arnold Schwarzenegger dice que votar\\u00e1 por Harris\",\"url\":\"http:\\\/\\\/noticiasya.com\\\/midland-odessa\\\/2024\\\/10\\\/31\\\/arnold-schwarzenegger-dice-que-votara-por-harris-trax\\\/\",\"mainEntityOfPage\":{\"@type\":\"WebPage\",\"@id\":\"http:\\\/\\\/noticiasya.com\\\/midland-odessa\\\/2024\\\/10\\\/31\\\/arnold-schwarzenegger-dice-que-votara-por-harris-trax\\\/\"},\"thumbnailUrl\":\"\",\"image\":{\"@type\":\"ImageObject\",\"url\":\"\"},\"articleSection\":\"Noticias Nacionales\",\"author\":[],\"creator\":[],\"publisher\":{\"@type\":\"Organization\",\"name\":\"Noticias\",\"logo\":\"\"},\"keywords\":[],\"dateCreated\":\"2024-10-31T07:03:38Z\",\"datePublished\":\"2024-10-31T07:03:38Z\",\"dateModified\":\"2024-10-31T07:03:38Z\"}<\/script>","tracker_url":"https:\/\/cdn.parsely.com\/keys\/noticiasya.com\/p.js"},"jetpack_featured_media_url":"","jetpack-related-posts":[{"id":1451712,"url":"https:\/\/noticiasya.com\/midland-odessa\/2024\/08\/10\/tim-walz-china-lazos-harris-trax\/","url_meta":{"origin":1455467,"position":0},"title":"El elegido por Kamala Harris para vicepresidente tiene una larga historia con China. Pero puede que a Beijing no le haga mucha gracia","author":"","date":"agosto 10, 2024","format":false,"excerpt":"(CNN) -- El compa\u00f1ero de f\u00f3rmula de la presunta candidata presidencial dem\u00f3crata Kamala Harris tiene una larga relaci\u00f3n con China. Pero a los ojos de Beijing, eso puede no ser necesariamente una buena noticia.Tim Walz se traslad\u00f3 a China reci\u00e9n salido de la universidad en 1989 para ense\u00f1ar en un\u2026","rel":"","context":"In &quot;Noticias Nacionales&quot;","block_context":{"text":"Noticias Nacionales","link":"https:\/\/noticiasya.com\/midland-odessa\/categoria\/noticias-nacionales"},"img":{"alt_text":"","src":"","width":0,"height":0},"classes":[]},{"id":1452286,"url":"https:\/\/noticiasya.com\/midland-odessa\/2024\/08\/30\/conclusiones-entrevista-cnn-harris-walz-trax\/","url_meta":{"origin":1455467,"position":1},"title":"Conclusiones de la entrevista de CNN a Kamala Harris y Tim Walz","author":"","date":"agosto 30, 2024","format":false,"excerpt":"(CNN) -- La vicepresidenta Kamala Harris dijo sentirse \"profundamente conmovida\" por una foto de su sobrina nieta, con coletas, vi\u00e9ndola hablar en la Convenci\u00f3n Nacional Dem\u00f3crata en Chicago la semana pasada.Aunque Harris no ha hecho hincapi\u00e9 en ello \u2013ha dicho que se presenta para ser presidenta de \"todos los estadounidenses\"\u2013,\u2026","rel":"","context":"In &quot;Noticias Nacionales&quot;","block_context":{"text":"Noticias Nacionales","link":"https:\/\/noticiasya.com\/midland-odessa\/categoria\/noticias-nacionales"},"img":{"alt_text":"","src":"","width":0,"height":0},"classes":[]},{"id":1455388,"url":"https:\/\/noticiasya.com\/midland-odessa\/2024\/10\/27\/comediante-insulto-puerto-rico-mitin-trump-nueva-york-trax\/","url_meta":{"origin":1455467,"position":2},"title":"Comediante hace comentario ofensivo sobre Puerto Rico en un mitin de Trump: la calific\u00f3 de \u201cisla flotante de basura\u201d","author":"","date":"octubre 27, 2024","format":false,"excerpt":"(CNN) \u2013\u2013 Un orador que particip\u00f3 en el mitin del expresidente Donald Trump en el Madison Square Garden este domingo se refiri\u00f3 a Puerto Rico como una \u201cisla flotante de basura\u201d.El comediante Tony Hinchcliffe, quien presenta el podcast \u201cKill Tony\u201d, fue el primer orador durante la programaci\u00f3n del mitin de\u2026","rel":"","context":"In &quot;Noticias Nacionales&quot;","block_context":{"text":"Noticias Nacionales","link":"https:\/\/noticiasya.com\/midland-odessa\/categoria\/noticias-nacionales"},"img":{"alt_text":"","src":"","width":0,"height":0},"classes":[]},{"id":1452322,"url":"https:\/\/noticiasya.com\/midland-odessa\/2024\/08\/31\/harris-trump-copiten-por-centro-trax\/","url_meta":{"origin":1455467,"position":3},"title":"AN\u00c1LISIS | Harris y Trump compiten por el centro","author":"","date":"agosto 31, 2024","format":false,"excerpt":"(CNN) -- La semana cerr\u00f3 con algunas promesas interesantes y fuera del libreto sobre Medio Ambiente por parte de Kamala Harris, y sobre el aborto por parte de Donald Trump.Harris cambiaLa vicepresidenta y candidata presidencial dem\u00f3crata dej\u00f3 muy claro durante una entrevista exclusiva con CNN que ahora apoya el fracking,\u2026","rel":"","context":"In &quot;Noticias Nacionales&quot;","block_context":{"text":"Noticias Nacionales","link":"https:\/\/noticiasya.com\/midland-odessa\/categoria\/noticias-nacionales"},"img":{"alt_text":"","src":"","width":0,"height":0},"classes":[]},{"id":1453275,"url":"https:\/\/noticiasya.com\/midland-odessa\/2024\/10\/02\/conclusiones-debate-candidatos-vicepresidencia-estados-unidos-trax\/","url_meta":{"origin":1455467,"position":4},"title":"Conclusiones del debate de candidatos a la vicepresidencia entre Vance y Walz","author":"","date":"octubre 2, 2024","format":false,"excerpt":"(CNN) --\u00a0El debate de candidatos a la vicepresidencia entre el senador de Ohio, J. D. Vance, y el gobernador de Minnesota, Tim Walz, fue algo que se ha vuelto cada vez m\u00e1s raro en la pol\u00edtica estadounidense moderna: normal.En un evento que es poco probable que cambie la trayectoria de\u2026","rel":"","context":"In &quot;Noticias Nacionales&quot;","block_context":{"text":"Noticias Nacionales","link":"https:\/\/noticiasya.com\/midland-odessa\/categoria\/noticias-nacionales"},"img":{"alt_text":"","src":"","width":0,"height":0},"classes":[]},{"id":1451679,"url":"https:\/\/noticiasya.com\/midland-odessa\/2024\/08\/08\/analisis-harris-vance-medio-oeste-trump-trax\/","url_meta":{"origin":1455467,"position":5},"title":"AN\u00c1LISIS | Trump se queda en casa, dejando que Vance desaf\u00ede a Harris y Walz en el Medio Oeste de EE.UU.","author":"","date":"agosto 8, 2024","format":false,"excerpt":"(CNN) -- Era el primer gran d\u00eda de la lucha por el Medio Oeste de Estados Unidos que probablemente decida las elecciones de 2024, y faltaba alguien importante: el expresidente Donald Trump.El candidato republicano dej\u00f3 en manos de su compa\u00f1ero de f\u00f3rmula vicepresidencial, el senador de Ohio J.D. Vance, la\u2026","rel":"","context":"In &quot;Noticias Nacionales&quot;","block_context":{"text":"Noticias Nacionales","link":"https:\/\/noticiasya.com\/midland-odessa\/categoria\/noticias-nacionales"},"img":{"alt_text":"","src":"","width":0,"height":0},"classes":[]}],"jetpack_sharing_enabled":true,"_links":{"self":[{"href":"https:\/\/noticiasya.com\/midland-odessa\/wp-json\/wp\/v2\/posts\/1455467","targetHints":{"allow":["GET"]}}],"collection":[{"href":"https:\/\/noticiasya.com\/midland-odessa\/wp-json\/wp\/v2\/posts"}],"about":[{"href":"https:\/\/noticiasya.com\/midland-odessa\/wp-json\/wp\/v2\/types\/post"}],"replies":[{"embeddable":true,"href":"https:\/\/noticiasya.com\/midland-odessa\/wp-json\/wp\/v2\/comments?post=1455467"}],"version-history":[{"count":0,"href":"https:\/\/noticiasya.com\/midland-odessa\/wp-json\/wp\/v2\/posts\/1455467\/revisions"}],"wp:attachment":[{"href":"https:\/\/noticiasya.com\/midland-odessa\/wp-json\/wp\/v2\/media?parent=1455467"}],"wp:term":[{"taxonomy":"category","embeddable":true,"href":"https:\/\/noticiasya.com\/midland-odessa\/wp-json\/wp\/v2\/categories?post=1455467"},{"taxonomy":"post_tag","embeddable":true,"href":"https:\/\/noticiasya.com\/midland-odessa\/wp-json\/wp\/v2\/tags?post=1455467"}],"curies":[{"name":"wp","href":"https:\/\/api.w.org\/{rel}","templated":true}]}}