{"id":1455470,"date":"2024-10-31T05:03:50","date_gmt":"2024-10-31T12:03:50","guid":{"rendered":"https:\/\/noticiasya.com\/2024\/10\/31\/dia-todos-santos-historia-tradiciones-festividad-trax\/"},"modified":"2024-10-31T05:03:50","modified_gmt":"2024-10-31T12:03:50","slug":"dia-todos-santos-historia-tradiciones-festividad-trax","status":"publish","type":"post","link":"https:\/\/noticiasya.com\/midland-odessa\/2024\/10\/31\/dia-todos-santos-historia-tradiciones-festividad-trax\/","title":{"rendered":"D\u00eda de Todos los Santos: origen, historia y por qu\u00e9 se celebra esta tradici\u00f3n"},"content":{"rendered":"<p>(CNN) &#8212; Cada a\u00f1o, el 1 de noviembre, muchos cat\u00f3licos romanos y otros cristianos de todo el mundo celebran el D\u00eda de Todos los Santos, que honra a todos los santos de la Iglesia que se considera que llegaron al cielo.<\/p>\n<p>En la Iglesia ortodoxa, el D\u00eda de Todos los Santos se celebra el primer domingo despu\u00e9s de Pentecost\u00e9s. He aqu\u00ed un repaso a la historia y las tradiciones de esta feriado religioso.<\/p>\n<p>De d\u00f3nde proviene el D\u00eda de Todos los Santos<\/p>\n<p>Aunque ahora se celebra en noviembre, el D\u00eda de Todos los Santos se celebraba originalmente el 13 de mayo, pero el origen no se puede rastrear con certeza, seg\u00fan la Enciclopedia Brit\u00e1nica. El papa Bonifacio IV inici\u00f3 formalmente lo que m\u00e1s tarde se conocer\u00eda como el D\u00eda de Todos los Santos el 13 de mayo en el a\u00f1o 609, cuando dedic\u00f3 el Pante\u00f3n de Roma como iglesia en honor a la Virgen Mar\u00eda y a todos los m\u00e1rtires.<\/p>\n<p>La fecha actual del 1 de noviembre fue establecida por el papa Gregorio III durante su mandato (731-741) cuando dedic\u00f3 una capilla en la Bas\u00edlica de San Pedro de Roma en honor a todos los santos.<\/p>\n<p>Aunque en un principio esta celebraci\u00f3n se limitaba a Roma, m\u00e1s tarde, en el a\u00f1o 837, el papa Gregorio IV orden\u00f3 la observancia oficial del D\u00eda de Todos los Santos cada 1 de noviembre y extendi\u00f3 su celebraci\u00f3n a toda la Iglesia.<\/p>\n<p>Todos los Santos significa realmente TODOS los santos<\/p>\n<p>Mientras que muchos santos canonizados se celebran con sus propias fiestas individuales (como san Patricio), los santos que no han sido canonizados no tienen una celebraci\u00f3n en particular.<\/p>\n<p>El D\u00eda de Todos los Santos reconoce a aquellos cuya santidad solo la conoce Dios. Aun as\u00ed, las celebraciones cat\u00f3licas tienden a centrarse en los santos conocidos, los canonizados por la Iglesia cat\u00f3lica.<\/p>\n<p>\u00bfPor qu\u00e9 se celebra la muerte en M\u00e9xico? 1:26<\/p>\n<p>Una obligaci\u00f3n sagrada<\/p>\n<p>Seg\u00fan Catholic Online, dentro de la Iglesia cat\u00f3lica, el D\u00eda de Todos los Santos se considera generalmente un D\u00eda Santo de Obligaci\u00f3n, lo que significa que todos los cat\u00f3licos deben asistir a misa a menos que est\u00e9n impedidos por enfermedad u otra excusa adecuada.<\/p>\n<p>Sin embargo, la misa no es obligatoria en 2021 porque la fiesta cae en lunes. Siempre que el 1 de noviembre caiga en lunes o s\u00e1bado, se anima a los cat\u00f3licos a asistir a la misa, pero no es obligatorio.<\/p>\n<p>Despu\u00e9s de la Reforma Protestante, muchos de los grupos protestantes mantuvieron la celebraci\u00f3n del D\u00eda de Todos los Santos. Los metodistas, por ejemplo, lo reconocen como un d\u00eda para agradecer sinceramente a dios por las vidas y muertes de los santos, seg\u00fan Christianity.com.<\/p>\n<p>Celebraciones en todo el mundo<\/p>\n<p>Si bien no es un d\u00eda festivo en Estados Unidos, el D\u00eda de Todos los Santos se celebra de manera oficial en muchos pa\u00edses.<\/p>\n<p>En Francia y Alemania, la gente tiene el d\u00eda libre y los negocios est\u00e1n cerrados.<\/p>\n<p>En pa\u00edses como Filipinas, donde el D\u00eda de Todos los Santos se conoce como &#171;Undas&#187;, el d\u00eda no es solo para recordar a los santos, sino para honrar y recordar a los seres queridos fallecidos, normalmente con oraciones, flores y buenas ofrendas.<\/p>\n<p>The-CNN-Wire<br \/>&trade; &amp; &copy; 2024 Cable News Network, Inc., a Warner Bros. Discovery Company. All rights reserved.<\/p>\n","protected":false},"excerpt":{"rendered":"<p>(CNN) &#8212; Cada a\u00f1o, el 1 de noviembre, muchos cat\u00f3licos romanos y otros cristianos de todo el mundo celebran el D\u00eda de Todos los Santos, que honra a todos los santos de la Iglesia que se considera que llegaron al cielo. En la Iglesia ortodoxa, el D\u00eda de Todos los Santos se celebra el primer [&hellip;]<\/p>\n","protected":false},"author":0,"featured_media":0,"comment_status":"open","ping_status":"open","sticky":false,"template":"","format":"standard","meta":{"_jetpack_memberships_contains_paid_content":false,"footnotes":""},"categories":[10],"tags":[],"class_list":["post-1455470","post","type-post","status-publish","format-standard","hentry","category-noticias-nacionales","market-global"],"yoast_head":"<!-- This site is optimized with the Yoast SEO plugin v24.4 - https:\/\/yoast.com\/wordpress\/plugins\/seo\/ -->\n<title>D\u00eda de Todos los Santos: origen, historia y por qu\u00e9 se celebra esta tradici\u00f3n - Noticias<\/title>\n<meta name=\"robots\" content=\"index, follow, max-snippet:-1, max-image-preview:large, max-video-preview:-1\" \/>\n<link rel=\"canonical\" href=\"https:\/\/noticiasya.com\/2024\/10\/31\/dia-todos-santos-historia-tradiciones-festividad-trax\/\" \/>\n<meta property=\"og:locale\" content=\"es_ES\" \/>\n<meta property=\"og:type\" content=\"article\" \/>\n<meta property=\"og:title\" content=\"D\u00eda de Todos los Santos: origen, historia y por qu\u00e9 se celebra esta tradici\u00f3n - Noticias\" \/>\n<meta property=\"og:description\" content=\"(CNN) &#8212; Cada a\u00f1o, el 1 de noviembre, muchos cat\u00f3licos romanos y otros cristianos de todo el mundo celebran el D\u00eda de Todos los Santos, que honra a todos los santos de la Iglesia que se considera que llegaron al cielo. En la Iglesia ortodoxa, el D\u00eda de Todos los Santos se celebra el primer [&hellip;]\" \/>\n<meta property=\"og:url\" content=\"https:\/\/noticiasya.com\/2024\/10\/31\/dia-todos-santos-historia-tradiciones-festividad-trax\/\" \/>\n<meta property=\"og:site_name\" content=\"Noticias\" \/>\n<meta property=\"article:published_time\" content=\"2024-10-31T12:03:50+00:00\" \/>\n<meta name=\"twitter:card\" content=\"summary_large_image\" \/>\n<meta name=\"twitter:label1\" content=\"Est. reading time\" \/>\n\t<meta name=\"twitter:data1\" content=\"3 minutos\" \/>\n<script type=\"application\/ld+json\" class=\"yoast-schema-graph\">{\"@context\":\"https:\/\/schema.org\",\"@graph\":[{\"@type\":\"Article\",\"@id\":\"https:\/\/noticiasya.com\/2024\/10\/31\/dia-todos-santos-historia-tradiciones-festividad-trax\/#article\",\"isPartOf\":{\"@id\":\"https:\/\/noticiasya.com\/2024\/10\/31\/dia-todos-santos-historia-tradiciones-festividad-trax\/\"},\"author\":{\"name\":\"\",\"@id\":\"\"},\"headline\":\"D\u00eda de Todos los Santos: origen, historia y por qu\u00e9 se celebra esta tradici\u00f3n\",\"datePublished\":\"2024-10-31T12:03:50+00:00\",\"mainEntityOfPage\":{\"@id\":\"https:\/\/noticiasya.com\/2024\/10\/31\/dia-todos-santos-historia-tradiciones-festividad-trax\/\"},\"wordCount\":607,\"commentCount\":0,\"publisher\":{\"@id\":\"https:\/\/noticiasya.com\/#organization\"},\"articleSection\":[\"Noticias Nacionales\"],\"inLanguage\":\"es\",\"potentialAction\":[{\"@type\":\"CommentAction\",\"name\":\"Comment\",\"target\":[\"https:\/\/noticiasya.com\/2024\/10\/31\/dia-todos-santos-historia-tradiciones-festividad-trax\/#respond\"]}]},{\"@type\":\"WebPage\",\"@id\":\"https:\/\/noticiasya.com\/2024\/10\/31\/dia-todos-santos-historia-tradiciones-festividad-trax\/\",\"url\":\"https:\/\/noticiasya.com\/2024\/10\/31\/dia-todos-santos-historia-tradiciones-festividad-trax\/\",\"name\":\"D\u00eda de Todos los Santos: origen, historia y por qu\u00e9 se celebra esta tradici\u00f3n - Noticias\",\"isPartOf\":{\"@id\":\"https:\/\/noticiasya.com\/#website\"},\"datePublished\":\"2024-10-31T12:03:50+00:00\",\"breadcrumb\":{\"@id\":\"https:\/\/noticiasya.com\/2024\/10\/31\/dia-todos-santos-historia-tradiciones-festividad-trax\/#breadcrumb\"},\"inLanguage\":\"es\",\"potentialAction\":[{\"@type\":\"ReadAction\",\"target\":[\"https:\/\/noticiasya.com\/2024\/10\/31\/dia-todos-santos-historia-tradiciones-festividad-trax\/\"]}]},{\"@type\":\"BreadcrumbList\",\"@id\":\"https:\/\/noticiasya.com\/2024\/10\/31\/dia-todos-santos-historia-tradiciones-festividad-trax\/#breadcrumb\",\"itemListElement\":[{\"@type\":\"ListItem\",\"position\":1,\"name\":\"Home\",\"item\":\"https:\/\/noticiasya.com\/\"},{\"@type\":\"ListItem\",\"position\":2,\"name\":\"D\u00eda de Todos los Santos: origen, historia y por qu\u00e9 se celebra esta tradici\u00f3n\"}]},{\"@type\":\"WebSite\",\"@id\":\"https:\/\/noticiasya.com\/#website\",\"url\":\"https:\/\/noticiasya.com\/\",\"name\":\"Noticias\",\"description\":\"Lo que importa\",\"publisher\":{\"@id\":\"https:\/\/noticiasya.com\/#organization\"},\"potentialAction\":[{\"@type\":\"SearchAction\",\"target\":{\"@type\":\"EntryPoint\",\"urlTemplate\":\"https:\/\/noticiasya.com\/?s={search_term_string}\"},\"query-input\":{\"@type\":\"PropertyValueSpecification\",\"valueRequired\":true,\"valueName\":\"search_term_string\"}}],\"inLanguage\":\"es\"},{\"@type\":\"Organization\",\"@id\":\"https:\/\/noticiasya.com\/#organization\",\"name\":\"Noticias\",\"url\":\"https:\/\/noticiasya.com\/\",\"logo\":{\"@type\":\"ImageObject\",\"inLanguage\":\"es\",\"@id\":\"https:\/\/noticiasya.com\/#\/schema\/logo\/image\/\",\"url\":\"https:\/\/noticiasya.com\/wp-content\/uploads\/sites\/22\/2023\/12\/logo-nacional.png\",\"contentUrl\":\"https:\/\/noticiasya.com\/wp-content\/uploads\/sites\/22\/2023\/12\/logo-nacional.png\",\"width\":1801,\"height\":691,\"caption\":\"Noticias\"},\"image\":{\"@id\":\"https:\/\/noticiasya.com\/#\/schema\/logo\/image\/\"}}]}<\/script>\n<!-- \/ Yoast SEO plugin. -->","yoast_head_json":{"title":"D\u00eda de Todos los Santos: origen, historia y por qu\u00e9 se celebra esta tradici\u00f3n - Noticias","robots":{"index":"index","follow":"follow","max-snippet":"max-snippet:-1","max-image-preview":"max-image-preview:large","max-video-preview":"max-video-preview:-1"},"canonical":"https:\/\/noticiasya.com\/2024\/10\/31\/dia-todos-santos-historia-tradiciones-festividad-trax\/","og_locale":"es_ES","og_type":"article","og_title":"D\u00eda de Todos los Santos: origen, historia y por qu\u00e9 se celebra esta tradici\u00f3n - Noticias","og_description":"(CNN) &#8212; Cada a\u00f1o, el 1 de noviembre, muchos cat\u00f3licos romanos y otros cristianos de todo el mundo celebran el D\u00eda de Todos los Santos, que honra a todos los santos de la Iglesia que se considera que llegaron al cielo. En la Iglesia ortodoxa, el D\u00eda de Todos los Santos se celebra el primer [&hellip;]","og_url":"https:\/\/noticiasya.com\/2024\/10\/31\/dia-todos-santos-historia-tradiciones-festividad-trax\/","og_site_name":"Noticias","article_published_time":"2024-10-31T12:03:50+00:00","twitter_card":"summary_large_image","twitter_misc":{"Est. reading time":"3 minutos"},"schema":{"@context":"https:\/\/schema.org","@graph":[{"@type":"Article","@id":"https:\/\/noticiasya.com\/2024\/10\/31\/dia-todos-santos-historia-tradiciones-festividad-trax\/#article","isPartOf":{"@id":"https:\/\/noticiasya.com\/2024\/10\/31\/dia-todos-santos-historia-tradiciones-festividad-trax\/"},"author":{"name":"","@id":""},"headline":"D\u00eda de Todos los Santos: origen, historia y por qu\u00e9 se celebra esta tradici\u00f3n","datePublished":"2024-10-31T12:03:50+00:00","mainEntityOfPage":{"@id":"https:\/\/noticiasya.com\/2024\/10\/31\/dia-todos-santos-historia-tradiciones-festividad-trax\/"},"wordCount":607,"commentCount":0,"publisher":{"@id":"https:\/\/noticiasya.com\/#organization"},"articleSection":["Noticias Nacionales"],"inLanguage":"es","potentialAction":[{"@type":"CommentAction","name":"Comment","target":["https:\/\/noticiasya.com\/2024\/10\/31\/dia-todos-santos-historia-tradiciones-festividad-trax\/#respond"]}]},{"@type":"WebPage","@id":"https:\/\/noticiasya.com\/2024\/10\/31\/dia-todos-santos-historia-tradiciones-festividad-trax\/","url":"https:\/\/noticiasya.com\/2024\/10\/31\/dia-todos-santos-historia-tradiciones-festividad-trax\/","name":"D\u00eda de Todos los Santos: origen, historia y por qu\u00e9 se celebra esta tradici\u00f3n - Noticias","isPartOf":{"@id":"https:\/\/noticiasya.com\/#website"},"datePublished":"2024-10-31T12:03:50+00:00","breadcrumb":{"@id":"https:\/\/noticiasya.com\/2024\/10\/31\/dia-todos-santos-historia-tradiciones-festividad-trax\/#breadcrumb"},"inLanguage":"es","potentialAction":[{"@type":"ReadAction","target":["https:\/\/noticiasya.com\/2024\/10\/31\/dia-todos-santos-historia-tradiciones-festividad-trax\/"]}]},{"@type":"BreadcrumbList","@id":"https:\/\/noticiasya.com\/2024\/10\/31\/dia-todos-santos-historia-tradiciones-festividad-trax\/#breadcrumb","itemListElement":[{"@type":"ListItem","position":1,"name":"Home","item":"https:\/\/noticiasya.com\/"},{"@type":"ListItem","position":2,"name":"D\u00eda de Todos los Santos: origen, historia y por qu\u00e9 se celebra esta tradici\u00f3n"}]},{"@type":"WebSite","@id":"https:\/\/noticiasya.com\/#website","url":"https:\/\/noticiasya.com\/","name":"Noticias","description":"Lo que importa","publisher":{"@id":"https:\/\/noticiasya.com\/#organization"},"potentialAction":[{"@type":"SearchAction","target":{"@type":"EntryPoint","urlTemplate":"https:\/\/noticiasya.com\/?s={search_term_string}"},"query-input":{"@type":"PropertyValueSpecification","valueRequired":true,"valueName":"search_term_string"}}],"inLanguage":"es"},{"@type":"Organization","@id":"https:\/\/noticiasya.com\/#organization","name":"Noticias","url":"https:\/\/noticiasya.com\/","logo":{"@type":"ImageObject","inLanguage":"es","@id":"https:\/\/noticiasya.com\/#\/schema\/logo\/image\/","url":"https:\/\/noticiasya.com\/wp-content\/uploads\/sites\/22\/2023\/12\/logo-nacional.png","contentUrl":"https:\/\/noticiasya.com\/wp-content\/uploads\/sites\/22\/2023\/12\/logo-nacional.png","width":1801,"height":691,"caption":"Noticias"},"image":{"@id":"https:\/\/noticiasya.com\/#\/schema\/logo\/image\/"}}]}},"parsely":{"version":"1.1.0","canonical_url":"https:\/\/noticiasya.com\/midland-odessa\/2024\/10\/31\/dia-todos-santos-historia-tradiciones-festividad-trax\/","smart_links":{"inbound":0,"outbound":0},"traffic_boost_suggestions_count":0,"meta":{"@context":"https:\/\/schema.org","@type":"NewsArticle","headline":"D\u00eda de Todos los Santos: origen, historia y por qu\u00e9 se celebra esta tradici\u00f3n","url":"http:\/\/noticiasya.com\/midland-odessa\/2024\/10\/31\/dia-todos-santos-historia-tradiciones-festividad-trax\/","mainEntityOfPage":{"@type":"WebPage","@id":"http:\/\/noticiasya.com\/midland-odessa\/2024\/10\/31\/dia-todos-santos-historia-tradiciones-festividad-trax\/"},"thumbnailUrl":"","image":{"@type":"ImageObject","url":""},"articleSection":"Noticias Nacionales","author":[],"creator":[],"publisher":{"@type":"Organization","name":"Noticias","logo":""},"keywords":[],"dateCreated":"2024-10-31T12:03:50Z","datePublished":"2024-10-31T12:03:50Z","dateModified":"2024-10-31T12:03:50Z"},"rendered":"<script type=\"application\/ld+json\" class=\"wp-parsely-metadata\">{\"@context\":\"https:\\\/\\\/schema.org\",\"@type\":\"NewsArticle\",\"headline\":\"D\\u00eda de Todos los Santos: origen, historia y por qu\\u00e9 se celebra esta tradici\\u00f3n\",\"url\":\"http:\\\/\\\/noticiasya.com\\\/midland-odessa\\\/2024\\\/10\\\/31\\\/dia-todos-santos-historia-tradiciones-festividad-trax\\\/\",\"mainEntityOfPage\":{\"@type\":\"WebPage\",\"@id\":\"http:\\\/\\\/noticiasya.com\\\/midland-odessa\\\/2024\\\/10\\\/31\\\/dia-todos-santos-historia-tradiciones-festividad-trax\\\/\"},\"thumbnailUrl\":\"\",\"image\":{\"@type\":\"ImageObject\",\"url\":\"\"},\"articleSection\":\"Noticias Nacionales\",\"author\":[],\"creator\":[],\"publisher\":{\"@type\":\"Organization\",\"name\":\"Noticias\",\"logo\":\"\"},\"keywords\":[],\"dateCreated\":\"2024-10-31T12:03:50Z\",\"datePublished\":\"2024-10-31T12:03:50Z\",\"dateModified\":\"2024-10-31T12:03:50Z\"}<\/script>","tracker_url":"https:\/\/cdn.parsely.com\/keys\/noticiasya.com\/p.js"},"jetpack_featured_media_url":"","jetpack-related-posts":[{"id":1467903,"url":"https:\/\/noticiasya.com\/midland-odessa\/2025\/10\/31\/dia-todos-santos-origen-historia-trax\/","url_meta":{"origin":1455470,"position":0},"title":"D\u00eda de Todos los Santos: origen, historia y por qu\u00e9 se celebra esta tradici\u00f3n","author":"","date":"octubre 31, 2025","format":false,"excerpt":"Cada a\u00f1o, el 1 de noviembre, muchos cat\u00f3licos romanos y otros cristianos de todo el mundo celebran el D\u00eda de Todos los Santos, que honra a todos los santos de la Iglesia que se considera que llegaron al cielo.En la Iglesia ortodoxa, el D\u00eda de Todos los Santos se celebra\u2026","rel":"","context":"In &quot;Noticias Nacionales&quot;","block_context":{"text":"Noticias Nacionales","link":"https:\/\/noticiasya.com\/midland-odessa\/categoria\/noticias-nacionales"},"img":{"alt_text":"","src":"","width":0,"height":0},"classes":[]},{"id":1467866,"url":"https:\/\/noticiasya.com\/midland-odessa\/2025\/10\/30\/halloween-origen-significado-por-que-celebra-31-octubre-orix\/","url_meta":{"origin":1455470,"position":1},"title":"\u00bfCu\u00e1l es el origen y significado de Halloween? \u00bfPor qu\u00e9 se celebra el 31 de octubre?","author":"","date":"octubre 30, 2025","format":false,"excerpt":"Cada 31 de octubre las calles de los vecindarios se llenan de brujas, superh\u00e9roes y hero\u00ednas, payasos terror\u00edficos, vampiros y vampiresas, fantasmas, monstruos o cualquier disfraz que la imaginaci\u00f3n permita. El Halloween o Noche de brujas es una popular celebraci\u00f3n en Estados Unidos pero su impacto ha sido tal que\u2026","rel":"","context":"In &quot;Noticias Nacionales&quot;","block_context":{"text":"Noticias Nacionales","link":"https:\/\/noticiasya.com\/midland-odessa\/categoria\/noticias-nacionales"},"img":{"alt_text":"","src":"","width":0,"height":0},"classes":[]},{"id":1462205,"url":"https:\/\/noticiasya.com\/midland-odessa\/2025\/05\/10\/cuando-se-celebra-dia-de-madres-por-que-orix\/","url_meta":{"origin":1455470,"position":2},"title":"\u00bfCu\u00e1ndo se celebra el D\u00eda de las Madres en EE.UU. en 2025 y por qu\u00e9?","author":"","date":"mayo 10, 2025","format":false,"excerpt":"Estados Unidos celebra el D\u00eda de las Madres este domingo 11 de mayo, uni\u00e9ndose as\u00ed a otros pa\u00edses como M\u00e9xico, Colombia o Espa\u00f1a, que tambi\u00e9n conmemoran la labor de las madres en el mes de mayo.En EE.UU. y Colombia festejan a las mam\u00e1s el segundo domingo de cada mayo, es\u2026","rel":"","context":"In &quot;Noticias Nacionales&quot;","block_context":{"text":"Noticias Nacionales","link":"https:\/\/noticiasya.com\/midland-odessa\/categoria\/noticias-nacionales"},"img":{"alt_text":"","src":"","width":0,"height":0},"classes":[]},{"id":1449382,"url":"https:\/\/noticiasya.com\/midland-odessa\/2024\/05\/10\/cuando-celebra-dia-madre-colombia-por-que-orix\/","url_meta":{"origin":1455470,"position":3},"title":"\u00bfCu\u00e1ndo se celebra el D\u00eda de la Madre en Colombia y EE.UU. en 2024 y por qu\u00e9?","author":"","date":"mayo 10, 2024","format":false,"excerpt":"(CNN Espa\u00f1ol) \u2014 Colombia celebrar\u00e1 este a\u00f1o el D\u00eda de la Madre el domingo 12 de mayo, uni\u00e9ndose as\u00ed a otros pa\u00edses como M\u00e9xico, Estados Unidos o Espa\u00f1a que tambi\u00e9n conmemoran la labor de las madres en el mes de mayo.En Colombia y EE.UU. festejan a las mam\u00e1s el segundo\u2026","rel":"","context":"In &quot;Noticias Nacionales&quot;","block_context":{"text":"Noticias Nacionales","link":"https:\/\/noticiasya.com\/midland-odessa\/categoria\/noticias-nacionales"},"img":{"alt_text":"","src":"","width":0,"height":0},"classes":[]},{"id":1468203,"url":"https:\/\/noticiasya.com\/midland-odessa\/2025\/11\/10\/dia-de-los-veteranos-que-es-origen-trax\/","url_meta":{"origin":1455470,"position":4},"title":"Qu\u00e9 es el D\u00eda de los Veteranos en EE.UU: origen y por qu\u00e9 se celebra","author":"","date":"noviembre 10, 2025","format":false,"excerpt":"El D\u00eda de los Veteranos es un festivo en honor a hombres y mujeres que han servido en las fuerzas armadas de EE.UU. que se celebra el 11 de noviembre, en el aniversario del fin de la Primera Guerra Mundial.Seg\u00fan los datos m\u00e1s recientes del Centro Nacional de An\u00e1lisis y\u2026","rel":"","context":"In &quot;Noticias Nacionales&quot;","block_context":{"text":"Noticias Nacionales","link":"https:\/\/noticiasya.com\/midland-odessa\/categoria\/noticias-nacionales"},"img":{"alt_text":"","src":"","width":0,"height":0},"classes":[]},{"id":1457645,"url":"https:\/\/noticiasya.com\/midland-odessa\/2025\/01\/19\/dias-festivos-ee-uu-2025-orix\/","url_meta":{"origin":1455470,"position":5},"title":"Estos son los d\u00edas festivos en EE.UU. para 2025","author":"","date":"enero 19, 2025","format":false,"excerpt":"Estados Unidos reconoce 11 d\u00edas festivos federales, sin embargo el \u00faltimo en agregarse a la lista es el de la Emancipaci\u00f3n, (o Juneteenth, como se le conoce en ingl\u00e9s) celebrado el 19 de junio.Durante los d\u00edas festivos federales, varias oficinas gubernamentales y algunas compa\u00f1\u00edas privadas permanecen cerradas. No obstante, la\u2026","rel":"","context":"In &quot;Noticias Nacionales&quot;","block_context":{"text":"Noticias Nacionales","link":"https:\/\/noticiasya.com\/midland-odessa\/categoria\/noticias-nacionales"},"img":{"alt_text":"","src":"","width":0,"height":0},"classes":[]}],"jetpack_sharing_enabled":true,"_links":{"self":[{"href":"https:\/\/noticiasya.com\/midland-odessa\/wp-json\/wp\/v2\/posts\/1455470","targetHints":{"allow":["GET"]}}],"collection":[{"href":"https:\/\/noticiasya.com\/midland-odessa\/wp-json\/wp\/v2\/posts"}],"about":[{"href":"https:\/\/noticiasya.com\/midland-odessa\/wp-json\/wp\/v2\/types\/post"}],"replies":[{"embeddable":true,"href":"https:\/\/noticiasya.com\/midland-odessa\/wp-json\/wp\/v2\/comments?post=1455470"}],"version-history":[{"count":0,"href":"https:\/\/noticiasya.com\/midland-odessa\/wp-json\/wp\/v2\/posts\/1455470\/revisions"}],"wp:attachment":[{"href":"https:\/\/noticiasya.com\/midland-odessa\/wp-json\/wp\/v2\/media?parent=1455470"}],"wp:term":[{"taxonomy":"category","embeddable":true,"href":"https:\/\/noticiasya.com\/midland-odessa\/wp-json\/wp\/v2\/categories?post=1455470"},{"taxonomy":"post_tag","embeddable":true,"href":"https:\/\/noticiasya.com\/midland-odessa\/wp-json\/wp\/v2\/tags?post=1455470"}],"curies":[{"name":"wp","href":"https:\/\/api.w.org\/{rel}","templated":true}]}}