{"id":1455471,"date":"2024-10-31T07:03:48","date_gmt":"2024-10-31T14:03:48","guid":{"rendered":"https:\/\/noticiasya.com\/2024\/10\/31\/steve-bannon-liberado-de-prision-trax\/"},"modified":"2024-10-31T07:03:48","modified_gmt":"2024-10-31T14:03:48","slug":"steve-bannon-liberado-de-prision-trax","status":"publish","type":"post","link":"https:\/\/noticiasya.com\/midland-odessa\/2024\/10\/31\/steve-bannon-liberado-de-prision-trax\/","title":{"rendered":"Excarcelan a Steve Bannon en la recta final de la campa\u00f1a electoral"},"content":{"rendered":"<p>(CNN) &#8212; Steve Bannon sali\u00f3 este martes de la prisi\u00f3n federal, seg\u00fan una fuente conocedora, emergiendo justo una semana antes del d\u00eda de las elecciones para retomar el tim\u00f3n de su debilitada plataforma medi\u00e1tica de derechas.<\/p>\n<p>Bannon, presentador de podcasts de derecha y jefe ejecutivo de la campa\u00f1a presidencial de Donald Trump en 2016, sigui\u00f3 siendo un estridente partidario del expresidente. Incluso cuando se present\u00f3 en la prisi\u00f3n federal de Connecticut en julio, Bannon insisti\u00f3 en que influir\u00eda en la carrera presidencial desde detr\u00e1s de las rejas y que su podcast &#171;War Room&#187; continuar\u00eda energizando a la base de Trump.<\/p>\n<p>Bannon fue recibido a primera hora de la ma\u00f1ana de este martes por su hija Maureen. Se espera que presente su programa de radio m\u00e1s tarde este martes por la ma\u00f1ana.<\/p>\n<p>Fue condenado en 2022 por dos cargos de desacato al Congreso por negarse a cumplir con una citaci\u00f3n del Comit\u00e9 Selecto de la C\u00e1mara de Representantes que investig\u00f3 el ataque del 6 de enero de 2021 contra el Capitolio de Estados Unidos. Sigue apelando su condena.<\/p>\n<p>Mientras est\u00e1 en prisi\u00f3n, sin embargo, el meg\u00e1fono MAGA de Bannon sufri\u00f3 en su ausencia. &#171;War Room&#187;, que aparec\u00eda con frecuencia en el Top Podcasts de Apple antes de que Bannon ingresara en prisi\u00f3n, cay\u00f3 de las listas a principios de julio, seg\u00fan datos de Podchaser. Seg\u00fan otra medida, el podcast estuvo una vez cerca de la cima de las listas de podcasts pol\u00edticos de Apple y desde entonces cay\u00f3 fuera de los 25 primeros, seg\u00fan los datos de Podchaser.<\/p>\n<p>Steve Bannon ataca a Harris en su primer discurso fuera de prisi\u00f3n 0:50<\/p>\n<p>AN\u00c1LISIS | Trump ten\u00eda un desempe\u00f1o hist\u00f3ricamente bueno entre los votantes latinos antes del mitin en Nueva York<\/p>\n<p>Hay algunos indicios de que est\u00e1 subiendo ligeramente a medida que Bannon se prepara para volver.<\/p>\n<p>&#171;Aunque vimos que los activistas que niegan las elecciones siguen apareciendo en el programa como eje central, se ve que &#8216;War Room&#8217; no era capaz de mantenerse sin Bannon&#187;, dijo Madeline Peltz, subdirectora de respuesta r\u00e1pida de Media Matters, una organizaci\u00f3n progresista sin \u00e1nimo de lucro que realiza un amplio seguimiento de los medios de comunicaci\u00f3n.<br \/>\nPeltz a\u00fan predijo que Bannon ser\u00eda una voz prominente para el negacionismo electoral si parece que Trump no llega a juntar suficientes votos despu\u00e9s del d\u00eda de las elecciones.<\/p>\n<p>&#171;Creo que va a llevar alg\u00fan tiempo recuperar a la audiencia y movilizarla&#187;, dijo Peltz. &#171;No creo que el per\u00edodo de una semana entre ahora y las elecciones sea tiempo suficiente para completar eso, pero creo que realmente, lo ver\u00e1s ponerse en marcha en el caos postelectoral que todos estamos anticipando&#187;.<\/p>\n<p>Mientras que el programa de Bannon se considera principalmente un energizante para la base de Trump, los datos de las m\u00e9tricas de podcast de Edison Research encontraron que casi la mitad de la audiencia de Bannon estaba compuesta por republicanos, pero alrededor de un tercio de los oyentes eran independientes.<\/p>\n<p>En el podcast &#171;War Room&#187;, un elenco de presentadores de relleno aplaudi\u00f3 el regreso de Bannon.<\/p>\n<p>Steve Bannon emite un comunicado en el que culpa a Kamala Harris de no cumplir las fechas de excarcelaci\u00f3n anteriores, incluso para \u00e9l<\/p>\n<p>El destacado te\u00f3rico de la conspiraci\u00f3n electoral Mike Lindell ofreci\u00f3 una oferta en sus productos MyPillow para celebrar la salida de Bannon (almohadas gratis, m\u00e1s gastos de env\u00edo, con el correspondiente c\u00f3digo de descuento).<\/p>\n<p>&#171;Faltan menos de 24 horas para que Stephen K. Bannon vuelva a ser un hombre libre y predique el evangelio de MAGA aqu\u00ed en la &#8216;War room'&#187;, dijo este lunes Natalie Winters, una de las presentadoras invitadas del podcast.<\/p>\n<p>Winters luego se centr\u00f3 en la carrera presidencial, afirmando: &#171;No es una elecci\u00f3n, es una guerra electoral.&#187; Es el tipo de ret\u00f3rica incendiaria que Bannon abraz\u00f3 y promovi\u00f3 como una de las primeras voces del movimiento &#171;Stop the Steal&#187; en 2020.<\/p>\n<p>En mayo, Bannon afirm\u00f3 en su podcast que &#171;van a hacer todo lo posible para robar estas elecciones&#187;, mientras reiteraba la afirmaci\u00f3n infundada de que las elecciones presidenciales de 2020 fueron robadas.<\/p>\n<p>&#171;Bannon es uno de los locutores con m\u00e1s talento entre sus colegas, en t\u00e9rminos de tomar los acontecimientos actuales, sacar un n\u00facleo de verdad de ellos, y luego hilar una elaborada teor\u00eda de la conspiraci\u00f3n en la parte superior de la misma, que luego se convierte en el combustible para la acci\u00f3n que es tomada por las bases en respuesta a estas mentiras&#187;, dijo Peltz de Media Matters.<\/p>\n<p>&#171;Realmente no hay nadie que tenga el mismo nivel de talento para ese enfoque particular de desinformaci\u00f3n&#187;.<\/p>\n<p>Para conmemorar su liberaci\u00f3n, el equipo de Bannon dijo que planea dar una conferencia de prensa este martes por la tarde en Nueva York.<\/p>\n<p>Sabrina Shulman, Maria Aguilar Prieto y Maria Sole Campinoti de CNN contribuyeron a este informe.<\/p>\n<p>The-CNN-Wire<br \/>&trade; &amp; &copy; 2024 Cable News Network, Inc., a Warner Bros. Discovery Company. All rights reserved.<\/p>\n","protected":false},"excerpt":{"rendered":"<p>(CNN) &#8212; Steve Bannon sali\u00f3 este martes de la prisi\u00f3n federal, seg\u00fan una fuente conocedora, emergiendo justo una semana antes del d\u00eda de las elecciones para retomar el tim\u00f3n de su debilitada plataforma medi\u00e1tica de derechas. Bannon, presentador de podcasts de derecha y jefe ejecutivo de la campa\u00f1a presidencial de Donald Trump en 2016, sigui\u00f3 [&hellip;]<\/p>\n","protected":false},"author":0,"featured_media":0,"comment_status":"open","ping_status":"open","sticky":false,"template":"","format":"standard","meta":{"_jetpack_memberships_contains_paid_content":false,"footnotes":""},"categories":[10],"tags":[],"class_list":["post-1455471","post","type-post","status-publish","format-standard","hentry","category-noticias-nacionales","market-global"],"yoast_head":"<!-- This site is optimized with the Yoast SEO plugin v24.4 - https:\/\/yoast.com\/wordpress\/plugins\/seo\/ -->\n<title>Excarcelan a Steve Bannon en la recta final de la campa\u00f1a electoral - Noticias<\/title>\n<meta name=\"robots\" content=\"index, follow, max-snippet:-1, max-image-preview:large, max-video-preview:-1\" \/>\n<link rel=\"canonical\" href=\"https:\/\/noticiasya.com\/2024\/10\/31\/steve-bannon-liberado-de-prision-trax\/\" \/>\n<meta property=\"og:locale\" content=\"es_ES\" \/>\n<meta property=\"og:type\" content=\"article\" \/>\n<meta property=\"og:title\" content=\"Excarcelan a Steve Bannon en la recta final de la campa\u00f1a electoral - Noticias\" \/>\n<meta property=\"og:description\" content=\"(CNN) &#8212; Steve Bannon sali\u00f3 este martes de la prisi\u00f3n federal, seg\u00fan una fuente conocedora, emergiendo justo una semana antes del d\u00eda de las elecciones para retomar el tim\u00f3n de su debilitada plataforma medi\u00e1tica de derechas. Bannon, presentador de podcasts de derecha y jefe ejecutivo de la campa\u00f1a presidencial de Donald Trump en 2016, sigui\u00f3 [&hellip;]\" \/>\n<meta property=\"og:url\" content=\"https:\/\/noticiasya.com\/2024\/10\/31\/steve-bannon-liberado-de-prision-trax\/\" \/>\n<meta property=\"og:site_name\" content=\"Noticias\" \/>\n<meta property=\"article:published_time\" content=\"2024-10-31T14:03:48+00:00\" \/>\n<meta name=\"twitter:card\" content=\"summary_large_image\" \/>\n<meta name=\"twitter:label1\" content=\"Est. reading time\" \/>\n\t<meta name=\"twitter:data1\" content=\"4 minutos\" \/>\n<script type=\"application\/ld+json\" class=\"yoast-schema-graph\">{\"@context\":\"https:\/\/schema.org\",\"@graph\":[{\"@type\":\"Article\",\"@id\":\"https:\/\/noticiasya.com\/2024\/10\/31\/steve-bannon-liberado-de-prision-trax\/#article\",\"isPartOf\":{\"@id\":\"https:\/\/noticiasya.com\/2024\/10\/31\/steve-bannon-liberado-de-prision-trax\/\"},\"author\":{\"name\":\"\",\"@id\":\"\"},\"headline\":\"Excarcelan a Steve Bannon en la recta final de la campa\u00f1a electoral\",\"datePublished\":\"2024-10-31T14:03:48+00:00\",\"mainEntityOfPage\":{\"@id\":\"https:\/\/noticiasya.com\/2024\/10\/31\/steve-bannon-liberado-de-prision-trax\/\"},\"wordCount\":874,\"commentCount\":0,\"publisher\":{\"@id\":\"https:\/\/noticiasya.com\/#organization\"},\"articleSection\":[\"Noticias Nacionales\"],\"inLanguage\":\"es\",\"potentialAction\":[{\"@type\":\"CommentAction\",\"name\":\"Comment\",\"target\":[\"https:\/\/noticiasya.com\/2024\/10\/31\/steve-bannon-liberado-de-prision-trax\/#respond\"]}]},{\"@type\":\"WebPage\",\"@id\":\"https:\/\/noticiasya.com\/2024\/10\/31\/steve-bannon-liberado-de-prision-trax\/\",\"url\":\"https:\/\/noticiasya.com\/2024\/10\/31\/steve-bannon-liberado-de-prision-trax\/\",\"name\":\"Excarcelan a Steve Bannon en la recta final de la campa\u00f1a electoral - Noticias\",\"isPartOf\":{\"@id\":\"https:\/\/noticiasya.com\/#website\"},\"datePublished\":\"2024-10-31T14:03:48+00:00\",\"breadcrumb\":{\"@id\":\"https:\/\/noticiasya.com\/2024\/10\/31\/steve-bannon-liberado-de-prision-trax\/#breadcrumb\"},\"inLanguage\":\"es\",\"potentialAction\":[{\"@type\":\"ReadAction\",\"target\":[\"https:\/\/noticiasya.com\/2024\/10\/31\/steve-bannon-liberado-de-prision-trax\/\"]}]},{\"@type\":\"BreadcrumbList\",\"@id\":\"https:\/\/noticiasya.com\/2024\/10\/31\/steve-bannon-liberado-de-prision-trax\/#breadcrumb\",\"itemListElement\":[{\"@type\":\"ListItem\",\"position\":1,\"name\":\"Home\",\"item\":\"https:\/\/noticiasya.com\/\"},{\"@type\":\"ListItem\",\"position\":2,\"name\":\"Excarcelan a Steve Bannon en la recta final de la campa\u00f1a electoral\"}]},{\"@type\":\"WebSite\",\"@id\":\"https:\/\/noticiasya.com\/#website\",\"url\":\"https:\/\/noticiasya.com\/\",\"name\":\"Noticias\",\"description\":\"Lo que importa\",\"publisher\":{\"@id\":\"https:\/\/noticiasya.com\/#organization\"},\"potentialAction\":[{\"@type\":\"SearchAction\",\"target\":{\"@type\":\"EntryPoint\",\"urlTemplate\":\"https:\/\/noticiasya.com\/?s={search_term_string}\"},\"query-input\":{\"@type\":\"PropertyValueSpecification\",\"valueRequired\":true,\"valueName\":\"search_term_string\"}}],\"inLanguage\":\"es\"},{\"@type\":\"Organization\",\"@id\":\"https:\/\/noticiasya.com\/#organization\",\"name\":\"Noticias\",\"url\":\"https:\/\/noticiasya.com\/\",\"logo\":{\"@type\":\"ImageObject\",\"inLanguage\":\"es\",\"@id\":\"https:\/\/noticiasya.com\/#\/schema\/logo\/image\/\",\"url\":\"https:\/\/noticiasya.com\/wp-content\/uploads\/sites\/22\/2023\/12\/logo-nacional.png\",\"contentUrl\":\"https:\/\/noticiasya.com\/wp-content\/uploads\/sites\/22\/2023\/12\/logo-nacional.png\",\"width\":1801,\"height\":691,\"caption\":\"Noticias\"},\"image\":{\"@id\":\"https:\/\/noticiasya.com\/#\/schema\/logo\/image\/\"}}]}<\/script>\n<!-- \/ Yoast SEO plugin. -->","yoast_head_json":{"title":"Excarcelan a Steve Bannon en la recta final de la campa\u00f1a electoral - Noticias","robots":{"index":"index","follow":"follow","max-snippet":"max-snippet:-1","max-image-preview":"max-image-preview:large","max-video-preview":"max-video-preview:-1"},"canonical":"https:\/\/noticiasya.com\/2024\/10\/31\/steve-bannon-liberado-de-prision-trax\/","og_locale":"es_ES","og_type":"article","og_title":"Excarcelan a Steve Bannon en la recta final de la campa\u00f1a electoral - Noticias","og_description":"(CNN) &#8212; Steve Bannon sali\u00f3 este martes de la prisi\u00f3n federal, seg\u00fan una fuente conocedora, emergiendo justo una semana antes del d\u00eda de las elecciones para retomar el tim\u00f3n de su debilitada plataforma medi\u00e1tica de derechas. Bannon, presentador de podcasts de derecha y jefe ejecutivo de la campa\u00f1a presidencial de Donald Trump en 2016, sigui\u00f3 [&hellip;]","og_url":"https:\/\/noticiasya.com\/2024\/10\/31\/steve-bannon-liberado-de-prision-trax\/","og_site_name":"Noticias","article_published_time":"2024-10-31T14:03:48+00:00","twitter_card":"summary_large_image","twitter_misc":{"Est. reading time":"4 minutos"},"schema":{"@context":"https:\/\/schema.org","@graph":[{"@type":"Article","@id":"https:\/\/noticiasya.com\/2024\/10\/31\/steve-bannon-liberado-de-prision-trax\/#article","isPartOf":{"@id":"https:\/\/noticiasya.com\/2024\/10\/31\/steve-bannon-liberado-de-prision-trax\/"},"author":{"name":"","@id":""},"headline":"Excarcelan a Steve Bannon en la recta final de la campa\u00f1a electoral","datePublished":"2024-10-31T14:03:48+00:00","mainEntityOfPage":{"@id":"https:\/\/noticiasya.com\/2024\/10\/31\/steve-bannon-liberado-de-prision-trax\/"},"wordCount":874,"commentCount":0,"publisher":{"@id":"https:\/\/noticiasya.com\/#organization"},"articleSection":["Noticias Nacionales"],"inLanguage":"es","potentialAction":[{"@type":"CommentAction","name":"Comment","target":["https:\/\/noticiasya.com\/2024\/10\/31\/steve-bannon-liberado-de-prision-trax\/#respond"]}]},{"@type":"WebPage","@id":"https:\/\/noticiasya.com\/2024\/10\/31\/steve-bannon-liberado-de-prision-trax\/","url":"https:\/\/noticiasya.com\/2024\/10\/31\/steve-bannon-liberado-de-prision-trax\/","name":"Excarcelan a Steve Bannon en la recta final de la campa\u00f1a electoral - Noticias","isPartOf":{"@id":"https:\/\/noticiasya.com\/#website"},"datePublished":"2024-10-31T14:03:48+00:00","breadcrumb":{"@id":"https:\/\/noticiasya.com\/2024\/10\/31\/steve-bannon-liberado-de-prision-trax\/#breadcrumb"},"inLanguage":"es","potentialAction":[{"@type":"ReadAction","target":["https:\/\/noticiasya.com\/2024\/10\/31\/steve-bannon-liberado-de-prision-trax\/"]}]},{"@type":"BreadcrumbList","@id":"https:\/\/noticiasya.com\/2024\/10\/31\/steve-bannon-liberado-de-prision-trax\/#breadcrumb","itemListElement":[{"@type":"ListItem","position":1,"name":"Home","item":"https:\/\/noticiasya.com\/"},{"@type":"ListItem","position":2,"name":"Excarcelan a Steve Bannon en la recta final de la campa\u00f1a electoral"}]},{"@type":"WebSite","@id":"https:\/\/noticiasya.com\/#website","url":"https:\/\/noticiasya.com\/","name":"Noticias","description":"Lo que importa","publisher":{"@id":"https:\/\/noticiasya.com\/#organization"},"potentialAction":[{"@type":"SearchAction","target":{"@type":"EntryPoint","urlTemplate":"https:\/\/noticiasya.com\/?s={search_term_string}"},"query-input":{"@type":"PropertyValueSpecification","valueRequired":true,"valueName":"search_term_string"}}],"inLanguage":"es"},{"@type":"Organization","@id":"https:\/\/noticiasya.com\/#organization","name":"Noticias","url":"https:\/\/noticiasya.com\/","logo":{"@type":"ImageObject","inLanguage":"es","@id":"https:\/\/noticiasya.com\/#\/schema\/logo\/image\/","url":"https:\/\/noticiasya.com\/wp-content\/uploads\/sites\/22\/2023\/12\/logo-nacional.png","contentUrl":"https:\/\/noticiasya.com\/wp-content\/uploads\/sites\/22\/2023\/12\/logo-nacional.png","width":1801,"height":691,"caption":"Noticias"},"image":{"@id":"https:\/\/noticiasya.com\/#\/schema\/logo\/image\/"}}]}},"parsely":{"version":"1.1.0","canonical_url":"https:\/\/noticiasya.com\/midland-odessa\/2024\/10\/31\/steve-bannon-liberado-de-prision-trax\/","smart_links":{"inbound":0,"outbound":0},"traffic_boost_suggestions_count":0,"meta":{"@context":"https:\/\/schema.org","@type":"NewsArticle","headline":"Excarcelan a Steve Bannon en la recta final de la campa\u00f1a electoral","url":"http:\/\/noticiasya.com\/midland-odessa\/2024\/10\/31\/steve-bannon-liberado-de-prision-trax\/","mainEntityOfPage":{"@type":"WebPage","@id":"http:\/\/noticiasya.com\/midland-odessa\/2024\/10\/31\/steve-bannon-liberado-de-prision-trax\/"},"thumbnailUrl":"","image":{"@type":"ImageObject","url":""},"articleSection":"Noticias Nacionales","author":[],"creator":[],"publisher":{"@type":"Organization","name":"Noticias","logo":""},"keywords":[],"dateCreated":"2024-10-31T14:03:48Z","datePublished":"2024-10-31T14:03:48Z","dateModified":"2024-10-31T14:03:48Z"},"rendered":"<script type=\"application\/ld+json\" class=\"wp-parsely-metadata\">{\"@context\":\"https:\\\/\\\/schema.org\",\"@type\":\"NewsArticle\",\"headline\":\"Excarcelan a Steve Bannon en la recta final de la campa\\u00f1a electoral\",\"url\":\"http:\\\/\\\/noticiasya.com\\\/midland-odessa\\\/2024\\\/10\\\/31\\\/steve-bannon-liberado-de-prision-trax\\\/\",\"mainEntityOfPage\":{\"@type\":\"WebPage\",\"@id\":\"http:\\\/\\\/noticiasya.com\\\/midland-odessa\\\/2024\\\/10\\\/31\\\/steve-bannon-liberado-de-prision-trax\\\/\"},\"thumbnailUrl\":\"\",\"image\":{\"@type\":\"ImageObject\",\"url\":\"\"},\"articleSection\":\"Noticias Nacionales\",\"author\":[],\"creator\":[],\"publisher\":{\"@type\":\"Organization\",\"name\":\"Noticias\",\"logo\":\"\"},\"keywords\":[],\"dateCreated\":\"2024-10-31T14:03:48Z\",\"datePublished\":\"2024-10-31T14:03:48Z\",\"dateModified\":\"2024-10-31T14:03:48Z\"}<\/script>","tracker_url":"https:\/\/cdn.parsely.com\/keys\/noticiasya.com\/p.js"},"jetpack_featured_media_url":"","jetpack-related-posts":[{"id":1455262,"url":"https:\/\/noticiasya.com\/midland-odessa\/2024\/10\/20\/steve-bannon-emite-comunicado-culpa-a-kamala-harris-no-cumplir-fechas-excarcelacion-trax\/","url_meta":{"origin":1455471,"position":0},"title":"Steve Bannon emite un comunicado en el que culpa a Kamala Harris de no cumplir las fechas de excarcelaci\u00f3n anteriores, incluso para \u00e9l","author":"","date":"octubre 20, 2024","format":false,"excerpt":"(CNN) -- Steve Bannon emiti\u00f3 una mordaz declaraci\u00f3n desde la c\u00e1rcel criticando a la vicepresidenta Kamala Harris y sugiriendo sin pruebas que ella tiene un papel en la prolongaci\u00f3n de su sentencia de prisi\u00f3n m\u00e1s all\u00e1 de su fecha de liberaci\u00f3n m\u00e1s temprana posible. La declaraci\u00f3n fue obtenida por CNN\u2026","rel":"","context":"In &quot;Noticias Nacionales&quot;","block_context":{"text":"Noticias Nacionales","link":"https:\/\/noticiasya.com\/midland-odessa\/categoria\/noticias-nacionales"},"img":{"alt_text":"","src":"","width":0,"height":0},"classes":[]},{"id":1472901,"url":"https:\/\/noticiasya.com\/midland-odessa\/2026\/04\/06\/corte-suprema-caso-steve-bannon-trax\/","url_meta":{"origin":1455471,"position":1},"title":"La Corte Suprema deja v\u00eda libre para que el Departamento de Justicia de Trump desestime el caso penal contra Steve Bannon","author":"","date":"abril 6, 2026","format":false,"excerpt":"La Corte Suprema de EE.UU. permiti\u00f3 este lunes que el Gobierno del presidente Donald Trump avance en la desestimaci\u00f3n del caso penal contra Steve Bannon, exasesor de la Casa Blanca condenado en 2022 por no acatar una citaci\u00f3n del Congreso en la investigaci\u00f3n del asalto al Capitolio del 6 de\u2026","rel":"","context":"In &quot;Noticias Nacionales&quot;","block_context":{"text":"Noticias Nacionales","link":"https:\/\/noticiasya.com\/midland-odessa\/categoria\/noticias-nacionales"},"img":{"alt_text":"","src":"","width":0,"height":0},"classes":[]},{"id":1471472,"url":"https:\/\/noticiasya.com\/midland-odessa\/2026\/02\/20\/steve-bannon-presiono-archivos-epstein-aparecio-ellos-trax\/","url_meta":{"origin":1455471,"position":2},"title":"Steve Bannon presion\u00f3 mucho para que se publicaran los archivos de Epstein. Luego apareci\u00f3 en ellos","author":"","date":"febrero 20, 2026","format":false,"excerpt":"A principios de este mes, cuando las \u00faltimas revelaciones de los archivos de Epstein se propagaron por los medios de derecha, el programa de televisi\u00f3n matutino conservador \u201cAmerican Sunrise\u201d dedic\u00f3 varios segmentos a pedir consecuencias m\u00e1s severas y una atenci\u00f3n sostenida al esc\u00e1ndalo.\u201cNecesitamos dar ejemplo de todo esto\u201d, expres\u00f3 la\u2026","rel":"","context":"In &quot;Noticias Nacionales&quot;","block_context":{"text":"Noticias Nacionales","link":"https:\/\/noticiasya.com\/midland-odessa\/categoria\/noticias-nacionales"},"img":{"alt_text":"","src":"","width":0,"height":0},"classes":[]},{"id":1458417,"url":"https:\/\/noticiasya.com\/midland-odessa\/2025\/02\/07\/time-revista-provocativa-portada-elon-musk-escritorio-trump-trax\/","url_meta":{"origin":1455471,"position":3},"title":"La provocativa portada de la revista Time pone a Elon Musk tras el escritorio de Trump","author":"","date":"febrero 7, 2025","format":false,"excerpt":"En un movimiento provocador que podr\u00eda estar dirigido a avivar la ira del presidente de Estados Unidos, Donald Trump, la \u00faltima portada impresa de la revista Time muestra a Elon Musk detr\u00e1s del escritorio Resolute del Despacho Oval.La hist\u00f3rica publicaci\u00f3n quincenal, conocida por sus portadas hist\u00f3ricamente significativas, sale en un\u2026","rel":"","context":"In &quot;Noticias Nacionales&quot;","block_context":{"text":"Noticias Nacionales","link":"https:\/\/noticiasya.com\/midland-odessa\/categoria\/noticias-nacionales"},"img":{"alt_text":"","src":"","width":0,"height":0},"classes":[]},{"id":1471026,"url":"https:\/\/noticiasya.com\/midland-odessa\/2026\/02\/09\/jeffrey-epstein-steve-bannon-movimiento-populista-global-trax\/","url_meta":{"origin":1455471,"position":4},"title":"\u00bfC\u00f3mo Jeffrey Epstein intent\u00f3 ayudar a Steve Bannon a construir un movimiento populista global?","author":"","date":"febrero 9, 2026","format":false,"excerpt":"La vida de Jeffrey Epstein como hombre libre estaba a punto de terminar, pero primero necesitaba cancelar los planes de desayuno con un amigo: Steve Bannon, el influencer de derecha y exasesor del presidente Donald Trump.En los d\u00edas previos al arresto de Epstein, en julio de 2019, los dos hombres\u2026","rel":"","context":"In &quot;Noticias Nacionales&quot;","block_context":{"text":"Noticias Nacionales","link":"https:\/\/noticiasya.com\/midland-odessa\/categoria\/noticias-nacionales"},"img":{"alt_text":"","src":"","width":0,"height":0},"classes":[]},{"id":1471221,"url":"https:\/\/noticiasya.com\/midland-odessa\/2026\/02\/14\/bannon-cortejo-epstein-derribar-papa-francisco-trax\/","url_meta":{"origin":1455471,"position":5},"title":"Steve Bannon cortej\u00f3 a Epstein en sus esfuerzos por &#171;derribar&#187; al papa Francisco","author":"","date":"febrero 14, 2026","format":false,"excerpt":"Steve Bannon, exasesor de la Casa Blanca del presidente Donald Trump, discuti\u00f3 estrategias de oposici\u00f3n con el delincuente sexual convicto Jeffrey Epstein contra el papa Francisco, y Bannon afirm\u00f3 que esperaba \u201cderribar\u201d al pont\u00edfice, seg\u00fan archivos recientemente publicados por el Departamento de Justicia de Estados Unidos.Los mensajes enviados entre ambos\u2026","rel":"","context":"In &quot;Noticias Nacionales&quot;","block_context":{"text":"Noticias Nacionales","link":"https:\/\/noticiasya.com\/midland-odessa\/categoria\/noticias-nacionales"},"img":{"alt_text":"","src":"","width":0,"height":0},"classes":[]}],"jetpack_sharing_enabled":true,"_links":{"self":[{"href":"https:\/\/noticiasya.com\/midland-odessa\/wp-json\/wp\/v2\/posts\/1455471","targetHints":{"allow":["GET"]}}],"collection":[{"href":"https:\/\/noticiasya.com\/midland-odessa\/wp-json\/wp\/v2\/posts"}],"about":[{"href":"https:\/\/noticiasya.com\/midland-odessa\/wp-json\/wp\/v2\/types\/post"}],"replies":[{"embeddable":true,"href":"https:\/\/noticiasya.com\/midland-odessa\/wp-json\/wp\/v2\/comments?post=1455471"}],"version-history":[{"count":0,"href":"https:\/\/noticiasya.com\/midland-odessa\/wp-json\/wp\/v2\/posts\/1455471\/revisions"}],"wp:attachment":[{"href":"https:\/\/noticiasya.com\/midland-odessa\/wp-json\/wp\/v2\/media?parent=1455471"}],"wp:term":[{"taxonomy":"category","embeddable":true,"href":"https:\/\/noticiasya.com\/midland-odessa\/wp-json\/wp\/v2\/categories?post=1455471"},{"taxonomy":"post_tag","embeddable":true,"href":"https:\/\/noticiasya.com\/midland-odessa\/wp-json\/wp\/v2\/tags?post=1455471"}],"curies":[{"name":"wp","href":"https:\/\/api.w.org\/{rel}","templated":true}]}}