{"id":1455480,"date":"2024-10-31T09:03:42","date_gmt":"2024-10-31T16:03:42","guid":{"rendered":"https:\/\/noticiasya.com\/2024\/10\/31\/muertos-derrumbe-edificio-villa-gesell-orix\/"},"modified":"2024-10-31T09:03:42","modified_gmt":"2024-10-31T16:03:42","slug":"muertos-derrumbe-edificio-villa-gesell-orix","status":"publish","type":"post","link":"https:\/\/noticiasya.com\/midland-odessa\/2024\/10\/31\/muertos-derrumbe-edificio-villa-gesell-orix\/","title":{"rendered":"Autoridades confirman otra persona muerta tras el derrumbe de un hotel en la ciudad argentina de Villa Gesell"},"content":{"rendered":"<p>(CNN Espa\u00f1ol) &#8212; El ministro de Seguridad de la Provincia de Buenos Aires, Javier Alonso, confirm\u00f3 a CNN el hallazgo del cad\u00e1ver de Mar\u00eda Rosa Stefanic, exdue\u00f1a del hotel Dubrovnik, de 52 a\u00f1os, entre los escombros del edificio de 10 pisos ubicado en Villa Gesell, en la costa atl\u00e1ntica, a unos 370 kil\u00f3metros de Buenos Aires, que se derrumb\u00f3 el martes. En declaraciones a la prensa, el ministro afirm\u00f3 adem\u00e1s que hay otros dos cuerpos m\u00e1s cerca del sector donde se encontr\u00f3 a Stefanic.<\/p>\n<p>Hasta el momento hay seis desaparecidos, dos muertos y una persona herida que se encuentra en estado reservado, seg\u00fan confirmaron autoridades a CNN.<\/p>\n<p>En esta vista a\u00e9rea, los rescatistas buscan a personas desaparecidas en el Hotel Dubrovnik un d\u00eda despu\u00e9s de que se derrumbara en la ciudad costera de Villa Gesell, provincia de Buenos Aires, el 30 de octubre de 2024. Cr\u00e9dito: STRINGER\/AFP v\u00eda Getty Images<\/p>\n<p>Mientras tanto, en el lugar contin\u00faan los trabajos para retirar los escombros y parte de losas con el fin de evitar un nuevo derrumbe que ponga en peligro las tareas de rescate.<\/p>\n<p>La Municipalidad de Villa Gesell asegur\u00f3 que se encuentran trabajando m\u00e1s de 300 personas entre equipos de seguridad, salud, bomberos y rescatistas de distintos puntos de la Provincia de Buenos Aires.<\/p>\n<p>En el hotel, que data de 1986, se estaban realizando distintas tareas de restauraci\u00f3n y modificaci\u00f3n. La Municipalidad dijo que el 20 de agosto, \u201ca trav\u00e9s de la Direcci\u00f3n de Edificios Privados y Espacios P\u00fablicos detecta y paraliza trabajos que se estaban realizando en el interior de la propiedad, sin contar con la debida autorizaci\u00f3n municipal\u201d y para que pudieran avanzar, aseguran, le solicitaron la presentaci\u00f3n de documentaci\u00f3n formal.<\/p>\n<p>The-CNN-Wire<br \/>&trade; &amp; &copy; 2024 Cable News Network, Inc., a Warner Bros. Discovery Company. All rights reserved.<\/p>\n","protected":false},"excerpt":{"rendered":"<p>(CNN Espa\u00f1ol) &#8212; El ministro de Seguridad de la Provincia de Buenos Aires, Javier Alonso, confirm\u00f3 a CNN el hallazgo del cad\u00e1ver de Mar\u00eda Rosa Stefanic, exdue\u00f1a del hotel Dubrovnik, de 52 a\u00f1os, entre los escombros del edificio de 10 pisos ubicado en Villa Gesell, en la costa atl\u00e1ntica, a unos 370 kil\u00f3metros de Buenos [&hellip;]<\/p>\n","protected":false},"author":0,"featured_media":0,"comment_status":"open","ping_status":"open","sticky":false,"template":"","format":"standard","meta":{"_jetpack_memberships_contains_paid_content":false,"footnotes":""},"categories":[10],"tags":[],"class_list":["post-1455480","post","type-post","status-publish","format-standard","hentry","category-noticias-nacionales","market-global"],"yoast_head":"<!-- This site is optimized with the Yoast SEO plugin v24.4 - https:\/\/yoast.com\/wordpress\/plugins\/seo\/ -->\n<title>Autoridades confirman otra persona muerta tras el derrumbe de un hotel en la ciudad argentina de Villa Gesell - Noticias<\/title>\n<meta name=\"robots\" content=\"index, follow, max-snippet:-1, max-image-preview:large, max-video-preview:-1\" \/>\n<link rel=\"canonical\" href=\"https:\/\/noticiasya.com\/2024\/10\/31\/muertos-derrumbe-edificio-villa-gesell-orix\/\" \/>\n<meta property=\"og:locale\" content=\"es_ES\" \/>\n<meta property=\"og:type\" content=\"article\" \/>\n<meta property=\"og:title\" content=\"Autoridades confirman otra persona muerta tras el derrumbe de un hotel en la ciudad argentina de Villa Gesell - Noticias\" \/>\n<meta property=\"og:description\" content=\"(CNN Espa\u00f1ol) &#8212; El ministro de Seguridad de la Provincia de Buenos Aires, Javier Alonso, confirm\u00f3 a CNN el hallazgo del cad\u00e1ver de Mar\u00eda Rosa Stefanic, exdue\u00f1a del hotel Dubrovnik, de 52 a\u00f1os, entre los escombros del edificio de 10 pisos ubicado en Villa Gesell, en la costa atl\u00e1ntica, a unos 370 kil\u00f3metros de Buenos [&hellip;]\" \/>\n<meta property=\"og:url\" content=\"https:\/\/noticiasya.com\/2024\/10\/31\/muertos-derrumbe-edificio-villa-gesell-orix\/\" \/>\n<meta property=\"og:site_name\" content=\"Noticias\" \/>\n<meta property=\"article:published_time\" content=\"2024-10-31T16:03:42+00:00\" \/>\n<meta name=\"twitter:card\" content=\"summary_large_image\" \/>\n<meta name=\"twitter:label1\" content=\"Est. reading time\" \/>\n\t<meta name=\"twitter:data1\" content=\"2 minutos\" \/>\n<script type=\"application\/ld+json\" class=\"yoast-schema-graph\">{\"@context\":\"https:\/\/schema.org\",\"@graph\":[{\"@type\":\"Article\",\"@id\":\"https:\/\/noticiasya.com\/2024\/10\/31\/muertos-derrumbe-edificio-villa-gesell-orix\/#article\",\"isPartOf\":{\"@id\":\"https:\/\/noticiasya.com\/2024\/10\/31\/muertos-derrumbe-edificio-villa-gesell-orix\/\"},\"author\":{\"name\":\"\",\"@id\":\"\"},\"headline\":\"Autoridades confirman otra persona muerta tras el derrumbe de un hotel en la ciudad argentina de Villa Gesell\",\"datePublished\":\"2024-10-31T16:03:42+00:00\",\"mainEntityOfPage\":{\"@id\":\"https:\/\/noticiasya.com\/2024\/10\/31\/muertos-derrumbe-edificio-villa-gesell-orix\/\"},\"wordCount\":334,\"commentCount\":0,\"publisher\":{\"@id\":\"https:\/\/noticiasya.com\/#organization\"},\"articleSection\":[\"Noticias Nacionales\"],\"inLanguage\":\"es\",\"potentialAction\":[{\"@type\":\"CommentAction\",\"name\":\"Comment\",\"target\":[\"https:\/\/noticiasya.com\/2024\/10\/31\/muertos-derrumbe-edificio-villa-gesell-orix\/#respond\"]}]},{\"@type\":\"WebPage\",\"@id\":\"https:\/\/noticiasya.com\/2024\/10\/31\/muertos-derrumbe-edificio-villa-gesell-orix\/\",\"url\":\"https:\/\/noticiasya.com\/2024\/10\/31\/muertos-derrumbe-edificio-villa-gesell-orix\/\",\"name\":\"Autoridades confirman otra persona muerta tras el derrumbe de un hotel en la ciudad argentina de Villa Gesell - Noticias\",\"isPartOf\":{\"@id\":\"https:\/\/noticiasya.com\/#website\"},\"datePublished\":\"2024-10-31T16:03:42+00:00\",\"breadcrumb\":{\"@id\":\"https:\/\/noticiasya.com\/2024\/10\/31\/muertos-derrumbe-edificio-villa-gesell-orix\/#breadcrumb\"},\"inLanguage\":\"es\",\"potentialAction\":[{\"@type\":\"ReadAction\",\"target\":[\"https:\/\/noticiasya.com\/2024\/10\/31\/muertos-derrumbe-edificio-villa-gesell-orix\/\"]}]},{\"@type\":\"BreadcrumbList\",\"@id\":\"https:\/\/noticiasya.com\/2024\/10\/31\/muertos-derrumbe-edificio-villa-gesell-orix\/#breadcrumb\",\"itemListElement\":[{\"@type\":\"ListItem\",\"position\":1,\"name\":\"Home\",\"item\":\"https:\/\/noticiasya.com\/\"},{\"@type\":\"ListItem\",\"position\":2,\"name\":\"Autoridades confirman otra persona muerta tras el derrumbe de un hotel en la ciudad argentina de Villa Gesell\"}]},{\"@type\":\"WebSite\",\"@id\":\"https:\/\/noticiasya.com\/#website\",\"url\":\"https:\/\/noticiasya.com\/\",\"name\":\"Noticias\",\"description\":\"Lo que importa\",\"publisher\":{\"@id\":\"https:\/\/noticiasya.com\/#organization\"},\"potentialAction\":[{\"@type\":\"SearchAction\",\"target\":{\"@type\":\"EntryPoint\",\"urlTemplate\":\"https:\/\/noticiasya.com\/?s={search_term_string}\"},\"query-input\":{\"@type\":\"PropertyValueSpecification\",\"valueRequired\":true,\"valueName\":\"search_term_string\"}}],\"inLanguage\":\"es\"},{\"@type\":\"Organization\",\"@id\":\"https:\/\/noticiasya.com\/#organization\",\"name\":\"Noticias\",\"url\":\"https:\/\/noticiasya.com\/\",\"logo\":{\"@type\":\"ImageObject\",\"inLanguage\":\"es\",\"@id\":\"https:\/\/noticiasya.com\/#\/schema\/logo\/image\/\",\"url\":\"https:\/\/noticiasya.com\/wp-content\/uploads\/sites\/22\/2023\/12\/logo-nacional.png\",\"contentUrl\":\"https:\/\/noticiasya.com\/wp-content\/uploads\/sites\/22\/2023\/12\/logo-nacional.png\",\"width\":1801,\"height\":691,\"caption\":\"Noticias\"},\"image\":{\"@id\":\"https:\/\/noticiasya.com\/#\/schema\/logo\/image\/\"}}]}<\/script>\n<!-- \/ Yoast SEO plugin. -->","yoast_head_json":{"title":"Autoridades confirman otra persona muerta tras el derrumbe de un hotel en la ciudad argentina de Villa Gesell - Noticias","robots":{"index":"index","follow":"follow","max-snippet":"max-snippet:-1","max-image-preview":"max-image-preview:large","max-video-preview":"max-video-preview:-1"},"canonical":"https:\/\/noticiasya.com\/2024\/10\/31\/muertos-derrumbe-edificio-villa-gesell-orix\/","og_locale":"es_ES","og_type":"article","og_title":"Autoridades confirman otra persona muerta tras el derrumbe de un hotel en la ciudad argentina de Villa Gesell - Noticias","og_description":"(CNN Espa\u00f1ol) &#8212; El ministro de Seguridad de la Provincia de Buenos Aires, Javier Alonso, confirm\u00f3 a CNN el hallazgo del cad\u00e1ver de Mar\u00eda Rosa Stefanic, exdue\u00f1a del hotel Dubrovnik, de 52 a\u00f1os, entre los escombros del edificio de 10 pisos ubicado en Villa Gesell, en la costa atl\u00e1ntica, a unos 370 kil\u00f3metros de Buenos [&hellip;]","og_url":"https:\/\/noticiasya.com\/2024\/10\/31\/muertos-derrumbe-edificio-villa-gesell-orix\/","og_site_name":"Noticias","article_published_time":"2024-10-31T16:03:42+00:00","twitter_card":"summary_large_image","twitter_misc":{"Est. reading time":"2 minutos"},"schema":{"@context":"https:\/\/schema.org","@graph":[{"@type":"Article","@id":"https:\/\/noticiasya.com\/2024\/10\/31\/muertos-derrumbe-edificio-villa-gesell-orix\/#article","isPartOf":{"@id":"https:\/\/noticiasya.com\/2024\/10\/31\/muertos-derrumbe-edificio-villa-gesell-orix\/"},"author":{"name":"","@id":""},"headline":"Autoridades confirman otra persona muerta tras el derrumbe de un hotel en la ciudad argentina de Villa Gesell","datePublished":"2024-10-31T16:03:42+00:00","mainEntityOfPage":{"@id":"https:\/\/noticiasya.com\/2024\/10\/31\/muertos-derrumbe-edificio-villa-gesell-orix\/"},"wordCount":334,"commentCount":0,"publisher":{"@id":"https:\/\/noticiasya.com\/#organization"},"articleSection":["Noticias Nacionales"],"inLanguage":"es","potentialAction":[{"@type":"CommentAction","name":"Comment","target":["https:\/\/noticiasya.com\/2024\/10\/31\/muertos-derrumbe-edificio-villa-gesell-orix\/#respond"]}]},{"@type":"WebPage","@id":"https:\/\/noticiasya.com\/2024\/10\/31\/muertos-derrumbe-edificio-villa-gesell-orix\/","url":"https:\/\/noticiasya.com\/2024\/10\/31\/muertos-derrumbe-edificio-villa-gesell-orix\/","name":"Autoridades confirman otra persona muerta tras el derrumbe de un hotel en la ciudad argentina de Villa Gesell - Noticias","isPartOf":{"@id":"https:\/\/noticiasya.com\/#website"},"datePublished":"2024-10-31T16:03:42+00:00","breadcrumb":{"@id":"https:\/\/noticiasya.com\/2024\/10\/31\/muertos-derrumbe-edificio-villa-gesell-orix\/#breadcrumb"},"inLanguage":"es","potentialAction":[{"@type":"ReadAction","target":["https:\/\/noticiasya.com\/2024\/10\/31\/muertos-derrumbe-edificio-villa-gesell-orix\/"]}]},{"@type":"BreadcrumbList","@id":"https:\/\/noticiasya.com\/2024\/10\/31\/muertos-derrumbe-edificio-villa-gesell-orix\/#breadcrumb","itemListElement":[{"@type":"ListItem","position":1,"name":"Home","item":"https:\/\/noticiasya.com\/"},{"@type":"ListItem","position":2,"name":"Autoridades confirman otra persona muerta tras el derrumbe de un hotel en la ciudad argentina de Villa Gesell"}]},{"@type":"WebSite","@id":"https:\/\/noticiasya.com\/#website","url":"https:\/\/noticiasya.com\/","name":"Noticias","description":"Lo que importa","publisher":{"@id":"https:\/\/noticiasya.com\/#organization"},"potentialAction":[{"@type":"SearchAction","target":{"@type":"EntryPoint","urlTemplate":"https:\/\/noticiasya.com\/?s={search_term_string}"},"query-input":{"@type":"PropertyValueSpecification","valueRequired":true,"valueName":"search_term_string"}}],"inLanguage":"es"},{"@type":"Organization","@id":"https:\/\/noticiasya.com\/#organization","name":"Noticias","url":"https:\/\/noticiasya.com\/","logo":{"@type":"ImageObject","inLanguage":"es","@id":"https:\/\/noticiasya.com\/#\/schema\/logo\/image\/","url":"https:\/\/noticiasya.com\/wp-content\/uploads\/sites\/22\/2023\/12\/logo-nacional.png","contentUrl":"https:\/\/noticiasya.com\/wp-content\/uploads\/sites\/22\/2023\/12\/logo-nacional.png","width":1801,"height":691,"caption":"Noticias"},"image":{"@id":"https:\/\/noticiasya.com\/#\/schema\/logo\/image\/"}}]}},"parsely":{"version":"1.1.0","canonical_url":"https:\/\/noticiasya.com\/midland-odessa\/2024\/10\/31\/muertos-derrumbe-edificio-villa-gesell-orix\/","smart_links":{"inbound":0,"outbound":0},"traffic_boost_suggestions_count":0,"meta":{"@context":"https:\/\/schema.org","@type":"NewsArticle","headline":"Autoridades confirman otra persona muerta tras el derrumbe de un hotel en la ciudad argentina de Villa Gesell","url":"http:\/\/noticiasya.com\/midland-odessa\/2024\/10\/31\/muertos-derrumbe-edificio-villa-gesell-orix\/","mainEntityOfPage":{"@type":"WebPage","@id":"http:\/\/noticiasya.com\/midland-odessa\/2024\/10\/31\/muertos-derrumbe-edificio-villa-gesell-orix\/"},"thumbnailUrl":"","image":{"@type":"ImageObject","url":""},"articleSection":"Noticias Nacionales","author":[],"creator":[],"publisher":{"@type":"Organization","name":"Noticias","logo":""},"keywords":[],"dateCreated":"2024-10-31T16:03:42Z","datePublished":"2024-10-31T16:03:42Z","dateModified":"2024-10-31T16:03:42Z"},"rendered":"<script type=\"application\/ld+json\" class=\"wp-parsely-metadata\">{\"@context\":\"https:\\\/\\\/schema.org\",\"@type\":\"NewsArticle\",\"headline\":\"Autoridades confirman otra persona muerta tras el derrumbe de un hotel en la ciudad argentina de Villa Gesell\",\"url\":\"http:\\\/\\\/noticiasya.com\\\/midland-odessa\\\/2024\\\/10\\\/31\\\/muertos-derrumbe-edificio-villa-gesell-orix\\\/\",\"mainEntityOfPage\":{\"@type\":\"WebPage\",\"@id\":\"http:\\\/\\\/noticiasya.com\\\/midland-odessa\\\/2024\\\/10\\\/31\\\/muertos-derrumbe-edificio-villa-gesell-orix\\\/\"},\"thumbnailUrl\":\"\",\"image\":{\"@type\":\"ImageObject\",\"url\":\"\"},\"articleSection\":\"Noticias Nacionales\",\"author\":[],\"creator\":[],\"publisher\":{\"@type\":\"Organization\",\"name\":\"Noticias\",\"logo\":\"\"},\"keywords\":[],\"dateCreated\":\"2024-10-31T16:03:42Z\",\"datePublished\":\"2024-10-31T16:03:42Z\",\"dateModified\":\"2024-10-31T16:03:42Z\"}<\/script>","tracker_url":"https:\/\/cdn.parsely.com\/keys\/noticiasya.com\/p.js"},"jetpack_featured_media_url":"","jetpack-related-posts":[{"id":1455419,"url":"https:\/\/noticiasya.com\/midland-odessa\/2024\/10\/29\/bomberos-personas-desaparecidas-derrumbe-hotel-argentina-villa-gesell-orix\/","url_meta":{"origin":1455480,"position":0},"title":"Bomberos buscan a personas desaparecidas tras derrumbe de hotel de 10 pisos en la ciudad argentina de Villa Gesell","author":"","date":"octubre 29, 2024","format":false,"excerpt":"(CNN Espa\u00f1ol) -- Cuerpos de Bomberos, junto con personal sanitario y policial, trabajan en la remoci\u00f3n de escombros para buscar a entre 7 y 9 personas que se presume que quedaron atrapadas luego de que el edificio donde funcionaba el hotel Dubrovnik, ubicado en la ciudad argentina de Villa Gesell,\u2026","rel":"","context":"In &quot;Noticias Nacionales&quot;","block_context":{"text":"Noticias Nacionales","link":"https:\/\/noticiasya.com\/midland-odessa\/categoria\/noticias-nacionales"},"img":{"alt_text":"","src":"","width":0,"height":0},"classes":[]},{"id":1457320,"url":"https:\/\/noticiasya.com\/midland-odessa\/2025\/01\/07\/policia-argentina-arresta-empleado-drogas-liam-payne-trax\/","url_meta":{"origin":1455480,"position":1},"title":"Polic\u00eda de Argentina arresta a empleado de hotel acusado de suministrar drogas a Liam Payne","author":"","date":"enero 7, 2025","format":false,"excerpt":"La polic\u00eda de Argentina arrest\u00f3 a un hombre de 21 a\u00f1os acusado de suministrar coca\u00edna al cantante Liam Payne, quien muri\u00f3 al caer del balc\u00f3n de un hotel de Buenos Aires en octubre de 2024 bajo los efectos de las drogas.El sospechoso, un empleado del hotel Casa Sur, se entreg\u00f3\u2026","rel":"","context":"In &quot;Noticias Nacionales&quot;","block_context":{"text":"Noticias Nacionales","link":"https:\/\/noticiasya.com\/midland-odessa\/categoria\/noticias-nacionales"},"img":{"alt_text":"","src":"","width":0,"height":0},"classes":[]},{"id":1464133,"url":"https:\/\/noticiasya.com\/midland-odessa\/2025\/07\/01\/cinco-personas-murieron-buenos-aires-monoxido-carbono-frio-orix\/","url_meta":{"origin":1455480,"position":2},"title":"Cinco personas murieron en Buenos Aires por aparente fuga de mon\u00f3xido de carbono y en medio de hist\u00f3rica ola de fr\u00edo","author":"","date":"julio 1, 2025","format":false,"excerpt":"Al menos cinco personas murieron por una aparente fuga de mon\u00f3xido de carbono en Villa Devoto, distrito residencial de Buenos Aires, inform\u00f3 este martes el director del Servicio de Atenci\u00f3n M\u00e9dica de Emergencias (SAME), Alberto Crescenti, a medios de comunicaci\u00f3n.Crescenti describi\u00f3 que las personas fueron halladas por un familiar que,\u2026","rel":"","context":"In &quot;Noticias Nacionales&quot;","block_context":{"text":"Noticias Nacionales","link":"https:\/\/noticiasya.com\/midland-odessa\/categoria\/noticias-nacionales"},"img":{"alt_text":"","src":"","width":0,"height":0},"classes":[]},{"id":1459636,"url":"https:\/\/noticiasya.com\/midland-odessa\/2025\/03\/07\/aumento-de-personas-en-situacion-de-calle-mas-del-70-provienen-de-la-provincia-de-buenos-aires\/","url_meta":{"origin":1455480,"position":3},"title":"Personas en situaci\u00f3n de calle: seg\u00fan el ministro Mraida de CABA, &#171;m\u00e1s del 70% provienen de la provincia de Buenos Aires&#187;","author":"","date":"marzo 7, 2025","format":false,"excerpt":"(CNN Radio Argentina) \u2013 Gabriel Mraida, ministro de Desarrollo Humano y H\u00e1bitat de la Ciudad de Buenos Aires, habl\u00f3 este viernes con CNN Radio sobre el aumento de personas en situaci\u00f3n de calle y la asistencia que brinda la Ciudad ante esta problem\u00e1tica.En di\u00e1logo con Regreso CNN con Mariana Arias\u2026","rel":"","context":"In &quot;Noticias Nacionales&quot;","block_context":{"text":"Noticias Nacionales","link":"https:\/\/noticiasya.com\/midland-odessa\/categoria\/noticias-nacionales"},"img":{"alt_text":"","src":"","width":0,"height":0},"classes":[]},{"id":1455191,"url":"https:\/\/noticiasya.com\/midland-odessa\/2024\/10\/17\/liam-payne-informe-autopsia-preliminar-causa-muerte-orix\/","url_meta":{"origin":1455480,"position":4},"title":"Informe preliminar de la autopsia de Liam Payne revela causa de muerte","author":"","date":"octubre 17, 2024","format":false,"excerpt":"(CNN Espa\u00f1ol) -- Liam Payne muri\u00f3 por \u201cpolitraumatismo\u201d con \u201chemorragia interna y externa\u201d, seg\u00fan el informe preliminar de la autopsia realizada el mi\u00e9rcoles por el cuerpo forense argentino que investiga el caso y que CNN obtuvo de la Polic\u00eda de la ciudad de Buenos Aires. A\u00fan falta por conocer el\u2026","rel":"","context":"In &quot;Noticias Nacionales&quot;","block_context":{"text":"Noticias Nacionales","link":"https:\/\/noticiasya.com\/midland-odessa\/categoria\/noticias-nacionales"},"img":{"alt_text":"","src":"","width":0,"height":0},"classes":[]},{"id":1455171,"url":"https:\/\/noticiasya.com\/midland-odessa\/2024\/10\/16\/liam-payne-one-direction-muere-buenos-aires-trax\/","url_meta":{"origin":1455480,"position":5},"title":"Liam Payne, exintegrante de One Direction, muere a los 31 a\u00f1os tras caer desde el tercer piso de un hotel en Buenos Aires","author":"","date":"octubre 16, 2024","format":false,"excerpt":"(CNN) -- Liam Payne, un exmiembro de la banda musical One Direction, muri\u00f3 tras caer desde el tercer piso de un hotel en Buenos Aires, de acuerdo con la polic\u00eda local. Ten\u00eda 31 a\u00f1os.La muerte de Payne ocurri\u00f3 en un hotel en la calle Costa Rica en el barrio de\u2026","rel":"","context":"In &quot;Noticias Nacionales&quot;","block_context":{"text":"Noticias Nacionales","link":"https:\/\/noticiasya.com\/midland-odessa\/categoria\/noticias-nacionales"},"img":{"alt_text":"","src":"","width":0,"height":0},"classes":[]}],"jetpack_sharing_enabled":true,"_links":{"self":[{"href":"https:\/\/noticiasya.com\/midland-odessa\/wp-json\/wp\/v2\/posts\/1455480","targetHints":{"allow":["GET"]}}],"collection":[{"href":"https:\/\/noticiasya.com\/midland-odessa\/wp-json\/wp\/v2\/posts"}],"about":[{"href":"https:\/\/noticiasya.com\/midland-odessa\/wp-json\/wp\/v2\/types\/post"}],"replies":[{"embeddable":true,"href":"https:\/\/noticiasya.com\/midland-odessa\/wp-json\/wp\/v2\/comments?post=1455480"}],"version-history":[{"count":0,"href":"https:\/\/noticiasya.com\/midland-odessa\/wp-json\/wp\/v2\/posts\/1455480\/revisions"}],"wp:attachment":[{"href":"https:\/\/noticiasya.com\/midland-odessa\/wp-json\/wp\/v2\/media?parent=1455480"}],"wp:term":[{"taxonomy":"category","embeddable":true,"href":"https:\/\/noticiasya.com\/midland-odessa\/wp-json\/wp\/v2\/categories?post=1455480"},{"taxonomy":"post_tag","embeddable":true,"href":"https:\/\/noticiasya.com\/midland-odessa\/wp-json\/wp\/v2\/tags?post=1455480"}],"curies":[{"name":"wp","href":"https:\/\/api.w.org\/{rel}","templated":true}]}}