{"id":1455481,"date":"2024-10-31T09:03:42","date_gmt":"2024-10-31T16:03:42","guid":{"rendered":"https:\/\/noticiasya.com\/2024\/10\/31\/vecinos-valencia-rehacen-vidas-tras-dana-orix\/"},"modified":"2024-10-31T09:03:42","modified_gmt":"2024-10-31T16:03:42","slug":"vecinos-valencia-rehacen-vidas-tras-dana-orix","status":"publish","type":"post","link":"https:\/\/noticiasya.com\/midland-odessa\/2024\/10\/31\/vecinos-valencia-rehacen-vidas-tras-dana-orix\/","title":{"rendered":"Vecinos de Valencia rehacen sus vidas tras el paso de la DANA: &#171;Vi una ola de fango, como un tsunami\u201d"},"content":{"rendered":"<p>(CNN Espa\u00f1ol) &#8212; Han pasado casi 48 horas desde que el r\u00edo Magro, afluente del r\u00edo J\u00facar, desbordara en varios puntos de su recorrido debido a las lluvias torrenciales que han azotado la provincia de Valencia.<\/p>\n<p>En Utiel, una de las localidades que m\u00e1s han sufrido la crecida descomunal del cauce, las consecuencias se observan con facilidad recorriendo sus calles.<\/p>\n<p>\u201cMi padre va a cumplir ahora cien a\u00f1os y no recuerda una riada as\u00ed. Daba p\u00e1nico estar aqu\u00ed\u201c, dice a CNN Jos\u00e9 Platero, un vecino de 69 a\u00f1os. Lo encontramos buscando enseres personales en las inmediaciones de su vivienda, cercana a la entrada oeste del municipio. Caminando con cuidado entre el manto de barro que cubre el lugar nos se\u00f1ala, de repente, una mesa plegable que reconoce como propia. \u201cMe hab\u00edan avisado que por aqu\u00ed hay un dep\u00f3sito de gasoil, he bajado a ver si era el m\u00edo\u201d. Pero no lo era, as\u00ed que sigue buscando.<\/p>\n<p>Los factores alrededor de la devastaci\u00f3n por la DANA &#171;sin precedentes&#187; en Espa\u00f1a: sorpresa, cambio clim\u00e1tico y el papel de los mensajes de alerta<\/p>\n<p>Como Platero, son centenares los vecinos que este jueves se encontraban en los alrededores de sus viviendas limpiando los accesos, buscando objeto que las riadas se hayan podido llevar, o bien sacando al exterior aquellos muebles y electrodom\u00e9sticos que han quedado inutilizables.<\/p>\n<p>Jos\u00e9 Platero recupera su mesa plegable entre los escombros tras el paso de la DANA por Utiel. (Cr\u00e9dito: CNN)<\/p>\n<p>En la Avenida del Milagro, los vecinos se coordinan para achicar el agua que todav\u00eda resta en la entrada de sus hogares. Muchos se sirven de escobas con fibras robustas para expulsar el lodo que empantana antiguos espacios que serv\u00edan de dormitorio, o incluso cocina.<\/p>\n<p>\u201cEmpec\u00e9 poniendo toallas en la puerta para que no entrara el agua. Pero de repente revent\u00f3 la puerta del garaje, dobl\u00e1ndose medio metro, y entr\u00f3 el agua a raudales\u201d, nos relata Carmen. El susto fue may\u00fasculo, pues la mezcla de agua y barro empez\u00f3 a ocupar la cocina con vigor. La fuerza era tal que tumb\u00f3 hasta el refrigerador. Afortunadamente, no hubo que lamentar ning\u00fan otro da\u00f1o dado que ella y su marido, Jos\u00e9 Lu\u00eds, corrieron escaleras arriba al primer piso.<\/p>\n<p>Carmen, de Avenida del Milagro, muestra a CNN el estado de la cocina en la planta baja de su hogar. (Cr\u00e9dito: CNN)<\/p>\n<p>Como Carmen, muchos otros vecinos comparten relatos de c\u00f3mo vivieron esos momentos de terror en los que el agua desbordada del Magro empez\u00f3 a allanar sus viviendas.<\/p>\n<p>\u201cVi una ola de fango, como un tsunami que ven\u00eda hacia las casas\u201d, nos cuenta Sheila, otra vecina de la misma calle.<\/p>\n<p>El sobresalto fue enorme, pues a escasos doscientos metros de donde corre habitualmente el r\u00edo, la crecida se produjo de forma brusca. Concretamente, nos dice Sheila, hubo dos momentos en los que el agua gener\u00f3 m\u00e1s terror, uno a las 10 de la noche del martes 29 de octubre, cuando la crecida cubri\u00f3 casi por completo las plantas bajas de sus hogares. Otro sobre las 3 de la madrugada del mi\u00e9rcoles 30 de octubre, cuando, tras bajar un poco, el desbordamiento volvi\u00f3 a arremeter con br\u00edo.<\/p>\n<p>Vecinos de la Avenida del Milagroo limpian los destrozos del temporal. (Cr\u00e9dito: CNN)<\/p>\n<p>\u201cEsto nunca se hab\u00eda visto aqu\u00ed\u201d, agrega \u00c1ngel, quien vive al lado de Sheila. Nos ense\u00f1a el estado de su vivienda, totalmente encharcada. \u201cMi econom\u00eda est\u00e1 por los suelos, como ahora no nos compense el seguro, como no se haga responsable de los da\u00f1os, nos las vamos a ver muy mal\u201d.<\/p>\n<p>Como \u00e9l, son muchos los vecinos de esta localidad de 11.600 habitantes que han sufrido grandes p\u00e9rdidas por la acometida de unas aguas sin control. M\u00e1s all\u00e1 de lo material, estas inundaciones no han barrido sus ganas de salir adelante y, por esta raz\u00f3n, esperan recibir ayuda econ\u00f3mica cuanto antes para rehacer sus vidas.<\/p>\n<p>The-CNN-Wire<br \/>&trade; &amp; &copy; 2024 Cable News Network, Inc., a Warner Bros. Discovery Company. All rights reserved.<\/p>\n","protected":false},"excerpt":{"rendered":"<p>(CNN Espa\u00f1ol) &#8212; Han pasado casi 48 horas desde que el r\u00edo Magro, afluente del r\u00edo J\u00facar, desbordara en varios puntos de su recorrido debido a las lluvias torrenciales que han azotado la provincia de Valencia. En Utiel, una de las localidades que m\u00e1s han sufrido la crecida descomunal del cauce, las consecuencias se observan [&hellip;]<\/p>\n","protected":false},"author":0,"featured_media":0,"comment_status":"open","ping_status":"open","sticky":false,"template":"","format":"standard","meta":{"_jetpack_memberships_contains_paid_content":false,"footnotes":""},"categories":[10],"tags":[],"class_list":["post-1455481","post","type-post","status-publish","format-standard","hentry","category-noticias-nacionales","market-global"],"yoast_head":"<!-- This site is optimized with the Yoast SEO plugin v24.4 - https:\/\/yoast.com\/wordpress\/plugins\/seo\/ -->\n<title>Vecinos de Valencia rehacen sus vidas tras el paso de la DANA: &quot;Vi una ola de fango, como un tsunami\u201d - Noticias<\/title>\n<meta name=\"robots\" content=\"index, follow, max-snippet:-1, max-image-preview:large, max-video-preview:-1\" \/>\n<link rel=\"canonical\" href=\"https:\/\/noticiasya.com\/2024\/10\/31\/vecinos-valencia-rehacen-vidas-tras-dana-orix\/\" \/>\n<meta property=\"og:locale\" content=\"es_ES\" \/>\n<meta property=\"og:type\" content=\"article\" \/>\n<meta property=\"og:title\" content=\"Vecinos de Valencia rehacen sus vidas tras el paso de la DANA: &quot;Vi una ola de fango, como un tsunami\u201d - Noticias\" \/>\n<meta property=\"og:description\" content=\"(CNN Espa\u00f1ol) &#8212; Han pasado casi 48 horas desde que el r\u00edo Magro, afluente del r\u00edo J\u00facar, desbordara en varios puntos de su recorrido debido a las lluvias torrenciales que han azotado la provincia de Valencia. En Utiel, una de las localidades que m\u00e1s han sufrido la crecida descomunal del cauce, las consecuencias se observan [&hellip;]\" \/>\n<meta property=\"og:url\" content=\"https:\/\/noticiasya.com\/2024\/10\/31\/vecinos-valencia-rehacen-vidas-tras-dana-orix\/\" \/>\n<meta property=\"og:site_name\" content=\"Noticias\" \/>\n<meta property=\"article:published_time\" content=\"2024-10-31T16:03:42+00:00\" \/>\n<meta name=\"twitter:card\" content=\"summary_large_image\" \/>\n<meta name=\"twitter:label1\" content=\"Est. reading time\" \/>\n\t<meta name=\"twitter:data1\" content=\"3 minutos\" \/>\n<script type=\"application\/ld+json\" class=\"yoast-schema-graph\">{\"@context\":\"https:\/\/schema.org\",\"@graph\":[{\"@type\":\"Article\",\"@id\":\"https:\/\/noticiasya.com\/2024\/10\/31\/vecinos-valencia-rehacen-vidas-tras-dana-orix\/#article\",\"isPartOf\":{\"@id\":\"https:\/\/noticiasya.com\/2024\/10\/31\/vecinos-valencia-rehacen-vidas-tras-dana-orix\/\"},\"author\":{\"name\":\"\",\"@id\":\"\"},\"headline\":\"Vecinos de Valencia rehacen sus vidas tras el paso de la DANA: &#171;Vi una ola de fango, como un tsunami\u201d\",\"datePublished\":\"2024-10-31T16:03:42+00:00\",\"mainEntityOfPage\":{\"@id\":\"https:\/\/noticiasya.com\/2024\/10\/31\/vecinos-valencia-rehacen-vidas-tras-dana-orix\/\"},\"wordCount\":711,\"commentCount\":0,\"publisher\":{\"@id\":\"https:\/\/noticiasya.com\/#organization\"},\"articleSection\":[\"Noticias Nacionales\"],\"inLanguage\":\"es\",\"potentialAction\":[{\"@type\":\"CommentAction\",\"name\":\"Comment\",\"target\":[\"https:\/\/noticiasya.com\/2024\/10\/31\/vecinos-valencia-rehacen-vidas-tras-dana-orix\/#respond\"]}]},{\"@type\":\"WebPage\",\"@id\":\"https:\/\/noticiasya.com\/2024\/10\/31\/vecinos-valencia-rehacen-vidas-tras-dana-orix\/\",\"url\":\"https:\/\/noticiasya.com\/2024\/10\/31\/vecinos-valencia-rehacen-vidas-tras-dana-orix\/\",\"name\":\"Vecinos de Valencia rehacen sus vidas tras el paso de la DANA: \\\"Vi una ola de fango, como un tsunami\u201d - Noticias\",\"isPartOf\":{\"@id\":\"https:\/\/noticiasya.com\/#website\"},\"datePublished\":\"2024-10-31T16:03:42+00:00\",\"breadcrumb\":{\"@id\":\"https:\/\/noticiasya.com\/2024\/10\/31\/vecinos-valencia-rehacen-vidas-tras-dana-orix\/#breadcrumb\"},\"inLanguage\":\"es\",\"potentialAction\":[{\"@type\":\"ReadAction\",\"target\":[\"https:\/\/noticiasya.com\/2024\/10\/31\/vecinos-valencia-rehacen-vidas-tras-dana-orix\/\"]}]},{\"@type\":\"BreadcrumbList\",\"@id\":\"https:\/\/noticiasya.com\/2024\/10\/31\/vecinos-valencia-rehacen-vidas-tras-dana-orix\/#breadcrumb\",\"itemListElement\":[{\"@type\":\"ListItem\",\"position\":1,\"name\":\"Home\",\"item\":\"https:\/\/noticiasya.com\/\"},{\"@type\":\"ListItem\",\"position\":2,\"name\":\"Vecinos de Valencia rehacen sus vidas tras el paso de la DANA: &#171;Vi una ola de fango, como un tsunami\u201d\"}]},{\"@type\":\"WebSite\",\"@id\":\"https:\/\/noticiasya.com\/#website\",\"url\":\"https:\/\/noticiasya.com\/\",\"name\":\"Noticias\",\"description\":\"Lo que importa\",\"publisher\":{\"@id\":\"https:\/\/noticiasya.com\/#organization\"},\"potentialAction\":[{\"@type\":\"SearchAction\",\"target\":{\"@type\":\"EntryPoint\",\"urlTemplate\":\"https:\/\/noticiasya.com\/?s={search_term_string}\"},\"query-input\":{\"@type\":\"PropertyValueSpecification\",\"valueRequired\":true,\"valueName\":\"search_term_string\"}}],\"inLanguage\":\"es\"},{\"@type\":\"Organization\",\"@id\":\"https:\/\/noticiasya.com\/#organization\",\"name\":\"Noticias\",\"url\":\"https:\/\/noticiasya.com\/\",\"logo\":{\"@type\":\"ImageObject\",\"inLanguage\":\"es\",\"@id\":\"https:\/\/noticiasya.com\/#\/schema\/logo\/image\/\",\"url\":\"https:\/\/noticiasya.com\/wp-content\/uploads\/sites\/22\/2023\/12\/logo-nacional.png\",\"contentUrl\":\"https:\/\/noticiasya.com\/wp-content\/uploads\/sites\/22\/2023\/12\/logo-nacional.png\",\"width\":1801,\"height\":691,\"caption\":\"Noticias\"},\"image\":{\"@id\":\"https:\/\/noticiasya.com\/#\/schema\/logo\/image\/\"}}]}<\/script>\n<!-- \/ Yoast SEO plugin. -->","yoast_head_json":{"title":"Vecinos de Valencia rehacen sus vidas tras el paso de la DANA: \"Vi una ola de fango, como un tsunami\u201d - Noticias","robots":{"index":"index","follow":"follow","max-snippet":"max-snippet:-1","max-image-preview":"max-image-preview:large","max-video-preview":"max-video-preview:-1"},"canonical":"https:\/\/noticiasya.com\/2024\/10\/31\/vecinos-valencia-rehacen-vidas-tras-dana-orix\/","og_locale":"es_ES","og_type":"article","og_title":"Vecinos de Valencia rehacen sus vidas tras el paso de la DANA: \"Vi una ola de fango, como un tsunami\u201d - Noticias","og_description":"(CNN Espa\u00f1ol) &#8212; Han pasado casi 48 horas desde que el r\u00edo Magro, afluente del r\u00edo J\u00facar, desbordara en varios puntos de su recorrido debido a las lluvias torrenciales que han azotado la provincia de Valencia. En Utiel, una de las localidades que m\u00e1s han sufrido la crecida descomunal del cauce, las consecuencias se observan [&hellip;]","og_url":"https:\/\/noticiasya.com\/2024\/10\/31\/vecinos-valencia-rehacen-vidas-tras-dana-orix\/","og_site_name":"Noticias","article_published_time":"2024-10-31T16:03:42+00:00","twitter_card":"summary_large_image","twitter_misc":{"Est. reading time":"3 minutos"},"schema":{"@context":"https:\/\/schema.org","@graph":[{"@type":"Article","@id":"https:\/\/noticiasya.com\/2024\/10\/31\/vecinos-valencia-rehacen-vidas-tras-dana-orix\/#article","isPartOf":{"@id":"https:\/\/noticiasya.com\/2024\/10\/31\/vecinos-valencia-rehacen-vidas-tras-dana-orix\/"},"author":{"name":"","@id":""},"headline":"Vecinos de Valencia rehacen sus vidas tras el paso de la DANA: &#171;Vi una ola de fango, como un tsunami\u201d","datePublished":"2024-10-31T16:03:42+00:00","mainEntityOfPage":{"@id":"https:\/\/noticiasya.com\/2024\/10\/31\/vecinos-valencia-rehacen-vidas-tras-dana-orix\/"},"wordCount":711,"commentCount":0,"publisher":{"@id":"https:\/\/noticiasya.com\/#organization"},"articleSection":["Noticias Nacionales"],"inLanguage":"es","potentialAction":[{"@type":"CommentAction","name":"Comment","target":["https:\/\/noticiasya.com\/2024\/10\/31\/vecinos-valencia-rehacen-vidas-tras-dana-orix\/#respond"]}]},{"@type":"WebPage","@id":"https:\/\/noticiasya.com\/2024\/10\/31\/vecinos-valencia-rehacen-vidas-tras-dana-orix\/","url":"https:\/\/noticiasya.com\/2024\/10\/31\/vecinos-valencia-rehacen-vidas-tras-dana-orix\/","name":"Vecinos de Valencia rehacen sus vidas tras el paso de la DANA: \"Vi una ola de fango, como un tsunami\u201d - Noticias","isPartOf":{"@id":"https:\/\/noticiasya.com\/#website"},"datePublished":"2024-10-31T16:03:42+00:00","breadcrumb":{"@id":"https:\/\/noticiasya.com\/2024\/10\/31\/vecinos-valencia-rehacen-vidas-tras-dana-orix\/#breadcrumb"},"inLanguage":"es","potentialAction":[{"@type":"ReadAction","target":["https:\/\/noticiasya.com\/2024\/10\/31\/vecinos-valencia-rehacen-vidas-tras-dana-orix\/"]}]},{"@type":"BreadcrumbList","@id":"https:\/\/noticiasya.com\/2024\/10\/31\/vecinos-valencia-rehacen-vidas-tras-dana-orix\/#breadcrumb","itemListElement":[{"@type":"ListItem","position":1,"name":"Home","item":"https:\/\/noticiasya.com\/"},{"@type":"ListItem","position":2,"name":"Vecinos de Valencia rehacen sus vidas tras el paso de la DANA: &#171;Vi una ola de fango, como un tsunami\u201d"}]},{"@type":"WebSite","@id":"https:\/\/noticiasya.com\/#website","url":"https:\/\/noticiasya.com\/","name":"Noticias","description":"Lo que importa","publisher":{"@id":"https:\/\/noticiasya.com\/#organization"},"potentialAction":[{"@type":"SearchAction","target":{"@type":"EntryPoint","urlTemplate":"https:\/\/noticiasya.com\/?s={search_term_string}"},"query-input":{"@type":"PropertyValueSpecification","valueRequired":true,"valueName":"search_term_string"}}],"inLanguage":"es"},{"@type":"Organization","@id":"https:\/\/noticiasya.com\/#organization","name":"Noticias","url":"https:\/\/noticiasya.com\/","logo":{"@type":"ImageObject","inLanguage":"es","@id":"https:\/\/noticiasya.com\/#\/schema\/logo\/image\/","url":"https:\/\/noticiasya.com\/wp-content\/uploads\/sites\/22\/2023\/12\/logo-nacional.png","contentUrl":"https:\/\/noticiasya.com\/wp-content\/uploads\/sites\/22\/2023\/12\/logo-nacional.png","width":1801,"height":691,"caption":"Noticias"},"image":{"@id":"https:\/\/noticiasya.com\/#\/schema\/logo\/image\/"}}]}},"parsely":{"version":"1.1.0","canonical_url":"https:\/\/noticiasya.com\/midland-odessa\/2024\/10\/31\/vecinos-valencia-rehacen-vidas-tras-dana-orix\/","smart_links":{"inbound":0,"outbound":0},"traffic_boost_suggestions_count":0,"meta":{"@context":"https:\/\/schema.org","@type":"NewsArticle","headline":"Vecinos de Valencia rehacen sus vidas tras el paso de la DANA: &#171;Vi una ola de fango, como un tsunami\u201d","url":"http:\/\/noticiasya.com\/midland-odessa\/2024\/10\/31\/vecinos-valencia-rehacen-vidas-tras-dana-orix\/","mainEntityOfPage":{"@type":"WebPage","@id":"http:\/\/noticiasya.com\/midland-odessa\/2024\/10\/31\/vecinos-valencia-rehacen-vidas-tras-dana-orix\/"},"thumbnailUrl":"","image":{"@type":"ImageObject","url":""},"articleSection":"Noticias Nacionales","author":[],"creator":[],"publisher":{"@type":"Organization","name":"Noticias","logo":""},"keywords":[],"dateCreated":"2024-10-31T16:03:42Z","datePublished":"2024-10-31T16:03:42Z","dateModified":"2024-10-31T16:03:42Z"},"rendered":"<script type=\"application\/ld+json\" class=\"wp-parsely-metadata\">{\"@context\":\"https:\\\/\\\/schema.org\",\"@type\":\"NewsArticle\",\"headline\":\"Vecinos de Valencia rehacen sus vidas tras el paso de la DANA: &#171;Vi una ola de fango, como un tsunami\\u201d\",\"url\":\"http:\\\/\\\/noticiasya.com\\\/midland-odessa\\\/2024\\\/10\\\/31\\\/vecinos-valencia-rehacen-vidas-tras-dana-orix\\\/\",\"mainEntityOfPage\":{\"@type\":\"WebPage\",\"@id\":\"http:\\\/\\\/noticiasya.com\\\/midland-odessa\\\/2024\\\/10\\\/31\\\/vecinos-valencia-rehacen-vidas-tras-dana-orix\\\/\"},\"thumbnailUrl\":\"\",\"image\":{\"@type\":\"ImageObject\",\"url\":\"\"},\"articleSection\":\"Noticias Nacionales\",\"author\":[],\"creator\":[],\"publisher\":{\"@type\":\"Organization\",\"name\":\"Noticias\",\"logo\":\"\"},\"keywords\":[],\"dateCreated\":\"2024-10-31T16:03:42Z\",\"datePublished\":\"2024-10-31T16:03:42Z\",\"dateModified\":\"2024-10-31T16:03:42Z\"}<\/script>","tracker_url":"https:\/\/cdn.parsely.com\/keys\/noticiasya.com\/p.js"},"jetpack_featured_media_url":"","jetpack-related-posts":[{"id":1464374,"url":"https:\/\/noticiasya.com\/midland-odessa\/2025\/07\/09\/rio-guadalupe-refugio-dolor-futuro-incierto-inundaciones-trax\/","url_meta":{"origin":1455481,"position":0},"title":"El r\u00edo Guadalupe pas\u00f3 de ser un refugio de aventura y alegr\u00eda a un gran dolor con un futuro incierto tras las inundaciones","author":"","date":"julio 9, 2025","format":false,"excerpt":"Ron Duke valoraba el r\u00edo Guadalupe m\u00e1s que cualquier otra cosa.A sus 80 a\u00f1os, le encantaba remar en kayak por el cristalino cauce que recorre unos 400 kil\u00f3metros desde los manantiales de Texas Hill Country hasta la bah\u00eda de San Antonio, en el golfo. Su taller de carpinter\u00eda estaba cerca,\u2026","rel":"","context":"In &quot;Noticias Nacionales&quot;","block_context":{"text":"Noticias Nacionales","link":"https:\/\/noticiasya.com\/midland-odessa\/categoria\/noticias-nacionales"},"img":{"alt_text":"","src":"","width":0,"height":0},"classes":[]},{"id":1464255,"url":"https:\/\/noticiasya.com\/midland-odessa\/2025\/07\/05\/inundaciones-tragedia-campamento-ninas-texas-trax\/","url_meta":{"origin":1455481,"position":1},"title":"C\u00f3mo las inundaciones torrenciales causaron una tragedia en un campamento para ni\u00f1as en el centro de Texas","author":"","date":"julio 5, 2025","format":false,"excerpt":"Mientras los equipos de emergencia contin\u00faan rescatando a personas atrapadas por las torrenciales inundaciones que azotaron el centro de Texas el viernes, decenas de personas se enfrentan a la peor pesadilla de cualquier padre: sus hijos est\u00e1n desaparecidos.De acuerdo con las autoridades, hasta el s\u00e1bado por la tarde hab\u00eda un\u2026","rel":"","context":"In &quot;Noticias Nacionales&quot;","block_context":{"text":"Noticias Nacionales","link":"https:\/\/noticiasya.com\/midland-odessa\/categoria\/noticias-nacionales"},"img":{"alt_text":"","src":"","width":0,"height":0},"classes":[]},{"id":1449635,"url":"https:\/\/noticiasya.com\/midland-odessa\/2024\/05\/21\/braceros-anciano-regreso-texas-historia-trax\/","url_meta":{"origin":1455481,"position":2},"title":"A los 91 a\u00f1os, este inmigrante es uno de los \u00faltimos supervivientes de la &#171;esclavitud legalizada&#187; en EE.UU.","author":"","date":"mayo 21, 2024","format":false,"excerpt":"(CNN) -- Algunos de los recuerdos de Sebasti\u00e1n Corral se han desvanecido. Pero este anciano de 91 a\u00f1os recuerda su llegada a Estados Unidos en 1953 como si fuera ayer.C\u00f3mo trabajadores como \u00e9l eran obligados a desnudarse y eran rociados con insecticida.C\u00f3mo inspeccionaban sus manos para asegurarse de que estaban\u2026","rel":"","context":"In &quot;Noticias Nacionales&quot;","block_context":{"text":"Noticias Nacionales","link":"https:\/\/noticiasya.com\/midland-odessa\/categoria\/noticias-nacionales"},"img":{"alt_text":"","src":"","width":0,"height":0},"classes":[]},{"id":1464315,"url":"https:\/\/noticiasya.com\/midland-odessa\/2025\/07\/08\/funcionarios-locales-cuestionamientos-inundaciones-texas-trax\/","url_meta":{"origin":1455481,"position":3},"title":"Funcionarios locales enfrentan cuestionamientos por sus acciones en los a\u00f1os y horas previas a las inundaciones en Texas","author":"","date":"julio 8, 2025","format":false,"excerpt":"Mientras el centro de Texas se recupera de las inundaciones repentinas que causaron la muerte de m\u00e1s de 100 personas este fin de semana, se agudizan las preguntas sobre si las autoridades podr\u00edan haber hecho m\u00e1s para evitar la tragedia, tanto en las d\u00e9cadas previas al desastre como en los\u2026","rel":"","context":"In &quot;Noticias Nacionales&quot;","block_context":{"text":"Noticias Nacionales","link":"https:\/\/noticiasya.com\/midland-odessa\/categoria\/noticias-nacionales"},"img":{"alt_text":"","src":"","width":0,"height":0},"classes":[]},{"id":1451520,"url":"https:\/\/noticiasya.com\/midland-odessa\/2024\/07\/31\/pruebas-triatlon-olimpico-rio-sena-calidad-agua-trax\/","url_meta":{"origin":1455481,"position":4},"title":"Dan luz verde al triatl\u00f3n ol\u00edmpico en el r\u00edo Sena. La calidad del agua mejor\u00f3, seg\u00fan los organizadores","author":"","date":"julio 31, 2024","format":false,"excerpt":"(CNN) -- Las competiciones de triatl\u00f3n se han puesto en marcha este mi\u00e9rcoles en Par\u00eds, despu\u00e9s de que la preocupaci\u00f3n por la calidad del agua del r\u00edo Sena obligara a aplazar la prueba masculina un d\u00eda antes.Durante la noche llovi\u00f3 m\u00e1s en Par\u00eds, pero el Triatl\u00f3n Mundial y Par\u00eds 2024\u2026","rel":"","context":"In &quot;Noticias Nacionales&quot;","block_context":{"text":"Noticias Nacionales","link":"https:\/\/noticiasya.com\/midland-odessa\/categoria\/noticias-nacionales"},"img":{"alt_text":"","src":"","width":0,"height":0},"classes":[]},{"id":1449826,"url":"https:\/\/noticiasya.com\/midland-odessa\/2024\/05\/29\/rios-alask-estan-volviendo-anaranjados-consecuencia-inesperada-cambio-climatico-trax\/","url_meta":{"origin":1455481,"position":5},"title":"Los r\u00edos de Alaska se est\u00e1n volviendo anaranjados. Es una &#171;consecuencia inesperada del cambio clim\u00e1tico&#187;","author":"","date":"mayo 29, 2024","format":false,"excerpt":"(CNN) -- Seg\u00fan un nuevo estudio, los r\u00edos y arroyos en Alaska est\u00e1n cambiando de color, de un azul limpio y claro a un naranja oxidado, debido a los metales t\u00f3xicos liberados por el deshielo del permafrost .El hallazgo sorprendi\u00f3 a los investigadores del Servicio de Parques Nacionales, la Universidad\u2026","rel":"","context":"In &quot;Noticias Nacionales&quot;","block_context":{"text":"Noticias Nacionales","link":"https:\/\/noticiasya.com\/midland-odessa\/categoria\/noticias-nacionales"},"img":{"alt_text":"","src":"","width":0,"height":0},"classes":[]}],"jetpack_sharing_enabled":true,"_links":{"self":[{"href":"https:\/\/noticiasya.com\/midland-odessa\/wp-json\/wp\/v2\/posts\/1455481","targetHints":{"allow":["GET"]}}],"collection":[{"href":"https:\/\/noticiasya.com\/midland-odessa\/wp-json\/wp\/v2\/posts"}],"about":[{"href":"https:\/\/noticiasya.com\/midland-odessa\/wp-json\/wp\/v2\/types\/post"}],"replies":[{"embeddable":true,"href":"https:\/\/noticiasya.com\/midland-odessa\/wp-json\/wp\/v2\/comments?post=1455481"}],"version-history":[{"count":0,"href":"https:\/\/noticiasya.com\/midland-odessa\/wp-json\/wp\/v2\/posts\/1455481\/revisions"}],"wp:attachment":[{"href":"https:\/\/noticiasya.com\/midland-odessa\/wp-json\/wp\/v2\/media?parent=1455481"}],"wp:term":[{"taxonomy":"category","embeddable":true,"href":"https:\/\/noticiasya.com\/midland-odessa\/wp-json\/wp\/v2\/categories?post=1455481"},{"taxonomy":"post_tag","embeddable":true,"href":"https:\/\/noticiasya.com\/midland-odessa\/wp-json\/wp\/v2\/tags?post=1455481"}],"curies":[{"name":"wp","href":"https:\/\/api.w.org\/{rel}","templated":true}]}}