{"id":1455484,"date":"2024-10-31T13:03:40","date_gmt":"2024-10-31T20:03:40","guid":{"rendered":"https:\/\/noticiasya.com\/2024\/10\/31\/claudia-sheinbaum-mexico-constitucion-ley-maxima-orix\/"},"modified":"2024-10-31T13:03:40","modified_gmt":"2024-10-31T20:03:40","slug":"claudia-sheinbaum-mexico-constitucion-ley-maxima-orix","status":"publish","type":"post","link":"https:\/\/noticiasya.com\/midland-odessa\/2024\/10\/31\/claudia-sheinbaum-mexico-constitucion-ley-maxima-orix\/","title":{"rendered":"Claudia Sheinbaum: \u201cLa Constituci\u00f3n es la ley m\u00e1xima\u201d"},"content":{"rendered":"<p>(CNN Espa\u00f1ol) \u2013\u2013 La presidenta de M\u00e9xico, Claudia Sheinbaum, critic\u00f3 este jueves a la oposici\u00f3n por el uso del t\u00e9rmino \u201csupremac\u00eda constitucional\u201d y se\u00f1al\u00f3 que la Corte menciona dicha palabra en diversos documentos.<\/p>\n<p>La mandataria subray\u00f3 que en el art\u00edculo 133 de la Constituci\u00f3n dice que la misma es \u201cla ley m\u00e1xima\u201d.<\/p>\n<p>\u00bfC\u00f3mo es la reforma de supremac\u00eda constitucional en M\u00e9xico, qu\u00e9 significa y qu\u00e9 cambiar\u00eda?<\/p>\n<p>Sheinbaum dijo que \u201cno se est\u00e1 violando\u201d la Constituci\u00f3n, y que \u201cforma parte del estado de derecho\u201d de M\u00e9xico.<\/p>\n<p>Las declaraciones de la presidenta de M\u00e9xico se dan en el contexto de la discusi\u00f3n del mi\u00e9rcoles en la C\u00e1mara de Diputados del Congreso por la iniciativa oficialista que busca blindar las reformas constitucionales de cualquier amparo, controversia y acci\u00f3n de inconstitucionalidad, incluida la pol\u00e9mica reforma al poder judicial.<\/p>\n<p>La reforma de supremac\u00eda constitucional fue avalada por la C\u00e1mara de Senadores el 25 de octubre, con 85 votos a favor y 41 en contra.<\/p>\n<p>The-CNN-Wire<br \/>&trade; &amp; &copy; 2024 Cable News Network, Inc., a Warner Bros. Discovery Company. All rights reserved.<\/p>\n","protected":false},"excerpt":{"rendered":"<p>(CNN Espa\u00f1ol) \u2013\u2013 La presidenta de M\u00e9xico, Claudia Sheinbaum, critic\u00f3 este jueves a la oposici\u00f3n por el uso del t\u00e9rmino \u201csupremac\u00eda constitucional\u201d y se\u00f1al\u00f3 que la Corte menciona dicha palabra en diversos documentos. La mandataria subray\u00f3 que en el art\u00edculo 133 de la Constituci\u00f3n dice que la misma es \u201cla ley m\u00e1xima\u201d. \u00bfC\u00f3mo es la [&hellip;]<\/p>\n","protected":false},"author":0,"featured_media":0,"comment_status":"open","ping_status":"open","sticky":false,"template":"","format":"standard","meta":{"_jetpack_memberships_contains_paid_content":false,"footnotes":""},"categories":[10],"tags":[],"class_list":["post-1455484","post","type-post","status-publish","format-standard","hentry","category-noticias-nacionales","market-global"],"yoast_head":"<!-- This site is optimized with the Yoast SEO plugin v24.4 - https:\/\/yoast.com\/wordpress\/plugins\/seo\/ -->\n<title>Claudia Sheinbaum: \u201cLa Constituci\u00f3n es la ley m\u00e1xima\u201d - Noticias<\/title>\n<meta name=\"robots\" content=\"index, follow, max-snippet:-1, max-image-preview:large, max-video-preview:-1\" \/>\n<link rel=\"canonical\" href=\"https:\/\/noticiasya.com\/2024\/10\/31\/claudia-sheinbaum-mexico-constitucion-ley-maxima-orix\/\" \/>\n<meta property=\"og:locale\" content=\"es_ES\" \/>\n<meta property=\"og:type\" content=\"article\" \/>\n<meta property=\"og:title\" content=\"Claudia Sheinbaum: \u201cLa Constituci\u00f3n es la ley m\u00e1xima\u201d - Noticias\" \/>\n<meta property=\"og:description\" content=\"(CNN Espa\u00f1ol) \u2013\u2013 La presidenta de M\u00e9xico, Claudia Sheinbaum, critic\u00f3 este jueves a la oposici\u00f3n por el uso del t\u00e9rmino \u201csupremac\u00eda constitucional\u201d y se\u00f1al\u00f3 que la Corte menciona dicha palabra en diversos documentos. La mandataria subray\u00f3 que en el art\u00edculo 133 de la Constituci\u00f3n dice que la misma es \u201cla ley m\u00e1xima\u201d. \u00bfC\u00f3mo es la [&hellip;]\" \/>\n<meta property=\"og:url\" content=\"https:\/\/noticiasya.com\/2024\/10\/31\/claudia-sheinbaum-mexico-constitucion-ley-maxima-orix\/\" \/>\n<meta property=\"og:site_name\" content=\"Noticias\" \/>\n<meta property=\"article:published_time\" content=\"2024-10-31T20:03:40+00:00\" \/>\n<meta name=\"twitter:card\" content=\"summary_large_image\" \/>\n<meta name=\"twitter:label1\" content=\"Est. reading time\" \/>\n\t<meta name=\"twitter:data1\" content=\"1 minuto\" \/>\n<script type=\"application\/ld+json\" class=\"yoast-schema-graph\">{\"@context\":\"https:\/\/schema.org\",\"@graph\":[{\"@type\":\"Article\",\"@id\":\"https:\/\/noticiasya.com\/2024\/10\/31\/claudia-sheinbaum-mexico-constitucion-ley-maxima-orix\/#article\",\"isPartOf\":{\"@id\":\"https:\/\/noticiasya.com\/2024\/10\/31\/claudia-sheinbaum-mexico-constitucion-ley-maxima-orix\/\"},\"author\":{\"name\":\"\",\"@id\":\"\"},\"headline\":\"Claudia Sheinbaum: \u201cLa Constituci\u00f3n es la ley m\u00e1xima\u201d\",\"datePublished\":\"2024-10-31T20:03:40+00:00\",\"mainEntityOfPage\":{\"@id\":\"https:\/\/noticiasya.com\/2024\/10\/31\/claudia-sheinbaum-mexico-constitucion-ley-maxima-orix\/\"},\"wordCount\":203,\"commentCount\":0,\"publisher\":{\"@id\":\"https:\/\/noticiasya.com\/#organization\"},\"articleSection\":[\"Noticias Nacionales\"],\"inLanguage\":\"es\",\"potentialAction\":[{\"@type\":\"CommentAction\",\"name\":\"Comment\",\"target\":[\"https:\/\/noticiasya.com\/2024\/10\/31\/claudia-sheinbaum-mexico-constitucion-ley-maxima-orix\/#respond\"]}]},{\"@type\":\"WebPage\",\"@id\":\"https:\/\/noticiasya.com\/2024\/10\/31\/claudia-sheinbaum-mexico-constitucion-ley-maxima-orix\/\",\"url\":\"https:\/\/noticiasya.com\/2024\/10\/31\/claudia-sheinbaum-mexico-constitucion-ley-maxima-orix\/\",\"name\":\"Claudia Sheinbaum: \u201cLa Constituci\u00f3n es la ley m\u00e1xima\u201d - Noticias\",\"isPartOf\":{\"@id\":\"https:\/\/noticiasya.com\/#website\"},\"datePublished\":\"2024-10-31T20:03:40+00:00\",\"breadcrumb\":{\"@id\":\"https:\/\/noticiasya.com\/2024\/10\/31\/claudia-sheinbaum-mexico-constitucion-ley-maxima-orix\/#breadcrumb\"},\"inLanguage\":\"es\",\"potentialAction\":[{\"@type\":\"ReadAction\",\"target\":[\"https:\/\/noticiasya.com\/2024\/10\/31\/claudia-sheinbaum-mexico-constitucion-ley-maxima-orix\/\"]}]},{\"@type\":\"BreadcrumbList\",\"@id\":\"https:\/\/noticiasya.com\/2024\/10\/31\/claudia-sheinbaum-mexico-constitucion-ley-maxima-orix\/#breadcrumb\",\"itemListElement\":[{\"@type\":\"ListItem\",\"position\":1,\"name\":\"Home\",\"item\":\"https:\/\/noticiasya.com\/\"},{\"@type\":\"ListItem\",\"position\":2,\"name\":\"Claudia Sheinbaum: \u201cLa Constituci\u00f3n es la ley m\u00e1xima\u201d\"}]},{\"@type\":\"WebSite\",\"@id\":\"https:\/\/noticiasya.com\/#website\",\"url\":\"https:\/\/noticiasya.com\/\",\"name\":\"Noticias\",\"description\":\"Lo que importa\",\"publisher\":{\"@id\":\"https:\/\/noticiasya.com\/#organization\"},\"potentialAction\":[{\"@type\":\"SearchAction\",\"target\":{\"@type\":\"EntryPoint\",\"urlTemplate\":\"https:\/\/noticiasya.com\/?s={search_term_string}\"},\"query-input\":{\"@type\":\"PropertyValueSpecification\",\"valueRequired\":true,\"valueName\":\"search_term_string\"}}],\"inLanguage\":\"es\"},{\"@type\":\"Organization\",\"@id\":\"https:\/\/noticiasya.com\/#organization\",\"name\":\"Noticias\",\"url\":\"https:\/\/noticiasya.com\/\",\"logo\":{\"@type\":\"ImageObject\",\"inLanguage\":\"es\",\"@id\":\"https:\/\/noticiasya.com\/#\/schema\/logo\/image\/\",\"url\":\"https:\/\/noticiasya.com\/wp-content\/uploads\/sites\/22\/2023\/12\/logo-nacional.png\",\"contentUrl\":\"https:\/\/noticiasya.com\/wp-content\/uploads\/sites\/22\/2023\/12\/logo-nacional.png\",\"width\":1801,\"height\":691,\"caption\":\"Noticias\"},\"image\":{\"@id\":\"https:\/\/noticiasya.com\/#\/schema\/logo\/image\/\"}}]}<\/script>\n<!-- \/ Yoast SEO plugin. -->","yoast_head_json":{"title":"Claudia Sheinbaum: \u201cLa Constituci\u00f3n es la ley m\u00e1xima\u201d - Noticias","robots":{"index":"index","follow":"follow","max-snippet":"max-snippet:-1","max-image-preview":"max-image-preview:large","max-video-preview":"max-video-preview:-1"},"canonical":"https:\/\/noticiasya.com\/2024\/10\/31\/claudia-sheinbaum-mexico-constitucion-ley-maxima-orix\/","og_locale":"es_ES","og_type":"article","og_title":"Claudia Sheinbaum: \u201cLa Constituci\u00f3n es la ley m\u00e1xima\u201d - Noticias","og_description":"(CNN Espa\u00f1ol) \u2013\u2013 La presidenta de M\u00e9xico, Claudia Sheinbaum, critic\u00f3 este jueves a la oposici\u00f3n por el uso del t\u00e9rmino \u201csupremac\u00eda constitucional\u201d y se\u00f1al\u00f3 que la Corte menciona dicha palabra en diversos documentos. La mandataria subray\u00f3 que en el art\u00edculo 133 de la Constituci\u00f3n dice que la misma es \u201cla ley m\u00e1xima\u201d. \u00bfC\u00f3mo es la [&hellip;]","og_url":"https:\/\/noticiasya.com\/2024\/10\/31\/claudia-sheinbaum-mexico-constitucion-ley-maxima-orix\/","og_site_name":"Noticias","article_published_time":"2024-10-31T20:03:40+00:00","twitter_card":"summary_large_image","twitter_misc":{"Est. reading time":"1 minuto"},"schema":{"@context":"https:\/\/schema.org","@graph":[{"@type":"Article","@id":"https:\/\/noticiasya.com\/2024\/10\/31\/claudia-sheinbaum-mexico-constitucion-ley-maxima-orix\/#article","isPartOf":{"@id":"https:\/\/noticiasya.com\/2024\/10\/31\/claudia-sheinbaum-mexico-constitucion-ley-maxima-orix\/"},"author":{"name":"","@id":""},"headline":"Claudia Sheinbaum: \u201cLa Constituci\u00f3n es la ley m\u00e1xima\u201d","datePublished":"2024-10-31T20:03:40+00:00","mainEntityOfPage":{"@id":"https:\/\/noticiasya.com\/2024\/10\/31\/claudia-sheinbaum-mexico-constitucion-ley-maxima-orix\/"},"wordCount":203,"commentCount":0,"publisher":{"@id":"https:\/\/noticiasya.com\/#organization"},"articleSection":["Noticias Nacionales"],"inLanguage":"es","potentialAction":[{"@type":"CommentAction","name":"Comment","target":["https:\/\/noticiasya.com\/2024\/10\/31\/claudia-sheinbaum-mexico-constitucion-ley-maxima-orix\/#respond"]}]},{"@type":"WebPage","@id":"https:\/\/noticiasya.com\/2024\/10\/31\/claudia-sheinbaum-mexico-constitucion-ley-maxima-orix\/","url":"https:\/\/noticiasya.com\/2024\/10\/31\/claudia-sheinbaum-mexico-constitucion-ley-maxima-orix\/","name":"Claudia Sheinbaum: \u201cLa Constituci\u00f3n es la ley m\u00e1xima\u201d - Noticias","isPartOf":{"@id":"https:\/\/noticiasya.com\/#website"},"datePublished":"2024-10-31T20:03:40+00:00","breadcrumb":{"@id":"https:\/\/noticiasya.com\/2024\/10\/31\/claudia-sheinbaum-mexico-constitucion-ley-maxima-orix\/#breadcrumb"},"inLanguage":"es","potentialAction":[{"@type":"ReadAction","target":["https:\/\/noticiasya.com\/2024\/10\/31\/claudia-sheinbaum-mexico-constitucion-ley-maxima-orix\/"]}]},{"@type":"BreadcrumbList","@id":"https:\/\/noticiasya.com\/2024\/10\/31\/claudia-sheinbaum-mexico-constitucion-ley-maxima-orix\/#breadcrumb","itemListElement":[{"@type":"ListItem","position":1,"name":"Home","item":"https:\/\/noticiasya.com\/"},{"@type":"ListItem","position":2,"name":"Claudia Sheinbaum: \u201cLa Constituci\u00f3n es la ley m\u00e1xima\u201d"}]},{"@type":"WebSite","@id":"https:\/\/noticiasya.com\/#website","url":"https:\/\/noticiasya.com\/","name":"Noticias","description":"Lo que importa","publisher":{"@id":"https:\/\/noticiasya.com\/#organization"},"potentialAction":[{"@type":"SearchAction","target":{"@type":"EntryPoint","urlTemplate":"https:\/\/noticiasya.com\/?s={search_term_string}"},"query-input":{"@type":"PropertyValueSpecification","valueRequired":true,"valueName":"search_term_string"}}],"inLanguage":"es"},{"@type":"Organization","@id":"https:\/\/noticiasya.com\/#organization","name":"Noticias","url":"https:\/\/noticiasya.com\/","logo":{"@type":"ImageObject","inLanguage":"es","@id":"https:\/\/noticiasya.com\/#\/schema\/logo\/image\/","url":"https:\/\/noticiasya.com\/wp-content\/uploads\/sites\/22\/2023\/12\/logo-nacional.png","contentUrl":"https:\/\/noticiasya.com\/wp-content\/uploads\/sites\/22\/2023\/12\/logo-nacional.png","width":1801,"height":691,"caption":"Noticias"},"image":{"@id":"https:\/\/noticiasya.com\/#\/schema\/logo\/image\/"}}]}},"parsely":{"version":"1.1.0","canonical_url":"https:\/\/noticiasya.com\/midland-odessa\/2024\/10\/31\/claudia-sheinbaum-mexico-constitucion-ley-maxima-orix\/","smart_links":{"inbound":0,"outbound":0},"traffic_boost_suggestions_count":0,"meta":{"@context":"https:\/\/schema.org","@type":"NewsArticle","headline":"Claudia Sheinbaum: \u201cLa Constituci\u00f3n es la ley m\u00e1xima\u201d","url":"http:\/\/noticiasya.com\/midland-odessa\/2024\/10\/31\/claudia-sheinbaum-mexico-constitucion-ley-maxima-orix\/","mainEntityOfPage":{"@type":"WebPage","@id":"http:\/\/noticiasya.com\/midland-odessa\/2024\/10\/31\/claudia-sheinbaum-mexico-constitucion-ley-maxima-orix\/"},"thumbnailUrl":"","image":{"@type":"ImageObject","url":""},"articleSection":"Noticias Nacionales","author":[],"creator":[],"publisher":{"@type":"Organization","name":"Noticias","logo":""},"keywords":[],"dateCreated":"2024-10-31T20:03:40Z","datePublished":"2024-10-31T20:03:40Z","dateModified":"2024-10-31T20:03:40Z"},"rendered":"<script type=\"application\/ld+json\" class=\"wp-parsely-metadata\">{\"@context\":\"https:\\\/\\\/schema.org\",\"@type\":\"NewsArticle\",\"headline\":\"Claudia Sheinbaum: \\u201cLa Constituci\\u00f3n es la ley m\\u00e1xima\\u201d\",\"url\":\"http:\\\/\\\/noticiasya.com\\\/midland-odessa\\\/2024\\\/10\\\/31\\\/claudia-sheinbaum-mexico-constitucion-ley-maxima-orix\\\/\",\"mainEntityOfPage\":{\"@type\":\"WebPage\",\"@id\":\"http:\\\/\\\/noticiasya.com\\\/midland-odessa\\\/2024\\\/10\\\/31\\\/claudia-sheinbaum-mexico-constitucion-ley-maxima-orix\\\/\"},\"thumbnailUrl\":\"\",\"image\":{\"@type\":\"ImageObject\",\"url\":\"\"},\"articleSection\":\"Noticias Nacionales\",\"author\":[],\"creator\":[],\"publisher\":{\"@type\":\"Organization\",\"name\":\"Noticias\",\"logo\":\"\"},\"keywords\":[],\"dateCreated\":\"2024-10-31T20:03:40Z\",\"datePublished\":\"2024-10-31T20:03:40Z\",\"dateModified\":\"2024-10-31T20:03:40Z\"}<\/script>","tracker_url":"https:\/\/cdn.parsely.com\/keys\/noticiasya.com\/p.js"},"jetpack_featured_media_url":"","jetpack-related-posts":[{"id":1455497,"url":"https:\/\/noticiasya.com\/midland-odessa\/2024\/10\/31\/congreso-mexicano-declara-validez-de-la-reforma-de-supremacia-constitucional-tras-aval-en-mayoria-de-legislaturas-estatales\/","url_meta":{"origin":1455484,"position":0},"title":"Congreso mexicano declara validez de la reforma de supremac\u00eda constitucional tras aval en mayor\u00eda de legislaturas estatales","author":"","date":"octubre 31, 2024","format":false,"excerpt":"(CNN Espa\u00f1ol) -- Las C\u00e1maras de Diputados y Senadores avalaron este jueves la enmienda de supremac\u00eda constitucional, que blinda las reformas a la Constituci\u00f3n Nacional de cualquier amparo, controversia y acci\u00f3n de inconstitucionalidad, incluida la pol\u00e9mica reforma judicial, tras alcanzar los votos aprobatorios de 23 legislaturas estatales, informaron ambas c\u00e1maras\u2026","rel":"","context":"In &quot;Noticias Nacionales&quot;","block_context":{"text":"Noticias Nacionales","link":"https:\/\/noticiasya.com\/midland-odessa\/categoria\/noticias-nacionales"},"img":{"alt_text":"","src":"","width":0,"height":0},"classes":[]},{"id":1457833,"url":"https:\/\/noticiasya.com\/midland-odessa\/2025\/01\/24\/sheinbaum-reforma-prohibir-maiz-transgenico-orix\/","url_meta":{"origin":1455484,"position":1},"title":"Sheinbaum formaliza su reforma para prohibir la siembra de ma\u00edz transg\u00e9nico en M\u00e9xico","author":"","date":"enero 24, 2025","format":false,"excerpt":"La presidenta de M\u00e9xico, Claudia Sheinbaum, envi\u00f3 al Congreso este jueves una propuesta de reforma a la Constituci\u00f3n para prohibir la siembra de ma\u00edz transg\u00e9nico en el pa\u00eds, una medida que, dice, es necesaria para proteger la diversidad gen\u00e9tica de esta planta.El documento, publicado en la Gaceta Parlamentaria, plantea modificar\u2026","rel":"","context":"In &quot;Noticias Nacionales&quot;","block_context":{"text":"Noticias Nacionales","link":"https:\/\/noticiasya.com\/midland-odessa\/categoria\/noticias-nacionales"},"img":{"alt_text":"","src":"","width":0,"height":0},"classes":[]},{"id":1455218,"url":"https:\/\/noticiasya.com\/midland-odessa\/2024\/10\/18\/claudia-sheinbaum-reforma-judicial-diario-oficial-orix\/","url_meta":{"origin":1455484,"position":2},"title":"Claudia Sheinbaum asegura que no van a bajar la publicaci\u00f3n de la reforma judicial del Diario Oficial de la Federaci\u00f3n","author":"","date":"octubre 18, 2024","format":false,"excerpt":"(CNN Espa\u00f1ol) --\u00a0La presidenta de M\u00e9xico, Claudia Sheinbaum, no dar\u00e1 marcha atr\u00e1s con la publicaci\u00f3n de la reforma judicial en el Diario Oficial de la Federaci\u00f3n (DOF), seg\u00fan dijo en la conferencia matutina de este viernes, luego de que una jueza ordenara bajarla en un plazo de 24 horas. \u201cJur\u00eddicamente\u2026","rel":"","context":"In &quot;Noticias Nacionales&quot;","block_context":{"text":"Noticias Nacionales","link":"https:\/\/noticiasya.com\/midland-odessa\/categoria\/noticias-nacionales"},"img":{"alt_text":"","src":"","width":0,"height":0},"classes":[]},{"id":1459039,"url":"https:\/\/noticiasya.com\/midland-odessa\/2025\/02\/21\/sheinbaum-contra-eeuu-intervencion-mexico-orix\/","url_meta":{"origin":1455484,"position":3},"title":"Sheinbaum a EE.UU.: Que nombrar a los c\u00e1rteles como terroristas &#171;no sea un pretexto para la intervenci\u00f3n de M\u00e9xico&#187;","author":"","date":"febrero 21, 2025","format":false,"excerpt":"La presidenta de M\u00e9xico, Claudia Sheinbaum, explic\u00f3 que las iniciativas sobre soberan\u00eda y terrorismo planteadas dentro de un proyecto que envi\u00f3 al Congreso para reformar dos art\u00edculos de la Constituci\u00f3n no tienen \u201cdedicatoria a los c\u00e1rteles\u201d, y que, m\u00e1s bien, parece apuntar a su vecino del norte.\u201cEso no quiere decir\u2026","rel":"","context":"In &quot;Noticias Nacionales&quot;","block_context":{"text":"Noticias Nacionales","link":"https:\/\/noticiasya.com\/midland-odessa\/categoria\/noticias-nacionales"},"img":{"alt_text":"","src":"","width":0,"height":0},"classes":[]},{"id":1458972,"url":"https:\/\/noticiasya.com\/midland-odessa\/2025\/02\/20\/sheinbaum-reforma-constitucion-orix\/","url_meta":{"origin":1455484,"position":4},"title":"Sheinbaum plantea reforma a la Constituci\u00f3n luego de que EE.UU. designara a c\u00e1rteles como organizaciones terroristas","author":"","date":"febrero 20, 2025","format":false,"excerpt":"La presidenta de M\u00e9xico, Claudia Sheinbaum, anunci\u00f3 este jueves el env\u00edo al Congreso de un proyecto para reformar dos art\u00edculos de la Constituci\u00f3n con el objetivo de reforzar la soberan\u00eda nacional, luego de que EE.UU. designar a varios c\u00e1rteles como organizaciones terroristas extranjeras.\u201cLo que queremos dejar claro frente a esta\u2026","rel":"","context":"In &quot;Noticias Nacionales&quot;","block_context":{"text":"Noticias Nacionales","link":"https:\/\/noticiasya.com\/midland-odessa\/categoria\/noticias-nacionales"},"img":{"alt_text":"","src":"","width":0,"height":0},"classes":[]},{"id":1457020,"url":"https:\/\/noticiasya.com\/midland-odessa\/2024\/12\/27\/sheinbaum-20-reformas-proximo-periodo-legislativo-orix\/","url_meta":{"origin":1455484,"position":5},"title":"Sheinbaum dice que presentar\u00e1 &#171;alrededor de 20&#187; reformas en el pr\u00f3ximo periodo legislativo","author":"","date":"diciembre 27, 2024","format":false,"excerpt":"La presidenta de M\u00e9xico, Claudia Sheinbaum Pardo, dijo el jueves que su Gobierno presentar\u00e1 \u201calrededor de 20\u201d reformas en el pr\u00f3ximo periodo de sesiones del Congreso del pa\u00eds, el cual inicia el 1 de febrero de 2025.Sheinbaum indic\u00f3 que varias de estas reformas ser\u00e1n legales, pues se centrar\u00e1n en las\u2026","rel":"","context":"In &quot;Noticias Nacionales&quot;","block_context":{"text":"Noticias Nacionales","link":"https:\/\/noticiasya.com\/midland-odessa\/categoria\/noticias-nacionales"},"img":{"alt_text":"","src":"","width":0,"height":0},"classes":[]}],"jetpack_sharing_enabled":true,"_links":{"self":[{"href":"https:\/\/noticiasya.com\/midland-odessa\/wp-json\/wp\/v2\/posts\/1455484","targetHints":{"allow":["GET"]}}],"collection":[{"href":"https:\/\/noticiasya.com\/midland-odessa\/wp-json\/wp\/v2\/posts"}],"about":[{"href":"https:\/\/noticiasya.com\/midland-odessa\/wp-json\/wp\/v2\/types\/post"}],"replies":[{"embeddable":true,"href":"https:\/\/noticiasya.com\/midland-odessa\/wp-json\/wp\/v2\/comments?post=1455484"}],"version-history":[{"count":0,"href":"https:\/\/noticiasya.com\/midland-odessa\/wp-json\/wp\/v2\/posts\/1455484\/revisions"}],"wp:attachment":[{"href":"https:\/\/noticiasya.com\/midland-odessa\/wp-json\/wp\/v2\/media?parent=1455484"}],"wp:term":[{"taxonomy":"category","embeddable":true,"href":"https:\/\/noticiasya.com\/midland-odessa\/wp-json\/wp\/v2\/categories?post=1455484"},{"taxonomy":"post_tag","embeddable":true,"href":"https:\/\/noticiasya.com\/midland-odessa\/wp-json\/wp\/v2\/tags?post=1455484"}],"curies":[{"name":"wp","href":"https:\/\/api.w.org\/{rel}","templated":true}]}}