{"id":1455486,"date":"2024-10-31T14:03:46","date_gmt":"2024-10-31T21:03:46","guid":{"rendered":"https:\/\/noticiasya.com\/2024\/10\/31\/elecciones-uruguay-yamandu-orsi-alvaro-delgado-votos-decisivos-orix\/"},"modified":"2024-10-31T14:03:46","modified_gmt":"2024-10-31T21:03:46","slug":"elecciones-uruguay-yamandu-orsi-alvaro-delgado-votos-decisivos-orix","status":"publish","type":"post","link":"https:\/\/noticiasya.com\/midland-odessa\/2024\/10\/31\/elecciones-uruguay-yamandu-orsi-alvaro-delgado-votos-decisivos-orix\/","title":{"rendered":"Elecciones en Uruguay: Yamand\u00fa Orsi y \u00c1lvaro Delgado van en busca de votos decisivos"},"content":{"rendered":"<p>(CNN Espa\u00f1ol) &#8212; Barajar y dar de nuevo. La carrera presidencial en Uruguay dej\u00f3 a nueve candidatos en el camino en la primera vuelta y solo quedan dos en la contienda hacia la Torre Ejecutiva: Yamand\u00fa Orsi, del centroizquierdista Frente Amplio, y \u00c1lvaro Delgado, del centroderechista Partido Nacional. Los uruguayos presenciar\u00e1n poco menos de un mes m\u00e1s de campa\u00f1a antes para elegir el 24 de noviembre a su pr\u00f3ximo presidente.<\/p>\n<p>Los dos candidatos en pie ya empiezan a tejer alianzas. Y es que tanto Orsi como Delgado buscan convencer a los votantes no solo de que su opci\u00f3n es la mejor, sino, sobre todo, de que su partido ser\u00e1 capaz de asegurar mayor gobernabilidad con un Parlamento que qued\u00f3 dividido tras los comicios del 27 de octubre.<\/p>\n<p>Cuando faltan contarse solamente los votos observados, los resultados primarios le dan al Frente Amplio la mayor\u00eda absoluta del Senado (16 senadores de 30) y tambi\u00e9n 48 de las 99 bancas en la C\u00e1mara de Representantes. All\u00ed hay m\u00e1s divisi\u00f3n, con la presencia de varios partidos chicos y sin mayor\u00eda absoluta de ning\u00fan bloque.<\/p>\n<p>\u201cCreo que tenemos muchas m\u00e1s ventajas para la celeridad en las medidas urgentes que el pa\u00eds necesita, porque tenemos esas mayor\u00edas aseguradas en el Senado\u201d, dijo Orsi en entrevista con Telemundo el martes. \u201cLa gente nos dio un mensaje: nadie tiene mayor\u00edas (\u2026) Hoy nadie tiene mayor\u00eda parlamentaria porque eso implica tener mayor\u00eda en las dos c\u00e1maras\u201d, retruc\u00f3 al otro d\u00eda, en el mismo informativo, \u00c1lvaro Delgado.<\/p>\n<p>Elecciones en Uruguay: \u201cEl candidato que arranca con mayor apoyo pol\u00edtico es el oficialista Delgado\u201d<\/p>\n<p>Orsi dijo que la negociaci\u00f3n ha sido siempre \u201csu pr\u00e9dica y su pr\u00e1ctica\u201d, que durante su mandato como intendente de Canelones logr\u00f3 acuerdos, aunque ten\u00eda las mayor\u00edas, y que eso lo convierte en la mejor opci\u00f3n para gobernar: \u201cLo principal es que mi campa\u00f1a no va a ser contra el Partido Nacional o el Partido Colorado, sino a favor de un proyecto del pa\u00eds. Es algo que nos diferencia, porque ellos definieron que es contra el Frente Amplio\u201d.<\/p>\n<p>Delgado, por su parte, dijo que cree que es necesario llegar a acuerdos con los dem\u00e1s partidos, incluyendo el Frente Amplio: \u201cNo solo llegar a acuerdos, sino que la gesti\u00f3n de algunos temas no necesariamente sea con miembros de la coalici\u00f3n. Porque si llegamos a acuerdos pensamos en una l\u00f3gica mucho m\u00e1s\u2026 ni Pe\u00f1arol ni Nacional: Uruguay\u201d.<\/p>\n<p>Seg\u00fan analistas pol\u00edticos, hay dos perspectivas para ver la foto de la pole position electoral: por un lado, que el opositor Orsi arranca un paso m\u00e1s adelante, al haber sido el partido individual m\u00e1s votado en la primera vuelta (44%) y haber conseguido la mayor\u00eda absoluta del Senado. Por el otro, que los cuatro partidos que integran la actual coalici\u00f3n de Gobierno sumaron en total m\u00e1s votos que el Frente Amplio. Por ende, si esos ciudadanos vuelven a votar a los partidos que ahora apoyan a \u00c1lvaro Delgado, \u00e9ste tendr\u00eda la mayor\u00eda en el balotaje.<\/p>\n<p>Ignacio Zuasnabar, director de la consultora Equipos, dijo a la publicaci\u00f3n B\u00fasqueda que hay una especie de \u201cempate\u201d. Agreg\u00f3 que \u201clos dos tienen elementos para mostrar resultados positivos a partir de lo que ocurri\u00f3 el domingo. Si uno mira una perspectiva m\u00e1s larga, evidentemente seguimos en un pa\u00eds donde hay dos bloques con peso similar\u201d. \u201cEsta elecci\u00f3n va a estar definida por microsegmentos, es decir, segmentos muy peque\u00f1os de electores\u201d, agreg\u00f3 Zuasnabar.<\/p>\n<p>Delgado se cree capaz de retener a los votantes de los distintos partidos que integraron la coalici\u00f3n oficialista liderada por el presidente Luis Lacalle Pou (Partido Nacional, Partido Colorado, Partido Independiente y Cabildo Abierto), y tambi\u00e9n de sumar votantes de los partidos peque\u00f1os que tuvieron menos del 1% de los votos cada uno. Por eso, dijo que conf\u00eda en ganar por una diferencia \u201cm\u00e1s amplia\u201d que la que su sector logr\u00f3 en 2019. Manifest\u00f3 que no cree que haya \u201cfuga\u201d de votos hacia la oposici\u00f3n, que la coalici\u00f3n que gobern\u00f3 los \u00faltimos cinco a\u00f1os \u201clleg\u00f3 para quedarse\u201d y que los votantes \u201csilenciosamente ir\u00e1n a elegir el camino de la continuidad\u201d.<\/p>\n<p>Un uruguayo coloc\u00f3 por error US$ 600 en el sobre de votaci\u00f3n. \u00bfPodr\u00e1 recuperarlos?<\/p>\n<p>Orsi, en cambio, espera que ocurra lo que ya ha pasado en otros balotajes: que su partido crezca en los votos obtenidos. \u201cHist\u00f3ricamente, en la segunda vuelta los candidatos del Frente Amplio suelen recoger un porcentaje\u201d importante de votos que no obtuvieron en la primera vuelta. A\u00f1adi\u00f3 que en la segunda vuelta \u201clo partidario pasa a segundo orden\u201d y que &#171;es muy dif\u00edcil&#187; que los candidatos puedan &#171;arrear de manera autom\u00e1tica a los votantes&#187;.<\/p>\n<p>En cualquier caso, uno y otro tendr\u00e1n que enfrentarse a una C\u00e1mara de Representantes dividida, en la que el partido Identidad Soberana, liderado por el abogado Gustavo Salle, obtuvo dos diputados clave para alcanzar cualquier mayor\u00eda. Salle es un pol\u00edtico que se define como antisistema y antivacunas. Anunci\u00f3 que votar\u00e1 \u201canulado\u201d, y declar\u00f3 respecto a su ingreso al Parlamento: \u201cEntramos en la cueva de los vendepatrias\u201d.<\/p>\n<p>A partir de ahora, ambas campa\u00f1as realizan una ronda de entrevistas en medios de comunicaci\u00f3n masivos, planean volver a recorrer el pa\u00eds de punta a punta, buscando el contacto directo con los votantes tan habitual en la pol\u00edtica uruguaya, y organizan a sus equipos de trabajo.<\/p>\n<p>The-CNN-Wire<br \/>&trade; &amp; &copy; 2024 Cable News Network, Inc., a Warner Bros. Discovery Company. All rights reserved.<\/p>\n","protected":false},"excerpt":{"rendered":"<p>(CNN Espa\u00f1ol) &#8212; Barajar y dar de nuevo. La carrera presidencial en Uruguay dej\u00f3 a nueve candidatos en el camino en la primera vuelta y solo quedan dos en la contienda hacia la Torre Ejecutiva: Yamand\u00fa Orsi, del centroizquierdista Frente Amplio, y \u00c1lvaro Delgado, del centroderechista Partido Nacional. Los uruguayos presenciar\u00e1n poco menos de un [&hellip;]<\/p>\n","protected":false},"author":0,"featured_media":0,"comment_status":"open","ping_status":"open","sticky":false,"template":"","format":"standard","meta":{"_jetpack_memberships_contains_paid_content":false,"footnotes":""},"categories":[10],"tags":[],"class_list":["post-1455486","post","type-post","status-publish","format-standard","hentry","category-noticias-nacionales","market-global"],"yoast_head":"<!-- This site is optimized with the Yoast SEO plugin v24.4 - https:\/\/yoast.com\/wordpress\/plugins\/seo\/ -->\n<title>Elecciones en Uruguay: Yamand\u00fa Orsi y \u00c1lvaro Delgado van en busca de votos decisivos - Noticias<\/title>\n<meta name=\"robots\" content=\"index, follow, max-snippet:-1, max-image-preview:large, max-video-preview:-1\" \/>\n<link rel=\"canonical\" href=\"https:\/\/noticiasya.com\/2024\/10\/31\/elecciones-uruguay-yamandu-orsi-alvaro-delgado-votos-decisivos-orix\/\" \/>\n<meta property=\"og:locale\" content=\"es_ES\" \/>\n<meta property=\"og:type\" content=\"article\" \/>\n<meta property=\"og:title\" content=\"Elecciones en Uruguay: Yamand\u00fa Orsi y \u00c1lvaro Delgado van en busca de votos decisivos - Noticias\" \/>\n<meta property=\"og:description\" content=\"(CNN Espa\u00f1ol) &#8212; Barajar y dar de nuevo. La carrera presidencial en Uruguay dej\u00f3 a nueve candidatos en el camino en la primera vuelta y solo quedan dos en la contienda hacia la Torre Ejecutiva: Yamand\u00fa Orsi, del centroizquierdista Frente Amplio, y \u00c1lvaro Delgado, del centroderechista Partido Nacional. Los uruguayos presenciar\u00e1n poco menos de un [&hellip;]\" \/>\n<meta property=\"og:url\" content=\"https:\/\/noticiasya.com\/2024\/10\/31\/elecciones-uruguay-yamandu-orsi-alvaro-delgado-votos-decisivos-orix\/\" \/>\n<meta property=\"og:site_name\" content=\"Noticias\" \/>\n<meta property=\"article:published_time\" content=\"2024-10-31T21:03:46+00:00\" \/>\n<meta name=\"twitter:card\" content=\"summary_large_image\" \/>\n<meta name=\"twitter:label1\" content=\"Est. reading time\" \/>\n\t<meta name=\"twitter:data1\" content=\"5 minutos\" \/>\n<script type=\"application\/ld+json\" class=\"yoast-schema-graph\">{\"@context\":\"https:\/\/schema.org\",\"@graph\":[{\"@type\":\"Article\",\"@id\":\"https:\/\/noticiasya.com\/2024\/10\/31\/elecciones-uruguay-yamandu-orsi-alvaro-delgado-votos-decisivos-orix\/#article\",\"isPartOf\":{\"@id\":\"https:\/\/noticiasya.com\/2024\/10\/31\/elecciones-uruguay-yamandu-orsi-alvaro-delgado-votos-decisivos-orix\/\"},\"author\":{\"name\":\"\",\"@id\":\"\"},\"headline\":\"Elecciones en Uruguay: Yamand\u00fa Orsi y \u00c1lvaro Delgado van en busca de votos decisivos\",\"datePublished\":\"2024-10-31T21:03:46+00:00\",\"mainEntityOfPage\":{\"@id\":\"https:\/\/noticiasya.com\/2024\/10\/31\/elecciones-uruguay-yamandu-orsi-alvaro-delgado-votos-decisivos-orix\/\"},\"wordCount\":967,\"commentCount\":0,\"publisher\":{\"@id\":\"https:\/\/noticiasya.com\/#organization\"},\"articleSection\":[\"Noticias Nacionales\"],\"inLanguage\":\"es\",\"potentialAction\":[{\"@type\":\"CommentAction\",\"name\":\"Comment\",\"target\":[\"https:\/\/noticiasya.com\/2024\/10\/31\/elecciones-uruguay-yamandu-orsi-alvaro-delgado-votos-decisivos-orix\/#respond\"]}]},{\"@type\":\"WebPage\",\"@id\":\"https:\/\/noticiasya.com\/2024\/10\/31\/elecciones-uruguay-yamandu-orsi-alvaro-delgado-votos-decisivos-orix\/\",\"url\":\"https:\/\/noticiasya.com\/2024\/10\/31\/elecciones-uruguay-yamandu-orsi-alvaro-delgado-votos-decisivos-orix\/\",\"name\":\"Elecciones en Uruguay: Yamand\u00fa Orsi y \u00c1lvaro Delgado van en busca de votos decisivos - Noticias\",\"isPartOf\":{\"@id\":\"https:\/\/noticiasya.com\/#website\"},\"datePublished\":\"2024-10-31T21:03:46+00:00\",\"breadcrumb\":{\"@id\":\"https:\/\/noticiasya.com\/2024\/10\/31\/elecciones-uruguay-yamandu-orsi-alvaro-delgado-votos-decisivos-orix\/#breadcrumb\"},\"inLanguage\":\"es\",\"potentialAction\":[{\"@type\":\"ReadAction\",\"target\":[\"https:\/\/noticiasya.com\/2024\/10\/31\/elecciones-uruguay-yamandu-orsi-alvaro-delgado-votos-decisivos-orix\/\"]}]},{\"@type\":\"BreadcrumbList\",\"@id\":\"https:\/\/noticiasya.com\/2024\/10\/31\/elecciones-uruguay-yamandu-orsi-alvaro-delgado-votos-decisivos-orix\/#breadcrumb\",\"itemListElement\":[{\"@type\":\"ListItem\",\"position\":1,\"name\":\"Home\",\"item\":\"https:\/\/noticiasya.com\/\"},{\"@type\":\"ListItem\",\"position\":2,\"name\":\"Elecciones en Uruguay: Yamand\u00fa Orsi y \u00c1lvaro Delgado van en busca de votos decisivos\"}]},{\"@type\":\"WebSite\",\"@id\":\"https:\/\/noticiasya.com\/#website\",\"url\":\"https:\/\/noticiasya.com\/\",\"name\":\"Noticias\",\"description\":\"Lo que importa\",\"publisher\":{\"@id\":\"https:\/\/noticiasya.com\/#organization\"},\"potentialAction\":[{\"@type\":\"SearchAction\",\"target\":{\"@type\":\"EntryPoint\",\"urlTemplate\":\"https:\/\/noticiasya.com\/?s={search_term_string}\"},\"query-input\":{\"@type\":\"PropertyValueSpecification\",\"valueRequired\":true,\"valueName\":\"search_term_string\"}}],\"inLanguage\":\"es\"},{\"@type\":\"Organization\",\"@id\":\"https:\/\/noticiasya.com\/#organization\",\"name\":\"Noticias\",\"url\":\"https:\/\/noticiasya.com\/\",\"logo\":{\"@type\":\"ImageObject\",\"inLanguage\":\"es\",\"@id\":\"https:\/\/noticiasya.com\/#\/schema\/logo\/image\/\",\"url\":\"https:\/\/noticiasya.com\/wp-content\/uploads\/sites\/22\/2023\/12\/logo-nacional.png\",\"contentUrl\":\"https:\/\/noticiasya.com\/wp-content\/uploads\/sites\/22\/2023\/12\/logo-nacional.png\",\"width\":1801,\"height\":691,\"caption\":\"Noticias\"},\"image\":{\"@id\":\"https:\/\/noticiasya.com\/#\/schema\/logo\/image\/\"}}]}<\/script>\n<!-- \/ Yoast SEO plugin. -->","yoast_head_json":{"title":"Elecciones en Uruguay: Yamand\u00fa Orsi y \u00c1lvaro Delgado van en busca de votos decisivos - Noticias","robots":{"index":"index","follow":"follow","max-snippet":"max-snippet:-1","max-image-preview":"max-image-preview:large","max-video-preview":"max-video-preview:-1"},"canonical":"https:\/\/noticiasya.com\/2024\/10\/31\/elecciones-uruguay-yamandu-orsi-alvaro-delgado-votos-decisivos-orix\/","og_locale":"es_ES","og_type":"article","og_title":"Elecciones en Uruguay: Yamand\u00fa Orsi y \u00c1lvaro Delgado van en busca de votos decisivos - Noticias","og_description":"(CNN Espa\u00f1ol) &#8212; Barajar y dar de nuevo. La carrera presidencial en Uruguay dej\u00f3 a nueve candidatos en el camino en la primera vuelta y solo quedan dos en la contienda hacia la Torre Ejecutiva: Yamand\u00fa Orsi, del centroizquierdista Frente Amplio, y \u00c1lvaro Delgado, del centroderechista Partido Nacional. Los uruguayos presenciar\u00e1n poco menos de un [&hellip;]","og_url":"https:\/\/noticiasya.com\/2024\/10\/31\/elecciones-uruguay-yamandu-orsi-alvaro-delgado-votos-decisivos-orix\/","og_site_name":"Noticias","article_published_time":"2024-10-31T21:03:46+00:00","twitter_card":"summary_large_image","twitter_misc":{"Est. reading time":"5 minutos"},"schema":{"@context":"https:\/\/schema.org","@graph":[{"@type":"Article","@id":"https:\/\/noticiasya.com\/2024\/10\/31\/elecciones-uruguay-yamandu-orsi-alvaro-delgado-votos-decisivos-orix\/#article","isPartOf":{"@id":"https:\/\/noticiasya.com\/2024\/10\/31\/elecciones-uruguay-yamandu-orsi-alvaro-delgado-votos-decisivos-orix\/"},"author":{"name":"","@id":""},"headline":"Elecciones en Uruguay: Yamand\u00fa Orsi y \u00c1lvaro Delgado van en busca de votos decisivos","datePublished":"2024-10-31T21:03:46+00:00","mainEntityOfPage":{"@id":"https:\/\/noticiasya.com\/2024\/10\/31\/elecciones-uruguay-yamandu-orsi-alvaro-delgado-votos-decisivos-orix\/"},"wordCount":967,"commentCount":0,"publisher":{"@id":"https:\/\/noticiasya.com\/#organization"},"articleSection":["Noticias Nacionales"],"inLanguage":"es","potentialAction":[{"@type":"CommentAction","name":"Comment","target":["https:\/\/noticiasya.com\/2024\/10\/31\/elecciones-uruguay-yamandu-orsi-alvaro-delgado-votos-decisivos-orix\/#respond"]}]},{"@type":"WebPage","@id":"https:\/\/noticiasya.com\/2024\/10\/31\/elecciones-uruguay-yamandu-orsi-alvaro-delgado-votos-decisivos-orix\/","url":"https:\/\/noticiasya.com\/2024\/10\/31\/elecciones-uruguay-yamandu-orsi-alvaro-delgado-votos-decisivos-orix\/","name":"Elecciones en Uruguay: Yamand\u00fa Orsi y \u00c1lvaro Delgado van en busca de votos decisivos - Noticias","isPartOf":{"@id":"https:\/\/noticiasya.com\/#website"},"datePublished":"2024-10-31T21:03:46+00:00","breadcrumb":{"@id":"https:\/\/noticiasya.com\/2024\/10\/31\/elecciones-uruguay-yamandu-orsi-alvaro-delgado-votos-decisivos-orix\/#breadcrumb"},"inLanguage":"es","potentialAction":[{"@type":"ReadAction","target":["https:\/\/noticiasya.com\/2024\/10\/31\/elecciones-uruguay-yamandu-orsi-alvaro-delgado-votos-decisivos-orix\/"]}]},{"@type":"BreadcrumbList","@id":"https:\/\/noticiasya.com\/2024\/10\/31\/elecciones-uruguay-yamandu-orsi-alvaro-delgado-votos-decisivos-orix\/#breadcrumb","itemListElement":[{"@type":"ListItem","position":1,"name":"Home","item":"https:\/\/noticiasya.com\/"},{"@type":"ListItem","position":2,"name":"Elecciones en Uruguay: Yamand\u00fa Orsi y \u00c1lvaro Delgado van en busca de votos decisivos"}]},{"@type":"WebSite","@id":"https:\/\/noticiasya.com\/#website","url":"https:\/\/noticiasya.com\/","name":"Noticias","description":"Lo que importa","publisher":{"@id":"https:\/\/noticiasya.com\/#organization"},"potentialAction":[{"@type":"SearchAction","target":{"@type":"EntryPoint","urlTemplate":"https:\/\/noticiasya.com\/?s={search_term_string}"},"query-input":{"@type":"PropertyValueSpecification","valueRequired":true,"valueName":"search_term_string"}}],"inLanguage":"es"},{"@type":"Organization","@id":"https:\/\/noticiasya.com\/#organization","name":"Noticias","url":"https:\/\/noticiasya.com\/","logo":{"@type":"ImageObject","inLanguage":"es","@id":"https:\/\/noticiasya.com\/#\/schema\/logo\/image\/","url":"https:\/\/noticiasya.com\/wp-content\/uploads\/sites\/22\/2023\/12\/logo-nacional.png","contentUrl":"https:\/\/noticiasya.com\/wp-content\/uploads\/sites\/22\/2023\/12\/logo-nacional.png","width":1801,"height":691,"caption":"Noticias"},"image":{"@id":"https:\/\/noticiasya.com\/#\/schema\/logo\/image\/"}}]}},"parsely":{"version":"1.1.0","canonical_url":"https:\/\/noticiasya.com\/midland-odessa\/2024\/10\/31\/elecciones-uruguay-yamandu-orsi-alvaro-delgado-votos-decisivos-orix\/","smart_links":{"inbound":0,"outbound":0},"traffic_boost_suggestions_count":0,"meta":{"@context":"https:\/\/schema.org","@type":"NewsArticle","headline":"Elecciones en Uruguay: Yamand\u00fa Orsi y \u00c1lvaro Delgado van en busca de votos decisivos","url":"http:\/\/noticiasya.com\/midland-odessa\/2024\/10\/31\/elecciones-uruguay-yamandu-orsi-alvaro-delgado-votos-decisivos-orix\/","mainEntityOfPage":{"@type":"WebPage","@id":"http:\/\/noticiasya.com\/midland-odessa\/2024\/10\/31\/elecciones-uruguay-yamandu-orsi-alvaro-delgado-votos-decisivos-orix\/"},"thumbnailUrl":"","image":{"@type":"ImageObject","url":""},"articleSection":"Noticias Nacionales","author":[],"creator":[],"publisher":{"@type":"Organization","name":"Noticias","logo":""},"keywords":[],"dateCreated":"2024-10-31T21:03:46Z","datePublished":"2024-10-31T21:03:46Z","dateModified":"2024-10-31T21:03:46Z"},"rendered":"<script type=\"application\/ld+json\" class=\"wp-parsely-metadata\">{\"@context\":\"https:\\\/\\\/schema.org\",\"@type\":\"NewsArticle\",\"headline\":\"Elecciones en Uruguay: Yamand\\u00fa Orsi y \\u00c1lvaro Delgado van en busca de votos decisivos\",\"url\":\"http:\\\/\\\/noticiasya.com\\\/midland-odessa\\\/2024\\\/10\\\/31\\\/elecciones-uruguay-yamandu-orsi-alvaro-delgado-votos-decisivos-orix\\\/\",\"mainEntityOfPage\":{\"@type\":\"WebPage\",\"@id\":\"http:\\\/\\\/noticiasya.com\\\/midland-odessa\\\/2024\\\/10\\\/31\\\/elecciones-uruguay-yamandu-orsi-alvaro-delgado-votos-decisivos-orix\\\/\"},\"thumbnailUrl\":\"\",\"image\":{\"@type\":\"ImageObject\",\"url\":\"\"},\"articleSection\":\"Noticias Nacionales\",\"author\":[],\"creator\":[],\"publisher\":{\"@type\":\"Organization\",\"name\":\"Noticias\",\"logo\":\"\"},\"keywords\":[],\"dateCreated\":\"2024-10-31T21:03:46Z\",\"datePublished\":\"2024-10-31T21:03:46Z\",\"dateModified\":\"2024-10-31T21:03:46Z\"}<\/script>","tracker_url":"https:\/\/cdn.parsely.com\/keys\/noticiasya.com\/p.js"},"jetpack_featured_media_url":"","jetpack-related-posts":[{"id":1450834,"url":"https:\/\/noticiasya.com\/midland-odessa\/2024\/07\/01\/presidencia-yamandu-orsi-alvaro-delgado-elecciones-uruguay-orix\/","url_meta":{"origin":1455486,"position":0},"title":"Uruguay avanza en la carrera electoral: \u00bfqui\u00e9nes competir\u00e1n por la presidencia en octubre?","author":"","date":"julio 1, 2024","format":false,"excerpt":"(CNN Espa\u00f1ol) -- El exintendente del departamento de Canelones, Yamand\u00fa Orsi (57 a\u00f1os), y el exsecretario de Presidencia, \u00c1lvaro Delgado (55 a\u00f1os), ganaron sus respectivas elecciones internas este domingo en Uruguay y ser\u00e1n los candidatos de sus partidos a la Presidencia en las elecciones de octubre, seg\u00fan datos oficiales de\u2026","rel":"","context":"In &quot;Noticias Nacionales&quot;","block_context":{"text":"Noticias Nacionales","link":"https:\/\/noticiasya.com\/midland-odessa\/categoria\/noticias-nacionales"},"img":{"alt_text":"","src":"","width":0,"height":0},"classes":[]},{"id":1456169,"url":"https:\/\/noticiasya.com\/midland-odessa\/2024\/11\/29\/lula-yamandu-orsi-reunion-brasil-uruguay-orix\/","url_meta":{"origin":1455486,"position":1},"title":"Lula se re\u00fane con Yamand\u00fa Orsi, presidente electo de Uruguay; hablan sobre el desarrollo de la regi\u00f3n","author":"","date":"noviembre 29, 2024","format":false,"excerpt":"(CNN) -- El presidente de Brasil, Luiz In\u00e1cio Lula da Silva, recibi\u00f3 este viernes en su pa\u00eds al presidente electo de Uruguay, Yamand\u00fa Orsi, con quien habl\u00f3 de temas como el desarrollo de la regi\u00f3n, informaron el Gobierno brasile\u00f1o y el futuro mandatario de Uruguay.El Gobierno de Brasil dijo en\u2026","rel":"","context":"In &quot;Noticias Nacionales&quot;","block_context":{"text":"Noticias Nacionales","link":"https:\/\/noticiasya.com\/midland-odessa\/categoria\/noticias-nacionales"},"img":{"alt_text":"","src":"","width":0,"height":0},"classes":[]},{"id":1456028,"url":"https:\/\/noticiasya.com\/midland-odessa\/2024\/11\/22\/encuestas-segunda-vuelta-elecciones-presidenciales-uruguay-orix\/","url_meta":{"origin":1455486,"position":2},"title":"\u00bfQui\u00e9n es el candidato favorito para ganar la segunda vuelta en las elecciones presidenciales de Uruguay? Esto dicen las encuestas antes de la veda electoral","author":"","date":"noviembre 22, 2024","format":false,"excerpt":"(CNN Espa\u00f1ol) -- Uruguay est\u00e1 en la recta final para un balotaje de final incierto este domingo 24 entre el centroizquierdista Yamand\u00fa Orsi y el centroderechista Alvaro Delgado, con un leve favoritismo de las encuestas para Orsi, del Frente Amplio.Seg\u00fan las \u00faltimas encuestas antes de la veda preelectoral, Orsi ganar\u00eda\u2026","rel":"","context":"In &quot;Noticias Nacionales&quot;","block_context":{"text":"Noticias Nacionales","link":"https:\/\/noticiasya.com\/midland-odessa\/categoria\/noticias-nacionales"},"img":{"alt_text":"","src":"","width":0,"height":0},"classes":[]},{"id":1456032,"url":"https:\/\/noticiasya.com\/midland-odessa\/2024\/11\/22\/jose-pepe-mujica-campana-electoral-uruguay-orix\/","url_meta":{"origin":1455486,"position":3},"title":"El papel de Mujica en las elecciones de Uruguay: &#171;Tenemos que salir de este pozo en el cual nos hemos metido&#187;","author":"","date":"noviembre 22, 2024","format":false,"excerpt":"(CNN Espa\u00f1ol) -- En plena recuperaci\u00f3n de un tratamiento de radioterapia contra un c\u00e1ncer de es\u00f3fago, el expresidente de Uruguay, Jos\u00e9 \"Pepe\" Mujica, privilegi\u00f3 la campa\u00f1a preelectoral, dio entrevistas y particip\u00f3 en varios actos pidiendo el voto para su \"hijo pol\u00edtico\", el candidato de centroizquierda, Yamand\u00fa Orsi, porque, como lo\u2026","rel":"","context":"In &quot;Noticias Nacionales&quot;","block_context":{"text":"Noticias Nacionales","link":"https:\/\/noticiasya.com\/midland-odessa\/categoria\/noticias-nacionales"},"img":{"alt_text":"","src":"","width":0,"height":0},"classes":[]},{"id":1456056,"url":"https:\/\/noticiasya.com\/midland-odessa\/2024\/11\/24\/yamandu-orsi-presidente-electo-izquierda-presidencia-uruguay-orix\/","url_meta":{"origin":1455486,"position":4},"title":"Yamand\u00fa Orsi, el hijo de almaceneros que le tem\u00eda a la Luna y fue electo presidente de Uruguay","author":"","date":"noviembre 24, 2024","format":false,"excerpt":"(CNN Espa\u00f1ol) -- Docente de historia, buen cocinero, amante de la m\u00fasica folcl\u00f3rica y el canto popular, hincha de Pe\u00f1arol y, seg\u00fan dice, \"buen jugador de f\u00fatbol\". Yamand\u00fa Ram\u00f3n Orsi Mart\u00ednez, un hijo de trabajadores del campo y almaceneros del departamento de Canelones, quien de ni\u00f1o \"le tem\u00eda a la\u2026","rel":"","context":"In &quot;Noticias Nacionales&quot;","block_context":{"text":"Noticias Nacionales","link":"https:\/\/noticiasya.com\/midland-odessa\/categoria\/noticias-nacionales"},"img":{"alt_text":"","src":"","width":0,"height":0},"classes":[]},{"id":1456059,"url":"https:\/\/noticiasya.com\/midland-odessa\/2024\/11\/25\/yamandu-orsi-presidente-elegido-izquierda-presidencia-uruguay-orix\/","url_meta":{"origin":1455486,"position":5},"title":"Yamand\u00fa Orsi, el hijo de almaceneros que le tem\u00eda a la Luna y fue elegido presidente de Uruguay","author":"","date":"noviembre 25, 2024","format":false,"excerpt":"(CNN Espa\u00f1ol) -- Docente de historia, buen cocinero, amante de la m\u00fasica folcl\u00f3rica y el canto popular, hincha de Pe\u00f1arol y, seg\u00fan dice, \"buen jugador de f\u00fatbol\". Yamand\u00fa Ram\u00f3n Orsi Mart\u00ednez, un hijo de trabajadores del campo y almaceneros del departamento de Canelones, quien de ni\u00f1o \"le tem\u00eda a la\u2026","rel":"","context":"In &quot;Noticias Nacionales&quot;","block_context":{"text":"Noticias Nacionales","link":"https:\/\/noticiasya.com\/midland-odessa\/categoria\/noticias-nacionales"},"img":{"alt_text":"","src":"","width":0,"height":0},"classes":[]}],"jetpack_sharing_enabled":true,"_links":{"self":[{"href":"https:\/\/noticiasya.com\/midland-odessa\/wp-json\/wp\/v2\/posts\/1455486","targetHints":{"allow":["GET"]}}],"collection":[{"href":"https:\/\/noticiasya.com\/midland-odessa\/wp-json\/wp\/v2\/posts"}],"about":[{"href":"https:\/\/noticiasya.com\/midland-odessa\/wp-json\/wp\/v2\/types\/post"}],"replies":[{"embeddable":true,"href":"https:\/\/noticiasya.com\/midland-odessa\/wp-json\/wp\/v2\/comments?post=1455486"}],"version-history":[{"count":0,"href":"https:\/\/noticiasya.com\/midland-odessa\/wp-json\/wp\/v2\/posts\/1455486\/revisions"}],"wp:attachment":[{"href":"https:\/\/noticiasya.com\/midland-odessa\/wp-json\/wp\/v2\/media?parent=1455486"}],"wp:term":[{"taxonomy":"category","embeddable":true,"href":"https:\/\/noticiasya.com\/midland-odessa\/wp-json\/wp\/v2\/categories?post=1455486"},{"taxonomy":"post_tag","embeddable":true,"href":"https:\/\/noticiasya.com\/midland-odessa\/wp-json\/wp\/v2\/tags?post=1455486"}],"curies":[{"name":"wp","href":"https:\/\/api.w.org\/{rel}","templated":true}]}}