{"id":1455488,"date":"2024-10-31T15:03:48","date_gmt":"2024-10-31T22:03:48","guid":{"rendered":"https:\/\/noticiasya.com\/2024\/10\/31\/recordemos-oscar-de-la-renta-orix\/"},"modified":"2024-10-31T15:03:48","modified_gmt":"2024-10-31T22:03:48","slug":"recordemos-oscar-de-la-renta-orix","status":"publish","type":"post","link":"https:\/\/noticiasya.com\/midland-odessa\/2024\/10\/31\/recordemos-oscar-de-la-renta-orix\/","title":{"rendered":"OPINI\u00d3N | Recordemos a \u00d3scar de la Renta"},"content":{"rendered":"<p>Nota del editor:\u202fMari Rodr\u00edguez Ichaso ha sido colaboradora de la revista Vanidades durante varias d\u00e9cadas. Especialista en moda, viajes, gastronom\u00eda, arte, arquitectura y entretenimiento. Productora de cine. Columnista de estilo de CNN en Espa\u00f1ol. Las opiniones expresadas en esta columna son exclusivamente suyas. Lee m\u00e1s art\u00edculos de opini\u00f3n en\u202fcnne.com\/opinion<\/p>\n<p>(CNN Espa\u00f1ol) &#8212; No se puede hablar de moda sin hablar del gran dise\u00f1ador dominicano \u00d3scar de la Renta.<\/p>\n<p>Y no estoy refiri\u00e9ndome a una moda local o solo de Nueva York, sino internacional, ya que fue uno de los grandes dise\u00f1adores de la moda en el mundo.<br \/>\n\u00d3scar muri\u00f3 hace 10 a\u00f1os, el 20 de octubre de 2014, y me gustar\u00eda honrarlo recordando algunas an\u00e9cdotas.<\/p>\n<p>Cuando comenc\u00e9 mi carrera como una joven periodista en Nueva York que deseaba aprenderlo todo, \u00d3scar, que tambi\u00e9n estaba en los comienzos de su carrera estadounidense me ayud\u00f3 much\u00edsimo. No solo fue amable, sino que me llev\u00f3 a su atelier, me present\u00f3 a sus modelos, me invit\u00f3 a sus desfiles (\u00a1en primera fila!) y comparti\u00f3 conmigo a trav\u00e9s de los a\u00f1os, infinidad de an\u00e9cdotas y experiencias.<\/p>\n<p>Me invitaba a almorzar en su preciosa finca de Connecticut, donde \u00e9l mismo cuidaba el jard\u00edn, y a cenas y conciertos en el Carnegie Hall. Yo le tom\u00e9 much\u00edsimo cari\u00f1o y \u00e9l a m\u00ed. Y eso fue extraordinariamente agradable, porque a medida que se hizo famoso, nunca olvid\u00f3 nuestra amistad, sino todo lo contrario.<\/p>\n<p>\u00a1\u00d3scar era amigo de tanta gente importante y famosa! Y personas de todos los campos: de la moda, de la pol\u00edtica, de las artes\u2026 Y casualmente \u2014y est\u00e1s an\u00e9cdotas son rigurosamente ciertas\u2014 una noche, en la discoteca neoyorquina Regine\u2019s, yo le present\u00e9 a Julio Iglesias. Yo estaba con mi exesposo y con Guillermo Cabrera Infante y su esposa \u2014Julio estaba con nosotros\u2014 y \u00d3scar se acerc\u00f3 y me dijo: \u201cPor favor, quiero que me presentes a Julio, pues adoro su m\u00fasica\u201d. Y as\u00ed lo hice. \u00d3scar se sent\u00f3 con nosotros. Y aquella primera vez se convirti\u00f3 luego en una amistad del alma y en un gran convenio de negocios entre ellos. Contribuyeron a desarrollar lo que hoy en d\u00eda es la zona tur\u00edstica de Punta Cana, en Rep\u00fablica Dominicana, y fueron grandes amigos y socios de negocios.<\/p>\n<p>Julio siempre me lo comentaba y yo ten\u00eda ese punto de contacto. Cuando \u00d3scar se enferm\u00f3 de c\u00e1ncer en 2006, yo llamaba a Julio, quien me daba \u201cpartes\u201d de su salud. Su muerte, ocurrida en 2014, fue una gran p\u00e9rdida para el mundo de la moda y para la humanidad, porque era un gran fil\u00e1ntropo y un hombre tan generoso como talentoso.<\/p>\n<p>\u00bfQui\u00e9n era \u00d3scar de la Renta?<\/p>\n<p>El dise\u00f1ador \u00d3scar de la Renta asiste a la Gala de la Medalla de Excelencia de Carnegie Hall 2014 en honor a \u00d3scar de la Renta en The Plaza Hotel el 24 de abril de 2014 en la ciudad de Nueva York. (Cr\u00e9dito: Brad Barket\/Getty Images)<\/p>\n<p>\u00d3scar de la Renta naci\u00f3 en Santo Domingo en 1932. A los 18 a\u00f1os, se mud\u00f3 a Espa\u00f1a para estudiar pintura en la Real Academia de Bellas Artes de San Fernando en Madrid y all\u00ed descubri\u00f3 su pasi\u00f3n por la moda, trabajando con el dise\u00f1ador Crist\u00f3bal Balenciaga, su primer mentor.<\/p>\n<p>M\u00e1s tarde se traslad\u00f3 a Par\u00eds, donde trabaj\u00f3 para la casa Lanvin y luego se radic\u00f3 en Nueva York, donde inaugur\u00f3 su propia marca en 1965. \u00a1Y su moda gust\u00f3 tanto que el resto es historia!<\/p>\n<p>Su estilo era elegante, sofisticado y a la vez muy femenino. Siempre me dec\u00eda que dise\u00f1aba \u201cpara embellecer a la mujer\u201d. Sus dise\u00f1os ten\u00edan siluetas definidas, telas de alta calidad, encajes, vuelos, bordados y detalles florales, reflejando la influencia de sus ra\u00edces dominicanas. Y se convirti\u00f3 en uno de los dise\u00f1adores m\u00e1s influyentes del mundo. Visti\u00f3 a primeras damas de Estados Unidos como Jacqueline Kennedy, Nancy Reagan y Laura Bush, as\u00ed como a celebridades y miembros de la realeza mundial.<\/p>\n<p>Su firma sigue activa bajo la direcci\u00f3n creativa de sus exasistentes Laura Kim y Fernando Garc\u00eda. Su viuda, Annette de la Renta, sigue activa en la vida social y filantr\u00f3pica de Nueva York.<\/p>\n<p>\u00d3scar de la Renta adopt\u00f3 a Mois\u00e9s en un orfanato de Santo Domingo en 1984. Fue entonces cuando me invit\u00f3 y yo le hice una entrevista en la isla junto al ni\u00f1o. \u00d3scar estaba feliz con su hijo. Incluso me pidi\u00f3 que, por favor, nunca me refiriera a \u00e9l como hijo adoptivo, sino como su hijo.<\/p>\n<p>A\u00f1os m\u00e1s tarde, casado con Annette Reed, a quien \u00d3scar admiraba profundamente, Mois\u00e9s comenz\u00f3 a tener una relaci\u00f3n complicada con su padre. Sin embargo, en el homenaje que le hice en Nueva York en 2013, como \u00edcono de estilo de la revista Vanidades trajo a Mois\u00e9s (ya un hombre joven muy simp\u00e1tico) como su acompa\u00f1ante.<\/p>\n<p>Tras el fallecimiento de su padre, Mois\u00e9s ha mantenido un perfil muy bajo. La herencia de \u00d3scar fue manejada por Annette de la Renta, quien ha continuado el legado del dise\u00f1ador. Y poco se ha sabido de la vida de Mois\u00e9s. Al menos yo nunca he vuelto a saber de \u00e9l.<\/p>\n<p>The-CNN-Wire<br \/>&trade; &amp; &copy; 2024 Cable News Network, Inc., a Warner Bros. Discovery Company. All rights reserved.<\/p>\n","protected":false},"excerpt":{"rendered":"<p>Nota del editor:\u202fMari Rodr\u00edguez Ichaso ha sido colaboradora de la revista Vanidades durante varias d\u00e9cadas. Especialista en moda, viajes, gastronom\u00eda, arte, arquitectura y entretenimiento. Productora de cine. Columnista de estilo de CNN en Espa\u00f1ol. Las opiniones expresadas en esta columna son exclusivamente suyas. Lee m\u00e1s art\u00edculos de opini\u00f3n en\u202fcnne.com\/opinion (CNN Espa\u00f1ol) &#8212; No se puede [&hellip;]<\/p>\n","protected":false},"author":0,"featured_media":0,"comment_status":"open","ping_status":"open","sticky":false,"template":"","format":"standard","meta":{"_jetpack_memberships_contains_paid_content":false,"footnotes":""},"categories":[10],"tags":[],"class_list":["post-1455488","post","type-post","status-publish","format-standard","hentry","category-noticias-nacionales","market-global"],"yoast_head":"<!-- This site is optimized with the Yoast SEO plugin v24.4 - https:\/\/yoast.com\/wordpress\/plugins\/seo\/ -->\n<title>OPINI\u00d3N | Recordemos a \u00d3scar de la Renta - Noticias<\/title>\n<meta name=\"robots\" content=\"index, follow, max-snippet:-1, max-image-preview:large, max-video-preview:-1\" \/>\n<link rel=\"canonical\" href=\"https:\/\/noticiasya.com\/2024\/10\/31\/recordemos-oscar-de-la-renta-orix\/\" \/>\n<meta property=\"og:locale\" content=\"es_ES\" \/>\n<meta property=\"og:type\" content=\"article\" \/>\n<meta property=\"og:title\" content=\"OPINI\u00d3N | Recordemos a \u00d3scar de la Renta - Noticias\" \/>\n<meta property=\"og:description\" content=\"Nota del editor:\u202fMari Rodr\u00edguez Ichaso ha sido colaboradora de la revista Vanidades durante varias d\u00e9cadas. Especialista en moda, viajes, gastronom\u00eda, arte, arquitectura y entretenimiento. Productora de cine. Columnista de estilo de CNN en Espa\u00f1ol. Las opiniones expresadas en esta columna son exclusivamente suyas. Lee m\u00e1s art\u00edculos de opini\u00f3n en\u202fcnne.com\/opinion (CNN Espa\u00f1ol) &#8212; No se puede [&hellip;]\" \/>\n<meta property=\"og:url\" content=\"https:\/\/noticiasya.com\/2024\/10\/31\/recordemos-oscar-de-la-renta-orix\/\" \/>\n<meta property=\"og:site_name\" content=\"Noticias\" \/>\n<meta property=\"article:published_time\" content=\"2024-10-31T22:03:48+00:00\" \/>\n<meta name=\"twitter:card\" content=\"summary_large_image\" \/>\n<meta name=\"twitter:label1\" content=\"Est. reading time\" \/>\n\t<meta name=\"twitter:data1\" content=\"5 minutos\" \/>\n<script type=\"application\/ld+json\" class=\"yoast-schema-graph\">{\"@context\":\"https:\/\/schema.org\",\"@graph\":[{\"@type\":\"Article\",\"@id\":\"https:\/\/noticiasya.com\/2024\/10\/31\/recordemos-oscar-de-la-renta-orix\/#article\",\"isPartOf\":{\"@id\":\"https:\/\/noticiasya.com\/2024\/10\/31\/recordemos-oscar-de-la-renta-orix\/\"},\"author\":{\"name\":\"\",\"@id\":\"\"},\"headline\":\"OPINI\u00d3N | Recordemos a \u00d3scar de la Renta\",\"datePublished\":\"2024-10-31T22:03:48+00:00\",\"mainEntityOfPage\":{\"@id\":\"https:\/\/noticiasya.com\/2024\/10\/31\/recordemos-oscar-de-la-renta-orix\/\"},\"wordCount\":929,\"commentCount\":0,\"publisher\":{\"@id\":\"https:\/\/noticiasya.com\/#organization\"},\"articleSection\":[\"Noticias Nacionales\"],\"inLanguage\":\"es\",\"potentialAction\":[{\"@type\":\"CommentAction\",\"name\":\"Comment\",\"target\":[\"https:\/\/noticiasya.com\/2024\/10\/31\/recordemos-oscar-de-la-renta-orix\/#respond\"]}]},{\"@type\":\"WebPage\",\"@id\":\"https:\/\/noticiasya.com\/2024\/10\/31\/recordemos-oscar-de-la-renta-orix\/\",\"url\":\"https:\/\/noticiasya.com\/2024\/10\/31\/recordemos-oscar-de-la-renta-orix\/\",\"name\":\"OPINI\u00d3N | Recordemos a \u00d3scar de la Renta - Noticias\",\"isPartOf\":{\"@id\":\"https:\/\/noticiasya.com\/#website\"},\"datePublished\":\"2024-10-31T22:03:48+00:00\",\"breadcrumb\":{\"@id\":\"https:\/\/noticiasya.com\/2024\/10\/31\/recordemos-oscar-de-la-renta-orix\/#breadcrumb\"},\"inLanguage\":\"es\",\"potentialAction\":[{\"@type\":\"ReadAction\",\"target\":[\"https:\/\/noticiasya.com\/2024\/10\/31\/recordemos-oscar-de-la-renta-orix\/\"]}]},{\"@type\":\"BreadcrumbList\",\"@id\":\"https:\/\/noticiasya.com\/2024\/10\/31\/recordemos-oscar-de-la-renta-orix\/#breadcrumb\",\"itemListElement\":[{\"@type\":\"ListItem\",\"position\":1,\"name\":\"Home\",\"item\":\"https:\/\/noticiasya.com\/\"},{\"@type\":\"ListItem\",\"position\":2,\"name\":\"OPINI\u00d3N | Recordemos a \u00d3scar de la Renta\"}]},{\"@type\":\"WebSite\",\"@id\":\"https:\/\/noticiasya.com\/#website\",\"url\":\"https:\/\/noticiasya.com\/\",\"name\":\"Noticias\",\"description\":\"Lo que importa\",\"publisher\":{\"@id\":\"https:\/\/noticiasya.com\/#organization\"},\"potentialAction\":[{\"@type\":\"SearchAction\",\"target\":{\"@type\":\"EntryPoint\",\"urlTemplate\":\"https:\/\/noticiasya.com\/?s={search_term_string}\"},\"query-input\":{\"@type\":\"PropertyValueSpecification\",\"valueRequired\":true,\"valueName\":\"search_term_string\"}}],\"inLanguage\":\"es\"},{\"@type\":\"Organization\",\"@id\":\"https:\/\/noticiasya.com\/#organization\",\"name\":\"Noticias\",\"url\":\"https:\/\/noticiasya.com\/\",\"logo\":{\"@type\":\"ImageObject\",\"inLanguage\":\"es\",\"@id\":\"https:\/\/noticiasya.com\/#\/schema\/logo\/image\/\",\"url\":\"https:\/\/noticiasya.com\/wp-content\/uploads\/sites\/22\/2023\/12\/logo-nacional.png\",\"contentUrl\":\"https:\/\/noticiasya.com\/wp-content\/uploads\/sites\/22\/2023\/12\/logo-nacional.png\",\"width\":1801,\"height\":691,\"caption\":\"Noticias\"},\"image\":{\"@id\":\"https:\/\/noticiasya.com\/#\/schema\/logo\/image\/\"}}]}<\/script>\n<!-- \/ Yoast SEO plugin. -->","yoast_head_json":{"title":"OPINI\u00d3N | Recordemos a \u00d3scar de la Renta - Noticias","robots":{"index":"index","follow":"follow","max-snippet":"max-snippet:-1","max-image-preview":"max-image-preview:large","max-video-preview":"max-video-preview:-1"},"canonical":"https:\/\/noticiasya.com\/2024\/10\/31\/recordemos-oscar-de-la-renta-orix\/","og_locale":"es_ES","og_type":"article","og_title":"OPINI\u00d3N | Recordemos a \u00d3scar de la Renta - Noticias","og_description":"Nota del editor:\u202fMari Rodr\u00edguez Ichaso ha sido colaboradora de la revista Vanidades durante varias d\u00e9cadas. Especialista en moda, viajes, gastronom\u00eda, arte, arquitectura y entretenimiento. Productora de cine. Columnista de estilo de CNN en Espa\u00f1ol. Las opiniones expresadas en esta columna son exclusivamente suyas. Lee m\u00e1s art\u00edculos de opini\u00f3n en\u202fcnne.com\/opinion (CNN Espa\u00f1ol) &#8212; No se puede [&hellip;]","og_url":"https:\/\/noticiasya.com\/2024\/10\/31\/recordemos-oscar-de-la-renta-orix\/","og_site_name":"Noticias","article_published_time":"2024-10-31T22:03:48+00:00","twitter_card":"summary_large_image","twitter_misc":{"Est. reading time":"5 minutos"},"schema":{"@context":"https:\/\/schema.org","@graph":[{"@type":"Article","@id":"https:\/\/noticiasya.com\/2024\/10\/31\/recordemos-oscar-de-la-renta-orix\/#article","isPartOf":{"@id":"https:\/\/noticiasya.com\/2024\/10\/31\/recordemos-oscar-de-la-renta-orix\/"},"author":{"name":"","@id":""},"headline":"OPINI\u00d3N | Recordemos a \u00d3scar de la Renta","datePublished":"2024-10-31T22:03:48+00:00","mainEntityOfPage":{"@id":"https:\/\/noticiasya.com\/2024\/10\/31\/recordemos-oscar-de-la-renta-orix\/"},"wordCount":929,"commentCount":0,"publisher":{"@id":"https:\/\/noticiasya.com\/#organization"},"articleSection":["Noticias Nacionales"],"inLanguage":"es","potentialAction":[{"@type":"CommentAction","name":"Comment","target":["https:\/\/noticiasya.com\/2024\/10\/31\/recordemos-oscar-de-la-renta-orix\/#respond"]}]},{"@type":"WebPage","@id":"https:\/\/noticiasya.com\/2024\/10\/31\/recordemos-oscar-de-la-renta-orix\/","url":"https:\/\/noticiasya.com\/2024\/10\/31\/recordemos-oscar-de-la-renta-orix\/","name":"OPINI\u00d3N | Recordemos a \u00d3scar de la Renta - Noticias","isPartOf":{"@id":"https:\/\/noticiasya.com\/#website"},"datePublished":"2024-10-31T22:03:48+00:00","breadcrumb":{"@id":"https:\/\/noticiasya.com\/2024\/10\/31\/recordemos-oscar-de-la-renta-orix\/#breadcrumb"},"inLanguage":"es","potentialAction":[{"@type":"ReadAction","target":["https:\/\/noticiasya.com\/2024\/10\/31\/recordemos-oscar-de-la-renta-orix\/"]}]},{"@type":"BreadcrumbList","@id":"https:\/\/noticiasya.com\/2024\/10\/31\/recordemos-oscar-de-la-renta-orix\/#breadcrumb","itemListElement":[{"@type":"ListItem","position":1,"name":"Home","item":"https:\/\/noticiasya.com\/"},{"@type":"ListItem","position":2,"name":"OPINI\u00d3N | Recordemos a \u00d3scar de la Renta"}]},{"@type":"WebSite","@id":"https:\/\/noticiasya.com\/#website","url":"https:\/\/noticiasya.com\/","name":"Noticias","description":"Lo que importa","publisher":{"@id":"https:\/\/noticiasya.com\/#organization"},"potentialAction":[{"@type":"SearchAction","target":{"@type":"EntryPoint","urlTemplate":"https:\/\/noticiasya.com\/?s={search_term_string}"},"query-input":{"@type":"PropertyValueSpecification","valueRequired":true,"valueName":"search_term_string"}}],"inLanguage":"es"},{"@type":"Organization","@id":"https:\/\/noticiasya.com\/#organization","name":"Noticias","url":"https:\/\/noticiasya.com\/","logo":{"@type":"ImageObject","inLanguage":"es","@id":"https:\/\/noticiasya.com\/#\/schema\/logo\/image\/","url":"https:\/\/noticiasya.com\/wp-content\/uploads\/sites\/22\/2023\/12\/logo-nacional.png","contentUrl":"https:\/\/noticiasya.com\/wp-content\/uploads\/sites\/22\/2023\/12\/logo-nacional.png","width":1801,"height":691,"caption":"Noticias"},"image":{"@id":"https:\/\/noticiasya.com\/#\/schema\/logo\/image\/"}}]}},"parsely":{"version":"1.1.0","canonical_url":"https:\/\/noticiasya.com\/midland-odessa\/2024\/10\/31\/recordemos-oscar-de-la-renta-orix\/","smart_links":{"inbound":0,"outbound":0},"traffic_boost_suggestions_count":0,"meta":{"@context":"https:\/\/schema.org","@type":"NewsArticle","headline":"OPINI\u00d3N | Recordemos a \u00d3scar de la Renta","url":"http:\/\/noticiasya.com\/midland-odessa\/2024\/10\/31\/recordemos-oscar-de-la-renta-orix\/","mainEntityOfPage":{"@type":"WebPage","@id":"http:\/\/noticiasya.com\/midland-odessa\/2024\/10\/31\/recordemos-oscar-de-la-renta-orix\/"},"thumbnailUrl":"","image":{"@type":"ImageObject","url":""},"articleSection":"Noticias Nacionales","author":[],"creator":[],"publisher":{"@type":"Organization","name":"Noticias","logo":""},"keywords":[],"dateCreated":"2024-10-31T22:03:48Z","datePublished":"2024-10-31T22:03:48Z","dateModified":"2024-10-31T22:03:48Z"},"rendered":"<script type=\"application\/ld+json\" class=\"wp-parsely-metadata\">{\"@context\":\"https:\\\/\\\/schema.org\",\"@type\":\"NewsArticle\",\"headline\":\"OPINI\\u00d3N | Recordemos a \\u00d3scar de la Renta\",\"url\":\"http:\\\/\\\/noticiasya.com\\\/midland-odessa\\\/2024\\\/10\\\/31\\\/recordemos-oscar-de-la-renta-orix\\\/\",\"mainEntityOfPage\":{\"@type\":\"WebPage\",\"@id\":\"http:\\\/\\\/noticiasya.com\\\/midland-odessa\\\/2024\\\/10\\\/31\\\/recordemos-oscar-de-la-renta-orix\\\/\"},\"thumbnailUrl\":\"\",\"image\":{\"@type\":\"ImageObject\",\"url\":\"\"},\"articleSection\":\"Noticias Nacionales\",\"author\":[],\"creator\":[],\"publisher\":{\"@type\":\"Organization\",\"name\":\"Noticias\",\"logo\":\"\"},\"keywords\":[],\"dateCreated\":\"2024-10-31T22:03:48Z\",\"datePublished\":\"2024-10-31T22:03:48Z\",\"dateModified\":\"2024-10-31T22:03:48Z\"}<\/script>","tracker_url":"https:\/\/cdn.parsely.com\/keys\/noticiasya.com\/p.js"},"jetpack_featured_media_url":"","jetpack-related-posts":[{"id":1450520,"url":"https:\/\/noticiasya.com\/midland-odessa\/2024\/06\/19\/libertad-moda-es-total-y-maravillosa-opinion-orix\/","url_meta":{"origin":1455488,"position":0},"title":"La libertad de la moda es total y maravillosa","author":"","date":"junio 19, 2024","format":false,"excerpt":"Nota del editor: Mari Rodr\u00edguez Ichaso ha sido colaboradora de la revista Vanidades durante varias d\u00e9cadas. Especialista en moda, viajes, gastronom\u00eda, arte, arquitectura y entretenimiento. Productora de cine. Columnista de estilo de CNN en Espa\u00f1ol. Las opiniones expresadas en esta columna son exclusivamente suyas. Lee m\u00e1s art\u00edculos de opini\u00f3n en\u00a0cnne.com\/opinion(CNN\u2026","rel":"","context":"In &quot;Noticias Nacionales&quot;","block_context":{"text":"Noticias Nacionales","link":"https:\/\/noticiasya.com\/midland-odessa\/categoria\/noticias-nacionales"},"img":{"alt_text":"","src":"","width":0,"height":0},"classes":[]},{"id":1448439,"url":"https:\/\/noticiasya.com\/midland-odessa\/2024\/04\/23\/estamos-obsesionados-comida-ichaso-orix\/","url_meta":{"origin":1455488,"position":1},"title":"OPINI\u00d3N | \u00bfTe has dado cuenta de que estamos obsesionados con la comida?","author":"","date":"abril 23, 2024","format":false,"excerpt":"Nota del editor: Mari Rodr\u00edguez Ichaso ha sido colaboradora de la revista Vanidades durante varias d\u00e9cadas. Especialista en moda, viajes, gastronom\u00eda, arte, arquitectura y entretenimiento. Productora de cine. Columnista de estilo de CNN en Espa\u00f1ol. Las opiniones expresadas en esta columna son exclusivamente suyas. Lee m\u00e1s art\u00edculos de opini\u00f3n en\u2026","rel":"","context":"In &quot;Noticias Nacionales&quot;","block_context":{"text":"Noticias Nacionales","link":"https:\/\/noticiasya.com\/midland-odessa\/categoria\/noticias-nacionales"},"img":{"alt_text":"","src":"","width":0,"height":0},"classes":[]},{"id":1452879,"url":"https:\/\/noticiasya.com\/midland-odessa\/2024\/09\/20\/moda-otono-invierno-2024-ichaso-orix\/","url_meta":{"origin":1455488,"position":2},"title":"OPINI\u00d3N | La moda de este oto\u00f1o-invierno es feliz, inteligente y con gran estilo","author":"","date":"septiembre 20, 2024","format":false,"excerpt":"Nota del editor:\u00a0Mari Rodr\u00edguez Ichaso ha sido colaboradora de la revista Vanidades durante varias d\u00e9cadas. Especialista en moda, viajes, gastronom\u00eda, arte, arquitectura y entretenimiento. Productora de cine. Columnista de estilo de CNN en Espa\u00f1ol. Las opiniones expresadas en esta columna son exclusivamente suyas. Lee m\u00e1s art\u00edculos de opini\u00f3n en\u00a0cnne.com\/opinion(CNN Espa\u00f1ol)\u2026","rel":"","context":"In &quot;Noticias Nacionales&quot;","block_context":{"text":"Noticias Nacionales","link":"https:\/\/noticiasya.com\/midland-odessa\/categoria\/noticias-nacionales"},"img":{"alt_text":"","src":"","width":0,"height":0},"classes":[]},{"id":1446782,"url":"https:\/\/noticiasya.com\/midland-odessa\/2024\/03\/11\/vestido-roto-emma-stone-oscar-mejor-actriz-trax\/","url_meta":{"origin":1455488,"position":3},"title":"&#171;Mi vestido est\u00e1 roto&#187;: Emma Stone tuvo que lidiar con su vestuario al recoger el Oscar a Mejor actriz","author":"","date":"marzo 11, 2024","format":false,"excerpt":"(CNN) -- Este domingo hubo un verdadero giro inesperado en la ceremonia de los premios de la Academia. Emma Stone, ganadora del Oscar a Mejor actriz por su actuaci\u00f3n en \"Poor Things\", tuvo que lidiar con un percance en su vestuario justo momentos antes de subir al escenario para aceptar\u2026","rel":"","context":"In &quot;Noticias Nacionales&quot;","block_context":{"text":"Noticias Nacionales","link":"https:\/\/noticiasya.com\/midland-odessa\/categoria\/noticias-nacionales"},"img":{"alt_text":"","src":"","width":0,"height":0},"classes":[]},{"id":1456687,"url":"https:\/\/noticiasya.com\/midland-odessa\/2024\/12\/17\/tendencias-moda-2025-orix\/","url_meta":{"origin":1455488,"position":4},"title":"OPINI\u00d3N | Tendencias de la moda en el 2025","author":"","date":"diciembre 17, 2024","format":false,"excerpt":"Nota del editor: Mari Rodr\u00edguez Ichaso ha sido colaboradora de la revista Vanidades durante varias d\u00e9cadas. Es especialista en moda, viajes, gastronom\u00eda, arte, arquitectura y entretenimiento, productora de cine y columnista de estilo de CNN en Espa\u00f1ol. Las opiniones expresadas en esta columna son exclusivamente suyas. Lee m\u00e1s art\u00edculos de\u2026","rel":"","context":"In &quot;Noticias Nacionales&quot;","block_context":{"text":"Noticias Nacionales","link":"https:\/\/noticiasya.com\/midland-odessa\/categoria\/noticias-nacionales"},"img":{"alt_text":"","src":"","width":0,"height":0},"classes":[]},{"id":1448170,"url":"https:\/\/noticiasya.com\/midland-odessa\/2024\/04\/16\/opinion-roberto-cavalli-adios-al-rey-de-la-selva-orix\/","url_meta":{"origin":1455488,"position":5},"title":"OPINI\u00d3N | Roberto Cavalli: adi\u00f3s al rey de la selva","author":"","date":"abril 16, 2024","format":false,"excerpt":"Nota del editor:\u202fMari Rodr\u00edguez Ichaso ha sido colaboradora de la revista Vanidades durante varias d\u00e9cadas. Especialista en moda, viajes, gastronom\u00eda, arte, arquitectura y entretenimiento. Productora de cine. Columnista de estilo de CNN en Espa\u00f1ol. Las opiniones expresadas en esta columna son exclusivamente suyas. Lee m\u00e1s art\u00edculos de opini\u00f3n en\u202fcnne.com\/opinion.(CNN) --\u00a0Roberto\u2026","rel":"","context":"In &quot;Noticias Nacionales&quot;","block_context":{"text":"Noticias Nacionales","link":"https:\/\/noticiasya.com\/midland-odessa\/categoria\/noticias-nacionales"},"img":{"alt_text":"","src":"","width":0,"height":0},"classes":[]}],"jetpack_sharing_enabled":true,"_links":{"self":[{"href":"https:\/\/noticiasya.com\/midland-odessa\/wp-json\/wp\/v2\/posts\/1455488","targetHints":{"allow":["GET"]}}],"collection":[{"href":"https:\/\/noticiasya.com\/midland-odessa\/wp-json\/wp\/v2\/posts"}],"about":[{"href":"https:\/\/noticiasya.com\/midland-odessa\/wp-json\/wp\/v2\/types\/post"}],"replies":[{"embeddable":true,"href":"https:\/\/noticiasya.com\/midland-odessa\/wp-json\/wp\/v2\/comments?post=1455488"}],"version-history":[{"count":0,"href":"https:\/\/noticiasya.com\/midland-odessa\/wp-json\/wp\/v2\/posts\/1455488\/revisions"}],"wp:attachment":[{"href":"https:\/\/noticiasya.com\/midland-odessa\/wp-json\/wp\/v2\/media?parent=1455488"}],"wp:term":[{"taxonomy":"category","embeddable":true,"href":"https:\/\/noticiasya.com\/midland-odessa\/wp-json\/wp\/v2\/categories?post=1455488"},{"taxonomy":"post_tag","embeddable":true,"href":"https:\/\/noticiasya.com\/midland-odessa\/wp-json\/wp\/v2\/tags?post=1455488"}],"curies":[{"name":"wp","href":"https:\/\/api.w.org\/{rel}","templated":true}]}}