{"id":1455497,"date":"2024-10-31T21:03:49","date_gmt":"2024-11-01T04:03:49","guid":{"rendered":"https:\/\/noticiasya.com\/2024\/10\/31\/congreso-mexicano-declara-validez-de-la-reforma-de-supremacia-constitucional-tras-aval-en-mayoria-de-legislaturas-estatales\/"},"modified":"2024-10-31T21:03:49","modified_gmt":"2024-11-01T04:03:49","slug":"congreso-mexicano-declara-validez-de-la-reforma-de-supremacia-constitucional-tras-aval-en-mayoria-de-legislaturas-estatales","status":"publish","type":"post","link":"https:\/\/noticiasya.com\/midland-odessa\/2024\/10\/31\/congreso-mexicano-declara-validez-de-la-reforma-de-supremacia-constitucional-tras-aval-en-mayoria-de-legislaturas-estatales\/","title":{"rendered":"Congreso mexicano declara validez de la reforma de supremac\u00eda constitucional tras aval en mayor\u00eda de legislaturas estatales"},"content":{"rendered":"<p>(CNN Espa\u00f1ol) &#8212; Las C\u00e1maras de Diputados y Senadores avalaron este jueves la enmienda de supremac\u00eda constitucional, que blinda las reformas a la Constituci\u00f3n Nacional de cualquier amparo, controversia y acci\u00f3n de inconstitucionalidad, incluida la pol\u00e9mica reforma judicial, tras alcanzar los votos aprobatorios de 23 legislaturas estatales, informaron ambas c\u00e1maras del Congreso mexicano en un comunicado. La enmienda se remite ahora al Diario Oficial de la Federaci\u00f3n (DOF) para su publicaci\u00f3n.<\/p>\n<p>Con la aprobaci\u00f3n de esas 23 legislaturas estatales -de 32 congresos estatales y que superan los 17 votos requeridos como m\u00ednimo para promulgar una reforma constitucional-, el oficialismo pudo adelantarse al fallo de la Suprema Corte de Justicia, en su sesi\u00f3n del pr\u00f3ximo 5 de noviembre, cuando sea discutido el proyecto del ministro Juan Luis Gonz\u00e1lez Alc\u00e1ntara que invalida parcialmente la reforma judicial.<\/p>\n<p>\u201cLa C\u00e1mara de Diputados emiti\u00f3 proyecto de declaratoria de aprobaci\u00f3n de la reforma al art\u00edculo 107 y la adici\u00f3n de un quinto p\u00e1rrafo al art\u00edculo 105 de la Carta Magna, en materia de inimpugnabilidad de las adiciones o reformas a la Constituci\u00f3n Federal\u201d, dijo la c\u00e1mara baja en un comunicado.<\/p>\n<p>Mientras que el Senado de M\u00e9xico inform\u00f3 en un mensaje en X sobre la declaratoria de constitucionalidad de la reforma en materia de inimpugnabilidad de las modificaciones a la Carta Magna, anunciada por el presidente de la Mesa Directiva, Gerardo Fern\u00e1ndez Noro\u00f1a.<\/p>\n<p>La C\u00e1mara de Diputados Inform\u00f3 que se recibieron 23 votos aprobatorios correspondientes a las legislaturas de Baja California, Baja California Sur, Campeche, Chiapas, Colima, Durango, Guerrero, Hidalgo, M\u00e9xico, Morelos, Nayarit, Oaxaca, Puebla, Quintana Roo, San Luis Potos\u00ed, Sinaloa, Sonora, Tabasco, Tamaulipas, Tlaxcala, Yucat\u00e1n, Zacatecas y de la Ciudad de M\u00e9xico.<\/p>\n<p>\u00bfC\u00f3mo es la reforma de supremac\u00eda constitucional en M\u00e9xico, qu\u00e9 significa y qu\u00e9 cambiar\u00eda?<\/p>\n<p>Con la reforma \u201cse determin\u00f3 adicionar un quinto p\u00e1rrafo al art\u00edculo 105 que dice que \u2018son improcedentes las controversias constitucionales o acciones de inconstitucionalidad que tengan por objeto controvertir las adiciones o reformas a la Constituci\u00f3n\u2019\u201d, se\u00f1al\u00f3 la C\u00e1mara de Diputados en el documento.<\/p>\n<p>Tras su aprobaci\u00f3n en la mayor\u00eda de legislaturas estatales, se espera que la reforma de supremac\u00eda constitucional sea promulgada por la presidenta de M\u00e9xico, Claudia Sheinbaum, en las horas siguientes, para luego efectuarse su publicaci\u00f3n en el Diario Oficial de la Federaci\u00f3n (DOF) y su puesta en vigor 24 horas despu\u00e9s.<\/p>\n<p>La reforma de supremac\u00eda constitucional fue avalada por la C\u00e1mara de Senadores el 25 de octubre, con 85 votos a favor y 41 en contra. Y por la C\u00e1mara de Diputados este mi\u00e9rcoles con 340 votos a favor y 133 en contra.<\/p>\n<p>La presidenta de M\u00e9xico, Claudia Sheinbaum, critic\u00f3 este jueves a la oposici\u00f3n por el uso del t\u00e9rmino \u201csupremac\u00eda constitucional\u201d y se\u00f1al\u00f3 que la Corte menciona dicha palabra en diversos documentos.<\/p>\n<p>\u00bfEn qu\u00e9 consiste la reforma judicial que impulsa el Gobierno de AMLO en M\u00e9xico?<\/p>\n<p>La mandataria subray\u00f3 que en el art\u00edculo 133 de la Constituci\u00f3n dice que la misma es \u201cla ley m\u00e1xima\u201d.Sheinbaum dijo que \u201cno se est\u00e1 violando\u201d la Constituci\u00f3n, y que \u201cforma parte del estado de derecho\u201d de M\u00e9xico.<\/p>\n<p>The-CNN-Wire<br \/>&trade; &amp; &copy; 2024 Cable News Network, Inc., a Warner Bros. Discovery Company. All rights reserved.<\/p>\n","protected":false},"excerpt":{"rendered":"<p>(CNN Espa\u00f1ol) &#8212; Las C\u00e1maras de Diputados y Senadores avalaron este jueves la enmienda de supremac\u00eda constitucional, que blinda las reformas a la Constituci\u00f3n Nacional de cualquier amparo, controversia y acci\u00f3n de inconstitucionalidad, incluida la pol\u00e9mica reforma judicial, tras alcanzar los votos aprobatorios de 23 legislaturas estatales, informaron ambas c\u00e1maras del Congreso mexicano en un [&hellip;]<\/p>\n","protected":false},"author":0,"featured_media":0,"comment_status":"open","ping_status":"open","sticky":false,"template":"","format":"standard","meta":{"_jetpack_memberships_contains_paid_content":false,"footnotes":""},"categories":[10],"tags":[],"class_list":["post-1455497","post","type-post","status-publish","format-standard","hentry","category-noticias-nacionales","market-global"],"yoast_head":"<!-- This site is optimized with the Yoast SEO plugin v24.4 - https:\/\/yoast.com\/wordpress\/plugins\/seo\/ -->\n<title>Congreso mexicano declara validez de la reforma de supremac\u00eda constitucional tras aval en mayor\u00eda de legislaturas estatales - Noticias<\/title>\n<meta name=\"robots\" content=\"index, follow, max-snippet:-1, max-image-preview:large, max-video-preview:-1\" \/>\n<link rel=\"canonical\" href=\"https:\/\/noticiasya.com\/2024\/10\/31\/congreso-mexicano-declara-validez-de-la-reforma-de-supremacia-constitucional-tras-aval-en-mayoria-de-legislaturas-estatales\/\" \/>\n<meta property=\"og:locale\" content=\"es_ES\" \/>\n<meta property=\"og:type\" content=\"article\" \/>\n<meta property=\"og:title\" content=\"Congreso mexicano declara validez de la reforma de supremac\u00eda constitucional tras aval en mayor\u00eda de legislaturas estatales - Noticias\" \/>\n<meta property=\"og:description\" content=\"(CNN Espa\u00f1ol) &#8212; Las C\u00e1maras de Diputados y Senadores avalaron este jueves la enmienda de supremac\u00eda constitucional, que blinda las reformas a la Constituci\u00f3n Nacional de cualquier amparo, controversia y acci\u00f3n de inconstitucionalidad, incluida la pol\u00e9mica reforma judicial, tras alcanzar los votos aprobatorios de 23 legislaturas estatales, informaron ambas c\u00e1maras del Congreso mexicano en un [&hellip;]\" \/>\n<meta property=\"og:url\" content=\"https:\/\/noticiasya.com\/2024\/10\/31\/congreso-mexicano-declara-validez-de-la-reforma-de-supremacia-constitucional-tras-aval-en-mayoria-de-legislaturas-estatales\/\" \/>\n<meta property=\"og:site_name\" content=\"Noticias\" \/>\n<meta property=\"article:published_time\" content=\"2024-11-01T04:03:49+00:00\" \/>\n<meta name=\"twitter:card\" content=\"summary_large_image\" \/>\n<meta name=\"twitter:label1\" content=\"Est. reading time\" \/>\n\t<meta name=\"twitter:data1\" content=\"3 minutos\" \/>\n<script type=\"application\/ld+json\" class=\"yoast-schema-graph\">{\"@context\":\"https:\/\/schema.org\",\"@graph\":[{\"@type\":\"Article\",\"@id\":\"https:\/\/noticiasya.com\/2024\/10\/31\/congreso-mexicano-declara-validez-de-la-reforma-de-supremacia-constitucional-tras-aval-en-mayoria-de-legislaturas-estatales\/#article\",\"isPartOf\":{\"@id\":\"https:\/\/noticiasya.com\/2024\/10\/31\/congreso-mexicano-declara-validez-de-la-reforma-de-supremacia-constitucional-tras-aval-en-mayoria-de-legislaturas-estatales\/\"},\"author\":{\"name\":\"\",\"@id\":\"\"},\"headline\":\"Congreso mexicano declara validez de la reforma de supremac\u00eda constitucional tras aval en mayor\u00eda de legislaturas estatales\",\"datePublished\":\"2024-11-01T04:03:49+00:00\",\"mainEntityOfPage\":{\"@id\":\"https:\/\/noticiasya.com\/2024\/10\/31\/congreso-mexicano-declara-validez-de-la-reforma-de-supremacia-constitucional-tras-aval-en-mayoria-de-legislaturas-estatales\/\"},\"wordCount\":589,\"commentCount\":0,\"publisher\":{\"@id\":\"https:\/\/noticiasya.com\/#organization\"},\"articleSection\":[\"Noticias Nacionales\"],\"inLanguage\":\"es\",\"potentialAction\":[{\"@type\":\"CommentAction\",\"name\":\"Comment\",\"target\":[\"https:\/\/noticiasya.com\/2024\/10\/31\/congreso-mexicano-declara-validez-de-la-reforma-de-supremacia-constitucional-tras-aval-en-mayoria-de-legislaturas-estatales\/#respond\"]}]},{\"@type\":\"WebPage\",\"@id\":\"https:\/\/noticiasya.com\/2024\/10\/31\/congreso-mexicano-declara-validez-de-la-reforma-de-supremacia-constitucional-tras-aval-en-mayoria-de-legislaturas-estatales\/\",\"url\":\"https:\/\/noticiasya.com\/2024\/10\/31\/congreso-mexicano-declara-validez-de-la-reforma-de-supremacia-constitucional-tras-aval-en-mayoria-de-legislaturas-estatales\/\",\"name\":\"Congreso mexicano declara validez de la reforma de supremac\u00eda constitucional tras aval en mayor\u00eda de legislaturas estatales - Noticias\",\"isPartOf\":{\"@id\":\"https:\/\/noticiasya.com\/#website\"},\"datePublished\":\"2024-11-01T04:03:49+00:00\",\"breadcrumb\":{\"@id\":\"https:\/\/noticiasya.com\/2024\/10\/31\/congreso-mexicano-declara-validez-de-la-reforma-de-supremacia-constitucional-tras-aval-en-mayoria-de-legislaturas-estatales\/#breadcrumb\"},\"inLanguage\":\"es\",\"potentialAction\":[{\"@type\":\"ReadAction\",\"target\":[\"https:\/\/noticiasya.com\/2024\/10\/31\/congreso-mexicano-declara-validez-de-la-reforma-de-supremacia-constitucional-tras-aval-en-mayoria-de-legislaturas-estatales\/\"]}]},{\"@type\":\"BreadcrumbList\",\"@id\":\"https:\/\/noticiasya.com\/2024\/10\/31\/congreso-mexicano-declara-validez-de-la-reforma-de-supremacia-constitucional-tras-aval-en-mayoria-de-legislaturas-estatales\/#breadcrumb\",\"itemListElement\":[{\"@type\":\"ListItem\",\"position\":1,\"name\":\"Home\",\"item\":\"https:\/\/noticiasya.com\/\"},{\"@type\":\"ListItem\",\"position\":2,\"name\":\"Congreso mexicano declara validez de la reforma de supremac\u00eda constitucional tras aval en mayor\u00eda de legislaturas estatales\"}]},{\"@type\":\"WebSite\",\"@id\":\"https:\/\/noticiasya.com\/#website\",\"url\":\"https:\/\/noticiasya.com\/\",\"name\":\"Noticias\",\"description\":\"Lo que importa\",\"publisher\":{\"@id\":\"https:\/\/noticiasya.com\/#organization\"},\"potentialAction\":[{\"@type\":\"SearchAction\",\"target\":{\"@type\":\"EntryPoint\",\"urlTemplate\":\"https:\/\/noticiasya.com\/?s={search_term_string}\"},\"query-input\":{\"@type\":\"PropertyValueSpecification\",\"valueRequired\":true,\"valueName\":\"search_term_string\"}}],\"inLanguage\":\"es\"},{\"@type\":\"Organization\",\"@id\":\"https:\/\/noticiasya.com\/#organization\",\"name\":\"Noticias\",\"url\":\"https:\/\/noticiasya.com\/\",\"logo\":{\"@type\":\"ImageObject\",\"inLanguage\":\"es\",\"@id\":\"https:\/\/noticiasya.com\/#\/schema\/logo\/image\/\",\"url\":\"https:\/\/noticiasya.com\/wp-content\/uploads\/sites\/22\/2023\/12\/logo-nacional.png\",\"contentUrl\":\"https:\/\/noticiasya.com\/wp-content\/uploads\/sites\/22\/2023\/12\/logo-nacional.png\",\"width\":1801,\"height\":691,\"caption\":\"Noticias\"},\"image\":{\"@id\":\"https:\/\/noticiasya.com\/#\/schema\/logo\/image\/\"}}]}<\/script>\n<!-- \/ Yoast SEO plugin. -->","yoast_head_json":{"title":"Congreso mexicano declara validez de la reforma de supremac\u00eda constitucional tras aval en mayor\u00eda de legislaturas estatales - Noticias","robots":{"index":"index","follow":"follow","max-snippet":"max-snippet:-1","max-image-preview":"max-image-preview:large","max-video-preview":"max-video-preview:-1"},"canonical":"https:\/\/noticiasya.com\/2024\/10\/31\/congreso-mexicano-declara-validez-de-la-reforma-de-supremacia-constitucional-tras-aval-en-mayoria-de-legislaturas-estatales\/","og_locale":"es_ES","og_type":"article","og_title":"Congreso mexicano declara validez de la reforma de supremac\u00eda constitucional tras aval en mayor\u00eda de legislaturas estatales - Noticias","og_description":"(CNN Espa\u00f1ol) &#8212; Las C\u00e1maras de Diputados y Senadores avalaron este jueves la enmienda de supremac\u00eda constitucional, que blinda las reformas a la Constituci\u00f3n Nacional de cualquier amparo, controversia y acci\u00f3n de inconstitucionalidad, incluida la pol\u00e9mica reforma judicial, tras alcanzar los votos aprobatorios de 23 legislaturas estatales, informaron ambas c\u00e1maras del Congreso mexicano en un [&hellip;]","og_url":"https:\/\/noticiasya.com\/2024\/10\/31\/congreso-mexicano-declara-validez-de-la-reforma-de-supremacia-constitucional-tras-aval-en-mayoria-de-legislaturas-estatales\/","og_site_name":"Noticias","article_published_time":"2024-11-01T04:03:49+00:00","twitter_card":"summary_large_image","twitter_misc":{"Est. reading time":"3 minutos"},"schema":{"@context":"https:\/\/schema.org","@graph":[{"@type":"Article","@id":"https:\/\/noticiasya.com\/2024\/10\/31\/congreso-mexicano-declara-validez-de-la-reforma-de-supremacia-constitucional-tras-aval-en-mayoria-de-legislaturas-estatales\/#article","isPartOf":{"@id":"https:\/\/noticiasya.com\/2024\/10\/31\/congreso-mexicano-declara-validez-de-la-reforma-de-supremacia-constitucional-tras-aval-en-mayoria-de-legislaturas-estatales\/"},"author":{"name":"","@id":""},"headline":"Congreso mexicano declara validez de la reforma de supremac\u00eda constitucional tras aval en mayor\u00eda de legislaturas estatales","datePublished":"2024-11-01T04:03:49+00:00","mainEntityOfPage":{"@id":"https:\/\/noticiasya.com\/2024\/10\/31\/congreso-mexicano-declara-validez-de-la-reforma-de-supremacia-constitucional-tras-aval-en-mayoria-de-legislaturas-estatales\/"},"wordCount":589,"commentCount":0,"publisher":{"@id":"https:\/\/noticiasya.com\/#organization"},"articleSection":["Noticias Nacionales"],"inLanguage":"es","potentialAction":[{"@type":"CommentAction","name":"Comment","target":["https:\/\/noticiasya.com\/2024\/10\/31\/congreso-mexicano-declara-validez-de-la-reforma-de-supremacia-constitucional-tras-aval-en-mayoria-de-legislaturas-estatales\/#respond"]}]},{"@type":"WebPage","@id":"https:\/\/noticiasya.com\/2024\/10\/31\/congreso-mexicano-declara-validez-de-la-reforma-de-supremacia-constitucional-tras-aval-en-mayoria-de-legislaturas-estatales\/","url":"https:\/\/noticiasya.com\/2024\/10\/31\/congreso-mexicano-declara-validez-de-la-reforma-de-supremacia-constitucional-tras-aval-en-mayoria-de-legislaturas-estatales\/","name":"Congreso mexicano declara validez de la reforma de supremac\u00eda constitucional tras aval en mayor\u00eda de legislaturas estatales - Noticias","isPartOf":{"@id":"https:\/\/noticiasya.com\/#website"},"datePublished":"2024-11-01T04:03:49+00:00","breadcrumb":{"@id":"https:\/\/noticiasya.com\/2024\/10\/31\/congreso-mexicano-declara-validez-de-la-reforma-de-supremacia-constitucional-tras-aval-en-mayoria-de-legislaturas-estatales\/#breadcrumb"},"inLanguage":"es","potentialAction":[{"@type":"ReadAction","target":["https:\/\/noticiasya.com\/2024\/10\/31\/congreso-mexicano-declara-validez-de-la-reforma-de-supremacia-constitucional-tras-aval-en-mayoria-de-legislaturas-estatales\/"]}]},{"@type":"BreadcrumbList","@id":"https:\/\/noticiasya.com\/2024\/10\/31\/congreso-mexicano-declara-validez-de-la-reforma-de-supremacia-constitucional-tras-aval-en-mayoria-de-legislaturas-estatales\/#breadcrumb","itemListElement":[{"@type":"ListItem","position":1,"name":"Home","item":"https:\/\/noticiasya.com\/"},{"@type":"ListItem","position":2,"name":"Congreso mexicano declara validez de la reforma de supremac\u00eda constitucional tras aval en mayor\u00eda de legislaturas estatales"}]},{"@type":"WebSite","@id":"https:\/\/noticiasya.com\/#website","url":"https:\/\/noticiasya.com\/","name":"Noticias","description":"Lo que importa","publisher":{"@id":"https:\/\/noticiasya.com\/#organization"},"potentialAction":[{"@type":"SearchAction","target":{"@type":"EntryPoint","urlTemplate":"https:\/\/noticiasya.com\/?s={search_term_string}"},"query-input":{"@type":"PropertyValueSpecification","valueRequired":true,"valueName":"search_term_string"}}],"inLanguage":"es"},{"@type":"Organization","@id":"https:\/\/noticiasya.com\/#organization","name":"Noticias","url":"https:\/\/noticiasya.com\/","logo":{"@type":"ImageObject","inLanguage":"es","@id":"https:\/\/noticiasya.com\/#\/schema\/logo\/image\/","url":"https:\/\/noticiasya.com\/wp-content\/uploads\/sites\/22\/2023\/12\/logo-nacional.png","contentUrl":"https:\/\/noticiasya.com\/wp-content\/uploads\/sites\/22\/2023\/12\/logo-nacional.png","width":1801,"height":691,"caption":"Noticias"},"image":{"@id":"https:\/\/noticiasya.com\/#\/schema\/logo\/image\/"}}]}},"parsely":{"version":"1.1.0","canonical_url":"https:\/\/noticiasya.com\/midland-odessa\/2024\/10\/31\/congreso-mexicano-declara-validez-de-la-reforma-de-supremacia-constitucional-tras-aval-en-mayoria-de-legislaturas-estatales\/","smart_links":{"inbound":0,"outbound":0},"traffic_boost_suggestions_count":0,"meta":{"@context":"https:\/\/schema.org","@type":"NewsArticle","headline":"Congreso mexicano declara validez de la reforma de supremac\u00eda constitucional tras aval en mayor\u00eda de legislaturas estatales","url":"http:\/\/noticiasya.com\/midland-odessa\/2024\/10\/31\/congreso-mexicano-declara-validez-de-la-reforma-de-supremacia-constitucional-tras-aval-en-mayoria-de-legislaturas-estatales\/","mainEntityOfPage":{"@type":"WebPage","@id":"http:\/\/noticiasya.com\/midland-odessa\/2024\/10\/31\/congreso-mexicano-declara-validez-de-la-reforma-de-supremacia-constitucional-tras-aval-en-mayoria-de-legislaturas-estatales\/"},"thumbnailUrl":"","image":{"@type":"ImageObject","url":""},"articleSection":"Noticias Nacionales","author":[],"creator":[],"publisher":{"@type":"Organization","name":"Noticias","logo":""},"keywords":[],"dateCreated":"2024-11-01T04:03:49Z","datePublished":"2024-11-01T04:03:49Z","dateModified":"2024-11-01T04:03:49Z"},"rendered":"<script type=\"application\/ld+json\" class=\"wp-parsely-metadata\">{\"@context\":\"https:\\\/\\\/schema.org\",\"@type\":\"NewsArticle\",\"headline\":\"Congreso mexicano declara validez de la reforma de supremac\\u00eda constitucional tras aval en mayor\\u00eda de legislaturas estatales\",\"url\":\"http:\\\/\\\/noticiasya.com\\\/midland-odessa\\\/2024\\\/10\\\/31\\\/congreso-mexicano-declara-validez-de-la-reforma-de-supremacia-constitucional-tras-aval-en-mayoria-de-legislaturas-estatales\\\/\",\"mainEntityOfPage\":{\"@type\":\"WebPage\",\"@id\":\"http:\\\/\\\/noticiasya.com\\\/midland-odessa\\\/2024\\\/10\\\/31\\\/congreso-mexicano-declara-validez-de-la-reforma-de-supremacia-constitucional-tras-aval-en-mayoria-de-legislaturas-estatales\\\/\"},\"thumbnailUrl\":\"\",\"image\":{\"@type\":\"ImageObject\",\"url\":\"\"},\"articleSection\":\"Noticias Nacionales\",\"author\":[],\"creator\":[],\"publisher\":{\"@type\":\"Organization\",\"name\":\"Noticias\",\"logo\":\"\"},\"keywords\":[],\"dateCreated\":\"2024-11-01T04:03:49Z\",\"datePublished\":\"2024-11-01T04:03:49Z\",\"dateModified\":\"2024-11-01T04:03:49Z\"}<\/script>","tracker_url":"https:\/\/cdn.parsely.com\/keys\/noticiasya.com\/p.js"},"jetpack_featured_media_url":"","jetpack-related-posts":[{"id":1459046,"url":"https:\/\/noticiasya.com\/midland-odessa\/2025\/02\/21\/impresion-boletas-elecciones-judiciales-orix\/","url_meta":{"origin":1455497,"position":0},"title":"M\u00e9xico comienza la impresi\u00f3n de m\u00e1s de 600 millones de boletas para las elecciones judiciales del 1 de junio","author":"","date":"febrero 21, 2025","format":false,"excerpt":"El Instituto Nacional Electoral de M\u00e9xico (INE) comenz\u00f3 este viernes la impresi\u00f3n de m\u00e1s de 600 millones de boletas para las elecciones judiciales del domingo 1 de junio, unos comicios in\u00e9ditos en el pa\u00eds en los que se elegir\u00e1n 881 cargos del Poder Judicial federal.El INE inform\u00f3 en un comunicado\u2026","rel":"","context":"In &quot;Noticias Nacionales&quot;","block_context":{"text":"Noticias Nacionales","link":"https:\/\/noticiasya.com\/midland-odessa\/categoria\/noticias-nacionales"},"img":{"alt_text":"","src":"","width":0,"height":0},"classes":[]},{"id":1455039,"url":"https:\/\/noticiasya.com\/midland-odessa\/2024\/10\/11\/reforma-constituacional-trenes-de-pasajeros-mexico-orix\/","url_meta":{"origin":1455497,"position":1},"title":"Avanza reforma constitucional para revitalizar los trenes de pasajeros en M\u00e9xico","author":"","date":"octubre 11, 2024","format":false,"excerpt":"(CNN Espa\u00f1ol) --La C\u00e1mara de Diputados de M\u00e9xico aprob\u00f3 este martes una reforma al art\u00edculo 28 de la Constituci\u00f3n, donde establece que el transporte ferroviario de pasajeros es \"un \u00e1rea prioritaria para el desarrollo nacional\u201d.La reforma permite que los trenes de pasajeros utilicen las v\u00edas ya existentes, sin que ello\u2026","rel":"","context":"In &quot;Noticias Nacionales&quot;","block_context":{"text":"Noticias Nacionales","link":"https:\/\/noticiasya.com\/midland-odessa\/categoria\/noticias-nacionales"},"img":{"alt_text":"","src":"","width":0,"height":0},"classes":[]},{"id":1455596,"url":"https:\/\/noticiasya.com\/midland-odessa\/2024\/11\/05\/suprema-corte-justicia-desestima-proyecto-invalidar-reforma-judicial-mexico-orix\/","url_meta":{"origin":1455497,"position":2},"title":"Por falta de mayor\u00eda calificada, la Suprema Corte de Justicia de M\u00e9xico desestima proyecto que propon\u00eda invalidar en parte la reforma judicial","author":"","date":"noviembre 5, 2024","format":false,"excerpt":"(CNN Espa\u00f1ol) -- La Suprema Corte de Justicia de la Naci\u00f3n desestim\u00f3 este martes el proyecto de sentencia de uno de sus ministros que propon\u00eda invalidar parcialmente la reforma judicial que aprob\u00f3 el Congreso luego de que los ministros que apoyaban la iniciativa no alcanzaron la mayor\u00eda calificada de ocho\u2026","rel":"","context":"In &quot;Noticias Nacionales&quot;","block_context":{"text":"Noticias Nacionales","link":"https:\/\/noticiasya.com\/midland-odessa\/categoria\/noticias-nacionales"},"img":{"alt_text":"","src":"","width":0,"height":0},"classes":[]},{"id":1455484,"url":"https:\/\/noticiasya.com\/midland-odessa\/2024\/10\/31\/claudia-sheinbaum-mexico-constitucion-ley-maxima-orix\/","url_meta":{"origin":1455497,"position":3},"title":"Claudia Sheinbaum: \u201cLa Constituci\u00f3n es la ley m\u00e1xima\u201d","author":"","date":"octubre 31, 2024","format":false,"excerpt":"(CNN Espa\u00f1ol) \u2013\u2013 La presidenta de M\u00e9xico, Claudia Sheinbaum, critic\u00f3 este jueves a la oposici\u00f3n por el uso del t\u00e9rmino \u201csupremac\u00eda constitucional\u201d y se\u00f1al\u00f3 que la Corte menciona dicha palabra en diversos documentos.La mandataria subray\u00f3 que en el art\u00edculo 133 de la Constituci\u00f3n dice que la misma es \u201cla ley\u2026","rel":"","context":"In &quot;Noticias Nacionales&quot;","block_context":{"text":"Noticias Nacionales","link":"https:\/\/noticiasya.com\/midland-odessa\/categoria\/noticias-nacionales"},"img":{"alt_text":"","src":"","width":0,"height":0},"classes":[]},{"id":1455188,"url":"https:\/\/noticiasya.com\/midland-odessa\/2024\/10\/17\/senado-mexico-reforma-oficialista-pemex-cfe-empresas-publicas-estatales-orix\/","url_meta":{"origin":1455497,"position":4},"title":"Senado de M\u00e9xico aprueba reforma oficialista sobre el sector energ\u00e9tico: Pemex y CFE volver\u00edan a ser empresas p\u00fablicas estatales","author":"","date":"octubre 17, 2024","format":false,"excerpt":"(CNN Espa\u00f1ol) -- El pleno del Senado de M\u00e9xico aprob\u00f3 este jueves la iniciativa de reforma constitucional en materia energ\u00e9tica que da prioridad al Estado en la generaci\u00f3n de energ\u00eda el\u00e9ctrica. La reforma ahora pasa a congresos estatales para su votaci\u00f3n.El Senado inform\u00f3 a trav\u00e9s de su cuenta en X\u00a0este\u2026","rel":"","context":"In &quot;Noticias Nacionales&quot;","block_context":{"text":"Noticias Nacionales","link":"https:\/\/noticiasya.com\/midland-odessa\/categoria\/noticias-nacionales"},"img":{"alt_text":"","src":"","width":0,"height":0},"classes":[]},{"id":1455581,"url":"https:\/\/noticiasya.com\/midland-odessa\/2024\/11\/05\/que-son-los-colegios-electorales-y-cual-es-su-funcion-en-las-elecciones-de-ee-uu\/","url_meta":{"origin":1455497,"position":5},"title":"\u00bfQu\u00e9 es el Colegio Electoral y cu\u00e1l es su funci\u00f3n en las elecciones de EE.UU.?","author":"","date":"noviembre 5, 2024","format":false,"excerpt":"(CNN) -- Los estadounidenses que acuden a las urnas el d\u00eda de las elecciones en realidad no seleccionan al presidente directamente.Est\u00e1n t\u00e9cnicamente votando por 538 electores que, de acuerdo con el sistema establecido por la Constituci\u00f3n, se re\u00fanen en sus respectivos estados y votan por el presidente y el vicepresidente.\u2026","rel":"","context":"In &quot;Noticias Nacionales&quot;","block_context":{"text":"Noticias Nacionales","link":"https:\/\/noticiasya.com\/midland-odessa\/categoria\/noticias-nacionales"},"img":{"alt_text":"","src":"","width":0,"height":0},"classes":[]}],"jetpack_sharing_enabled":true,"_links":{"self":[{"href":"https:\/\/noticiasya.com\/midland-odessa\/wp-json\/wp\/v2\/posts\/1455497","targetHints":{"allow":["GET"]}}],"collection":[{"href":"https:\/\/noticiasya.com\/midland-odessa\/wp-json\/wp\/v2\/posts"}],"about":[{"href":"https:\/\/noticiasya.com\/midland-odessa\/wp-json\/wp\/v2\/types\/post"}],"replies":[{"embeddable":true,"href":"https:\/\/noticiasya.com\/midland-odessa\/wp-json\/wp\/v2\/comments?post=1455497"}],"version-history":[{"count":0,"href":"https:\/\/noticiasya.com\/midland-odessa\/wp-json\/wp\/v2\/posts\/1455497\/revisions"}],"wp:attachment":[{"href":"https:\/\/noticiasya.com\/midland-odessa\/wp-json\/wp\/v2\/media?parent=1455497"}],"wp:term":[{"taxonomy":"category","embeddable":true,"href":"https:\/\/noticiasya.com\/midland-odessa\/wp-json\/wp\/v2\/categories?post=1455497"},{"taxonomy":"post_tag","embeddable":true,"href":"https:\/\/noticiasya.com\/midland-odessa\/wp-json\/wp\/v2\/tags?post=1455497"}],"curies":[{"name":"wp","href":"https:\/\/api.w.org\/{rel}","templated":true}]}}