{"id":1455506,"date":"2024-11-01T10:03:45","date_gmt":"2024-11-01T17:03:45","guid":{"rendered":"https:\/\/noticiasya.com\/2024\/11\/01\/serbia-colapso-estacion-trenes-serbia-trax\/"},"modified":"2024-11-01T10:03:45","modified_gmt":"2024-11-01T17:03:45","slug":"serbia-colapso-estacion-trenes-serbia-trax","status":"publish","type":"post","link":"https:\/\/noticiasya.com\/midland-odessa\/2024\/11\/01\/serbia-colapso-estacion-trenes-serbia-trax\/","title":{"rendered":"Mueren ocho personas tras el colapso del techo de una estaci\u00f3n de trenes en Serbia"},"content":{"rendered":"<p>(CNN) &#8212; Ocho personas murieron el viernes en la ciudad serbia de Novi Sad al derrumbarse el techo de una estaci\u00f3n de trenes, seg\u00fan el ministro del Interior del pa\u00eds.<\/p>\n<p>M\u00e1s de 30 personas han resultado heridas, seg\u00fan informan los medios de comunicaci\u00f3n locales. Dos supervivientes sacados de entre los escombros se encuentran hospitalizados, seg\u00fan un comunicado del Ministerio del Interior serbio, y el estado de uno de ellos es &#171;bastante grave&#187;.<\/p>\n<p>Los equipos de rescate est\u00e1n en contacto con otras dos personas que siguen atrapadas bajo los escombros, declar\u00f3 el ministro del Interior, Ivica Dacic. &#171;Estamos en contacto con dos personas bajo los escombros. Estamos trabajando para sacarlas&#187;, declar\u00f3.<\/p>\n<p>Seg\u00fan Dacic, los equipos de rescate acudieron al lugar del accidente pocos minutos despu\u00e9s de recibir una llamada de emergencia. Cerca de 80 socorristas se han desplazado al lugar del siniestro.<br \/>\nSe espera que la operaci\u00f3n de rescate dure varias horas m\u00e1s.<\/p>\n<p>Personas y equipos de rescate se re\u00fanen en el lugar de los hechos. (AP)<\/p>\n<p>El Primer Ministro serbio, Milos Vucevic, ofreci\u00f3 sus condolencias a las familias de las v\u00edctimas afectadas por el incidente, al tiempo que dio las gracias a los socorristas.<\/p>\n<p>Vucevic a\u00f1adi\u00f3 que los responsables del derrumbe rendir\u00edan cuentas.<\/p>\n<p>Seg\u00fan la cadena N1, afiliada a la CNN, el tejado de la estaci\u00f3n fue renovado en 2021. Meses despu\u00e9s se llevaron a cabo m\u00e1s obras de renovaci\u00f3n y el edificio se reabri\u00f3 oficialmente el 5 de julio de este a\u00f1o.<\/p>\n<p>Esta es una noticia en desarrollo y ser\u00e1 actualizada.<\/p>\n<p>The-CNN-Wire<br \/>&trade; &amp; &copy; 2024 Cable News Network, Inc., a Warner Bros. Discovery Company. All rights reserved.<\/p>\n","protected":false},"excerpt":{"rendered":"<p>(CNN) &#8212; Ocho personas murieron el viernes en la ciudad serbia de Novi Sad al derrumbarse el techo de una estaci\u00f3n de trenes, seg\u00fan el ministro del Interior del pa\u00eds. M\u00e1s de 30 personas han resultado heridas, seg\u00fan informan los medios de comunicaci\u00f3n locales. Dos supervivientes sacados de entre los escombros se encuentran hospitalizados, seg\u00fan [&hellip;]<\/p>\n","protected":false},"author":0,"featured_media":0,"comment_status":"open","ping_status":"open","sticky":false,"template":"","format":"standard","meta":{"_jetpack_memberships_contains_paid_content":false,"footnotes":""},"categories":[10],"tags":[],"class_list":["post-1455506","post","type-post","status-publish","format-standard","hentry","category-noticias-nacionales","market-global"],"yoast_head":"<!-- This site is optimized with the Yoast SEO plugin v24.4 - https:\/\/yoast.com\/wordpress\/plugins\/seo\/ -->\n<title>Mueren ocho personas tras el colapso del techo de una estaci\u00f3n de trenes en Serbia - Noticias<\/title>\n<meta name=\"robots\" content=\"index, follow, max-snippet:-1, max-image-preview:large, max-video-preview:-1\" \/>\n<link rel=\"canonical\" href=\"https:\/\/noticiasya.com\/2024\/11\/01\/serbia-colapso-estacion-trenes-serbia-trax\/\" \/>\n<meta property=\"og:locale\" content=\"es_ES\" \/>\n<meta property=\"og:type\" content=\"article\" \/>\n<meta property=\"og:title\" content=\"Mueren ocho personas tras el colapso del techo de una estaci\u00f3n de trenes en Serbia - Noticias\" \/>\n<meta property=\"og:description\" content=\"(CNN) &#8212; Ocho personas murieron el viernes en la ciudad serbia de Novi Sad al derrumbarse el techo de una estaci\u00f3n de trenes, seg\u00fan el ministro del Interior del pa\u00eds. M\u00e1s de 30 personas han resultado heridas, seg\u00fan informan los medios de comunicaci\u00f3n locales. Dos supervivientes sacados de entre los escombros se encuentran hospitalizados, seg\u00fan [&hellip;]\" \/>\n<meta property=\"og:url\" content=\"https:\/\/noticiasya.com\/2024\/11\/01\/serbia-colapso-estacion-trenes-serbia-trax\/\" \/>\n<meta property=\"og:site_name\" content=\"Noticias\" \/>\n<meta property=\"article:published_time\" content=\"2024-11-01T17:03:45+00:00\" \/>\n<meta name=\"twitter:card\" content=\"summary_large_image\" \/>\n<meta name=\"twitter:label1\" content=\"Est. reading time\" \/>\n\t<meta name=\"twitter:data1\" content=\"1 minuto\" \/>\n<script type=\"application\/ld+json\" class=\"yoast-schema-graph\">{\"@context\":\"https:\/\/schema.org\",\"@graph\":[{\"@type\":\"Article\",\"@id\":\"https:\/\/noticiasya.com\/2024\/11\/01\/serbia-colapso-estacion-trenes-serbia-trax\/#article\",\"isPartOf\":{\"@id\":\"https:\/\/noticiasya.com\/2024\/11\/01\/serbia-colapso-estacion-trenes-serbia-trax\/\"},\"author\":{\"name\":\"\",\"@id\":\"\"},\"headline\":\"Mueren ocho personas tras el colapso del techo de una estaci\u00f3n de trenes en Serbia\",\"datePublished\":\"2024-11-01T17:03:45+00:00\",\"mainEntityOfPage\":{\"@id\":\"https:\/\/noticiasya.com\/2024\/11\/01\/serbia-colapso-estacion-trenes-serbia-trax\/\"},\"wordCount\":302,\"commentCount\":0,\"publisher\":{\"@id\":\"https:\/\/noticiasya.com\/#organization\"},\"articleSection\":[\"Noticias Nacionales\"],\"inLanguage\":\"es\",\"potentialAction\":[{\"@type\":\"CommentAction\",\"name\":\"Comment\",\"target\":[\"https:\/\/noticiasya.com\/2024\/11\/01\/serbia-colapso-estacion-trenes-serbia-trax\/#respond\"]}]},{\"@type\":\"WebPage\",\"@id\":\"https:\/\/noticiasya.com\/2024\/11\/01\/serbia-colapso-estacion-trenes-serbia-trax\/\",\"url\":\"https:\/\/noticiasya.com\/2024\/11\/01\/serbia-colapso-estacion-trenes-serbia-trax\/\",\"name\":\"Mueren ocho personas tras el colapso del techo de una estaci\u00f3n de trenes en Serbia - Noticias\",\"isPartOf\":{\"@id\":\"https:\/\/noticiasya.com\/#website\"},\"datePublished\":\"2024-11-01T17:03:45+00:00\",\"breadcrumb\":{\"@id\":\"https:\/\/noticiasya.com\/2024\/11\/01\/serbia-colapso-estacion-trenes-serbia-trax\/#breadcrumb\"},\"inLanguage\":\"es\",\"potentialAction\":[{\"@type\":\"ReadAction\",\"target\":[\"https:\/\/noticiasya.com\/2024\/11\/01\/serbia-colapso-estacion-trenes-serbia-trax\/\"]}]},{\"@type\":\"BreadcrumbList\",\"@id\":\"https:\/\/noticiasya.com\/2024\/11\/01\/serbia-colapso-estacion-trenes-serbia-trax\/#breadcrumb\",\"itemListElement\":[{\"@type\":\"ListItem\",\"position\":1,\"name\":\"Home\",\"item\":\"https:\/\/noticiasya.com\/\"},{\"@type\":\"ListItem\",\"position\":2,\"name\":\"Mueren ocho personas tras el colapso del techo de una estaci\u00f3n de trenes en Serbia\"}]},{\"@type\":\"WebSite\",\"@id\":\"https:\/\/noticiasya.com\/#website\",\"url\":\"https:\/\/noticiasya.com\/\",\"name\":\"Noticias\",\"description\":\"Lo que importa\",\"publisher\":{\"@id\":\"https:\/\/noticiasya.com\/#organization\"},\"potentialAction\":[{\"@type\":\"SearchAction\",\"target\":{\"@type\":\"EntryPoint\",\"urlTemplate\":\"https:\/\/noticiasya.com\/?s={search_term_string}\"},\"query-input\":{\"@type\":\"PropertyValueSpecification\",\"valueRequired\":true,\"valueName\":\"search_term_string\"}}],\"inLanguage\":\"es\"},{\"@type\":\"Organization\",\"@id\":\"https:\/\/noticiasya.com\/#organization\",\"name\":\"Noticias\",\"url\":\"https:\/\/noticiasya.com\/\",\"logo\":{\"@type\":\"ImageObject\",\"inLanguage\":\"es\",\"@id\":\"https:\/\/noticiasya.com\/#\/schema\/logo\/image\/\",\"url\":\"https:\/\/noticiasya.com\/wp-content\/uploads\/sites\/22\/2023\/12\/logo-nacional.png\",\"contentUrl\":\"https:\/\/noticiasya.com\/wp-content\/uploads\/sites\/22\/2023\/12\/logo-nacional.png\",\"width\":1801,\"height\":691,\"caption\":\"Noticias\"},\"image\":{\"@id\":\"https:\/\/noticiasya.com\/#\/schema\/logo\/image\/\"}}]}<\/script>\n<!-- \/ Yoast SEO plugin. -->","yoast_head_json":{"title":"Mueren ocho personas tras el colapso del techo de una estaci\u00f3n de trenes en Serbia - Noticias","robots":{"index":"index","follow":"follow","max-snippet":"max-snippet:-1","max-image-preview":"max-image-preview:large","max-video-preview":"max-video-preview:-1"},"canonical":"https:\/\/noticiasya.com\/2024\/11\/01\/serbia-colapso-estacion-trenes-serbia-trax\/","og_locale":"es_ES","og_type":"article","og_title":"Mueren ocho personas tras el colapso del techo de una estaci\u00f3n de trenes en Serbia - Noticias","og_description":"(CNN) &#8212; Ocho personas murieron el viernes en la ciudad serbia de Novi Sad al derrumbarse el techo de una estaci\u00f3n de trenes, seg\u00fan el ministro del Interior del pa\u00eds. M\u00e1s de 30 personas han resultado heridas, seg\u00fan informan los medios de comunicaci\u00f3n locales. Dos supervivientes sacados de entre los escombros se encuentran hospitalizados, seg\u00fan [&hellip;]","og_url":"https:\/\/noticiasya.com\/2024\/11\/01\/serbia-colapso-estacion-trenes-serbia-trax\/","og_site_name":"Noticias","article_published_time":"2024-11-01T17:03:45+00:00","twitter_card":"summary_large_image","twitter_misc":{"Est. reading time":"1 minuto"},"schema":{"@context":"https:\/\/schema.org","@graph":[{"@type":"Article","@id":"https:\/\/noticiasya.com\/2024\/11\/01\/serbia-colapso-estacion-trenes-serbia-trax\/#article","isPartOf":{"@id":"https:\/\/noticiasya.com\/2024\/11\/01\/serbia-colapso-estacion-trenes-serbia-trax\/"},"author":{"name":"","@id":""},"headline":"Mueren ocho personas tras el colapso del techo de una estaci\u00f3n de trenes en Serbia","datePublished":"2024-11-01T17:03:45+00:00","mainEntityOfPage":{"@id":"https:\/\/noticiasya.com\/2024\/11\/01\/serbia-colapso-estacion-trenes-serbia-trax\/"},"wordCount":302,"commentCount":0,"publisher":{"@id":"https:\/\/noticiasya.com\/#organization"},"articleSection":["Noticias Nacionales"],"inLanguage":"es","potentialAction":[{"@type":"CommentAction","name":"Comment","target":["https:\/\/noticiasya.com\/2024\/11\/01\/serbia-colapso-estacion-trenes-serbia-trax\/#respond"]}]},{"@type":"WebPage","@id":"https:\/\/noticiasya.com\/2024\/11\/01\/serbia-colapso-estacion-trenes-serbia-trax\/","url":"https:\/\/noticiasya.com\/2024\/11\/01\/serbia-colapso-estacion-trenes-serbia-trax\/","name":"Mueren ocho personas tras el colapso del techo de una estaci\u00f3n de trenes en Serbia - Noticias","isPartOf":{"@id":"https:\/\/noticiasya.com\/#website"},"datePublished":"2024-11-01T17:03:45+00:00","breadcrumb":{"@id":"https:\/\/noticiasya.com\/2024\/11\/01\/serbia-colapso-estacion-trenes-serbia-trax\/#breadcrumb"},"inLanguage":"es","potentialAction":[{"@type":"ReadAction","target":["https:\/\/noticiasya.com\/2024\/11\/01\/serbia-colapso-estacion-trenes-serbia-trax\/"]}]},{"@type":"BreadcrumbList","@id":"https:\/\/noticiasya.com\/2024\/11\/01\/serbia-colapso-estacion-trenes-serbia-trax\/#breadcrumb","itemListElement":[{"@type":"ListItem","position":1,"name":"Home","item":"https:\/\/noticiasya.com\/"},{"@type":"ListItem","position":2,"name":"Mueren ocho personas tras el colapso del techo de una estaci\u00f3n de trenes en Serbia"}]},{"@type":"WebSite","@id":"https:\/\/noticiasya.com\/#website","url":"https:\/\/noticiasya.com\/","name":"Noticias","description":"Lo que importa","publisher":{"@id":"https:\/\/noticiasya.com\/#organization"},"potentialAction":[{"@type":"SearchAction","target":{"@type":"EntryPoint","urlTemplate":"https:\/\/noticiasya.com\/?s={search_term_string}"},"query-input":{"@type":"PropertyValueSpecification","valueRequired":true,"valueName":"search_term_string"}}],"inLanguage":"es"},{"@type":"Organization","@id":"https:\/\/noticiasya.com\/#organization","name":"Noticias","url":"https:\/\/noticiasya.com\/","logo":{"@type":"ImageObject","inLanguage":"es","@id":"https:\/\/noticiasya.com\/#\/schema\/logo\/image\/","url":"https:\/\/noticiasya.com\/wp-content\/uploads\/sites\/22\/2023\/12\/logo-nacional.png","contentUrl":"https:\/\/noticiasya.com\/wp-content\/uploads\/sites\/22\/2023\/12\/logo-nacional.png","width":1801,"height":691,"caption":"Noticias"},"image":{"@id":"https:\/\/noticiasya.com\/#\/schema\/logo\/image\/"}}]}},"parsely":{"version":"1.1.0","canonical_url":"https:\/\/noticiasya.com\/midland-odessa\/2024\/11\/01\/serbia-colapso-estacion-trenes-serbia-trax\/","smart_links":{"inbound":0,"outbound":0},"traffic_boost_suggestions_count":0,"meta":{"@context":"https:\/\/schema.org","@type":"NewsArticle","headline":"Mueren ocho personas tras el colapso del techo de una estaci\u00f3n de trenes en Serbia","url":"http:\/\/noticiasya.com\/midland-odessa\/2024\/11\/01\/serbia-colapso-estacion-trenes-serbia-trax\/","mainEntityOfPage":{"@type":"WebPage","@id":"http:\/\/noticiasya.com\/midland-odessa\/2024\/11\/01\/serbia-colapso-estacion-trenes-serbia-trax\/"},"thumbnailUrl":"","image":{"@type":"ImageObject","url":""},"articleSection":"Noticias Nacionales","author":[],"creator":[],"publisher":{"@type":"Organization","name":"Noticias","logo":""},"keywords":[],"dateCreated":"2024-11-01T17:03:45Z","datePublished":"2024-11-01T17:03:45Z","dateModified":"2024-11-01T17:03:45Z"},"rendered":"<script type=\"application\/ld+json\" class=\"wp-parsely-metadata\">{\"@context\":\"https:\\\/\\\/schema.org\",\"@type\":\"NewsArticle\",\"headline\":\"Mueren ocho personas tras el colapso del techo de una estaci\\u00f3n de trenes en Serbia\",\"url\":\"http:\\\/\\\/noticiasya.com\\\/midland-odessa\\\/2024\\\/11\\\/01\\\/serbia-colapso-estacion-trenes-serbia-trax\\\/\",\"mainEntityOfPage\":{\"@type\":\"WebPage\",\"@id\":\"http:\\\/\\\/noticiasya.com\\\/midland-odessa\\\/2024\\\/11\\\/01\\\/serbia-colapso-estacion-trenes-serbia-trax\\\/\"},\"thumbnailUrl\":\"\",\"image\":{\"@type\":\"ImageObject\",\"url\":\"\"},\"articleSection\":\"Noticias Nacionales\",\"author\":[],\"creator\":[],\"publisher\":{\"@type\":\"Organization\",\"name\":\"Noticias\",\"logo\":\"\"},\"keywords\":[],\"dateCreated\":\"2024-11-01T17:03:45Z\",\"datePublished\":\"2024-11-01T17:03:45Z\",\"dateModified\":\"2024-11-01T17:03:45Z\"}<\/script>","tracker_url":"https:\/\/cdn.parsely.com\/keys\/noticiasya.com\/p.js"},"jetpack_featured_media_url":"","jetpack-related-posts":[{"id":1443290,"url":"https:\/\/noticiasya.com\/midland-odessa\/2024\/01\/07\/rescatan-a-una-anciana-de-los-escombros-cinco-dias-despues-del-terremoto-de-japon\/","url_meta":{"origin":1455506,"position":0},"title":"Rescatan a una anciana de los escombros cinco d\u00edas despu\u00e9s del terremoto de Jap\u00f3n","author":"","date":"enero 7, 2024","format":false,"excerpt":"(CNN) -- Una mujer de unos 90 a\u00f1os fue rescatada de los escombros de una casa de dos plantas m\u00e1s de cinco d\u00edas despu\u00e9s del fuerte terremoto que sacudi\u00f3 Jap\u00f3n.Los equipos de rescate encontraron a la mujer en la ciudad de Suzu, en la prefectura de Ishikawa, el s\u00e1bado por\u2026","rel":"","context":"In &quot;Noticias Nacionales&quot;","block_context":{"text":"Noticias Nacionales","link":"https:\/\/noticiasya.com\/midland-odessa\/categoria\/noticias-nacionales"},"img":{"alt_text":"","src":"","width":0,"height":0},"classes":[]},{"id":1443292,"url":"https:\/\/noticiasya.com\/midland-odessa\/2024\/01\/07\/rescatan-a-una-anciana-de-los-escombros-cinco-dias-despues-del-terremoto-de-japon-2\/","url_meta":{"origin":1455506,"position":1},"title":"Rescatan a una anciana de los escombros cinco d\u00edas despu\u00e9s del terremoto de Jap\u00f3n","author":"","date":"enero 7, 2024","format":false,"excerpt":"(CNN) -- Una mujer de unos 90 a\u00f1os fue rescatada de los escombros de una casa de dos plantas m\u00e1s de cinco d\u00edas despu\u00e9s del fuerte terremoto que sacudi\u00f3 Jap\u00f3n.Los equipos de rescate encontraron a la mujer en la ciudad de Suzu, en la prefectura de Ishikawa, el s\u00e1bado por\u2026","rel":"","context":"In &quot;Noticias Nacionales&quot;","block_context":{"text":"Noticias Nacionales","link":"https:\/\/noticiasya.com\/midland-odessa\/categoria\/noticias-nacionales"},"img":{"alt_text":"","src":"","width":0,"height":0},"classes":[]},{"id":1443359,"url":"https:\/\/noticiasya.com\/midland-odessa\/2024\/01\/08\/rescatan-a-una-anciana-de-los-escombros-cinco-dias-despues-del-terremoto-de-japon-3\/","url_meta":{"origin":1455506,"position":2},"title":"Rescatan a una anciana de los escombros cinco d\u00edas despu\u00e9s del terremoto de Jap\u00f3n","author":"","date":"enero 8, 2024","format":false,"excerpt":"(CNN) -- Una mujer de unos 90 a\u00f1os fue rescatada de los escombros de una casa de dos plantas m\u00e1s de cinco d\u00edas despu\u00e9s del fuerte terremoto que sacudi\u00f3 Jap\u00f3n.Los equipos de rescate encontraron a la mujer en la ciudad de Suzu, en la prefectura de Ishikawa, el s\u00e1bado por\u2026","rel":"","context":"In &quot;Noticias Nacionales&quot;","block_context":{"text":"Noticias Nacionales","link":"https:\/\/noticiasya.com\/midland-odessa\/categoria\/noticias-nacionales"},"img":{"alt_text":"","src":"","width":0,"height":0},"classes":[]},{"id":1465924,"url":"https:\/\/noticiasya.com\/midland-odessa\/2025\/08\/28\/misiles-drones-rusos-bombardean-kyiv-trax\/","url_meta":{"origin":1455506,"position":3},"title":"Ataque ruso con misiles y drones en Kyiv deja al menos ocho muertos, entre ellos un ni\u00f1o","author":"","date":"agosto 28, 2025","format":false,"excerpt":"Kyiv fue objeto de un \u201cataque masivo\u201d por parte de Rusia durante la noche, en el que varios drones y misiles causaron la muerte de al menos ocho personas, entre ellas un ni\u00f1o, seg\u00fan inform\u00f3 el jueves el presidente de Ucrania, Volodymyr Zelensky.\u201cEs posible que a\u00fan haya personas atrapadas bajo\u2026","rel":"","context":"In &quot;Noticias Nacionales&quot;","block_context":{"text":"Noticias Nacionales","link":"https:\/\/noticiasya.com\/midland-odessa\/categoria\/noticias-nacionales"},"img":{"alt_text":"","src":"","width":0,"height":0},"classes":[]},{"id":1461053,"url":"https:\/\/noticiasya.com\/midland-odessa\/2025\/04\/10\/200-muertos-derrumbe-discoteca-republica-dominicana-trax\/","url_meta":{"origin":1455506,"position":4},"title":"Aumentan a 225 los muertos en el derrumbe en una discoteca en Rep\u00fablica Dominicana y se termina la b\u00fasqueda de sobrevivientes","author":"","date":"abril 10, 2025","format":false,"excerpt":"El ministro de Salud de Rep\u00fablica Dominicana, V\u00edctor Atallah, dijo a CNN que la cifra de personas muertas tras el desplome del techo del club nocturno Jet Set es de 225 y que 189 m\u00e1s resultaron heridas.El funcionario dijo que se ha culminado la fase de rescate, y que ahora\u2026","rel":"","context":"In &quot;Noticias Nacionales&quot;","block_context":{"text":"Noticias Nacionales","link":"https:\/\/noticiasya.com\/midland-odessa\/categoria\/noticias-nacionales"},"img":{"alt_text":"","src":"","width":0,"height":0},"classes":[]},{"id":1461023,"url":"https:\/\/noticiasya.com\/midland-odessa\/2025\/04\/10\/pedro-martinez-familiares-desaparecidos-republica-dominicana-trax\/","url_meta":{"origin":1455506,"position":5},"title":"Pedro Mart\u00ednez, miembro del Sal\u00f3n de la Fama, dice que algunos familiares est\u00e1n desaparecidos en derrumbe en Santo Domingo","author":"","date":"abril 10, 2025","format":false,"excerpt":"El miembro del Sal\u00f3n de la Fama del B\u00e9isbol Pedro Mart\u00ednez dijo tener algunos familiares que a\u00fan se encuentran desaparecidos tras el tr\u00e1gico derrumbe del techo de la discoteca Jet Set en Santo Domingo, Rep\u00fablica Dominicana.\u201cTodos estamos afectados\u201d, declar\u00f3 Mart\u00ednez en un video publicado en su Instagram el martes por\u2026","rel":"","context":"In &quot;Noticias Nacionales&quot;","block_context":{"text":"Noticias Nacionales","link":"https:\/\/noticiasya.com\/midland-odessa\/categoria\/noticias-nacionales"},"img":{"alt_text":"","src":"","width":0,"height":0},"classes":[]}],"jetpack_sharing_enabled":true,"_links":{"self":[{"href":"https:\/\/noticiasya.com\/midland-odessa\/wp-json\/wp\/v2\/posts\/1455506","targetHints":{"allow":["GET"]}}],"collection":[{"href":"https:\/\/noticiasya.com\/midland-odessa\/wp-json\/wp\/v2\/posts"}],"about":[{"href":"https:\/\/noticiasya.com\/midland-odessa\/wp-json\/wp\/v2\/types\/post"}],"replies":[{"embeddable":true,"href":"https:\/\/noticiasya.com\/midland-odessa\/wp-json\/wp\/v2\/comments?post=1455506"}],"version-history":[{"count":0,"href":"https:\/\/noticiasya.com\/midland-odessa\/wp-json\/wp\/v2\/posts\/1455506\/revisions"}],"wp:attachment":[{"href":"https:\/\/noticiasya.com\/midland-odessa\/wp-json\/wp\/v2\/media?parent=1455506"}],"wp:term":[{"taxonomy":"category","embeddable":true,"href":"https:\/\/noticiasya.com\/midland-odessa\/wp-json\/wp\/v2\/categories?post=1455506"},{"taxonomy":"post_tag","embeddable":true,"href":"https:\/\/noticiasya.com\/midland-odessa\/wp-json\/wp\/v2\/tags?post=1455506"}],"curies":[{"name":"wp","href":"https:\/\/api.w.org\/{rel}","templated":true}]}}