{"id":1455508,"date":"2024-11-01T10:03:45","date_gmt":"2024-11-01T17:03:45","guid":{"rendered":"https:\/\/noticiasya.com\/2024\/11\/01\/detalles-horripilantes-como-murieron-victimas-inundaciones-espana-trax\/"},"modified":"2024-11-01T10:03:45","modified_gmt":"2024-11-01T17:03:45","slug":"detalles-horripilantes-como-murieron-victimas-inundaciones-espana-trax","status":"publish","type":"post","link":"https:\/\/noticiasya.com\/midland-odessa\/2024\/11\/01\/detalles-horripilantes-como-murieron-victimas-inundaciones-espana-trax\/","title":{"rendered":"Surgen detalles horripilantes sobre c\u00f3mo murieron las v\u00edctimas en las inundaciones en Espa\u00f1a"},"content":{"rendered":"<p>(CNN) &#8212;\u00a0El horror completo de las inundaciones repentinas en Espa\u00f1a comenz\u00f3 a concerse este viernes, justo cuando nuevas lluvias azotaban algunas zonas del sur del pa\u00eds.<\/p>\n<p>La tormenta ha matado al menos a 205 personas, de las cuales 202 se encuentran en la regi\u00f3n m\u00e1s afectada de Valencia, dijeron los servicios de emergencias en la regi\u00f3n este viernes.<\/p>\n<p>Es el desastre natural m\u00e1s mortal de Espa\u00f1a en d\u00e9cadas.<\/p>\n<p>\u00daltima hora de la DANA en Valencia, Espa\u00f1a: muertes, desaparecidos, noticias y m\u00e1s<\/p>\n<p>Se espera que el n\u00famero de muertos aumente, mientras los trabajadores de emergencia luchan por rescatar a los atrapados y recuperar cuerpos. Las autoridades advirtieron el viernes que las carreteras se han colapsado en algunas \u00e1reas, sin que los servicios de emergencias puedan acceder a las zonas afectadas.<\/p>\n<p>El pa\u00eds ha experimentado tormentas significativas de oto\u00f1o en los \u00faltimos a\u00f1os, pero nada se compara con la devastaci\u00f3n ocasionada en los \u00faltimos d\u00edas.<\/p>\n<p>Guardias civiles utilizan drones para buscar v\u00edctimas el 1 de noviembre de 2024 en Valencia, Espa\u00f1a. Jos\u00e9 Jordan \/AFP\/ Getty Images<\/p>\n<p>M\u00e1s detalles est\u00e1n apareciendo sobre la devastaci\u00f3n causada en la regi\u00f3n de Valencia, con residentes que reportan enormes da\u00f1os y encuentros horribles con las aguas que sub\u00edan r\u00e1pidamente. Un palacio de justicia se convirti\u00f3 en una morgue temporal en la capital de la regi\u00f3n, la ciudad de Valencia.<\/p>\n<p>En el barrio La Torre de la ciudad, donde el agua alcanz\u00f3 el nivel del pecho, los voluntarios contin\u00faan buscando a personas desaparecidas.<\/p>\n<p>Los equipos de rescate descubrieron los cuerpos de siete personas en un garaje subterr\u00e1neo all\u00ed el jueves, seg\u00fan inform\u00f3 el canal nacional RTVE, citando a la polic\u00eda.<\/p>\n<p>El padre de una de las personas que murieron en ese garaje, un polic\u00eda local, dijo al peri\u00f3dico espa\u00f1ol El Mundo que los residentes hab\u00edan corrido para mover sus coches, pero el agua subi\u00f3 m\u00e1s r\u00e1pido de lo que la gente esperaba, dej\u00e1ndolos atrapados. Otra mujer fue arrastrada al estacionamiento por el agua en movimiento y muri\u00f3, dijo.<\/p>\n<p>La localidad de Paiporta, Valencia, donde al menos 62 personas murieron, fue descrita por la cadena p\u00fablica espa\u00f1ola RTVE como el &#171;epicentro de la tragedia&#187;.<\/p>\n<p>Vecinos de la Avenida del Milagroo limpian los destrozos del temporal. (Cr\u00e9dito: CNN)<\/p>\n<p>Un testigo que fue atrapado en la inundaci\u00f3n s\u00fabita all\u00ed le dijo a RTVE que vio m\u00faltiples coches flotando a su alrededor con personas pidiendo ayuda. Muchos conductores se encontraron atrapados en una carretera y fueron arrastrados en sus coches, ya que la carretera parec\u00eda fusionarse con un r\u00edo cercano. Un puente tambi\u00e9n colaps\u00f3 en la zona.<\/p>\n<p>Al menos seis personas murieron en un hogar de ancianos en las afueras de la localidad, dijo el alcalde de Paiporta a la cadena nacional espa\u00f1ola. El personal logr\u00f3 llevar a la mayor\u00eda de las personas mayores al primer piso, pero no pudieron salvar a todos.<\/p>\n<p>El barro todav\u00eda llena las calles en muchas \u00e1reas, y el alcalde de Valencia comparti\u00f3 im\u00e1genes de las labores de limpieza comunitaria el viernes. \u201cSe est\u00e1n retirando veh\u00edculos, se est\u00e1 limpiando la plaza y se est\u00e1n recolectando alimentos y agua\u201d, dijo la alcaldesa Mar\u00eda Jos\u00e9 Catal\u00e1 sobre La Torre.<\/p>\n<p>Partes de Espa\u00f1a siguen experimentando lluvias intensas el viernes, y las autoridades emitieron una alerta roja durante la noche para la costa de Huelva, en Andaluc\u00eda, que tuvo 140 mm de precipitaci\u00f3n en solo 12 horas. Tambi\u00e9n se mantienen alertas naranjas y amarillas en partes aisladas de Valencia.<\/p>\n<p>The-CNN-Wire<br \/>&trade; &amp; &copy; 2024 Cable News Network, Inc., a Warner Bros. Discovery Company. All rights reserved.<\/p>\n","protected":false},"excerpt":{"rendered":"<p>(CNN) &#8212;\u00a0El horror completo de las inundaciones repentinas en Espa\u00f1a comenz\u00f3 a concerse este viernes, justo cuando nuevas lluvias azotaban algunas zonas del sur del pa\u00eds. La tormenta ha matado al menos a 205 personas, de las cuales 202 se encuentran en la regi\u00f3n m\u00e1s afectada de Valencia, dijeron los servicios de emergencias en la [&hellip;]<\/p>\n","protected":false},"author":0,"featured_media":0,"comment_status":"open","ping_status":"open","sticky":false,"template":"","format":"standard","meta":{"_jetpack_memberships_contains_paid_content":false,"footnotes":""},"categories":[10],"tags":[],"class_list":["post-1455508","post","type-post","status-publish","format-standard","hentry","category-noticias-nacionales","market-global"],"yoast_head":"<!-- This site is optimized with the Yoast SEO plugin v24.4 - https:\/\/yoast.com\/wordpress\/plugins\/seo\/ -->\n<title>Surgen detalles horripilantes sobre c\u00f3mo murieron las v\u00edctimas en las inundaciones en Espa\u00f1a - Noticias<\/title>\n<meta name=\"robots\" content=\"index, follow, max-snippet:-1, max-image-preview:large, max-video-preview:-1\" \/>\n<link rel=\"canonical\" href=\"https:\/\/noticiasya.com\/2024\/11\/01\/detalles-horripilantes-como-murieron-victimas-inundaciones-espana-trax\/\" \/>\n<meta property=\"og:locale\" content=\"es_ES\" \/>\n<meta property=\"og:type\" content=\"article\" \/>\n<meta property=\"og:title\" content=\"Surgen detalles horripilantes sobre c\u00f3mo murieron las v\u00edctimas en las inundaciones en Espa\u00f1a - Noticias\" \/>\n<meta property=\"og:description\" content=\"(CNN) &#8212;\u00a0El horror completo de las inundaciones repentinas en Espa\u00f1a comenz\u00f3 a concerse este viernes, justo cuando nuevas lluvias azotaban algunas zonas del sur del pa\u00eds. La tormenta ha matado al menos a 205 personas, de las cuales 202 se encuentran en la regi\u00f3n m\u00e1s afectada de Valencia, dijeron los servicios de emergencias en la [&hellip;]\" \/>\n<meta property=\"og:url\" content=\"https:\/\/noticiasya.com\/2024\/11\/01\/detalles-horripilantes-como-murieron-victimas-inundaciones-espana-trax\/\" \/>\n<meta property=\"og:site_name\" content=\"Noticias\" \/>\n<meta property=\"article:published_time\" content=\"2024-11-01T17:03:45+00:00\" \/>\n<meta name=\"twitter:card\" content=\"summary_large_image\" \/>\n<meta name=\"twitter:label1\" content=\"Est. reading time\" \/>\n\t<meta name=\"twitter:data1\" content=\"3 minutos\" \/>\n<script type=\"application\/ld+json\" class=\"yoast-schema-graph\">{\"@context\":\"https:\/\/schema.org\",\"@graph\":[{\"@type\":\"Article\",\"@id\":\"https:\/\/noticiasya.com\/2024\/11\/01\/detalles-horripilantes-como-murieron-victimas-inundaciones-espana-trax\/#article\",\"isPartOf\":{\"@id\":\"https:\/\/noticiasya.com\/2024\/11\/01\/detalles-horripilantes-como-murieron-victimas-inundaciones-espana-trax\/\"},\"author\":{\"name\":\"\",\"@id\":\"\"},\"headline\":\"Surgen detalles horripilantes sobre c\u00f3mo murieron las v\u00edctimas en las inundaciones en Espa\u00f1a\",\"datePublished\":\"2024-11-01T17:03:45+00:00\",\"mainEntityOfPage\":{\"@id\":\"https:\/\/noticiasya.com\/2024\/11\/01\/detalles-horripilantes-como-murieron-victimas-inundaciones-espana-trax\/\"},\"wordCount\":652,\"commentCount\":0,\"publisher\":{\"@id\":\"https:\/\/noticiasya.com\/#organization\"},\"articleSection\":[\"Noticias Nacionales\"],\"inLanguage\":\"es\",\"potentialAction\":[{\"@type\":\"CommentAction\",\"name\":\"Comment\",\"target\":[\"https:\/\/noticiasya.com\/2024\/11\/01\/detalles-horripilantes-como-murieron-victimas-inundaciones-espana-trax\/#respond\"]}]},{\"@type\":\"WebPage\",\"@id\":\"https:\/\/noticiasya.com\/2024\/11\/01\/detalles-horripilantes-como-murieron-victimas-inundaciones-espana-trax\/\",\"url\":\"https:\/\/noticiasya.com\/2024\/11\/01\/detalles-horripilantes-como-murieron-victimas-inundaciones-espana-trax\/\",\"name\":\"Surgen detalles horripilantes sobre c\u00f3mo murieron las v\u00edctimas en las inundaciones en Espa\u00f1a - Noticias\",\"isPartOf\":{\"@id\":\"https:\/\/noticiasya.com\/#website\"},\"datePublished\":\"2024-11-01T17:03:45+00:00\",\"breadcrumb\":{\"@id\":\"https:\/\/noticiasya.com\/2024\/11\/01\/detalles-horripilantes-como-murieron-victimas-inundaciones-espana-trax\/#breadcrumb\"},\"inLanguage\":\"es\",\"potentialAction\":[{\"@type\":\"ReadAction\",\"target\":[\"https:\/\/noticiasya.com\/2024\/11\/01\/detalles-horripilantes-como-murieron-victimas-inundaciones-espana-trax\/\"]}]},{\"@type\":\"BreadcrumbList\",\"@id\":\"https:\/\/noticiasya.com\/2024\/11\/01\/detalles-horripilantes-como-murieron-victimas-inundaciones-espana-trax\/#breadcrumb\",\"itemListElement\":[{\"@type\":\"ListItem\",\"position\":1,\"name\":\"Home\",\"item\":\"https:\/\/noticiasya.com\/\"},{\"@type\":\"ListItem\",\"position\":2,\"name\":\"Surgen detalles horripilantes sobre c\u00f3mo murieron las v\u00edctimas en las inundaciones en Espa\u00f1a\"}]},{\"@type\":\"WebSite\",\"@id\":\"https:\/\/noticiasya.com\/#website\",\"url\":\"https:\/\/noticiasya.com\/\",\"name\":\"Noticias\",\"description\":\"Lo que importa\",\"publisher\":{\"@id\":\"https:\/\/noticiasya.com\/#organization\"},\"potentialAction\":[{\"@type\":\"SearchAction\",\"target\":{\"@type\":\"EntryPoint\",\"urlTemplate\":\"https:\/\/noticiasya.com\/?s={search_term_string}\"},\"query-input\":{\"@type\":\"PropertyValueSpecification\",\"valueRequired\":true,\"valueName\":\"search_term_string\"}}],\"inLanguage\":\"es\"},{\"@type\":\"Organization\",\"@id\":\"https:\/\/noticiasya.com\/#organization\",\"name\":\"Noticias\",\"url\":\"https:\/\/noticiasya.com\/\",\"logo\":{\"@type\":\"ImageObject\",\"inLanguage\":\"es\",\"@id\":\"https:\/\/noticiasya.com\/#\/schema\/logo\/image\/\",\"url\":\"https:\/\/noticiasya.com\/wp-content\/uploads\/sites\/22\/2023\/12\/logo-nacional.png\",\"contentUrl\":\"https:\/\/noticiasya.com\/wp-content\/uploads\/sites\/22\/2023\/12\/logo-nacional.png\",\"width\":1801,\"height\":691,\"caption\":\"Noticias\"},\"image\":{\"@id\":\"https:\/\/noticiasya.com\/#\/schema\/logo\/image\/\"}}]}<\/script>\n<!-- \/ Yoast SEO plugin. -->","yoast_head_json":{"title":"Surgen detalles horripilantes sobre c\u00f3mo murieron las v\u00edctimas en las inundaciones en Espa\u00f1a - Noticias","robots":{"index":"index","follow":"follow","max-snippet":"max-snippet:-1","max-image-preview":"max-image-preview:large","max-video-preview":"max-video-preview:-1"},"canonical":"https:\/\/noticiasya.com\/2024\/11\/01\/detalles-horripilantes-como-murieron-victimas-inundaciones-espana-trax\/","og_locale":"es_ES","og_type":"article","og_title":"Surgen detalles horripilantes sobre c\u00f3mo murieron las v\u00edctimas en las inundaciones en Espa\u00f1a - Noticias","og_description":"(CNN) &#8212;\u00a0El horror completo de las inundaciones repentinas en Espa\u00f1a comenz\u00f3 a concerse este viernes, justo cuando nuevas lluvias azotaban algunas zonas del sur del pa\u00eds. La tormenta ha matado al menos a 205 personas, de las cuales 202 se encuentran en la regi\u00f3n m\u00e1s afectada de Valencia, dijeron los servicios de emergencias en la [&hellip;]","og_url":"https:\/\/noticiasya.com\/2024\/11\/01\/detalles-horripilantes-como-murieron-victimas-inundaciones-espana-trax\/","og_site_name":"Noticias","article_published_time":"2024-11-01T17:03:45+00:00","twitter_card":"summary_large_image","twitter_misc":{"Est. reading time":"3 minutos"},"schema":{"@context":"https:\/\/schema.org","@graph":[{"@type":"Article","@id":"https:\/\/noticiasya.com\/2024\/11\/01\/detalles-horripilantes-como-murieron-victimas-inundaciones-espana-trax\/#article","isPartOf":{"@id":"https:\/\/noticiasya.com\/2024\/11\/01\/detalles-horripilantes-como-murieron-victimas-inundaciones-espana-trax\/"},"author":{"name":"","@id":""},"headline":"Surgen detalles horripilantes sobre c\u00f3mo murieron las v\u00edctimas en las inundaciones en Espa\u00f1a","datePublished":"2024-11-01T17:03:45+00:00","mainEntityOfPage":{"@id":"https:\/\/noticiasya.com\/2024\/11\/01\/detalles-horripilantes-como-murieron-victimas-inundaciones-espana-trax\/"},"wordCount":652,"commentCount":0,"publisher":{"@id":"https:\/\/noticiasya.com\/#organization"},"articleSection":["Noticias Nacionales"],"inLanguage":"es","potentialAction":[{"@type":"CommentAction","name":"Comment","target":["https:\/\/noticiasya.com\/2024\/11\/01\/detalles-horripilantes-como-murieron-victimas-inundaciones-espana-trax\/#respond"]}]},{"@type":"WebPage","@id":"https:\/\/noticiasya.com\/2024\/11\/01\/detalles-horripilantes-como-murieron-victimas-inundaciones-espana-trax\/","url":"https:\/\/noticiasya.com\/2024\/11\/01\/detalles-horripilantes-como-murieron-victimas-inundaciones-espana-trax\/","name":"Surgen detalles horripilantes sobre c\u00f3mo murieron las v\u00edctimas en las inundaciones en Espa\u00f1a - Noticias","isPartOf":{"@id":"https:\/\/noticiasya.com\/#website"},"datePublished":"2024-11-01T17:03:45+00:00","breadcrumb":{"@id":"https:\/\/noticiasya.com\/2024\/11\/01\/detalles-horripilantes-como-murieron-victimas-inundaciones-espana-trax\/#breadcrumb"},"inLanguage":"es","potentialAction":[{"@type":"ReadAction","target":["https:\/\/noticiasya.com\/2024\/11\/01\/detalles-horripilantes-como-murieron-victimas-inundaciones-espana-trax\/"]}]},{"@type":"BreadcrumbList","@id":"https:\/\/noticiasya.com\/2024\/11\/01\/detalles-horripilantes-como-murieron-victimas-inundaciones-espana-trax\/#breadcrumb","itemListElement":[{"@type":"ListItem","position":1,"name":"Home","item":"https:\/\/noticiasya.com\/"},{"@type":"ListItem","position":2,"name":"Surgen detalles horripilantes sobre c\u00f3mo murieron las v\u00edctimas en las inundaciones en Espa\u00f1a"}]},{"@type":"WebSite","@id":"https:\/\/noticiasya.com\/#website","url":"https:\/\/noticiasya.com\/","name":"Noticias","description":"Lo que importa","publisher":{"@id":"https:\/\/noticiasya.com\/#organization"},"potentialAction":[{"@type":"SearchAction","target":{"@type":"EntryPoint","urlTemplate":"https:\/\/noticiasya.com\/?s={search_term_string}"},"query-input":{"@type":"PropertyValueSpecification","valueRequired":true,"valueName":"search_term_string"}}],"inLanguage":"es"},{"@type":"Organization","@id":"https:\/\/noticiasya.com\/#organization","name":"Noticias","url":"https:\/\/noticiasya.com\/","logo":{"@type":"ImageObject","inLanguage":"es","@id":"https:\/\/noticiasya.com\/#\/schema\/logo\/image\/","url":"https:\/\/noticiasya.com\/wp-content\/uploads\/sites\/22\/2023\/12\/logo-nacional.png","contentUrl":"https:\/\/noticiasya.com\/wp-content\/uploads\/sites\/22\/2023\/12\/logo-nacional.png","width":1801,"height":691,"caption":"Noticias"},"image":{"@id":"https:\/\/noticiasya.com\/#\/schema\/logo\/image\/"}}]}},"parsely":{"version":"1.1.0","canonical_url":"https:\/\/noticiasya.com\/midland-odessa\/2024\/11\/01\/detalles-horripilantes-como-murieron-victimas-inundaciones-espana-trax\/","smart_links":{"inbound":0,"outbound":0},"traffic_boost_suggestions_count":0,"meta":{"@context":"https:\/\/schema.org","@type":"NewsArticle","headline":"Surgen detalles horripilantes sobre c\u00f3mo murieron las v\u00edctimas en las inundaciones en Espa\u00f1a","url":"http:\/\/noticiasya.com\/midland-odessa\/2024\/11\/01\/detalles-horripilantes-como-murieron-victimas-inundaciones-espana-trax\/","mainEntityOfPage":{"@type":"WebPage","@id":"http:\/\/noticiasya.com\/midland-odessa\/2024\/11\/01\/detalles-horripilantes-como-murieron-victimas-inundaciones-espana-trax\/"},"thumbnailUrl":"","image":{"@type":"ImageObject","url":""},"articleSection":"Noticias Nacionales","author":[],"creator":[],"publisher":{"@type":"Organization","name":"Noticias","logo":""},"keywords":[],"dateCreated":"2024-11-01T17:03:45Z","datePublished":"2024-11-01T17:03:45Z","dateModified":"2024-11-01T17:03:45Z"},"rendered":"<script type=\"application\/ld+json\" class=\"wp-parsely-metadata\">{\"@context\":\"https:\\\/\\\/schema.org\",\"@type\":\"NewsArticle\",\"headline\":\"Surgen detalles horripilantes sobre c\\u00f3mo murieron las v\\u00edctimas en las inundaciones en Espa\\u00f1a\",\"url\":\"http:\\\/\\\/noticiasya.com\\\/midland-odessa\\\/2024\\\/11\\\/01\\\/detalles-horripilantes-como-murieron-victimas-inundaciones-espana-trax\\\/\",\"mainEntityOfPage\":{\"@type\":\"WebPage\",\"@id\":\"http:\\\/\\\/noticiasya.com\\\/midland-odessa\\\/2024\\\/11\\\/01\\\/detalles-horripilantes-como-murieron-victimas-inundaciones-espana-trax\\\/\"},\"thumbnailUrl\":\"\",\"image\":{\"@type\":\"ImageObject\",\"url\":\"\"},\"articleSection\":\"Noticias Nacionales\",\"author\":[],\"creator\":[],\"publisher\":{\"@type\":\"Organization\",\"name\":\"Noticias\",\"logo\":\"\"},\"keywords\":[],\"dateCreated\":\"2024-11-01T17:03:45Z\",\"datePublished\":\"2024-11-01T17:03:45Z\",\"dateModified\":\"2024-11-01T17:03:45Z\"}<\/script>","tracker_url":"https:\/\/cdn.parsely.com\/keys\/noticiasya.com\/p.js"},"jetpack_featured_media_url":"","jetpack-related-posts":[{"id":1455431,"url":"https:\/\/noticiasya.com\/midland-odessa\/2024\/10\/29\/inundaciones-repentinas-afectan-varias-regiones-de-espana-trax\/","url_meta":{"origin":1455508,"position":0},"title":"Graves inundaciones repentinas causan muertes en Valencia y afectan varias regiones de Espa\u00f1a","author":"","date":"octubre 29, 2024","format":false,"excerpt":"(CNN) -- Algunas regiones del sur y este de Espa\u00f1a sufrieron graves inundaciones este martes debido a que en algunas zonas cayeron entre 150 y 300 mm de lluvia en tan solo unas horas.Las lluvias e inundaciones ya causaron un n\u00famero a\u00fan indeterminado de muertes en Valencia, inform\u00f3 el presidente\u2026","rel":"","context":"In &quot;Noticias Nacionales&quot;","block_context":{"text":"Noticias Nacionales","link":"https:\/\/noticiasya.com\/midland-odessa\/categoria\/noticias-nacionales"},"img":{"alt_text":"","src":"","width":0,"height":0},"classes":[]},{"id":1471134,"url":"https:\/\/noticiasya.com\/midland-odessa\/2026\/02\/12\/borrasca-nils-nestabilidad-espana-efe\/","url_meta":{"origin":1455508,"position":1},"title":"Borrasca Nils alarga la inestabilidad en Espa\u00f1a: desbordamientos, desalojos y actividad paralizada","author":"","date":"febrero 12, 2026","format":false,"excerpt":"La nueva borrasca Nils extendi\u00f3 la inestabilidad en Espa\u00f1a con m\u00e1s lluvia, viento y temporal mar\u00edtimo este mi\u00e9rcoles, cuando 3.180 personas siguieron desalojadas en \u00e1reas de Andaluc\u00eda (sur) y en el noroeste se activaron alertas por riesgo de desbordamiento de r\u00edos.El fen\u00f3meno extremo que tom\u00f3 hoy el relevo de la\u2026","rel":"","context":"In &quot;Noticias Nacionales&quot;","block_context":{"text":"Noticias Nacionales","link":"https:\/\/noticiasya.com\/midland-odessa\/categoria\/noticias-nacionales"},"img":{"alt_text":"","src":"","width":0,"height":0},"classes":[]},{"id":1455461,"url":"https:\/\/noticiasya.com\/midland-odessa\/2024\/10\/30\/hubo-fallos-prevision-y-alerta-dana-tragedia-espana-orix\/","url_meta":{"origin":1455508,"position":2},"title":"Los factores alrededor de la devastaci\u00f3n por la DANA &#171;sin precedentes&#187; en Espa\u00f1a: sorpresa, cambio clim\u00e1tico y el papel de los mensajes de alerta","author":"","date":"octubre 30, 2024","format":false,"excerpt":"(CNN Espa\u00f1ol) -- Varias localidades del sur y este de Espa\u00f1a fueron golpeadas con hasta 30 cm de lluvia en solo unas pocas horas el martes, en lo que marc\u00f3 la peor lluvia en Valencia en 28 a\u00f1os, seg\u00fan la Agencia Estatal de Meteorolog\u00eda, AEMET. La magnitud del fen\u00f3meno tom\u00f3\u2026","rel":"","context":"In &quot;Noticias Nacionales&quot;","block_context":{"text":"Noticias Nacionales","link":"https:\/\/noticiasya.com\/midland-odessa\/categoria\/noticias-nacionales"},"img":{"alt_text":"","src":"","width":0,"height":0},"classes":[]},{"id":1455765,"url":"https:\/\/noticiasya.com\/midland-odessa\/2024\/11\/12\/alerta-naranja-fuertes-lluvias-valencia-trax\/","url_meta":{"origin":1455508,"position":3},"title":"Rige el alerta naranja por fuertes lluvias en Valencia, Espa\u00f1a, este martes y mi\u00e9rcoles","author":"","date":"noviembre 12, 2024","format":false,"excerpt":"(CNN) --Despu\u00e9s de un periodo de condiciones m\u00e1s tranquilas en Espa\u00f1a, un nuevo sistema de baja presi\u00f3n llegar\u00e1 a la zona, trayendo lluvias intensas al pa\u00eds.Algunas alertas amarillas y naranjas para este martes y el mi\u00e9rcoles advierten sobre acumulaciones de lluvia de alrededor de 40 mm por hora en partes\u2026","rel":"","context":"In &quot;Noticias Nacionales&quot;","block_context":{"text":"Noticias Nacionales","link":"https:\/\/noticiasya.com\/midland-odessa\/categoria\/noticias-nacionales"},"img":{"alt_text":"","src":"","width":0,"height":0},"classes":[]},{"id":1461737,"url":"https:\/\/noticiasya.com\/midland-odessa\/2025\/04\/29\/espana-descarta-ciberataque-causa-gran-apagon-orix\/","url_meta":{"origin":1455508,"position":4},"title":"El operador de la red el\u00e9ctrica de Espa\u00f1a descarta un ciberataque como causa del gran apag\u00f3n","author":"","date":"abril 29, 2025","format":false,"excerpt":"El gran apag\u00f3n que afect\u00f3 a la mayor parte de la pen\u00ednsula ib\u00e9rica este lunes no fue causado por un ciberataque, seg\u00fan declar\u00f3 el operador de la red el\u00e9ctrica de Espa\u00f1a este martes.Eduardo Prieto, director de servicios de Red El\u00e9ctrica, dijo que una evaluaci\u00f3n preliminar demostr\u00f3 que no hubo intrusi\u00f3n\u2026","rel":"","context":"In &quot;Noticias Nacionales&quot;","block_context":{"text":"Noticias Nacionales","link":"https:\/\/noticiasya.com\/midland-odessa\/categoria\/noticias-nacionales"},"img":{"alt_text":"","src":"","width":0,"height":0},"classes":[]},{"id":1468344,"url":"https:\/\/noticiasya.com\/midland-odessa\/2025\/11\/14\/california-tormenta-inundaciones-trax\/","url_meta":{"origin":1455508,"position":5},"title":"Tormenta en el sur de California: aumenta el riesgo de inundaciones y deslizamientos de tierra","author":"","date":"noviembre 14, 2025","format":false,"excerpt":"Una fuerte tormenta del Pac\u00edfico est\u00e1 provocando intensas lluvias en el sur de California, lo que aumenta el riesgo de inundaciones, deslizamientos de tierra y flujos de escombros potencialmente mortales, en especial cerca de las zonas afectadas por incendios en el \u00e1rea de Los \u00c1ngeles.Una combinaci\u00f3n de fuertes lluvias y\u2026","rel":"","context":"In &quot;Noticias Nacionales&quot;","block_context":{"text":"Noticias Nacionales","link":"https:\/\/noticiasya.com\/midland-odessa\/categoria\/noticias-nacionales"},"img":{"alt_text":"","src":"","width":0,"height":0},"classes":[]}],"jetpack_sharing_enabled":true,"_links":{"self":[{"href":"https:\/\/noticiasya.com\/midland-odessa\/wp-json\/wp\/v2\/posts\/1455508","targetHints":{"allow":["GET"]}}],"collection":[{"href":"https:\/\/noticiasya.com\/midland-odessa\/wp-json\/wp\/v2\/posts"}],"about":[{"href":"https:\/\/noticiasya.com\/midland-odessa\/wp-json\/wp\/v2\/types\/post"}],"replies":[{"embeddable":true,"href":"https:\/\/noticiasya.com\/midland-odessa\/wp-json\/wp\/v2\/comments?post=1455508"}],"version-history":[{"count":0,"href":"https:\/\/noticiasya.com\/midland-odessa\/wp-json\/wp\/v2\/posts\/1455508\/revisions"}],"wp:attachment":[{"href":"https:\/\/noticiasya.com\/midland-odessa\/wp-json\/wp\/v2\/media?parent=1455508"}],"wp:term":[{"taxonomy":"category","embeddable":true,"href":"https:\/\/noticiasya.com\/midland-odessa\/wp-json\/wp\/v2\/categories?post=1455508"},{"taxonomy":"post_tag","embeddable":true,"href":"https:\/\/noticiasya.com\/midland-odessa\/wp-json\/wp\/v2\/tags?post=1455508"}],"curies":[{"name":"wp","href":"https:\/\/api.w.org\/{rel}","templated":true}]}}