{"id":1455512,"date":"2024-11-01T16:03:43","date_gmt":"2024-11-01T23:03:43","guid":{"rendered":"https:\/\/noticiasya.com\/2024\/11\/01\/inundaciones-espana-testimonio-valenciana-varada-orix\/"},"modified":"2024-11-01T16:03:43","modified_gmt":"2024-11-01T23:03:43","slug":"inundaciones-espana-testimonio-valenciana-varada-orix","status":"publish","type":"post","link":"https:\/\/noticiasya.com\/midland-odessa\/2024\/11\/01\/inundaciones-espana-testimonio-valenciana-varada-orix\/","title":{"rendered":"\u201cSe podr\u00eda haber evitado\u201d, el testimonio de una valenciana varada en medio de las inundaciones en Espa\u00f1a"},"content":{"rendered":"<p>(CNN Espa\u00f1ol) &#8212; Anna sali\u00f3 de su casa en Albal poco antes de las 6 de la tarde del martes 29 de octubre para ir a Valencia a una cita m\u00e9dica. \u201cEn ese momento no estaba lloviendo\u201d, recordaba este viernes en una entrevista telef\u00f3nica con CNN.<\/p>\n<p>Esta ingeniera hac\u00eda un trayecto que normalmente toma una media hora, sin que cruzara por su cabeza lo que ocurrir\u00eda despu\u00e9s: las lluvias hist\u00f3ricas que asolaron esta regi\u00f3n de Espa\u00f1a y que han causado, hasta este viernes, m\u00e1s de 200 muertos.<\/p>\n<p>\u201cFui a la parada de bus porque ten\u00eda que volver\u201d, relata. La lluvia ya hab\u00eda comenzado y afirma que la cantidad de personas varadas era tal que esper\u00f3 horas antes de tomar un taxi con otra valenciana y dos colombianas. El taxista, recuerda, era latinoamericano, y logr\u00f3 dejarlas en Alfafar, a solo 4,2 kil\u00f3metros de su destino, pero sin poder avanzar m\u00e1s por la gravedad de la situaci\u00f3n. \u201cNi sabemos qu\u00e9 pasar\u00eda con \u00e9l, porque de repente (el agua) empez\u00f3 a subir\u201d, afirma. \u201cEs que nadie se esperaba esto\u201d.<\/p>\n<p>Ya para entonces el barranco de Catarroja se hab\u00eda desbordado. Anna tuvo que sortear escenas que describe como ca\u00f3ticas. \u201cEra cruzar de una parte a otra. Eso ya estaba lleno de agua, hab\u00eda coches por ah\u00ed en medio, hab\u00eda mucha corriente, el agua se los llevaba. Fuimos cruzando, un tr\u00e1iler estuvo a punto de atropellarnos, hab\u00eda que subir un muro de medio metro\u2026 hab\u00eda una chica, (parec\u00eda) paralizada, un chico fue por ella y logr\u00f3 pasar al otro lado\u201d, relata.<\/p>\n<p>Vecinos de Valencia rehacen sus vidas tras el paso de la DANA: &#171;Vi una ola de fango, como un tsunami\u201d<\/p>\n<p>El grupo de personas con el que estaba logr\u00f3 llegar a un hotel en Alfafar para pasar la noche, cuenta Anna. Junto a ella hab\u00eda catalanes, valencianos, colombianos, un madrile\u00f1o, dos personas de Europa del Este y un venezolano, Carlos Ch\u00e1vez, con quien se hizo una fotograf\u00eda en medio de la inaudita situaci\u00f3n.<\/p>\n<p>Anna dice que lleg\u00f3 a su casa hacia las 12 p.m. del d\u00eda siguiente. La mayor\u00eda de los 4,2 kil\u00f3metros los hizo caminando. \u201cEs que se podr\u00eda haber evitado\u201d, asegura. \u201cEl Gobierno auton\u00f3mico lo ha hecho muy mal. Ten\u00edan toda la informaci\u00f3n de Aemet y no hicieron nada\u201d.<\/p>\n<p>Anna afirma que la primera alerta con medidas \u201cpreventivas\u201d del Gobierno valenciano lleg\u00f3 cuando hab\u00edan pasado m\u00e1s de dos horas lloviendo y los principales caminos estaban cerrados.<\/p>\n<p>Sin embargo, Rub\u00e9n Del Campo, portavoz de la Agencia Estatal de Meteorolog\u00eda de Espa\u00f1a (Aemet), hab\u00eda grabado un video a las 12:10 p.m., ocho horas antes de que llegara la primera alerta con medidas preventivas del Gobierno valenciano, distribuido por las autoridades espa\u00f1olas, de acuerdo con la Aemet. Del Campo recomendaba en esa grabaci\u00f3n alejarse de cauces de ramblas o barrancos y evitar traslados.<\/p>\n<p>Adem\u00e1s, la Aemet hab\u00eda advertido de la formaci\u00f3n de una DANA desde el 23 de octubre y el d\u00eda de las lluvias, a las 5.54 p. m. hora local (12.54 p. m. ET), la cuenta oficial de la agencia para la Comunidad Valenciana reiter\u00f3 que la alerta era de nivel m\u00e1ximo.<\/p>\n<p>CNN solicit\u00f3 un comentario a la Generalitat para conocer el proceso anterior al env\u00edo de la alerta preventiva que lleg\u00f3 por la noche y, a trav\u00e9s de su Secretar\u00eda de comunicaci\u00f3n, las autoridades valencianas afirman que la ma\u00f1ana del 29 de octubre, \u201ctodo el mundo manejaba la misma informaci\u00f3n\u201d y que para entonces \u201cno se preve\u00eda que lloviera con tanta intensidad\u201d.<\/p>\n<p>Los factores alrededor de la devastaci\u00f3n por la DANA &#171;sin precedentes&#187; en Espa\u00f1a: sorpresa, cambio clim\u00e1tico y el papel de los mensajes de alerta<\/p>\n<p>\u201cEl presidente de la Generalitat, Carlos Maz\u00f3n, relat\u00f3 lo que el servicio de meteorolog\u00eda Aemet transmiti\u00f3 sobre la alerta meteorol\u00f3gica. Por tanto, era la informaci\u00f3n que todo el mundo manejaba\u201d, se\u00f1ala el texto enviado a CNN.<\/p>\n<p>CNN consult\u00f3 a la Aemet sobre los dichos de la Generalitat, que respondi\u00f3 a trav\u00e9s de su departamento de comunicaci\u00f3n.<\/p>\n<p>&#171;La insistencia en el argumento de que (Carlos) Maz\u00f3n dijo que el aviso acababa a las 18:00 (y el contraargumento diciendo que fue lo que le dijeron por tel\u00e9fono los de Aemet) no nos debe hacer perder de vista que existe un error de percepci\u00f3n grave: a las 17:59 no puede estar lloviendo torrencialmente y a las 18:01 ya se puede ir a la playa, y parece que se piensa que es as\u00ed. Aparte de que la hora es orientativa, obviamente se pasa de un peligro de nivel extremo a nivel importante; pero importante al fin y al cabo. En ning\u00fan caso debe darse a entender que cuando termina el aviso rojo ya no hay temporal y podemos volver a la vida normal tan tranquilos&#187;, se\u00f1ala la respuesta enviada a CNN.<\/p>\n<p>The-CNN-Wire<br \/>&trade; &amp; &copy; 2024 Cable News Network, Inc., a Warner Bros. Discovery Company. All rights reserved.<\/p>\n","protected":false},"excerpt":{"rendered":"<p>(CNN Espa\u00f1ol) &#8212; Anna sali\u00f3 de su casa en Albal poco antes de las 6 de la tarde del martes 29 de octubre para ir a Valencia a una cita m\u00e9dica. \u201cEn ese momento no estaba lloviendo\u201d, recordaba este viernes en una entrevista telef\u00f3nica con CNN. Esta ingeniera hac\u00eda un trayecto que normalmente toma una [&hellip;]<\/p>\n","protected":false},"author":0,"featured_media":0,"comment_status":"open","ping_status":"open","sticky":false,"template":"","format":"standard","meta":{"_jetpack_memberships_contains_paid_content":false,"footnotes":""},"categories":[10],"tags":[],"class_list":["post-1455512","post","type-post","status-publish","format-standard","hentry","category-noticias-nacionales","market-global"],"yoast_head":"<!-- This site is optimized with the Yoast SEO plugin v24.4 - https:\/\/yoast.com\/wordpress\/plugins\/seo\/ -->\n<title>\u201cSe podr\u00eda haber evitado\u201d, el testimonio de una valenciana varada en medio de las inundaciones en Espa\u00f1a - Noticias<\/title>\n<meta name=\"robots\" content=\"index, follow, max-snippet:-1, max-image-preview:large, max-video-preview:-1\" \/>\n<link rel=\"canonical\" href=\"https:\/\/noticiasya.com\/2024\/11\/01\/inundaciones-espana-testimonio-valenciana-varada-orix\/\" \/>\n<meta property=\"og:locale\" content=\"es_ES\" \/>\n<meta property=\"og:type\" content=\"article\" \/>\n<meta property=\"og:title\" content=\"\u201cSe podr\u00eda haber evitado\u201d, el testimonio de una valenciana varada en medio de las inundaciones en Espa\u00f1a - Noticias\" \/>\n<meta property=\"og:description\" content=\"(CNN Espa\u00f1ol) &#8212; Anna sali\u00f3 de su casa en Albal poco antes de las 6 de la tarde del martes 29 de octubre para ir a Valencia a una cita m\u00e9dica. \u201cEn ese momento no estaba lloviendo\u201d, recordaba este viernes en una entrevista telef\u00f3nica con CNN. Esta ingeniera hac\u00eda un trayecto que normalmente toma una [&hellip;]\" \/>\n<meta property=\"og:url\" content=\"https:\/\/noticiasya.com\/2024\/11\/01\/inundaciones-espana-testimonio-valenciana-varada-orix\/\" \/>\n<meta property=\"og:site_name\" content=\"Noticias\" \/>\n<meta property=\"article:published_time\" content=\"2024-11-01T23:03:43+00:00\" \/>\n<meta name=\"twitter:card\" content=\"summary_large_image\" \/>\n<meta name=\"twitter:label1\" content=\"Est. reading time\" \/>\n\t<meta name=\"twitter:data1\" content=\"4 minutos\" \/>\n<script type=\"application\/ld+json\" class=\"yoast-schema-graph\">{\"@context\":\"https:\/\/schema.org\",\"@graph\":[{\"@type\":\"Article\",\"@id\":\"https:\/\/noticiasya.com\/2024\/11\/01\/inundaciones-espana-testimonio-valenciana-varada-orix\/#article\",\"isPartOf\":{\"@id\":\"https:\/\/noticiasya.com\/2024\/11\/01\/inundaciones-espana-testimonio-valenciana-varada-orix\/\"},\"author\":{\"name\":\"\",\"@id\":\"\"},\"headline\":\"\u201cSe podr\u00eda haber evitado\u201d, el testimonio de una valenciana varada en medio de las inundaciones en Espa\u00f1a\",\"datePublished\":\"2024-11-01T23:03:43+00:00\",\"mainEntityOfPage\":{\"@id\":\"https:\/\/noticiasya.com\/2024\/11\/01\/inundaciones-espana-testimonio-valenciana-varada-orix\/\"},\"wordCount\":885,\"commentCount\":0,\"publisher\":{\"@id\":\"https:\/\/noticiasya.com\/#organization\"},\"articleSection\":[\"Noticias Nacionales\"],\"inLanguage\":\"es\",\"potentialAction\":[{\"@type\":\"CommentAction\",\"name\":\"Comment\",\"target\":[\"https:\/\/noticiasya.com\/2024\/11\/01\/inundaciones-espana-testimonio-valenciana-varada-orix\/#respond\"]}]},{\"@type\":\"WebPage\",\"@id\":\"https:\/\/noticiasya.com\/2024\/11\/01\/inundaciones-espana-testimonio-valenciana-varada-orix\/\",\"url\":\"https:\/\/noticiasya.com\/2024\/11\/01\/inundaciones-espana-testimonio-valenciana-varada-orix\/\",\"name\":\"\u201cSe podr\u00eda haber evitado\u201d, el testimonio de una valenciana varada en medio de las inundaciones en Espa\u00f1a - Noticias\",\"isPartOf\":{\"@id\":\"https:\/\/noticiasya.com\/#website\"},\"datePublished\":\"2024-11-01T23:03:43+00:00\",\"breadcrumb\":{\"@id\":\"https:\/\/noticiasya.com\/2024\/11\/01\/inundaciones-espana-testimonio-valenciana-varada-orix\/#breadcrumb\"},\"inLanguage\":\"es\",\"potentialAction\":[{\"@type\":\"ReadAction\",\"target\":[\"https:\/\/noticiasya.com\/2024\/11\/01\/inundaciones-espana-testimonio-valenciana-varada-orix\/\"]}]},{\"@type\":\"BreadcrumbList\",\"@id\":\"https:\/\/noticiasya.com\/2024\/11\/01\/inundaciones-espana-testimonio-valenciana-varada-orix\/#breadcrumb\",\"itemListElement\":[{\"@type\":\"ListItem\",\"position\":1,\"name\":\"Home\",\"item\":\"https:\/\/noticiasya.com\/\"},{\"@type\":\"ListItem\",\"position\":2,\"name\":\"\u201cSe podr\u00eda haber evitado\u201d, el testimonio de una valenciana varada en medio de las inundaciones en Espa\u00f1a\"}]},{\"@type\":\"WebSite\",\"@id\":\"https:\/\/noticiasya.com\/#website\",\"url\":\"https:\/\/noticiasya.com\/\",\"name\":\"Noticias\",\"description\":\"Lo que importa\",\"publisher\":{\"@id\":\"https:\/\/noticiasya.com\/#organization\"},\"potentialAction\":[{\"@type\":\"SearchAction\",\"target\":{\"@type\":\"EntryPoint\",\"urlTemplate\":\"https:\/\/noticiasya.com\/?s={search_term_string}\"},\"query-input\":{\"@type\":\"PropertyValueSpecification\",\"valueRequired\":true,\"valueName\":\"search_term_string\"}}],\"inLanguage\":\"es\"},{\"@type\":\"Organization\",\"@id\":\"https:\/\/noticiasya.com\/#organization\",\"name\":\"Noticias\",\"url\":\"https:\/\/noticiasya.com\/\",\"logo\":{\"@type\":\"ImageObject\",\"inLanguage\":\"es\",\"@id\":\"https:\/\/noticiasya.com\/#\/schema\/logo\/image\/\",\"url\":\"https:\/\/noticiasya.com\/wp-content\/uploads\/sites\/22\/2023\/12\/logo-nacional.png\",\"contentUrl\":\"https:\/\/noticiasya.com\/wp-content\/uploads\/sites\/22\/2023\/12\/logo-nacional.png\",\"width\":1801,\"height\":691,\"caption\":\"Noticias\"},\"image\":{\"@id\":\"https:\/\/noticiasya.com\/#\/schema\/logo\/image\/\"}}]}<\/script>\n<!-- \/ Yoast SEO plugin. -->","yoast_head_json":{"title":"\u201cSe podr\u00eda haber evitado\u201d, el testimonio de una valenciana varada en medio de las inundaciones en Espa\u00f1a - Noticias","robots":{"index":"index","follow":"follow","max-snippet":"max-snippet:-1","max-image-preview":"max-image-preview:large","max-video-preview":"max-video-preview:-1"},"canonical":"https:\/\/noticiasya.com\/2024\/11\/01\/inundaciones-espana-testimonio-valenciana-varada-orix\/","og_locale":"es_ES","og_type":"article","og_title":"\u201cSe podr\u00eda haber evitado\u201d, el testimonio de una valenciana varada en medio de las inundaciones en Espa\u00f1a - Noticias","og_description":"(CNN Espa\u00f1ol) &#8212; Anna sali\u00f3 de su casa en Albal poco antes de las 6 de la tarde del martes 29 de octubre para ir a Valencia a una cita m\u00e9dica. \u201cEn ese momento no estaba lloviendo\u201d, recordaba este viernes en una entrevista telef\u00f3nica con CNN. Esta ingeniera hac\u00eda un trayecto que normalmente toma una [&hellip;]","og_url":"https:\/\/noticiasya.com\/2024\/11\/01\/inundaciones-espana-testimonio-valenciana-varada-orix\/","og_site_name":"Noticias","article_published_time":"2024-11-01T23:03:43+00:00","twitter_card":"summary_large_image","twitter_misc":{"Est. reading time":"4 minutos"},"schema":{"@context":"https:\/\/schema.org","@graph":[{"@type":"Article","@id":"https:\/\/noticiasya.com\/2024\/11\/01\/inundaciones-espana-testimonio-valenciana-varada-orix\/#article","isPartOf":{"@id":"https:\/\/noticiasya.com\/2024\/11\/01\/inundaciones-espana-testimonio-valenciana-varada-orix\/"},"author":{"name":"","@id":""},"headline":"\u201cSe podr\u00eda haber evitado\u201d, el testimonio de una valenciana varada en medio de las inundaciones en Espa\u00f1a","datePublished":"2024-11-01T23:03:43+00:00","mainEntityOfPage":{"@id":"https:\/\/noticiasya.com\/2024\/11\/01\/inundaciones-espana-testimonio-valenciana-varada-orix\/"},"wordCount":885,"commentCount":0,"publisher":{"@id":"https:\/\/noticiasya.com\/#organization"},"articleSection":["Noticias Nacionales"],"inLanguage":"es","potentialAction":[{"@type":"CommentAction","name":"Comment","target":["https:\/\/noticiasya.com\/2024\/11\/01\/inundaciones-espana-testimonio-valenciana-varada-orix\/#respond"]}]},{"@type":"WebPage","@id":"https:\/\/noticiasya.com\/2024\/11\/01\/inundaciones-espana-testimonio-valenciana-varada-orix\/","url":"https:\/\/noticiasya.com\/2024\/11\/01\/inundaciones-espana-testimonio-valenciana-varada-orix\/","name":"\u201cSe podr\u00eda haber evitado\u201d, el testimonio de una valenciana varada en medio de las inundaciones en Espa\u00f1a - Noticias","isPartOf":{"@id":"https:\/\/noticiasya.com\/#website"},"datePublished":"2024-11-01T23:03:43+00:00","breadcrumb":{"@id":"https:\/\/noticiasya.com\/2024\/11\/01\/inundaciones-espana-testimonio-valenciana-varada-orix\/#breadcrumb"},"inLanguage":"es","potentialAction":[{"@type":"ReadAction","target":["https:\/\/noticiasya.com\/2024\/11\/01\/inundaciones-espana-testimonio-valenciana-varada-orix\/"]}]},{"@type":"BreadcrumbList","@id":"https:\/\/noticiasya.com\/2024\/11\/01\/inundaciones-espana-testimonio-valenciana-varada-orix\/#breadcrumb","itemListElement":[{"@type":"ListItem","position":1,"name":"Home","item":"https:\/\/noticiasya.com\/"},{"@type":"ListItem","position":2,"name":"\u201cSe podr\u00eda haber evitado\u201d, el testimonio de una valenciana varada en medio de las inundaciones en Espa\u00f1a"}]},{"@type":"WebSite","@id":"https:\/\/noticiasya.com\/#website","url":"https:\/\/noticiasya.com\/","name":"Noticias","description":"Lo que importa","publisher":{"@id":"https:\/\/noticiasya.com\/#organization"},"potentialAction":[{"@type":"SearchAction","target":{"@type":"EntryPoint","urlTemplate":"https:\/\/noticiasya.com\/?s={search_term_string}"},"query-input":{"@type":"PropertyValueSpecification","valueRequired":true,"valueName":"search_term_string"}}],"inLanguage":"es"},{"@type":"Organization","@id":"https:\/\/noticiasya.com\/#organization","name":"Noticias","url":"https:\/\/noticiasya.com\/","logo":{"@type":"ImageObject","inLanguage":"es","@id":"https:\/\/noticiasya.com\/#\/schema\/logo\/image\/","url":"https:\/\/noticiasya.com\/wp-content\/uploads\/sites\/22\/2023\/12\/logo-nacional.png","contentUrl":"https:\/\/noticiasya.com\/wp-content\/uploads\/sites\/22\/2023\/12\/logo-nacional.png","width":1801,"height":691,"caption":"Noticias"},"image":{"@id":"https:\/\/noticiasya.com\/#\/schema\/logo\/image\/"}}]}},"parsely":{"version":"1.1.0","canonical_url":"https:\/\/noticiasya.com\/midland-odessa\/2024\/11\/01\/inundaciones-espana-testimonio-valenciana-varada-orix\/","smart_links":{"inbound":0,"outbound":0},"traffic_boost_suggestions_count":0,"meta":{"@context":"https:\/\/schema.org","@type":"NewsArticle","headline":"\u201cSe podr\u00eda haber evitado\u201d, el testimonio de una valenciana varada en medio de las inundaciones en Espa\u00f1a","url":"http:\/\/noticiasya.com\/midland-odessa\/2024\/11\/01\/inundaciones-espana-testimonio-valenciana-varada-orix\/","mainEntityOfPage":{"@type":"WebPage","@id":"http:\/\/noticiasya.com\/midland-odessa\/2024\/11\/01\/inundaciones-espana-testimonio-valenciana-varada-orix\/"},"thumbnailUrl":"","image":{"@type":"ImageObject","url":""},"articleSection":"Noticias Nacionales","author":[],"creator":[],"publisher":{"@type":"Organization","name":"Noticias","logo":""},"keywords":[],"dateCreated":"2024-11-01T23:03:43Z","datePublished":"2024-11-01T23:03:43Z","dateModified":"2024-11-01T23:03:43Z"},"rendered":"<script type=\"application\/ld+json\" class=\"wp-parsely-metadata\">{\"@context\":\"https:\\\/\\\/schema.org\",\"@type\":\"NewsArticle\",\"headline\":\"\\u201cSe podr\\u00eda haber evitado\\u201d, el testimonio de una valenciana varada en medio de las inundaciones en Espa\\u00f1a\",\"url\":\"http:\\\/\\\/noticiasya.com\\\/midland-odessa\\\/2024\\\/11\\\/01\\\/inundaciones-espana-testimonio-valenciana-varada-orix\\\/\",\"mainEntityOfPage\":{\"@type\":\"WebPage\",\"@id\":\"http:\\\/\\\/noticiasya.com\\\/midland-odessa\\\/2024\\\/11\\\/01\\\/inundaciones-espana-testimonio-valenciana-varada-orix\\\/\"},\"thumbnailUrl\":\"\",\"image\":{\"@type\":\"ImageObject\",\"url\":\"\"},\"articleSection\":\"Noticias Nacionales\",\"author\":[],\"creator\":[],\"publisher\":{\"@type\":\"Organization\",\"name\":\"Noticias\",\"logo\":\"\"},\"keywords\":[],\"dateCreated\":\"2024-11-01T23:03:43Z\",\"datePublished\":\"2024-11-01T23:03:43Z\",\"dateModified\":\"2024-11-01T23:03:43Z\"}<\/script>","tracker_url":"https:\/\/cdn.parsely.com\/keys\/noticiasya.com\/p.js"},"jetpack_featured_media_url":"","jetpack-related-posts":[{"id":1455851,"url":"https:\/\/noticiasya.com\/midland-odessa\/2024\/11\/15\/gestion-dana-espana-valencia-mazon-responsabilidad-orix\/","url_meta":{"origin":1455512,"position":0},"title":"Tras cr\u00edticas por su gesti\u00f3n en la DANA, Maz\u00f3n traslada parte de la responsabilidad a otros organismos estatales y reforma su estructura","author":"","date":"noviembre 15, 2024","format":false,"excerpt":"(CNN Espa\u00f1ol) -- El martes 29 de octubre a las 8 de la noche, hora local, miles y miles de celulares vibraron y pitaron a la vez en la Comunidad Valenciana. Se trataba de la alerta que el Centro de Coordinaci\u00f3n de Emergencia (Cecopi) enviaba de forma masiva a la\u2026","rel":"","context":"In &quot;Noticias Nacionales&quot;","block_context":{"text":"Noticias Nacionales","link":"https:\/\/noticiasya.com\/midland-odessa\/categoria\/noticias-nacionales"},"img":{"alt_text":"","src":"","width":0,"height":0},"classes":[]},{"id":1455461,"url":"https:\/\/noticiasya.com\/midland-odessa\/2024\/10\/30\/hubo-fallos-prevision-y-alerta-dana-tragedia-espana-orix\/","url_meta":{"origin":1455512,"position":1},"title":"Los factores alrededor de la devastaci\u00f3n por la DANA &#171;sin precedentes&#187; en Espa\u00f1a: sorpresa, cambio clim\u00e1tico y el papel de los mensajes de alerta","author":"","date":"octubre 30, 2024","format":false,"excerpt":"(CNN Espa\u00f1ol) -- Varias localidades del sur y este de Espa\u00f1a fueron golpeadas con hasta 30 cm de lluvia en solo unas pocas horas el martes, en lo que marc\u00f3 la peor lluvia en Valencia en 28 a\u00f1os, seg\u00fan la Agencia Estatal de Meteorolog\u00eda, AEMET. La magnitud del fen\u00f3meno tom\u00f3\u2026","rel":"","context":"In &quot;Noticias Nacionales&quot;","block_context":{"text":"Noticias Nacionales","link":"https:\/\/noticiasya.com\/midland-odessa\/categoria\/noticias-nacionales"},"img":{"alt_text":"","src":"","width":0,"height":0},"classes":[]},{"id":1467976,"url":"https:\/\/noticiasya.com\/midland-odessa\/2025\/11\/03\/dimite-carlos-mazon-generalitat-valenciana-dana-orix\/","url_meta":{"origin":1455512,"position":2},"title":"Dimite Carlos Maz\u00f3n, presidente de la Generalitat Valenciana, presionado por la gesti\u00f3n de la DANA en 2024","author":"","date":"noviembre 3, 2025","format":false,"excerpt":"Con voz pausada y gesto grave, el presidente de la Generalitat Valenciana, Carlos Maz\u00f3n, anunci\u00f3 este lunes su dimisi\u00f3n del cargo, tras meses de presi\u00f3n por la gesti\u00f3n que su ejecutivo realiz\u00f3 de las inundaciones que segaron la vida de 229 personas el 29 de octubre de 2024, como resultado\u2026","rel":"","context":"In &quot;Noticias Nacionales&quot;","block_context":{"text":"Noticias Nacionales","link":"https:\/\/noticiasya.com\/midland-odessa\/categoria\/noticias-nacionales"},"img":{"alt_text":"","src":"","width":0,"height":0},"classes":[]},{"id":1451468,"url":"https:\/\/noticiasya.com\/midland-odessa\/2024\/07\/27\/elecciones-presidenciales-en-venezuela-abre-el-colegio-electoral-de-madrid-orix\/","url_meta":{"origin":1455512,"position":3},"title":"Elecciones presidenciales en Venezuela: abre el colegio electoral de Madrid","author":"","date":"julio 27, 2024","format":false,"excerpt":"(CNN Espa\u00f1ol) -- El Centro Cultural Fernando de los R\u00edos, lugar que el Consulado de Venezuela en Madrid ha habilitado para que los venezolanos de su circunscripci\u00f3n voten en las elecciones presidenciales, ha abierto sus puertas este domingo pasadas las seis y media de la ma\u00f1ana, hora local.Horas antes de\u2026","rel":"","context":"In &quot;Noticias Nacionales&quot;","block_context":{"text":"Noticias Nacionales","link":"https:\/\/noticiasya.com\/midland-odessa\/categoria\/noticias-nacionales"},"img":{"alt_text":"","src":"","width":0,"height":0},"classes":[]},{"id":1454945,"url":"https:\/\/noticiasya.com\/midland-odessa\/2024\/10\/04\/rey-espana-unidad-discrepancias-controversia-diplomatica-mexico-orix\/","url_meta":{"origin":1455512,"position":4},"title":"El rey de Espa\u00f1a apela a la \u201cunidad\u201d sobre las \u201cdiscrepancias\u201d en medio de la controversia diplom\u00e1tica con M\u00e9xico","author":"","date":"octubre 4, 2024","format":false,"excerpt":"(CNN Espa\u00f1ol) --\u00a0El rey Felipe VI apel\u00f3 este viernes a la \u201cunidad\u201d sobre las \u201cdiscrepancias\u201d en los pa\u00edses iberoamericanos, durante su participaci\u00f3n en la inauguraci\u00f3n del Encuentro de las Academias Iberoamericanas de la Historia en Trujillo, Espa\u00f1a. Las declaraciones del monarca se producen d\u00edas despu\u00e9s de que la nueva presidenta\u2026","rel":"","context":"In &quot;Noticias Nacionales&quot;","block_context":{"text":"Noticias Nacionales","link":"https:\/\/noticiasya.com\/midland-odessa\/categoria\/noticias-nacionales"},"img":{"alt_text":"","src":"","width":0,"height":0},"classes":[]},{"id":1450576,"url":"https:\/\/noticiasya.com\/midland-odessa\/2024\/06\/21\/milei-viaje-espana-rezagos-crisis-diplomatica-madrid-pide-respeto-orix\/","url_meta":{"origin":1455512,"position":5},"title":"Milei vuelve a Espa\u00f1a a\u00fan con los rezagos de la crisis diplom\u00e1tica; las autoridades en Madrid le piden respeto a las instituciones","author":"","date":"junio 21, 2024","format":false,"excerpt":"(CNN Espa\u00f1ol) -- Un mes despu\u00e9s de generar una crisis diplom\u00e1tica con Espa\u00f1a, el presidente de Argentina Javier Milei vuelve a Madrid en una visita privada en la que no tiene pensado reunirse con representantes del Gobierno de Pedro S\u00e1nchez. Ante su inminente visita, funcionarios en Madrid han pedido a\u2026","rel":"","context":"In &quot;Noticias Nacionales&quot;","block_context":{"text":"Noticias Nacionales","link":"https:\/\/noticiasya.com\/midland-odessa\/categoria\/noticias-nacionales"},"img":{"alt_text":"","src":"","width":0,"height":0},"classes":[]}],"jetpack_sharing_enabled":true,"_links":{"self":[{"href":"https:\/\/noticiasya.com\/midland-odessa\/wp-json\/wp\/v2\/posts\/1455512","targetHints":{"allow":["GET"]}}],"collection":[{"href":"https:\/\/noticiasya.com\/midland-odessa\/wp-json\/wp\/v2\/posts"}],"about":[{"href":"https:\/\/noticiasya.com\/midland-odessa\/wp-json\/wp\/v2\/types\/post"}],"replies":[{"embeddable":true,"href":"https:\/\/noticiasya.com\/midland-odessa\/wp-json\/wp\/v2\/comments?post=1455512"}],"version-history":[{"count":0,"href":"https:\/\/noticiasya.com\/midland-odessa\/wp-json\/wp\/v2\/posts\/1455512\/revisions"}],"wp:attachment":[{"href":"https:\/\/noticiasya.com\/midland-odessa\/wp-json\/wp\/v2\/media?parent=1455512"}],"wp:term":[{"taxonomy":"category","embeddable":true,"href":"https:\/\/noticiasya.com\/midland-odessa\/wp-json\/wp\/v2\/categories?post=1455512"},{"taxonomy":"post_tag","embeddable":true,"href":"https:\/\/noticiasya.com\/midland-odessa\/wp-json\/wp\/v2\/tags?post=1455512"}],"curies":[{"name":"wp","href":"https:\/\/api.w.org\/{rel}","templated":true}]}}