{"id":1455516,"date":"2024-11-01T20:03:47","date_gmt":"2024-11-02T03:03:47","guid":{"rendered":"https:\/\/noticiasya.com\/2024\/11\/01\/evo-morales-suspender-bloqueos-huelga-de-hambre-bolivia-orix\/"},"modified":"2024-11-01T20:03:47","modified_gmt":"2024-11-02T03:03:47","slug":"evo-morales-suspender-bloqueos-huelga-de-hambre-bolivia-orix","status":"publish","type":"post","link":"https:\/\/noticiasya.com\/midland-odessa\/2024\/11\/01\/evo-morales-suspender-bloqueos-huelga-de-hambre-bolivia-orix\/","title":{"rendered":"Evo Morales pide a sus partidarios suspender bloqueos y dice que har\u00e1 huelga de hambre para exigir di\u00e1logo con el Gobierno"},"content":{"rendered":"<p>(CNN Espa\u00f1ol) &#8212; El expresidente de Bolivia Evo Morales pidi\u00f3 a sus simpatizantes que suspendan los bloqueos que realizan desde hace casi tres semanas en varios puntos del pa\u00eds y dijo que iniciar\u00e1 una huelga de hambre para exigir al Gobierno mesas de di\u00e1logo en temas econ\u00f3micos y pol\u00edticos.<\/p>\n<p>Durante una conferencia de prensa en la localidad de Lauca \u00d1, Morales plante\u00f3 a sus partidarios hacer \u201cun cuarto intermedio\u201d con las protestas para \u2014argument\u00f3\u2014 evitar m\u00e1s hechos de violencia y afectaciones econ\u00f3micas.<\/p>\n<p>Los bloqueos comenzaron a mediados de octubre en protesta por las investigaciones judiciales en contra de Morales y de alzas en precios de combustibles y alimentos, y en ellos se han registrado enfrentamientos entre manifestantes y polic\u00edas que han dejado personas heridas y detenidas.<\/p>\n<p>El Gobierno de Bolivia denuncia que grupos armados supuestamente afines a Evo Morales tomaron instalaciones militares en Cochabamba<\/p>\n<p>En este contexto, Morales dijo en la rueda de prensa que comenzar\u00e1 una huelga de hambre para exigir al Gobierno del presidente Luis Arce dos mesas de di\u00e1logo. Una de ellas, seg\u00fan Morales, ser\u00eda para tratar medidas econ\u00f3micas; la otra, para discutir los procesos judiciales que \u2014afirm\u00f3\u2014 el Ejecutivo impulsa contra algunos l\u00edderes pol\u00edticos.<\/p>\n<p>\u201c(Hay) dirigentes injustamente detenidos, encarcelados, procesados. Donde le corresponde el proceso, que se procese, pero no por estar movilizados o por diferencias ideol\u00f3gicas\u201d, se\u00f1al\u00f3.<\/p>\n<p>CNN contact\u00f3 a la Presidencia de Bolivia para pedir comentarios sobre las declaraciones de Morales y est\u00e1 en espera de respuesta.<\/p>\n<p>La conferencia de Morales se realiz\u00f3 horas despu\u00e9s de que el Gobierno denunci\u00f3 que simpatizantes del expresidente tomaron tres instalaciones militares en el departamento de Cochabamba y mantienen \u201csecuestrados\u201d a personal militar y civil, armas y municiones.<\/p>\n<p>Tanto el presidente Arce como el Ej\u00e9rcito afirmaron en publicaciones en redes sociales que estos hechos representan actos de \u201ctraici\u00f3n a la patria\u201d que afectan al pa\u00eds.<\/p>\n<p>Arce y Morales son militantes del partido Movimiento al Socialismo (MAS) aunque sostienen una confrontaci\u00f3n abierta. Morales acusa a Arce de querer impedir que pueda postularse nuevamente en las elecciones presidenciales de 2025. Arce niega este se\u00f1alamiento y dice que es Morales quien quiere imponer su candidatura por la fuerza.<\/p>\n<p>The-CNN-Wire<br \/>&trade; &amp; &copy; 2024 Cable News Network, Inc., a Warner Bros. Discovery Company. All rights reserved.<\/p>\n","protected":false},"excerpt":{"rendered":"<p>(CNN Espa\u00f1ol) &#8212; El expresidente de Bolivia Evo Morales pidi\u00f3 a sus simpatizantes que suspendan los bloqueos que realizan desde hace casi tres semanas en varios puntos del pa\u00eds y dijo que iniciar\u00e1 una huelga de hambre para exigir al Gobierno mesas de di\u00e1logo en temas econ\u00f3micos y pol\u00edticos. Durante una conferencia de prensa en [&hellip;]<\/p>\n","protected":false},"author":0,"featured_media":0,"comment_status":"open","ping_status":"open","sticky":false,"template":"","format":"standard","meta":{"_jetpack_memberships_contains_paid_content":false,"footnotes":""},"categories":[10],"tags":[],"class_list":["post-1455516","post","type-post","status-publish","format-standard","hentry","category-noticias-nacionales","market-global"],"yoast_head":"<!-- This site is optimized with the Yoast SEO plugin v24.4 - https:\/\/yoast.com\/wordpress\/plugins\/seo\/ -->\n<title>Evo Morales pide a sus partidarios suspender bloqueos y dice que har\u00e1 huelga de hambre para exigir di\u00e1logo con el Gobierno - Noticias<\/title>\n<meta name=\"robots\" content=\"index, follow, max-snippet:-1, max-image-preview:large, max-video-preview:-1\" \/>\n<link rel=\"canonical\" href=\"https:\/\/noticiasya.com\/2024\/11\/01\/evo-morales-suspender-bloqueos-huelga-de-hambre-bolivia-orix\/\" \/>\n<meta property=\"og:locale\" content=\"es_ES\" \/>\n<meta property=\"og:type\" content=\"article\" \/>\n<meta property=\"og:title\" content=\"Evo Morales pide a sus partidarios suspender bloqueos y dice que har\u00e1 huelga de hambre para exigir di\u00e1logo con el Gobierno - Noticias\" \/>\n<meta property=\"og:description\" content=\"(CNN Espa\u00f1ol) &#8212; El expresidente de Bolivia Evo Morales pidi\u00f3 a sus simpatizantes que suspendan los bloqueos que realizan desde hace casi tres semanas en varios puntos del pa\u00eds y dijo que iniciar\u00e1 una huelga de hambre para exigir al Gobierno mesas de di\u00e1logo en temas econ\u00f3micos y pol\u00edticos. Durante una conferencia de prensa en [&hellip;]\" \/>\n<meta property=\"og:url\" content=\"https:\/\/noticiasya.com\/2024\/11\/01\/evo-morales-suspender-bloqueos-huelga-de-hambre-bolivia-orix\/\" \/>\n<meta property=\"og:site_name\" content=\"Noticias\" \/>\n<meta property=\"article:published_time\" content=\"2024-11-02T03:03:47+00:00\" \/>\n<meta name=\"twitter:card\" content=\"summary_large_image\" \/>\n<meta name=\"twitter:label1\" content=\"Est. reading time\" \/>\n\t<meta name=\"twitter:data1\" content=\"2 minutos\" \/>\n<script type=\"application\/ld+json\" class=\"yoast-schema-graph\">{\"@context\":\"https:\/\/schema.org\",\"@graph\":[{\"@type\":\"Article\",\"@id\":\"https:\/\/noticiasya.com\/2024\/11\/01\/evo-morales-suspender-bloqueos-huelga-de-hambre-bolivia-orix\/#article\",\"isPartOf\":{\"@id\":\"https:\/\/noticiasya.com\/2024\/11\/01\/evo-morales-suspender-bloqueos-huelga-de-hambre-bolivia-orix\/\"},\"author\":{\"name\":\"\",\"@id\":\"\"},\"headline\":\"Evo Morales pide a sus partidarios suspender bloqueos y dice que har\u00e1 huelga de hambre para exigir di\u00e1logo con el Gobierno\",\"datePublished\":\"2024-11-02T03:03:47+00:00\",\"mainEntityOfPage\":{\"@id\":\"https:\/\/noticiasya.com\/2024\/11\/01\/evo-morales-suspender-bloqueos-huelga-de-hambre-bolivia-orix\/\"},\"wordCount\":415,\"commentCount\":0,\"publisher\":{\"@id\":\"https:\/\/noticiasya.com\/#organization\"},\"articleSection\":[\"Noticias Nacionales\"],\"inLanguage\":\"es\",\"potentialAction\":[{\"@type\":\"CommentAction\",\"name\":\"Comment\",\"target\":[\"https:\/\/noticiasya.com\/2024\/11\/01\/evo-morales-suspender-bloqueos-huelga-de-hambre-bolivia-orix\/#respond\"]}]},{\"@type\":\"WebPage\",\"@id\":\"https:\/\/noticiasya.com\/2024\/11\/01\/evo-morales-suspender-bloqueos-huelga-de-hambre-bolivia-orix\/\",\"url\":\"https:\/\/noticiasya.com\/2024\/11\/01\/evo-morales-suspender-bloqueos-huelga-de-hambre-bolivia-orix\/\",\"name\":\"Evo Morales pide a sus partidarios suspender bloqueos y dice que har\u00e1 huelga de hambre para exigir di\u00e1logo con el Gobierno - Noticias\",\"isPartOf\":{\"@id\":\"https:\/\/noticiasya.com\/#website\"},\"datePublished\":\"2024-11-02T03:03:47+00:00\",\"breadcrumb\":{\"@id\":\"https:\/\/noticiasya.com\/2024\/11\/01\/evo-morales-suspender-bloqueos-huelga-de-hambre-bolivia-orix\/#breadcrumb\"},\"inLanguage\":\"es\",\"potentialAction\":[{\"@type\":\"ReadAction\",\"target\":[\"https:\/\/noticiasya.com\/2024\/11\/01\/evo-morales-suspender-bloqueos-huelga-de-hambre-bolivia-orix\/\"]}]},{\"@type\":\"BreadcrumbList\",\"@id\":\"https:\/\/noticiasya.com\/2024\/11\/01\/evo-morales-suspender-bloqueos-huelga-de-hambre-bolivia-orix\/#breadcrumb\",\"itemListElement\":[{\"@type\":\"ListItem\",\"position\":1,\"name\":\"Home\",\"item\":\"https:\/\/noticiasya.com\/\"},{\"@type\":\"ListItem\",\"position\":2,\"name\":\"Evo Morales pide a sus partidarios suspender bloqueos y dice que har\u00e1 huelga de hambre para exigir di\u00e1logo con el Gobierno\"}]},{\"@type\":\"WebSite\",\"@id\":\"https:\/\/noticiasya.com\/#website\",\"url\":\"https:\/\/noticiasya.com\/\",\"name\":\"Noticias\",\"description\":\"Lo que importa\",\"publisher\":{\"@id\":\"https:\/\/noticiasya.com\/#organization\"},\"potentialAction\":[{\"@type\":\"SearchAction\",\"target\":{\"@type\":\"EntryPoint\",\"urlTemplate\":\"https:\/\/noticiasya.com\/?s={search_term_string}\"},\"query-input\":{\"@type\":\"PropertyValueSpecification\",\"valueRequired\":true,\"valueName\":\"search_term_string\"}}],\"inLanguage\":\"es\"},{\"@type\":\"Organization\",\"@id\":\"https:\/\/noticiasya.com\/#organization\",\"name\":\"Noticias\",\"url\":\"https:\/\/noticiasya.com\/\",\"logo\":{\"@type\":\"ImageObject\",\"inLanguage\":\"es\",\"@id\":\"https:\/\/noticiasya.com\/#\/schema\/logo\/image\/\",\"url\":\"https:\/\/noticiasya.com\/wp-content\/uploads\/sites\/22\/2023\/12\/logo-nacional.png\",\"contentUrl\":\"https:\/\/noticiasya.com\/wp-content\/uploads\/sites\/22\/2023\/12\/logo-nacional.png\",\"width\":1801,\"height\":691,\"caption\":\"Noticias\"},\"image\":{\"@id\":\"https:\/\/noticiasya.com\/#\/schema\/logo\/image\/\"}}]}<\/script>\n<!-- \/ Yoast SEO plugin. -->","yoast_head_json":{"title":"Evo Morales pide a sus partidarios suspender bloqueos y dice que har\u00e1 huelga de hambre para exigir di\u00e1logo con el Gobierno - Noticias","robots":{"index":"index","follow":"follow","max-snippet":"max-snippet:-1","max-image-preview":"max-image-preview:large","max-video-preview":"max-video-preview:-1"},"canonical":"https:\/\/noticiasya.com\/2024\/11\/01\/evo-morales-suspender-bloqueos-huelga-de-hambre-bolivia-orix\/","og_locale":"es_ES","og_type":"article","og_title":"Evo Morales pide a sus partidarios suspender bloqueos y dice que har\u00e1 huelga de hambre para exigir di\u00e1logo con el Gobierno - Noticias","og_description":"(CNN Espa\u00f1ol) &#8212; El expresidente de Bolivia Evo Morales pidi\u00f3 a sus simpatizantes que suspendan los bloqueos que realizan desde hace casi tres semanas en varios puntos del pa\u00eds y dijo que iniciar\u00e1 una huelga de hambre para exigir al Gobierno mesas de di\u00e1logo en temas econ\u00f3micos y pol\u00edticos. Durante una conferencia de prensa en [&hellip;]","og_url":"https:\/\/noticiasya.com\/2024\/11\/01\/evo-morales-suspender-bloqueos-huelga-de-hambre-bolivia-orix\/","og_site_name":"Noticias","article_published_time":"2024-11-02T03:03:47+00:00","twitter_card":"summary_large_image","twitter_misc":{"Est. reading time":"2 minutos"},"schema":{"@context":"https:\/\/schema.org","@graph":[{"@type":"Article","@id":"https:\/\/noticiasya.com\/2024\/11\/01\/evo-morales-suspender-bloqueos-huelga-de-hambre-bolivia-orix\/#article","isPartOf":{"@id":"https:\/\/noticiasya.com\/2024\/11\/01\/evo-morales-suspender-bloqueos-huelga-de-hambre-bolivia-orix\/"},"author":{"name":"","@id":""},"headline":"Evo Morales pide a sus partidarios suspender bloqueos y dice que har\u00e1 huelga de hambre para exigir di\u00e1logo con el Gobierno","datePublished":"2024-11-02T03:03:47+00:00","mainEntityOfPage":{"@id":"https:\/\/noticiasya.com\/2024\/11\/01\/evo-morales-suspender-bloqueos-huelga-de-hambre-bolivia-orix\/"},"wordCount":415,"commentCount":0,"publisher":{"@id":"https:\/\/noticiasya.com\/#organization"},"articleSection":["Noticias Nacionales"],"inLanguage":"es","potentialAction":[{"@type":"CommentAction","name":"Comment","target":["https:\/\/noticiasya.com\/2024\/11\/01\/evo-morales-suspender-bloqueos-huelga-de-hambre-bolivia-orix\/#respond"]}]},{"@type":"WebPage","@id":"https:\/\/noticiasya.com\/2024\/11\/01\/evo-morales-suspender-bloqueos-huelga-de-hambre-bolivia-orix\/","url":"https:\/\/noticiasya.com\/2024\/11\/01\/evo-morales-suspender-bloqueos-huelga-de-hambre-bolivia-orix\/","name":"Evo Morales pide a sus partidarios suspender bloqueos y dice que har\u00e1 huelga de hambre para exigir di\u00e1logo con el Gobierno - Noticias","isPartOf":{"@id":"https:\/\/noticiasya.com\/#website"},"datePublished":"2024-11-02T03:03:47+00:00","breadcrumb":{"@id":"https:\/\/noticiasya.com\/2024\/11\/01\/evo-morales-suspender-bloqueos-huelga-de-hambre-bolivia-orix\/#breadcrumb"},"inLanguage":"es","potentialAction":[{"@type":"ReadAction","target":["https:\/\/noticiasya.com\/2024\/11\/01\/evo-morales-suspender-bloqueos-huelga-de-hambre-bolivia-orix\/"]}]},{"@type":"BreadcrumbList","@id":"https:\/\/noticiasya.com\/2024\/11\/01\/evo-morales-suspender-bloqueos-huelga-de-hambre-bolivia-orix\/#breadcrumb","itemListElement":[{"@type":"ListItem","position":1,"name":"Home","item":"https:\/\/noticiasya.com\/"},{"@type":"ListItem","position":2,"name":"Evo Morales pide a sus partidarios suspender bloqueos y dice que har\u00e1 huelga de hambre para exigir di\u00e1logo con el Gobierno"}]},{"@type":"WebSite","@id":"https:\/\/noticiasya.com\/#website","url":"https:\/\/noticiasya.com\/","name":"Noticias","description":"Lo que importa","publisher":{"@id":"https:\/\/noticiasya.com\/#organization"},"potentialAction":[{"@type":"SearchAction","target":{"@type":"EntryPoint","urlTemplate":"https:\/\/noticiasya.com\/?s={search_term_string}"},"query-input":{"@type":"PropertyValueSpecification","valueRequired":true,"valueName":"search_term_string"}}],"inLanguage":"es"},{"@type":"Organization","@id":"https:\/\/noticiasya.com\/#organization","name":"Noticias","url":"https:\/\/noticiasya.com\/","logo":{"@type":"ImageObject","inLanguage":"es","@id":"https:\/\/noticiasya.com\/#\/schema\/logo\/image\/","url":"https:\/\/noticiasya.com\/wp-content\/uploads\/sites\/22\/2023\/12\/logo-nacional.png","contentUrl":"https:\/\/noticiasya.com\/wp-content\/uploads\/sites\/22\/2023\/12\/logo-nacional.png","width":1801,"height":691,"caption":"Noticias"},"image":{"@id":"https:\/\/noticiasya.com\/#\/schema\/logo\/image\/"}}]}},"parsely":{"version":"1.1.0","canonical_url":"https:\/\/noticiasya.com\/midland-odessa\/2024\/11\/01\/evo-morales-suspender-bloqueos-huelga-de-hambre-bolivia-orix\/","smart_links":{"inbound":0,"outbound":0},"traffic_boost_suggestions_count":0,"meta":{"@context":"https:\/\/schema.org","@type":"NewsArticle","headline":"Evo Morales pide a sus partidarios suspender bloqueos y dice que har\u00e1 huelga de hambre para exigir di\u00e1logo con el Gobierno","url":"http:\/\/noticiasya.com\/midland-odessa\/2024\/11\/01\/evo-morales-suspender-bloqueos-huelga-de-hambre-bolivia-orix\/","mainEntityOfPage":{"@type":"WebPage","@id":"http:\/\/noticiasya.com\/midland-odessa\/2024\/11\/01\/evo-morales-suspender-bloqueos-huelga-de-hambre-bolivia-orix\/"},"thumbnailUrl":"","image":{"@type":"ImageObject","url":""},"articleSection":"Noticias Nacionales","author":[],"creator":[],"publisher":{"@type":"Organization","name":"Noticias","logo":""},"keywords":[],"dateCreated":"2024-11-02T03:03:47Z","datePublished":"2024-11-02T03:03:47Z","dateModified":"2024-11-02T03:03:47Z"},"rendered":"<script type=\"application\/ld+json\" class=\"wp-parsely-metadata\">{\"@context\":\"https:\\\/\\\/schema.org\",\"@type\":\"NewsArticle\",\"headline\":\"Evo Morales pide a sus partidarios suspender bloqueos y dice que har\\u00e1 huelga de hambre para exigir di\\u00e1logo con el Gobierno\",\"url\":\"http:\\\/\\\/noticiasya.com\\\/midland-odessa\\\/2024\\\/11\\\/01\\\/evo-morales-suspender-bloqueos-huelga-de-hambre-bolivia-orix\\\/\",\"mainEntityOfPage\":{\"@type\":\"WebPage\",\"@id\":\"http:\\\/\\\/noticiasya.com\\\/midland-odessa\\\/2024\\\/11\\\/01\\\/evo-morales-suspender-bloqueos-huelga-de-hambre-bolivia-orix\\\/\"},\"thumbnailUrl\":\"\",\"image\":{\"@type\":\"ImageObject\",\"url\":\"\"},\"articleSection\":\"Noticias Nacionales\",\"author\":[],\"creator\":[],\"publisher\":{\"@type\":\"Organization\",\"name\":\"Noticias\",\"logo\":\"\"},\"keywords\":[],\"dateCreated\":\"2024-11-02T03:03:47Z\",\"datePublished\":\"2024-11-02T03:03:47Z\",\"dateModified\":\"2024-11-02T03:03:47Z\"}<\/script>","tracker_url":"https:\/\/cdn.parsely.com\/keys\/noticiasya.com\/p.js"},"jetpack_featured_media_url":"","jetpack-related-posts":[{"id":1463507,"url":"https:\/\/noticiasya.com\/midland-odessa\/2025\/06\/12\/muertos-enfrentamientos-fuerzas-seguridad-evo-morales-orix\/","url_meta":{"origin":1455516,"position":0},"title":"Sube a 5 la cifra de muertos en enfrentamientos entre fuerzas de seguridad y simpatizantes de Evo Morales, dice el Gobierno","author":"","date":"junio 12, 2025","format":false,"excerpt":"El n\u00famero de personas fallecidas en los enfrentamientos entre fuerzas de seguridad de Bolivia y simpatizantes del expresidente Evo Morales subi\u00f3 este jueves a cinco, inform\u00f3 el ministro de Gobierno del pa\u00eds sudamericano, Roberto R\u00edos.R\u00edos explic\u00f3 que el mi\u00e9rcoles termin\u00f3 con un saldo de tres muertos, todos ellos polic\u00edas fallecidos,\u2026","rel":"","context":"In &quot;Noticias Nacionales&quot;","block_context":{"text":"Noticias Nacionales","link":"https:\/\/noticiasya.com\/midland-odessa\/categoria\/noticias-nacionales"},"img":{"alt_text":"","src":"","width":0,"height":0},"classes":[]},{"id":1463720,"url":"https:\/\/noticiasya.com\/midland-odessa\/2025\/06\/18\/investigan-dirigentes-movimiento-evo-morales-violencia-protestas-orix\/","url_meta":{"origin":1455516,"position":1},"title":"Investigan a unos 40 dirigentes del movimiento de Evo Morales por su presunta relaci\u00f3n con actos de violencia en protestas","author":"","date":"junio 18, 2025","format":false,"excerpt":"Unos 40 dirigentes del movimiento encabezado por el expresidente de Bolivia Evo Morales son investigados por las autoridades por su presunta relaci\u00f3n con actos de violencia cometidos la semana pasada en diversas protestas, dijo este mi\u00e9rcoles el ministro de Gobierno, Roberto R\u00edos.En declaraciones a periodistas, el funcionario se\u00f1al\u00f3 \u2014sin dar\u2026","rel":"","context":"In &quot;Noticias Nacionales&quot;","block_context":{"text":"Noticias Nacionales","link":"https:\/\/noticiasya.com\/midland-odessa\/categoria\/noticias-nacionales"},"img":{"alt_text":"","src":"","width":0,"height":0},"classes":[]},{"id":1455688,"url":"https:\/\/noticiasya.com\/midland-odessa\/2024\/11\/08\/fallo-tcp-bolivia-cierra-camino-reeleccion-evo-morales-orix\/","url_meta":{"origin":1455516,"position":2},"title":"Fallo del Tribunal Constitucional de Bolivia cierra el camino a una nueva reelecci\u00f3n de Evo Morales","author":"","date":"noviembre 8, 2024","format":false,"excerpt":"(CNN Espa\u00f1ol) --\u00a0El Tribunal Constitucional Plurinacional de Bolivia (TCP) ratific\u00f3 que un funcionario no puede buscar una segunda reelecci\u00f3n en el pa\u00eds, ya sea que haya ostentado el cargo de forma consecutiva o discontinua, lo que cierra el camino a que el exmandatario Evo Morales pueda postularse a las elecciones\u2026","rel":"","context":"In &quot;Noticias Nacionales&quot;","block_context":{"text":"Noticias Nacionales","link":"https:\/\/noticiasya.com\/midland-odessa\/categoria\/noticias-nacionales"},"img":{"alt_text":"","src":"","width":0,"height":0},"classes":[]},{"id":1463465,"url":"https:\/\/noticiasya.com\/midland-odessa\/2025\/06\/11\/policias-mueren-enfrentamientos-simpatizantes-evo-morales-orix\/","url_meta":{"origin":1455516,"position":3},"title":"Dos polic\u00edas mueren en enfrentamientos con simpatizantes del expresidente Evo Morales, reporta el Gobierno de Bolivia","author":"","date":"junio 11, 2025","format":false,"excerpt":"Dos polic\u00edas de Bolivia murieron este mi\u00e9rcoles en enfrentamientos con simpatizantes del expresidente Evo Morales en el municipio de Llallagua, departamento de Potos\u00ed, inform\u00f3 el ministro de Gobierno, Roberto R\u00edos.El funcionario dijo en un mensaje en su cuenta de Facebook que las autoridades trabajan para detener a los responsables de\u2026","rel":"","context":"In &quot;Noticias Nacionales&quot;","block_context":{"text":"Noticias Nacionales","link":"https:\/\/noticiasya.com\/midland-odessa\/categoria\/noticias-nacionales"},"img":{"alt_text":"","src":"","width":0,"height":0},"classes":[]},{"id":1463253,"url":"https:\/\/noticiasya.com\/midland-odessa\/2025\/06\/05\/tribunal-bolivia-cancela-legal-partido-candidatura-evo-morales-orix\/","url_meta":{"origin":1455516,"position":4},"title":"El tribunal de Bolivia cancela personer\u00eda legal de partido que apoyaba candidatura de Evo Morales","author":"","date":"junio 5, 2025","format":false,"excerpt":"El Tribunal Constitucional Plurinacional de Bolivia (TCP) cancel\u00f3 este jueves la personer\u00eda jur\u00eddica del Partido Acci\u00f3n Nacional Boliviano (PAN-Bol), la fuerza pol\u00edtica que buscaba registrar al expresidente Evo Morales como candidato presidencial en las elecciones del 17 de agosto.La resoluci\u00f3n ratifica una decisi\u00f3n previa del Tribunal Supremo Electoral (TSE), cuyo\u2026","rel":"","context":"In &quot;Noticias Nacionales&quot;","block_context":{"text":"Noticias Nacionales","link":"https:\/\/noticiasya.com\/midland-odessa\/categoria\/noticias-nacionales"},"img":{"alt_text":"","src":"","width":0,"height":0},"classes":[]},{"id":1463294,"url":"https:\/\/noticiasya.com\/midland-odessa\/2025\/06\/06\/habilitados-9-candidatos-presidenciales-bolivia-orix\/","url_meta":{"origin":1455516,"position":5},"title":"Habilitados 9 candidatos presidenciales en Bolivia y Evo Morales queda excluido, informa el Tribunal Supremo Electoral","author":"","date":"junio 6, 2025","format":false,"excerpt":"El Tribunal Supremo Electoral de Bolivia (TSE) inform\u00f3 este viernes que son nueve los candidatos presidenciales que est\u00e1n habilitados para las elecciones generales del 17 de agosto.La instituci\u00f3n present\u00f3 la lista durante una conferencia de prensa, en la que el presidente del TSE, \u00d3scar Hassenteufel, dijo que en total hay\u2026","rel":"","context":"In &quot;Noticias Nacionales&quot;","block_context":{"text":"Noticias Nacionales","link":"https:\/\/noticiasya.com\/midland-odessa\/categoria\/noticias-nacionales"},"img":{"alt_text":"","src":"","width":0,"height":0},"classes":[]}],"jetpack_sharing_enabled":true,"_links":{"self":[{"href":"https:\/\/noticiasya.com\/midland-odessa\/wp-json\/wp\/v2\/posts\/1455516","targetHints":{"allow":["GET"]}}],"collection":[{"href":"https:\/\/noticiasya.com\/midland-odessa\/wp-json\/wp\/v2\/posts"}],"about":[{"href":"https:\/\/noticiasya.com\/midland-odessa\/wp-json\/wp\/v2\/types\/post"}],"replies":[{"embeddable":true,"href":"https:\/\/noticiasya.com\/midland-odessa\/wp-json\/wp\/v2\/comments?post=1455516"}],"version-history":[{"count":0,"href":"https:\/\/noticiasya.com\/midland-odessa\/wp-json\/wp\/v2\/posts\/1455516\/revisions"}],"wp:attachment":[{"href":"https:\/\/noticiasya.com\/midland-odessa\/wp-json\/wp\/v2\/media?parent=1455516"}],"wp:term":[{"taxonomy":"category","embeddable":true,"href":"https:\/\/noticiasya.com\/midland-odessa\/wp-json\/wp\/v2\/categories?post=1455516"},{"taxonomy":"post_tag","embeddable":true,"href":"https:\/\/noticiasya.com\/midland-odessa\/wp-json\/wp\/v2\/tags?post=1455516"}],"curies":[{"name":"wp","href":"https:\/\/api.w.org\/{rel}","templated":true}]}}