{"id":1455519,"date":"2024-11-02T05:03:49","date_gmt":"2024-11-02T12:03:49","guid":{"rendered":"https:\/\/noticiasya.com\/2024\/11\/02\/analisis-que-esperar-comunidad-latina-elecciones-ee-uu\/"},"modified":"2024-11-02T05:03:49","modified_gmt":"2024-11-02T12:03:49","slug":"analisis-que-esperar-comunidad-latina-elecciones-ee-uu","status":"publish","type":"post","link":"https:\/\/noticiasya.com\/midland-odessa\/2024\/11\/02\/analisis-que-esperar-comunidad-latina-elecciones-ee-uu\/","title":{"rendered":"AN\u00c1LISIS | Qu\u00e9 puede esperar la comunidad latina de estas elecciones en EE.UU."},"content":{"rendered":"<p>(CNN Espa\u00f1ol) &#8212;\u00a0 En la recta final de una campa\u00f1a electoral virtualmente empatada \u2014as\u00ed lo indican los \u00faltimos sondeos\u2014, el llamado &#171;voto latino&#187; se ha convertido en una pieza m\u00e1s del ajedrez electoral entre Donald Trump y Kamala Harris. Por eso, la pregunta que se abre es qu\u00e9 deben esperar los miembros de esa comunidad del resultado electoral.<\/p>\n<p>Para responder a ese interrogante, lo primero es establecer que la comunidad latina o hispana en Estados Unidos est\u00e1 lejos de ser una unidad monol\u00edtica, con una \u00fanica realidad social, econ\u00f3mica, migratoria e incluso ideol\u00f3gica. Consultado por CNN sobre el tema, Pablo Alvarado, codirector de la Red Organizadora de Jornaleros de Estados Unidos, explic\u00f3 que hablar de &#171;latinos&#187; en general puede invisibilizar a los grupos m\u00e1s vulnerables.<\/p>\n<p>&#171;Los venezolanos, cubanos y mexicanos de mucho dinero que viven en Miami posiblemente no corran ning\u00fan riesgo, m\u00e1s all\u00e1 de qui\u00e9n gane las elecciones del 5 de noviembre&#187;, dijo. &#171;Pero hay muchas diferencias, y en el caso de los m\u00e1s vulnerables, debo decir que nosotros estamos prepar\u00e1ndonos para lo peor, y eso es la llegada de Donald Trump a la Casa Blanca&#187;.<\/p>\n<p>Jennifer Lopez, en campa\u00f1a con Kamala Harris, dijo que &#171;todos los latinos&#187; en EE.UU. se sintieron ofendidos por el mitin de Trump<\/p>\n<p>En efecto, en las \u00faltimas semanas han sido noticia varias declaraciones insultantes, racistas y xen\u00f3fobas contra los latinos por parte de Donald Trump y de su entorno. La \u00faltima ocurri\u00f3 el domingo en Nueva York, un evento en el que Trump dijo que era un &#171;honor participar&#187; y en la que un comediante describi\u00f3 a Puerto Rico como una &#171;isla flotante de basura&#187;.<\/p>\n<p>Partidarios de Kamala Harris colocan carteles en vecindarios latinos en el norte de Filadelfia, Pensilvania. (Foto de Andrew Lichtenstein\/Corbis v\u00eda Getty Images)<\/p>\n<p>Aunque su equipo de campa\u00f1a ha negado que esos comentarios reflejen las opiniones de Trump y el expresidente haya dicho que &#171;ning\u00fan presidente hizo m\u00e1s por Puerto Rico&#187; que \u00e9l, los dichos generaron una ola de indignaci\u00f3n en la recta final de la campa\u00f1a. Pero es posible que el verdadero motivo sea que la frase no se pronunci\u00f3 en el vac\u00edo.<\/p>\n<p>El contexto es que Trump posee un historial de dichos racistas y xen\u00f3fobos sobre inmigrantes provenientes de Am\u00e9rica Latina. Entre ellos, la resonada acusaci\u00f3n falsa contra los migrantes haitianos de estar comi\u00e9ndose a las mascotas de los habitantes de Springfield, Ohio; la criminalizaci\u00f3n de los venezolanos; y los dichos despectivos contra mexicanos y contra el uso del idioma espa\u00f1ol en EE.UU.<\/p>\n<p>Un centro de votaci\u00f3n con indicaciones en ingl\u00e9s y en espa\u00f1ol en Miami Beach.<\/p>\n<p>El trasfondo de estas afirmaciones, seg\u00fan aseguran varios analistas, es un intento por parte del republicano para que el principal eje de campa\u00f1a sea avivar los temores contra la inmigraci\u00f3n e impulsar sus propuestas de pol\u00edtica migratoria de l\u00ednea dura, incluida su promesa de deportaciones masivas.<\/p>\n<p>&#171;Nos preparamos para la construcci\u00f3n de nuevos centros de detenci\u00f3n y la deportaci\u00f3n de inmigrantes m\u00e1s grande de la historia&#187;, dijo Alvarado, aunque advirti\u00f3: &#171;S\u00f3lo con la descripci\u00f3n de Trump sobre nosotros ya ha hecho un da\u00f1o enorme. Su lenguaje, la idea de que estamos envenenando la sangre de Estados Unidos, que somos violadores, que somos delincuentes, que venimos de los hospitales de salud mental de nuestros pa\u00edses; todo eso tiene un efecto a\u00fan si Trump es derrotado el 5 de noviembre. Y ese efecto consiste en que se vulneren a\u00fan m\u00e1s nuestros derechos, para que un d\u00eda un patr\u00f3n venga y nos diga que no nos va a pagar por nuestro trabajo porque somos animales y no tenemos derecho de estar aqu\u00ed&#187;.<\/p>\n<p>Un estudio publicado esta semana, liderado por la Universidad de California en Los \u00c1ngeles, ha analizado los efectos que una deportaci\u00f3n masiva como la que propone Trump podr\u00eda causar en las econom\u00edas de M\u00e9xico y EE.UU. Seg\u00fan esa investigaci\u00f3n, Estados Unidos sufrir\u00eda una ca\u00edda del PIB real del 4% si se deportaran m\u00e1s de 8 millones de trabajadores, mientras que M\u00e9xico experimentar\u00eda un descenso del 16,3% del PIB para 2028. Ra\u00fal Hinojosa, investigador principal de dicho estudio, dijo a CNN que las consecuencias de ese plan ser\u00edan &#171;devastadoras&#187; y representar\u00edan &#171;un ataque frontal&#187; contra los latinos en EE.UU.<\/p>\n<p>Remera de los seguidores latinos del expresidente Donald Trump (Cr\u00e9dito: getty images)<\/p>\n<p>Hinojosa, profesor de la Universidad de California en Los \u00c1ngeles, cree en consecuencia que la gran mayor\u00eda de los latinos va a seguir apoyando a los dem\u00f3cratas. \u201cHubo un grupo de votantes latinos, principalmente hombres j\u00f3venes, con bajo nivel educativo (igual que sucedi\u00f3 entre los afroamericanos y entre los blancos) que se volcaron al apoyo a Trump, pero eso no es un elemento distintivo de los latinos, sino que se trata de hombres j\u00f3venes con esas caracter\u00edsticas\u201d, aclar\u00f3 sobre la composici\u00f3n del voto.<\/p>\n<p>Por el lado dem\u00f3crata, sin embargo, el tema migratorio ha sido mencionado de forma m\u00e1s lateral y es utilizado por Kamala Harris para diferenciarse de su rival, m\u00e1s que como una pol\u00edtica afirmativa. Uno de los aspectos clave de esa diferenciaci\u00f3n es la posibilidad de que exista una v\u00eda real para acceder a la ciudadan\u00eda para aquellos que se ganen ese derecho.<\/p>\n<p>Un estudio reciente del Pew Research Center sobre las preferencias de los votantes de cara a las elecciones estableci\u00f3 que tanto los simpatizantes de Trump con los de Harris comparten una serie de puntos en materia de inmigraci\u00f3n, puntualmente en relaci\u00f3n con la necesidad de mejorar la seguridad fronteriza y en relaci\u00f3n con admitir m\u00e1s inmigrantes cualificados.<\/p>\n<p>En ese contexto, la vicepresidenta ha hecho una serie de movimientos claros, que tuvieron el objetivo de achicar la ventaja de Trump en esta materia. Es que, seg\u00fan una encuesta de CNN realizada por SSRS y publicada a finales de octubre, un 50% de probables votantes conf\u00eda en el expresidente para manejar la inmigraci\u00f3n, mientras que un 34% conf\u00eda en Harris para ello.<\/p>\n<p>El 27 de septiembre Harris viaj\u00f3 a la frontera con M\u00e9xico \u2014por primera vez como candidata presidencial\u2014 para exponer sus planes migratorios, algo que describi\u00f3 como un problema que ha languidecido durante d\u00e9cadas. En tanto, el 23 de octubre, durante el foro de CNN con la candidata presidencial dem\u00f3crata, Harris asegur\u00f3 que &#171;el sistema migratorio de Estados Unidos est\u00e1 roto y necesita ser arreglado&#187;, en alusi\u00f3n a la necesidad de un refuerzo de los controles migratorios.<\/p>\n<p>Los comentarios xen\u00f3fobos y racistas de Trump sobre mexicanos, venezolanos, haitianos y m\u00e1s<\/p>\n<p>&#171;Ambos partidos han usado la inmigraci\u00f3n para culparse mutuamente&#187;, dijo Alvarado a CNN. &#171;Sin embargo, hay una serie de programas \u2014como el Estatus de Protecci\u00f3n Temporal (TPS por sus siglas en ingl\u00e9s), que Trump derog\u00f3 y la administraci\u00f3n dem\u00f3crata restableci\u00f3\u2014 que sabemos que se mantendr\u00edan ante una victoria de Harris, con lo que es posible que, en el mejor escenario, no vayan a cambiar muchas cosas para nuestra comunidad en ese caso&#187;.<\/p>\n<p>Un centro de votaci\u00f3n en Estados Unidos.<\/p>\n<p>El TPS es un beneficio migratorio temporal para las personas de ciertas nacionalidades que no pueden regresar a sus pa\u00edses de origen de forma segura, ya sea por un conflicto armado, un desastre natural u otras condiciones extraordinarias de car\u00e1cter temporal. La administraci\u00f3n dem\u00f3crata anunci\u00f3 en junio de 2023 el restablecimiento del beneficio para originarios de El Salvador, Honduras, Nicaragua y Nepal, revirtiendo la decisi\u00f3n de Trump de acabar con las protecciones temporales para estos pa\u00edses.<\/p>\n<p>Ra\u00fal Hinojosa cree la campa\u00f1a de Harris ha hecho un c\u00e1lculo muy preciso de c\u00f3mo intervenir en esta materia: \u201cKamala Harris decidi\u00f3 no mencionar el tema de la legalizaci\u00f3n de los migrantes indocumentados, que durante campa\u00f1as dem\u00f3cratas anteriores fue una bandera importante\u201d.<\/p>\n<p>Seg\u00fan \u00e9l, la decisi\u00f3n fue abandonar un discurso afirmativo y reemplazarlo por iniciativas concretas que beneficiar\u00e1n a la comunidad latina. \u201cEs una decisi\u00f3n muy calculada, que consiste en poner el \u00e9nfasis en la clase econ\u00f3mica y no en el origen. Iniciativas como la reducci\u00f3n de US$ 50.000 en impuestos para quienes abren su peque\u00f1o negocio va a beneficiar a los latinos m\u00e1s que a cualquiera, porque son los latinos los que hoy en EE.UU. abren peque\u00f1os negocios, pero se ha decidido no mostrarla como una pol\u00edtica orientada hacia ellos\u201d. Hinojosa ofrece una serie de ejemplos similares, como el apoyo de Kamala Harris a las familias j\u00f3venes que quieren tener hijos y a quienes promete una reducci\u00f3n de impuestos por hijo. \u201cEs otro ejemplo de una iniciativa orientada a los latinos en particular, ya que son los miembros j\u00f3venes de esa comunidad quienes tienen m\u00e1s hijos\u201d.<\/p>\n<p>La pregunta sobre c\u00f3mo los miembros de esa comunidad valorar\u00e1n las iniciativas de cada candidato en campa\u00f1a quedar\u00e1 abierta, al menos hasta el pr\u00f3ximo 5 de noviembre.<\/p>\n<p>The-CNN-Wire<br \/>&trade; &amp; &copy; 2024 Cable News Network, Inc., a Warner Bros. Discovery Company. All rights reserved.<\/p>\n","protected":false},"excerpt":{"rendered":"<p>(CNN Espa\u00f1ol) &#8212;\u00a0 En la recta final de una campa\u00f1a electoral virtualmente empatada \u2014as\u00ed lo indican los \u00faltimos sondeos\u2014, el llamado &#171;voto latino&#187; se ha convertido en una pieza m\u00e1s del ajedrez electoral entre Donald Trump y Kamala Harris. Por eso, la pregunta que se abre es qu\u00e9 deben esperar los miembros de esa comunidad [&hellip;]<\/p>\n","protected":false},"author":0,"featured_media":0,"comment_status":"open","ping_status":"open","sticky":false,"template":"","format":"standard","meta":{"_jetpack_memberships_contains_paid_content":false,"footnotes":""},"categories":[10],"tags":[],"class_list":["post-1455519","post","type-post","status-publish","format-standard","hentry","category-noticias-nacionales","market-global"],"yoast_head":"<!-- This site is optimized with the Yoast SEO plugin v24.4 - https:\/\/yoast.com\/wordpress\/plugins\/seo\/ -->\n<title>AN\u00c1LISIS | Qu\u00e9 puede esperar la comunidad latina de estas elecciones en EE.UU. - Noticias<\/title>\n<meta name=\"robots\" content=\"index, follow, max-snippet:-1, max-image-preview:large, max-video-preview:-1\" \/>\n<link rel=\"canonical\" href=\"https:\/\/noticiasya.com\/2024\/11\/02\/analisis-que-esperar-comunidad-latina-elecciones-ee-uu\/\" \/>\n<meta property=\"og:locale\" content=\"es_ES\" \/>\n<meta property=\"og:type\" content=\"article\" \/>\n<meta property=\"og:title\" content=\"AN\u00c1LISIS | Qu\u00e9 puede esperar la comunidad latina de estas elecciones en EE.UU. - Noticias\" \/>\n<meta property=\"og:description\" content=\"(CNN Espa\u00f1ol) &#8212;\u00a0 En la recta final de una campa\u00f1a electoral virtualmente empatada \u2014as\u00ed lo indican los \u00faltimos sondeos\u2014, el llamado &#171;voto latino&#187; se ha convertido en una pieza m\u00e1s del ajedrez electoral entre Donald Trump y Kamala Harris. Por eso, la pregunta que se abre es qu\u00e9 deben esperar los miembros de esa comunidad [&hellip;]\" \/>\n<meta property=\"og:url\" content=\"https:\/\/noticiasya.com\/2024\/11\/02\/analisis-que-esperar-comunidad-latina-elecciones-ee-uu\/\" \/>\n<meta property=\"og:site_name\" content=\"Noticias\" \/>\n<meta property=\"article:published_time\" content=\"2024-11-02T12:03:49+00:00\" \/>\n<meta name=\"twitter:card\" content=\"summary_large_image\" \/>\n<meta name=\"twitter:label1\" content=\"Est. reading time\" \/>\n\t<meta name=\"twitter:data1\" content=\"8 minutos\" \/>\n<script type=\"application\/ld+json\" class=\"yoast-schema-graph\">{\"@context\":\"https:\/\/schema.org\",\"@graph\":[{\"@type\":\"Article\",\"@id\":\"https:\/\/noticiasya.com\/2024\/11\/02\/analisis-que-esperar-comunidad-latina-elecciones-ee-uu\/#article\",\"isPartOf\":{\"@id\":\"https:\/\/noticiasya.com\/2024\/11\/02\/analisis-que-esperar-comunidad-latina-elecciones-ee-uu\/\"},\"author\":{\"name\":\"\",\"@id\":\"\"},\"headline\":\"AN\u00c1LISIS | Qu\u00e9 puede esperar la comunidad latina de estas elecciones en EE.UU.\",\"datePublished\":\"2024-11-02T12:03:49+00:00\",\"mainEntityOfPage\":{\"@id\":\"https:\/\/noticiasya.com\/2024\/11\/02\/analisis-que-esperar-comunidad-latina-elecciones-ee-uu\/\"},\"wordCount\":1583,\"commentCount\":0,\"publisher\":{\"@id\":\"https:\/\/noticiasya.com\/#organization\"},\"articleSection\":[\"Noticias Nacionales\"],\"inLanguage\":\"es\",\"potentialAction\":[{\"@type\":\"CommentAction\",\"name\":\"Comment\",\"target\":[\"https:\/\/noticiasya.com\/2024\/11\/02\/analisis-que-esperar-comunidad-latina-elecciones-ee-uu\/#respond\"]}]},{\"@type\":\"WebPage\",\"@id\":\"https:\/\/noticiasya.com\/2024\/11\/02\/analisis-que-esperar-comunidad-latina-elecciones-ee-uu\/\",\"url\":\"https:\/\/noticiasya.com\/2024\/11\/02\/analisis-que-esperar-comunidad-latina-elecciones-ee-uu\/\",\"name\":\"AN\u00c1LISIS | Qu\u00e9 puede esperar la comunidad latina de estas elecciones en EE.UU. - Noticias\",\"isPartOf\":{\"@id\":\"https:\/\/noticiasya.com\/#website\"},\"datePublished\":\"2024-11-02T12:03:49+00:00\",\"breadcrumb\":{\"@id\":\"https:\/\/noticiasya.com\/2024\/11\/02\/analisis-que-esperar-comunidad-latina-elecciones-ee-uu\/#breadcrumb\"},\"inLanguage\":\"es\",\"potentialAction\":[{\"@type\":\"ReadAction\",\"target\":[\"https:\/\/noticiasya.com\/2024\/11\/02\/analisis-que-esperar-comunidad-latina-elecciones-ee-uu\/\"]}]},{\"@type\":\"BreadcrumbList\",\"@id\":\"https:\/\/noticiasya.com\/2024\/11\/02\/analisis-que-esperar-comunidad-latina-elecciones-ee-uu\/#breadcrumb\",\"itemListElement\":[{\"@type\":\"ListItem\",\"position\":1,\"name\":\"Home\",\"item\":\"https:\/\/noticiasya.com\/\"},{\"@type\":\"ListItem\",\"position\":2,\"name\":\"AN\u00c1LISIS | Qu\u00e9 puede esperar la comunidad latina de estas elecciones en EE.UU.\"}]},{\"@type\":\"WebSite\",\"@id\":\"https:\/\/noticiasya.com\/#website\",\"url\":\"https:\/\/noticiasya.com\/\",\"name\":\"Noticias\",\"description\":\"Lo que importa\",\"publisher\":{\"@id\":\"https:\/\/noticiasya.com\/#organization\"},\"potentialAction\":[{\"@type\":\"SearchAction\",\"target\":{\"@type\":\"EntryPoint\",\"urlTemplate\":\"https:\/\/noticiasya.com\/?s={search_term_string}\"},\"query-input\":{\"@type\":\"PropertyValueSpecification\",\"valueRequired\":true,\"valueName\":\"search_term_string\"}}],\"inLanguage\":\"es\"},{\"@type\":\"Organization\",\"@id\":\"https:\/\/noticiasya.com\/#organization\",\"name\":\"Noticias\",\"url\":\"https:\/\/noticiasya.com\/\",\"logo\":{\"@type\":\"ImageObject\",\"inLanguage\":\"es\",\"@id\":\"https:\/\/noticiasya.com\/#\/schema\/logo\/image\/\",\"url\":\"https:\/\/noticiasya.com\/wp-content\/uploads\/sites\/22\/2023\/12\/logo-nacional.png\",\"contentUrl\":\"https:\/\/noticiasya.com\/wp-content\/uploads\/sites\/22\/2023\/12\/logo-nacional.png\",\"width\":1801,\"height\":691,\"caption\":\"Noticias\"},\"image\":{\"@id\":\"https:\/\/noticiasya.com\/#\/schema\/logo\/image\/\"}}]}<\/script>\n<!-- \/ Yoast SEO plugin. -->","yoast_head_json":{"title":"AN\u00c1LISIS | Qu\u00e9 puede esperar la comunidad latina de estas elecciones en EE.UU. - Noticias","robots":{"index":"index","follow":"follow","max-snippet":"max-snippet:-1","max-image-preview":"max-image-preview:large","max-video-preview":"max-video-preview:-1"},"canonical":"https:\/\/noticiasya.com\/2024\/11\/02\/analisis-que-esperar-comunidad-latina-elecciones-ee-uu\/","og_locale":"es_ES","og_type":"article","og_title":"AN\u00c1LISIS | Qu\u00e9 puede esperar la comunidad latina de estas elecciones en EE.UU. - Noticias","og_description":"(CNN Espa\u00f1ol) &#8212;\u00a0 En la recta final de una campa\u00f1a electoral virtualmente empatada \u2014as\u00ed lo indican los \u00faltimos sondeos\u2014, el llamado &#171;voto latino&#187; se ha convertido en una pieza m\u00e1s del ajedrez electoral entre Donald Trump y Kamala Harris. Por eso, la pregunta que se abre es qu\u00e9 deben esperar los miembros de esa comunidad [&hellip;]","og_url":"https:\/\/noticiasya.com\/2024\/11\/02\/analisis-que-esperar-comunidad-latina-elecciones-ee-uu\/","og_site_name":"Noticias","article_published_time":"2024-11-02T12:03:49+00:00","twitter_card":"summary_large_image","twitter_misc":{"Est. reading time":"8 minutos"},"schema":{"@context":"https:\/\/schema.org","@graph":[{"@type":"Article","@id":"https:\/\/noticiasya.com\/2024\/11\/02\/analisis-que-esperar-comunidad-latina-elecciones-ee-uu\/#article","isPartOf":{"@id":"https:\/\/noticiasya.com\/2024\/11\/02\/analisis-que-esperar-comunidad-latina-elecciones-ee-uu\/"},"author":{"name":"","@id":""},"headline":"AN\u00c1LISIS | Qu\u00e9 puede esperar la comunidad latina de estas elecciones en EE.UU.","datePublished":"2024-11-02T12:03:49+00:00","mainEntityOfPage":{"@id":"https:\/\/noticiasya.com\/2024\/11\/02\/analisis-que-esperar-comunidad-latina-elecciones-ee-uu\/"},"wordCount":1583,"commentCount":0,"publisher":{"@id":"https:\/\/noticiasya.com\/#organization"},"articleSection":["Noticias Nacionales"],"inLanguage":"es","potentialAction":[{"@type":"CommentAction","name":"Comment","target":["https:\/\/noticiasya.com\/2024\/11\/02\/analisis-que-esperar-comunidad-latina-elecciones-ee-uu\/#respond"]}]},{"@type":"WebPage","@id":"https:\/\/noticiasya.com\/2024\/11\/02\/analisis-que-esperar-comunidad-latina-elecciones-ee-uu\/","url":"https:\/\/noticiasya.com\/2024\/11\/02\/analisis-que-esperar-comunidad-latina-elecciones-ee-uu\/","name":"AN\u00c1LISIS | Qu\u00e9 puede esperar la comunidad latina de estas elecciones en EE.UU. - Noticias","isPartOf":{"@id":"https:\/\/noticiasya.com\/#website"},"datePublished":"2024-11-02T12:03:49+00:00","breadcrumb":{"@id":"https:\/\/noticiasya.com\/2024\/11\/02\/analisis-que-esperar-comunidad-latina-elecciones-ee-uu\/#breadcrumb"},"inLanguage":"es","potentialAction":[{"@type":"ReadAction","target":["https:\/\/noticiasya.com\/2024\/11\/02\/analisis-que-esperar-comunidad-latina-elecciones-ee-uu\/"]}]},{"@type":"BreadcrumbList","@id":"https:\/\/noticiasya.com\/2024\/11\/02\/analisis-que-esperar-comunidad-latina-elecciones-ee-uu\/#breadcrumb","itemListElement":[{"@type":"ListItem","position":1,"name":"Home","item":"https:\/\/noticiasya.com\/"},{"@type":"ListItem","position":2,"name":"AN\u00c1LISIS | Qu\u00e9 puede esperar la comunidad latina de estas elecciones en EE.UU."}]},{"@type":"WebSite","@id":"https:\/\/noticiasya.com\/#website","url":"https:\/\/noticiasya.com\/","name":"Noticias","description":"Lo que importa","publisher":{"@id":"https:\/\/noticiasya.com\/#organization"},"potentialAction":[{"@type":"SearchAction","target":{"@type":"EntryPoint","urlTemplate":"https:\/\/noticiasya.com\/?s={search_term_string}"},"query-input":{"@type":"PropertyValueSpecification","valueRequired":true,"valueName":"search_term_string"}}],"inLanguage":"es"},{"@type":"Organization","@id":"https:\/\/noticiasya.com\/#organization","name":"Noticias","url":"https:\/\/noticiasya.com\/","logo":{"@type":"ImageObject","inLanguage":"es","@id":"https:\/\/noticiasya.com\/#\/schema\/logo\/image\/","url":"https:\/\/noticiasya.com\/wp-content\/uploads\/sites\/22\/2023\/12\/logo-nacional.png","contentUrl":"https:\/\/noticiasya.com\/wp-content\/uploads\/sites\/22\/2023\/12\/logo-nacional.png","width":1801,"height":691,"caption":"Noticias"},"image":{"@id":"https:\/\/noticiasya.com\/#\/schema\/logo\/image\/"}}]}},"parsely":{"version":"1.1.0","canonical_url":"https:\/\/noticiasya.com\/midland-odessa\/2024\/11\/02\/analisis-que-esperar-comunidad-latina-elecciones-ee-uu\/","smart_links":{"inbound":0,"outbound":0},"traffic_boost_suggestions_count":0,"meta":{"@context":"https:\/\/schema.org","@type":"NewsArticle","headline":"AN\u00c1LISIS | Qu\u00e9 puede esperar la comunidad latina de estas elecciones en EE.UU.","url":"http:\/\/noticiasya.com\/midland-odessa\/2024\/11\/02\/analisis-que-esperar-comunidad-latina-elecciones-ee-uu\/","mainEntityOfPage":{"@type":"WebPage","@id":"http:\/\/noticiasya.com\/midland-odessa\/2024\/11\/02\/analisis-que-esperar-comunidad-latina-elecciones-ee-uu\/"},"thumbnailUrl":"","image":{"@type":"ImageObject","url":""},"articleSection":"Noticias Nacionales","author":[],"creator":[],"publisher":{"@type":"Organization","name":"Noticias","logo":""},"keywords":[],"dateCreated":"2024-11-02T12:03:49Z","datePublished":"2024-11-02T12:03:49Z","dateModified":"2024-11-02T12:03:49Z"},"rendered":"<script type=\"application\/ld+json\" class=\"wp-parsely-metadata\">{\"@context\":\"https:\\\/\\\/schema.org\",\"@type\":\"NewsArticle\",\"headline\":\"AN\\u00c1LISIS | Qu\\u00e9 puede esperar la comunidad latina de estas elecciones en EE.UU.\",\"url\":\"http:\\\/\\\/noticiasya.com\\\/midland-odessa\\\/2024\\\/11\\\/02\\\/analisis-que-esperar-comunidad-latina-elecciones-ee-uu\\\/\",\"mainEntityOfPage\":{\"@type\":\"WebPage\",\"@id\":\"http:\\\/\\\/noticiasya.com\\\/midland-odessa\\\/2024\\\/11\\\/02\\\/analisis-que-esperar-comunidad-latina-elecciones-ee-uu\\\/\"},\"thumbnailUrl\":\"\",\"image\":{\"@type\":\"ImageObject\",\"url\":\"\"},\"articleSection\":\"Noticias Nacionales\",\"author\":[],\"creator\":[],\"publisher\":{\"@type\":\"Organization\",\"name\":\"Noticias\",\"logo\":\"\"},\"keywords\":[],\"dateCreated\":\"2024-11-02T12:03:49Z\",\"datePublished\":\"2024-11-02T12:03:49Z\",\"dateModified\":\"2024-11-02T12:03:49Z\"}<\/script>","tracker_url":"https:\/\/cdn.parsely.com\/keys\/noticiasya.com\/p.js"},"jetpack_featured_media_url":"","jetpack-related-posts":[{"id":1471522,"url":"https:\/\/noticiasya.com\/midland-odessa\/2026\/02\/21\/bad-bunny-america-latina-debate-representacion-orix\/","url_meta":{"origin":1455519,"position":0},"title":"En Am\u00e9rica latina, no todo es unidad detr\u00e1s del auge de Bad Bunny","author":"","date":"febrero 21, 2026","format":false,"excerpt":"De sus ra\u00edces latinas se declara orgulloso en espa\u00f1ol. Benito Antonio Mart\u00ednez Ocasio, m\u00e1s conocido como Bad Bunny, no oculta el sentido de pertenencia que tiene por su tierra natal, Puerto Rico, tanto en su arte como en su posicionamiento p\u00fablico.El espect\u00e1culo de medio tiempo en el Super Bowl LX,\u2026","rel":"","context":"In &quot;Noticias Nacionales&quot;","block_context":{"text":"Noticias Nacionales","link":"https:\/\/noticiasya.com\/midland-odessa\/categoria\/noticias-nacionales"},"img":{"alt_text":"","src":"","width":0,"height":0},"classes":[]},{"id":1468466,"url":"https:\/\/noticiasya.com\/midland-odessa\/2025\/11\/18\/latinos-diversidad-identidad-comunidad-hispana-orix\/","url_meta":{"origin":1455519,"position":1},"title":"M\u00e1s estadounidenses que nunca, m\u00e1s latinos que siempre: la diversidad de la inmensa comunidad hispana en EE.UU.","author":"","date":"noviembre 18, 2025","format":false,"excerpt":"Muy lejos del concepto de \u201cgigante dormido\u201d que le era atribuido, de un bloque monol\u00edtico o una estad\u00edstica fija, la comunidad latina en Estados Unidos es un r\u00edo de historias, idiomas y generaciones que crece con fuerza. Hoy, con el 20 % de la poblaci\u00f3n estadounidense, los latinos moldean el\u2026","rel":"","context":"In &quot;Noticias Nacionales&quot;","block_context":{"text":"Noticias Nacionales","link":"https:\/\/noticiasya.com\/midland-odessa\/categoria\/noticias-nacionales"},"img":{"alt_text":"","src":"","width":0,"height":0},"classes":[]},{"id":1453091,"url":"https:\/\/noticiasya.com\/midland-odessa\/2024\/09\/26\/voto-latino-influencia-elecciones-presidenciales-estados-unidos-orix\/","url_meta":{"origin":1455519,"position":2},"title":"El voto latino: la creciente influencia de los hispanos en las elecciones presidenciales de EE.UU.","author":"","date":"septiembre 26, 2024","format":false,"excerpt":"(CNN Espa\u00f1ol) \u2013\u2013 A dos meses de las elecciones presidenciales en Estados Unidos, los hispanos se mantienen como una de las fuerzas decisivas en el panorama electoral. Los votantes de ese origen no solo representan una porci\u00f3n significativa del electorado, sino que tambi\u00e9n llevan consigo una serie de preocupaciones que\u2026","rel":"","context":"In &quot;Noticias Nacionales&quot;","block_context":{"text":"Noticias Nacionales","link":"https:\/\/noticiasya.com\/midland-odessa\/categoria\/noticias-nacionales"},"img":{"alt_text":"","src":"","width":0,"height":0},"classes":[]},{"id":1469065,"url":"https:\/\/noticiasya.com\/midland-odessa\/2025\/12\/08\/5-cosas-8-diciembre-orix\/","url_meta":{"origin":1455519,"position":3},"title":"Las 5 cosas que debes saber este 8 de diciembre: Trump culpa a Maduro por los migrantes, Honduras, Lando Norris campe\u00f3n y m\u00e1s","author":"","date":"diciembre 8, 2025","format":false,"excerpt":"ICE ha detenido a decenas de miles de personas sin antecedentes penales. El apoyo de los latinos a Trump se erosiona r\u00e1pidamente. El escudo protector de Chernobyl ya no contiene la radiaci\u00f3n. Esto es lo que debes saber para comenzar el d\u00eda. Primero la verdad.Suscr\u00edbete aqu\u00ed para recibir el newsletter\u2026","rel":"","context":"In &quot;Noticias Nacionales&quot;","block_context":{"text":"Noticias Nacionales","link":"https:\/\/noticiasya.com\/midland-odessa\/categoria\/noticias-nacionales"},"img":{"alt_text":"","src":"","width":0,"height":0},"classes":[]},{"id":1450738,"url":"https:\/\/noticiasya.com\/midland-odessa\/2024\/06\/27\/trump-biden-politicas-impacto-hispanos-orix\/","url_meta":{"origin":1455519,"position":4},"title":"Las pol\u00edticas de Trump y Biden que causaron un impacto en la comunidad hispana","author":"","date":"junio 27, 2024","format":false,"excerpt":"(CNN) -- El empleo, la inflaci\u00f3n, la econom\u00eda, la salud y la delincuencia son algunos de los temas que m\u00e1s interesan a los hispanos, seg\u00fan la asociaci\u00f3n hispana UnidosUS en su m\u00e1s reciente encuesta realizada en noviembre de 2023. Sin embargo, no son preocupaciones nuevas. Cada cuatro a\u00f1os, cuando el\u2026","rel":"","context":"In &quot;Noticias Nacionales&quot;","block_context":{"text":"Noticias Nacionales","link":"https:\/\/noticiasya.com\/midland-odessa\/categoria\/noticias-nacionales"},"img":{"alt_text":"","src":"","width":0,"height":0},"classes":[]},{"id":1444335,"url":"https:\/\/noticiasya.com\/midland-odessa\/2024\/01\/23\/no-hay-un-camion-de-tacos-en-cada-esquina-pero-hay-un-restaurante-mexicano-en-casi-todos-los-condados-de-ee-uu\/","url_meta":{"origin":1455519,"position":5},"title":"No hay un cami\u00f3n de tacos en cada esquina. Pero hay un restaurante mexicano en casi todos los condados de EE.UU.","author":"","date":"enero 23, 2024","format":false,"excerpt":"(CNN) -- Mientras la nieve cubre el suelo alrededor de su cami\u00f3n de tacos verde brillante en la zona rural del este de Oregon, Amado Ju\u00e1rez da los \u00faltimos toques a un pedido.Es una labor de amor para Ju\u00e1rez, de 53 a\u00f1os, que se enorgullece de la comida que \u00e9l\u2026","rel":"","context":"In &quot;Noticias Nacionales&quot;","block_context":{"text":"Noticias Nacionales","link":"https:\/\/noticiasya.com\/midland-odessa\/categoria\/noticias-nacionales"},"img":{"alt_text":"","src":"","width":0,"height":0},"classes":[]}],"jetpack_sharing_enabled":true,"_links":{"self":[{"href":"https:\/\/noticiasya.com\/midland-odessa\/wp-json\/wp\/v2\/posts\/1455519","targetHints":{"allow":["GET"]}}],"collection":[{"href":"https:\/\/noticiasya.com\/midland-odessa\/wp-json\/wp\/v2\/posts"}],"about":[{"href":"https:\/\/noticiasya.com\/midland-odessa\/wp-json\/wp\/v2\/types\/post"}],"replies":[{"embeddable":true,"href":"https:\/\/noticiasya.com\/midland-odessa\/wp-json\/wp\/v2\/comments?post=1455519"}],"version-history":[{"count":0,"href":"https:\/\/noticiasya.com\/midland-odessa\/wp-json\/wp\/v2\/posts\/1455519\/revisions"}],"wp:attachment":[{"href":"https:\/\/noticiasya.com\/midland-odessa\/wp-json\/wp\/v2\/media?parent=1455519"}],"wp:term":[{"taxonomy":"category","embeddable":true,"href":"https:\/\/noticiasya.com\/midland-odessa\/wp-json\/wp\/v2\/categories?post=1455519"},{"taxonomy":"post_tag","embeddable":true,"href":"https:\/\/noticiasya.com\/midland-odessa\/wp-json\/wp\/v2\/tags?post=1455519"}],"curies":[{"name":"wp","href":"https:\/\/api.w.org\/{rel}","templated":true}]}}