{"id":1455539,"date":"2024-11-03T21:03:39","date_gmt":"2024-11-04T05:03:39","guid":{"rendered":"https:\/\/noticiasya.com\/2024\/11\/03\/ikea-pagara-us-6-5-millones-prisioneros-alemania-del-este-obligados-fabricar-muebles-trax\/"},"modified":"2024-11-03T21:03:39","modified_gmt":"2024-11-04T05:03:39","slug":"ikea-pagara-us-6-5-millones-prisioneros-alemania-del-este-obligados-fabricar-muebles-trax","status":"publish","type":"post","link":"https:\/\/noticiasya.com\/midland-odessa\/2024\/11\/03\/ikea-pagara-us-6-5-millones-prisioneros-alemania-del-este-obligados-fabricar-muebles-trax\/","title":{"rendered":"IKEA pagar\u00e1 US$ 6.5 millones a los prisioneros de Alemania del Este obligados a fabricar sus muebles en una medida hist\u00f3rica"},"content":{"rendered":"<p>(CNN) &#8212; El gigante del mobiliario IKEA accedi\u00f3 a pagar US$ 6.5 millones (6 millones de euros) a un fondo gubernamental destinado a compensar a las v\u00edctimas del trabajo forzado durante la dictadura comunista alemana, en una medida que los activistas esperan que presione a otras empresas para que sigan su ejemplo.<\/p>\n<p>Los presos pol\u00edticos y criminales en Alemania durante la era de la Guerra Fr\u00eda fueron obligados a construir muebles modulares para IKEA. Las revelaciones salieron a la luz en informes de los medios suecos y alemanes hace m\u00e1s de una d\u00e9cada, lo que llev\u00f3 a la empresa a encargar una investigaci\u00f3n independiente.<\/p>\n<p>Los presos estaban produciendo muebles para IKEA, un gigante mundial en la industria del mobiliario para el hogar, tan recientemente como en los a\u00f1os 1970 y 1980, seg\u00fan la investigaci\u00f3n realizada por los auditores Ernst &#038; Young. Los representantes de IKEA en ese momento probablemente sab\u00edan que se estaba utilizando a los presos pol\u00edticos para complementar el trabajo, seg\u00fan el informe.<\/p>\n<p>La antigua Alemania del Este estuvo ocupada por la Uni\u00f3n Sovi\u00e9tica desde 1949 hasta 1990, que instal\u00f3 un r\u00edgido estado comunista conocido como la Rep\u00fablica Democr\u00e1tica Alemana o RDA. Decenas de miles de sus prisioneros fueron obligados a trabajar en f\u00e1bricas, lo que la convirti\u00f3 en un lugar clave para obtener mano de obra barata de la que se cree que se beneficiaron muchas empresas occidentales.<\/p>\n<p>Prisioneros de la RDA trabajan en una f\u00e1brica de acero en Rothensee, Alemania, en una fotograf\u00eda sin fecha. (Andreas Hampel\/ullstein bild\/Getty Images)<\/p>\n<p>Muchos de los presos pol\u00edticos de la RDA habr\u00edan sido encarcelados por el simple \u201cdelito\u201d de oponerse al estado comunista de partido \u00fanico. La oposici\u00f3n al estado fue reprimida por la temida Polic\u00eda secreta de Alemania del Este, la Stasi, que espiaba casi todos los aspectos de la vida cotidiana de la gente.<\/p>\n<p>En una declaraci\u00f3n esta semana, IKEA Alemania anunci\u00f3 que destinar\u00eda voluntariamente US$ 6.5 millones (6 millones de euros) al nuevo fondo gubernamental establecido para proporcionar compensaci\u00f3n a las v\u00edctimas de la dictadura de Alemania del Este.<\/p>\n<p>Despu\u00e9s de d\u00e9cadas de campa\u00f1a por parte de los grupos de v\u00edctimas, el gobierno de coalici\u00f3n gobernante de Alemania propuso en 2021 crear el fondo de ayuda. El parlamento alem\u00e1n votar\u00e1 sobre su creaci\u00f3n en las pr\u00f3ximas semanas, aunque este paso se considera una mera formalidad.<\/p>\n<p>Ikea te pagar\u00e1 para que le devuelvas tus muebles viejos<\/p>\n<p>El comunicado de IKEA a\u00f1ade que el pago es el resultado de conversaciones que se han prolongado durante a\u00f1os entre la filial alemana de la empresa y la Uni\u00f3n de Asociaciones de V\u00edctimas de la Dictadura Comunista (UOGK) una organizaci\u00f3n que se describe a s\u00ed misma como una organizaci\u00f3n que trabaja para garantizar que los condenados injustamente en la Alemania comunista reciban justicia en el estado constitucional actual.<\/p>\n<p>En una declaraci\u00f3n proporcionada a CNN, Walter Kadner, director ejecutivo y director de sostenibilidad de IKEA Alemania, dijo: \u201cLamentamos profundamente que los productos para IKEA tambi\u00e9n hayan sido producidos por presos pol\u00edticos en la RDA. Desde que se supo, IKEA ha trabajado constantemente para aclarar la situaci\u00f3n.<\/p>\n<p>\u201cHemos dado nuestra palabra a los afectados de que participaremos en la prestaci\u00f3n de apoyo. Por lo tanto, acogemos con satisfacci\u00f3n la implementaci\u00f3n del fondo de ayuda y nos complace poder cumplir nuestra promesa\u201d.<\/p>\n<p>El pago hist\u00f3rico de IKEA es el primero de este tipo. La medida fue bien recibida por las organizaciones que abogan por las v\u00edctimas.<\/p>\n<p>Dieter Dombrowski, presidente de UOGK, calific\u00f3 el desarrollo como \u201cinnovador\u201d.<\/p>\n<p>Un almac\u00e9n dentro de una tienda IKEA en Eching, Baviera. (Cr\u00e9dito: Sven Hoppe\/Picture Alliance\/dpa\/AP)<\/p>\n<p>\u201cTras conocerse que la empresa estaba implicada en trabajos forzados en prisi\u00f3n, IKEA acept\u00f3 nuestra invitaci\u00f3n para hablar. Juntos hemos tomado el camino de la iluminaci\u00f3n e IKEA trat\u00f3 a los afectados en igualdad de condiciones\u201d.<\/p>\n<p>\u201cEsperamos que otras empresas sigan el ejemplo de IKEA\u201d, a\u00f1adi\u00f3 Dombrowski.<\/p>\n<p>Seg\u00fan UOGK, IKEA es una de las muchas empresas que se beneficiaron del trabajo forzado en prisi\u00f3n en la Alemania comunista. El expresidente de UOGK, Rainer Wagner, advirti\u00f3 en 2012 que IKEA es \u201csolo la punta del iceberg\u201d al pedir a las empresas que indemnizaran a los exprisioneros que a\u00fan llevan las cicatrices psicol\u00f3gicas del encarcelamiento y el trabajo forzado.<\/p>\n<p>Evelyn Zupke, representante especial para las v\u00edctimas de la RDA en el parlamento alem\u00e1n, dijo: \u201cLa promesa de IKEA de apoyar el fondo de ayuda es una expresi\u00f3n de un enfoque responsable para abordar los cap\u00edtulos oscuros de la propia historia de la empresa.<\/p>\n<p>\u201cNo podemos deshacer lo que los prisioneros tuvieron que sufrir en las c\u00e1rceles de la RDA, pero hoy podemos tratarlos con respeto y apoyarlos\u201d.<\/p>\n<p>The-CNN-Wire<br \/>&trade; &amp; &copy; 2024 Cable News Network, Inc., a Warner Bros. Discovery Company. All rights reserved.<\/p>\n","protected":false},"excerpt":{"rendered":"<p>(CNN) &#8212; El gigante del mobiliario IKEA accedi\u00f3 a pagar US$ 6.5 millones (6 millones de euros) a un fondo gubernamental destinado a compensar a las v\u00edctimas del trabajo forzado durante la dictadura comunista alemana, en una medida que los activistas esperan que presione a otras empresas para que sigan su ejemplo. Los presos pol\u00edticos [&hellip;]<\/p>\n","protected":false},"author":0,"featured_media":0,"comment_status":"open","ping_status":"open","sticky":false,"template":"","format":"standard","meta":{"_jetpack_memberships_contains_paid_content":false,"footnotes":""},"categories":[10],"tags":[],"class_list":["post-1455539","post","type-post","status-publish","format-standard","hentry","category-noticias-nacionales","market-global"],"yoast_head":"<!-- This site is optimized with the Yoast SEO plugin v24.4 - https:\/\/yoast.com\/wordpress\/plugins\/seo\/ -->\n<title>IKEA pagar\u00e1 US$ 6.5 millones a los prisioneros de Alemania del Este obligados a fabricar sus muebles en una medida hist\u00f3rica - Noticias<\/title>\n<meta name=\"robots\" content=\"index, follow, max-snippet:-1, max-image-preview:large, max-video-preview:-1\" \/>\n<link rel=\"canonical\" href=\"https:\/\/noticiasya.com\/2024\/11\/03\/ikea-pagara-us-6-5-millones-prisioneros-alemania-del-este-obligados-fabricar-muebles-trax\/\" \/>\n<meta property=\"og:locale\" content=\"es_ES\" \/>\n<meta property=\"og:type\" content=\"article\" \/>\n<meta property=\"og:title\" content=\"IKEA pagar\u00e1 US$ 6.5 millones a los prisioneros de Alemania del Este obligados a fabricar sus muebles en una medida hist\u00f3rica - Noticias\" \/>\n<meta property=\"og:description\" content=\"(CNN) &#8212; El gigante del mobiliario IKEA accedi\u00f3 a pagar US$ 6.5 millones (6 millones de euros) a un fondo gubernamental destinado a compensar a las v\u00edctimas del trabajo forzado durante la dictadura comunista alemana, en una medida que los activistas esperan que presione a otras empresas para que sigan su ejemplo. Los presos pol\u00edticos [&hellip;]\" \/>\n<meta property=\"og:url\" content=\"https:\/\/noticiasya.com\/2024\/11\/03\/ikea-pagara-us-6-5-millones-prisioneros-alemania-del-este-obligados-fabricar-muebles-trax\/\" \/>\n<meta property=\"og:site_name\" content=\"Noticias\" \/>\n<meta property=\"article:published_time\" content=\"2024-11-04T05:03:39+00:00\" \/>\n<meta name=\"twitter:card\" content=\"summary_large_image\" \/>\n<meta name=\"twitter:label1\" content=\"Est. reading time\" \/>\n\t<meta name=\"twitter:data1\" content=\"4 minutos\" \/>\n<script type=\"application\/ld+json\" class=\"yoast-schema-graph\">{\"@context\":\"https:\/\/schema.org\",\"@graph\":[{\"@type\":\"Article\",\"@id\":\"https:\/\/noticiasya.com\/2024\/11\/03\/ikea-pagara-us-6-5-millones-prisioneros-alemania-del-este-obligados-fabricar-muebles-trax\/#article\",\"isPartOf\":{\"@id\":\"https:\/\/noticiasya.com\/2024\/11\/03\/ikea-pagara-us-6-5-millones-prisioneros-alemania-del-este-obligados-fabricar-muebles-trax\/\"},\"author\":{\"name\":\"\",\"@id\":\"\"},\"headline\":\"IKEA pagar\u00e1 US$ 6.5 millones a los prisioneros de Alemania del Este obligados a fabricar sus muebles en una medida hist\u00f3rica\",\"datePublished\":\"2024-11-04T05:03:39+00:00\",\"mainEntityOfPage\":{\"@id\":\"https:\/\/noticiasya.com\/2024\/11\/03\/ikea-pagara-us-6-5-millones-prisioneros-alemania-del-este-obligados-fabricar-muebles-trax\/\"},\"wordCount\":867,\"commentCount\":0,\"publisher\":{\"@id\":\"https:\/\/noticiasya.com\/#organization\"},\"articleSection\":[\"Noticias Nacionales\"],\"inLanguage\":\"es\",\"potentialAction\":[{\"@type\":\"CommentAction\",\"name\":\"Comment\",\"target\":[\"https:\/\/noticiasya.com\/2024\/11\/03\/ikea-pagara-us-6-5-millones-prisioneros-alemania-del-este-obligados-fabricar-muebles-trax\/#respond\"]}]},{\"@type\":\"WebPage\",\"@id\":\"https:\/\/noticiasya.com\/2024\/11\/03\/ikea-pagara-us-6-5-millones-prisioneros-alemania-del-este-obligados-fabricar-muebles-trax\/\",\"url\":\"https:\/\/noticiasya.com\/2024\/11\/03\/ikea-pagara-us-6-5-millones-prisioneros-alemania-del-este-obligados-fabricar-muebles-trax\/\",\"name\":\"IKEA pagar\u00e1 US$ 6.5 millones a los prisioneros de Alemania del Este obligados a fabricar sus muebles en una medida hist\u00f3rica - Noticias\",\"isPartOf\":{\"@id\":\"https:\/\/noticiasya.com\/#website\"},\"datePublished\":\"2024-11-04T05:03:39+00:00\",\"breadcrumb\":{\"@id\":\"https:\/\/noticiasya.com\/2024\/11\/03\/ikea-pagara-us-6-5-millones-prisioneros-alemania-del-este-obligados-fabricar-muebles-trax\/#breadcrumb\"},\"inLanguage\":\"es\",\"potentialAction\":[{\"@type\":\"ReadAction\",\"target\":[\"https:\/\/noticiasya.com\/2024\/11\/03\/ikea-pagara-us-6-5-millones-prisioneros-alemania-del-este-obligados-fabricar-muebles-trax\/\"]}]},{\"@type\":\"BreadcrumbList\",\"@id\":\"https:\/\/noticiasya.com\/2024\/11\/03\/ikea-pagara-us-6-5-millones-prisioneros-alemania-del-este-obligados-fabricar-muebles-trax\/#breadcrumb\",\"itemListElement\":[{\"@type\":\"ListItem\",\"position\":1,\"name\":\"Home\",\"item\":\"https:\/\/noticiasya.com\/\"},{\"@type\":\"ListItem\",\"position\":2,\"name\":\"IKEA pagar\u00e1 US$ 6.5 millones a los prisioneros de Alemania del Este obligados a fabricar sus muebles en una medida hist\u00f3rica\"}]},{\"@type\":\"WebSite\",\"@id\":\"https:\/\/noticiasya.com\/#website\",\"url\":\"https:\/\/noticiasya.com\/\",\"name\":\"Noticias\",\"description\":\"Lo que importa\",\"publisher\":{\"@id\":\"https:\/\/noticiasya.com\/#organization\"},\"potentialAction\":[{\"@type\":\"SearchAction\",\"target\":{\"@type\":\"EntryPoint\",\"urlTemplate\":\"https:\/\/noticiasya.com\/?s={search_term_string}\"},\"query-input\":{\"@type\":\"PropertyValueSpecification\",\"valueRequired\":true,\"valueName\":\"search_term_string\"}}],\"inLanguage\":\"es\"},{\"@type\":\"Organization\",\"@id\":\"https:\/\/noticiasya.com\/#organization\",\"name\":\"Noticias\",\"url\":\"https:\/\/noticiasya.com\/\",\"logo\":{\"@type\":\"ImageObject\",\"inLanguage\":\"es\",\"@id\":\"https:\/\/noticiasya.com\/#\/schema\/logo\/image\/\",\"url\":\"https:\/\/noticiasya.com\/wp-content\/uploads\/sites\/22\/2023\/12\/logo-nacional.png\",\"contentUrl\":\"https:\/\/noticiasya.com\/wp-content\/uploads\/sites\/22\/2023\/12\/logo-nacional.png\",\"width\":1801,\"height\":691,\"caption\":\"Noticias\"},\"image\":{\"@id\":\"https:\/\/noticiasya.com\/#\/schema\/logo\/image\/\"}}]}<\/script>\n<!-- \/ Yoast SEO plugin. -->","yoast_head_json":{"title":"IKEA pagar\u00e1 US$ 6.5 millones a los prisioneros de Alemania del Este obligados a fabricar sus muebles en una medida hist\u00f3rica - Noticias","robots":{"index":"index","follow":"follow","max-snippet":"max-snippet:-1","max-image-preview":"max-image-preview:large","max-video-preview":"max-video-preview:-1"},"canonical":"https:\/\/noticiasya.com\/2024\/11\/03\/ikea-pagara-us-6-5-millones-prisioneros-alemania-del-este-obligados-fabricar-muebles-trax\/","og_locale":"es_ES","og_type":"article","og_title":"IKEA pagar\u00e1 US$ 6.5 millones a los prisioneros de Alemania del Este obligados a fabricar sus muebles en una medida hist\u00f3rica - Noticias","og_description":"(CNN) &#8212; El gigante del mobiliario IKEA accedi\u00f3 a pagar US$ 6.5 millones (6 millones de euros) a un fondo gubernamental destinado a compensar a las v\u00edctimas del trabajo forzado durante la dictadura comunista alemana, en una medida que los activistas esperan que presione a otras empresas para que sigan su ejemplo. Los presos pol\u00edticos [&hellip;]","og_url":"https:\/\/noticiasya.com\/2024\/11\/03\/ikea-pagara-us-6-5-millones-prisioneros-alemania-del-este-obligados-fabricar-muebles-trax\/","og_site_name":"Noticias","article_published_time":"2024-11-04T05:03:39+00:00","twitter_card":"summary_large_image","twitter_misc":{"Est. reading time":"4 minutos"},"schema":{"@context":"https:\/\/schema.org","@graph":[{"@type":"Article","@id":"https:\/\/noticiasya.com\/2024\/11\/03\/ikea-pagara-us-6-5-millones-prisioneros-alemania-del-este-obligados-fabricar-muebles-trax\/#article","isPartOf":{"@id":"https:\/\/noticiasya.com\/2024\/11\/03\/ikea-pagara-us-6-5-millones-prisioneros-alemania-del-este-obligados-fabricar-muebles-trax\/"},"author":{"name":"","@id":""},"headline":"IKEA pagar\u00e1 US$ 6.5 millones a los prisioneros de Alemania del Este obligados a fabricar sus muebles en una medida hist\u00f3rica","datePublished":"2024-11-04T05:03:39+00:00","mainEntityOfPage":{"@id":"https:\/\/noticiasya.com\/2024\/11\/03\/ikea-pagara-us-6-5-millones-prisioneros-alemania-del-este-obligados-fabricar-muebles-trax\/"},"wordCount":867,"commentCount":0,"publisher":{"@id":"https:\/\/noticiasya.com\/#organization"},"articleSection":["Noticias Nacionales"],"inLanguage":"es","potentialAction":[{"@type":"CommentAction","name":"Comment","target":["https:\/\/noticiasya.com\/2024\/11\/03\/ikea-pagara-us-6-5-millones-prisioneros-alemania-del-este-obligados-fabricar-muebles-trax\/#respond"]}]},{"@type":"WebPage","@id":"https:\/\/noticiasya.com\/2024\/11\/03\/ikea-pagara-us-6-5-millones-prisioneros-alemania-del-este-obligados-fabricar-muebles-trax\/","url":"https:\/\/noticiasya.com\/2024\/11\/03\/ikea-pagara-us-6-5-millones-prisioneros-alemania-del-este-obligados-fabricar-muebles-trax\/","name":"IKEA pagar\u00e1 US$ 6.5 millones a los prisioneros de Alemania del Este obligados a fabricar sus muebles en una medida hist\u00f3rica - Noticias","isPartOf":{"@id":"https:\/\/noticiasya.com\/#website"},"datePublished":"2024-11-04T05:03:39+00:00","breadcrumb":{"@id":"https:\/\/noticiasya.com\/2024\/11\/03\/ikea-pagara-us-6-5-millones-prisioneros-alemania-del-este-obligados-fabricar-muebles-trax\/#breadcrumb"},"inLanguage":"es","potentialAction":[{"@type":"ReadAction","target":["https:\/\/noticiasya.com\/2024\/11\/03\/ikea-pagara-us-6-5-millones-prisioneros-alemania-del-este-obligados-fabricar-muebles-trax\/"]}]},{"@type":"BreadcrumbList","@id":"https:\/\/noticiasya.com\/2024\/11\/03\/ikea-pagara-us-6-5-millones-prisioneros-alemania-del-este-obligados-fabricar-muebles-trax\/#breadcrumb","itemListElement":[{"@type":"ListItem","position":1,"name":"Home","item":"https:\/\/noticiasya.com\/"},{"@type":"ListItem","position":2,"name":"IKEA pagar\u00e1 US$ 6.5 millones a los prisioneros de Alemania del Este obligados a fabricar sus muebles en una medida hist\u00f3rica"}]},{"@type":"WebSite","@id":"https:\/\/noticiasya.com\/#website","url":"https:\/\/noticiasya.com\/","name":"Noticias","description":"Lo que importa","publisher":{"@id":"https:\/\/noticiasya.com\/#organization"},"potentialAction":[{"@type":"SearchAction","target":{"@type":"EntryPoint","urlTemplate":"https:\/\/noticiasya.com\/?s={search_term_string}"},"query-input":{"@type":"PropertyValueSpecification","valueRequired":true,"valueName":"search_term_string"}}],"inLanguage":"es"},{"@type":"Organization","@id":"https:\/\/noticiasya.com\/#organization","name":"Noticias","url":"https:\/\/noticiasya.com\/","logo":{"@type":"ImageObject","inLanguage":"es","@id":"https:\/\/noticiasya.com\/#\/schema\/logo\/image\/","url":"https:\/\/noticiasya.com\/wp-content\/uploads\/sites\/22\/2023\/12\/logo-nacional.png","contentUrl":"https:\/\/noticiasya.com\/wp-content\/uploads\/sites\/22\/2023\/12\/logo-nacional.png","width":1801,"height":691,"caption":"Noticias"},"image":{"@id":"https:\/\/noticiasya.com\/#\/schema\/logo\/image\/"}}]}},"parsely":{"version":"1.1.0","canonical_url":"https:\/\/noticiasya.com\/midland-odessa\/2024\/11\/03\/ikea-pagara-us-6-5-millones-prisioneros-alemania-del-este-obligados-fabricar-muebles-trax\/","smart_links":{"inbound":0,"outbound":0},"traffic_boost_suggestions_count":0,"meta":{"@context":"https:\/\/schema.org","@type":"NewsArticle","headline":"IKEA pagar\u00e1 US$ 6.5 millones a los prisioneros de Alemania del Este obligados a fabricar sus muebles en una medida hist\u00f3rica","url":"http:\/\/noticiasya.com\/midland-odessa\/2024\/11\/03\/ikea-pagara-us-6-5-millones-prisioneros-alemania-del-este-obligados-fabricar-muebles-trax\/","mainEntityOfPage":{"@type":"WebPage","@id":"http:\/\/noticiasya.com\/midland-odessa\/2024\/11\/03\/ikea-pagara-us-6-5-millones-prisioneros-alemania-del-este-obligados-fabricar-muebles-trax\/"},"thumbnailUrl":"","image":{"@type":"ImageObject","url":""},"articleSection":"Noticias Nacionales","author":[],"creator":[],"publisher":{"@type":"Organization","name":"Noticias","logo":""},"keywords":[],"dateCreated":"2024-11-04T05:03:39Z","datePublished":"2024-11-04T05:03:39Z","dateModified":"2024-11-04T05:03:39Z"},"rendered":"<script type=\"application\/ld+json\" class=\"wp-parsely-metadata\">{\"@context\":\"https:\\\/\\\/schema.org\",\"@type\":\"NewsArticle\",\"headline\":\"IKEA pagar\\u00e1 US$ 6.5 millones a los prisioneros de Alemania del Este obligados a fabricar sus muebles en una medida hist\\u00f3rica\",\"url\":\"http:\\\/\\\/noticiasya.com\\\/midland-odessa\\\/2024\\\/11\\\/03\\\/ikea-pagara-us-6-5-millones-prisioneros-alemania-del-este-obligados-fabricar-muebles-trax\\\/\",\"mainEntityOfPage\":{\"@type\":\"WebPage\",\"@id\":\"http:\\\/\\\/noticiasya.com\\\/midland-odessa\\\/2024\\\/11\\\/03\\\/ikea-pagara-us-6-5-millones-prisioneros-alemania-del-este-obligados-fabricar-muebles-trax\\\/\"},\"thumbnailUrl\":\"\",\"image\":{\"@type\":\"ImageObject\",\"url\":\"\"},\"articleSection\":\"Noticias Nacionales\",\"author\":[],\"creator\":[],\"publisher\":{\"@type\":\"Organization\",\"name\":\"Noticias\",\"logo\":\"\"},\"keywords\":[],\"dateCreated\":\"2024-11-04T05:03:39Z\",\"datePublished\":\"2024-11-04T05:03:39Z\",\"dateModified\":\"2024-11-04T05:03:39Z\"}<\/script>","tracker_url":"https:\/\/cdn.parsely.com\/keys\/noticiasya.com\/p.js"},"jetpack_featured_media_url":"","jetpack-related-posts":[{"id":1471811,"url":"https:\/\/noticiasya.com\/midland-odessa\/2026\/03\/03\/punch-mono-ikea-peluche-trax\/","url_meta":{"origin":1455539,"position":0},"title":"Punch, el mono, se rob\u00f3 el coraz\u00f3n de internet. Ahora los fans est\u00e1n arrasando con su peluche de IKEA","author":"","date":"marzo 3, 2026","format":false,"excerpt":"Este es el mono rechazado que se ha convertido en el beb\u00e9 animal adoptado de internet. Pero aunque no puedes llev\u00e1rtelo a casa, puedes acurrucarte con su compa\u00f1ero, si encuentras uno disponible.Punch, un macaco de siete meses del zool\u00f3gico de la ciudad de Ichikawa en Jap\u00f3n, se ha convertido en\u2026","rel":"","context":"In &quot;Noticias Nacionales&quot;","block_context":{"text":"Noticias Nacionales","link":"https:\/\/noticiasya.com\/midland-odessa\/categoria\/noticias-nacionales"},"img":{"alt_text":"","src":"","width":0,"height":0},"classes":[]},{"id":1466963,"url":"https:\/\/noticiasya.com\/midland-odessa\/2025\/09\/29\/trump-impone-arancel-madera-muebles-trax\/","url_meta":{"origin":1455539,"position":1},"title":"Trump impone un arancel del 10 % a la madera y 25 % a los muebles y gabinetes","author":"","date":"septiembre 29, 2025","format":false,"excerpt":"El presidente de EE.UU, Donald Trump, orden\u00f3 el lunes nuevos aranceles significativos sobre la madera y varios productos de madera, incluyendo madera importada, madera aserrada, gabinetes de cocina y muebles tapizados, lo que podr\u00eda aumentar los costos de construcci\u00f3n y mobiliario de viviendas, cuyos precios se han disparado en los\u2026","rel":"","context":"In &quot;Noticias Nacionales&quot;","block_context":{"text":"Noticias Nacionales","link":"https:\/\/noticiasya.com\/midland-odessa\/categoria\/noticias-nacionales"},"img":{"alt_text":"","src":"","width":0,"height":0},"classes":[]},{"id":1460300,"url":"https:\/\/noticiasya.com\/midland-odessa\/2025\/03\/23\/alemania-potencia-ejercito-trax\/","url_meta":{"origin":1455539,"position":2},"title":"Alemania est\u00e1 desbloqueando miles de millones para potenciar sus Fuerzas Armadas en un momento crucial para Europa","author":"","date":"marzo 23, 2025","format":false,"excerpt":"\u201c\u00bfCrees que puedes confiar en Putin?\u201d, pregunta el general de brigada alem\u00e1n Ralf Hammerstein con una sonrisa ir\u00f3nica.Es una pregunta ret\u00f3rica a la que la mayor parte de Europa dar\u00eda la misma respuesta: no.Mientras la administraci\u00f3n Trump sigue buscando un acuerdo para poner fin a la guerra en Ucrania \u2014que\u2026","rel":"","context":"In &quot;Noticias Nacionales&quot;","block_context":{"text":"Noticias Nacionales","link":"https:\/\/noticiasya.com\/midland-odessa\/categoria\/noticias-nacionales"},"img":{"alt_text":"","src":"","width":0,"height":0},"classes":[]},{"id":1445901,"url":"https:\/\/noticiasya.com\/midland-odessa\/2024\/02\/21\/estadounidense-departamento-italia-grandes-sorpresas-trax\/","url_meta":{"origin":1455539,"position":3},"title":"Este estadounidense compr\u00f3 un departamento en Italia y se encontr\u00f3 con &#171;grandes sorpresas&#187;","author":"","date":"febrero 21, 2024","format":false,"excerpt":"(CNN) -- Personas de todo el mundo buscan comprar encantadoras casas antiguas en pueblos aislados de Italia. Todos tienen objetivos distintos, pero algo en com\u00fan: buscan un retiro, un lugar al que escaparse y vivir una experiencia rural id\u00edlica.Ahora puedes seguirnos en\u00a0WhatsApp ChannelEl saxofonista de Chicago Joshua Shapiro, de 48\u2026","rel":"","context":"In &quot;Noticias Nacionales&quot;","block_context":{"text":"Noticias Nacionales","link":"https:\/\/noticiasya.com\/midland-odessa\/categoria\/noticias-nacionales"},"img":{"alt_text":"","src":"","width":0,"height":0},"classes":[]},{"id":1468869,"url":"https:\/\/noticiasya.com\/midland-odessa\/2025\/12\/01\/pagaras-mas-por-menos-temporada-de-compras-inflacion-precios-trax\/","url_meta":{"origin":1455539,"position":4},"title":"Pagar\u00e1s m\u00e1s por menos esta temporada de compras y existen pruebas de ello","author":"","date":"diciembre 1, 2025","format":false,"excerpt":"Las compras en Estados Unidos durante el Black Friday 2025 demostraron un rotundo \u00e9xito, con los consumidores dispuestos a gastar de manera significativa cuando encuentran buenos precios.De acuerdo con datos oficiales de Mastercard, las ventas minoristas totales se dispararon un notable 4,1 este Black Friday. Adem\u00e1s, las cifras de Adobe\u2026","rel":"","context":"In &quot;Noticias Nacionales&quot;","block_context":{"text":"Noticias Nacionales","link":"https:\/\/noticiasya.com\/midland-odessa\/categoria\/noticias-nacionales"},"img":{"alt_text":"","src":"","width":0,"height":0},"classes":[]},{"id":1443599,"url":"https:\/\/noticiasya.com\/midland-odessa\/2024\/01\/12\/analisis-como-la-crisis-del-mar-rojo-podria-golpear-la-economia-mundial\/","url_meta":{"origin":1455539,"position":5},"title":"AN\u00c1LISIS | C\u00f3mo la crisis del mar Rojo podr\u00eda golpear la econom\u00eda mundial","author":"","date":"enero 12, 2024","format":false,"excerpt":"Londres (CNN) -- Los ataques de combatientes apoyados por Ir\u00e1n en el mar Rojo han bloqueado una de las principales rutas comerciales del mundo para la mayor\u00eda de los cargueros de contenedores, buques que transportan desde piezas de autom\u00f3viles hasta Crocs de un rinc\u00f3n a otro del planeta.Un cierre prolongado\u2026","rel":"","context":"In &quot;Noticias Nacionales&quot;","block_context":{"text":"Noticias Nacionales","link":"https:\/\/noticiasya.com\/midland-odessa\/categoria\/noticias-nacionales"},"img":{"alt_text":"","src":"","width":0,"height":0},"classes":[]}],"jetpack_sharing_enabled":true,"_links":{"self":[{"href":"https:\/\/noticiasya.com\/midland-odessa\/wp-json\/wp\/v2\/posts\/1455539","targetHints":{"allow":["GET"]}}],"collection":[{"href":"https:\/\/noticiasya.com\/midland-odessa\/wp-json\/wp\/v2\/posts"}],"about":[{"href":"https:\/\/noticiasya.com\/midland-odessa\/wp-json\/wp\/v2\/types\/post"}],"replies":[{"embeddable":true,"href":"https:\/\/noticiasya.com\/midland-odessa\/wp-json\/wp\/v2\/comments?post=1455539"}],"version-history":[{"count":0,"href":"https:\/\/noticiasya.com\/midland-odessa\/wp-json\/wp\/v2\/posts\/1455539\/revisions"}],"wp:attachment":[{"href":"https:\/\/noticiasya.com\/midland-odessa\/wp-json\/wp\/v2\/media?parent=1455539"}],"wp:term":[{"taxonomy":"category","embeddable":true,"href":"https:\/\/noticiasya.com\/midland-odessa\/wp-json\/wp\/v2\/categories?post=1455539"},{"taxonomy":"post_tag","embeddable":true,"href":"https:\/\/noticiasya.com\/midland-odessa\/wp-json\/wp\/v2\/tags?post=1455539"}],"curies":[{"name":"wp","href":"https:\/\/api.w.org\/{rel}","templated":true}]}}