{"id":1455540,"date":"2024-11-03T23:03:54","date_gmt":"2024-11-04T07:03:54","guid":{"rendered":"https:\/\/noticiasya.com\/2024\/11\/03\/enfrentamiento-traficantes-migrantes-colombianos-muertos-frontera-mexico-y-ee-uu-orix\/"},"modified":"2024-11-03T23:03:54","modified_gmt":"2024-11-04T07:03:54","slug":"enfrentamiento-traficantes-migrantes-colombianos-muertos-frontera-mexico-y-ee-uu-orix","status":"publish","type":"post","link":"https:\/\/noticiasya.com\/midland-odessa\/2024\/11\/03\/enfrentamiento-traficantes-migrantes-colombianos-muertos-frontera-mexico-y-ee-uu-orix\/","title":{"rendered":"Enfrentamiento con traficantes de migrantes y militares deja dos colombianos muertos en frontera de M\u00e9xico y EE.UU."},"content":{"rendered":"<p>(CNN Espa\u00f1ol) &#8212; La Secretar\u00eda de la Defensa Nacional de M\u00e9xico inform\u00f3 este domingo que dos migrantes colombianos murieron y cuatro m\u00e1s resultaron heridos tras un enfrentamiento entre civiles armados y elementos de la Guardia Nacional en una terracer\u00eda utilizado como ruta de tr\u00e1fico de migrantes cerca de la frontera con Estados Unidos.<\/p>\n<p>La dependencia mexicana agreg\u00f3 que los hechos se registraron este s\u00e1bado, cuando elementos de la Guardia Nacional repelieron una agresi\u00f3n al momento de realizar patrullajes la zona de La Rumorosa, Baja California, cuando se encontraron de frente con dos veh\u00edculos y recibieron disparos de armas de fuego.<\/p>\n<p>Tras el enfrentamiento, uno de los veh\u00edculos escap\u00f3 y en el otro resultaron muertos dos personas, cuatro m\u00e1s fueron heridas, una m\u00e1s qued\u00f3 ilesa \u2013todos de nacionalidad colombiana\u2013 y se detuvo a un mexicano que conduc\u00eda el veh\u00edculo.<\/p>\n<p>En el comunicado, la Secretar\u00eda de la Defensa agreg\u00f3 que tras el incidente fueron separados de sus funciones tres elementos de la Guardia Nacional &#171;que durante los hechos hicieron uso de sus armas&#187; en espera de que se realicen las investigaciones correspondientes.<\/p>\n<p>Tras los hechos, la Canciller\u00eda de Colombia confirm\u00f3 la nacionalidad de las v\u00edctimas migrantes e identific\u00f3 a los dos muertos como Yuli Vanessa Herrera Marulanda, de 37 a\u00f1os, y Ronaldo Andr\u00e9s Quintero Pe\u00f1uelas, de 20 a\u00f1os.<\/p>\n<p>&#171;El Ministerio de Relaciones Exteriores en nombre del Gobierno de Colombia, lamenta los hechos de violencia ocurridos entre Tijuana y Mexicali en Tecate, en el estado Baja California, donde un grupo de migrantes, entre ellos siete colombianos, se vio atrapado en un intercambio de fuego cruzado&#187;, explic\u00f3 la Canciller\u00eda de Colombia en un comunicado de prensa.<\/p>\n<p>&#171;Los otros cinco colombianos resultaron heridos y fueron trasladados de inmediato al Hospital General de M\u00e9xico, donde reciben atenci\u00f3n m\u00e9dica&#187;, a\u00f1ade el comunicado.<\/p>\n<p>&#171;Desde el momento en que se tuvo conocimiento del hecho, la Canciller\u00eda a trav\u00e9s de su Consulado ha estado en comunicaci\u00f3n con las autoridades mexicanas para recabar informaci\u00f3n detallada y asegurar la asistencia consular a las v\u00edctimas y sus familias&#187;, explic\u00f3 la Canciller\u00eda de Colombia en un comunicado de prensa&#187;, a\u00f1ade el comunicado.<\/p>\n<p>The-CNN-Wire<br \/>&trade; &amp; &copy; 2024 Cable News Network, Inc., a Warner Bros. Discovery Company. All rights reserved.<\/p>\n","protected":false},"excerpt":{"rendered":"<p>(CNN Espa\u00f1ol) &#8212; La Secretar\u00eda de la Defensa Nacional de M\u00e9xico inform\u00f3 este domingo que dos migrantes colombianos murieron y cuatro m\u00e1s resultaron heridos tras un enfrentamiento entre civiles armados y elementos de la Guardia Nacional en una terracer\u00eda utilizado como ruta de tr\u00e1fico de migrantes cerca de la frontera con Estados Unidos. La dependencia [&hellip;]<\/p>\n","protected":false},"author":0,"featured_media":0,"comment_status":"open","ping_status":"open","sticky":false,"template":"","format":"standard","meta":{"_jetpack_memberships_contains_paid_content":false,"footnotes":""},"categories":[10],"tags":[],"class_list":["post-1455540","post","type-post","status-publish","format-standard","hentry","category-noticias-nacionales","market-global"],"yoast_head":"<!-- This site is optimized with the Yoast SEO plugin v24.4 - https:\/\/yoast.com\/wordpress\/plugins\/seo\/ -->\n<title>Enfrentamiento con traficantes de migrantes y militares deja dos colombianos muertos en frontera de M\u00e9xico y EE.UU. - Noticias<\/title>\n<meta name=\"robots\" content=\"index, follow, max-snippet:-1, max-image-preview:large, max-video-preview:-1\" \/>\n<link rel=\"canonical\" href=\"https:\/\/noticiasya.com\/2024\/11\/03\/enfrentamiento-traficantes-migrantes-colombianos-muertos-frontera-mexico-y-ee-uu-orix\/\" \/>\n<meta property=\"og:locale\" content=\"es_ES\" \/>\n<meta property=\"og:type\" content=\"article\" \/>\n<meta property=\"og:title\" content=\"Enfrentamiento con traficantes de migrantes y militares deja dos colombianos muertos en frontera de M\u00e9xico y EE.UU. - Noticias\" \/>\n<meta property=\"og:description\" content=\"(CNN Espa\u00f1ol) &#8212; La Secretar\u00eda de la Defensa Nacional de M\u00e9xico inform\u00f3 este domingo que dos migrantes colombianos murieron y cuatro m\u00e1s resultaron heridos tras un enfrentamiento entre civiles armados y elementos de la Guardia Nacional en una terracer\u00eda utilizado como ruta de tr\u00e1fico de migrantes cerca de la frontera con Estados Unidos. La dependencia [&hellip;]\" \/>\n<meta property=\"og:url\" content=\"https:\/\/noticiasya.com\/2024\/11\/03\/enfrentamiento-traficantes-migrantes-colombianos-muertos-frontera-mexico-y-ee-uu-orix\/\" \/>\n<meta property=\"og:site_name\" content=\"Noticias\" \/>\n<meta property=\"article:published_time\" content=\"2024-11-04T07:03:54+00:00\" \/>\n<meta name=\"twitter:card\" content=\"summary_large_image\" \/>\n<meta name=\"twitter:label1\" content=\"Est. reading time\" \/>\n\t<meta name=\"twitter:data1\" content=\"2 minutos\" \/>\n<script type=\"application\/ld+json\" class=\"yoast-schema-graph\">{\"@context\":\"https:\/\/schema.org\",\"@graph\":[{\"@type\":\"Article\",\"@id\":\"https:\/\/noticiasya.com\/2024\/11\/03\/enfrentamiento-traficantes-migrantes-colombianos-muertos-frontera-mexico-y-ee-uu-orix\/#article\",\"isPartOf\":{\"@id\":\"https:\/\/noticiasya.com\/2024\/11\/03\/enfrentamiento-traficantes-migrantes-colombianos-muertos-frontera-mexico-y-ee-uu-orix\/\"},\"author\":{\"name\":\"\",\"@id\":\"\"},\"headline\":\"Enfrentamiento con traficantes de migrantes y militares deja dos colombianos muertos en frontera de M\u00e9xico y EE.UU.\",\"datePublished\":\"2024-11-04T07:03:54+00:00\",\"mainEntityOfPage\":{\"@id\":\"https:\/\/noticiasya.com\/2024\/11\/03\/enfrentamiento-traficantes-migrantes-colombianos-muertos-frontera-mexico-y-ee-uu-orix\/\"},\"wordCount\":414,\"commentCount\":0,\"publisher\":{\"@id\":\"https:\/\/noticiasya.com\/#organization\"},\"articleSection\":[\"Noticias Nacionales\"],\"inLanguage\":\"es\",\"potentialAction\":[{\"@type\":\"CommentAction\",\"name\":\"Comment\",\"target\":[\"https:\/\/noticiasya.com\/2024\/11\/03\/enfrentamiento-traficantes-migrantes-colombianos-muertos-frontera-mexico-y-ee-uu-orix\/#respond\"]}]},{\"@type\":\"WebPage\",\"@id\":\"https:\/\/noticiasya.com\/2024\/11\/03\/enfrentamiento-traficantes-migrantes-colombianos-muertos-frontera-mexico-y-ee-uu-orix\/\",\"url\":\"https:\/\/noticiasya.com\/2024\/11\/03\/enfrentamiento-traficantes-migrantes-colombianos-muertos-frontera-mexico-y-ee-uu-orix\/\",\"name\":\"Enfrentamiento con traficantes de migrantes y militares deja dos colombianos muertos en frontera de M\u00e9xico y EE.UU. - Noticias\",\"isPartOf\":{\"@id\":\"https:\/\/noticiasya.com\/#website\"},\"datePublished\":\"2024-11-04T07:03:54+00:00\",\"breadcrumb\":{\"@id\":\"https:\/\/noticiasya.com\/2024\/11\/03\/enfrentamiento-traficantes-migrantes-colombianos-muertos-frontera-mexico-y-ee-uu-orix\/#breadcrumb\"},\"inLanguage\":\"es\",\"potentialAction\":[{\"@type\":\"ReadAction\",\"target\":[\"https:\/\/noticiasya.com\/2024\/11\/03\/enfrentamiento-traficantes-migrantes-colombianos-muertos-frontera-mexico-y-ee-uu-orix\/\"]}]},{\"@type\":\"BreadcrumbList\",\"@id\":\"https:\/\/noticiasya.com\/2024\/11\/03\/enfrentamiento-traficantes-migrantes-colombianos-muertos-frontera-mexico-y-ee-uu-orix\/#breadcrumb\",\"itemListElement\":[{\"@type\":\"ListItem\",\"position\":1,\"name\":\"Home\",\"item\":\"https:\/\/noticiasya.com\/\"},{\"@type\":\"ListItem\",\"position\":2,\"name\":\"Enfrentamiento con traficantes de migrantes y militares deja dos colombianos muertos en frontera de M\u00e9xico y EE.UU.\"}]},{\"@type\":\"WebSite\",\"@id\":\"https:\/\/noticiasya.com\/#website\",\"url\":\"https:\/\/noticiasya.com\/\",\"name\":\"Noticias\",\"description\":\"Lo que importa\",\"publisher\":{\"@id\":\"https:\/\/noticiasya.com\/#organization\"},\"potentialAction\":[{\"@type\":\"SearchAction\",\"target\":{\"@type\":\"EntryPoint\",\"urlTemplate\":\"https:\/\/noticiasya.com\/?s={search_term_string}\"},\"query-input\":{\"@type\":\"PropertyValueSpecification\",\"valueRequired\":true,\"valueName\":\"search_term_string\"}}],\"inLanguage\":\"es\"},{\"@type\":\"Organization\",\"@id\":\"https:\/\/noticiasya.com\/#organization\",\"name\":\"Noticias\",\"url\":\"https:\/\/noticiasya.com\/\",\"logo\":{\"@type\":\"ImageObject\",\"inLanguage\":\"es\",\"@id\":\"https:\/\/noticiasya.com\/#\/schema\/logo\/image\/\",\"url\":\"https:\/\/noticiasya.com\/wp-content\/uploads\/sites\/22\/2023\/12\/logo-nacional.png\",\"contentUrl\":\"https:\/\/noticiasya.com\/wp-content\/uploads\/sites\/22\/2023\/12\/logo-nacional.png\",\"width\":1801,\"height\":691,\"caption\":\"Noticias\"},\"image\":{\"@id\":\"https:\/\/noticiasya.com\/#\/schema\/logo\/image\/\"}}]}<\/script>\n<!-- \/ Yoast SEO plugin. -->","yoast_head_json":{"title":"Enfrentamiento con traficantes de migrantes y militares deja dos colombianos muertos en frontera de M\u00e9xico y EE.UU. - Noticias","robots":{"index":"index","follow":"follow","max-snippet":"max-snippet:-1","max-image-preview":"max-image-preview:large","max-video-preview":"max-video-preview:-1"},"canonical":"https:\/\/noticiasya.com\/2024\/11\/03\/enfrentamiento-traficantes-migrantes-colombianos-muertos-frontera-mexico-y-ee-uu-orix\/","og_locale":"es_ES","og_type":"article","og_title":"Enfrentamiento con traficantes de migrantes y militares deja dos colombianos muertos en frontera de M\u00e9xico y EE.UU. - Noticias","og_description":"(CNN Espa\u00f1ol) &#8212; La Secretar\u00eda de la Defensa Nacional de M\u00e9xico inform\u00f3 este domingo que dos migrantes colombianos murieron y cuatro m\u00e1s resultaron heridos tras un enfrentamiento entre civiles armados y elementos de la Guardia Nacional en una terracer\u00eda utilizado como ruta de tr\u00e1fico de migrantes cerca de la frontera con Estados Unidos. La dependencia [&hellip;]","og_url":"https:\/\/noticiasya.com\/2024\/11\/03\/enfrentamiento-traficantes-migrantes-colombianos-muertos-frontera-mexico-y-ee-uu-orix\/","og_site_name":"Noticias","article_published_time":"2024-11-04T07:03:54+00:00","twitter_card":"summary_large_image","twitter_misc":{"Est. reading time":"2 minutos"},"schema":{"@context":"https:\/\/schema.org","@graph":[{"@type":"Article","@id":"https:\/\/noticiasya.com\/2024\/11\/03\/enfrentamiento-traficantes-migrantes-colombianos-muertos-frontera-mexico-y-ee-uu-orix\/#article","isPartOf":{"@id":"https:\/\/noticiasya.com\/2024\/11\/03\/enfrentamiento-traficantes-migrantes-colombianos-muertos-frontera-mexico-y-ee-uu-orix\/"},"author":{"name":"","@id":""},"headline":"Enfrentamiento con traficantes de migrantes y militares deja dos colombianos muertos en frontera de M\u00e9xico y EE.UU.","datePublished":"2024-11-04T07:03:54+00:00","mainEntityOfPage":{"@id":"https:\/\/noticiasya.com\/2024\/11\/03\/enfrentamiento-traficantes-migrantes-colombianos-muertos-frontera-mexico-y-ee-uu-orix\/"},"wordCount":414,"commentCount":0,"publisher":{"@id":"https:\/\/noticiasya.com\/#organization"},"articleSection":["Noticias Nacionales"],"inLanguage":"es","potentialAction":[{"@type":"CommentAction","name":"Comment","target":["https:\/\/noticiasya.com\/2024\/11\/03\/enfrentamiento-traficantes-migrantes-colombianos-muertos-frontera-mexico-y-ee-uu-orix\/#respond"]}]},{"@type":"WebPage","@id":"https:\/\/noticiasya.com\/2024\/11\/03\/enfrentamiento-traficantes-migrantes-colombianos-muertos-frontera-mexico-y-ee-uu-orix\/","url":"https:\/\/noticiasya.com\/2024\/11\/03\/enfrentamiento-traficantes-migrantes-colombianos-muertos-frontera-mexico-y-ee-uu-orix\/","name":"Enfrentamiento con traficantes de migrantes y militares deja dos colombianos muertos en frontera de M\u00e9xico y EE.UU. - Noticias","isPartOf":{"@id":"https:\/\/noticiasya.com\/#website"},"datePublished":"2024-11-04T07:03:54+00:00","breadcrumb":{"@id":"https:\/\/noticiasya.com\/2024\/11\/03\/enfrentamiento-traficantes-migrantes-colombianos-muertos-frontera-mexico-y-ee-uu-orix\/#breadcrumb"},"inLanguage":"es","potentialAction":[{"@type":"ReadAction","target":["https:\/\/noticiasya.com\/2024\/11\/03\/enfrentamiento-traficantes-migrantes-colombianos-muertos-frontera-mexico-y-ee-uu-orix\/"]}]},{"@type":"BreadcrumbList","@id":"https:\/\/noticiasya.com\/2024\/11\/03\/enfrentamiento-traficantes-migrantes-colombianos-muertos-frontera-mexico-y-ee-uu-orix\/#breadcrumb","itemListElement":[{"@type":"ListItem","position":1,"name":"Home","item":"https:\/\/noticiasya.com\/"},{"@type":"ListItem","position":2,"name":"Enfrentamiento con traficantes de migrantes y militares deja dos colombianos muertos en frontera de M\u00e9xico y EE.UU."}]},{"@type":"WebSite","@id":"https:\/\/noticiasya.com\/#website","url":"https:\/\/noticiasya.com\/","name":"Noticias","description":"Lo que importa","publisher":{"@id":"https:\/\/noticiasya.com\/#organization"},"potentialAction":[{"@type":"SearchAction","target":{"@type":"EntryPoint","urlTemplate":"https:\/\/noticiasya.com\/?s={search_term_string}"},"query-input":{"@type":"PropertyValueSpecification","valueRequired":true,"valueName":"search_term_string"}}],"inLanguage":"es"},{"@type":"Organization","@id":"https:\/\/noticiasya.com\/#organization","name":"Noticias","url":"https:\/\/noticiasya.com\/","logo":{"@type":"ImageObject","inLanguage":"es","@id":"https:\/\/noticiasya.com\/#\/schema\/logo\/image\/","url":"https:\/\/noticiasya.com\/wp-content\/uploads\/sites\/22\/2023\/12\/logo-nacional.png","contentUrl":"https:\/\/noticiasya.com\/wp-content\/uploads\/sites\/22\/2023\/12\/logo-nacional.png","width":1801,"height":691,"caption":"Noticias"},"image":{"@id":"https:\/\/noticiasya.com\/#\/schema\/logo\/image\/"}}]}},"parsely":{"version":"1.1.0","canonical_url":"https:\/\/noticiasya.com\/midland-odessa\/2024\/11\/03\/enfrentamiento-traficantes-migrantes-colombianos-muertos-frontera-mexico-y-ee-uu-orix\/","smart_links":{"inbound":0,"outbound":0},"traffic_boost_suggestions_count":0,"meta":{"@context":"https:\/\/schema.org","@type":"NewsArticle","headline":"Enfrentamiento con traficantes de migrantes y militares deja dos colombianos muertos en frontera de M\u00e9xico y EE.UU.","url":"http:\/\/noticiasya.com\/midland-odessa\/2024\/11\/03\/enfrentamiento-traficantes-migrantes-colombianos-muertos-frontera-mexico-y-ee-uu-orix\/","mainEntityOfPage":{"@type":"WebPage","@id":"http:\/\/noticiasya.com\/midland-odessa\/2024\/11\/03\/enfrentamiento-traficantes-migrantes-colombianos-muertos-frontera-mexico-y-ee-uu-orix\/"},"thumbnailUrl":"","image":{"@type":"ImageObject","url":""},"articleSection":"Noticias Nacionales","author":[],"creator":[],"publisher":{"@type":"Organization","name":"Noticias","logo":""},"keywords":[],"dateCreated":"2024-11-04T07:03:54Z","datePublished":"2024-11-04T07:03:54Z","dateModified":"2024-11-04T07:03:54Z"},"rendered":"<script type=\"application\/ld+json\" class=\"wp-parsely-metadata\">{\"@context\":\"https:\\\/\\\/schema.org\",\"@type\":\"NewsArticle\",\"headline\":\"Enfrentamiento con traficantes de migrantes y militares deja dos colombianos muertos en frontera de M\\u00e9xico y EE.UU.\",\"url\":\"http:\\\/\\\/noticiasya.com\\\/midland-odessa\\\/2024\\\/11\\\/03\\\/enfrentamiento-traficantes-migrantes-colombianos-muertos-frontera-mexico-y-ee-uu-orix\\\/\",\"mainEntityOfPage\":{\"@type\":\"WebPage\",\"@id\":\"http:\\\/\\\/noticiasya.com\\\/midland-odessa\\\/2024\\\/11\\\/03\\\/enfrentamiento-traficantes-migrantes-colombianos-muertos-frontera-mexico-y-ee-uu-orix\\\/\"},\"thumbnailUrl\":\"\",\"image\":{\"@type\":\"ImageObject\",\"url\":\"\"},\"articleSection\":\"Noticias Nacionales\",\"author\":[],\"creator\":[],\"publisher\":{\"@type\":\"Organization\",\"name\":\"Noticias\",\"logo\":\"\"},\"keywords\":[],\"dateCreated\":\"2024-11-04T07:03:54Z\",\"datePublished\":\"2024-11-04T07:03:54Z\",\"dateModified\":\"2024-11-04T07:03:54Z\"}<\/script>","tracker_url":"https:\/\/cdn.parsely.com\/keys\/noticiasya.com\/p.js"},"jetpack_featured_media_url":"","jetpack-related-posts":[{"id":1445891,"url":"https:\/\/noticiasya.com\/midland-odessa\/2024\/02\/21\/tres-migrantes-muertos-ataque-armado-sonora-orix\/","url_meta":{"origin":1455540,"position":0},"title":"Fiscal\u00eda de Sonora confirma la muerte de tres migrantes tras ataque armado; dos mujeres y un menor de edad","author":"","date":"febrero 21, 2024","format":false,"excerpt":"(CNN Espa\u00f1ol) -- El fiscal general de Sonora, Gustavo Salas, confirm\u00f3 este lunes que dos mujeres y un menor de edad migrantes murieron en un ataque armado perpetrado el jueves pasado contra los veh\u00edculos en los que viajaban en la localidad de S\u00e1ric, cuando buscaban llegar a la frontera entre\u2026","rel":"","context":"In &quot;Noticias Nacionales&quot;","block_context":{"text":"Noticias Nacionales","link":"https:\/\/noticiasya.com\/midland-odessa\/categoria\/noticias-nacionales"},"img":{"alt_text":"","src":"","width":0,"height":0},"classes":[]},{"id":1454930,"url":"https:\/\/noticiasya.com\/midland-odessa\/2024\/10\/03\/migrantes-muertos-militares-chiapas-nacionalidades-orix\/","url_meta":{"origin":1455540,"position":1},"title":"Los migrantes muertos en confuso episodio con militares en Chiapas son de Honduras, El Salvador, Per\u00fa y Egipto, seg\u00fan la fiscal\u00eda mexicana","author":"","date":"octubre 3, 2024","format":false,"excerpt":"(CNN Espa\u00f1ol) \u2013\u2013 La Fiscal\u00eda General de M\u00e9xico (FGR) inform\u00f3 este jueves las nacionalidades de los seis migrantes fallecidos en un confuso episodio entre militares y sujetos que presuntamente transportaban a personas en el estado sure\u00f1o de Chiapas, en una zona cercana a la frontera de M\u00e9xico con Guatemala.El comunicado\u2026","rel":"","context":"In &quot;Noticias Nacionales&quot;","block_context":{"text":"Noticias Nacionales","link":"https:\/\/noticiasya.com\/midland-odessa\/categoria\/noticias-nacionales"},"img":{"alt_text":"","src":"","width":0,"height":0},"classes":[]},{"id":1455345,"url":"https:\/\/noticiasya.com\/midland-odessa\/2024\/10\/24\/tecpan-guerrero-ejercito-abate-14-personas-hechos-violentos-orix\/","url_meta":{"origin":1455540,"position":2},"title":"Ej\u00e9rcito mexicano abate a 14 personas tras registrarse hechos violentos en Tecpan, Guerrero","author":"","date":"octubre 24, 2024","format":false,"excerpt":"(CNN Espa\u00f1ol) -- La Secretar\u00eda de la Defensa Nacional (Sedena) de M\u00e9xico inform\u00f3 este jueves que 14 personas resultaron muertas por efectivos militares que fueron atacados, luego de los choques registrados entre dos grupos de civiles armados en el municipio de Tecpan de Galeana, en el estado sure\u00f1o de Guerrero.La\u2026","rel":"","context":"In &quot;Noticias Nacionales&quot;","block_context":{"text":"Noticias Nacionales","link":"https:\/\/noticiasya.com\/midland-odessa\/categoria\/noticias-nacionales"},"img":{"alt_text":"","src":"","width":0,"height":0},"classes":[]},{"id":1448220,"url":"https:\/\/noticiasya.com\/midland-odessa\/2024\/04\/17\/operativo-secuestro-8-presuntos-criminales-muertos-tabasco-mexico-orix\/","url_meta":{"origin":1455540,"position":3},"title":"Operativo para liberar a persona secuestrada termina con 8 presuntos criminales muertos en Tabasco","author":"","date":"abril 17, 2024","format":false,"excerpt":"(CNN Espa\u00f1ol) --\u00a0Un operativo para liberar a una persona que estaba secuestrada termin\u00f3 este mi\u00e9rcoles con ocho presuntos delincuentes muertos y otros cinco detenidos, tras un enfrentamiento armado con polic\u00edas estatales y federales, inform\u00f3 el gobierno de Tabasco en un comunicado.El incidente se registr\u00f3 en el municipio de Jalapa \u2015sureste\u2026","rel":"","context":"In &quot;Noticias Nacionales&quot;","block_context":{"text":"Noticias Nacionales","link":"https:\/\/noticiasya.com\/midland-odessa\/categoria\/noticias-nacionales"},"img":{"alt_text":"","src":"","width":0,"height":0},"classes":[]},{"id":1443120,"url":"https:\/\/noticiasya.com\/midland-odessa\/2024\/01\/03\/autoridades-de-mexico-localizan-a-los-31-migrantes-secuestrados-en-tamaulipas\/","url_meta":{"origin":1455540,"position":4},"title":"Autoridades de M\u00e9xico localizan a los 31 migrantes secuestrados en Tamaulipas","author":"","date":"enero 3, 2024","format":false,"excerpt":"(CNN Espa\u00f1ol) -- Autoridades de M\u00e9xico localizaron con vida a los 31 migrantes que fueron secuestrados el pasado s\u00e1bado en el estado de Tamaulipas, en el norte del pa\u00eds, confirm\u00f3 a CNN el portavoz de seguridad del gobierno del estado, Jorge Cu\u00e9llar.Los migrantes se encuentran sanos y salvos, a\u00f1adi\u00f3.Por su\u2026","rel":"","context":"In &quot;Noticias Nacionales&quot;","block_context":{"text":"Noticias Nacionales","link":"https:\/\/noticiasya.com\/midland-odessa\/categoria\/noticias-nacionales"},"img":{"alt_text":"","src":"","width":0,"height":0},"classes":[]},{"id":1443128,"url":"https:\/\/noticiasya.com\/midland-odessa\/2024\/01\/04\/autoridades-de-mexico-localizan-a-los-31-migrantes-secuestrados-en-tamaulipas-2\/","url_meta":{"origin":1455540,"position":5},"title":"Autoridades de M\u00e9xico localizan a los 31 migrantes secuestrados en Tamaulipas","author":"","date":"enero 4, 2024","format":false,"excerpt":"(CNN Espa\u00f1ol) -- Autoridades de M\u00e9xico localizaron con vida a los 31 migrantes que fueron secuestrados el pasado s\u00e1bado en el estado de Tamaulipas, en el norte del pa\u00eds, confirm\u00f3 a CNN el portavoz de seguridad del gobierno del estado, Jorge Cu\u00e9llar.Los migrantes se encuentran sanos y salvos, a\u00f1adi\u00f3.La vocer\u00eda\u2026","rel":"","context":"In &quot;Noticias Nacionales&quot;","block_context":{"text":"Noticias Nacionales","link":"https:\/\/noticiasya.com\/midland-odessa\/categoria\/noticias-nacionales"},"img":{"alt_text":"","src":"","width":0,"height":0},"classes":[]}],"jetpack_sharing_enabled":true,"_links":{"self":[{"href":"https:\/\/noticiasya.com\/midland-odessa\/wp-json\/wp\/v2\/posts\/1455540","targetHints":{"allow":["GET"]}}],"collection":[{"href":"https:\/\/noticiasya.com\/midland-odessa\/wp-json\/wp\/v2\/posts"}],"about":[{"href":"https:\/\/noticiasya.com\/midland-odessa\/wp-json\/wp\/v2\/types\/post"}],"replies":[{"embeddable":true,"href":"https:\/\/noticiasya.com\/midland-odessa\/wp-json\/wp\/v2\/comments?post=1455540"}],"version-history":[{"count":0,"href":"https:\/\/noticiasya.com\/midland-odessa\/wp-json\/wp\/v2\/posts\/1455540\/revisions"}],"wp:attachment":[{"href":"https:\/\/noticiasya.com\/midland-odessa\/wp-json\/wp\/v2\/media?parent=1455540"}],"wp:term":[{"taxonomy":"category","embeddable":true,"href":"https:\/\/noticiasya.com\/midland-odessa\/wp-json\/wp\/v2\/categories?post=1455540"},{"taxonomy":"post_tag","embeddable":true,"href":"https:\/\/noticiasya.com\/midland-odessa\/wp-json\/wp\/v2\/tags?post=1455540"}],"curies":[{"name":"wp","href":"https:\/\/api.w.org\/{rel}","templated":true}]}}