{"id":1455541,"date":"2024-11-04T01:03:40","date_gmt":"2024-11-04T09:03:40","guid":{"rendered":"https:\/\/noticiasya.com\/2024\/11\/04\/muere-quincy-jones-a-los-91-anos-trax\/"},"modified":"2024-11-04T01:03:40","modified_gmt":"2024-11-04T09:03:40","slug":"muere-quincy-jones-a-los-91-anos-trax","status":"publish","type":"post","link":"https:\/\/noticiasya.com\/midland-odessa\/2024\/11\/04\/muere-quincy-jones-a-los-91-anos-trax\/","title":{"rendered":"Muere Quincy Jones a los 91 a\u00f1os"},"content":{"rendered":"<p>(CNN) &#8212; El m\u00fasico Quincy Jones muri\u00f3 a los 91 a\u00f1os en su casa de Bel Air, California, \u201crodeado de sus hijos, sus hermanos y familiares cercanos en el momento de su muerte\u201d, seg\u00fan un comunicado de sus representantes.<\/p>\n<p>\u201cEsta noche, con el coraz\u00f3n lleno pero roto, debemos compartir la noticia del fallecimiento de nuestro padre y hermano Quincy Jones. Y aunque esta es una p\u00e9rdida incre\u00edble para nuestra familia, celebramos la gran vida que vivi\u00f3 y sabemos que nunca habr\u00e1 otro como \u00e9l\u201d, dijo la familia Jones en el comunicado. \u201cEs verdaderamente \u00fanico y lo extra\u00f1aremos mucho; nos reconforta y nos enorgullece enormemente saber que el amor y la alegr\u00eda, que eran la esencia de su ser, fueron compartidos con el mundo a trav\u00e9s de todo lo que cre\u00f3. A trav\u00e9s de su m\u00fasica y su amor ilimitado, el coraz\u00f3n de Quincy Jones latir\u00e1 por la eternidad\u201d.<\/p>\n<p>The-CNN-Wire<br \/>&trade; &amp; &copy; 2024 Cable News Network, Inc., a Warner Bros. Discovery Company. All rights reserved.<\/p>\n","protected":false},"excerpt":{"rendered":"<p>(CNN) &#8212; El m\u00fasico Quincy Jones muri\u00f3 a los 91 a\u00f1os en su casa de Bel Air, California, \u201crodeado de sus hijos, sus hermanos y familiares cercanos en el momento de su muerte\u201d, seg\u00fan un comunicado de sus representantes. \u201cEsta noche, con el coraz\u00f3n lleno pero roto, debemos compartir la noticia del fallecimiento de nuestro [&hellip;]<\/p>\n","protected":false},"author":0,"featured_media":0,"comment_status":"open","ping_status":"open","sticky":false,"template":"","format":"standard","meta":{"_jetpack_memberships_contains_paid_content":false,"footnotes":""},"categories":[10],"tags":[],"class_list":["post-1455541","post","type-post","status-publish","format-standard","hentry","category-noticias-nacionales","market-global"],"yoast_head":"<!-- This site is optimized with the Yoast SEO plugin v24.4 - https:\/\/yoast.com\/wordpress\/plugins\/seo\/ -->\n<title>Muere Quincy Jones a los 91 a\u00f1os - Noticias<\/title>\n<meta name=\"robots\" content=\"index, follow, max-snippet:-1, max-image-preview:large, max-video-preview:-1\" \/>\n<link rel=\"canonical\" href=\"https:\/\/noticiasya.com\/2024\/11\/04\/muere-quincy-jones-a-los-91-anos-trax\/\" \/>\n<meta property=\"og:locale\" content=\"es_ES\" \/>\n<meta property=\"og:type\" content=\"article\" \/>\n<meta property=\"og:title\" content=\"Muere Quincy Jones a los 91 a\u00f1os - Noticias\" \/>\n<meta property=\"og:description\" content=\"(CNN) &#8212; El m\u00fasico Quincy Jones muri\u00f3 a los 91 a\u00f1os en su casa de Bel Air, California, \u201crodeado de sus hijos, sus hermanos y familiares cercanos en el momento de su muerte\u201d, seg\u00fan un comunicado de sus representantes. \u201cEsta noche, con el coraz\u00f3n lleno pero roto, debemos compartir la noticia del fallecimiento de nuestro [&hellip;]\" \/>\n<meta property=\"og:url\" content=\"https:\/\/noticiasya.com\/2024\/11\/04\/muere-quincy-jones-a-los-91-anos-trax\/\" \/>\n<meta property=\"og:site_name\" content=\"Noticias\" \/>\n<meta property=\"article:published_time\" content=\"2024-11-04T09:03:40+00:00\" \/>\n<meta name=\"twitter:card\" content=\"summary_large_image\" \/>\n<meta name=\"twitter:label1\" content=\"Est. reading time\" \/>\n\t<meta name=\"twitter:data1\" content=\"1 minuto\" \/>\n<script type=\"application\/ld+json\" class=\"yoast-schema-graph\">{\"@context\":\"https:\/\/schema.org\",\"@graph\":[{\"@type\":\"Article\",\"@id\":\"https:\/\/noticiasya.com\/2024\/11\/04\/muere-quincy-jones-a-los-91-anos-trax\/#article\",\"isPartOf\":{\"@id\":\"https:\/\/noticiasya.com\/2024\/11\/04\/muere-quincy-jones-a-los-91-anos-trax\/\"},\"author\":{\"name\":\"\",\"@id\":\"\"},\"headline\":\"Muere Quincy Jones a los 91 a\u00f1os\",\"datePublished\":\"2024-11-04T09:03:40+00:00\",\"mainEntityOfPage\":{\"@id\":\"https:\/\/noticiasya.com\/2024\/11\/04\/muere-quincy-jones-a-los-91-anos-trax\/\"},\"wordCount\":182,\"commentCount\":0,\"publisher\":{\"@id\":\"https:\/\/noticiasya.com\/#organization\"},\"articleSection\":[\"Noticias Nacionales\"],\"inLanguage\":\"es\",\"potentialAction\":[{\"@type\":\"CommentAction\",\"name\":\"Comment\",\"target\":[\"https:\/\/noticiasya.com\/2024\/11\/04\/muere-quincy-jones-a-los-91-anos-trax\/#respond\"]}]},{\"@type\":\"WebPage\",\"@id\":\"https:\/\/noticiasya.com\/2024\/11\/04\/muere-quincy-jones-a-los-91-anos-trax\/\",\"url\":\"https:\/\/noticiasya.com\/2024\/11\/04\/muere-quincy-jones-a-los-91-anos-trax\/\",\"name\":\"Muere Quincy Jones a los 91 a\u00f1os - Noticias\",\"isPartOf\":{\"@id\":\"https:\/\/noticiasya.com\/#website\"},\"datePublished\":\"2024-11-04T09:03:40+00:00\",\"breadcrumb\":{\"@id\":\"https:\/\/noticiasya.com\/2024\/11\/04\/muere-quincy-jones-a-los-91-anos-trax\/#breadcrumb\"},\"inLanguage\":\"es\",\"potentialAction\":[{\"@type\":\"ReadAction\",\"target\":[\"https:\/\/noticiasya.com\/2024\/11\/04\/muere-quincy-jones-a-los-91-anos-trax\/\"]}]},{\"@type\":\"BreadcrumbList\",\"@id\":\"https:\/\/noticiasya.com\/2024\/11\/04\/muere-quincy-jones-a-los-91-anos-trax\/#breadcrumb\",\"itemListElement\":[{\"@type\":\"ListItem\",\"position\":1,\"name\":\"Home\",\"item\":\"https:\/\/noticiasya.com\/\"},{\"@type\":\"ListItem\",\"position\":2,\"name\":\"Muere Quincy Jones a los 91 a\u00f1os\"}]},{\"@type\":\"WebSite\",\"@id\":\"https:\/\/noticiasya.com\/#website\",\"url\":\"https:\/\/noticiasya.com\/\",\"name\":\"Noticias\",\"description\":\"Lo que importa\",\"publisher\":{\"@id\":\"https:\/\/noticiasya.com\/#organization\"},\"potentialAction\":[{\"@type\":\"SearchAction\",\"target\":{\"@type\":\"EntryPoint\",\"urlTemplate\":\"https:\/\/noticiasya.com\/?s={search_term_string}\"},\"query-input\":{\"@type\":\"PropertyValueSpecification\",\"valueRequired\":true,\"valueName\":\"search_term_string\"}}],\"inLanguage\":\"es\"},{\"@type\":\"Organization\",\"@id\":\"https:\/\/noticiasya.com\/#organization\",\"name\":\"Noticias\",\"url\":\"https:\/\/noticiasya.com\/\",\"logo\":{\"@type\":\"ImageObject\",\"inLanguage\":\"es\",\"@id\":\"https:\/\/noticiasya.com\/#\/schema\/logo\/image\/\",\"url\":\"https:\/\/noticiasya.com\/wp-content\/uploads\/sites\/22\/2023\/12\/logo-nacional.png\",\"contentUrl\":\"https:\/\/noticiasya.com\/wp-content\/uploads\/sites\/22\/2023\/12\/logo-nacional.png\",\"width\":1801,\"height\":691,\"caption\":\"Noticias\"},\"image\":{\"@id\":\"https:\/\/noticiasya.com\/#\/schema\/logo\/image\/\"}}]}<\/script>\n<!-- \/ Yoast SEO plugin. -->","yoast_head_json":{"title":"Muere Quincy Jones a los 91 a\u00f1os - Noticias","robots":{"index":"index","follow":"follow","max-snippet":"max-snippet:-1","max-image-preview":"max-image-preview:large","max-video-preview":"max-video-preview:-1"},"canonical":"https:\/\/noticiasya.com\/2024\/11\/04\/muere-quincy-jones-a-los-91-anos-trax\/","og_locale":"es_ES","og_type":"article","og_title":"Muere Quincy Jones a los 91 a\u00f1os - Noticias","og_description":"(CNN) &#8212; El m\u00fasico Quincy Jones muri\u00f3 a los 91 a\u00f1os en su casa de Bel Air, California, \u201crodeado de sus hijos, sus hermanos y familiares cercanos en el momento de su muerte\u201d, seg\u00fan un comunicado de sus representantes. \u201cEsta noche, con el coraz\u00f3n lleno pero roto, debemos compartir la noticia del fallecimiento de nuestro [&hellip;]","og_url":"https:\/\/noticiasya.com\/2024\/11\/04\/muere-quincy-jones-a-los-91-anos-trax\/","og_site_name":"Noticias","article_published_time":"2024-11-04T09:03:40+00:00","twitter_card":"summary_large_image","twitter_misc":{"Est. reading time":"1 minuto"},"schema":{"@context":"https:\/\/schema.org","@graph":[{"@type":"Article","@id":"https:\/\/noticiasya.com\/2024\/11\/04\/muere-quincy-jones-a-los-91-anos-trax\/#article","isPartOf":{"@id":"https:\/\/noticiasya.com\/2024\/11\/04\/muere-quincy-jones-a-los-91-anos-trax\/"},"author":{"name":"","@id":""},"headline":"Muere Quincy Jones a los 91 a\u00f1os","datePublished":"2024-11-04T09:03:40+00:00","mainEntityOfPage":{"@id":"https:\/\/noticiasya.com\/2024\/11\/04\/muere-quincy-jones-a-los-91-anos-trax\/"},"wordCount":182,"commentCount":0,"publisher":{"@id":"https:\/\/noticiasya.com\/#organization"},"articleSection":["Noticias Nacionales"],"inLanguage":"es","potentialAction":[{"@type":"CommentAction","name":"Comment","target":["https:\/\/noticiasya.com\/2024\/11\/04\/muere-quincy-jones-a-los-91-anos-trax\/#respond"]}]},{"@type":"WebPage","@id":"https:\/\/noticiasya.com\/2024\/11\/04\/muere-quincy-jones-a-los-91-anos-trax\/","url":"https:\/\/noticiasya.com\/2024\/11\/04\/muere-quincy-jones-a-los-91-anos-trax\/","name":"Muere Quincy Jones a los 91 a\u00f1os - Noticias","isPartOf":{"@id":"https:\/\/noticiasya.com\/#website"},"datePublished":"2024-11-04T09:03:40+00:00","breadcrumb":{"@id":"https:\/\/noticiasya.com\/2024\/11\/04\/muere-quincy-jones-a-los-91-anos-trax\/#breadcrumb"},"inLanguage":"es","potentialAction":[{"@type":"ReadAction","target":["https:\/\/noticiasya.com\/2024\/11\/04\/muere-quincy-jones-a-los-91-anos-trax\/"]}]},{"@type":"BreadcrumbList","@id":"https:\/\/noticiasya.com\/2024\/11\/04\/muere-quincy-jones-a-los-91-anos-trax\/#breadcrumb","itemListElement":[{"@type":"ListItem","position":1,"name":"Home","item":"https:\/\/noticiasya.com\/"},{"@type":"ListItem","position":2,"name":"Muere Quincy Jones a los 91 a\u00f1os"}]},{"@type":"WebSite","@id":"https:\/\/noticiasya.com\/#website","url":"https:\/\/noticiasya.com\/","name":"Noticias","description":"Lo que importa","publisher":{"@id":"https:\/\/noticiasya.com\/#organization"},"potentialAction":[{"@type":"SearchAction","target":{"@type":"EntryPoint","urlTemplate":"https:\/\/noticiasya.com\/?s={search_term_string}"},"query-input":{"@type":"PropertyValueSpecification","valueRequired":true,"valueName":"search_term_string"}}],"inLanguage":"es"},{"@type":"Organization","@id":"https:\/\/noticiasya.com\/#organization","name":"Noticias","url":"https:\/\/noticiasya.com\/","logo":{"@type":"ImageObject","inLanguage":"es","@id":"https:\/\/noticiasya.com\/#\/schema\/logo\/image\/","url":"https:\/\/noticiasya.com\/wp-content\/uploads\/sites\/22\/2023\/12\/logo-nacional.png","contentUrl":"https:\/\/noticiasya.com\/wp-content\/uploads\/sites\/22\/2023\/12\/logo-nacional.png","width":1801,"height":691,"caption":"Noticias"},"image":{"@id":"https:\/\/noticiasya.com\/#\/schema\/logo\/image\/"}}]}},"parsely":{"version":"1.1.0","canonical_url":"https:\/\/noticiasya.com\/midland-odessa\/2024\/11\/04\/muere-quincy-jones-a-los-91-anos-trax\/","smart_links":{"inbound":0,"outbound":0},"traffic_boost_suggestions_count":0,"meta":{"@context":"https:\/\/schema.org","@type":"NewsArticle","headline":"Muere Quincy Jones a los 91 a\u00f1os","url":"http:\/\/noticiasya.com\/midland-odessa\/2024\/11\/04\/muere-quincy-jones-a-los-91-anos-trax\/","mainEntityOfPage":{"@type":"WebPage","@id":"http:\/\/noticiasya.com\/midland-odessa\/2024\/11\/04\/muere-quincy-jones-a-los-91-anos-trax\/"},"thumbnailUrl":"","image":{"@type":"ImageObject","url":""},"articleSection":"Noticias Nacionales","author":[],"creator":[],"publisher":{"@type":"Organization","name":"Noticias","logo":""},"keywords":[],"dateCreated":"2024-11-04T09:03:40Z","datePublished":"2024-11-04T09:03:40Z","dateModified":"2024-11-04T09:03:40Z"},"rendered":"<script type=\"application\/ld+json\" class=\"wp-parsely-metadata\">{\"@context\":\"https:\\\/\\\/schema.org\",\"@type\":\"NewsArticle\",\"headline\":\"Muere Quincy Jones a los 91 a\\u00f1os\",\"url\":\"http:\\\/\\\/noticiasya.com\\\/midland-odessa\\\/2024\\\/11\\\/04\\\/muere-quincy-jones-a-los-91-anos-trax\\\/\",\"mainEntityOfPage\":{\"@type\":\"WebPage\",\"@id\":\"http:\\\/\\\/noticiasya.com\\\/midland-odessa\\\/2024\\\/11\\\/04\\\/muere-quincy-jones-a-los-91-anos-trax\\\/\"},\"thumbnailUrl\":\"\",\"image\":{\"@type\":\"ImageObject\",\"url\":\"\"},\"articleSection\":\"Noticias Nacionales\",\"author\":[],\"creator\":[],\"publisher\":{\"@type\":\"Organization\",\"name\":\"Noticias\",\"logo\":\"\"},\"keywords\":[],\"dateCreated\":\"2024-11-04T09:03:40Z\",\"datePublished\":\"2024-11-04T09:03:40Z\",\"dateModified\":\"2024-11-04T09:03:40Z\"}<\/script>","tracker_url":"https:\/\/cdn.parsely.com\/keys\/noticiasya.com\/p.js"},"jetpack_featured_media_url":"","jetpack-related-posts":[{"id":1444855,"url":"https:\/\/noticiasya.com\/midland-odessa\/2024\/02\/03\/quienes-son-los-artistas-que-mas-premios-grammy-han-ganado-en-la-historia\/","url_meta":{"origin":1455541,"position":0},"title":"\u00bfQui\u00e9nes son los artistas que m\u00e1s premios Grammy han ganado en la historia?","author":"","date":"febrero 3, 2024","format":false,"excerpt":"(CNN Espa\u00f1ol) -- Ganar un Grammy puede catapultar a un artista en el sector de la m\u00fasica estadounidense pero hay algunos que tienen m\u00e1s de uno y acumulan decenas de gram\u00f3fonos en sus estantes.Para esta edici\u00f3n, la n\u00famero 65, la lista de nominados se dio a conocer en noviembre pasado\u2026","rel":"","context":"In &quot;Noticias Nacionales&quot;","block_context":{"text":"Noticias Nacionales","link":"https:\/\/noticiasya.com\/midland-odessa\/categoria\/noticias-nacionales"},"img":{"alt_text":"","src":"","width":0,"height":0},"classes":[]},{"id":1466149,"url":"https:\/\/noticiasya.com\/midland-odessa\/2025\/09\/04\/muere-giorgio-armani-trax\/","url_meta":{"origin":1455541,"position":1},"title":"Muere el dise\u00f1ador de moda italiano Giorgio Armani a los 91 a\u00f1os","author":"","date":"septiembre 4, 2025","format":false,"excerpt":"El dise\u00f1ador de moda italiano Giorgio Armani muri\u00f3 a los 91 a\u00f1os, anunci\u00f3 el Grupo Armani, este jueves.Al dise\u00f1ador se le atribuye, durante d\u00e9cadas de pr\u00e1ctica, la creaci\u00f3n de una est\u00e9tica t\u00edpicamente italiana en sus prendas, adem\u00e1s de llevar las alfombras rojas de Hollywood a nuevas alturas.\u201cIl Signor Armani, como\u2026","rel":"","context":"In &quot;Noticias Nacionales&quot;","block_context":{"text":"Noticias Nacionales","link":"https:\/\/noticiasya.com\/midland-odessa\/categoria\/noticias-nacionales"},"img":{"alt_text":"","src":"","width":0,"height":0},"classes":[]},{"id":1469144,"url":"https:\/\/noticiasya.com\/midland-odessa\/2025\/12\/10\/sophie-kinsella-muere-shopaholic-trax\/","url_meta":{"origin":1455541,"position":2},"title":"Fallece a los 55 a\u00f1os Sophie Kinsella, autora del bestseller &#171;Shopaholic&#187;","author":"","date":"diciembre 10, 2025","format":false,"excerpt":"Sophie Kinsella, autora del bestseller \u201cShopaholic\u201d, falleci\u00f3 a los 55 a\u00f1os.La escritora, cuyo verdadero nombre era Madeleine Sophie Wickham, fue diagnosticada con un c\u00e1ncer cerebral agresivo en 2022.La familia de Kinsella anunci\u00f3 su fallecimiento este mi\u00e9rcoles en un comunicado publicado en su cuenta de Instagram.\u201cNos duele anunciar el fallecimiento esta\u2026","rel":"","context":"In &quot;Noticias Nacionales&quot;","block_context":{"text":"Noticias Nacionales","link":"https:\/\/noticiasya.com\/midland-odessa\/categoria\/noticias-nacionales"},"img":{"alt_text":"","src":"","width":0,"height":0},"classes":[]},{"id":1448377,"url":"https:\/\/noticiasya.com\/midland-odessa\/2024\/04\/22\/murio-ana-estrada-eutanasia-peru-orix\/","url_meta":{"origin":1455541,"position":3},"title":"La peruana Ana Estrada ejerci\u00f3 su derecho a la eutanasia y muri\u00f3 luego de luchar durante a\u00f1os en los tribunales","author":"","date":"abril 22, 2024","format":false,"excerpt":"(CNN Espa\u00f1ol) -- Ana Estrada \u201cmuri\u00f3 en sus propios t\u00e9rminos, conforme a su idea de dignidad y en pleno control de su autonom\u00eda hasta el final\u201d, inform\u00f3 su familia en un comunicado este lunes, tras una larga batalla judicial en Per\u00fa.Seg\u00fan el documento, \u201cAna ejerci\u00f3 este domingo su derecho fundamental\u2026","rel":"","context":"In &quot;Noticias Nacionales&quot;","block_context":{"text":"Noticias Nacionales","link":"https:\/\/noticiasya.com\/midland-odessa\/categoria\/noticias-nacionales"},"img":{"alt_text":"","src":"","width":0,"height":0},"classes":[]},{"id":1450140,"url":"https:\/\/noticiasya.com\/midland-odessa\/2024\/06\/07\/alex-jones-liquidar-bienes-familias-sandy-hook-infowars-trax\/","url_meta":{"origin":1455541,"position":4},"title":"Alex Jones acepta liquidar sus bienes para pagar a las familias de Sandy Hook, en una medida que pondr\u00eda fin a su propiedad de Infowars","author":"","date":"junio 7, 2024","format":false,"excerpt":"(CNN) -- El te\u00f3rico de la conspiraci\u00f3n de derecha Alex Jones procedi\u00f3 a liquidar sus bienes personales el jueves, accediendo a las demandas de las familias de las v\u00edctimas de Sandy Hook a quienes debe m\u00e1s de US$ 1.500 millones en da\u00f1os y perjuicios por sus mentiras sobre la masacre\u2026","rel":"","context":"In &quot;Noticias Nacionales&quot;","block_context":{"text":"Noticias Nacionales","link":"https:\/\/noticiasya.com\/midland-odessa\/categoria\/noticias-nacionales"},"img":{"alt_text":"","src":"","width":0,"height":0},"classes":[]},{"id":1462646,"url":"https:\/\/noticiasya.com\/midland-odessa\/2025\/05\/21\/hannah-kobayashi-habla-tras-desaparicion-orix\/","url_meta":{"origin":1455541,"position":5},"title":"Hannah Kobayashi rompe el silencio tras su desaparici\u00f3n: &#171;Estoy profundamente agradecida&#187;","author":"","date":"mayo 21, 2025","format":false,"excerpt":"Hannah Kobayashi, la mujer de Hawai cuya desaparici\u00f3n en noviembre de 2024 gener\u00f3 una intensa b\u00fasqueda internacional, habl\u00f3 p\u00fablicamente por primera vez desde su regreso a Estados Unidos. En una serie de publicaciones en sus historias de Instagram, Kobayashi expres\u00f3 su gratitud y comparti\u00f3 reflexiones sobre su experiencia.\u201cEstoy profundamente agradecida\u2026","rel":"","context":"In &quot;Noticias Nacionales&quot;","block_context":{"text":"Noticias Nacionales","link":"https:\/\/noticiasya.com\/midland-odessa\/categoria\/noticias-nacionales"},"img":{"alt_text":"","src":"","width":0,"height":0},"classes":[]}],"jetpack_sharing_enabled":true,"_links":{"self":[{"href":"https:\/\/noticiasya.com\/midland-odessa\/wp-json\/wp\/v2\/posts\/1455541","targetHints":{"allow":["GET"]}}],"collection":[{"href":"https:\/\/noticiasya.com\/midland-odessa\/wp-json\/wp\/v2\/posts"}],"about":[{"href":"https:\/\/noticiasya.com\/midland-odessa\/wp-json\/wp\/v2\/types\/post"}],"replies":[{"embeddable":true,"href":"https:\/\/noticiasya.com\/midland-odessa\/wp-json\/wp\/v2\/comments?post=1455541"}],"version-history":[{"count":0,"href":"https:\/\/noticiasya.com\/midland-odessa\/wp-json\/wp\/v2\/posts\/1455541\/revisions"}],"wp:attachment":[{"href":"https:\/\/noticiasya.com\/midland-odessa\/wp-json\/wp\/v2\/media?parent=1455541"}],"wp:term":[{"taxonomy":"category","embeddable":true,"href":"https:\/\/noticiasya.com\/midland-odessa\/wp-json\/wp\/v2\/categories?post=1455541"},{"taxonomy":"post_tag","embeddable":true,"href":"https:\/\/noticiasya.com\/midland-odessa\/wp-json\/wp\/v2\/tags?post=1455541"}],"curies":[{"name":"wp","href":"https:\/\/api.w.org\/{rel}","templated":true}]}}