{"id":1455550,"date":"2024-11-04T12:03:38","date_gmt":"2024-11-04T20:03:38","guid":{"rendered":"https:\/\/noticiasya.com\/2024\/11\/04\/kamala-harris-quien-es-perfil-trax\/"},"modified":"2024-11-04T12:03:38","modified_gmt":"2024-11-04T20:03:38","slug":"kamala-harris-quien-es-perfil-trax","status":"publish","type":"post","link":"https:\/\/noticiasya.com\/midland-odessa\/2024\/11\/04\/kamala-harris-quien-es-perfil-trax\/","title":{"rendered":"\u00bfQui\u00e9n es Kamala Harris, aspirante a convertirse en la primera mujer presidenta de EE.UU.?"},"content":{"rendered":"<p>(CNN) &#8212; Cuando el presidente Joe Biden decidi\u00f3 terminar su aspiraci\u00f3n a la reelecci\u00f3n y respaldar a la vicepresidenta Kamala Harris para reemplazarlo en la campa\u00f1a, trastoc\u00f3 la carrera presidencial y puso un renovado foco de atenci\u00f3n sobre Harris.<\/p>\n<p>Su trayectoria profesional, de fiscal a pol\u00edtica, ha estado marcada por muchos hitos: fue la primera senadora indoamericana del pa\u00eds y la primera mujer y fiscal general de\u00a0ascendencia del sur de Asia en California. Harris es la primera mujer en convertirse en vicepresidenta, as\u00ed como la primera persona negra o asi\u00e1ticoestadounidense en ocupar el cargo.<\/p>\n<p>D\u00f3nde voto en las elecciones de EE.UU 2024: c\u00f3mo encontrar mi centro de votaci\u00f3n<\/p>\n<p>Ahora, despu\u00e9s de acumular el impulso como la candidata presidencial del Partido Dem\u00f3crata en 2024, Harris podr\u00eda estar a punto de convertirse en la primera presidenta del pa\u00eds.<\/p>\n<p>Esto es lo que hay que saber sobre la vida de Harris y los momentos que la definieron en la pol\u00edtica.<\/p>\n<p>Hija de inmigrantes<\/p>\n<p>Kamala Devi Harris naci\u00f3 en Oakland, California, el 20 de octubre de 1964.<\/p>\n<p>En la introducci\u00f3n de sus memorias de 2019, &#171;The Truths We Hold&#187;, Harris se\u00f1al\u00f3 que su nombre se pronuncia &#171;&#8216;comma-la&#8217;, como el signo de puntuaci\u00f3n&#187; y que significa &#171;flor de loto&#187;, en homenaje a un s\u00edmbolo importante en la cultura india.<\/p>\n<p>El padre de Harris, Donald, emigr\u00f3 a Estados Unidos desde Jamaica para estudiar econom\u00eda en la Universidad de California en Berkeley. Ahora es profesor em\u00e9rito de econom\u00eda en Stanford.<\/p>\n<p>Su madre, Shyamala Gopalan Harris, emigr\u00f3 a EE.UU. desde el sur de la India a finales de la d\u00e9cada de 1950. Obtuvo su doctorado en nutrici\u00f3n y endocrinolog\u00eda en Berkeley y se convirti\u00f3 en una reconocida investigadora del c\u00e1ncer de mama antes de fallecer en 2009.<\/p>\n<p>Mira todo sobre las elecciones en Estados Unidos<\/p>\n<p>Harris escribe que sus padres &#171;se conocieron y se enamoraron en Berkeley mientras participaban en el movimiento por los derechos civiles&#187;, pero la pareja se divorci\u00f3 m\u00e1s tarde cuando Harris y su hermana, Maya, eran j\u00f3venes.<\/p>\n<p>Harris atribuye a su madre el m\u00e9rito de &#171;formarnos en las mujeres que llegar\u00edamos a ser&#187; y de ense\u00f1ar a sus hijas a estar orgullosas de su herencia india y negra.<\/p>\n<p>\u201cNuestros nombres cl\u00e1sicos indios evocaban nuestra herencia, y fuimos criadas con una fuerte conciencia y aprecio por la cultura india\u201d, escribi\u00f3 Harris en sus memorias.<\/p>\n<p>\u201cMi madre entend\u00eda muy bien que estaba criando a dos hijas negras. Sab\u00eda que su patria adoptiva ver\u00eda a Maya y a m\u00ed como ni\u00f1as negras, y estaba decidida a asegurarse de que nos convirti\u00e9ramos en mujeres negras seguras y orgullosas\u201d.<\/p>\n<p>Una carrera de &#8216;primeras veces&#8217;<\/p>\n<p>Kamala de tres a\u00f1os. Archivio GBB\/contrasto\/Redux<\/p>\n<p>En 1982, Harris se inscribi\u00f3 en la Universidad de Howard, una universidad hist\u00f3ricamente negra en el coraz\u00f3n de Washington.<\/p>\n<p>All\u00ed, se uni\u00f3 a Alpha Kappa Alpha, la sororidad negra m\u00e1s antigua del pa\u00eds, y obtuvo una licenciatura en ciencias pol\u00edticas y econom\u00eda. M\u00e1s tarde se convertir\u00eda en la primera graduada de una HBCU en ser elegida vicepresidenta.<\/p>\n<p>Despu\u00e9s de la universidad, Harris regres\u00f3 a California y asisti\u00f3 a la Facultad de Derecho en la Universidad de California Hastings. Cuando decidi\u00f3 seguir una carrera como fiscal en la oficina del fiscal de distrito, Harris dijo que sab\u00eda que tendr\u00eda que defender su elecci\u00f3n ante sus amigos y familiares.<\/p>\n<p>Foto del anuario de Kamala Harris en la Universidad Howard. Archivio GBB\/contrasto\/Redux<\/p>\n<p>\u201cEstados Unidos tiene una historia profunda y oscura de personas que usan el poder del fiscal como un instrumento de injusticia\u201d, escribi\u00f3 en sus memorias. \u201cPero tambi\u00e9n sab\u00eda que lo que estaba mal en el sistema no ten\u00eda que ser un hecho inmutable. Y quer\u00eda ser parte de cambiar eso\u201d.<\/p>\n<p>Despu\u00e9s de graduarse en derecho, Harris pas\u00f3 tres d\u00e9cadas como fiscal, sirviendo como fiscal adjunta del distrito del condado de Alameda en Oakland antes de ser elegida en 2004 como fiscal de distrito de San Francisco.<\/p>\n<p>En 2011, Harris se convirti\u00f3 en la primera mujer negra y asi\u00e1ticoestadounidense elegida como fiscal general de California.<\/p>\n<p>Durante su tiempo como fiscal general, Harris conoci\u00f3 y se hizo amiga del hijo mayor de Biden, Beau, quien tambi\u00e9n se desempe\u00f1\u00f3 como fiscal general de Delaware.<\/p>\n<p>El historial de Harris como fiscal, y m\u00e1s tarde como la principal funcionaria de la ley de California, fue objeto de escrutinio durante su campa\u00f1a presidencial de 2020, con activistas progresistas y defensores de la ley cuestionando varias decisiones que tom\u00f3 en el cargo, incluida su postura contra la pena de muerte.<\/p>\n<p>En 2014, Harris se cas\u00f3 con Doug Emhoff, un exsocio gerente de un bufete de abogados. La pareja se conoci\u00f3 en una cita a ciegas y Harris brome\u00f3 m\u00e1s tarde en sus memorias que su personal se refer\u00eda \u201ca esa era como D.D. \u2013 \u2018Despu\u00e9s de Doug\u2019&#187;.<\/p>\n<p>Emhoff es el primer segundo caballero del pa\u00eds.<\/p>\n<p>En esta foto de 2016, Kamala Harris celebra su victoria en la carrera por el Senado en Los \u00c1ngeles. Barbara Davidson\/Los Angeles Times\/Getty Images<\/p>\n<p>De fiscal a pol\u00edtica<\/p>\n<p>En 2015, Harris lanz\u00f3 una campa\u00f1a para el Senado de EE.UU., compitiendo para reemplazar a la veterana senadora de California Barbara Boxer.<\/p>\n<p>Tanto el expresidente Barack Obama como el entonces vicepresidente Biden respaldaron su campa\u00f1a y m\u00e1s tarde escribir\u00eda en sus memorias que la noche electoral de 2016 fue \u201csurrealista\u201d por muchas razones, no solo porque gan\u00f3.<\/p>\n<p>\u201cEra senadora electa de EE.UU., la primera mujer negra de mi estado y la segunda en la historia del pa\u00eds en obtener ese trabajo\u201d, escribi\u00f3.<\/p>\n<p>Pero, al quedar claro que Donald Trump se convertir\u00eda en el 45\u00ba presidente de Estados Unidos, Harris dijo que abandon\u00f3 el discurso que originalmente escribi\u00f3 bajo la suposici\u00f3n de que el pa\u00eds elegir\u00eda a su primera presidenta, y en su lugar inst\u00f3 a los seguidores \u201ca comprometerse a unir a nuestro pa\u00eds\u201d.<\/p>\n<p>Durante su tiempo en el Senado de EE.UU., Harris sirvi\u00f3 en la Comisi\u00f3n Judicial del Senado, as\u00ed como en la Comisi\u00f3n de Inteligencia, antes de lanzar una candidatura para la Casa Blanca en 2019.<\/p>\n<p>En un concurrido debate de las primarias presidenciales ese a\u00f1o, Harris confront\u00f3 el historial del entonces vicepresidente Biden, incluida su postura anterior sobre la lucha contra la segregaci\u00f3n y el transporte escolar.<\/p>\n<p>Biden luego le dijo a CNN despu\u00e9s del debate: \u201cEstaba preparado para que vinieran tras de m\u00ed. &#8230; Pero no estaba preparado para que la persona viniera hacia m\u00ed de la manera en que (Harris) vino tras de m\u00ed. Ella conoc\u00eda a Beau, me conoce a m\u00ed\u201d.<\/p>\n<p>La decisi\u00f3n de Biden de seleccionar a Harris como su compa\u00f1era de f\u00f3rmula sorprendi\u00f3 a algunos, pero \u00e9l la describir\u00eda como \u201cla mejor decisi\u00f3n que he tomado\u201d.<\/p>\n<p>El 20 de enero de 2021, Harris prest\u00f3 juramento como la primera vicepresidenta mujer, negra y y de ascendencia del sur de Asia del pa\u00eds. En su papel como presidenta del Senado, seg\u00fan la Casa Blanca, Harris estableci\u00f3 un nuevo r\u00e9cord por la mayor cantidad de votos de desempate emitidos por un vicepresidente.<\/p>\n<p>The-CNN-Wire<br \/>&trade; &amp; &copy; 2024 Cable News Network, Inc., a Warner Bros. Discovery Company. All rights reserved.<\/p>\n","protected":false},"excerpt":{"rendered":"<p>(CNN) &#8212; Cuando el presidente Joe Biden decidi\u00f3 terminar su aspiraci\u00f3n a la reelecci\u00f3n y respaldar a la vicepresidenta Kamala Harris para reemplazarlo en la campa\u00f1a, trastoc\u00f3 la carrera presidencial y puso un renovado foco de atenci\u00f3n sobre Harris. Su trayectoria profesional, de fiscal a pol\u00edtica, ha estado marcada por muchos hitos: fue la primera [&hellip;]<\/p>\n","protected":false},"author":0,"featured_media":0,"comment_status":"open","ping_status":"open","sticky":false,"template":"","format":"standard","meta":{"_jetpack_memberships_contains_paid_content":false,"footnotes":""},"categories":[10],"tags":[],"class_list":["post-1455550","post","type-post","status-publish","format-standard","hentry","category-noticias-nacionales","market-global"],"yoast_head":"<!-- This site is optimized with the Yoast SEO plugin v24.4 - https:\/\/yoast.com\/wordpress\/plugins\/seo\/ -->\n<title>\u00bfQui\u00e9n es Kamala Harris, aspirante a convertirse en la primera mujer presidenta de EE.UU.? - Noticias<\/title>\n<meta name=\"robots\" content=\"index, follow, max-snippet:-1, max-image-preview:large, max-video-preview:-1\" \/>\n<link rel=\"canonical\" href=\"https:\/\/noticiasya.com\/2024\/11\/04\/kamala-harris-quien-es-perfil-trax\/\" \/>\n<meta property=\"og:locale\" content=\"es_ES\" \/>\n<meta property=\"og:type\" content=\"article\" \/>\n<meta property=\"og:title\" content=\"\u00bfQui\u00e9n es Kamala Harris, aspirante a convertirse en la primera mujer presidenta de EE.UU.? - Noticias\" \/>\n<meta property=\"og:description\" content=\"(CNN) &#8212; Cuando el presidente Joe Biden decidi\u00f3 terminar su aspiraci\u00f3n a la reelecci\u00f3n y respaldar a la vicepresidenta Kamala Harris para reemplazarlo en la campa\u00f1a, trastoc\u00f3 la carrera presidencial y puso un renovado foco de atenci\u00f3n sobre Harris. Su trayectoria profesional, de fiscal a pol\u00edtica, ha estado marcada por muchos hitos: fue la primera [&hellip;]\" \/>\n<meta property=\"og:url\" content=\"https:\/\/noticiasya.com\/2024\/11\/04\/kamala-harris-quien-es-perfil-trax\/\" \/>\n<meta property=\"og:site_name\" content=\"Noticias\" \/>\n<meta property=\"article:published_time\" content=\"2024-11-04T20:03:38+00:00\" \/>\n<meta name=\"twitter:card\" content=\"summary_large_image\" \/>\n<meta name=\"twitter:label1\" content=\"Est. reading time\" \/>\n\t<meta name=\"twitter:data1\" content=\"6 minutos\" \/>\n<script type=\"application\/ld+json\" class=\"yoast-schema-graph\">{\"@context\":\"https:\/\/schema.org\",\"@graph\":[{\"@type\":\"Article\",\"@id\":\"https:\/\/noticiasya.com\/2024\/11\/04\/kamala-harris-quien-es-perfil-trax\/#article\",\"isPartOf\":{\"@id\":\"https:\/\/noticiasya.com\/2024\/11\/04\/kamala-harris-quien-es-perfil-trax\/\"},\"author\":{\"name\":\"\",\"@id\":\"\"},\"headline\":\"\u00bfQui\u00e9n es Kamala Harris, aspirante a convertirse en la primera mujer presidenta de EE.UU.?\",\"datePublished\":\"2024-11-04T20:03:38+00:00\",\"mainEntityOfPage\":{\"@id\":\"https:\/\/noticiasya.com\/2024\/11\/04\/kamala-harris-quien-es-perfil-trax\/\"},\"wordCount\":1266,\"commentCount\":0,\"publisher\":{\"@id\":\"https:\/\/noticiasya.com\/#organization\"},\"articleSection\":[\"Noticias Nacionales\"],\"inLanguage\":\"es\",\"potentialAction\":[{\"@type\":\"CommentAction\",\"name\":\"Comment\",\"target\":[\"https:\/\/noticiasya.com\/2024\/11\/04\/kamala-harris-quien-es-perfil-trax\/#respond\"]}]},{\"@type\":\"WebPage\",\"@id\":\"https:\/\/noticiasya.com\/2024\/11\/04\/kamala-harris-quien-es-perfil-trax\/\",\"url\":\"https:\/\/noticiasya.com\/2024\/11\/04\/kamala-harris-quien-es-perfil-trax\/\",\"name\":\"\u00bfQui\u00e9n es Kamala Harris, aspirante a convertirse en la primera mujer presidenta de EE.UU.? - Noticias\",\"isPartOf\":{\"@id\":\"https:\/\/noticiasya.com\/#website\"},\"datePublished\":\"2024-11-04T20:03:38+00:00\",\"breadcrumb\":{\"@id\":\"https:\/\/noticiasya.com\/2024\/11\/04\/kamala-harris-quien-es-perfil-trax\/#breadcrumb\"},\"inLanguage\":\"es\",\"potentialAction\":[{\"@type\":\"ReadAction\",\"target\":[\"https:\/\/noticiasya.com\/2024\/11\/04\/kamala-harris-quien-es-perfil-trax\/\"]}]},{\"@type\":\"BreadcrumbList\",\"@id\":\"https:\/\/noticiasya.com\/2024\/11\/04\/kamala-harris-quien-es-perfil-trax\/#breadcrumb\",\"itemListElement\":[{\"@type\":\"ListItem\",\"position\":1,\"name\":\"Home\",\"item\":\"https:\/\/noticiasya.com\/\"},{\"@type\":\"ListItem\",\"position\":2,\"name\":\"\u00bfQui\u00e9n es Kamala Harris, aspirante a convertirse en la primera mujer presidenta de EE.UU.?\"}]},{\"@type\":\"WebSite\",\"@id\":\"https:\/\/noticiasya.com\/#website\",\"url\":\"https:\/\/noticiasya.com\/\",\"name\":\"Noticias\",\"description\":\"Lo que importa\",\"publisher\":{\"@id\":\"https:\/\/noticiasya.com\/#organization\"},\"potentialAction\":[{\"@type\":\"SearchAction\",\"target\":{\"@type\":\"EntryPoint\",\"urlTemplate\":\"https:\/\/noticiasya.com\/?s={search_term_string}\"},\"query-input\":{\"@type\":\"PropertyValueSpecification\",\"valueRequired\":true,\"valueName\":\"search_term_string\"}}],\"inLanguage\":\"es\"},{\"@type\":\"Organization\",\"@id\":\"https:\/\/noticiasya.com\/#organization\",\"name\":\"Noticias\",\"url\":\"https:\/\/noticiasya.com\/\",\"logo\":{\"@type\":\"ImageObject\",\"inLanguage\":\"es\",\"@id\":\"https:\/\/noticiasya.com\/#\/schema\/logo\/image\/\",\"url\":\"https:\/\/noticiasya.com\/wp-content\/uploads\/sites\/22\/2023\/12\/logo-nacional.png\",\"contentUrl\":\"https:\/\/noticiasya.com\/wp-content\/uploads\/sites\/22\/2023\/12\/logo-nacional.png\",\"width\":1801,\"height\":691,\"caption\":\"Noticias\"},\"image\":{\"@id\":\"https:\/\/noticiasya.com\/#\/schema\/logo\/image\/\"}}]}<\/script>\n<!-- \/ Yoast SEO plugin. -->","yoast_head_json":{"title":"\u00bfQui\u00e9n es Kamala Harris, aspirante a convertirse en la primera mujer presidenta de EE.UU.? - Noticias","robots":{"index":"index","follow":"follow","max-snippet":"max-snippet:-1","max-image-preview":"max-image-preview:large","max-video-preview":"max-video-preview:-1"},"canonical":"https:\/\/noticiasya.com\/2024\/11\/04\/kamala-harris-quien-es-perfil-trax\/","og_locale":"es_ES","og_type":"article","og_title":"\u00bfQui\u00e9n es Kamala Harris, aspirante a convertirse en la primera mujer presidenta de EE.UU.? - Noticias","og_description":"(CNN) &#8212; Cuando el presidente Joe Biden decidi\u00f3 terminar su aspiraci\u00f3n a la reelecci\u00f3n y respaldar a la vicepresidenta Kamala Harris para reemplazarlo en la campa\u00f1a, trastoc\u00f3 la carrera presidencial y puso un renovado foco de atenci\u00f3n sobre Harris. Su trayectoria profesional, de fiscal a pol\u00edtica, ha estado marcada por muchos hitos: fue la primera [&hellip;]","og_url":"https:\/\/noticiasya.com\/2024\/11\/04\/kamala-harris-quien-es-perfil-trax\/","og_site_name":"Noticias","article_published_time":"2024-11-04T20:03:38+00:00","twitter_card":"summary_large_image","twitter_misc":{"Est. reading time":"6 minutos"},"schema":{"@context":"https:\/\/schema.org","@graph":[{"@type":"Article","@id":"https:\/\/noticiasya.com\/2024\/11\/04\/kamala-harris-quien-es-perfil-trax\/#article","isPartOf":{"@id":"https:\/\/noticiasya.com\/2024\/11\/04\/kamala-harris-quien-es-perfil-trax\/"},"author":{"name":"","@id":""},"headline":"\u00bfQui\u00e9n es Kamala Harris, aspirante a convertirse en la primera mujer presidenta de EE.UU.?","datePublished":"2024-11-04T20:03:38+00:00","mainEntityOfPage":{"@id":"https:\/\/noticiasya.com\/2024\/11\/04\/kamala-harris-quien-es-perfil-trax\/"},"wordCount":1266,"commentCount":0,"publisher":{"@id":"https:\/\/noticiasya.com\/#organization"},"articleSection":["Noticias Nacionales"],"inLanguage":"es","potentialAction":[{"@type":"CommentAction","name":"Comment","target":["https:\/\/noticiasya.com\/2024\/11\/04\/kamala-harris-quien-es-perfil-trax\/#respond"]}]},{"@type":"WebPage","@id":"https:\/\/noticiasya.com\/2024\/11\/04\/kamala-harris-quien-es-perfil-trax\/","url":"https:\/\/noticiasya.com\/2024\/11\/04\/kamala-harris-quien-es-perfil-trax\/","name":"\u00bfQui\u00e9n es Kamala Harris, aspirante a convertirse en la primera mujer presidenta de EE.UU.? - Noticias","isPartOf":{"@id":"https:\/\/noticiasya.com\/#website"},"datePublished":"2024-11-04T20:03:38+00:00","breadcrumb":{"@id":"https:\/\/noticiasya.com\/2024\/11\/04\/kamala-harris-quien-es-perfil-trax\/#breadcrumb"},"inLanguage":"es","potentialAction":[{"@type":"ReadAction","target":["https:\/\/noticiasya.com\/2024\/11\/04\/kamala-harris-quien-es-perfil-trax\/"]}]},{"@type":"BreadcrumbList","@id":"https:\/\/noticiasya.com\/2024\/11\/04\/kamala-harris-quien-es-perfil-trax\/#breadcrumb","itemListElement":[{"@type":"ListItem","position":1,"name":"Home","item":"https:\/\/noticiasya.com\/"},{"@type":"ListItem","position":2,"name":"\u00bfQui\u00e9n es Kamala Harris, aspirante a convertirse en la primera mujer presidenta de EE.UU.?"}]},{"@type":"WebSite","@id":"https:\/\/noticiasya.com\/#website","url":"https:\/\/noticiasya.com\/","name":"Noticias","description":"Lo que importa","publisher":{"@id":"https:\/\/noticiasya.com\/#organization"},"potentialAction":[{"@type":"SearchAction","target":{"@type":"EntryPoint","urlTemplate":"https:\/\/noticiasya.com\/?s={search_term_string}"},"query-input":{"@type":"PropertyValueSpecification","valueRequired":true,"valueName":"search_term_string"}}],"inLanguage":"es"},{"@type":"Organization","@id":"https:\/\/noticiasya.com\/#organization","name":"Noticias","url":"https:\/\/noticiasya.com\/","logo":{"@type":"ImageObject","inLanguage":"es","@id":"https:\/\/noticiasya.com\/#\/schema\/logo\/image\/","url":"https:\/\/noticiasya.com\/wp-content\/uploads\/sites\/22\/2023\/12\/logo-nacional.png","contentUrl":"https:\/\/noticiasya.com\/wp-content\/uploads\/sites\/22\/2023\/12\/logo-nacional.png","width":1801,"height":691,"caption":"Noticias"},"image":{"@id":"https:\/\/noticiasya.com\/#\/schema\/logo\/image\/"}}]}},"parsely":{"version":"1.1.0","canonical_url":"https:\/\/noticiasya.com\/midland-odessa\/2024\/11\/04\/kamala-harris-quien-es-perfil-trax\/","smart_links":{"inbound":0,"outbound":0},"traffic_boost_suggestions_count":0,"meta":{"@context":"https:\/\/schema.org","@type":"NewsArticle","headline":"\u00bfQui\u00e9n es Kamala Harris, aspirante a convertirse en la primera mujer presidenta de EE.UU.?","url":"http:\/\/noticiasya.com\/midland-odessa\/2024\/11\/04\/kamala-harris-quien-es-perfil-trax\/","mainEntityOfPage":{"@type":"WebPage","@id":"http:\/\/noticiasya.com\/midland-odessa\/2024\/11\/04\/kamala-harris-quien-es-perfil-trax\/"},"thumbnailUrl":"","image":{"@type":"ImageObject","url":""},"articleSection":"Noticias Nacionales","author":[],"creator":[],"publisher":{"@type":"Organization","name":"Noticias","logo":""},"keywords":[],"dateCreated":"2024-11-04T20:03:38Z","datePublished":"2024-11-04T20:03:38Z","dateModified":"2024-11-04T20:03:38Z"},"rendered":"<script type=\"application\/ld+json\" class=\"wp-parsely-metadata\">{\"@context\":\"https:\\\/\\\/schema.org\",\"@type\":\"NewsArticle\",\"headline\":\"\\u00bfQui\\u00e9n es Kamala Harris, aspirante a convertirse en la primera mujer presidenta de EE.UU.?\",\"url\":\"http:\\\/\\\/noticiasya.com\\\/midland-odessa\\\/2024\\\/11\\\/04\\\/kamala-harris-quien-es-perfil-trax\\\/\",\"mainEntityOfPage\":{\"@type\":\"WebPage\",\"@id\":\"http:\\\/\\\/noticiasya.com\\\/midland-odessa\\\/2024\\\/11\\\/04\\\/kamala-harris-quien-es-perfil-trax\\\/\"},\"thumbnailUrl\":\"\",\"image\":{\"@type\":\"ImageObject\",\"url\":\"\"},\"articleSection\":\"Noticias Nacionales\",\"author\":[],\"creator\":[],\"publisher\":{\"@type\":\"Organization\",\"name\":\"Noticias\",\"logo\":\"\"},\"keywords\":[],\"dateCreated\":\"2024-11-04T20:03:38Z\",\"datePublished\":\"2024-11-04T20:03:38Z\",\"dateModified\":\"2024-11-04T20:03:38Z\"}<\/script>","tracker_url":"https:\/\/cdn.parsely.com\/keys\/noticiasya.com\/p.js"},"jetpack_featured_media_url":"","jetpack-related-posts":[{"id":1451354,"url":"https:\/\/noticiasya.com\/midland-odessa\/2024\/07\/23\/beyonce-autoriza-kamala-harris-utilizar-cancion-freedom-campana-presidencial-trax\/","url_meta":{"origin":1455550,"position":0},"title":"Exclusiva: Beyonc\u00e9 autoriza a Kamala Harris a utilizar su canci\u00f3n &#8216;Freedom&#8217; para su campa\u00f1a presidencial","author":"","date":"julio 23, 2024","format":false,"excerpt":"(CNN) -- La vicepresidenta Kamala Harris hizo una gran entrada durante su primera visita oficial a su sede de campa\u00f1a este lunes por la noche, saliendo al ritmo de la canci\u00f3n \"Freedom\" de Beyonc\u00e9.Una fuente cercana a Harris le dijo a CNN que su equipo obtuvo la aprobaci\u00f3n de los\u2026","rel":"","context":"In &quot;Noticias Nacionales&quot;","block_context":{"text":"Noticias Nacionales","link":"https:\/\/noticiasya.com\/midland-odessa\/categoria\/noticias-nacionales"},"img":{"alt_text":"","src":"","width":0,"height":0},"classes":[]},{"id":1451569,"url":"https:\/\/noticiasya.com\/midland-odessa\/2024\/08\/02\/kamala-harris-votos-candidatura-presidencial-democrata-trax\/","url_meta":{"origin":1455550,"position":1},"title":"Kamala Harris obtuvo suficientes votos para ganar la candidatura presidencial dem\u00f3crata, anuncia el presidente del partido","author":"","date":"agosto 2, 2024","format":false,"excerpt":"(CNN) -- La vicepresidenta Kamala Harris obtuvo suficientes votos de los delegados dem\u00f3cratas para ganar la candidatura del partido a la presidencia, anunci\u00f3 el viernes el presidente de la Comisi\u00f3n Nacional Dem\u00f3crata, Jaime Harrison.Harris se convertir\u00e1 en la primera mujer negra y la primera estadounidense de origen asi\u00e1tico en encabezar\u2026","rel":"","context":"In &quot;Noticias Nacionales&quot;","block_context":{"text":"Noticias Nacionales","link":"https:\/\/noticiasya.com\/midland-odessa\/categoria\/noticias-nacionales"},"img":{"alt_text":"","src":"","width":0,"height":0},"classes":[]},{"id":1451316,"url":"https:\/\/noticiasya.com\/midland-odessa\/2024\/07\/22\/5-cosas-22-julio-retiro-biden-candidatura-orix\/","url_meta":{"origin":1455550,"position":2},"title":"Las 5 cosas que debes saber este 22 de julio: \u00bfPor qu\u00e9 se retir\u00f3 Biden?","author":"","date":"julio 22, 2024","format":false,"excerpt":"\u00bfQu\u00e9 pasar\u00e1 con las elecciones de EE.UU. y la candidatura dem\u00f3crata tras el retiro de Biden de la contienda? Trump reacciona al retiro de Biden de la reelecci\u00f3n presidencial. Esto es lo que debes saber para comenzar el d\u00eda. Primero la verdad.Suscr\u00edbete aqu\u00ed para recibir el newsletter cada ma\u00f1ana en\u2026","rel":"","context":"In &quot;Noticias Nacionales&quot;","block_context":{"text":"Noticias Nacionales","link":"https:\/\/noticiasya.com\/midland-odessa\/categoria\/noticias-nacionales"},"img":{"alt_text":"","src":"","width":0,"height":0},"classes":[]},{"id":1451350,"url":"https:\/\/noticiasya.com\/midland-odessa\/2024\/07\/22\/harris-apoyos-delegados-nominacion-presidencial-democrata-trax\/","url_meta":{"origin":1455550,"position":3},"title":"Harris consigue suficientes apoyos de delegados para ganar la nominaci\u00f3n presidencial dem\u00f3crata","author":"","date":"julio 22, 2024","format":false,"excerpt":"(CNN) -- Kamala Harris cuenta con el apoyo de suficientes delegados dem\u00f3cratas para ganar la nominaci\u00f3n del partido a la presidencia, seg\u00fan la estimaci\u00f3n de delegados de la CNN.Mientras siguen llegando los apoyos de los delegados, la vicepresidenta cuenta ya con el respaldo de m\u00e1s de los 1.976 delegados comprometidos\u2026","rel":"","context":"In &quot;Noticias Nacionales&quot;","block_context":{"text":"Noticias Nacionales","link":"https:\/\/noticiasya.com\/midland-odessa\/categoria\/noticias-nacionales"},"img":{"alt_text":"","src":"","width":0,"height":0},"classes":[]},{"id":1451617,"url":"https:\/\/noticiasya.com\/midland-odessa\/2024\/08\/05\/kamala-harris-gana-la-nominacion-democrata-a-la-presidencia-trax\/","url_meta":{"origin":1455550,"position":4},"title":"Kamala Harris gana la nominaci\u00f3n dem\u00f3crata a la presidencia","author":"","date":"agosto 5, 2024","format":false,"excerpt":"(CNN) -- La vicepresidenta Kamala Harris\u00a0gan\u00f3 la nominaci\u00f3n presidencial dem\u00f3crata, anunci\u00f3 el partido este lunes, lo que la convierte en la primera mujer negra y la primera estadounidense de origen asi\u00e1tico en encabezar una candidatura de un gran partido.El anuncio se produjo despu\u00e9s de que el plazo para que los\u2026","rel":"","context":"In &quot;Noticias Nacionales&quot;","block_context":{"text":"Noticias Nacionales","link":"https:\/\/noticiasya.com\/midland-odessa\/categoria\/noticias-nacionales"},"img":{"alt_text":"","src":"","width":0,"height":0},"classes":[]},{"id":1451621,"url":"https:\/\/noticiasya.com\/midland-odessa\/2024\/08\/06\/kamala-harris-gana-la-candidatura-democrata-a-la-presidencia-trax\/","url_meta":{"origin":1455550,"position":5},"title":"Kamala Harris gana la candidatura dem\u00f3crata a la presidencia","author":"","date":"agosto 6, 2024","format":false,"excerpt":"(CNN) -- La vicepresidenta Kamala Harris gan\u00f3 la candidatura presidencial dem\u00f3crata, anunci\u00f3 el partido este lunes, lo que la convierte en la primera mujer negra y la primera estadounidense de origen asi\u00e1tico en encabezar una candidatura de un gran partido.El anuncio se produjo despu\u00e9s de que el plazo para que\u2026","rel":"","context":"In &quot;Noticias Nacionales&quot;","block_context":{"text":"Noticias Nacionales","link":"https:\/\/noticiasya.com\/midland-odessa\/categoria\/noticias-nacionales"},"img":{"alt_text":"","src":"","width":0,"height":0},"classes":[]}],"jetpack_sharing_enabled":true,"_links":{"self":[{"href":"https:\/\/noticiasya.com\/midland-odessa\/wp-json\/wp\/v2\/posts\/1455550","targetHints":{"allow":["GET"]}}],"collection":[{"href":"https:\/\/noticiasya.com\/midland-odessa\/wp-json\/wp\/v2\/posts"}],"about":[{"href":"https:\/\/noticiasya.com\/midland-odessa\/wp-json\/wp\/v2\/types\/post"}],"replies":[{"embeddable":true,"href":"https:\/\/noticiasya.com\/midland-odessa\/wp-json\/wp\/v2\/comments?post=1455550"}],"version-history":[{"count":0,"href":"https:\/\/noticiasya.com\/midland-odessa\/wp-json\/wp\/v2\/posts\/1455550\/revisions"}],"wp:attachment":[{"href":"https:\/\/noticiasya.com\/midland-odessa\/wp-json\/wp\/v2\/media?parent=1455550"}],"wp:term":[{"taxonomy":"category","embeddable":true,"href":"https:\/\/noticiasya.com\/midland-odessa\/wp-json\/wp\/v2\/categories?post=1455550"},{"taxonomy":"post_tag","embeddable":true,"href":"https:\/\/noticiasya.com\/midland-odessa\/wp-json\/wp\/v2\/tags?post=1455550"}],"curies":[{"name":"wp","href":"https:\/\/api.w.org\/{rel}","templated":true}]}}